{"id":10087,"date":"2014-01-10T05:17:03","date_gmt":"2014-01-10T09:47:03","guid":{"rendered":"https:\/\/seryhumano.com\/web\/?p=10087"},"modified":"2016-10-31T18:17:25","modified_gmt":"2016-10-31T22:47:25","slug":"samsung-galaxy-tab-pro-y-notepro","status":"publish","type":"post","link":"https:\/\/seryhumano.com\/web\/?p=10087","title":{"rendered":"Samsung Galaxy TAB Pro y NotePro"},"content":{"rendered":"<p><img decoding=\"async\" class=\"alignnone wp-image-10104 aligncenter\" src=\"https:\/\/seryhumano.com\/web\/wp-content\/uploads\/2014\/01\/samsung-galaxy-note-pro-tab-pro-g2-1.jpg\" alt=\"samsung-galaxy-note-pro-tab-pro-g2-1\" width=\"80%\" srcset=\"https:\/\/seryhumano.com\/web\/wp-content\/uploads\/2014\/01\/samsung-galaxy-note-pro-tab-pro-g2-1.jpg 901w, https:\/\/seryhumano.com\/web\/wp-content\/uploads\/2014\/01\/samsung-galaxy-note-pro-tab-pro-g2-1-300x199.jpg 300w\" sizes=\"(max-width: 901px) 100vw, 901px\" \/><\/p>\n<p>Aunque el CES no es una feria exclusivamente de tel\u00e9fonos y dispositivos m\u00f3viles, fabricantes como Samsung han aprovechado la coyuntura para desvelar algunos de sus nuevos productos en este \u00e1mbito. As\u00ed, la firma surcoreana anunci\u00f3 nuevas tabletas Galaxy <b>TabPro y NotePro<\/b>, versiones de las Tab y Note que se despegan del aspecto tradicional de \u00abapps\u00bb para acercarse al estilo Windows 8 y\u00a0que crecen hasta las 12,2 pulgadas,\u00a0aunque est\u00e1n disponible desde 8,4 pulgadas.<\/p>\n<p style=\"text-align: center;\"><a href=\"https:\/\/seryhumano.com\/web\/samsung-galaxy-tab-pro-y-notepro\/notepro-122_01-805x512-2\/\" rel=\"attachment wp-att-10103\"><img decoding=\"async\" class=\"alignnone wp-image-10103 aligncenter\" src=\"https:\/\/seryhumano.com\/web\/wp-content\/uploads\/2014\/01\/notepro-122_01-805x5121.jpg\" alt=\"notepro-122_01-805x512\" width=\"80%\" srcset=\"https:\/\/seryhumano.com\/web\/wp-content\/uploads\/2014\/01\/notepro-122_01-805x5121.jpg 805w, https:\/\/seryhumano.com\/web\/wp-content\/uploads\/2014\/01\/notepro-122_01-805x5121-300x190.jpg 300w\" sizes=\"(max-width: 805px) 100vw, 805px\" \/><\/a><\/p>\n<p>En concreto, la tableta Galaxy NotePro dispone de una pantalla de 12,2 pulgadas, mientras que el dispositivo Galaxy TabPro se encuentra disponible en tres versiones distintas de 12,2, 10,1 y 8,4 pulgadas, respectivamente.<\/p>\n<p>La TabPro de 12,2 pulgadas con Wifi en la versi\u00f3n de 32 Gb costar\u00e1 unos 649 euros, mientras que el modelo superior (4G con 64 Gb) unos 849 euros.<\/p>\n<p>seryhumano.com<\/p>\n<p>Fuente: abc.es<\/p>\n","protected":false},"excerpt":{"rendered":"<p>Aunque el CES no es una feria exclusivamente de tel\u00e9fonos y dispositivos m\u00f3viles, fabricantes como Samsung han aprovechado la coyuntura para desvelar algunos de sus nuevos productos en este \u00e1mbito. As\u00ed, la firma surcoreana anunci\u00f3 nuevas tabletas Galaxy TabPro y NotePro, versiones de las Tab y Note que se despegan del aspecto tradicional de \u00abapps\u00bb&hellip;<\/p>\n","protected":false},"author":2,"featured_media":10105,"comment_status":"closed","ping_status":"closed","sticky":false,"template":"","format":"standard","meta":{"footnotes":""},"categories":[121],"tags":[111],"class_list":["post-10087","post","type-post","status-publish","format-standard","has-post-thumbnail","hentry","category-ser-tecnologico","tag-slider","category-121","description-off"],"yoast_head":"<!-- This site is optimized with the Yoast SEO plugin v25.4 - https:\/\/yoast.com\/wordpress\/plugins\/seo\/ -->\n<title>Samsung Galaxy TAB Pro y NotePro<\/title>\n<meta name=\"description\" content=\"Aunque el CES no es una feria exclusivamente de tel\u00e9fonos y dispositivos m\u00f3viles, fabricantes como Samsung han aprovechado la coyuntura para desvelar algunos de sus nuevos productos en este \u00e1mbito. As\u00ed, la firma surcoreana anunci\u00f3 nuevas tabletas Galaxy TabPro y NotePro, versiones de las Tab y Note que se despegan del aspecto tradicional de \u00abapps\u00bb para acercarse al estilo Windows 8 y que crecen hasta las 12,2 pulgadas, aunque est\u00e1n disponible desde 8,4 pulgadas.\" \/>\n<meta name=\"robots\" content=\"index, follow, max-snippet:-1, max-image-preview:large, max-video-preview:-1\" \/>\n<link rel=\"canonical\" href=\"https:\/\/seryhumano.com\/web\/?p=10087\" \/>\n<meta property=\"og:locale\" content=\"es_ES\" \/>\n<meta property=\"og:type\" content=\"article\" \/>\n<meta property=\"og:title\" content=\"Samsung Galaxy TAB Pro y NotePro\" \/>\n<meta property=\"og:description\" content=\"Aunque el CES no es una feria exclusivamente de tel\u00e9fonos y dispositivos m\u00f3viles, fabricantes como Samsung han aprovechado la coyuntura para desvelar algunos de sus nuevos productos en este \u00e1mbito. As\u00ed, la firma surcoreana anunci\u00f3 nuevas tabletas Galaxy TabPro y NotePro, versiones de las Tab y Note que se despegan del aspecto tradicional de \u00abapps\u00bb para acercarse al estilo Windows 8 y que crecen hasta las 12,2 pulgadas, aunque est\u00e1n disponible desde 8,4 pulgadas.\" \/>\n<meta property=\"og:url\" content=\"https:\/\/seryhumano.com\/web\/?p=10087\" \/>\n<meta property=\"og:site_name\" content=\"SeryHumano.com\" \/>\n<meta property=\"article:publisher\" content=\"https:\/\/www.facebook.com\/seryhumano\/\" \/>\n<meta property=\"article:published_time\" content=\"2014-01-10T09:47:03+00:00\" \/>\n<meta property=\"article:modified_time\" content=\"2016-10-31T22:47:25+00:00\" \/>\n<meta property=\"og:image\" content=\"https:\/\/seryhumano.com\/web\/wp-content\/uploads\/2014\/01\/note.png\" \/>\n\t<meta property=\"og:image:width\" content=\"910\" \/>\n\t<meta property=\"og:image:height\" content=\"207\" \/>\n\t<meta property=\"og:image:type\" content=\"image\/png\" \/>\n<meta name=\"author\" content=\"@herrera_yosmar\" \/>\n<meta name=\"twitter:card\" content=\"summary_large_image\" \/>\n<meta name=\"twitter:creator\" content=\"@SeryHumano\" \/>\n<meta name=\"twitter:site\" content=\"@SeryHumano\" \/>\n<meta name=\"twitter:label1\" content=\"Escrito por\" \/>\n\t<meta name=\"twitter:data1\" content=\"@herrera_yosmar\" \/>\n\t<meta name=\"twitter:label2\" content=\"Tiempo de lectura\" \/>\n\t<meta name=\"twitter:data2\" content=\"1 minuto\" \/>\n<script type=\"application\/ld+json\" class=\"yoast-schema-graph\">{\"@context\":\"https:\/\/schema.org\",\"@graph\":[{\"@type\":\"Article\",\"@id\":\"https:\/\/seryhumano.com\/web\/?p=10087#article\",\"isPartOf\":{\"@id\":\"https:\/\/seryhumano.com\/web\/?p=10087\"},\"author\":{\"name\":\"@herrera_yosmar\",\"@id\":\"https:\/\/seryhumano.com\/web\/#\/schema\/person\/fd30e8e0b394a62344b44d9b0fe75795\"},\"headline\":\"Samsung Galaxy TAB Pro y NotePro\",\"datePublished\":\"2014-01-10T09:47:03+00:00\",\"dateModified\":\"2016-10-31T22:47:25+00:00\",\"mainEntityOfPage\":{\"@id\":\"https:\/\/seryhumano.com\/web\/?p=10087\"},\"wordCount\":139,\"publisher\":{\"@id\":\"https:\/\/seryhumano.com\/web\/#organization\"},\"image\":{\"@id\":\"https:\/\/seryhumano.com\/web\/?p=10087#primaryimage\"},\"thumbnailUrl\":\"https:\/\/seryhumano.com\/web\/wp-content\/uploads\/2014\/01\/note.png\",\"keywords\":[\"Slider\"],\"articleSection\":[\"Ser Tecnol\u00f3gico\"],\"inLanguage\":\"es\"},{\"@type\":\"WebPage\",\"@id\":\"https:\/\/seryhumano.com\/web\/?p=10087\",\"url\":\"https:\/\/seryhumano.com\/web\/?p=10087\",\"name\":\"Samsung Galaxy TAB Pro y NotePro\",\"isPartOf\":{\"@id\":\"https:\/\/seryhumano.com\/web\/#website\"},\"primaryImageOfPage\":{\"@id\":\"https:\/\/seryhumano.com\/web\/?p=10087#primaryimage\"},\"image\":{\"@id\":\"https:\/\/seryhumano.com\/web\/?p=10087#primaryimage\"},\"thumbnailUrl\":\"https:\/\/seryhumano.com\/web\/wp-content\/uploads\/2014\/01\/note.png\",\"datePublished\":\"2014-01-10T09:47:03+00:00\",\"dateModified\":\"2016-10-31T22:47:25+00:00\",\"description\":\"Aunque el CES no es una feria exclusivamente de tel\u00e9fonos y dispositivos m\u00f3viles, fabricantes como Samsung han aprovechado la coyuntura para desvelar algunos de sus nuevos productos en este \u00e1mbito. As\u00ed, la firma surcoreana anunci\u00f3 nuevas tabletas Galaxy TabPro y NotePro, versiones de las Tab y Note que se despegan del aspecto tradicional de \u00abapps\u00bb para acercarse al estilo Windows 8 y que crecen hasta las 12,2 pulgadas, aunque est\u00e1n disponible desde 8,4 pulgadas.\",\"breadcrumb\":{\"@id\":\"https:\/\/seryhumano.com\/web\/?p=10087#breadcrumb\"},\"inLanguage\":\"es\",\"potentialAction\":[{\"@type\":\"ReadAction\",\"target\":[\"https:\/\/seryhumano.com\/web\/?p=10087\"]}]},{\"@type\":\"ImageObject\",\"inLanguage\":\"es\",\"@id\":\"https:\/\/seryhumano.com\/web\/?p=10087#primaryimage\",\"url\":\"https:\/\/seryhumano.com\/web\/wp-content\/uploads\/2014\/01\/note.png\",\"contentUrl\":\"https:\/\/seryhumano.com\/web\/wp-content\/uploads\/2014\/01\/note.png\",\"width\":910,\"height\":207},{\"@type\":\"BreadcrumbList\",\"@id\":\"https:\/\/seryhumano.com\/web\/?p=10087#breadcrumb\",\"itemListElement\":[{\"@type\":\"ListItem\",\"position\":1,\"name\":\"Portada\",\"item\":\"https:\/\/seryhumano.com\/web\/\"},{\"@type\":\"ListItem\",\"position\":2,\"name\":\"Samsung Galaxy TAB Pro y NotePro\"}]},{\"@type\":\"WebSite\",\"@id\":\"https:\/\/seryhumano.com\/web\/#website\",\"url\":\"https:\/\/seryhumano.com\/web\/\",\"name\":\"SeryHumano.com\",\"description\":\"Revista digital muy humana, donde lo mas importante es el Ser...\",\"publisher\":{\"@id\":\"https:\/\/seryhumano.com\/web\/#organization\"},\"potentialAction\":[{\"@type\":\"SearchAction\",\"target\":{\"@type\":\"EntryPoint\",\"urlTemplate\":\"https:\/\/seryhumano.com\/web\/?s={search_term_string}\"},\"query-input\":{\"@type\":\"PropertyValueSpecification\",\"valueRequired\":true,\"valueName\":\"search_term_string\"}}],\"inLanguage\":\"es\"},{\"@type\":\"Organization\",\"@id\":\"https:\/\/seryhumano.com\/web\/#organization\",\"name\":\"SeryHumano.com\",\"url\":\"https:\/\/seryhumano.com\/web\/\",\"logo\":{\"@type\":\"ImageObject\",\"inLanguage\":\"es\",\"@id\":\"https:\/\/seryhumano.com\/web\/#\/schema\/logo\/image\/\",\"url\":\"https:\/\/seryhumano.com\/web\/wp-content\/uploads\/2020\/02\/JNe5VRwH_400x400-2.jpg\",\"contentUrl\":\"https:\/\/seryhumano.com\/web\/wp-content\/uploads\/2020\/02\/JNe5VRwH_400x400-2.jpg\",\"width\":400,\"height\":400,\"caption\":\"SeryHumano.com\"},\"image\":{\"@id\":\"https:\/\/seryhumano.com\/web\/#\/schema\/logo\/image\/\"},\"sameAs\":[\"https:\/\/www.facebook.com\/seryhumano\/\",\"https:\/\/x.com\/SeryHumano\",\"https:\/\/www.instagram.com\/seryhumano\/\",\"https:\/\/www.linkedin.com\/company\/seryhumano-com\/\",\"https:\/\/www.youtube.com\/channel\/UCYfgIGSxygVnJAW0e9ZBZWg\"]},{\"@type\":\"Person\",\"@id\":\"https:\/\/seryhumano.com\/web\/#\/schema\/person\/fd30e8e0b394a62344b44d9b0fe75795\",\"name\":\"@herrera_yosmar\",\"description\":\"Eterna enamorada de la vida, comunicadora, mam\u00e1 de tres\",\"sameAs\":[\"http:\/\/seryhumano.com\"],\"url\":\"https:\/\/seryhumano.com\/web\/?author=2\"}]}<\/script>\n<!-- \/ Yoast SEO plugin. -->","yoast_head_json":{"title":"Samsung Galaxy TAB Pro y NotePro","description":"Aunque el CES no es una feria exclusivamente de tel\u00e9fonos y dispositivos m\u00f3viles, fabricantes como Samsung han aprovechado la coyuntura para desvelar algunos de sus nuevos productos en este \u00e1mbito. As\u00ed, la firma surcoreana anunci\u00f3 nuevas tabletas Galaxy TabPro y NotePro, versiones de las Tab y Note que se despegan del aspecto tradicional de \u00abapps\u00bb para acercarse al estilo Windows 8 y que crecen hasta las 12,2 pulgadas, aunque est\u00e1n disponible desde 8,4 pulgadas.","robots":{"index":"index","follow":"follow","max-snippet":"max-snippet:-1","max-image-preview":"max-image-preview:large","max-video-preview":"max-video-preview:-1"},"canonical":"https:\/\/seryhumano.com\/web\/?p=10087","og_locale":"es_ES","og_type":"article","og_title":"Samsung Galaxy TAB Pro y NotePro","og_description":"Aunque el CES no es una feria exclusivamente de tel\u00e9fonos y dispositivos m\u00f3viles, fabricantes como Samsung han aprovechado la coyuntura para desvelar algunos de sus nuevos productos en este \u00e1mbito. As\u00ed, la firma surcoreana anunci\u00f3 nuevas tabletas Galaxy TabPro y NotePro, versiones de las Tab y Note que se despegan del aspecto tradicional de \u00abapps\u00bb para acercarse al estilo Windows 8 y que crecen hasta las 12,2 pulgadas, aunque est\u00e1n disponible desde 8,4 pulgadas.","og_url":"https:\/\/seryhumano.com\/web\/?p=10087","og_site_name":"SeryHumano.com","article_publisher":"https:\/\/www.facebook.com\/seryhumano\/","article_published_time":"2014-01-10T09:47:03+00:00","article_modified_time":"2016-10-31T22:47:25+00:00","og_image":[{"width":910,"height":207,"url":"https:\/\/seryhumano.com\/web\/wp-content\/uploads\/2014\/01\/note.png","type":"image\/png"}],"author":"@herrera_yosmar","twitter_card":"summary_large_image","twitter_creator":"@SeryHumano","twitter_site":"@SeryHumano","twitter_misc":{"Escrito por":"@herrera_yosmar","Tiempo de lectura":"1 minuto"},"schema":{"@context":"https:\/\/schema.org","@graph":[{"@type":"Article","@id":"https:\/\/seryhumano.com\/web\/?p=10087#article","isPartOf":{"@id":"https:\/\/seryhumano.com\/web\/?p=10087"},"author":{"name":"@herrera_yosmar","@id":"https:\/\/seryhumano.com\/web\/#\/schema\/person\/fd30e8e0b394a62344b44d9b0fe75795"},"headline":"Samsung Galaxy TAB Pro y NotePro","datePublished":"2014-01-10T09:47:03+00:00","dateModified":"2016-10-31T22:47:25+00:00","mainEntityOfPage":{"@id":"https:\/\/seryhumano.com\/web\/?p=10087"},"wordCount":139,"publisher":{"@id":"https:\/\/seryhumano.com\/web\/#organization"},"image":{"@id":"https:\/\/seryhumano.com\/web\/?p=10087#primaryimage"},"thumbnailUrl":"https:\/\/seryhumano.com\/web\/wp-content\/uploads\/2014\/01\/note.png","keywords":["Slider"],"articleSection":["Ser Tecnol\u00f3gico"],"inLanguage":"es"},{"@type":"WebPage","@id":"https:\/\/seryhumano.com\/web\/?p=10087","url":"https:\/\/seryhumano.com\/web\/?p=10087","name":"Samsung Galaxy TAB Pro y NotePro","isPartOf":{"@id":"https:\/\/seryhumano.com\/web\/#website"},"primaryImageOfPage":{"@id":"https:\/\/seryhumano.com\/web\/?p=10087#primaryimage"},"image":{"@id":"https:\/\/seryhumano.com\/web\/?p=10087#primaryimage"},"thumbnailUrl":"https:\/\/seryhumano.com\/web\/wp-content\/uploads\/2014\/01\/note.png","datePublished":"2014-01-10T09:47:03+00:00","dateModified":"2016-10-31T22:47:25+00:00","description":"Aunque el CES no es una feria exclusivamente de tel\u00e9fonos y dispositivos m\u00f3viles, fabricantes como Samsung han aprovechado la coyuntura para desvelar algunos de sus nuevos productos en este \u00e1mbito. As\u00ed, la firma surcoreana anunci\u00f3 nuevas tabletas Galaxy TabPro y NotePro, versiones de las Tab y Note que se despegan del aspecto tradicional de \u00abapps\u00bb para acercarse al estilo Windows 8 y que crecen hasta las 12,2 pulgadas, aunque est\u00e1n disponible desde 8,4 pulgadas.","breadcrumb":{"@id":"https:\/\/seryhumano.com\/web\/?p=10087#breadcrumb"},"inLanguage":"es","potentialAction":[{"@type":"ReadAction","target":["https:\/\/seryhumano.com\/web\/?p=10087"]}]},{"@type":"ImageObject","inLanguage":"es","@id":"https:\/\/seryhumano.com\/web\/?p=10087#primaryimage","url":"https:\/\/seryhumano.com\/web\/wp-content\/uploads\/2014\/01\/note.png","contentUrl":"https:\/\/seryhumano.com\/web\/wp-content\/uploads\/2014\/01\/note.png","width":910,"height":207},{"@type":"BreadcrumbList","@id":"https:\/\/seryhumano.com\/web\/?p=10087#breadcrumb","itemListElement":[{"@type":"ListItem","position":1,"name":"Portada","item":"https:\/\/seryhumano.com\/web\/"},{"@type":"ListItem","position":2,"name":"Samsung Galaxy TAB Pro y NotePro"}]},{"@type":"WebSite","@id":"https:\/\/seryhumano.com\/web\/#website","url":"https:\/\/seryhumano.com\/web\/","name":"SeryHumano.com","description":"Revista digital muy humana, donde lo mas importante es el Ser...","publisher":{"@id":"https:\/\/seryhumano.com\/web\/#organization"},"potentialAction":[{"@type":"SearchAction","target":{"@type":"EntryPoint","urlTemplate":"https:\/\/seryhumano.com\/web\/?s={search_term_string}"},"query-input":{"@type":"PropertyValueSpecification","valueRequired":true,"valueName":"search_term_string"}}],"inLanguage":"es"},{"@type":"Organization","@id":"https:\/\/seryhumano.com\/web\/#organization","name":"SeryHumano.com","url":"https:\/\/seryhumano.com\/web\/","logo":{"@type":"ImageObject","inLanguage":"es","@id":"https:\/\/seryhumano.com\/web\/#\/schema\/logo\/image\/","url":"https:\/\/seryhumano.com\/web\/wp-content\/uploads\/2020\/02\/JNe5VRwH_400x400-2.jpg","contentUrl":"https:\/\/seryhumano.com\/web\/wp-content\/uploads\/2020\/02\/JNe5VRwH_400x400-2.jpg","width":400,"height":400,"caption":"SeryHumano.com"},"image":{"@id":"https:\/\/seryhumano.com\/web\/#\/schema\/logo\/image\/"},"sameAs":["https:\/\/www.facebook.com\/seryhumano\/","https:\/\/x.com\/SeryHumano","https:\/\/www.instagram.com\/seryhumano\/","https:\/\/www.linkedin.com\/company\/seryhumano-com\/","https:\/\/www.youtube.com\/channel\/UCYfgIGSxygVnJAW0e9ZBZWg"]},{"@type":"Person","@id":"https:\/\/seryhumano.com\/web\/#\/schema\/person\/fd30e8e0b394a62344b44d9b0fe75795","name":"@herrera_yosmar","description":"Eterna enamorada de la vida, comunicadora, mam\u00e1 de tres","sameAs":["http:\/\/seryhumano.com"],"url":"https:\/\/seryhumano.com\/web\/?author=2"}]}},"_links":{"self":[{"href":"https:\/\/seryhumano.com\/web\/index.php?rest_route=\/wp\/v2\/posts\/10087","targetHints":{"allow":["GET"]}}],"collection":[{"href":"https:\/\/seryhumano.com\/web\/index.php?rest_route=\/wp\/v2\/posts"}],"about":[{"href":"https:\/\/seryhumano.com\/web\/index.php?rest_route=\/wp\/v2\/types\/post"}],"author":[{"embeddable":true,"href":"https:\/\/seryhumano.com\/web\/index.php?rest_route=\/wp\/v2\/users\/2"}],"replies":[{"embeddable":true,"href":"https:\/\/seryhumano.com\/web\/index.php?rest_route=%2Fwp%2Fv2%2Fcomments&post=10087"}],"version-history":[{"count":0,"href":"https:\/\/seryhumano.com\/web\/index.php?rest_route=\/wp\/v2\/posts\/10087\/revisions"}],"wp:featuredmedia":[{"embeddable":true,"href":"https:\/\/seryhumano.com\/web\/index.php?rest_route=\/wp\/v2\/media\/10105"}],"wp:attachment":[{"href":"https:\/\/seryhumano.com\/web\/index.php?rest_route=%2Fwp%2Fv2%2Fmedia&parent=10087"}],"wp:term":[{"taxonomy":"category","embeddable":true,"href":"https:\/\/seryhumano.com\/web\/index.php?rest_route=%2Fwp%2Fv2%2Fcategories&post=10087"},{"taxonomy":"post_tag","embeddable":true,"href":"https:\/\/seryhumano.com\/web\/index.php?rest_route=%2Fwp%2Fv2%2Ftags&post=10087"}],"curies":[{"name":"wp","href":"https:\/\/api.w.org\/{rel}","templated":true}]}}