{"id":10173,"date":"2014-01-15T14:00:11","date_gmt":"2014-01-15T18:30:11","guid":{"rendered":"https:\/\/seryhumano.com\/web\/?p=10173"},"modified":"2014-01-15T15:24:36","modified_gmt":"2014-01-15T19:54:36","slug":"la-ue-quiere-prohibir-los-plasticos-mas-daninos","status":"publish","type":"post","link":"https:\/\/seryhumano.com\/web\/?p=10173","title":{"rendered":"La UE quiere prohibir los pl\u00e1sticos m\u00e1s da\u00f1inos"},"content":{"rendered":"<p>El pleno del Parlamento Europeo ha reclamado en una resoluci\u00f3n aprobada por mayor\u00eda a mano alzada la prohibici\u00f3n de los pl\u00e1sticos m\u00e1s peligrosos para el medio ambiente en la UE, y reducir dr\u00e1sticamente o abandonar el uso de las bolsas de pl\u00e1stico de uso \u00fanico dentro de la estrategia comunitaria para reducir estos residuos, as\u00ed como la introducci\u00f3n de objetivos vinculantes para el reciclaje del pl\u00e1stico que cubran hasta el 80% de los desechos.<a href=\"https:\/\/seryhumano.com\/web\/?attachment_id=10174\" rel=\"attachment wp-att-10174\"><img loading=\"lazy\" decoding=\"async\" class=\"alignright size-full wp-image-10174\" alt=\"La UE quiere prohibir los pl\u00e1sticos m\u00e1s da\u00f1inos\" src=\"https:\/\/seryhumano.com\/web\/wp-content\/uploads\/2014\/01\/La-UE-quiere-prohibir-los-pl\u00e1sticos-m\u00e1s-da\u00f1inos.jpg\" width=\"299\" height=\"168\" srcset=\"https:\/\/seryhumano.com\/web\/wp-content\/uploads\/2014\/01\/La-UE-quiere-prohibir-los-pl\u00e1sticos-m\u00e1s-da\u00f1inos.jpg 299w, https:\/\/seryhumano.com\/web\/wp-content\/uploads\/2014\/01\/La-UE-quiere-prohibir-los-pl\u00e1sticos-m\u00e1s-da\u00f1inos-265x150.jpg 265w\" sizes=\"auto, (max-width: 299px) 100vw, 299px\" \/><\/a><\/p>\n<p>Los eurodiputados han denunciado el da\u00f1o para el medio ambiente provocado por los residuos pl\u00e1sticos como consecuencia de la aplicaci\u00f3n laxa de la legislaci\u00f3n comunitaria y la inexistencia de leyes a nivel europeo sobre los residuos de pl\u00e1stico y exigen medidas para acabar con las exportaciones y vertidos ilegales de residuos de pl\u00e1sticos. Tambi\u00e9n piden revisar la legislaci\u00f3n actual sobre envases y residuos de envases.<\/p>\n<p>Adem\u00e1s reclaman criterios obligatorios para aclarar las diferencias entre el reciclado mec\u00e1nico y org\u00e1nico, as\u00ed como entre la recuperaci\u00f3n y la incineraci\u00f3n y subrayan la necesidad de armonizar en toda la UE los criterios de recogida, separaci\u00f3n y gesti\u00f3n e instan a la Comisi\u00f3n Europea a presentar ese a\u00f1o propuestas para eliminar de forma gradual la descarga en vertederos de residuos reciclables o recuperable para 2020 y desincentivar la incineraci\u00f3n de estos desechos.<\/p>\n<p><a href=\"https:\/\/seryhumano.com\/web\/?attachment_id=10176\" rel=\"attachment wp-att-10176\"><img loading=\"lazy\" decoding=\"async\" class=\"alignleft size-full wp-image-10176\" alt=\"prohibir los pl\u00e1sticos m\u00e1s da\u00f1inos\" src=\"https:\/\/seryhumano.com\/web\/wp-content\/uploads\/2014\/01\/prohibir-los-pl\u00e1sticos-m\u00e1s-da\u00f1inos.jpg\" width=\"275\" height=\"183\" \/><\/a>Los eurodiputados defienden en todo caso el potencial econ\u00f3mico derivado del reciclaje de pl\u00e1sticos, dado que en la actualidad s\u00f3lo se recicla el 25% y estiman que la plena aplicaci\u00f3n de la legislaci\u00f3n comunitaria de residuos podr\u00eda ahorrar unos 72.000 millones de euros al a\u00f1o, adem\u00e1s de aumentar en 42.000 millones el volumen de negocios de las compa\u00f1\u00edas de gesti\u00f3n de residuos y contribuir a crear m\u00e1s de 400.000 empleos para 2020.<\/p>\n<p>seryhuamno.com<\/p>\n<p>Fuente: ecoticias.com<\/p>\n","protected":false},"excerpt":{"rendered":"<p>El pleno del Parlamento Europeo ha reclamado en una resoluci\u00f3n aprobada por mayor\u00eda a mano alzada la prohibici\u00f3n de los pl\u00e1sticos m\u00e1s peligrosos para el medio ambiente en la UE, y reducir dr\u00e1sticamente o abandonar el uso de las bolsas de pl\u00e1stico de uso \u00fanico dentro de la estrategia comunitaria para reducir estos residuos, as\u00ed&hellip;<\/p>\n","protected":false},"author":2,"featured_media":10184,"comment_status":"closed","ping_status":"closed","sticky":false,"template":"","format":"standard","meta":{"footnotes":""},"categories":[116],"tags":[111],"class_list":["post-10173","post","type-post","status-publish","format-standard","has-post-thumbnail","hentry","category-ser-ecologico","tag-slider","category-116","description-off"],"yoast_head":"<!-- This site is optimized with the Yoast SEO plugin v25.4 - https:\/\/yoast.com\/wordpress\/plugins\/seo\/ -->\n<title>La UE quiere prohibir los pl\u00e1sticos m\u00e1s da\u00f1inos &#187; SeryHumano.com<\/title>\n<meta name=\"robots\" content=\"index, follow, max-snippet:-1, max-image-preview:large, max-video-preview:-1\" \/>\n<link rel=\"canonical\" href=\"https:\/\/seryhumano.com\/web\/?p=10173\" \/>\n<meta property=\"og:locale\" content=\"es_ES\" \/>\n<meta property=\"og:type\" content=\"article\" \/>\n<meta property=\"og:title\" content=\"La UE quiere prohibir los pl\u00e1sticos m\u00e1s da\u00f1inos &#187; SeryHumano.com\" \/>\n<meta property=\"og:description\" content=\"El pleno del Parlamento Europeo ha reclamado en una resoluci\u00f3n aprobada por mayor\u00eda a mano alzada la prohibici\u00f3n de los pl\u00e1sticos m\u00e1s peligrosos para el medio ambiente en la UE, y reducir dr\u00e1sticamente o abandonar el uso de las bolsas de pl\u00e1stico de uso \u00fanico dentro de la estrategia comunitaria para reducir estos residuos, as\u00ed&hellip;\" \/>\n<meta property=\"og:url\" content=\"https:\/\/seryhumano.com\/web\/?p=10173\" \/>\n<meta property=\"og:site_name\" content=\"SeryHumano.com\" \/>\n<meta property=\"article:publisher\" content=\"https:\/\/www.facebook.com\/seryhumano\/\" \/>\n<meta property=\"article:published_time\" content=\"2014-01-15T18:30:11+00:00\" \/>\n<meta property=\"article:modified_time\" content=\"2014-01-15T19:54:36+00:00\" \/>\n<meta property=\"og:image\" content=\"https:\/\/seryhumano.com\/web\/wp-content\/uploads\/2014\/01\/plastic.png\" \/>\n\t<meta property=\"og:image:width\" content=\"910\" \/>\n\t<meta property=\"og:image:height\" content=\"207\" \/>\n\t<meta property=\"og:image:type\" content=\"image\/png\" \/>\n<meta name=\"author\" content=\"@herrera_yosmar\" \/>\n<meta name=\"twitter:card\" content=\"summary_large_image\" \/>\n<meta name=\"twitter:creator\" content=\"@SeryHumano\" \/>\n<meta name=\"twitter:site\" content=\"@SeryHumano\" \/>\n<meta name=\"twitter:label1\" content=\"Escrito por\" \/>\n\t<meta name=\"twitter:data1\" content=\"@herrera_yosmar\" \/>\n\t<meta name=\"twitter:label2\" content=\"Tiempo de lectura\" \/>\n\t<meta name=\"twitter:data2\" content=\"2 minutos\" \/>\n<script type=\"application\/ld+json\" class=\"yoast-schema-graph\">{\"@context\":\"https:\/\/schema.org\",\"@graph\":[{\"@type\":\"Article\",\"@id\":\"https:\/\/seryhumano.com\/web\/?p=10173#article\",\"isPartOf\":{\"@id\":\"https:\/\/seryhumano.com\/web\/?p=10173\"},\"author\":{\"name\":\"@herrera_yosmar\",\"@id\":\"https:\/\/seryhumano.com\/web\/#\/schema\/person\/fd30e8e0b394a62344b44d9b0fe75795\"},\"headline\":\"La UE quiere prohibir los pl\u00e1sticos m\u00e1s da\u00f1inos\",\"datePublished\":\"2014-01-15T18:30:11+00:00\",\"dateModified\":\"2014-01-15T19:54:36+00:00\",\"mainEntityOfPage\":{\"@id\":\"https:\/\/seryhumano.com\/web\/?p=10173\"},\"wordCount\":331,\"publisher\":{\"@id\":\"https:\/\/seryhumano.com\/web\/#organization\"},\"image\":{\"@id\":\"https:\/\/seryhumano.com\/web\/?p=10173#primaryimage\"},\"thumbnailUrl\":\"https:\/\/seryhumano.com\/web\/wp-content\/uploads\/2014\/01\/plastic.png\",\"keywords\":[\"Slider\"],\"articleSection\":[\"Ser Ecol\u00f3gico\"],\"inLanguage\":\"es\"},{\"@type\":\"WebPage\",\"@id\":\"https:\/\/seryhumano.com\/web\/?p=10173\",\"url\":\"https:\/\/seryhumano.com\/web\/?p=10173\",\"name\":\"La UE quiere prohibir los pl\u00e1sticos m\u00e1s da\u00f1inos &#187; SeryHumano.com\",\"isPartOf\":{\"@id\":\"https:\/\/seryhumano.com\/web\/#website\"},\"primaryImageOfPage\":{\"@id\":\"https:\/\/seryhumano.com\/web\/?p=10173#primaryimage\"},\"image\":{\"@id\":\"https:\/\/seryhumano.com\/web\/?p=10173#primaryimage\"},\"thumbnailUrl\":\"https:\/\/seryhumano.com\/web\/wp-content\/uploads\/2014\/01\/plastic.png\",\"datePublished\":\"2014-01-15T18:30:11+00:00\",\"dateModified\":\"2014-01-15T19:54:36+00:00\",\"breadcrumb\":{\"@id\":\"https:\/\/seryhumano.com\/web\/?p=10173#breadcrumb\"},\"inLanguage\":\"es\",\"potentialAction\":[{\"@type\":\"ReadAction\",\"target\":[\"https:\/\/seryhumano.com\/web\/?p=10173\"]}]},{\"@type\":\"ImageObject\",\"inLanguage\":\"es\",\"@id\":\"https:\/\/seryhumano.com\/web\/?p=10173#primaryimage\",\"url\":\"https:\/\/seryhumano.com\/web\/wp-content\/uploads\/2014\/01\/plastic.png\",\"contentUrl\":\"https:\/\/seryhumano.com\/web\/wp-content\/uploads\/2014\/01\/plastic.png\",\"width\":910,\"height\":207},{\"@type\":\"BreadcrumbList\",\"@id\":\"https:\/\/seryhumano.com\/web\/?p=10173#breadcrumb\",\"itemListElement\":[{\"@type\":\"ListItem\",\"position\":1,\"name\":\"Portada\",\"item\":\"https:\/\/seryhumano.com\/web\/\"},{\"@type\":\"ListItem\",\"position\":2,\"name\":\"La UE quiere prohibir los pl\u00e1sticos m\u00e1s da\u00f1inos\"}]},{\"@type\":\"WebSite\",\"@id\":\"https:\/\/seryhumano.com\/web\/#website\",\"url\":\"https:\/\/seryhumano.com\/web\/\",\"name\":\"SeryHumano.com\",\"description\":\"Revista digital muy humana, donde lo mas importante es el Ser...\",\"publisher\":{\"@id\":\"https:\/\/seryhumano.com\/web\/#organization\"},\"potentialAction\":[{\"@type\":\"SearchAction\",\"target\":{\"@type\":\"EntryPoint\",\"urlTemplate\":\"https:\/\/seryhumano.com\/web\/?s={search_term_string}\"},\"query-input\":{\"@type\":\"PropertyValueSpecification\",\"valueRequired\":true,\"valueName\":\"search_term_string\"}}],\"inLanguage\":\"es\"},{\"@type\":\"Organization\",\"@id\":\"https:\/\/seryhumano.com\/web\/#organization\",\"name\":\"SeryHumano.com\",\"url\":\"https:\/\/seryhumano.com\/web\/\",\"logo\":{\"@type\":\"ImageObject\",\"inLanguage\":\"es\",\"@id\":\"https:\/\/seryhumano.com\/web\/#\/schema\/logo\/image\/\",\"url\":\"https:\/\/seryhumano.com\/web\/wp-content\/uploads\/2020\/02\/JNe5VRwH_400x400-2.jpg\",\"contentUrl\":\"https:\/\/seryhumano.com\/web\/wp-content\/uploads\/2020\/02\/JNe5VRwH_400x400-2.jpg\",\"width\":400,\"height\":400,\"caption\":\"SeryHumano.com\"},\"image\":{\"@id\":\"https:\/\/seryhumano.com\/web\/#\/schema\/logo\/image\/\"},\"sameAs\":[\"https:\/\/www.facebook.com\/seryhumano\/\",\"https:\/\/x.com\/SeryHumano\",\"https:\/\/www.instagram.com\/seryhumano\/\",\"https:\/\/www.linkedin.com\/company\/seryhumano-com\/\",\"https:\/\/www.youtube.com\/channel\/UCYfgIGSxygVnJAW0e9ZBZWg\"]},{\"@type\":\"Person\",\"@id\":\"https:\/\/seryhumano.com\/web\/#\/schema\/person\/fd30e8e0b394a62344b44d9b0fe75795\",\"name\":\"@herrera_yosmar\",\"description\":\"Eterna enamorada de la vida, comunicadora, mam\u00e1 de tres\",\"sameAs\":[\"http:\/\/seryhumano.com\"],\"url\":\"https:\/\/seryhumano.com\/web\/?author=2\"}]}<\/script>\n<!-- \/ Yoast SEO plugin. -->","yoast_head_json":{"title":"La UE quiere prohibir los pl\u00e1sticos m\u00e1s da\u00f1inos &#187; SeryHumano.com","robots":{"index":"index","follow":"follow","max-snippet":"max-snippet:-1","max-image-preview":"max-image-preview:large","max-video-preview":"max-video-preview:-1"},"canonical":"https:\/\/seryhumano.com\/web\/?p=10173","og_locale":"es_ES","og_type":"article","og_title":"La UE quiere prohibir los pl\u00e1sticos m\u00e1s da\u00f1inos &#187; SeryHumano.com","og_description":"El pleno del Parlamento Europeo ha reclamado en una resoluci\u00f3n aprobada por mayor\u00eda a mano alzada la prohibici\u00f3n de los pl\u00e1sticos m\u00e1s peligrosos para el medio ambiente en la UE, y reducir dr\u00e1sticamente o abandonar el uso de las bolsas de pl\u00e1stico de uso \u00fanico dentro de la estrategia comunitaria para reducir estos residuos, as\u00ed&hellip;","og_url":"https:\/\/seryhumano.com\/web\/?p=10173","og_site_name":"SeryHumano.com","article_publisher":"https:\/\/www.facebook.com\/seryhumano\/","article_published_time":"2014-01-15T18:30:11+00:00","article_modified_time":"2014-01-15T19:54:36+00:00","og_image":[{"width":910,"height":207,"url":"https:\/\/seryhumano.com\/web\/wp-content\/uploads\/2014\/01\/plastic.png","type":"image\/png"}],"author":"@herrera_yosmar","twitter_card":"summary_large_image","twitter_creator":"@SeryHumano","twitter_site":"@SeryHumano","twitter_misc":{"Escrito por":"@herrera_yosmar","Tiempo de lectura":"2 minutos"},"schema":{"@context":"https:\/\/schema.org","@graph":[{"@type":"Article","@id":"https:\/\/seryhumano.com\/web\/?p=10173#article","isPartOf":{"@id":"https:\/\/seryhumano.com\/web\/?p=10173"},"author":{"name":"@herrera_yosmar","@id":"https:\/\/seryhumano.com\/web\/#\/schema\/person\/fd30e8e0b394a62344b44d9b0fe75795"},"headline":"La UE quiere prohibir los pl\u00e1sticos m\u00e1s da\u00f1inos","datePublished":"2014-01-15T18:30:11+00:00","dateModified":"2014-01-15T19:54:36+00:00","mainEntityOfPage":{"@id":"https:\/\/seryhumano.com\/web\/?p=10173"},"wordCount":331,"publisher":{"@id":"https:\/\/seryhumano.com\/web\/#organization"},"image":{"@id":"https:\/\/seryhumano.com\/web\/?p=10173#primaryimage"},"thumbnailUrl":"https:\/\/seryhumano.com\/web\/wp-content\/uploads\/2014\/01\/plastic.png","keywords":["Slider"],"articleSection":["Ser Ecol\u00f3gico"],"inLanguage":"es"},{"@type":"WebPage","@id":"https:\/\/seryhumano.com\/web\/?p=10173","url":"https:\/\/seryhumano.com\/web\/?p=10173","name":"La UE quiere prohibir los pl\u00e1sticos m\u00e1s da\u00f1inos &#187; SeryHumano.com","isPartOf":{"@id":"https:\/\/seryhumano.com\/web\/#website"},"primaryImageOfPage":{"@id":"https:\/\/seryhumano.com\/web\/?p=10173#primaryimage"},"image":{"@id":"https:\/\/seryhumano.com\/web\/?p=10173#primaryimage"},"thumbnailUrl":"https:\/\/seryhumano.com\/web\/wp-content\/uploads\/2014\/01\/plastic.png","datePublished":"2014-01-15T18:30:11+00:00","dateModified":"2014-01-15T19:54:36+00:00","breadcrumb":{"@id":"https:\/\/seryhumano.com\/web\/?p=10173#breadcrumb"},"inLanguage":"es","potentialAction":[{"@type":"ReadAction","target":["https:\/\/seryhumano.com\/web\/?p=10173"]}]},{"@type":"ImageObject","inLanguage":"es","@id":"https:\/\/seryhumano.com\/web\/?p=10173#primaryimage","url":"https:\/\/seryhumano.com\/web\/wp-content\/uploads\/2014\/01\/plastic.png","contentUrl":"https:\/\/seryhumano.com\/web\/wp-content\/uploads\/2014\/01\/plastic.png","width":910,"height":207},{"@type":"BreadcrumbList","@id":"https:\/\/seryhumano.com\/web\/?p=10173#breadcrumb","itemListElement":[{"@type":"ListItem","position":1,"name":"Portada","item":"https:\/\/seryhumano.com\/web\/"},{"@type":"ListItem","position":2,"name":"La UE quiere prohibir los pl\u00e1sticos m\u00e1s da\u00f1inos"}]},{"@type":"WebSite","@id":"https:\/\/seryhumano.com\/web\/#website","url":"https:\/\/seryhumano.com\/web\/","name":"SeryHumano.com","description":"Revista digital muy humana, donde lo mas importante es el Ser...","publisher":{"@id":"https:\/\/seryhumano.com\/web\/#organization"},"potentialAction":[{"@type":"SearchAction","target":{"@type":"EntryPoint","urlTemplate":"https:\/\/seryhumano.com\/web\/?s={search_term_string}"},"query-input":{"@type":"PropertyValueSpecification","valueRequired":true,"valueName":"search_term_string"}}],"inLanguage":"es"},{"@type":"Organization","@id":"https:\/\/seryhumano.com\/web\/#organization","name":"SeryHumano.com","url":"https:\/\/seryhumano.com\/web\/","logo":{"@type":"ImageObject","inLanguage":"es","@id":"https:\/\/seryhumano.com\/web\/#\/schema\/logo\/image\/","url":"https:\/\/seryhumano.com\/web\/wp-content\/uploads\/2020\/02\/JNe5VRwH_400x400-2.jpg","contentUrl":"https:\/\/seryhumano.com\/web\/wp-content\/uploads\/2020\/02\/JNe5VRwH_400x400-2.jpg","width":400,"height":400,"caption":"SeryHumano.com"},"image":{"@id":"https:\/\/seryhumano.com\/web\/#\/schema\/logo\/image\/"},"sameAs":["https:\/\/www.facebook.com\/seryhumano\/","https:\/\/x.com\/SeryHumano","https:\/\/www.instagram.com\/seryhumano\/","https:\/\/www.linkedin.com\/company\/seryhumano-com\/","https:\/\/www.youtube.com\/channel\/UCYfgIGSxygVnJAW0e9ZBZWg"]},{"@type":"Person","@id":"https:\/\/seryhumano.com\/web\/#\/schema\/person\/fd30e8e0b394a62344b44d9b0fe75795","name":"@herrera_yosmar","description":"Eterna enamorada de la vida, comunicadora, mam\u00e1 de tres","sameAs":["http:\/\/seryhumano.com"],"url":"https:\/\/seryhumano.com\/web\/?author=2"}]}},"_links":{"self":[{"href":"https:\/\/seryhumano.com\/web\/index.php?rest_route=\/wp\/v2\/posts\/10173","targetHints":{"allow":["GET"]}}],"collection":[{"href":"https:\/\/seryhumano.com\/web\/index.php?rest_route=\/wp\/v2\/posts"}],"about":[{"href":"https:\/\/seryhumano.com\/web\/index.php?rest_route=\/wp\/v2\/types\/post"}],"author":[{"embeddable":true,"href":"https:\/\/seryhumano.com\/web\/index.php?rest_route=\/wp\/v2\/users\/2"}],"replies":[{"embeddable":true,"href":"https:\/\/seryhumano.com\/web\/index.php?rest_route=%2Fwp%2Fv2%2Fcomments&post=10173"}],"version-history":[{"count":0,"href":"https:\/\/seryhumano.com\/web\/index.php?rest_route=\/wp\/v2\/posts\/10173\/revisions"}],"wp:featuredmedia":[{"embeddable":true,"href":"https:\/\/seryhumano.com\/web\/index.php?rest_route=\/wp\/v2\/media\/10184"}],"wp:attachment":[{"href":"https:\/\/seryhumano.com\/web\/index.php?rest_route=%2Fwp%2Fv2%2Fmedia&parent=10173"}],"wp:term":[{"taxonomy":"category","embeddable":true,"href":"https:\/\/seryhumano.com\/web\/index.php?rest_route=%2Fwp%2Fv2%2Fcategories&post=10173"},{"taxonomy":"post_tag","embeddable":true,"href":"https:\/\/seryhumano.com\/web\/index.php?rest_route=%2Fwp%2Fv2%2Ftags&post=10173"}],"curies":[{"name":"wp","href":"https:\/\/api.w.org\/{rel}","templated":true}]}}