{"id":10203,"date":"2014-01-19T22:12:20","date_gmt":"2014-01-20T02:42:20","guid":{"rendered":"https:\/\/seryhumano.com\/web\/?p=10203"},"modified":"2014-01-20T07:43:02","modified_gmt":"2014-01-20T12:13:02","slug":"inseguridad-informatica-propicia-uso-de-nubes-privadas","status":"publish","type":"post","link":"https:\/\/seryhumano.com\/web\/?p=10203","title":{"rendered":"Inseguridad inform\u00e1tica propicia uso de nubes privadas"},"content":{"rendered":"<p>El auge de los dispositivos m\u00f3viles y la mayor penetraci\u00f3n a la red est\u00e1n propiciando en la actualidad la adopci\u00f3n de nuevos servicios y aplicaciones en l\u00ednea; aunque el tema de la privacidad afecta a algunos de ellos.<a href=\"https:\/\/seryhumano.com\/web\/?attachment_id=10205\" rel=\"attachment wp-att-10205\"><img loading=\"lazy\" decoding=\"async\" class=\"alignright size-full wp-image-10205\" alt=\"nubes1\" src=\"https:\/\/seryhumano.com\/web\/wp-content\/uploads\/2014\/01\/nubes1.jpg\" width=\"206\" height=\"200\" srcset=\"https:\/\/seryhumano.com\/web\/wp-content\/uploads\/2014\/01\/nubes1.jpg 206w, https:\/\/seryhumano.com\/web\/wp-content\/uploads\/2014\/01\/nubes1-50x50.jpg 50w\" sizes=\"auto, (max-width: 206px) 100vw, 206px\" \/><\/a><\/p>\n<p>Entre estos servicios se encuentra el mercado de la Nube o <a href=\"https:\/\/seryhumano.com\/web\/?p=3361\" target=\"_blank\">\u00abCloud Computing\u00bb<\/a>, el cual se ve afectado ya sea por amenazas de ciberdelincuentes, de empresas que recopilan y venden informaci\u00f3n a compa\u00f1\u00edas de publicidad, e incluso del espionaje de los propios gobiernos.<\/p>\n<p>De acuerdo con el vicepresidente de F-Secure para Am\u00e9rica Latina, Leonardo Hern\u00e1ndez, dicho escenario ha puesto en segundo plano el potencial que ofrecen los servicios en la Nube e incluso las inversiones en esa tecnolog\u00eda en los pr\u00f3ximos a\u00f1os.<\/p>\n<p>En la actualidad, abunda en un comunicado, se puede tener acceso a nubes h\u00edbridas que combinan servicios privados y p\u00fablicos, aunque reconoce que la migraci\u00f3n se est\u00e1 dando hacia espacios de pago, los cual implica diversos desaf\u00edos.<\/p>\n<p>Entre ellos est\u00e1 elegir una soluci\u00f3n que permita integrar toda la informaci\u00f3n de la compa\u00f1\u00eda sin correr el riesgo de espionaje o robo de informaci\u00f3n, o contratar una Nube que sea amigable con los usuarios para reducir la curva de aprendizaje.<\/p>\n<p><a href=\"https:\/\/seryhumano.com\/web\/?attachment_id=10207\" rel=\"attachment wp-att-10207\"><img loading=\"lazy\" decoding=\"async\" class=\"alignleft size-full wp-image-10207\" alt=\"nubes2\" src=\"https:\/\/seryhumano.com\/web\/wp-content\/uploads\/2014\/01\/nubes2.jpg\" width=\"266\" height=\"190\" \/><\/a>Diversos estudios revelan que 64 por ciento de los usuarios de banda ancha a nivel mundial menciona que es \u00ab\u00fatil\u00bb tener sus archivos disponibles en sus diversos dispositivos, sin importar d\u00f3nde se encuentren.<\/p>\n<p>De tal forma, explica Leonardo Hern\u00e1ndez, y tomando en cuenta que las personas utilizan m\u00e1s de un dispositivo para hacer sus actividades, la adopci\u00f3n de servicios en la nube podr\u00eda optimizar la operatividad de las organizaciones.<\/p>\n<p>Opina que la utilizaci\u00f3n de las herramientas en la nube representa una reducci\u00f3n de m\u00e1s del 10 por ciento del costo total por pertenencia de las empresas, y es una soluci\u00f3n de valor agregado para clientes y socios de negocios.<\/p>\n<p>Concluye que el desaf\u00edo radica en optar por soluciones que permitan almacenar grandes cantidades de contenido, con la capacidad de administrar la informaci\u00f3n en diferentes plataformas al mismo tiempo, para reducir tiempo y costos.<\/p>\n<p>seryhumano.com<\/p>\n<p>Fuente: zocalo.com.mx<\/p>\n","protected":false},"excerpt":{"rendered":"<p>El auge de los dispositivos m\u00f3viles y la mayor penetraci\u00f3n a la red est\u00e1n propiciando en la actualidad la adopci\u00f3n de nuevos servicios y aplicaciones en l\u00ednea; aunque el tema de la privacidad afecta a algunos de ellos. Entre estos servicios se encuentra el mercado de la Nube o \u00abCloud Computing\u00bb, el cual se ve&hellip;<\/p>\n","protected":false},"author":2,"featured_media":10204,"comment_status":"closed","ping_status":"closed","sticky":false,"template":"","format":"standard","meta":{"footnotes":""},"categories":[121],"tags":[111],"class_list":["post-10203","post","type-post","status-publish","format-standard","has-post-thumbnail","hentry","category-ser-tecnologico","tag-slider","category-121","description-off"],"yoast_head":"<!-- This site is optimized with the Yoast SEO plugin v25.4 - https:\/\/yoast.com\/wordpress\/plugins\/seo\/ -->\n<title>Inseguridad inform\u00e1tica propicia uso de nubes privadas &#187; SeryHumano.com<\/title>\n<meta name=\"robots\" content=\"index, follow, max-snippet:-1, max-image-preview:large, max-video-preview:-1\" \/>\n<link rel=\"canonical\" href=\"https:\/\/seryhumano.com\/web\/?p=10203\" \/>\n<meta property=\"og:locale\" content=\"es_ES\" \/>\n<meta property=\"og:type\" content=\"article\" \/>\n<meta property=\"og:title\" content=\"Inseguridad inform\u00e1tica propicia uso de nubes privadas &#187; SeryHumano.com\" \/>\n<meta property=\"og:description\" content=\"El auge de los dispositivos m\u00f3viles y la mayor penetraci\u00f3n a la red est\u00e1n propiciando en la actualidad la adopci\u00f3n de nuevos servicios y aplicaciones en l\u00ednea; aunque el tema de la privacidad afecta a algunos de ellos. Entre estos servicios se encuentra el mercado de la Nube o \u00abCloud Computing\u00bb, el cual se ve&hellip;\" \/>\n<meta property=\"og:url\" content=\"https:\/\/seryhumano.com\/web\/?p=10203\" \/>\n<meta property=\"og:site_name\" content=\"SeryHumano.com\" \/>\n<meta property=\"article:publisher\" content=\"https:\/\/www.facebook.com\/seryhumano\/\" \/>\n<meta property=\"article:published_time\" content=\"2014-01-20T02:42:20+00:00\" \/>\n<meta property=\"article:modified_time\" content=\"2014-01-20T12:13:02+00:00\" \/>\n<meta property=\"og:image\" content=\"https:\/\/seryhumano.com\/web\/wp-content\/uploads\/2014\/01\/nubes.jpg\" \/>\n\t<meta property=\"og:image:width\" content=\"259\" \/>\n\t<meta property=\"og:image:height\" content=\"194\" \/>\n\t<meta property=\"og:image:type\" content=\"image\/jpeg\" \/>\n<meta name=\"author\" content=\"@herrera_yosmar\" \/>\n<meta name=\"twitter:card\" content=\"summary_large_image\" \/>\n<meta name=\"twitter:creator\" content=\"@SeryHumano\" \/>\n<meta name=\"twitter:site\" content=\"@SeryHumano\" \/>\n<meta name=\"twitter:label1\" content=\"Escrito por\" \/>\n\t<meta name=\"twitter:data1\" content=\"@herrera_yosmar\" \/>\n\t<meta name=\"twitter:label2\" content=\"Tiempo de lectura\" \/>\n\t<meta name=\"twitter:data2\" content=\"2 minutos\" \/>\n<script type=\"application\/ld+json\" class=\"yoast-schema-graph\">{\"@context\":\"https:\/\/schema.org\",\"@graph\":[{\"@type\":\"Article\",\"@id\":\"https:\/\/seryhumano.com\/web\/?p=10203#article\",\"isPartOf\":{\"@id\":\"https:\/\/seryhumano.com\/web\/?p=10203\"},\"author\":{\"name\":\"@herrera_yosmar\",\"@id\":\"https:\/\/seryhumano.com\/web\/#\/schema\/person\/fd30e8e0b394a62344b44d9b0fe75795\"},\"headline\":\"Inseguridad inform\u00e1tica propicia uso de nubes privadas\",\"datePublished\":\"2014-01-20T02:42:20+00:00\",\"dateModified\":\"2014-01-20T12:13:02+00:00\",\"mainEntityOfPage\":{\"@id\":\"https:\/\/seryhumano.com\/web\/?p=10203\"},\"wordCount\":384,\"publisher\":{\"@id\":\"https:\/\/seryhumano.com\/web\/#organization\"},\"image\":{\"@id\":\"https:\/\/seryhumano.com\/web\/?p=10203#primaryimage\"},\"thumbnailUrl\":\"https:\/\/seryhumano.com\/web\/wp-content\/uploads\/2014\/01\/nubes.jpg\",\"keywords\":[\"Slider\"],\"articleSection\":[\"Ser Tecnol\u00f3gico\"],\"inLanguage\":\"es\"},{\"@type\":\"WebPage\",\"@id\":\"https:\/\/seryhumano.com\/web\/?p=10203\",\"url\":\"https:\/\/seryhumano.com\/web\/?p=10203\",\"name\":\"Inseguridad inform\u00e1tica propicia uso de nubes privadas &#187; SeryHumano.com\",\"isPartOf\":{\"@id\":\"https:\/\/seryhumano.com\/web\/#website\"},\"primaryImageOfPage\":{\"@id\":\"https:\/\/seryhumano.com\/web\/?p=10203#primaryimage\"},\"image\":{\"@id\":\"https:\/\/seryhumano.com\/web\/?p=10203#primaryimage\"},\"thumbnailUrl\":\"https:\/\/seryhumano.com\/web\/wp-content\/uploads\/2014\/01\/nubes.jpg\",\"datePublished\":\"2014-01-20T02:42:20+00:00\",\"dateModified\":\"2014-01-20T12:13:02+00:00\",\"breadcrumb\":{\"@id\":\"https:\/\/seryhumano.com\/web\/?p=10203#breadcrumb\"},\"inLanguage\":\"es\",\"potentialAction\":[{\"@type\":\"ReadAction\",\"target\":[\"https:\/\/seryhumano.com\/web\/?p=10203\"]}]},{\"@type\":\"ImageObject\",\"inLanguage\":\"es\",\"@id\":\"https:\/\/seryhumano.com\/web\/?p=10203#primaryimage\",\"url\":\"https:\/\/seryhumano.com\/web\/wp-content\/uploads\/2014\/01\/nubes.jpg\",\"contentUrl\":\"https:\/\/seryhumano.com\/web\/wp-content\/uploads\/2014\/01\/nubes.jpg\",\"width\":259,\"height\":194},{\"@type\":\"BreadcrumbList\",\"@id\":\"https:\/\/seryhumano.com\/web\/?p=10203#breadcrumb\",\"itemListElement\":[{\"@type\":\"ListItem\",\"position\":1,\"name\":\"Portada\",\"item\":\"https:\/\/seryhumano.com\/web\/\"},{\"@type\":\"ListItem\",\"position\":2,\"name\":\"Inseguridad inform\u00e1tica propicia uso de nubes privadas\"}]},{\"@type\":\"WebSite\",\"@id\":\"https:\/\/seryhumano.com\/web\/#website\",\"url\":\"https:\/\/seryhumano.com\/web\/\",\"name\":\"SeryHumano.com\",\"description\":\"Revista digital muy humana, donde lo mas importante es el Ser...\",\"publisher\":{\"@id\":\"https:\/\/seryhumano.com\/web\/#organization\"},\"potentialAction\":[{\"@type\":\"SearchAction\",\"target\":{\"@type\":\"EntryPoint\",\"urlTemplate\":\"https:\/\/seryhumano.com\/web\/?s={search_term_string}\"},\"query-input\":{\"@type\":\"PropertyValueSpecification\",\"valueRequired\":true,\"valueName\":\"search_term_string\"}}],\"inLanguage\":\"es\"},{\"@type\":\"Organization\",\"@id\":\"https:\/\/seryhumano.com\/web\/#organization\",\"name\":\"SeryHumano.com\",\"url\":\"https:\/\/seryhumano.com\/web\/\",\"logo\":{\"@type\":\"ImageObject\",\"inLanguage\":\"es\",\"@id\":\"https:\/\/seryhumano.com\/web\/#\/schema\/logo\/image\/\",\"url\":\"https:\/\/seryhumano.com\/web\/wp-content\/uploads\/2020\/02\/JNe5VRwH_400x400-2.jpg\",\"contentUrl\":\"https:\/\/seryhumano.com\/web\/wp-content\/uploads\/2020\/02\/JNe5VRwH_400x400-2.jpg\",\"width\":400,\"height\":400,\"caption\":\"SeryHumano.com\"},\"image\":{\"@id\":\"https:\/\/seryhumano.com\/web\/#\/schema\/logo\/image\/\"},\"sameAs\":[\"https:\/\/www.facebook.com\/seryhumano\/\",\"https:\/\/x.com\/SeryHumano\",\"https:\/\/www.instagram.com\/seryhumano\/\",\"https:\/\/www.linkedin.com\/company\/seryhumano-com\/\",\"https:\/\/www.youtube.com\/channel\/UCYfgIGSxygVnJAW0e9ZBZWg\"]},{\"@type\":\"Person\",\"@id\":\"https:\/\/seryhumano.com\/web\/#\/schema\/person\/fd30e8e0b394a62344b44d9b0fe75795\",\"name\":\"@herrera_yosmar\",\"description\":\"Eterna enamorada de la vida, comunicadora, mam\u00e1 de tres\",\"sameAs\":[\"http:\/\/seryhumano.com\"],\"url\":\"https:\/\/seryhumano.com\/web\/?author=2\"}]}<\/script>\n<!-- \/ Yoast SEO plugin. -->","yoast_head_json":{"title":"Inseguridad inform\u00e1tica propicia uso de nubes privadas &#187; SeryHumano.com","robots":{"index":"index","follow":"follow","max-snippet":"max-snippet:-1","max-image-preview":"max-image-preview:large","max-video-preview":"max-video-preview:-1"},"canonical":"https:\/\/seryhumano.com\/web\/?p=10203","og_locale":"es_ES","og_type":"article","og_title":"Inseguridad inform\u00e1tica propicia uso de nubes privadas &#187; SeryHumano.com","og_description":"El auge de los dispositivos m\u00f3viles y la mayor penetraci\u00f3n a la red est\u00e1n propiciando en la actualidad la adopci\u00f3n de nuevos servicios y aplicaciones en l\u00ednea; aunque el tema de la privacidad afecta a algunos de ellos. Entre estos servicios se encuentra el mercado de la Nube o \u00abCloud Computing\u00bb, el cual se ve&hellip;","og_url":"https:\/\/seryhumano.com\/web\/?p=10203","og_site_name":"SeryHumano.com","article_publisher":"https:\/\/www.facebook.com\/seryhumano\/","article_published_time":"2014-01-20T02:42:20+00:00","article_modified_time":"2014-01-20T12:13:02+00:00","og_image":[{"width":259,"height":194,"url":"https:\/\/seryhumano.com\/web\/wp-content\/uploads\/2014\/01\/nubes.jpg","type":"image\/jpeg"}],"author":"@herrera_yosmar","twitter_card":"summary_large_image","twitter_creator":"@SeryHumano","twitter_site":"@SeryHumano","twitter_misc":{"Escrito por":"@herrera_yosmar","Tiempo de lectura":"2 minutos"},"schema":{"@context":"https:\/\/schema.org","@graph":[{"@type":"Article","@id":"https:\/\/seryhumano.com\/web\/?p=10203#article","isPartOf":{"@id":"https:\/\/seryhumano.com\/web\/?p=10203"},"author":{"name":"@herrera_yosmar","@id":"https:\/\/seryhumano.com\/web\/#\/schema\/person\/fd30e8e0b394a62344b44d9b0fe75795"},"headline":"Inseguridad inform\u00e1tica propicia uso de nubes privadas","datePublished":"2014-01-20T02:42:20+00:00","dateModified":"2014-01-20T12:13:02+00:00","mainEntityOfPage":{"@id":"https:\/\/seryhumano.com\/web\/?p=10203"},"wordCount":384,"publisher":{"@id":"https:\/\/seryhumano.com\/web\/#organization"},"image":{"@id":"https:\/\/seryhumano.com\/web\/?p=10203#primaryimage"},"thumbnailUrl":"https:\/\/seryhumano.com\/web\/wp-content\/uploads\/2014\/01\/nubes.jpg","keywords":["Slider"],"articleSection":["Ser Tecnol\u00f3gico"],"inLanguage":"es"},{"@type":"WebPage","@id":"https:\/\/seryhumano.com\/web\/?p=10203","url":"https:\/\/seryhumano.com\/web\/?p=10203","name":"Inseguridad inform\u00e1tica propicia uso de nubes privadas &#187; SeryHumano.com","isPartOf":{"@id":"https:\/\/seryhumano.com\/web\/#website"},"primaryImageOfPage":{"@id":"https:\/\/seryhumano.com\/web\/?p=10203#primaryimage"},"image":{"@id":"https:\/\/seryhumano.com\/web\/?p=10203#primaryimage"},"thumbnailUrl":"https:\/\/seryhumano.com\/web\/wp-content\/uploads\/2014\/01\/nubes.jpg","datePublished":"2014-01-20T02:42:20+00:00","dateModified":"2014-01-20T12:13:02+00:00","breadcrumb":{"@id":"https:\/\/seryhumano.com\/web\/?p=10203#breadcrumb"},"inLanguage":"es","potentialAction":[{"@type":"ReadAction","target":["https:\/\/seryhumano.com\/web\/?p=10203"]}]},{"@type":"ImageObject","inLanguage":"es","@id":"https:\/\/seryhumano.com\/web\/?p=10203#primaryimage","url":"https:\/\/seryhumano.com\/web\/wp-content\/uploads\/2014\/01\/nubes.jpg","contentUrl":"https:\/\/seryhumano.com\/web\/wp-content\/uploads\/2014\/01\/nubes.jpg","width":259,"height":194},{"@type":"BreadcrumbList","@id":"https:\/\/seryhumano.com\/web\/?p=10203#breadcrumb","itemListElement":[{"@type":"ListItem","position":1,"name":"Portada","item":"https:\/\/seryhumano.com\/web\/"},{"@type":"ListItem","position":2,"name":"Inseguridad inform\u00e1tica propicia uso de nubes privadas"}]},{"@type":"WebSite","@id":"https:\/\/seryhumano.com\/web\/#website","url":"https:\/\/seryhumano.com\/web\/","name":"SeryHumano.com","description":"Revista digital muy humana, donde lo mas importante es el Ser...","publisher":{"@id":"https:\/\/seryhumano.com\/web\/#organization"},"potentialAction":[{"@type":"SearchAction","target":{"@type":"EntryPoint","urlTemplate":"https:\/\/seryhumano.com\/web\/?s={search_term_string}"},"query-input":{"@type":"PropertyValueSpecification","valueRequired":true,"valueName":"search_term_string"}}],"inLanguage":"es"},{"@type":"Organization","@id":"https:\/\/seryhumano.com\/web\/#organization","name":"SeryHumano.com","url":"https:\/\/seryhumano.com\/web\/","logo":{"@type":"ImageObject","inLanguage":"es","@id":"https:\/\/seryhumano.com\/web\/#\/schema\/logo\/image\/","url":"https:\/\/seryhumano.com\/web\/wp-content\/uploads\/2020\/02\/JNe5VRwH_400x400-2.jpg","contentUrl":"https:\/\/seryhumano.com\/web\/wp-content\/uploads\/2020\/02\/JNe5VRwH_400x400-2.jpg","width":400,"height":400,"caption":"SeryHumano.com"},"image":{"@id":"https:\/\/seryhumano.com\/web\/#\/schema\/logo\/image\/"},"sameAs":["https:\/\/www.facebook.com\/seryhumano\/","https:\/\/x.com\/SeryHumano","https:\/\/www.instagram.com\/seryhumano\/","https:\/\/www.linkedin.com\/company\/seryhumano-com\/","https:\/\/www.youtube.com\/channel\/UCYfgIGSxygVnJAW0e9ZBZWg"]},{"@type":"Person","@id":"https:\/\/seryhumano.com\/web\/#\/schema\/person\/fd30e8e0b394a62344b44d9b0fe75795","name":"@herrera_yosmar","description":"Eterna enamorada de la vida, comunicadora, mam\u00e1 de tres","sameAs":["http:\/\/seryhumano.com"],"url":"https:\/\/seryhumano.com\/web\/?author=2"}]}},"_links":{"self":[{"href":"https:\/\/seryhumano.com\/web\/index.php?rest_route=\/wp\/v2\/posts\/10203","targetHints":{"allow":["GET"]}}],"collection":[{"href":"https:\/\/seryhumano.com\/web\/index.php?rest_route=\/wp\/v2\/posts"}],"about":[{"href":"https:\/\/seryhumano.com\/web\/index.php?rest_route=\/wp\/v2\/types\/post"}],"author":[{"embeddable":true,"href":"https:\/\/seryhumano.com\/web\/index.php?rest_route=\/wp\/v2\/users\/2"}],"replies":[{"embeddable":true,"href":"https:\/\/seryhumano.com\/web\/index.php?rest_route=%2Fwp%2Fv2%2Fcomments&post=10203"}],"version-history":[{"count":0,"href":"https:\/\/seryhumano.com\/web\/index.php?rest_route=\/wp\/v2\/posts\/10203\/revisions"}],"wp:featuredmedia":[{"embeddable":true,"href":"https:\/\/seryhumano.com\/web\/index.php?rest_route=\/wp\/v2\/media\/10204"}],"wp:attachment":[{"href":"https:\/\/seryhumano.com\/web\/index.php?rest_route=%2Fwp%2Fv2%2Fmedia&parent=10203"}],"wp:term":[{"taxonomy":"category","embeddable":true,"href":"https:\/\/seryhumano.com\/web\/index.php?rest_route=%2Fwp%2Fv2%2Fcategories&post=10203"},{"taxonomy":"post_tag","embeddable":true,"href":"https:\/\/seryhumano.com\/web\/index.php?rest_route=%2Fwp%2Fv2%2Ftags&post=10203"}],"curies":[{"name":"wp","href":"https:\/\/api.w.org\/{rel}","templated":true}]}}