{"id":11440,"date":"2014-04-14T12:48:09","date_gmt":"2014-04-14T17:18:09","guid":{"rendered":"https:\/\/seryhumano.com\/web\/?p=11440"},"modified":"2016-10-31T18:43:36","modified_gmt":"2016-10-31T23:13:36","slug":"como-se-reza-un-via-crucis","status":"publish","type":"post","link":"https:\/\/seryhumano.com\/web\/?p=11440","title":{"rendered":"\u00bfC\u00f3mo se reza un Via Crucis?"},"content":{"rendered":"<p><a href=\"https:\/\/seryhumano.com\/web\/como-se-reza-un-via-crucis\/via-crucis\/\" rel=\"attachment wp-att-11441\"><img loading=\"lazy\" decoding=\"async\" class=\"alignleft size-full wp-image-11441\" src=\"https:\/\/seryhumano.com\/web\/wp-content\/uploads\/2014\/04\/via-crucis.jpg\" alt=\"via crucis\" width=\"266\" height=\"190\" \/><\/a>Esta costumbre viene desde finales del siglo V, cuando los cristianos en Jerusal\u00e9n, se reun\u00edan por la ma\u00f1ana del Viernes Santo a venerar la cruz de Jes\u00fas. Volv\u00edan a reunirse al empezar la tarde para escuchar la lectura de la Pasi\u00f3n.<\/p>\n<p>El Via Crucis es una manera de recordar la pasi\u00f3n de Jes\u00fas y de revivir con \u00c9l y acompa\u00f1arlo en los sufrimientos que tuvo en el camino al Calvario.<\/p>\n<p>Se divide en catorce estaciones que narran, paso a paso, la Pasi\u00f3n de Cristo desde que es condenado a muerte hasta que es colocado en el sepulcro.<\/p>\n<p>El Via Crucis se reza caminando en procesi\u00f3n, como simbolismo del camino que tuvo que recorrer Jes\u00fas hasta el Monte Calvario. Hasta adelante, alguno de los participantes lleva una cruz grande y es el que preside la procesi\u00f3n. Se hacen paradas a lo largo del camino para reflexionar en cada una de las estaciones, mediante alguna lectura espec\u00edfica.<\/p>\n<p>Si se desea, despu\u00e9s de escuchar con atenci\u00f3n la estaci\u00f3n que se medita y al final de cada una, se puede rezar un Padrenuestro, mientras se camina hasta la siguiente estaci\u00f3n. El que lleva la cruz, se la puede pasar a otra persona.<\/p>\n<p><b>Via Crucis para j\u00f3venes<\/b><\/p>\n<p><b>1.- Jes\u00fas es condenado a muerte<a href=\"https:\/\/seryhumano.com\/web\/como-se-reza-un-via-crucis\/condenado-a-muerte\/\" rel=\"attachment wp-att-11442\"><img loading=\"lazy\" decoding=\"async\" class=\"alignright size-full wp-image-11442\" src=\"https:\/\/seryhumano.com\/web\/wp-content\/uploads\/2014\/04\/condenado-a-muerte.jpg\" alt=\"condenado a muerte\" width=\"192\" height=\"263\" \/><\/a><\/b><\/p>\n<p>Te alabamos Oh Cristo y te bendecimos.<br \/>\nQue por tu Santa Cruz redimiste al mundo.<\/p>\n<p>Mi buen Jes\u00fas, te han condenado a muerte. \u00bfEst\u00e1s triste? \u00bfEst\u00e1s asustado?<br \/>\nEn tu lugar yo me sentir\u00eda as\u00ed. Yo quiero quedarme junto a ti para que no te sientas s\u00f3lo.<br \/>\nAy\u00fadame, Jes\u00fas, a tener fuerzas para quedarme junto a ti.<\/p>\n<p><b>2.- Jes\u00fas es cargado con la cruz<\/b><\/p>\n<p>Te alabamos Oh Cristo y te bendecimos.<br \/>\nQue por tu Santa Cruz redimiste al mundo.<\/p>\n<p>Jes\u00fas m\u00edo, te han cargado con la cruz. La veo muy grande y seguramente te pesa mucho. Yo quiero ayudarte.<\/p>\n<p>Dios m\u00edo, ay\u00fadame a portarme muy bien y as\u00ed ayudar a Jes\u00fas, tu Hijo, para que la cruz le pese un poco menos este Viernes Santo.<\/p>\n<p><b>3.- Jes\u00fas cae por primera vez<a href=\"https:\/\/seryhumano.com\/web\/como-se-reza-un-via-crucis\/via-crucis-2\/\" rel=\"attachment wp-att-11443\"><img loading=\"lazy\" decoding=\"async\" class=\"alignright size-medium wp-image-11443\" src=\"https:\/\/seryhumano.com\/web\/wp-content\/uploads\/2014\/04\/Via-Crucis--258x300.jpg\" alt=\"Via Crucis -\" width=\"258\" height=\"300\" srcset=\"https:\/\/seryhumano.com\/web\/wp-content\/uploads\/2014\/04\/Via-Crucis--258x300.jpg 258w, https:\/\/seryhumano.com\/web\/wp-content\/uploads\/2014\/04\/Via-Crucis-.jpg 262w\" sizes=\"auto, (max-width: 258px) 100vw, 258px\" \/><\/a><\/b><\/p>\n<p>Te alabamos Oh Cristo y te bendecimos.<br \/>\nQue por tu Santa Cruz redimiste al mundo.<\/p>\n<p>Te has lastimado, mi buen Jes\u00fas, pero te vuelves a levantar. Sabes que debes seguir adelante. Yo quiero seguir contigo.<br \/>\nDios m\u00edo, dame fuerzas para levantarme cuando me caiga y as\u00ed seguir adelante, como lo hizo Jes\u00fas.<\/p>\n<p><b>4.- Jes\u00fas encuentra a Mar\u00eda.<\/b><\/p>\n<p>Te alabamos Oh Cristo y te bendecimos.<br \/>\nQue por tu Santa Cruz redimiste al mundo.<\/p>\n<p>Mar\u00eda, ves pasar a tu Hijo y te duele mucho verlo as\u00ed. Te duele m\u00e1s que a todos nosotros. Pero t\u00fa conf\u00edas en Dios y \u00c9l te hace fuerte y mantiene viva tu esperanza en la resurrecci\u00f3n.<\/p>\n<p>Mar\u00eda, d\u00e9jame estar contigo acompa\u00f1\u00e1ndote y ay\u00fadame a parecerme cada d\u00eda m\u00e1s a ti.<\/p>\n<p><b>5.- Jes\u00fas es ayudado por el Cireneo<a href=\"https:\/\/seryhumano.com\/web\/como-se-reza-un-via-crucis\/quinta-estacion\/\" rel=\"attachment wp-att-11444\"><img loading=\"lazy\" decoding=\"async\" class=\"alignright size-medium wp-image-11444\" src=\"https:\/\/seryhumano.com\/web\/wp-content\/uploads\/2014\/04\/Quinta-estacion-218x300.jpg\" alt=\"Quinta-estacion\" width=\"218\" height=\"300\" srcset=\"https:\/\/seryhumano.com\/web\/wp-content\/uploads\/2014\/04\/Quinta-estacion-218x300.jpg 218w, https:\/\/seryhumano.com\/web\/wp-content\/uploads\/2014\/04\/Quinta-estacion-745x1024.jpg 745w, https:\/\/seryhumano.com\/web\/wp-content\/uploads\/2014\/04\/Quinta-estacion.jpg 828w\" sizes=\"auto, (max-width: 218px) 100vw, 218px\" \/><\/a><\/b><\/p>\n<p>Te alabamos Oh Cristo y te bendecimos.<br \/>\nQue por tu Santa Cruz redimiste al mundo.<\/p>\n<p>El Cireneo te ayuda a cargar la cruz. Yo tambi\u00e9n quiero ayudarte cada vez que te vea cansado.<\/p>\n<p>Dios m\u00edo, ay\u00fadame a ser generoso y servicial. En mi casa, en la escuela y en todo lugar para as\u00ed parecerme al Cireneo y ayudar a tu Hijo a cargar la cruz.<\/p>\n<p><b>6.- La Ver\u00f3nica enjuga el rostro de Jes\u00fas<\/b><\/p>\n<p>Te alabamos Oh Cristo y te bendecimos.<br \/>\nQue por tu Santa Cruz redimiste al mundo.<\/p>\n<p>Una mujer se ha acercado a ti, mi buen Jes\u00fas y te ha limpiado la cara. T\u00fa la miras con mucho amor. As\u00ed quieres que tratemos a nuestros semejantes.<\/p>\n<p>Dios m\u00edo, as\u00ed como la Ver\u00f3nica se acerc\u00f3 con tu Hijo, yo tambi\u00e9n quiero hacerlo con mis hermanos.<\/p>\n<p><b>7.- Jes\u00fas cae por segunda vez<a href=\"https:\/\/seryhumano.com\/web\/como-se-reza-un-via-crucis\/segunda-vez\/\" rel=\"attachment wp-att-11445\"><img loading=\"lazy\" decoding=\"async\" class=\"alignright size-full wp-image-11445\" src=\"https:\/\/seryhumano.com\/web\/wp-content\/uploads\/2014\/04\/segunda-vez.jpg\" alt=\"segunda vez\" width=\"191\" height=\"264\" \/><\/a><\/b><\/p>\n<p>Te alabamos Oh Cristo y te bendecimos.<br \/>\nQue por tu Santa Cruz redimiste al mundo.<\/p>\n<p>Otra vez te has ca\u00eddo, mi buen Jes\u00fas. Es que el camino es muy largo y dif\u00edcil. Pero nuevamente t\u00fa te has levantado. T\u00fa sabes que es necesario levantarse y seguir adelante hasta el final.<\/p>\n<p>Jes\u00fas, ay\u00fadame a levantarme igual que t\u00fa, para poder seguir adelante en mi camino hacia ti.<\/p>\n<p><b>8.- Jes\u00fas consuela a las santas mujeres<\/b><\/p>\n<p>Te alabamos Oh Cristo y te bendecimos.<br \/>\nQue por tu Santa Cruz redimiste al mundo.<\/p>\n<p>Hay unas mujeres en el camino del calvario y t\u00fa te has detenido a saludarlas. Es tan grande tu coraz\u00f3n que las consuelas, en lugar de recibirlo. Quieres darles la esperanza de la Resurrecci\u00f3n.<\/p>\n<p>Dios m\u00edo, ay\u00fadame a tener el coraz\u00f3n tan grande como el de tu Hijo Jes\u00fas, para ayudar siempre a mis hermanos.<\/p>\n<p><b>9.- Jes\u00fas cae por tercera vez<a href=\"https:\/\/seryhumano.com\/web\/como-se-reza-un-via-crucis\/tercera-vez\/\" rel=\"attachment wp-att-11446\"><img loading=\"lazy\" decoding=\"async\" class=\"alignright size-full wp-image-11446\" src=\"https:\/\/seryhumano.com\/web\/wp-content\/uploads\/2014\/04\/tercera-vez.jpg\" alt=\"tercera vez\" width=\"188\" height=\"248\" \/><\/a><\/b><\/p>\n<p>Te alabamos Oh Cristo y te bendecimos.<br \/>\nQue por tu Santa Cruz redimiste al mundo.<\/p>\n<p>Una vez m\u00e1s, mi buen Jes\u00fas, una vez m\u00e1s has ca\u00eddo. Y una vez m\u00e1s te has levantado. T\u00fa sabes que es necesario llegar hasta el final para as\u00ed poder salvarnos del pecado.<\/p>\n<p>Gracias, mi buen Jes\u00fas, porque te levantaste y as\u00ed me salvaste. Ay\u00fadame a m\u00ed a levantarme cada vez que me caiga.<\/p>\n<p><b>10.- Jes\u00fas es despojado de sus vestiduras<\/b><\/p>\n<p>Te alabamos Oh Cristo y te bendecimos.<br \/>\nQue por tu Santa Cruz redimiste al mundo.<\/p>\n<p>Mi buen Jes\u00fas. Te quitan la \u00fanica t\u00fanica que tienes y los soldados la juegan a los dados. Vas a morir pobre, como tambi\u00e9n naciste pobre. Pero t\u00fa nos dijiste una vez que tu Reino no es de \u00e9ste mundo, y son las puertas del cielo las que quieres abrir para nosotros.<\/p>\n<p>Gracias, mi buen Jes\u00fas, gracias por querer salvarme.<\/p>\n<p><b>11.- Jes\u00fas es clavado en la cruz<a href=\"https:\/\/seryhumano.com\/web\/como-se-reza-un-via-crucis\/viacrucis\/\" rel=\"attachment wp-att-11447\"><img loading=\"lazy\" decoding=\"async\" class=\"alignright size-medium wp-image-11447\" src=\"https:\/\/seryhumano.com\/web\/wp-content\/uploads\/2014\/04\/viacrucis-286x300.jpg\" alt=\"viacrucis\" width=\"286\" height=\"300\" srcset=\"https:\/\/seryhumano.com\/web\/wp-content\/uploads\/2014\/04\/viacrucis-286x300.jpg 286w, https:\/\/seryhumano.com\/web\/wp-content\/uploads\/2014\/04\/viacrucis.jpg 580w\" sizes=\"auto, (max-width: 286px) 100vw, 286px\" \/><\/a><\/b><\/p>\n<p>Te alabamos Oh Cristo y te bendecimos.<br \/>\nQue por tu Santa Cruz redimiste al mundo.<\/p>\n<p>Has llegado a la parte alta del monte, mi buen Jes\u00fas. Y te clavaron en la cruz como si fueras el peor de los ladrones. Pero t\u00fa sabes perdonar a quienes lo hicieron. Y tambi\u00e9n nos perdonas nuestras faltas.<\/p>\n<p>Jes\u00fas m\u00edo, tambi\u00e9n perd\u00f3name a m\u00ed. Yo te quiero mucho y no me gusta verte as\u00ed.<\/p>\n<p><b>12.- Jes\u00fas muere la cruz<\/b><\/p>\n<p>Te alabamos Oh Cristo y te bendecimos.<br \/>\nQue por tu Santa Cruz redimiste al mundo.<\/p>\n<p>Mi buen Jes\u00fas, viniste al mundo a salvarnos y ahora lo has logrado. Con tu muerte en la cruz, con tu obediencia a tu Padre nos has abierto las puertas del cielo.<\/p>\n<p>Gracias, mi buen Jes\u00fas, gracias. Ahora ay\u00fadame para que yo me gane el Cielo.<\/p>\n<p><b>13.- Jes\u00fas es bajado de la cruz<\/b><\/p>\n<p>Te alabamos Oh Cristo y te bendecimos.<br \/>\nQue por tu Santa Cruz redimiste al mundo.<\/p>\n<p>Mar\u00eda, tu Madre, te detiene entre sus brazos. Est\u00e1 muy triste, pero sigue confiando en Dios. Ella sabe que este no es el final.<\/p>\n<p>Mar\u00eda, t\u00fa te convertiste en mi Madre desde la cruz. Jes\u00fas nos ha querido hacer ese regalo. Ay\u00fadame a estar muy cerca de ti y de tu hijo toda mi vida.<\/p>\n<p><b>14.- Jes\u00fas es colocado en el sepulcro<a href=\"https:\/\/seryhumano.com\/web\/como-se-reza-un-via-crucis\/via14\/\" rel=\"attachment wp-att-11448\"><img loading=\"lazy\" decoding=\"async\" class=\"alignright size-medium wp-image-11448\" src=\"https:\/\/seryhumano.com\/web\/wp-content\/uploads\/2014\/04\/via14-221x300.jpg\" alt=\"via14\" width=\"221\" height=\"300\" srcset=\"https:\/\/seryhumano.com\/web\/wp-content\/uploads\/2014\/04\/via14-221x300.jpg 221w, https:\/\/seryhumano.com\/web\/wp-content\/uploads\/2014\/04\/via14.jpg 233w\" sizes=\"auto, (max-width: 221px) 100vw, 221px\" \/><\/a><\/b><\/p>\n<p>Te alabamos Oh Cristo y te bendecimos.<br \/>\nQue por tu Santa Cruz redimiste al mundo.<\/p>\n<p>Ahora todo ha terminado. La gente vuelve a su casa. Pero a nosotros nos queda la esperanza de la resurrecci\u00f3n.<\/p>\n<p>Sabemos que t\u00fa vivir\u00e1s siempre. En el Cielo, en el Sagrario y tambi\u00e9n en nuestro coraz\u00f3n.<br \/>\nAy\u00fadame, mi buen Jes\u00fas, ay\u00fadame a resucitar contigo cada d\u00eda, y a vivir con la alegr\u00eda de la resurrecci\u00f3n.<\/p>\n<p>seryhumano.com<\/p>\n<p>Fuente: catholic.net<\/p>\n","protected":false},"excerpt":{"rendered":"<p>Esta costumbre viene desde finales del siglo V, cuando los cristianos en Jerusal\u00e9n, se reun\u00edan por la ma\u00f1ana del Viernes Santo a venerar la cruz de Jes\u00fas. Volv\u00edan a reunirse al empezar la tarde para escuchar la lectura de la Pasi\u00f3n. El Via Crucis es una manera de recordar la pasi\u00f3n de Jes\u00fas y de&hellip;<\/p>\n","protected":false},"author":2,"featured_media":11451,"comment_status":"closed","ping_status":"closed","sticky":false,"template":"","format":"standard","meta":{"footnotes":""},"categories":[2131],"tags":[],"class_list":["post-11440","post","type-post","status-publish","format-standard","has-post-thumbnail","hentry","category-festividades","category-2131","description-off"],"yoast_head":"<!-- This site is optimized with the Yoast SEO plugin v25.4 - https:\/\/yoast.com\/wordpress\/plugins\/seo\/ -->\n<title>\u00bfC\u00f3mo se reza un Via Crucis?<\/title>\n<meta name=\"description\" content=\"Esta costumbre viene desde finales del siglo V, cuando los cristianos en Jerusal\u00e9n, se reun\u00edan por la ma\u00f1ana del Viernes Santo a venerar la cruz de Jes\u00fas. Volv\u00edan a reunirse al empezar la tarde para escuchar la lectura de la Pasi\u00f3n.\" \/>\n<meta name=\"robots\" content=\"index, follow, max-snippet:-1, max-image-preview:large, max-video-preview:-1\" \/>\n<link rel=\"canonical\" href=\"https:\/\/seryhumano.com\/web\/?p=11440\" \/>\n<meta property=\"og:locale\" content=\"es_ES\" \/>\n<meta property=\"og:type\" content=\"article\" \/>\n<meta property=\"og:title\" content=\"\u00bfC\u00f3mo se reza un Via Crucis?\" \/>\n<meta property=\"og:description\" content=\"Esta costumbre viene desde finales del siglo V, cuando los cristianos en Jerusal\u00e9n, se reun\u00edan por la ma\u00f1ana del Viernes Santo a venerar la cruz de Jes\u00fas. Volv\u00edan a reunirse al empezar la tarde para escuchar la lectura de la Pasi\u00f3n.\" \/>\n<meta property=\"og:url\" content=\"https:\/\/seryhumano.com\/web\/?p=11440\" \/>\n<meta property=\"og:site_name\" content=\"SeryHumano.com\" \/>\n<meta property=\"article:publisher\" content=\"https:\/\/www.facebook.com\/seryhumano\/\" \/>\n<meta property=\"article:published_time\" content=\"2014-04-14T17:18:09+00:00\" \/>\n<meta property=\"article:modified_time\" content=\"2016-10-31T23:13:36+00:00\" \/>\n<meta property=\"og:image\" content=\"https:\/\/seryhumano.com\/web\/wp-content\/uploads\/2014\/04\/featureslider_via-crucis.jpg\" \/>\n\t<meta property=\"og:image:width\" content=\"910\" \/>\n\t<meta property=\"og:image:height\" content=\"227\" \/>\n\t<meta property=\"og:image:type\" content=\"image\/jpeg\" \/>\n<meta name=\"author\" content=\"@herrera_yosmar\" \/>\n<meta name=\"twitter:card\" content=\"summary_large_image\" \/>\n<meta name=\"twitter:creator\" content=\"@SeryHumano\" \/>\n<meta name=\"twitter:site\" content=\"@SeryHumano\" \/>\n<meta name=\"twitter:label1\" content=\"Escrito por\" \/>\n\t<meta name=\"twitter:data1\" content=\"@herrera_yosmar\" \/>\n\t<meta name=\"twitter:label2\" content=\"Tiempo de lectura\" \/>\n\t<meta name=\"twitter:data2\" content=\"7 minutos\" \/>\n<script type=\"application\/ld+json\" class=\"yoast-schema-graph\">{\"@context\":\"https:\/\/schema.org\",\"@graph\":[{\"@type\":\"Article\",\"@id\":\"https:\/\/seryhumano.com\/web\/?p=11440#article\",\"isPartOf\":{\"@id\":\"https:\/\/seryhumano.com\/web\/?p=11440\"},\"author\":{\"name\":\"@herrera_yosmar\",\"@id\":\"https:\/\/seryhumano.com\/web\/#\/schema\/person\/fd30e8e0b394a62344b44d9b0fe75795\"},\"headline\":\"\u00bfC\u00f3mo se reza un Via Crucis?\",\"datePublished\":\"2014-04-14T17:18:09+00:00\",\"dateModified\":\"2016-10-31T23:13:36+00:00\",\"mainEntityOfPage\":{\"@id\":\"https:\/\/seryhumano.com\/web\/?p=11440\"},\"wordCount\":1330,\"publisher\":{\"@id\":\"https:\/\/seryhumano.com\/web\/#organization\"},\"image\":{\"@id\":\"https:\/\/seryhumano.com\/web\/?p=11440#primaryimage\"},\"thumbnailUrl\":\"https:\/\/seryhumano.com\/web\/wp-content\/uploads\/2014\/04\/featureslider_via-crucis.jpg\",\"articleSection\":[\"Festividades\"],\"inLanguage\":\"es\"},{\"@type\":\"WebPage\",\"@id\":\"https:\/\/seryhumano.com\/web\/?p=11440\",\"url\":\"https:\/\/seryhumano.com\/web\/?p=11440\",\"name\":\"\u00bfC\u00f3mo se reza un Via Crucis?\",\"isPartOf\":{\"@id\":\"https:\/\/seryhumano.com\/web\/#website\"},\"primaryImageOfPage\":{\"@id\":\"https:\/\/seryhumano.com\/web\/?p=11440#primaryimage\"},\"image\":{\"@id\":\"https:\/\/seryhumano.com\/web\/?p=11440#primaryimage\"},\"thumbnailUrl\":\"https:\/\/seryhumano.com\/web\/wp-content\/uploads\/2014\/04\/featureslider_via-crucis.jpg\",\"datePublished\":\"2014-04-14T17:18:09+00:00\",\"dateModified\":\"2016-10-31T23:13:36+00:00\",\"description\":\"Esta costumbre viene desde finales del siglo V, cuando los cristianos en Jerusal\u00e9n, se reun\u00edan por la ma\u00f1ana del Viernes Santo a venerar la cruz de Jes\u00fas. Volv\u00edan a reunirse al empezar la tarde para escuchar la lectura de la Pasi\u00f3n.\",\"breadcrumb\":{\"@id\":\"https:\/\/seryhumano.com\/web\/?p=11440#breadcrumb\"},\"inLanguage\":\"es\",\"potentialAction\":[{\"@type\":\"ReadAction\",\"target\":[\"https:\/\/seryhumano.com\/web\/?p=11440\"]}]},{\"@type\":\"ImageObject\",\"inLanguage\":\"es\",\"@id\":\"https:\/\/seryhumano.com\/web\/?p=11440#primaryimage\",\"url\":\"https:\/\/seryhumano.com\/web\/wp-content\/uploads\/2014\/04\/featureslider_via-crucis.jpg\",\"contentUrl\":\"https:\/\/seryhumano.com\/web\/wp-content\/uploads\/2014\/04\/featureslider_via-crucis.jpg\",\"width\":910,\"height\":227},{\"@type\":\"BreadcrumbList\",\"@id\":\"https:\/\/seryhumano.com\/web\/?p=11440#breadcrumb\",\"itemListElement\":[{\"@type\":\"ListItem\",\"position\":1,\"name\":\"Portada\",\"item\":\"https:\/\/seryhumano.com\/web\/\"},{\"@type\":\"ListItem\",\"position\":2,\"name\":\"\u00bfC\u00f3mo se reza un Via Crucis?\"}]},{\"@type\":\"WebSite\",\"@id\":\"https:\/\/seryhumano.com\/web\/#website\",\"url\":\"https:\/\/seryhumano.com\/web\/\",\"name\":\"SeryHumano.com\",\"description\":\"Revista digital muy humana, donde lo mas importante es el Ser...\",\"publisher\":{\"@id\":\"https:\/\/seryhumano.com\/web\/#organization\"},\"potentialAction\":[{\"@type\":\"SearchAction\",\"target\":{\"@type\":\"EntryPoint\",\"urlTemplate\":\"https:\/\/seryhumano.com\/web\/?s={search_term_string}\"},\"query-input\":{\"@type\":\"PropertyValueSpecification\",\"valueRequired\":true,\"valueName\":\"search_term_string\"}}],\"inLanguage\":\"es\"},{\"@type\":\"Organization\",\"@id\":\"https:\/\/seryhumano.com\/web\/#organization\",\"name\":\"SeryHumano.com\",\"url\":\"https:\/\/seryhumano.com\/web\/\",\"logo\":{\"@type\":\"ImageObject\",\"inLanguage\":\"es\",\"@id\":\"https:\/\/seryhumano.com\/web\/#\/schema\/logo\/image\/\",\"url\":\"https:\/\/seryhumano.com\/web\/wp-content\/uploads\/2020\/02\/JNe5VRwH_400x400-2.jpg\",\"contentUrl\":\"https:\/\/seryhumano.com\/web\/wp-content\/uploads\/2020\/02\/JNe5VRwH_400x400-2.jpg\",\"width\":400,\"height\":400,\"caption\":\"SeryHumano.com\"},\"image\":{\"@id\":\"https:\/\/seryhumano.com\/web\/#\/schema\/logo\/image\/\"},\"sameAs\":[\"https:\/\/www.facebook.com\/seryhumano\/\",\"https:\/\/x.com\/SeryHumano\",\"https:\/\/www.instagram.com\/seryhumano\/\",\"https:\/\/www.linkedin.com\/company\/seryhumano-com\/\",\"https:\/\/www.youtube.com\/channel\/UCYfgIGSxygVnJAW0e9ZBZWg\"]},{\"@type\":\"Person\",\"@id\":\"https:\/\/seryhumano.com\/web\/#\/schema\/person\/fd30e8e0b394a62344b44d9b0fe75795\",\"name\":\"@herrera_yosmar\",\"description\":\"Eterna enamorada de la vida, comunicadora, mam\u00e1 de tres\",\"sameAs\":[\"http:\/\/seryhumano.com\"],\"url\":\"https:\/\/seryhumano.com\/web\/?author=2\"}]}<\/script>\n<!-- \/ Yoast SEO plugin. -->","yoast_head_json":{"title":"\u00bfC\u00f3mo se reza un Via Crucis?","description":"Esta costumbre viene desde finales del siglo V, cuando los cristianos en Jerusal\u00e9n, se reun\u00edan por la ma\u00f1ana del Viernes Santo a venerar la cruz de Jes\u00fas. Volv\u00edan a reunirse al empezar la tarde para escuchar la lectura de la Pasi\u00f3n.","robots":{"index":"index","follow":"follow","max-snippet":"max-snippet:-1","max-image-preview":"max-image-preview:large","max-video-preview":"max-video-preview:-1"},"canonical":"https:\/\/seryhumano.com\/web\/?p=11440","og_locale":"es_ES","og_type":"article","og_title":"\u00bfC\u00f3mo se reza un Via Crucis?","og_description":"Esta costumbre viene desde finales del siglo V, cuando los cristianos en Jerusal\u00e9n, se reun\u00edan por la ma\u00f1ana del Viernes Santo a venerar la cruz de Jes\u00fas. Volv\u00edan a reunirse al empezar la tarde para escuchar la lectura de la Pasi\u00f3n.","og_url":"https:\/\/seryhumano.com\/web\/?p=11440","og_site_name":"SeryHumano.com","article_publisher":"https:\/\/www.facebook.com\/seryhumano\/","article_published_time":"2014-04-14T17:18:09+00:00","article_modified_time":"2016-10-31T23:13:36+00:00","og_image":[{"width":910,"height":227,"url":"https:\/\/seryhumano.com\/web\/wp-content\/uploads\/2014\/04\/featureslider_via-crucis.jpg","type":"image\/jpeg"}],"author":"@herrera_yosmar","twitter_card":"summary_large_image","twitter_creator":"@SeryHumano","twitter_site":"@SeryHumano","twitter_misc":{"Escrito por":"@herrera_yosmar","Tiempo de lectura":"7 minutos"},"schema":{"@context":"https:\/\/schema.org","@graph":[{"@type":"Article","@id":"https:\/\/seryhumano.com\/web\/?p=11440#article","isPartOf":{"@id":"https:\/\/seryhumano.com\/web\/?p=11440"},"author":{"name":"@herrera_yosmar","@id":"https:\/\/seryhumano.com\/web\/#\/schema\/person\/fd30e8e0b394a62344b44d9b0fe75795"},"headline":"\u00bfC\u00f3mo se reza un Via Crucis?","datePublished":"2014-04-14T17:18:09+00:00","dateModified":"2016-10-31T23:13:36+00:00","mainEntityOfPage":{"@id":"https:\/\/seryhumano.com\/web\/?p=11440"},"wordCount":1330,"publisher":{"@id":"https:\/\/seryhumano.com\/web\/#organization"},"image":{"@id":"https:\/\/seryhumano.com\/web\/?p=11440#primaryimage"},"thumbnailUrl":"https:\/\/seryhumano.com\/web\/wp-content\/uploads\/2014\/04\/featureslider_via-crucis.jpg","articleSection":["Festividades"],"inLanguage":"es"},{"@type":"WebPage","@id":"https:\/\/seryhumano.com\/web\/?p=11440","url":"https:\/\/seryhumano.com\/web\/?p=11440","name":"\u00bfC\u00f3mo se reza un Via Crucis?","isPartOf":{"@id":"https:\/\/seryhumano.com\/web\/#website"},"primaryImageOfPage":{"@id":"https:\/\/seryhumano.com\/web\/?p=11440#primaryimage"},"image":{"@id":"https:\/\/seryhumano.com\/web\/?p=11440#primaryimage"},"thumbnailUrl":"https:\/\/seryhumano.com\/web\/wp-content\/uploads\/2014\/04\/featureslider_via-crucis.jpg","datePublished":"2014-04-14T17:18:09+00:00","dateModified":"2016-10-31T23:13:36+00:00","description":"Esta costumbre viene desde finales del siglo V, cuando los cristianos en Jerusal\u00e9n, se reun\u00edan por la ma\u00f1ana del Viernes Santo a venerar la cruz de Jes\u00fas. Volv\u00edan a reunirse al empezar la tarde para escuchar la lectura de la Pasi\u00f3n.","breadcrumb":{"@id":"https:\/\/seryhumano.com\/web\/?p=11440#breadcrumb"},"inLanguage":"es","potentialAction":[{"@type":"ReadAction","target":["https:\/\/seryhumano.com\/web\/?p=11440"]}]},{"@type":"ImageObject","inLanguage":"es","@id":"https:\/\/seryhumano.com\/web\/?p=11440#primaryimage","url":"https:\/\/seryhumano.com\/web\/wp-content\/uploads\/2014\/04\/featureslider_via-crucis.jpg","contentUrl":"https:\/\/seryhumano.com\/web\/wp-content\/uploads\/2014\/04\/featureslider_via-crucis.jpg","width":910,"height":227},{"@type":"BreadcrumbList","@id":"https:\/\/seryhumano.com\/web\/?p=11440#breadcrumb","itemListElement":[{"@type":"ListItem","position":1,"name":"Portada","item":"https:\/\/seryhumano.com\/web\/"},{"@type":"ListItem","position":2,"name":"\u00bfC\u00f3mo se reza un Via Crucis?"}]},{"@type":"WebSite","@id":"https:\/\/seryhumano.com\/web\/#website","url":"https:\/\/seryhumano.com\/web\/","name":"SeryHumano.com","description":"Revista digital muy humana, donde lo mas importante es el Ser...","publisher":{"@id":"https:\/\/seryhumano.com\/web\/#organization"},"potentialAction":[{"@type":"SearchAction","target":{"@type":"EntryPoint","urlTemplate":"https:\/\/seryhumano.com\/web\/?s={search_term_string}"},"query-input":{"@type":"PropertyValueSpecification","valueRequired":true,"valueName":"search_term_string"}}],"inLanguage":"es"},{"@type":"Organization","@id":"https:\/\/seryhumano.com\/web\/#organization","name":"SeryHumano.com","url":"https:\/\/seryhumano.com\/web\/","logo":{"@type":"ImageObject","inLanguage":"es","@id":"https:\/\/seryhumano.com\/web\/#\/schema\/logo\/image\/","url":"https:\/\/seryhumano.com\/web\/wp-content\/uploads\/2020\/02\/JNe5VRwH_400x400-2.jpg","contentUrl":"https:\/\/seryhumano.com\/web\/wp-content\/uploads\/2020\/02\/JNe5VRwH_400x400-2.jpg","width":400,"height":400,"caption":"SeryHumano.com"},"image":{"@id":"https:\/\/seryhumano.com\/web\/#\/schema\/logo\/image\/"},"sameAs":["https:\/\/www.facebook.com\/seryhumano\/","https:\/\/x.com\/SeryHumano","https:\/\/www.instagram.com\/seryhumano\/","https:\/\/www.linkedin.com\/company\/seryhumano-com\/","https:\/\/www.youtube.com\/channel\/UCYfgIGSxygVnJAW0e9ZBZWg"]},{"@type":"Person","@id":"https:\/\/seryhumano.com\/web\/#\/schema\/person\/fd30e8e0b394a62344b44d9b0fe75795","name":"@herrera_yosmar","description":"Eterna enamorada de la vida, comunicadora, mam\u00e1 de tres","sameAs":["http:\/\/seryhumano.com"],"url":"https:\/\/seryhumano.com\/web\/?author=2"}]}},"_links":{"self":[{"href":"https:\/\/seryhumano.com\/web\/index.php?rest_route=\/wp\/v2\/posts\/11440","targetHints":{"allow":["GET"]}}],"collection":[{"href":"https:\/\/seryhumano.com\/web\/index.php?rest_route=\/wp\/v2\/posts"}],"about":[{"href":"https:\/\/seryhumano.com\/web\/index.php?rest_route=\/wp\/v2\/types\/post"}],"author":[{"embeddable":true,"href":"https:\/\/seryhumano.com\/web\/index.php?rest_route=\/wp\/v2\/users\/2"}],"replies":[{"embeddable":true,"href":"https:\/\/seryhumano.com\/web\/index.php?rest_route=%2Fwp%2Fv2%2Fcomments&post=11440"}],"version-history":[{"count":0,"href":"https:\/\/seryhumano.com\/web\/index.php?rest_route=\/wp\/v2\/posts\/11440\/revisions"}],"wp:featuredmedia":[{"embeddable":true,"href":"https:\/\/seryhumano.com\/web\/index.php?rest_route=\/wp\/v2\/media\/11451"}],"wp:attachment":[{"href":"https:\/\/seryhumano.com\/web\/index.php?rest_route=%2Fwp%2Fv2%2Fmedia&parent=11440"}],"wp:term":[{"taxonomy":"category","embeddable":true,"href":"https:\/\/seryhumano.com\/web\/index.php?rest_route=%2Fwp%2Fv2%2Fcategories&post=11440"},{"taxonomy":"post_tag","embeddable":true,"href":"https:\/\/seryhumano.com\/web\/index.php?rest_route=%2Fwp%2Fv2%2Ftags&post=11440"}],"curies":[{"name":"wp","href":"https:\/\/api.w.org\/{rel}","templated":true}]}}