{"id":11500,"date":"2014-04-18T11:12:50","date_gmt":"2014-04-18T15:42:50","guid":{"rendered":"https:\/\/seryhumano.com\/web\/?p=11500"},"modified":"2014-04-18T13:13:16","modified_gmt":"2014-04-18T17:43:16","slug":"muere-el-escritor-gabriel-garcia-marquez","status":"publish","type":"post","link":"https:\/\/seryhumano.com\/web\/?p=11500","title":{"rendered":"Muere el escritor Gabriel Garc\u00eda M\u00e1rquez"},"content":{"rendered":"<p><a href=\"https:\/\/seryhumano.com\/web\/?attachment_id=11501\" rel=\"attachment wp-att-11501\"><img loading=\"lazy\" decoding=\"async\" class=\"alignleft size-medium wp-image-11501\" alt=\"Gabriel-Garc\u00eda-M\u00e1rquez\" src=\"https:\/\/seryhumano.com\/web\/wp-content\/uploads\/2014\/04\/Gabriel-Garc\u00eda-M\u00e1rquez-300x150.jpg\" width=\"300\" height=\"150\" srcset=\"https:\/\/seryhumano.com\/web\/wp-content\/uploads\/2014\/04\/Gabriel-Garc\u00eda-M\u00e1rquez-300x150.jpg 300w, https:\/\/seryhumano.com\/web\/wp-content\/uploads\/2014\/04\/Gabriel-Garc\u00eda-M\u00e1rquez.jpg 660w\" sizes=\"auto, (max-width: 300px) 100vw, 300px\" \/><\/a>El escritor colombiano Gabriel Garc\u00eda M\u00e1rquez, creador del realismo m\u00e1gico latinoamericano con su emblem\u00e1tica novela \u00abCien a\u00f1os de soledad\u00bb, muri\u00f3 este jueves en la Ciudad de M\u00e9xico a los 87 a\u00f1os de edad, dijo una periodista mexicana cercana a la familia.<\/p>\n<p>Garc\u00eda M\u00e1rquez, Premio Nobel de Literatura 1982, hab\u00eda salido recientemente de un hospital en la Ciudad de M\u00e9xico en el que permaneci\u00f3 internado una semana por una infecci\u00f3n pulmonar y de v\u00edas urinarias, inform\u00f3 Reuters.<\/p>\n<p>\u00abMuere Gabriel Garc\u00eda M\u00e1rquez. Mercedes (su esposa) y sus hijos, Rodrigo y Gonzalo, me autorizan a dar la informaci\u00f3n\u00bb, dijo en su cuenta de Twitter Fernanda Familiar, una periodista cercana a la familia que ayudaba al escritor como enlace con la prensa.<\/p>\n<p>A trav\u00e9s de la red social Twitter, el presidente de Colombia, Juan Manuel Santos, lament\u00f3 la noticia.\u00a0 \u00ab\u00a1Mil a\u00f1os de soledad y tristeza por la muerte del m\u00e1s grande colombiano de todos los tiempos! Solidaridad y condolencias a la Gaba y familia\u00bb, escribi\u00f3.<\/p>\n<p>Garc\u00eda M\u00e1rquez naci\u00f3 el 6 de marzo de 1927 en Aracataca, departamento del Magdalena en Colombia. Fallece este jueves 17 de abril en su casa de Ciudad de M\u00e9xico. Fue uno de los escritores m\u00e1s admirados en el mundo, novelista, cuentista, guionista y periodista colombiano. Vendi\u00f3 m\u00e1s de 40 millones de libros en el mundo.<a href=\"https:\/\/seryhumano.com\/web\/?attachment_id=11502\" rel=\"attachment wp-att-11502\"><img loading=\"lazy\" decoding=\"async\" class=\"alignright size-medium wp-image-11502\" alt=\"Gabriel-Garcia-Marquez\" src=\"https:\/\/seryhumano.com\/web\/wp-content\/uploads\/2014\/04\/Gabriel-Garcia-Marquez-300x168.jpg\" width=\"300\" height=\"168\" srcset=\"https:\/\/seryhumano.com\/web\/wp-content\/uploads\/2014\/04\/Gabriel-Garcia-Marquez-300x168.jpg 300w, https:\/\/seryhumano.com\/web\/wp-content\/uploads\/2014\/04\/Gabriel-Garcia-Marquez.jpg 644w\" sizes=\"auto, (max-width: 300px) 100vw, 300px\" \/><\/a><\/p>\n<p><b>Una vida para escribir<\/b><\/p>\n<p>En 1940 El Gabo abandon\u00f3 la costa colombiana para estudiar interno con una beca en el Liceo Nacional de Zipaquir\u00e1, una localidad cercana a Bogot\u00e1 donde conoci\u00f3 el fr\u00edo, la introspecci\u00f3n y su talento para la escritura, temporalmente frustrado por el empe\u00f1o de su padre en que estudiara Derecho.<\/p>\n<p>No obstante, en septiembre de 1947 public\u00f3 su primer cuento, \u00abLa tercera resignaci\u00f3n\u00bb, en el diario El Espectador, y su papel como promesa literaria comenz\u00f3 a forjarse en Bogot\u00e1 hasta que el asesinato del l\u00edder Jorge Eli\u00e9cer Gait\u00e1n y los consiguientes disturbios del \u00abBogotazo\u00bb le obligaron a volver a la costa en 1948.<\/p>\n<p>All\u00ed se vincul\u00f3 al Grupo de Barranquilla, donde con intelectuales se acerc\u00f3 a los cl\u00e1sicos rusos, estadounidenses e ingleses y perfeccion\u00f3 su estilo directo, ya como columnista de El Universal de Cartagena, de El Heraldo de Barranquilla y como cr\u00edtico de cine y reportero de El Espectador, destac\u00f3 EFE.<\/p>\n<p>La publicaci\u00f3n de \u00abLa hojarasca\u00bb y sobre todo del reportaje por entregas \u00abRelato de un n\u00e1ufrago\u00bb le vali\u00f3 la censura del r\u00e9gimen del \u00faltimo dictador de Colombia, el general Gustavo Rojas Pinilla, lo que marc\u00f3 el inicio de su carrera como corresponsal superviviente por Europa, la Uni\u00f3n Sovi\u00e9tica de entonces, Estados Unidos y Venezuela.<\/p>\n<p>\u00abEl hijo del telegrafista\u00bb, como se presentaba, huy\u00f3 siempre de identificarse como un intelectual de su tiempo, pero lo fue, pues cultiv\u00f3 su amor por la pintura y la m\u00fasica, fue accionista de la revista colombiana Cambio y fund\u00f3 instituciones como la Fundaci\u00f3n Nuevo Periodismo Iberoamericano (FNPI) y la Escuela de Cine de San Antonio de los Ba\u00f1os de Cuba.<\/p>\n<p>Adem\u00e1s, en su etapa europea ya se hab\u00eda empezado a codear con c\u00e9lebres escritores como el colombiano Plinio Apuleyo Mendoza o Mario Vargas Llosa, amigo cercano en la \u00e9poca parisina y de quien se alej\u00f3 en 1976 cuando el nobel peruano le asest\u00f3, en p\u00fablico, un derechazo en un ojo por un episodio del que ambos guardaron el secreto.<\/p>\n<p><b>Pol\u00e9mica amistad con Fidel Castro<\/b><\/p>\n<p><a href=\"https:\/\/seryhumano.com\/web\/?attachment_id=11503\" rel=\"attachment wp-att-11503\"><img loading=\"lazy\" decoding=\"async\" class=\"alignleft size-medium wp-image-11503\" alt=\"Garcia_Marquez_1984\" src=\"https:\/\/seryhumano.com\/web\/wp-content\/uploads\/2014\/04\/Garcia_Marquez_1984-177x300.jpg\" width=\"177\" height=\"300\" srcset=\"https:\/\/seryhumano.com\/web\/wp-content\/uploads\/2014\/04\/Garcia_Marquez_1984-177x300.jpg 177w, https:\/\/seryhumano.com\/web\/wp-content\/uploads\/2014\/04\/Garcia_Marquez_1984.jpg 456w\" sizes=\"auto, (max-width: 177px) 100vw, 177px\" \/><\/a>En 1959 conoci\u00f3 en La Habana al triunfal l\u00edder de la revoluci\u00f3n cubana, Fidel Castro, momento en el que comenz\u00f3 una pol\u00e9mica amistad que seg\u00fan Garc\u00eda M\u00e1rquez se basaba en pasiones como la literatura o la gastronom\u00eda.<\/p>\n<p>Pero Castro fue el \u00fanico mandatario con el que altern\u00f3 el Nobel, pues como afirma su bi\u00f3grafo brit\u00e1nico Gerald Martin, Gabo ten\u00eda una \u00abenorme fascinaci\u00f3n por el poder\u00bb que le llev\u00f3 a ser amigo, entre otros, del espa\u00f1ol Felipe Gonz\u00e1lez y del estadounidense Bill Clinton, quien hace unos a\u00f1os le visit\u00f3 en su casa de Cartagena de Indias y le confes\u00f3 cu\u00e1nto le quer\u00eda.<\/p>\n<p>A principios de los sesenta ya se hab\u00eda casado con Mercedes Barcha y hab\u00eda tenido a sus dos hijos, Rodrigo y Gonzalo, con quienes se traslad\u00f3 a vivir a M\u00e9xico, donde escribi\u00f3 guiones, as\u00ed como las novelas \u00abEl coronel no tiene quien le escriba\u00bb, \u00abLa mala hora\u00bb y el libro de relatos \u00abLos funerales de la Mam\u00e1 Grande\u00bb.<\/p>\n<p><b>La mejor novela: \u00abCien a\u00f1os de soledad\u00bb<\/b><\/p>\n<p>En 1967 lleg\u00f3 \u00abCien a\u00f1os de soledad\u00bb, al cabo de dos d\u00e9cadas de disciplina y estratagemas de Mercedes para que el carnicero le fiara, obra con la que barri\u00f3 en las librer\u00edas y se consolid\u00f3 como el padre de un estilo poli\u00e9drico, de una rica prosa y de descripciones detallistas hasta el extremo.<\/p>\n<p>Consolidado despu\u00e9s de este \u00abvallenato de 450 p\u00e1ginas\u00bb que el poeta chileno Pablo Neruda calific\u00f3 como \u00abla mejor novela que se ha escrito en castellano despu\u00e9s de &#8216;El Quijote'\u00bb, le siguieron cuatro libros m\u00e1s, tres vol\u00famenes de cuentos y dos relatos a caballo entre Barcelona, M\u00e9xico, La Habana y Cartagena.<\/p>\n<p><b>De liqui liqui recibi\u00f3 el Nobel<a href=\"https:\/\/seryhumano.com\/web\/?attachment_id=11504\" rel=\"attachment wp-att-11504\"><img loading=\"lazy\" decoding=\"async\" class=\"alignright size-full wp-image-11504\" alt=\"200px-GGM_nobel\" src=\"https:\/\/seryhumano.com\/web\/wp-content\/uploads\/2014\/04\/200px-GGM_nobel.jpg\" width=\"200\" height=\"275\" \/><\/a><\/b><\/p>\n<p>Vestido con un inmaculado liqui liqui, el traje que manda el protocolo caribe\u00f1o, recibi\u00f3 en Estocolmo el Premio Nobel de Literatura en 1982, en una pura reivindicaci\u00f3n de su hemisferio que resumi\u00f3 en el potente discurso \u00abLa soledad de Am\u00e9rica Latina\u00bb.<\/p>\n<p>La Academia explic\u00f3 que el colombiano merec\u00eda el premio porque \u00absus novelas e historias cortas re\u00fanen la fantas\u00eda y la realidad que se combinan en un tranquilo mundo de imaginaci\u00f3n rica, reflejando la vida y los conflictos de un continente\u00bb.<\/p>\n<p>Y es que su compromiso con las causas latinoamericanas nunca ha menguado: particip\u00f3 como mediador en los intentos frustrados de paz con las guerrillas en Colombia de 1985 y 1998-2002, rechaz\u00f3 p\u00fablicamente el bloqueo estadounidense contra Cuba y firm\u00f3 la \u00abProclama de Panam\u00e1\u00bb por la independencia de Puerto Rico.<\/p>\n<p>En 1999 le detectaron un c\u00e1ncer linf\u00e1tico que super\u00f3 escribiendo sus memorias \u00abVivir para contarla\u00bb (2002), para apartarse del ruido medi\u00e1tico y aparecer s\u00f3lo en los d\u00edas de su cumplea\u00f1os, siempre sonriente y tratando de disimular las lagunas de la memoria. \u00abLa vida no es la que uno vivi\u00f3, sino la que uno recuerda, y c\u00f3mo la recuerda para contarla\u00bb, afirm\u00f3 en su d\u00eda.<\/p>\n<p>seryhumano.com<\/p>\n<p>Fuente: eluniversal.com<\/p>\n","protected":false},"excerpt":{"rendered":"<p>El escritor colombiano Gabriel Garc\u00eda M\u00e1rquez, creador del realismo m\u00e1gico latinoamericano con su emblem\u00e1tica novela \u00abCien a\u00f1os de soledad\u00bb, muri\u00f3 este jueves en la Ciudad de M\u00e9xico a los 87 a\u00f1os de edad, dijo una periodista mexicana cercana a la familia. Garc\u00eda M\u00e1rquez, Premio Nobel de Literatura 1982, hab\u00eda salido recientemente de un hospital en&hellip;<\/p>\n","protected":false},"author":2,"featured_media":11511,"comment_status":"closed","ping_status":"closed","sticky":false,"template":"","format":"standard","meta":{"footnotes":""},"categories":[113],"tags":[111],"class_list":["post-11500","post","type-post","status-publish","format-standard","has-post-thumbnail","hentry","category-gente","tag-slider","category-113","description-off"],"yoast_head":"<!-- This site is optimized with the Yoast SEO plugin v25.4 - https:\/\/yoast.com\/wordpress\/plugins\/seo\/ -->\n<title>Muere el escritor Gabriel Garc\u00eda M\u00e1rquez<\/title>\n<meta name=\"description\" content=\"El escritor colombiano Gabriel Garc\u00eda M\u00e1rquez, creador del realismo m\u00e1gico latinoamericano con su emblem\u00e1tica novela &quot;Cien a\u00f1os de soledad&quot;, muri\u00f3 este jueves en la Ciudad de M\u00e9xico a los 87 a\u00f1os de edad, dijo una periodista mexicana cercana a la familia.\" \/>\n<meta name=\"robots\" content=\"index, follow, max-snippet:-1, max-image-preview:large, max-video-preview:-1\" \/>\n<link rel=\"canonical\" href=\"https:\/\/seryhumano.com\/web\/?p=11500\" \/>\n<meta property=\"og:locale\" content=\"es_ES\" \/>\n<meta property=\"og:type\" content=\"article\" \/>\n<meta property=\"og:title\" content=\"Muere el escritor Gabriel Garc\u00eda M\u00e1rquez\" \/>\n<meta property=\"og:description\" content=\"El escritor colombiano Gabriel Garc\u00eda M\u00e1rquez, creador del realismo m\u00e1gico latinoamericano con su emblem\u00e1tica novela &quot;Cien a\u00f1os de soledad&quot;, muri\u00f3 este jueves en la Ciudad de M\u00e9xico a los 87 a\u00f1os de edad, dijo una periodista mexicana cercana a la familia.\" \/>\n<meta property=\"og:url\" content=\"https:\/\/seryhumano.com\/web\/?p=11500\" \/>\n<meta property=\"og:site_name\" content=\"SeryHumano.com\" \/>\n<meta property=\"article:publisher\" content=\"https:\/\/www.facebook.com\/seryhumano\/\" \/>\n<meta property=\"article:published_time\" content=\"2014-04-18T15:42:50+00:00\" \/>\n<meta property=\"article:modified_time\" content=\"2014-04-18T17:43:16+00:00\" \/>\n<meta property=\"og:image\" content=\"https:\/\/seryhumano.com\/web\/wp-content\/uploads\/2014\/04\/featureslider_GGM.jpg\" \/>\n\t<meta property=\"og:image:width\" content=\"910\" \/>\n\t<meta property=\"og:image:height\" content=\"227\" \/>\n\t<meta property=\"og:image:type\" content=\"image\/jpeg\" \/>\n<meta name=\"author\" content=\"@herrera_yosmar\" \/>\n<meta name=\"twitter:card\" content=\"summary_large_image\" \/>\n<meta name=\"twitter:creator\" content=\"@SeryHumano\" \/>\n<meta name=\"twitter:site\" content=\"@SeryHumano\" \/>\n<meta name=\"twitter:label1\" content=\"Escrito por\" \/>\n\t<meta name=\"twitter:data1\" content=\"@herrera_yosmar\" \/>\n\t<meta name=\"twitter:label2\" content=\"Tiempo de lectura\" \/>\n\t<meta name=\"twitter:data2\" content=\"5 minutos\" \/>\n<script type=\"application\/ld+json\" class=\"yoast-schema-graph\">{\"@context\":\"https:\/\/schema.org\",\"@graph\":[{\"@type\":\"Article\",\"@id\":\"https:\/\/seryhumano.com\/web\/?p=11500#article\",\"isPartOf\":{\"@id\":\"https:\/\/seryhumano.com\/web\/?p=11500\"},\"author\":{\"name\":\"@herrera_yosmar\",\"@id\":\"https:\/\/seryhumano.com\/web\/#\/schema\/person\/fd30e8e0b394a62344b44d9b0fe75795\"},\"headline\":\"Muere el escritor Gabriel Garc\u00eda M\u00e1rquez\",\"datePublished\":\"2014-04-18T15:42:50+00:00\",\"dateModified\":\"2014-04-18T17:43:16+00:00\",\"mainEntityOfPage\":{\"@id\":\"https:\/\/seryhumano.com\/web\/?p=11500\"},\"wordCount\":1106,\"publisher\":{\"@id\":\"https:\/\/seryhumano.com\/web\/#organization\"},\"image\":{\"@id\":\"https:\/\/seryhumano.com\/web\/?p=11500#primaryimage\"},\"thumbnailUrl\":\"https:\/\/seryhumano.com\/web\/wp-content\/uploads\/2014\/04\/featureslider_GGM.jpg\",\"keywords\":[\"Slider\"],\"articleSection\":[\"Gente\"],\"inLanguage\":\"es\"},{\"@type\":\"WebPage\",\"@id\":\"https:\/\/seryhumano.com\/web\/?p=11500\",\"url\":\"https:\/\/seryhumano.com\/web\/?p=11500\",\"name\":\"Muere el escritor Gabriel Garc\u00eda M\u00e1rquez\",\"isPartOf\":{\"@id\":\"https:\/\/seryhumano.com\/web\/#website\"},\"primaryImageOfPage\":{\"@id\":\"https:\/\/seryhumano.com\/web\/?p=11500#primaryimage\"},\"image\":{\"@id\":\"https:\/\/seryhumano.com\/web\/?p=11500#primaryimage\"},\"thumbnailUrl\":\"https:\/\/seryhumano.com\/web\/wp-content\/uploads\/2014\/04\/featureslider_GGM.jpg\",\"datePublished\":\"2014-04-18T15:42:50+00:00\",\"dateModified\":\"2014-04-18T17:43:16+00:00\",\"description\":\"El escritor colombiano Gabriel Garc\u00eda M\u00e1rquez, creador del realismo m\u00e1gico latinoamericano con su emblem\u00e1tica novela \\\"Cien a\u00f1os de soledad\\\", muri\u00f3 este jueves en la Ciudad de M\u00e9xico a los 87 a\u00f1os de edad, dijo una periodista mexicana cercana a la familia.\",\"breadcrumb\":{\"@id\":\"https:\/\/seryhumano.com\/web\/?p=11500#breadcrumb\"},\"inLanguage\":\"es\",\"potentialAction\":[{\"@type\":\"ReadAction\",\"target\":[\"https:\/\/seryhumano.com\/web\/?p=11500\"]}]},{\"@type\":\"ImageObject\",\"inLanguage\":\"es\",\"@id\":\"https:\/\/seryhumano.com\/web\/?p=11500#primaryimage\",\"url\":\"https:\/\/seryhumano.com\/web\/wp-content\/uploads\/2014\/04\/featureslider_GGM.jpg\",\"contentUrl\":\"https:\/\/seryhumano.com\/web\/wp-content\/uploads\/2014\/04\/featureslider_GGM.jpg\",\"width\":910,\"height\":227},{\"@type\":\"BreadcrumbList\",\"@id\":\"https:\/\/seryhumano.com\/web\/?p=11500#breadcrumb\",\"itemListElement\":[{\"@type\":\"ListItem\",\"position\":1,\"name\":\"Portada\",\"item\":\"https:\/\/seryhumano.com\/web\/\"},{\"@type\":\"ListItem\",\"position\":2,\"name\":\"Muere el escritor Gabriel Garc\u00eda M\u00e1rquez\"}]},{\"@type\":\"WebSite\",\"@id\":\"https:\/\/seryhumano.com\/web\/#website\",\"url\":\"https:\/\/seryhumano.com\/web\/\",\"name\":\"SeryHumano.com\",\"description\":\"Revista digital muy humana, donde lo mas importante es el Ser...\",\"publisher\":{\"@id\":\"https:\/\/seryhumano.com\/web\/#organization\"},\"potentialAction\":[{\"@type\":\"SearchAction\",\"target\":{\"@type\":\"EntryPoint\",\"urlTemplate\":\"https:\/\/seryhumano.com\/web\/?s={search_term_string}\"},\"query-input\":{\"@type\":\"PropertyValueSpecification\",\"valueRequired\":true,\"valueName\":\"search_term_string\"}}],\"inLanguage\":\"es\"},{\"@type\":\"Organization\",\"@id\":\"https:\/\/seryhumano.com\/web\/#organization\",\"name\":\"SeryHumano.com\",\"url\":\"https:\/\/seryhumano.com\/web\/\",\"logo\":{\"@type\":\"ImageObject\",\"inLanguage\":\"es\",\"@id\":\"https:\/\/seryhumano.com\/web\/#\/schema\/logo\/image\/\",\"url\":\"https:\/\/seryhumano.com\/web\/wp-content\/uploads\/2020\/02\/JNe5VRwH_400x400-2.jpg\",\"contentUrl\":\"https:\/\/seryhumano.com\/web\/wp-content\/uploads\/2020\/02\/JNe5VRwH_400x400-2.jpg\",\"width\":400,\"height\":400,\"caption\":\"SeryHumano.com\"},\"image\":{\"@id\":\"https:\/\/seryhumano.com\/web\/#\/schema\/logo\/image\/\"},\"sameAs\":[\"https:\/\/www.facebook.com\/seryhumano\/\",\"https:\/\/x.com\/SeryHumano\",\"https:\/\/www.instagram.com\/seryhumano\/\",\"https:\/\/www.linkedin.com\/company\/seryhumano-com\/\",\"https:\/\/www.youtube.com\/channel\/UCYfgIGSxygVnJAW0e9ZBZWg\"]},{\"@type\":\"Person\",\"@id\":\"https:\/\/seryhumano.com\/web\/#\/schema\/person\/fd30e8e0b394a62344b44d9b0fe75795\",\"name\":\"@herrera_yosmar\",\"description\":\"Eterna enamorada de la vida, comunicadora, mam\u00e1 de tres\",\"sameAs\":[\"http:\/\/seryhumano.com\"],\"url\":\"https:\/\/seryhumano.com\/web\/?author=2\"}]}<\/script>\n<!-- \/ Yoast SEO plugin. -->","yoast_head_json":{"title":"Muere el escritor Gabriel Garc\u00eda M\u00e1rquez","description":"El escritor colombiano Gabriel Garc\u00eda M\u00e1rquez, creador del realismo m\u00e1gico latinoamericano con su emblem\u00e1tica novela \"Cien a\u00f1os de soledad\", muri\u00f3 este jueves en la Ciudad de M\u00e9xico a los 87 a\u00f1os de edad, dijo una periodista mexicana cercana a la familia.","robots":{"index":"index","follow":"follow","max-snippet":"max-snippet:-1","max-image-preview":"max-image-preview:large","max-video-preview":"max-video-preview:-1"},"canonical":"https:\/\/seryhumano.com\/web\/?p=11500","og_locale":"es_ES","og_type":"article","og_title":"Muere el escritor Gabriel Garc\u00eda M\u00e1rquez","og_description":"El escritor colombiano Gabriel Garc\u00eda M\u00e1rquez, creador del realismo m\u00e1gico latinoamericano con su emblem\u00e1tica novela \"Cien a\u00f1os de soledad\", muri\u00f3 este jueves en la Ciudad de M\u00e9xico a los 87 a\u00f1os de edad, dijo una periodista mexicana cercana a la familia.","og_url":"https:\/\/seryhumano.com\/web\/?p=11500","og_site_name":"SeryHumano.com","article_publisher":"https:\/\/www.facebook.com\/seryhumano\/","article_published_time":"2014-04-18T15:42:50+00:00","article_modified_time":"2014-04-18T17:43:16+00:00","og_image":[{"width":910,"height":227,"url":"https:\/\/seryhumano.com\/web\/wp-content\/uploads\/2014\/04\/featureslider_GGM.jpg","type":"image\/jpeg"}],"author":"@herrera_yosmar","twitter_card":"summary_large_image","twitter_creator":"@SeryHumano","twitter_site":"@SeryHumano","twitter_misc":{"Escrito por":"@herrera_yosmar","Tiempo de lectura":"5 minutos"},"schema":{"@context":"https:\/\/schema.org","@graph":[{"@type":"Article","@id":"https:\/\/seryhumano.com\/web\/?p=11500#article","isPartOf":{"@id":"https:\/\/seryhumano.com\/web\/?p=11500"},"author":{"name":"@herrera_yosmar","@id":"https:\/\/seryhumano.com\/web\/#\/schema\/person\/fd30e8e0b394a62344b44d9b0fe75795"},"headline":"Muere el escritor Gabriel Garc\u00eda M\u00e1rquez","datePublished":"2014-04-18T15:42:50+00:00","dateModified":"2014-04-18T17:43:16+00:00","mainEntityOfPage":{"@id":"https:\/\/seryhumano.com\/web\/?p=11500"},"wordCount":1106,"publisher":{"@id":"https:\/\/seryhumano.com\/web\/#organization"},"image":{"@id":"https:\/\/seryhumano.com\/web\/?p=11500#primaryimage"},"thumbnailUrl":"https:\/\/seryhumano.com\/web\/wp-content\/uploads\/2014\/04\/featureslider_GGM.jpg","keywords":["Slider"],"articleSection":["Gente"],"inLanguage":"es"},{"@type":"WebPage","@id":"https:\/\/seryhumano.com\/web\/?p=11500","url":"https:\/\/seryhumano.com\/web\/?p=11500","name":"Muere el escritor Gabriel Garc\u00eda M\u00e1rquez","isPartOf":{"@id":"https:\/\/seryhumano.com\/web\/#website"},"primaryImageOfPage":{"@id":"https:\/\/seryhumano.com\/web\/?p=11500#primaryimage"},"image":{"@id":"https:\/\/seryhumano.com\/web\/?p=11500#primaryimage"},"thumbnailUrl":"https:\/\/seryhumano.com\/web\/wp-content\/uploads\/2014\/04\/featureslider_GGM.jpg","datePublished":"2014-04-18T15:42:50+00:00","dateModified":"2014-04-18T17:43:16+00:00","description":"El escritor colombiano Gabriel Garc\u00eda M\u00e1rquez, creador del realismo m\u00e1gico latinoamericano con su emblem\u00e1tica novela \"Cien a\u00f1os de soledad\", muri\u00f3 este jueves en la Ciudad de M\u00e9xico a los 87 a\u00f1os de edad, dijo una periodista mexicana cercana a la familia.","breadcrumb":{"@id":"https:\/\/seryhumano.com\/web\/?p=11500#breadcrumb"},"inLanguage":"es","potentialAction":[{"@type":"ReadAction","target":["https:\/\/seryhumano.com\/web\/?p=11500"]}]},{"@type":"ImageObject","inLanguage":"es","@id":"https:\/\/seryhumano.com\/web\/?p=11500#primaryimage","url":"https:\/\/seryhumano.com\/web\/wp-content\/uploads\/2014\/04\/featureslider_GGM.jpg","contentUrl":"https:\/\/seryhumano.com\/web\/wp-content\/uploads\/2014\/04\/featureslider_GGM.jpg","width":910,"height":227},{"@type":"BreadcrumbList","@id":"https:\/\/seryhumano.com\/web\/?p=11500#breadcrumb","itemListElement":[{"@type":"ListItem","position":1,"name":"Portada","item":"https:\/\/seryhumano.com\/web\/"},{"@type":"ListItem","position":2,"name":"Muere el escritor Gabriel Garc\u00eda M\u00e1rquez"}]},{"@type":"WebSite","@id":"https:\/\/seryhumano.com\/web\/#website","url":"https:\/\/seryhumano.com\/web\/","name":"SeryHumano.com","description":"Revista digital muy humana, donde lo mas importante es el Ser...","publisher":{"@id":"https:\/\/seryhumano.com\/web\/#organization"},"potentialAction":[{"@type":"SearchAction","target":{"@type":"EntryPoint","urlTemplate":"https:\/\/seryhumano.com\/web\/?s={search_term_string}"},"query-input":{"@type":"PropertyValueSpecification","valueRequired":true,"valueName":"search_term_string"}}],"inLanguage":"es"},{"@type":"Organization","@id":"https:\/\/seryhumano.com\/web\/#organization","name":"SeryHumano.com","url":"https:\/\/seryhumano.com\/web\/","logo":{"@type":"ImageObject","inLanguage":"es","@id":"https:\/\/seryhumano.com\/web\/#\/schema\/logo\/image\/","url":"https:\/\/seryhumano.com\/web\/wp-content\/uploads\/2020\/02\/JNe5VRwH_400x400-2.jpg","contentUrl":"https:\/\/seryhumano.com\/web\/wp-content\/uploads\/2020\/02\/JNe5VRwH_400x400-2.jpg","width":400,"height":400,"caption":"SeryHumano.com"},"image":{"@id":"https:\/\/seryhumano.com\/web\/#\/schema\/logo\/image\/"},"sameAs":["https:\/\/www.facebook.com\/seryhumano\/","https:\/\/x.com\/SeryHumano","https:\/\/www.instagram.com\/seryhumano\/","https:\/\/www.linkedin.com\/company\/seryhumano-com\/","https:\/\/www.youtube.com\/channel\/UCYfgIGSxygVnJAW0e9ZBZWg"]},{"@type":"Person","@id":"https:\/\/seryhumano.com\/web\/#\/schema\/person\/fd30e8e0b394a62344b44d9b0fe75795","name":"@herrera_yosmar","description":"Eterna enamorada de la vida, comunicadora, mam\u00e1 de tres","sameAs":["http:\/\/seryhumano.com"],"url":"https:\/\/seryhumano.com\/web\/?author=2"}]}},"_links":{"self":[{"href":"https:\/\/seryhumano.com\/web\/index.php?rest_route=\/wp\/v2\/posts\/11500","targetHints":{"allow":["GET"]}}],"collection":[{"href":"https:\/\/seryhumano.com\/web\/index.php?rest_route=\/wp\/v2\/posts"}],"about":[{"href":"https:\/\/seryhumano.com\/web\/index.php?rest_route=\/wp\/v2\/types\/post"}],"author":[{"embeddable":true,"href":"https:\/\/seryhumano.com\/web\/index.php?rest_route=\/wp\/v2\/users\/2"}],"replies":[{"embeddable":true,"href":"https:\/\/seryhumano.com\/web\/index.php?rest_route=%2Fwp%2Fv2%2Fcomments&post=11500"}],"version-history":[{"count":0,"href":"https:\/\/seryhumano.com\/web\/index.php?rest_route=\/wp\/v2\/posts\/11500\/revisions"}],"wp:featuredmedia":[{"embeddable":true,"href":"https:\/\/seryhumano.com\/web\/index.php?rest_route=\/wp\/v2\/media\/11511"}],"wp:attachment":[{"href":"https:\/\/seryhumano.com\/web\/index.php?rest_route=%2Fwp%2Fv2%2Fmedia&parent=11500"}],"wp:term":[{"taxonomy":"category","embeddable":true,"href":"https:\/\/seryhumano.com\/web\/index.php?rest_route=%2Fwp%2Fv2%2Fcategories&post=11500"},{"taxonomy":"post_tag","embeddable":true,"href":"https:\/\/seryhumano.com\/web\/index.php?rest_route=%2Fwp%2Fv2%2Ftags&post=11500"}],"curies":[{"name":"wp","href":"https:\/\/api.w.org\/{rel}","templated":true}]}}