{"id":11956,"date":"2014-05-13T21:15:11","date_gmt":"2014-05-14T01:45:11","guid":{"rendered":"https:\/\/seryhumano.com\/web\/?p=11956"},"modified":"2014-05-15T09:57:36","modified_gmt":"2014-05-15T14:27:36","slug":"11956","status":"publish","type":"post","link":"https:\/\/seryhumano.com\/web\/?p=11956","title":{"rendered":"LA FUSI\u00d3N LATINA ESTAR\u00c1 EN LA PANTALLA DE HTV"},"content":{"rendered":"<p><a href=\"https:\/\/seryhumano.com\/web\/?attachment_id=11957\" rel=\"attachment wp-att-11957\"><img loading=\"lazy\" decoding=\"async\" class=\"size-full wp-image-11957 aligncenter\" alt=\"htv\" src=\"https:\/\/seryhumano.com\/web\/wp-content\/uploads\/2014\/05\/htv.jpg\" width=\"591\" height=\"591\" srcset=\"https:\/\/seryhumano.com\/web\/wp-content\/uploads\/2014\/05\/htv.jpg 591w, https:\/\/seryhumano.com\/web\/wp-content\/uploads\/2014\/05\/htv-150x150.jpg 150w, https:\/\/seryhumano.com\/web\/wp-content\/uploads\/2014\/05\/htv-300x300.jpg 300w, https:\/\/seryhumano.com\/web\/wp-content\/uploads\/2014\/05\/htv-50x50.jpg 50w\" sizes=\"auto, (max-width: 591px) 100vw, 591px\" \/><\/a>JUEVES 15 DE MAYO<\/p>\n<p><span style=\"line-height: 1.5em;\">Nunca antes la m\u00fasica latina e iberoamericana tuvo tantos exponentes como los que tiene hoy en d\u00eda, con m\u00fasicos que se destacan por su talento y creatividad.<\/span><\/p>\n<p>Caracas, mayo de 2014 \u2013 HTV, el canal que ofrece todo el poder y la seducci\u00f3n de la m\u00fasica y los ritmos latinos, est\u00e1 presentando en su programaci\u00f3n de mayo a grandes exponentes de los sonidos que cautivan a la audiencia latina.<\/p>\n<p><a href=\"https:\/\/seryhumano.com\/web\/?attachment_id=11958\" rel=\"attachment wp-att-11958\"><img loading=\"lazy\" decoding=\"async\" class=\" wp-image-11958 alignleft\" alt=\"SPA-Pipe Bueno 1\" src=\"https:\/\/seryhumano.com\/web\/wp-content\/uploads\/2014\/05\/SPA-Pipe-Bueno-1.jpg\" width=\"171\" height=\"209\" srcset=\"https:\/\/seryhumano.com\/web\/wp-content\/uploads\/2014\/05\/SPA-Pipe-Bueno-1.jpg 792w, https:\/\/seryhumano.com\/web\/wp-content\/uploads\/2014\/05\/SPA-Pipe-Bueno-1-245x300.jpg 245w\" sizes=\"auto, (max-width: 171px) 100vw, 171px\" \/><\/a>El jueves 15 de mayo, llega a HTV EN LA MIRA: PIPE BUENO, a las 2:30 pm. A sus 22 a\u00f1os, Pipe Bueno se ha convertido en un verdadero exponente de la fusi\u00f3n musical, al interpretar g\u00e9neros como la ranchera, el vallenato y la m\u00fasica norte\u00f1a. Estas fusiones las enriquece con orquestaciones novedosas que incluyen violines, trompetas, saxofones y acordeones.<\/p>\n<p>En su corta, pero fruct\u00edfera, carrera profesional ya ha editado tres discos de estudio: Pipe Bueno (de 2008), Me Enamor\u00e9 (de 2010) e Infinito (de 2011). En particular, su disco Pipe Bueno le permiti\u00f3 obtener ocho Premios Nuestra Tierra, una nominaci\u00f3n al Grammy Latino 2009 y un premio como Artista Debut Del A\u00f1o en los premios Shock.<\/p>\n<p>Acerca de sus planes futuros y la proyecci\u00f3n que piensa darle a su m\u00fasica durante este a\u00f1o, Pipe Bueno estar\u00e1 conversando con las c\u00e1maras de HTV en el especial EN LA MIRA.<br \/>\n\u00a1HTV se pone bueno!<\/p>\n<p><span style=\"line-height: 1.5em;\">[youtube https:\/\/www.youtube.com\/watch?v=AG-u_LZmirM \/youtube]<\/span><\/p>\n","protected":false},"excerpt":{"rendered":"<p>JUEVES 15 DE MAYO Nunca antes la m\u00fasica latina e iberoamericana tuvo tantos exponentes como los que tiene hoy en d\u00eda, con m\u00fasicos que se destacan por su talento y creatividad. Caracas, mayo de 2014 \u2013 HTV, el canal que ofrece todo el poder y la seducci\u00f3n de la m\u00fasica y los ritmos latinos, est\u00e1&hellip;<\/p>\n","protected":false},"author":1,"featured_media":11960,"comment_status":"closed","ping_status":"closed","sticky":false,"template":"","format":"standard","meta":{"footnotes":""},"categories":[129],"tags":[111],"class_list":["post-11956","post","type-post","status-publish","format-standard","has-post-thumbnail","hentry","category-variedades","tag-slider","category-129","description-off"],"yoast_head":"<!-- This site is optimized with the Yoast SEO plugin v25.4 - https:\/\/yoast.com\/wordpress\/plugins\/seo\/ -->\n<title>LA FUSION LATINA ESTARA EN LA PANTALLA DE HTV<\/title>\n<meta name=\"description\" content=\"Nunca antes la musica latina e iberoamericana tuvo tantos exponentes como los que tiene hoy en d\u00eda, con m\u00fasicos que se destacan por su talento y creatividad. Caracas, mayo de 2014 \u2013 HTV, el canal que ofrece todo el poder y la seducci\u00f3n de la m\u00fasica y los ritmos latinos, est\u00e1 presentando en su programaci\u00f3n de mayo a grandes exponentes de los sonidos que cautivan a la audiencia latina.\" \/>\n<meta name=\"robots\" content=\"index, follow, max-snippet:-1, max-image-preview:large, max-video-preview:-1\" \/>\n<link rel=\"canonical\" href=\"https:\/\/seryhumano.com\/web\/?p=11956\" \/>\n<meta property=\"og:locale\" content=\"es_ES\" \/>\n<meta property=\"og:type\" content=\"article\" \/>\n<meta property=\"og:title\" content=\"LA FUSION LATINA ESTARA EN LA PANTALLA DE HTV\" \/>\n<meta property=\"og:description\" content=\"Nunca antes la musica latina e iberoamericana tuvo tantos exponentes como los que tiene hoy en d\u00eda, con m\u00fasicos que se destacan por su talento y creatividad. Caracas, mayo de 2014 \u2013 HTV, el canal que ofrece todo el poder y la seducci\u00f3n de la m\u00fasica y los ritmos latinos, est\u00e1 presentando en su programaci\u00f3n de mayo a grandes exponentes de los sonidos que cautivan a la audiencia latina.\" \/>\n<meta property=\"og:url\" content=\"https:\/\/seryhumano.com\/web\/?p=11956\" \/>\n<meta property=\"og:site_name\" content=\"SeryHumano.com\" \/>\n<meta property=\"article:publisher\" content=\"https:\/\/www.facebook.com\/seryhumano\/\" \/>\n<meta property=\"article:author\" content=\"https:\/\/www.facebook.com\/erlinb\" \/>\n<meta property=\"article:published_time\" content=\"2014-05-14T01:45:11+00:00\" \/>\n<meta property=\"article:modified_time\" content=\"2014-05-15T14:27:36+00:00\" \/>\n<meta property=\"og:image\" content=\"https:\/\/seryhumano.com\/web\/wp-content\/uploads\/2014\/05\/featureslider_htv.jpg\" \/>\n\t<meta property=\"og:image:width\" content=\"910\" \/>\n\t<meta property=\"og:image:height\" content=\"227\" \/>\n\t<meta property=\"og:image:type\" content=\"image\/jpeg\" \/>\n<meta name=\"author\" content=\"@Erlinb\" \/>\n<meta name=\"twitter:card\" content=\"summary_large_image\" \/>\n<meta name=\"twitter:creator\" content=\"@erlinb\" \/>\n<meta name=\"twitter:site\" content=\"@SeryHumano\" \/>\n<meta name=\"twitter:label1\" content=\"Escrito por\" \/>\n\t<meta name=\"twitter:data1\" content=\"@Erlinb\" \/>\n\t<meta name=\"twitter:label2\" content=\"Tiempo de lectura\" \/>\n\t<meta name=\"twitter:data2\" content=\"1 minuto\" \/>\n<script type=\"application\/ld+json\" class=\"yoast-schema-graph\">{\"@context\":\"https:\/\/schema.org\",\"@graph\":[{\"@type\":\"Article\",\"@id\":\"https:\/\/seryhumano.com\/web\/?p=11956#article\",\"isPartOf\":{\"@id\":\"https:\/\/seryhumano.com\/web\/?p=11956\"},\"author\":{\"name\":\"@Erlinb\",\"@id\":\"https:\/\/seryhumano.com\/web\/#\/schema\/person\/8e7d4b3bcd9379207fed0df424027a9c\"},\"headline\":\"LA FUSI\u00d3N LATINA ESTAR\u00c1 EN LA PANTALLA DE HTV\",\"datePublished\":\"2014-05-14T01:45:11+00:00\",\"dateModified\":\"2014-05-15T14:27:36+00:00\",\"mainEntityOfPage\":{\"@id\":\"https:\/\/seryhumano.com\/web\/?p=11956\"},\"wordCount\":254,\"publisher\":{\"@id\":\"https:\/\/seryhumano.com\/web\/#organization\"},\"image\":{\"@id\":\"https:\/\/seryhumano.com\/web\/?p=11956#primaryimage\"},\"thumbnailUrl\":\"https:\/\/seryhumano.com\/web\/wp-content\/uploads\/2014\/05\/featureslider_htv.jpg\",\"keywords\":[\"Slider\"],\"articleSection\":[\"Variedades\"],\"inLanguage\":\"es\"},{\"@type\":\"WebPage\",\"@id\":\"https:\/\/seryhumano.com\/web\/?p=11956\",\"url\":\"https:\/\/seryhumano.com\/web\/?p=11956\",\"name\":\"LA FUSION LATINA ESTARA EN LA PANTALLA DE HTV\",\"isPartOf\":{\"@id\":\"https:\/\/seryhumano.com\/web\/#website\"},\"primaryImageOfPage\":{\"@id\":\"https:\/\/seryhumano.com\/web\/?p=11956#primaryimage\"},\"image\":{\"@id\":\"https:\/\/seryhumano.com\/web\/?p=11956#primaryimage\"},\"thumbnailUrl\":\"https:\/\/seryhumano.com\/web\/wp-content\/uploads\/2014\/05\/featureslider_htv.jpg\",\"datePublished\":\"2014-05-14T01:45:11+00:00\",\"dateModified\":\"2014-05-15T14:27:36+00:00\",\"description\":\"Nunca antes la musica latina e iberoamericana tuvo tantos exponentes como los que tiene hoy en d\u00eda, con m\u00fasicos que se destacan por su talento y creatividad. Caracas, mayo de 2014 \u2013 HTV, el canal que ofrece todo el poder y la seducci\u00f3n de la m\u00fasica y los ritmos latinos, est\u00e1 presentando en su programaci\u00f3n de mayo a grandes exponentes de los sonidos que cautivan a la audiencia latina.\",\"breadcrumb\":{\"@id\":\"https:\/\/seryhumano.com\/web\/?p=11956#breadcrumb\"},\"inLanguage\":\"es\",\"potentialAction\":[{\"@type\":\"ReadAction\",\"target\":[\"https:\/\/seryhumano.com\/web\/?p=11956\"]}]},{\"@type\":\"ImageObject\",\"inLanguage\":\"es\",\"@id\":\"https:\/\/seryhumano.com\/web\/?p=11956#primaryimage\",\"url\":\"https:\/\/seryhumano.com\/web\/wp-content\/uploads\/2014\/05\/featureslider_htv.jpg\",\"contentUrl\":\"https:\/\/seryhumano.com\/web\/wp-content\/uploads\/2014\/05\/featureslider_htv.jpg\",\"width\":910,\"height\":227},{\"@type\":\"BreadcrumbList\",\"@id\":\"https:\/\/seryhumano.com\/web\/?p=11956#breadcrumb\",\"itemListElement\":[{\"@type\":\"ListItem\",\"position\":1,\"name\":\"Portada\",\"item\":\"https:\/\/seryhumano.com\/web\/\"},{\"@type\":\"ListItem\",\"position\":2,\"name\":\"LA FUSI\u00d3N LATINA ESTAR\u00c1 EN LA PANTALLA DE HTV\"}]},{\"@type\":\"WebSite\",\"@id\":\"https:\/\/seryhumano.com\/web\/#website\",\"url\":\"https:\/\/seryhumano.com\/web\/\",\"name\":\"SeryHumano.com\",\"description\":\"Revista digital muy humana, donde lo mas importante es el Ser...\",\"publisher\":{\"@id\":\"https:\/\/seryhumano.com\/web\/#organization\"},\"potentialAction\":[{\"@type\":\"SearchAction\",\"target\":{\"@type\":\"EntryPoint\",\"urlTemplate\":\"https:\/\/seryhumano.com\/web\/?s={search_term_string}\"},\"query-input\":{\"@type\":\"PropertyValueSpecification\",\"valueRequired\":true,\"valueName\":\"search_term_string\"}}],\"inLanguage\":\"es\"},{\"@type\":\"Organization\",\"@id\":\"https:\/\/seryhumano.com\/web\/#organization\",\"name\":\"SeryHumano.com\",\"url\":\"https:\/\/seryhumano.com\/web\/\",\"logo\":{\"@type\":\"ImageObject\",\"inLanguage\":\"es\",\"@id\":\"https:\/\/seryhumano.com\/web\/#\/schema\/logo\/image\/\",\"url\":\"https:\/\/seryhumano.com\/web\/wp-content\/uploads\/2020\/02\/JNe5VRwH_400x400-2.jpg\",\"contentUrl\":\"https:\/\/seryhumano.com\/web\/wp-content\/uploads\/2020\/02\/JNe5VRwH_400x400-2.jpg\",\"width\":400,\"height\":400,\"caption\":\"SeryHumano.com\"},\"image\":{\"@id\":\"https:\/\/seryhumano.com\/web\/#\/schema\/logo\/image\/\"},\"sameAs\":[\"https:\/\/www.facebook.com\/seryhumano\/\",\"https:\/\/x.com\/SeryHumano\",\"https:\/\/www.instagram.com\/seryhumano\/\",\"https:\/\/www.linkedin.com\/company\/seryhumano-com\/\",\"https:\/\/www.youtube.com\/channel\/UCYfgIGSxygVnJAW0e9ZBZWg\"]},{\"@type\":\"Person\",\"@id\":\"https:\/\/seryhumano.com\/web\/#\/schema\/person\/8e7d4b3bcd9379207fed0df424027a9c\",\"name\":\"@Erlinb\",\"description\":\"Estoy en Seryhumano.com desde el primer d\u00eda, soy desarrollador web, escritor, m\u00fasico y enamorado de la vida, lo que escribo en esta web es porque de verdad me importa, me sali\u00f3 del alma o simplemente me pareci\u00f3 muy importante para compartirlo. | Mi m\u00fasica, mis experiencias, mi vida... | Si necesitas de un sitio web o alg\u00fan tipo de aplicaci\u00f3n o sistema web te dejo la web de mi empresa perfectcodex.com | por ac\u00e1 te dejo un enlace muy \u00fatil, la gente de 123depositos.com es s\u00faper r\u00e1pida segura y confiable -&gt; Env\u00eda dinero a Venezuela &lt;- |\",\"sameAs\":[\"http:\/\/perfectcodex.com\",\"https:\/\/www.facebook.com\/erlinb\",\"https:\/\/www.instagram.com\/erlinbrice\/\",\"https:\/\/www.linkedin.com\/in\/erlinb\/\",\"https:\/\/x.com\/erlinb\",\"https:\/\/erlinbrice.tumblr.com\/\"],\"url\":\"https:\/\/seryhumano.com\/web\/?author=1\"}]}<\/script>\n<!-- \/ Yoast SEO plugin. -->","yoast_head_json":{"title":"LA FUSION LATINA ESTARA EN LA PANTALLA DE HTV","description":"Nunca antes la musica latina e iberoamericana tuvo tantos exponentes como los que tiene hoy en d\u00eda, con m\u00fasicos que se destacan por su talento y creatividad. Caracas, mayo de 2014 \u2013 HTV, el canal que ofrece todo el poder y la seducci\u00f3n de la m\u00fasica y los ritmos latinos, est\u00e1 presentando en su programaci\u00f3n de mayo a grandes exponentes de los sonidos que cautivan a la audiencia latina.","robots":{"index":"index","follow":"follow","max-snippet":"max-snippet:-1","max-image-preview":"max-image-preview:large","max-video-preview":"max-video-preview:-1"},"canonical":"https:\/\/seryhumano.com\/web\/?p=11956","og_locale":"es_ES","og_type":"article","og_title":"LA FUSION LATINA ESTARA EN LA PANTALLA DE HTV","og_description":"Nunca antes la musica latina e iberoamericana tuvo tantos exponentes como los que tiene hoy en d\u00eda, con m\u00fasicos que se destacan por su talento y creatividad. Caracas, mayo de 2014 \u2013 HTV, el canal que ofrece todo el poder y la seducci\u00f3n de la m\u00fasica y los ritmos latinos, est\u00e1 presentando en su programaci\u00f3n de mayo a grandes exponentes de los sonidos que cautivan a la audiencia latina.","og_url":"https:\/\/seryhumano.com\/web\/?p=11956","og_site_name":"SeryHumano.com","article_publisher":"https:\/\/www.facebook.com\/seryhumano\/","article_author":"https:\/\/www.facebook.com\/erlinb","article_published_time":"2014-05-14T01:45:11+00:00","article_modified_time":"2014-05-15T14:27:36+00:00","og_image":[{"width":910,"height":227,"url":"https:\/\/seryhumano.com\/web\/wp-content\/uploads\/2014\/05\/featureslider_htv.jpg","type":"image\/jpeg"}],"author":"@Erlinb","twitter_card":"summary_large_image","twitter_creator":"@erlinb","twitter_site":"@SeryHumano","twitter_misc":{"Escrito por":"@Erlinb","Tiempo de lectura":"1 minuto"},"schema":{"@context":"https:\/\/schema.org","@graph":[{"@type":"Article","@id":"https:\/\/seryhumano.com\/web\/?p=11956#article","isPartOf":{"@id":"https:\/\/seryhumano.com\/web\/?p=11956"},"author":{"name":"@Erlinb","@id":"https:\/\/seryhumano.com\/web\/#\/schema\/person\/8e7d4b3bcd9379207fed0df424027a9c"},"headline":"LA FUSI\u00d3N LATINA ESTAR\u00c1 EN LA PANTALLA DE HTV","datePublished":"2014-05-14T01:45:11+00:00","dateModified":"2014-05-15T14:27:36+00:00","mainEntityOfPage":{"@id":"https:\/\/seryhumano.com\/web\/?p=11956"},"wordCount":254,"publisher":{"@id":"https:\/\/seryhumano.com\/web\/#organization"},"image":{"@id":"https:\/\/seryhumano.com\/web\/?p=11956#primaryimage"},"thumbnailUrl":"https:\/\/seryhumano.com\/web\/wp-content\/uploads\/2014\/05\/featureslider_htv.jpg","keywords":["Slider"],"articleSection":["Variedades"],"inLanguage":"es"},{"@type":"WebPage","@id":"https:\/\/seryhumano.com\/web\/?p=11956","url":"https:\/\/seryhumano.com\/web\/?p=11956","name":"LA FUSION LATINA ESTARA EN LA PANTALLA DE HTV","isPartOf":{"@id":"https:\/\/seryhumano.com\/web\/#website"},"primaryImageOfPage":{"@id":"https:\/\/seryhumano.com\/web\/?p=11956#primaryimage"},"image":{"@id":"https:\/\/seryhumano.com\/web\/?p=11956#primaryimage"},"thumbnailUrl":"https:\/\/seryhumano.com\/web\/wp-content\/uploads\/2014\/05\/featureslider_htv.jpg","datePublished":"2014-05-14T01:45:11+00:00","dateModified":"2014-05-15T14:27:36+00:00","description":"Nunca antes la musica latina e iberoamericana tuvo tantos exponentes como los que tiene hoy en d\u00eda, con m\u00fasicos que se destacan por su talento y creatividad. Caracas, mayo de 2014 \u2013 HTV, el canal que ofrece todo el poder y la seducci\u00f3n de la m\u00fasica y los ritmos latinos, est\u00e1 presentando en su programaci\u00f3n de mayo a grandes exponentes de los sonidos que cautivan a la audiencia latina.","breadcrumb":{"@id":"https:\/\/seryhumano.com\/web\/?p=11956#breadcrumb"},"inLanguage":"es","potentialAction":[{"@type":"ReadAction","target":["https:\/\/seryhumano.com\/web\/?p=11956"]}]},{"@type":"ImageObject","inLanguage":"es","@id":"https:\/\/seryhumano.com\/web\/?p=11956#primaryimage","url":"https:\/\/seryhumano.com\/web\/wp-content\/uploads\/2014\/05\/featureslider_htv.jpg","contentUrl":"https:\/\/seryhumano.com\/web\/wp-content\/uploads\/2014\/05\/featureslider_htv.jpg","width":910,"height":227},{"@type":"BreadcrumbList","@id":"https:\/\/seryhumano.com\/web\/?p=11956#breadcrumb","itemListElement":[{"@type":"ListItem","position":1,"name":"Portada","item":"https:\/\/seryhumano.com\/web\/"},{"@type":"ListItem","position":2,"name":"LA FUSI\u00d3N LATINA ESTAR\u00c1 EN LA PANTALLA DE HTV"}]},{"@type":"WebSite","@id":"https:\/\/seryhumano.com\/web\/#website","url":"https:\/\/seryhumano.com\/web\/","name":"SeryHumano.com","description":"Revista digital muy humana, donde lo mas importante es el Ser...","publisher":{"@id":"https:\/\/seryhumano.com\/web\/#organization"},"potentialAction":[{"@type":"SearchAction","target":{"@type":"EntryPoint","urlTemplate":"https:\/\/seryhumano.com\/web\/?s={search_term_string}"},"query-input":{"@type":"PropertyValueSpecification","valueRequired":true,"valueName":"search_term_string"}}],"inLanguage":"es"},{"@type":"Organization","@id":"https:\/\/seryhumano.com\/web\/#organization","name":"SeryHumano.com","url":"https:\/\/seryhumano.com\/web\/","logo":{"@type":"ImageObject","inLanguage":"es","@id":"https:\/\/seryhumano.com\/web\/#\/schema\/logo\/image\/","url":"https:\/\/seryhumano.com\/web\/wp-content\/uploads\/2020\/02\/JNe5VRwH_400x400-2.jpg","contentUrl":"https:\/\/seryhumano.com\/web\/wp-content\/uploads\/2020\/02\/JNe5VRwH_400x400-2.jpg","width":400,"height":400,"caption":"SeryHumano.com"},"image":{"@id":"https:\/\/seryhumano.com\/web\/#\/schema\/logo\/image\/"},"sameAs":["https:\/\/www.facebook.com\/seryhumano\/","https:\/\/x.com\/SeryHumano","https:\/\/www.instagram.com\/seryhumano\/","https:\/\/www.linkedin.com\/company\/seryhumano-com\/","https:\/\/www.youtube.com\/channel\/UCYfgIGSxygVnJAW0e9ZBZWg"]},{"@type":"Person","@id":"https:\/\/seryhumano.com\/web\/#\/schema\/person\/8e7d4b3bcd9379207fed0df424027a9c","name":"@Erlinb","description":"Estoy en Seryhumano.com desde el primer d\u00eda, soy desarrollador web, escritor, m\u00fasico y enamorado de la vida, lo que escribo en esta web es porque de verdad me importa, me sali\u00f3 del alma o simplemente me pareci\u00f3 muy importante para compartirlo. | Mi m\u00fasica, mis experiencias, mi vida... | Si necesitas de un sitio web o alg\u00fan tipo de aplicaci\u00f3n o sistema web te dejo la web de mi empresa perfectcodex.com | por ac\u00e1 te dejo un enlace muy \u00fatil, la gente de 123depositos.com es s\u00faper r\u00e1pida segura y confiable -&gt; Env\u00eda dinero a Venezuela &lt;- |","sameAs":["http:\/\/perfectcodex.com","https:\/\/www.facebook.com\/erlinb","https:\/\/www.instagram.com\/erlinbrice\/","https:\/\/www.linkedin.com\/in\/erlinb\/","https:\/\/x.com\/erlinb","https:\/\/erlinbrice.tumblr.com\/"],"url":"https:\/\/seryhumano.com\/web\/?author=1"}]}},"_links":{"self":[{"href":"https:\/\/seryhumano.com\/web\/index.php?rest_route=\/wp\/v2\/posts\/11956","targetHints":{"allow":["GET"]}}],"collection":[{"href":"https:\/\/seryhumano.com\/web\/index.php?rest_route=\/wp\/v2\/posts"}],"about":[{"href":"https:\/\/seryhumano.com\/web\/index.php?rest_route=\/wp\/v2\/types\/post"}],"author":[{"embeddable":true,"href":"https:\/\/seryhumano.com\/web\/index.php?rest_route=\/wp\/v2\/users\/1"}],"replies":[{"embeddable":true,"href":"https:\/\/seryhumano.com\/web\/index.php?rest_route=%2Fwp%2Fv2%2Fcomments&post=11956"}],"version-history":[{"count":0,"href":"https:\/\/seryhumano.com\/web\/index.php?rest_route=\/wp\/v2\/posts\/11956\/revisions"}],"wp:featuredmedia":[{"embeddable":true,"href":"https:\/\/seryhumano.com\/web\/index.php?rest_route=\/wp\/v2\/media\/11960"}],"wp:attachment":[{"href":"https:\/\/seryhumano.com\/web\/index.php?rest_route=%2Fwp%2Fv2%2Fmedia&parent=11956"}],"wp:term":[{"taxonomy":"category","embeddable":true,"href":"https:\/\/seryhumano.com\/web\/index.php?rest_route=%2Fwp%2Fv2%2Fcategories&post=11956"},{"taxonomy":"post_tag","embeddable":true,"href":"https:\/\/seryhumano.com\/web\/index.php?rest_route=%2Fwp%2Fv2%2Ftags&post=11956"}],"curies":[{"name":"wp","href":"https:\/\/api.w.org\/{rel}","templated":true}]}}