{"id":11966,"date":"2014-05-15T07:47:38","date_gmt":"2014-05-15T12:17:38","guid":{"rendered":"https:\/\/seryhumano.com\/web\/?p=11966"},"modified":"2014-05-15T21:13:56","modified_gmt":"2014-05-16T01:43:56","slug":"por-que-amo-la-escuela","status":"publish","type":"post","link":"https:\/\/seryhumano.com\/web\/?p=11966","title":{"rendered":"\u00bfPor qu\u00e9 amo la escuela?"},"content":{"rendered":"<p><a href=\"https:\/\/seryhumano.com\/web\/?attachment_id=11968\" rel=\"attachment wp-att-11968\"><img loading=\"lazy\" decoding=\"async\" class=\"alignleft size-full wp-image-11968\" alt=\"fco_escuelas\" src=\"https:\/\/seryhumano.com\/web\/wp-content\/uploads\/2014\/05\/fco_escuelas.jpg\" width=\"250\" height=\"280\" \/><\/a>La\u00a0escuela\u00a0es el complemento de la familia: palabras del Papa Francisco en su encuentro con las\u00a0escuelas\u00a0italianas el 10 \u00a0de mayo 2014<\/p>\n<p><i>\u00bfPor qu\u00e9 amo la\u00a0escuela? Probar\u00e9 a dec\u00edrselos.<\/i><\/p>\n<p><b>Siempre hay una mirada que te ayuda a crecer<\/b><\/p>\n<p>Tengo una imagen. He escuchado aqu\u00ed que no se crece solos y que siempre hay una mirada que te ayuda a crecer. Y tengo la imagen de mi primera maestra, aquella mujer que\u00a0me\u00a0recibi\u00f3 a los seis a\u00f1os, al primer nivel de la\u00a0escuela. Nunca la olvid\u00e9. Ella\u00a0me\u00a0hizo amar la\u00a0escuela. Y luego he ido a encontrarla durante toda la vida hasta el momento en que falleci\u00f3, a los 98 a\u00f1os. Y esta imagen\u00a0me\u00a0hace bien. Amo la\u00a0escuela\u00a0porque aquella mujer\u00a0me ense\u00f1\u00f3 a amarla. Este es el primer motivo por el que amo la\u00a0escuela.<\/p>\n<p><b>Ir a la\u00a0escuela\u00a0significa abrir la mente y el coraz\u00f3n a la realidad<\/b><\/p>\n<p>Amo la\u00a0escuela\u00a0porque es sin\u00f3nimo de apertura a la realidad. \u00a1Al menos as\u00ed deber\u00eda ser! No lo es siempre, y entonces quiere decir que es necesario cambiar un poco. Ir a la\u00a0escuela\u00a0significa abrir la mente y el coraz\u00f3n a la realidad, a la riqueza de sus aspectos, de sus dimensiones. \u00a1Y nosotros no tenemos derecho de tener miedo de la realidad!\u00a1Y esto es bell\u00edsimo! En los primeros a\u00f1os se aprende a 360 grados, luego poco a poco se profundiza hacia una direcci\u00f3n y finalmente se especializa. Pero si uno ha aprendido a aprender &#8211; y este es el secreto, \u00bfeh?, \u00a1aprender a aprender!- esto le queda para siempre, permanece una persona \u00a1abierta a la realidad! Esto lo ense\u00f1aba tambi\u00e9n un gran educador italiano, que era un sacerdote: Don Lorenzo Milani.<a href=\"https:\/\/seryhumano.com\/web\/?attachment_id=11970\" rel=\"attachment wp-att-11970\"><img loading=\"lazy\" decoding=\"async\" class=\"aligncenter size-full wp-image-11970\" alt=\"papa y la escuela\" src=\"https:\/\/seryhumano.com\/web\/wp-content\/uploads\/2014\/05\/papa-y-la-escuela.jpg\" width=\"347\" height=\"145\" srcset=\"https:\/\/seryhumano.com\/web\/wp-content\/uploads\/2014\/05\/papa-y-la-escuela.jpg 347w, https:\/\/seryhumano.com\/web\/wp-content\/uploads\/2014\/05\/papa-y-la-escuela-300x125.jpg 300w\" sizes=\"auto, (max-width: 347px) 100vw, 347px\" \/><\/a><\/p>\n<p>Los maestros son los primeros que deben permanecer abiertos a la realidad &#8211; he escuchado los testimonios de sus maestros;\u00a0me\u00a0ha dado gusto sentirlos tan abiertos a la realidad \u00a1con la mente siempre abierta a aprender! S\u00ed, porque si un maestro no est\u00e1 abierto a aprender, no es un buen maestro, y ni siquiera es interesante; los muchachos lo perciben, tienen \u00abolfato\u00bb, y son atra\u00eddos por profesores que tienen un pensamiento abierto, \u00abinconcluso\u00bb, que buscan \u00abalgo m\u00e1s\u00bb, y as\u00ed contagian esta actitud a los estudiantes. Este es uno de los motivos por el que amo la\u00a0escuela.<\/p>\n<p><b>La\u00a0escuela\u00a0es un lugar de encuentro<\/b><\/p>\n<p>Otro motivo es que la\u00a0escuela\u00a0es un lugar de encuentro. Porque todos nosotros estamos en camino, \u00bfeh? Poniendo en marcha un proceso, activando una v\u00eda. Y he escuchado que la\u00a0escuela\u00a0-todos lo hemos escuchado hoy- no es un estacionamiento, \u00bfeh? es un lugar de encuentro en el camino. Se encuentra a los compa\u00f1eros; se encuentra a los maestros; se encuentra al personal asistente. Los padres de familia encuentran a los profesores; el director encuentra a las familias, etc\u00e9tera.Y nosotros hoy tenemos necesidad de esta cultura del encuentro, \u00bfeh? para encontrarnos, para conocernos, para amarnos, para caminar juntos. Y esto es fundamental precisamente en la edad del crecimiento, como un complemento a la familia. La familia -sabemos- es el primer n\u00facleo de relaciones: la relaci\u00f3n con el padre y la madre y los hermanos es la base, y nos acompa\u00f1a siempre en la vida. Pero en la\u00a0escuela\u00a0nosotros \u00absocializamos\u00bb: encontramos personas diferentes a nosotros, diferentes por edad, por cultura, por proveniencia, por capacidades diferentes&#8230; La\u00a0escuela\u00a0es la primera sociedad que integra a la familia. La familia y la\u00a0escuela\u00a0\u00a1jam\u00e1s van contrapuestas! Son complementarias, y por lo tanto es importante que colaboren, en el respeto rec\u00edproco. Y las familias de los chicos de una clase pueden hacer mucho colaborando juntas entre ellas y con los maestros. Esto hace pensar en un proverbio africano que dice: \u00abPara educar a un hijo se necesita a todo un pueblo\u00bb. Para educar a un muchacho se necesita mucha gente: familia, escuela, maestros, personal asistente, profesores, \u00a1todos! \u00bfLes\u00a0gusta\u00a0este proverbio africano? Dig\u00e1moslo juntos: \u00a1Para educar a un hijo se necesita a todo un pueblo!, \u00a1juntos! \u00a1Para educar a un hijo se necesita a todo un pueblo! Piensen en esto, \u00bfeh? Piensen.<a href=\"https:\/\/seryhumano.com\/web\/?attachment_id=11972\" rel=\"attachment wp-att-11972\"><img loading=\"lazy\" decoding=\"async\" class=\"aligncenter size-full wp-image-11972\" alt=\"1399822146_home\" src=\"https:\/\/seryhumano.com\/web\/wp-content\/uploads\/2014\/05\/1399822146_home.jpg\" width=\"350\" height=\"210\" srcset=\"https:\/\/seryhumano.com\/web\/wp-content\/uploads\/2014\/05\/1399822146_home.jpg 350w, https:\/\/seryhumano.com\/web\/wp-content\/uploads\/2014\/05\/1399822146_home-300x180.jpg 300w\" sizes=\"auto, (max-width: 350px) 100vw, 350px\" \/><\/a><\/p>\n<p><b>La educaci\u00f3n no puede ser neutra<\/b><\/p>\n<p>Y tambi\u00e9n amo la\u00a0escuela\u00a0porque nos educa a lo verdadero, al bien y a lo bello. Las tres cosas van juntas; la educaci\u00f3n no puede ser neutra. O es positiva o es negativa; o nos enriquece o nos empobrece; o hace crecer a la persona o la deprime, incluso puede corromperla. Y en la educaci\u00f3n es muy importante lo que tambi\u00e9n hemos escuchado hoy: \u00a1siempre, es mejor una derrota limpia que una victoria sucia! \u00a1Recu\u00e9rdenlo!<\/p>\n<p>La misi\u00f3n de la\u00a0escuela\u00a0es desarrollar el sentido de lo verdadero, el sentido del bien y el sentido de lo bello. Y esto ocurre a trav\u00e9s de un camino rico, hecho por tantos \u00abingredientes\u00bb. \u00a1Es por esto del por qu\u00e9 existen tantas disciplinas! Porque el desarrollo es fruto de diversos elementos que act\u00faan juntos y estimulan a la inteligencia, a la consciencia, a la afectividad, al cuerpo, etc\u00e9tera. Por ejemplo, si estudio esta Plaza, la Plaza de San Pedro, aprendo cosas de arquitectura, de historia, de religi\u00f3n, tambi\u00e9n de astronom\u00eda &#8211; el obelisco recuerda al sol, pero pocos saben que esta plaza es tambi\u00e9n un gran meridiano.<\/p>\n<p>De esta manera cultivamos en nosotros lo verdadero, el bien y lo bello; y aprendemos que estas tres dimensiones no est\u00e1n jam\u00e1s separadas, sino siempre entrelazadas. Si una cosa es verdadera, es buena y es bella; si es bella, es buena y es verdadera; y si es buena, es verdadera y es bella. Y estos elementos juntos nos hacen crecer y nos ayudan a amar la vida, tambi\u00e9n cuando estamos mal, tambi\u00e9n en medio a los problemas. \u00a1La verdadera educaci\u00f3n nos hace amar la vida y nos abre a la plenitud de la vida!<br \/>\nY finalmente quisiera decir que en la\u00a0escuela\u00a0no solamente aprendemos conocimientos, contenidos, sino que aprendemos costumbres y tambi\u00e9n valores. Juntos. Se educa para conocer tantas cosas, o sea tantos contenidos importantes, para tener ciertas costumbres tambi\u00e9n para asumir los valores. Y esto es muy importante. Les deseo a todos ustedes, padres de familia, maestros, personas que trabajan en la\u00a0escuela, estudiantes, les deseo un hermoso camino en la\u00a0escuela, un camino que haga crecer, que haga crecer las tres lenguas, que una persona madura debe saber hablar: la lengua de la mente, la lengua del coraz\u00f3n y la lengua de las manos. Pero con armon\u00eda, o sea pensar aquello que t\u00fa sientes y aquello que t\u00fa haces; sentir bien aquello que t\u00fa piensas y aquello que haces; y hacer bien aquello que t\u00fa piensas y aquello que t\u00fa sientes. \u00a1Las tres lenguas, en armon\u00eda y juntas!<\/p>\n<p>\u00a1Gracias de nuevo! Gracias una vez m\u00e1s a los organizadores de esta jornada y a todos ustedes que han venido. Y por favor, por favor \u00a1no nos dejemos robar el amor por la\u00a0escuela! \u00a1Gracias!<\/p>\n<p>seryhumano.com \/ Papa Francisco<\/p>\n<p>Fuente: es.radiovaticana.va<\/p>\n","protected":false},"excerpt":{"rendered":"<p>La\u00a0escuela\u00a0es el complemento de la familia: palabras del Papa Francisco en su encuentro con las\u00a0escuelas\u00a0italianas el 10 \u00a0de mayo 2014 \u00bfPor qu\u00e9 amo la\u00a0escuela? Probar\u00e9 a dec\u00edrselos. Siempre hay una mirada que te ayuda a crecer Tengo una imagen. He escuchado aqu\u00ed que no se crece solos y que siempre hay una mirada que te&hellip;<\/p>\n","protected":false},"author":2,"featured_media":12010,"comment_status":"closed","ping_status":"closed","sticky":false,"template":"","format":"standard","meta":{"footnotes":""},"categories":[119],"tags":[111],"class_list":["post-11966","post","type-post","status-publish","format-standard","has-post-thumbnail","hentry","category-el-ser-y-yo","tag-slider","category-119","description-off"],"yoast_head":"<!-- This site is optimized with the Yoast SEO plugin v25.4 - https:\/\/yoast.com\/wordpress\/plugins\/seo\/ -->\n<title>\u00bfPor qu\u00e9 amo la escuela?<\/title>\n<meta name=\"description\" content=\"La escuela es el complemento de la familia: palabras del Papa Francisco en su encuentro con las escuelas italianas el 10 de mayo 2014 \u00bfPor qu\u00e9 amo la escuela? Probar\u00e9 a dec\u00edrselos.\" \/>\n<meta name=\"robots\" content=\"index, follow, max-snippet:-1, max-image-preview:large, max-video-preview:-1\" \/>\n<link rel=\"canonical\" href=\"https:\/\/seryhumano.com\/web\/?p=11966\" \/>\n<meta property=\"og:locale\" content=\"es_ES\" \/>\n<meta property=\"og:type\" content=\"article\" \/>\n<meta property=\"og:title\" content=\"\u00bfPor qu\u00e9 amo la escuela?\" \/>\n<meta property=\"og:description\" content=\"La escuela es el complemento de la familia: palabras del Papa Francisco en su encuentro con las escuelas italianas el 10 de mayo 2014 \u00bfPor qu\u00e9 amo la escuela? Probar\u00e9 a dec\u00edrselos.\" \/>\n<meta property=\"og:url\" content=\"https:\/\/seryhumano.com\/web\/?p=11966\" \/>\n<meta property=\"og:site_name\" content=\"SeryHumano.com\" \/>\n<meta property=\"article:publisher\" content=\"https:\/\/www.facebook.com\/seryhumano\/\" \/>\n<meta property=\"article:published_time\" content=\"2014-05-15T12:17:38+00:00\" \/>\n<meta property=\"article:modified_time\" content=\"2014-05-16T01:43:56+00:00\" \/>\n<meta property=\"og:image\" content=\"https:\/\/seryhumano.com\/web\/wp-content\/uploads\/2014\/05\/featureslider_xqmgustala-escuela.jpg\" \/>\n\t<meta property=\"og:image:width\" content=\"910\" \/>\n\t<meta property=\"og:image:height\" content=\"227\" \/>\n\t<meta property=\"og:image:type\" content=\"image\/jpeg\" \/>\n<meta name=\"author\" content=\"@herrera_yosmar\" \/>\n<meta name=\"twitter:card\" content=\"summary_large_image\" \/>\n<meta name=\"twitter:creator\" content=\"@SeryHumano\" \/>\n<meta name=\"twitter:site\" content=\"@SeryHumano\" \/>\n<meta name=\"twitter:label1\" content=\"Escrito por\" \/>\n\t<meta name=\"twitter:data1\" content=\"@herrera_yosmar\" \/>\n\t<meta name=\"twitter:label2\" content=\"Tiempo de lectura\" \/>\n\t<meta name=\"twitter:data2\" content=\"6 minutos\" \/>\n<script type=\"application\/ld+json\" class=\"yoast-schema-graph\">{\"@context\":\"https:\/\/schema.org\",\"@graph\":[{\"@type\":\"Article\",\"@id\":\"https:\/\/seryhumano.com\/web\/?p=11966#article\",\"isPartOf\":{\"@id\":\"https:\/\/seryhumano.com\/web\/?p=11966\"},\"author\":{\"name\":\"@herrera_yosmar\",\"@id\":\"https:\/\/seryhumano.com\/web\/#\/schema\/person\/fd30e8e0b394a62344b44d9b0fe75795\"},\"headline\":\"\u00bfPor qu\u00e9 amo la escuela?\",\"datePublished\":\"2014-05-15T12:17:38+00:00\",\"dateModified\":\"2014-05-16T01:43:56+00:00\",\"mainEntityOfPage\":{\"@id\":\"https:\/\/seryhumano.com\/web\/?p=11966\"},\"wordCount\":1210,\"publisher\":{\"@id\":\"https:\/\/seryhumano.com\/web\/#organization\"},\"image\":{\"@id\":\"https:\/\/seryhumano.com\/web\/?p=11966#primaryimage\"},\"thumbnailUrl\":\"https:\/\/seryhumano.com\/web\/wp-content\/uploads\/2014\/05\/featureslider_xqmgustala-escuela.jpg\",\"keywords\":[\"Slider\"],\"articleSection\":[\"El Ser y YO\"],\"inLanguage\":\"es\"},{\"@type\":\"WebPage\",\"@id\":\"https:\/\/seryhumano.com\/web\/?p=11966\",\"url\":\"https:\/\/seryhumano.com\/web\/?p=11966\",\"name\":\"\u00bfPor qu\u00e9 amo la escuela?\",\"isPartOf\":{\"@id\":\"https:\/\/seryhumano.com\/web\/#website\"},\"primaryImageOfPage\":{\"@id\":\"https:\/\/seryhumano.com\/web\/?p=11966#primaryimage\"},\"image\":{\"@id\":\"https:\/\/seryhumano.com\/web\/?p=11966#primaryimage\"},\"thumbnailUrl\":\"https:\/\/seryhumano.com\/web\/wp-content\/uploads\/2014\/05\/featureslider_xqmgustala-escuela.jpg\",\"datePublished\":\"2014-05-15T12:17:38+00:00\",\"dateModified\":\"2014-05-16T01:43:56+00:00\",\"description\":\"La escuela es el complemento de la familia: palabras del Papa Francisco en su encuentro con las escuelas italianas el 10 de mayo 2014 \u00bfPor qu\u00e9 amo la escuela? Probar\u00e9 a dec\u00edrselos.\",\"breadcrumb\":{\"@id\":\"https:\/\/seryhumano.com\/web\/?p=11966#breadcrumb\"},\"inLanguage\":\"es\",\"potentialAction\":[{\"@type\":\"ReadAction\",\"target\":[\"https:\/\/seryhumano.com\/web\/?p=11966\"]}]},{\"@type\":\"ImageObject\",\"inLanguage\":\"es\",\"@id\":\"https:\/\/seryhumano.com\/web\/?p=11966#primaryimage\",\"url\":\"https:\/\/seryhumano.com\/web\/wp-content\/uploads\/2014\/05\/featureslider_xqmgustala-escuela.jpg\",\"contentUrl\":\"https:\/\/seryhumano.com\/web\/wp-content\/uploads\/2014\/05\/featureslider_xqmgustala-escuela.jpg\",\"width\":910,\"height\":227},{\"@type\":\"BreadcrumbList\",\"@id\":\"https:\/\/seryhumano.com\/web\/?p=11966#breadcrumb\",\"itemListElement\":[{\"@type\":\"ListItem\",\"position\":1,\"name\":\"Portada\",\"item\":\"https:\/\/seryhumano.com\/web\/\"},{\"@type\":\"ListItem\",\"position\":2,\"name\":\"\u00bfPor qu\u00e9 amo la escuela?\"}]},{\"@type\":\"WebSite\",\"@id\":\"https:\/\/seryhumano.com\/web\/#website\",\"url\":\"https:\/\/seryhumano.com\/web\/\",\"name\":\"SeryHumano.com\",\"description\":\"Revista digital muy humana, donde lo mas importante es el Ser...\",\"publisher\":{\"@id\":\"https:\/\/seryhumano.com\/web\/#organization\"},\"potentialAction\":[{\"@type\":\"SearchAction\",\"target\":{\"@type\":\"EntryPoint\",\"urlTemplate\":\"https:\/\/seryhumano.com\/web\/?s={search_term_string}\"},\"query-input\":{\"@type\":\"PropertyValueSpecification\",\"valueRequired\":true,\"valueName\":\"search_term_string\"}}],\"inLanguage\":\"es\"},{\"@type\":\"Organization\",\"@id\":\"https:\/\/seryhumano.com\/web\/#organization\",\"name\":\"SeryHumano.com\",\"url\":\"https:\/\/seryhumano.com\/web\/\",\"logo\":{\"@type\":\"ImageObject\",\"inLanguage\":\"es\",\"@id\":\"https:\/\/seryhumano.com\/web\/#\/schema\/logo\/image\/\",\"url\":\"https:\/\/seryhumano.com\/web\/wp-content\/uploads\/2020\/02\/JNe5VRwH_400x400-2.jpg\",\"contentUrl\":\"https:\/\/seryhumano.com\/web\/wp-content\/uploads\/2020\/02\/JNe5VRwH_400x400-2.jpg\",\"width\":400,\"height\":400,\"caption\":\"SeryHumano.com\"},\"image\":{\"@id\":\"https:\/\/seryhumano.com\/web\/#\/schema\/logo\/image\/\"},\"sameAs\":[\"https:\/\/www.facebook.com\/seryhumano\/\",\"https:\/\/x.com\/SeryHumano\",\"https:\/\/www.instagram.com\/seryhumano\/\",\"https:\/\/www.linkedin.com\/company\/seryhumano-com\/\",\"https:\/\/www.youtube.com\/channel\/UCYfgIGSxygVnJAW0e9ZBZWg\"]},{\"@type\":\"Person\",\"@id\":\"https:\/\/seryhumano.com\/web\/#\/schema\/person\/fd30e8e0b394a62344b44d9b0fe75795\",\"name\":\"@herrera_yosmar\",\"description\":\"Eterna enamorada de la vida, comunicadora, mam\u00e1 de tres\",\"sameAs\":[\"http:\/\/seryhumano.com\"],\"url\":\"https:\/\/seryhumano.com\/web\/?author=2\"}]}<\/script>\n<!-- \/ Yoast SEO plugin. -->","yoast_head_json":{"title":"\u00bfPor qu\u00e9 amo la escuela?","description":"La escuela es el complemento de la familia: palabras del Papa Francisco en su encuentro con las escuelas italianas el 10 de mayo 2014 \u00bfPor qu\u00e9 amo la escuela? Probar\u00e9 a dec\u00edrselos.","robots":{"index":"index","follow":"follow","max-snippet":"max-snippet:-1","max-image-preview":"max-image-preview:large","max-video-preview":"max-video-preview:-1"},"canonical":"https:\/\/seryhumano.com\/web\/?p=11966","og_locale":"es_ES","og_type":"article","og_title":"\u00bfPor qu\u00e9 amo la escuela?","og_description":"La escuela es el complemento de la familia: palabras del Papa Francisco en su encuentro con las escuelas italianas el 10 de mayo 2014 \u00bfPor qu\u00e9 amo la escuela? Probar\u00e9 a dec\u00edrselos.","og_url":"https:\/\/seryhumano.com\/web\/?p=11966","og_site_name":"SeryHumano.com","article_publisher":"https:\/\/www.facebook.com\/seryhumano\/","article_published_time":"2014-05-15T12:17:38+00:00","article_modified_time":"2014-05-16T01:43:56+00:00","og_image":[{"width":910,"height":227,"url":"https:\/\/seryhumano.com\/web\/wp-content\/uploads\/2014\/05\/featureslider_xqmgustala-escuela.jpg","type":"image\/jpeg"}],"author":"@herrera_yosmar","twitter_card":"summary_large_image","twitter_creator":"@SeryHumano","twitter_site":"@SeryHumano","twitter_misc":{"Escrito por":"@herrera_yosmar","Tiempo de lectura":"6 minutos"},"schema":{"@context":"https:\/\/schema.org","@graph":[{"@type":"Article","@id":"https:\/\/seryhumano.com\/web\/?p=11966#article","isPartOf":{"@id":"https:\/\/seryhumano.com\/web\/?p=11966"},"author":{"name":"@herrera_yosmar","@id":"https:\/\/seryhumano.com\/web\/#\/schema\/person\/fd30e8e0b394a62344b44d9b0fe75795"},"headline":"\u00bfPor qu\u00e9 amo la escuela?","datePublished":"2014-05-15T12:17:38+00:00","dateModified":"2014-05-16T01:43:56+00:00","mainEntityOfPage":{"@id":"https:\/\/seryhumano.com\/web\/?p=11966"},"wordCount":1210,"publisher":{"@id":"https:\/\/seryhumano.com\/web\/#organization"},"image":{"@id":"https:\/\/seryhumano.com\/web\/?p=11966#primaryimage"},"thumbnailUrl":"https:\/\/seryhumano.com\/web\/wp-content\/uploads\/2014\/05\/featureslider_xqmgustala-escuela.jpg","keywords":["Slider"],"articleSection":["El Ser y YO"],"inLanguage":"es"},{"@type":"WebPage","@id":"https:\/\/seryhumano.com\/web\/?p=11966","url":"https:\/\/seryhumano.com\/web\/?p=11966","name":"\u00bfPor qu\u00e9 amo la escuela?","isPartOf":{"@id":"https:\/\/seryhumano.com\/web\/#website"},"primaryImageOfPage":{"@id":"https:\/\/seryhumano.com\/web\/?p=11966#primaryimage"},"image":{"@id":"https:\/\/seryhumano.com\/web\/?p=11966#primaryimage"},"thumbnailUrl":"https:\/\/seryhumano.com\/web\/wp-content\/uploads\/2014\/05\/featureslider_xqmgustala-escuela.jpg","datePublished":"2014-05-15T12:17:38+00:00","dateModified":"2014-05-16T01:43:56+00:00","description":"La escuela es el complemento de la familia: palabras del Papa Francisco en su encuentro con las escuelas italianas el 10 de mayo 2014 \u00bfPor qu\u00e9 amo la escuela? Probar\u00e9 a dec\u00edrselos.","breadcrumb":{"@id":"https:\/\/seryhumano.com\/web\/?p=11966#breadcrumb"},"inLanguage":"es","potentialAction":[{"@type":"ReadAction","target":["https:\/\/seryhumano.com\/web\/?p=11966"]}]},{"@type":"ImageObject","inLanguage":"es","@id":"https:\/\/seryhumano.com\/web\/?p=11966#primaryimage","url":"https:\/\/seryhumano.com\/web\/wp-content\/uploads\/2014\/05\/featureslider_xqmgustala-escuela.jpg","contentUrl":"https:\/\/seryhumano.com\/web\/wp-content\/uploads\/2014\/05\/featureslider_xqmgustala-escuela.jpg","width":910,"height":227},{"@type":"BreadcrumbList","@id":"https:\/\/seryhumano.com\/web\/?p=11966#breadcrumb","itemListElement":[{"@type":"ListItem","position":1,"name":"Portada","item":"https:\/\/seryhumano.com\/web\/"},{"@type":"ListItem","position":2,"name":"\u00bfPor qu\u00e9 amo la escuela?"}]},{"@type":"WebSite","@id":"https:\/\/seryhumano.com\/web\/#website","url":"https:\/\/seryhumano.com\/web\/","name":"SeryHumano.com","description":"Revista digital muy humana, donde lo mas importante es el Ser...","publisher":{"@id":"https:\/\/seryhumano.com\/web\/#organization"},"potentialAction":[{"@type":"SearchAction","target":{"@type":"EntryPoint","urlTemplate":"https:\/\/seryhumano.com\/web\/?s={search_term_string}"},"query-input":{"@type":"PropertyValueSpecification","valueRequired":true,"valueName":"search_term_string"}}],"inLanguage":"es"},{"@type":"Organization","@id":"https:\/\/seryhumano.com\/web\/#organization","name":"SeryHumano.com","url":"https:\/\/seryhumano.com\/web\/","logo":{"@type":"ImageObject","inLanguage":"es","@id":"https:\/\/seryhumano.com\/web\/#\/schema\/logo\/image\/","url":"https:\/\/seryhumano.com\/web\/wp-content\/uploads\/2020\/02\/JNe5VRwH_400x400-2.jpg","contentUrl":"https:\/\/seryhumano.com\/web\/wp-content\/uploads\/2020\/02\/JNe5VRwH_400x400-2.jpg","width":400,"height":400,"caption":"SeryHumano.com"},"image":{"@id":"https:\/\/seryhumano.com\/web\/#\/schema\/logo\/image\/"},"sameAs":["https:\/\/www.facebook.com\/seryhumano\/","https:\/\/x.com\/SeryHumano","https:\/\/www.instagram.com\/seryhumano\/","https:\/\/www.linkedin.com\/company\/seryhumano-com\/","https:\/\/www.youtube.com\/channel\/UCYfgIGSxygVnJAW0e9ZBZWg"]},{"@type":"Person","@id":"https:\/\/seryhumano.com\/web\/#\/schema\/person\/fd30e8e0b394a62344b44d9b0fe75795","name":"@herrera_yosmar","description":"Eterna enamorada de la vida, comunicadora, mam\u00e1 de tres","sameAs":["http:\/\/seryhumano.com"],"url":"https:\/\/seryhumano.com\/web\/?author=2"}]}},"_links":{"self":[{"href":"https:\/\/seryhumano.com\/web\/index.php?rest_route=\/wp\/v2\/posts\/11966","targetHints":{"allow":["GET"]}}],"collection":[{"href":"https:\/\/seryhumano.com\/web\/index.php?rest_route=\/wp\/v2\/posts"}],"about":[{"href":"https:\/\/seryhumano.com\/web\/index.php?rest_route=\/wp\/v2\/types\/post"}],"author":[{"embeddable":true,"href":"https:\/\/seryhumano.com\/web\/index.php?rest_route=\/wp\/v2\/users\/2"}],"replies":[{"embeddable":true,"href":"https:\/\/seryhumano.com\/web\/index.php?rest_route=%2Fwp%2Fv2%2Fcomments&post=11966"}],"version-history":[{"count":0,"href":"https:\/\/seryhumano.com\/web\/index.php?rest_route=\/wp\/v2\/posts\/11966\/revisions"}],"wp:featuredmedia":[{"embeddable":true,"href":"https:\/\/seryhumano.com\/web\/index.php?rest_route=\/wp\/v2\/media\/12010"}],"wp:attachment":[{"href":"https:\/\/seryhumano.com\/web\/index.php?rest_route=%2Fwp%2Fv2%2Fmedia&parent=11966"}],"wp:term":[{"taxonomy":"category","embeddable":true,"href":"https:\/\/seryhumano.com\/web\/index.php?rest_route=%2Fwp%2Fv2%2Fcategories&post=11966"},{"taxonomy":"post_tag","embeddable":true,"href":"https:\/\/seryhumano.com\/web\/index.php?rest_route=%2Fwp%2Fv2%2Ftags&post=11966"}],"curies":[{"name":"wp","href":"https:\/\/api.w.org\/{rel}","templated":true}]}}