{"id":12277,"date":"2014-05-28T19:48:08","date_gmt":"2014-05-29T00:18:08","guid":{"rendered":"https:\/\/seryhumano.com\/web\/?p=12277"},"modified":"2014-05-28T19:48:08","modified_gmt":"2014-05-29T00:18:08","slug":"eddy-marcano-y-su-viva-piazzolla","status":"publish","type":"post","link":"https:\/\/seryhumano.com\/web\/?p=12277","title":{"rendered":"Eddy Marcano y su \u00a1VIVA PIAZZOLLA!"},"content":{"rendered":"<p style=\"text-align: left;\"><a href=\"https:\/\/seryhumano.com\/web\/wp-content\/uploads\/2014\/05\/piazzolla-chacao2.jpg\"><img decoding=\"async\" class=\" wp-image-12278 aligncenter\" alt=\"piazzolla chacao\" src=\"https:\/\/seryhumano.com\/web\/wp-content\/uploads\/2014\/05\/piazzolla-chacao2.jpg\" width=\"100%\" srcset=\"https:\/\/seryhumano.com\/web\/wp-content\/uploads\/2014\/05\/piazzolla-chacao2.jpg 1733w, https:\/\/seryhumano.com\/web\/wp-content\/uploads\/2014\/05\/piazzolla-chacao2-172x300.jpg 172w, https:\/\/seryhumano.com\/web\/wp-content\/uploads\/2014\/05\/piazzolla-chacao2-588x1024.jpg 588w\" sizes=\"(max-width: 1733px) 100vw, 1733px\" \/><\/a>Viernes 20 de junio, 8:00 p.m., Teatro de Chacao\u00a0A petici\u00f3n del p\u00fablico regresa\u00a0Eddy Marcano y su \u00a1VIVA PIAZZOLLA!<\/p>\n<p>Luego del rotundo \u00e9xito obtenido durante sus presentaciones a sala llena del fin de semana del D\u00eda de la Madre, vuelve a escena este extraordinario espect\u00e1culo en el que, con un grupo de invitados de lujo, este reconocido violinista revivir\u00e1 en escena temas clave del amplio repertorio del genio que renov\u00f3 el tango: Astor Piazzolla.<\/p>\n<p>\u00a1Viva Piazzolla!, portentoso espect\u00e1culo del reconocido violinista venezolano Eddy Marcano, regresa a petici\u00f3n del p\u00fablico este viernes 20 de junio, a las 8:00 p.m., esta vez en el Teatro de Chacao.<\/p>\n<p><a href=\"https:\/\/seryhumano.com\/web\/wp-content\/uploads\/2014\/05\/Piazzola-Eddy-Marcano.jpg\"><img decoding=\"async\" class=\" wp-image-12281 alignleft\" alt=\"Piazzola-Eddy Marcano\" src=\"https:\/\/seryhumano.com\/web\/wp-content\/uploads\/2014\/05\/Piazzola-Eddy-Marcano-300x168.jpg\" width=\"NaN\" height=\"168\" srcset=\"https:\/\/seryhumano.com\/web\/wp-content\/uploads\/2014\/05\/Piazzola-Eddy-Marcano-300x168.jpg 300w, https:\/\/seryhumano.com\/web\/wp-content\/uploads\/2014\/05\/Piazzola-Eddy-Marcano.jpg 920w\" sizes=\"(max-width: 300px) 100vw, 300px\" \/><\/a>Los amantes del tango y de la buena m\u00fasica tendr\u00e1n la oportunidad de vivir la pasi\u00f3n y sentimiento de la m\u00fasica de Astor Piazzolla, a trav\u00e9s de piezas clave de esta leyenda de la m\u00fasica mundial, y otros compositores afines, con la contribuci\u00f3n de un grupo de grandes m\u00fasicos que, adem\u00e1s de conocer muy bien el g\u00e9nero, a\u00f1aden un color y fuerza que enriquece esta propuesta.<\/p>\n<p>Marcano, quien en la actualidad se desempe\u00f1a como director art\u00edstico en el Conservatorio de M\u00fasica Sim\u00f3n Bol\u00edvar y regularmente ofrece conciertos de m\u00fasica venezolana en todo el pa\u00eds, al tiempo que colabora con orquestas internacionales; declarado admirador del tango, fascinar\u00e1 con temas como Libertango, Contrabajissimo, Cuatro Estaciones Porte\u00f1as, Oblivion, Milonga del Angel, Adi\u00f3s Nonino y Decarissimo, entre otros.<\/p>\n<p>\u00a1Viva Piazzolla!, que agot\u00f3 toda la boleter\u00eda durante sus presentaciones en el mes de mayo, brillar\u00e1 de nuevo con el talento de Jos\u00e9 Pepe Saglimbeni, acordeonista y violinista perteneciente al Sistema de Orquestas en el estado Lara; Yilmer Vivas, percusionista de los ensambles del Conservatorio Sim\u00f3n Bol\u00edvar, Manuel Rangel, maraquero y guitarrista de diversas agrupaciones de m\u00fasica venezolana, Dino Dinelli, pianista larense, tambi\u00e9n integrante del Sistema de orquestas, y David Pe\u00f1a, reconocido contrabajista y guitarrista de Ensamble Gurruf\u00edo.<\/p>\n<p>En octubre pr\u00f3ximo este impecable espect\u00e1culo musical se presentar\u00e1 en Nueva York, en el SHALL WE TANGO NYC, primera edici\u00f3n del festival de tango de esa ciudad, como parte de la Celebraci\u00f3n del Centenario de An\u00edbal Troilo.<\/p>\n<p>Eddy Marcano: \u00a1Viva Piazzolla!, viernes 20 de junio, 8:00 p.m., en el Teatro de Chacao. Las entradas est\u00e1n a la venta en la taquilla del Teatro, ubicado en el Centro Cultural Chacao, avenida Tamanaco, El Rosal, de martes a domingo, de 10:00 a.m. a 7:00 p.m. Tambi\u00e9n pueden ser adquiridas a trav\u00e9s de www.ticketmundo.com.<\/p>\n<p>&nbsp;<\/p>\n<p>&nbsp;<\/p>\n<p>&nbsp;<\/p>\n<p>seryhumano<\/p>\n","protected":false},"excerpt":{"rendered":"<p>Viernes 20 de junio, 8:00 p.m., Teatro de Chacao\u00a0A petici\u00f3n del p\u00fablico regresa\u00a0Eddy Marcano y su \u00a1VIVA PIAZZOLLA! Luego del rotundo \u00e9xito obtenido durante sus presentaciones a sala llena del fin de semana del D\u00eda de la Madre, vuelve a escena este extraordinario espect\u00e1culo en el que, con un grupo de invitados de lujo, este&hellip;<\/p>\n","protected":false},"author":248,"featured_media":12282,"comment_status":"closed","ping_status":"closed","sticky":false,"template":"","format":"standard","meta":{"footnotes":""},"categories":[114],"tags":[111],"class_list":["post-12277","post","type-post","status-publish","format-standard","has-post-thumbnail","hentry","category-sonidos","tag-slider","category-114","description-off"],"yoast_head":"<!-- This site is optimized with the Yoast SEO plugin v25.4 - https:\/\/yoast.com\/wordpress\/plugins\/seo\/ -->\n<title>Eddy Marcano y su \u00a1VIVA PIAZZOLLA!<\/title>\n<meta name=\"description\" content=\"Viernes 20 de junio, 8:00 p.m., Teatro de Chacao A petici\u00f3n del p\u00fablico regresa Eddy Marcano y su \u00a1VIVA PIAZZOLLA! Luego del rotundo \u00e9xito obtenido durante sus presentaciones a sala llena del fin de semana del D\u00eda de la Madre, vuelve a escena este extraordinario espect\u00e1culo en el que, con un grupo de invitados de lujo, este reconocido violinista revivir\u00e1 en escena temas clave del amplio repertorio del genio que renov\u00f3 el tango: Astor Piazzolla\" \/>\n<meta name=\"robots\" content=\"index, follow, max-snippet:-1, max-image-preview:large, max-video-preview:-1\" \/>\n<link rel=\"canonical\" href=\"https:\/\/seryhumano.com\/web\/?p=12277\" \/>\n<meta property=\"og:locale\" content=\"es_ES\" \/>\n<meta property=\"og:type\" content=\"article\" \/>\n<meta property=\"og:title\" content=\"Eddy Marcano y su \u00a1VIVA PIAZZOLLA!\" \/>\n<meta property=\"og:description\" content=\"Viernes 20 de junio, 8:00 p.m., Teatro de Chacao A petici\u00f3n del p\u00fablico regresa Eddy Marcano y su \u00a1VIVA PIAZZOLLA! Luego del rotundo \u00e9xito obtenido durante sus presentaciones a sala llena del fin de semana del D\u00eda de la Madre, vuelve a escena este extraordinario espect\u00e1culo en el que, con un grupo de invitados de lujo, este reconocido violinista revivir\u00e1 en escena temas clave del amplio repertorio del genio que renov\u00f3 el tango: Astor Piazzolla\" \/>\n<meta property=\"og:url\" content=\"https:\/\/seryhumano.com\/web\/?p=12277\" \/>\n<meta property=\"og:site_name\" content=\"SeryHumano.com\" \/>\n<meta property=\"article:publisher\" content=\"https:\/\/www.facebook.com\/seryhumano\/\" \/>\n<meta property=\"article:published_time\" content=\"2014-05-29T00:18:08+00:00\" \/>\n<meta property=\"og:image\" content=\"https:\/\/seryhumano.com\/web\/wp-content\/uploads\/2014\/05\/featureslider_piazzolla.jpg\" \/>\n\t<meta property=\"og:image:width\" content=\"910\" \/>\n\t<meta property=\"og:image:height\" content=\"227\" \/>\n\t<meta property=\"og:image:type\" content=\"image\/jpeg\" \/>\n<meta name=\"author\" content=\"Nancy Pi\u00f1ero\" \/>\n<meta name=\"twitter:card\" content=\"summary_large_image\" \/>\n<meta name=\"twitter:creator\" content=\"@SeryHumano\" \/>\n<meta name=\"twitter:site\" content=\"@SeryHumano\" \/>\n<meta name=\"twitter:label1\" content=\"Escrito por\" \/>\n\t<meta name=\"twitter:data1\" content=\"Nancy Pi\u00f1ero\" \/>\n\t<meta name=\"twitter:label2\" content=\"Tiempo de lectura\" \/>\n\t<meta name=\"twitter:data2\" content=\"2 minutos\" \/>\n<script type=\"application\/ld+json\" class=\"yoast-schema-graph\">{\"@context\":\"https:\/\/schema.org\",\"@graph\":[{\"@type\":\"Article\",\"@id\":\"https:\/\/seryhumano.com\/web\/?p=12277#article\",\"isPartOf\":{\"@id\":\"https:\/\/seryhumano.com\/web\/?p=12277\"},\"author\":{\"name\":\"Nancy Pi\u00f1ero\",\"@id\":\"https:\/\/seryhumano.com\/web\/#\/schema\/person\/9433ad4560200eba32878567584d7aa0\"},\"headline\":\"Eddy Marcano y su \u00a1VIVA PIAZZOLLA!\",\"datePublished\":\"2014-05-29T00:18:08+00:00\",\"mainEntityOfPage\":{\"@id\":\"https:\/\/seryhumano.com\/web\/?p=12277\"},\"wordCount\":450,\"publisher\":{\"@id\":\"https:\/\/seryhumano.com\/web\/#organization\"},\"image\":{\"@id\":\"https:\/\/seryhumano.com\/web\/?p=12277#primaryimage\"},\"thumbnailUrl\":\"https:\/\/seryhumano.com\/web\/wp-content\/uploads\/2014\/05\/featureslider_piazzolla.jpg\",\"keywords\":[\"Slider\"],\"articleSection\":[\"Sonidos del Ser\"],\"inLanguage\":\"es\"},{\"@type\":\"WebPage\",\"@id\":\"https:\/\/seryhumano.com\/web\/?p=12277\",\"url\":\"https:\/\/seryhumano.com\/web\/?p=12277\",\"name\":\"Eddy Marcano y su \u00a1VIVA PIAZZOLLA!\",\"isPartOf\":{\"@id\":\"https:\/\/seryhumano.com\/web\/#website\"},\"primaryImageOfPage\":{\"@id\":\"https:\/\/seryhumano.com\/web\/?p=12277#primaryimage\"},\"image\":{\"@id\":\"https:\/\/seryhumano.com\/web\/?p=12277#primaryimage\"},\"thumbnailUrl\":\"https:\/\/seryhumano.com\/web\/wp-content\/uploads\/2014\/05\/featureslider_piazzolla.jpg\",\"datePublished\":\"2014-05-29T00:18:08+00:00\",\"description\":\"Viernes 20 de junio, 8:00 p.m., Teatro de Chacao A petici\u00f3n del p\u00fablico regresa Eddy Marcano y su \u00a1VIVA PIAZZOLLA! Luego del rotundo \u00e9xito obtenido durante sus presentaciones a sala llena del fin de semana del D\u00eda de la Madre, vuelve a escena este extraordinario espect\u00e1culo en el que, con un grupo de invitados de lujo, este reconocido violinista revivir\u00e1 en escena temas clave del amplio repertorio del genio que renov\u00f3 el tango: Astor Piazzolla\",\"breadcrumb\":{\"@id\":\"https:\/\/seryhumano.com\/web\/?p=12277#breadcrumb\"},\"inLanguage\":\"es\",\"potentialAction\":[{\"@type\":\"ReadAction\",\"target\":[\"https:\/\/seryhumano.com\/web\/?p=12277\"]}]},{\"@type\":\"ImageObject\",\"inLanguage\":\"es\",\"@id\":\"https:\/\/seryhumano.com\/web\/?p=12277#primaryimage\",\"url\":\"https:\/\/seryhumano.com\/web\/wp-content\/uploads\/2014\/05\/featureslider_piazzolla.jpg\",\"contentUrl\":\"https:\/\/seryhumano.com\/web\/wp-content\/uploads\/2014\/05\/featureslider_piazzolla.jpg\",\"width\":910,\"height\":227},{\"@type\":\"BreadcrumbList\",\"@id\":\"https:\/\/seryhumano.com\/web\/?p=12277#breadcrumb\",\"itemListElement\":[{\"@type\":\"ListItem\",\"position\":1,\"name\":\"Portada\",\"item\":\"https:\/\/seryhumano.com\/web\/\"},{\"@type\":\"ListItem\",\"position\":2,\"name\":\"Eddy Marcano y su \u00a1VIVA PIAZZOLLA!\"}]},{\"@type\":\"WebSite\",\"@id\":\"https:\/\/seryhumano.com\/web\/#website\",\"url\":\"https:\/\/seryhumano.com\/web\/\",\"name\":\"SeryHumano.com\",\"description\":\"Revista digital muy humana, donde lo mas importante es el Ser...\",\"publisher\":{\"@id\":\"https:\/\/seryhumano.com\/web\/#organization\"},\"potentialAction\":[{\"@type\":\"SearchAction\",\"target\":{\"@type\":\"EntryPoint\",\"urlTemplate\":\"https:\/\/seryhumano.com\/web\/?s={search_term_string}\"},\"query-input\":{\"@type\":\"PropertyValueSpecification\",\"valueRequired\":true,\"valueName\":\"search_term_string\"}}],\"inLanguage\":\"es\"},{\"@type\":\"Organization\",\"@id\":\"https:\/\/seryhumano.com\/web\/#organization\",\"name\":\"SeryHumano.com\",\"url\":\"https:\/\/seryhumano.com\/web\/\",\"logo\":{\"@type\":\"ImageObject\",\"inLanguage\":\"es\",\"@id\":\"https:\/\/seryhumano.com\/web\/#\/schema\/logo\/image\/\",\"url\":\"https:\/\/seryhumano.com\/web\/wp-content\/uploads\/2020\/02\/JNe5VRwH_400x400-2.jpg\",\"contentUrl\":\"https:\/\/seryhumano.com\/web\/wp-content\/uploads\/2020\/02\/JNe5VRwH_400x400-2.jpg\",\"width\":400,\"height\":400,\"caption\":\"SeryHumano.com\"},\"image\":{\"@id\":\"https:\/\/seryhumano.com\/web\/#\/schema\/logo\/image\/\"},\"sameAs\":[\"https:\/\/www.facebook.com\/seryhumano\/\",\"https:\/\/x.com\/SeryHumano\",\"https:\/\/www.instagram.com\/seryhumano\/\",\"https:\/\/www.linkedin.com\/company\/seryhumano-com\/\",\"https:\/\/www.youtube.com\/channel\/UCYfgIGSxygVnJAW0e9ZBZWg\"]},{\"@type\":\"Person\",\"@id\":\"https:\/\/seryhumano.com\/web\/#\/schema\/person\/9433ad4560200eba32878567584d7aa0\",\"name\":\"Nancy Pi\u00f1ero\",\"sameAs\":[\"http:\/\/perfectocodex.com\"],\"url\":\"https:\/\/seryhumano.com\/web\/?author=248\"}]}<\/script>\n<!-- \/ Yoast SEO plugin. -->","yoast_head_json":{"title":"Eddy Marcano y su \u00a1VIVA PIAZZOLLA!","description":"Viernes 20 de junio, 8:00 p.m., Teatro de Chacao A petici\u00f3n del p\u00fablico regresa Eddy Marcano y su \u00a1VIVA PIAZZOLLA! Luego del rotundo \u00e9xito obtenido durante sus presentaciones a sala llena del fin de semana del D\u00eda de la Madre, vuelve a escena este extraordinario espect\u00e1culo en el que, con un grupo de invitados de lujo, este reconocido violinista revivir\u00e1 en escena temas clave del amplio repertorio del genio que renov\u00f3 el tango: Astor Piazzolla","robots":{"index":"index","follow":"follow","max-snippet":"max-snippet:-1","max-image-preview":"max-image-preview:large","max-video-preview":"max-video-preview:-1"},"canonical":"https:\/\/seryhumano.com\/web\/?p=12277","og_locale":"es_ES","og_type":"article","og_title":"Eddy Marcano y su \u00a1VIVA PIAZZOLLA!","og_description":"Viernes 20 de junio, 8:00 p.m., Teatro de Chacao A petici\u00f3n del p\u00fablico regresa Eddy Marcano y su \u00a1VIVA PIAZZOLLA! Luego del rotundo \u00e9xito obtenido durante sus presentaciones a sala llena del fin de semana del D\u00eda de la Madre, vuelve a escena este extraordinario espect\u00e1culo en el que, con un grupo de invitados de lujo, este reconocido violinista revivir\u00e1 en escena temas clave del amplio repertorio del genio que renov\u00f3 el tango: Astor Piazzolla","og_url":"https:\/\/seryhumano.com\/web\/?p=12277","og_site_name":"SeryHumano.com","article_publisher":"https:\/\/www.facebook.com\/seryhumano\/","article_published_time":"2014-05-29T00:18:08+00:00","og_image":[{"width":910,"height":227,"url":"https:\/\/seryhumano.com\/web\/wp-content\/uploads\/2014\/05\/featureslider_piazzolla.jpg","type":"image\/jpeg"}],"author":"Nancy Pi\u00f1ero","twitter_card":"summary_large_image","twitter_creator":"@SeryHumano","twitter_site":"@SeryHumano","twitter_misc":{"Escrito por":"Nancy Pi\u00f1ero","Tiempo de lectura":"2 minutos"},"schema":{"@context":"https:\/\/schema.org","@graph":[{"@type":"Article","@id":"https:\/\/seryhumano.com\/web\/?p=12277#article","isPartOf":{"@id":"https:\/\/seryhumano.com\/web\/?p=12277"},"author":{"name":"Nancy Pi\u00f1ero","@id":"https:\/\/seryhumano.com\/web\/#\/schema\/person\/9433ad4560200eba32878567584d7aa0"},"headline":"Eddy Marcano y su \u00a1VIVA PIAZZOLLA!","datePublished":"2014-05-29T00:18:08+00:00","mainEntityOfPage":{"@id":"https:\/\/seryhumano.com\/web\/?p=12277"},"wordCount":450,"publisher":{"@id":"https:\/\/seryhumano.com\/web\/#organization"},"image":{"@id":"https:\/\/seryhumano.com\/web\/?p=12277#primaryimage"},"thumbnailUrl":"https:\/\/seryhumano.com\/web\/wp-content\/uploads\/2014\/05\/featureslider_piazzolla.jpg","keywords":["Slider"],"articleSection":["Sonidos del Ser"],"inLanguage":"es"},{"@type":"WebPage","@id":"https:\/\/seryhumano.com\/web\/?p=12277","url":"https:\/\/seryhumano.com\/web\/?p=12277","name":"Eddy Marcano y su \u00a1VIVA PIAZZOLLA!","isPartOf":{"@id":"https:\/\/seryhumano.com\/web\/#website"},"primaryImageOfPage":{"@id":"https:\/\/seryhumano.com\/web\/?p=12277#primaryimage"},"image":{"@id":"https:\/\/seryhumano.com\/web\/?p=12277#primaryimage"},"thumbnailUrl":"https:\/\/seryhumano.com\/web\/wp-content\/uploads\/2014\/05\/featureslider_piazzolla.jpg","datePublished":"2014-05-29T00:18:08+00:00","description":"Viernes 20 de junio, 8:00 p.m., Teatro de Chacao A petici\u00f3n del p\u00fablico regresa Eddy Marcano y su \u00a1VIVA PIAZZOLLA! Luego del rotundo \u00e9xito obtenido durante sus presentaciones a sala llena del fin de semana del D\u00eda de la Madre, vuelve a escena este extraordinario espect\u00e1culo en el que, con un grupo de invitados de lujo, este reconocido violinista revivir\u00e1 en escena temas clave del amplio repertorio del genio que renov\u00f3 el tango: Astor Piazzolla","breadcrumb":{"@id":"https:\/\/seryhumano.com\/web\/?p=12277#breadcrumb"},"inLanguage":"es","potentialAction":[{"@type":"ReadAction","target":["https:\/\/seryhumano.com\/web\/?p=12277"]}]},{"@type":"ImageObject","inLanguage":"es","@id":"https:\/\/seryhumano.com\/web\/?p=12277#primaryimage","url":"https:\/\/seryhumano.com\/web\/wp-content\/uploads\/2014\/05\/featureslider_piazzolla.jpg","contentUrl":"https:\/\/seryhumano.com\/web\/wp-content\/uploads\/2014\/05\/featureslider_piazzolla.jpg","width":910,"height":227},{"@type":"BreadcrumbList","@id":"https:\/\/seryhumano.com\/web\/?p=12277#breadcrumb","itemListElement":[{"@type":"ListItem","position":1,"name":"Portada","item":"https:\/\/seryhumano.com\/web\/"},{"@type":"ListItem","position":2,"name":"Eddy Marcano y su \u00a1VIVA PIAZZOLLA!"}]},{"@type":"WebSite","@id":"https:\/\/seryhumano.com\/web\/#website","url":"https:\/\/seryhumano.com\/web\/","name":"SeryHumano.com","description":"Revista digital muy humana, donde lo mas importante es el Ser...","publisher":{"@id":"https:\/\/seryhumano.com\/web\/#organization"},"potentialAction":[{"@type":"SearchAction","target":{"@type":"EntryPoint","urlTemplate":"https:\/\/seryhumano.com\/web\/?s={search_term_string}"},"query-input":{"@type":"PropertyValueSpecification","valueRequired":true,"valueName":"search_term_string"}}],"inLanguage":"es"},{"@type":"Organization","@id":"https:\/\/seryhumano.com\/web\/#organization","name":"SeryHumano.com","url":"https:\/\/seryhumano.com\/web\/","logo":{"@type":"ImageObject","inLanguage":"es","@id":"https:\/\/seryhumano.com\/web\/#\/schema\/logo\/image\/","url":"https:\/\/seryhumano.com\/web\/wp-content\/uploads\/2020\/02\/JNe5VRwH_400x400-2.jpg","contentUrl":"https:\/\/seryhumano.com\/web\/wp-content\/uploads\/2020\/02\/JNe5VRwH_400x400-2.jpg","width":400,"height":400,"caption":"SeryHumano.com"},"image":{"@id":"https:\/\/seryhumano.com\/web\/#\/schema\/logo\/image\/"},"sameAs":["https:\/\/www.facebook.com\/seryhumano\/","https:\/\/x.com\/SeryHumano","https:\/\/www.instagram.com\/seryhumano\/","https:\/\/www.linkedin.com\/company\/seryhumano-com\/","https:\/\/www.youtube.com\/channel\/UCYfgIGSxygVnJAW0e9ZBZWg"]},{"@type":"Person","@id":"https:\/\/seryhumano.com\/web\/#\/schema\/person\/9433ad4560200eba32878567584d7aa0","name":"Nancy Pi\u00f1ero","sameAs":["http:\/\/perfectocodex.com"],"url":"https:\/\/seryhumano.com\/web\/?author=248"}]}},"_links":{"self":[{"href":"https:\/\/seryhumano.com\/web\/index.php?rest_route=\/wp\/v2\/posts\/12277","targetHints":{"allow":["GET"]}}],"collection":[{"href":"https:\/\/seryhumano.com\/web\/index.php?rest_route=\/wp\/v2\/posts"}],"about":[{"href":"https:\/\/seryhumano.com\/web\/index.php?rest_route=\/wp\/v2\/types\/post"}],"author":[{"embeddable":true,"href":"https:\/\/seryhumano.com\/web\/index.php?rest_route=\/wp\/v2\/users\/248"}],"replies":[{"embeddable":true,"href":"https:\/\/seryhumano.com\/web\/index.php?rest_route=%2Fwp%2Fv2%2Fcomments&post=12277"}],"version-history":[{"count":0,"href":"https:\/\/seryhumano.com\/web\/index.php?rest_route=\/wp\/v2\/posts\/12277\/revisions"}],"wp:featuredmedia":[{"embeddable":true,"href":"https:\/\/seryhumano.com\/web\/index.php?rest_route=\/wp\/v2\/media\/12282"}],"wp:attachment":[{"href":"https:\/\/seryhumano.com\/web\/index.php?rest_route=%2Fwp%2Fv2%2Fmedia&parent=12277"}],"wp:term":[{"taxonomy":"category","embeddable":true,"href":"https:\/\/seryhumano.com\/web\/index.php?rest_route=%2Fwp%2Fv2%2Fcategories&post=12277"},{"taxonomy":"post_tag","embeddable":true,"href":"https:\/\/seryhumano.com\/web\/index.php?rest_route=%2Fwp%2Fv2%2Ftags&post=12277"}],"curies":[{"name":"wp","href":"https:\/\/api.w.org\/{rel}","templated":true}]}}