{"id":13420,"date":"2014-06-26T11:45:14","date_gmt":"2014-06-26T16:15:14","guid":{"rendered":"https:\/\/seryhumano.com\/web\/?p=13420"},"modified":"2014-06-26T13:11:20","modified_gmt":"2014-06-26T17:41:20","slug":"que-es-el-vitiligo","status":"publish","type":"post","link":"https:\/\/seryhumano.com\/web\/?p=13420","title":{"rendered":"\u00bfQu\u00e9 es el Vitiligo?"},"content":{"rendered":"<p>En el marco de la conmemoraci\u00f3n del D\u00eda Mundial del Vitiligo, el Centro de Fototerapia Cenfoca, aporta nuevos datos sobre la prevalencia de la enfermedad, como parte de una campa\u00f1a de informaci\u00f3n sobre este padecimiento. Seg\u00fan data actualizada de la Organizaci\u00f3n Mundial de la Salud (OMS), el vit\u00edligo afecta alrededor 2% de la poblaci\u00f3n.<a href=\"https:\/\/seryhumano.com\/web\/?attachment_id=13421\" rel=\"attachment wp-att-13421\"><img loading=\"lazy\" decoding=\"async\" class=\"aligncenter size-medium wp-image-13421\" src=\"https:\/\/seryhumano.com\/web\/wp-content\/uploads\/2014\/06\/Vitiligo-300x142.jpg\" alt=\"Vitiligo\" width=\"300\" height=\"142\" srcset=\"https:\/\/seryhumano.com\/web\/wp-content\/uploads\/2014\/06\/Vitiligo-300x142.jpg 300w, https:\/\/seryhumano.com\/web\/wp-content\/uploads\/2014\/06\/Vitiligo.jpg 500w\" sizes=\"auto, (max-width: 300px) 100vw, 300px\" \/><\/a><\/p>\n<p>Esta enfermedad de la piel se caracterizada por la aparici\u00f3n de manchas blancas como consecuencia de la p\u00e9rdida total del pigmento (melanina), afect\u00e1ndola quienes la sufren tanto f\u00edsica como psicol\u00f3gicamente.<\/p>\n<p>Estas manchas se presentan por lo general con l\u00edmites precisos, en n\u00famero variable, con tendencia a la simetr\u00eda, predominando sobre la cara dorsal de los dedos, la cara anterior de las piernas, codos, rodillas y tambi\u00e9n, en p\u00e1rpados, boca, y nariz. Nadie est\u00e1 inmune de padecerla. Los registros informan que afecta a todas las razas y sexo por igual, aunque predomina ligeramente entre las mujeres. Hay m\u00e1s de 100 millones de personas en el mundo que tienen la enfermedad, es decir alrededor del 2% de la poblaci\u00f3n mundial.<\/p>\n<p><a href=\"https:\/\/seryhumano.com\/web\/?attachment_id=13423\" rel=\"attachment wp-att-13423\"><img loading=\"lazy\" decoding=\"async\" class=\"alignleft size-full wp-image-13423\" src=\"https:\/\/seryhumano.com\/web\/wp-content\/uploads\/2014\/06\/vitiligo-en-las-manos.jpg\" alt=\"vitiligo en las manos\" width=\"272\" height=\"165\" \/><\/a>La Dra. Marie Noelle Roche, especialista en enfermedades de la piel explica: \u00ab<em>La evoluci\u00f3n es totalmente impredecible y pr\u00e1cticamente no hay s\u00edntomas. Existen factores que pueden exacerbar o iniciar el Vitiligo, algunas de ellos son: estr\u00e9s, quemaduras de sol, exposici\u00f3n a qu\u00edmicos y medicamentos, entre otras. No existe cura definitiva, sin embargo, la despigmentaci\u00f3n de la piel puede ser tratada en un 85%, si se aplican terapias adecuadas<\/em>\u00ab.<\/p>\n<p>En cuanto a los tratamientos que se pueden aplicar, el m\u00e1s efectivo hasta ahora es la Fototerapia UVB de Banda Estrecha (radiaciones ultravioleta A y B) y la Fototerapia Excimer UVB con equipos que permiten exponer las radiaciones ultravioletas tanto en cuerpo entero, como en las zonas espec\u00edficas. Ambas terapias se aplican en el Centro de Fototerapia Cenfoca, especialistas en la piel, con m\u00e1s de 13 a\u00f1os al servicio de la comunidad venezolana.<\/p>\n<p>La Fototerapia Excimer UVB, ofrece como una de sus ventajas que las lesiones pueden tratarse en forma localizada. La Dra. Roche coment\u00f3 sobre el tema: \u00ab<em>las caracter\u00edsticas del tratamiento permiten que el n\u00famero de sesiones sea menor (solo 2 veces por semana), lo cual es particularmente beneficioso para pacientes del interior que deben trasladarse a Caracas para recibirlo<\/em>\u00ab.<a href=\"https:\/\/seryhumano.com\/web\/?attachment_id=13425\" rel=\"attachment wp-att-13425\"><img loading=\"lazy\" decoding=\"async\" class=\"alignright size-medium wp-image-13425\" src=\"https:\/\/seryhumano.com\/web\/wp-content\/uploads\/2014\/06\/vitiligo-en-los-pies-300x200.jpg\" alt=\"vitiligo en los pies\" width=\"300\" height=\"200\" srcset=\"https:\/\/seryhumano.com\/web\/wp-content\/uploads\/2014\/06\/vitiligo-en-los-pies-300x200.jpg 300w, https:\/\/seryhumano.com\/web\/wp-content\/uploads\/2014\/06\/vitiligo-en-los-pies-1024x682.jpg 1024w, https:\/\/seryhumano.com\/web\/wp-content\/uploads\/2014\/06\/vitiligo-en-los-pies.jpg 1050w\" sizes=\"auto, (max-width: 300px) 100vw, 300px\" \/><\/a><\/p>\n<p>Este tratamiento se aplica con \u00e9xito, desde hace tiempo, a nivel internacional y es la terapia preferida por profesionales en casos de lesiones localizadas. Dentro de sus ventajas encontramos que se trata s\u00f3lo la zona afectada de la piel, es efectivo en casos de vit\u00edligo, psoriasis y otras enfermedades cr\u00f3nicas, puede ser administrado en mayores dosis, trayendo consigo resultados m\u00e1s efectivos y puede aplicarse durante la gestaci\u00f3n y en ni\u00f1os.<\/p>\n<p>Los especialistas, adem\u00e1s, sugieren tomar algunas medidas durante y post tratamiento, para maximizar su efectividad, tales como: evitar el estr\u00e9s, mantener una dieta balanceada y usar protecci\u00f3n solar.<\/p>\n<p>seryhumano.com<\/p>\n<p>Fuente: eluniversal.com<\/p>\n","protected":false},"excerpt":{"rendered":"<p>En el marco de la conmemoraci\u00f3n del D\u00eda Mundial del Vitiligo, el Centro de Fototerapia Cenfoca, aporta nuevos datos sobre la prevalencia de la enfermedad, como parte de una campa\u00f1a de informaci\u00f3n sobre este padecimiento. Seg\u00fan data actualizada de la Organizaci\u00f3n Mundial de la Salud (OMS), el vit\u00edligo afecta alrededor 2% de la poblaci\u00f3n. Esta&hellip;<\/p>\n","protected":false},"author":2,"featured_media":13454,"comment_status":"closed","ping_status":"closed","sticky":false,"template":"","format":"standard","meta":{"footnotes":""},"categories":[120],"tags":[111],"class_list":["post-13420","post","type-post","status-publish","format-standard","has-post-thumbnail","hentry","category-ser-saludable","tag-slider","category-120","description-off"],"yoast_head":"<!-- This site is optimized with the Yoast SEO plugin v25.4 - https:\/\/yoast.com\/wordpress\/plugins\/seo\/ -->\n<title>\u00bfQu\u00e9 es el Vitiligo?<\/title>\n<meta name=\"description\" content=\"En el marco de la conmemoraci\u00f3n del D\u00eda Mundial del Vitiligo, el Centro de Fototerapia Cenfoca, aporta nuevos datos sobre la prevalencia de la enfermedad, como parte de una campa\u00f1a de informaci\u00f3n sobre este padecimiento. Seg\u00fan data actualizada de la Organizaci\u00f3n Mundial de la Salud (OMS), el vit\u00edligo afecta alrededor 2% de la poblaci\u00f3n.\" \/>\n<meta name=\"robots\" content=\"index, follow, max-snippet:-1, max-image-preview:large, max-video-preview:-1\" \/>\n<link rel=\"canonical\" href=\"https:\/\/seryhumano.com\/web\/?p=13420\" \/>\n<meta property=\"og:locale\" content=\"es_ES\" \/>\n<meta property=\"og:type\" content=\"article\" \/>\n<meta property=\"og:title\" content=\"\u00bfQu\u00e9 es el Vitiligo?\" \/>\n<meta property=\"og:description\" content=\"En el marco de la conmemoraci\u00f3n del D\u00eda Mundial del Vitiligo, el Centro de Fototerapia Cenfoca, aporta nuevos datos sobre la prevalencia de la enfermedad, como parte de una campa\u00f1a de informaci\u00f3n sobre este padecimiento. Seg\u00fan data actualizada de la Organizaci\u00f3n Mundial de la Salud (OMS), el vit\u00edligo afecta alrededor 2% de la poblaci\u00f3n.\" \/>\n<meta property=\"og:url\" content=\"https:\/\/seryhumano.com\/web\/?p=13420\" \/>\n<meta property=\"og:site_name\" content=\"SeryHumano.com\" \/>\n<meta property=\"article:publisher\" content=\"https:\/\/www.facebook.com\/seryhumano\/\" \/>\n<meta property=\"article:published_time\" content=\"2014-06-26T16:15:14+00:00\" \/>\n<meta property=\"article:modified_time\" content=\"2014-06-26T17:41:20+00:00\" \/>\n<meta property=\"og:image\" content=\"https:\/\/seryhumano.com\/web\/wp-content\/uploads\/2014\/06\/featureslider_vitiigo.jpg\" \/>\n\t<meta property=\"og:image:width\" content=\"910\" \/>\n\t<meta property=\"og:image:height\" content=\"227\" \/>\n\t<meta property=\"og:image:type\" content=\"image\/jpeg\" \/>\n<meta name=\"author\" content=\"@herrera_yosmar\" \/>\n<meta name=\"twitter:card\" content=\"summary_large_image\" \/>\n<meta name=\"twitter:creator\" content=\"@SeryHumano\" \/>\n<meta name=\"twitter:site\" content=\"@SeryHumano\" \/>\n<meta name=\"twitter:label1\" content=\"Escrito por\" \/>\n\t<meta name=\"twitter:data1\" content=\"@herrera_yosmar\" \/>\n\t<meta name=\"twitter:label2\" content=\"Tiempo de lectura\" \/>\n\t<meta name=\"twitter:data2\" content=\"3 minutos\" \/>\n<script type=\"application\/ld+json\" class=\"yoast-schema-graph\">{\"@context\":\"https:\/\/schema.org\",\"@graph\":[{\"@type\":\"Article\",\"@id\":\"https:\/\/seryhumano.com\/web\/?p=13420#article\",\"isPartOf\":{\"@id\":\"https:\/\/seryhumano.com\/web\/?p=13420\"},\"author\":{\"name\":\"@herrera_yosmar\",\"@id\":\"https:\/\/seryhumano.com\/web\/#\/schema\/person\/fd30e8e0b394a62344b44d9b0fe75795\"},\"headline\":\"\u00bfQu\u00e9 es el Vitiligo?\",\"datePublished\":\"2014-06-26T16:15:14+00:00\",\"dateModified\":\"2014-06-26T17:41:20+00:00\",\"mainEntityOfPage\":{\"@id\":\"https:\/\/seryhumano.com\/web\/?p=13420\"},\"wordCount\":514,\"publisher\":{\"@id\":\"https:\/\/seryhumano.com\/web\/#organization\"},\"image\":{\"@id\":\"https:\/\/seryhumano.com\/web\/?p=13420#primaryimage\"},\"thumbnailUrl\":\"https:\/\/seryhumano.com\/web\/wp-content\/uploads\/2014\/06\/featureslider_vitiigo.jpg\",\"keywords\":[\"Slider\"],\"articleSection\":[\"Ser Saludable\"],\"inLanguage\":\"es\"},{\"@type\":\"WebPage\",\"@id\":\"https:\/\/seryhumano.com\/web\/?p=13420\",\"url\":\"https:\/\/seryhumano.com\/web\/?p=13420\",\"name\":\"\u00bfQu\u00e9 es el Vitiligo?\",\"isPartOf\":{\"@id\":\"https:\/\/seryhumano.com\/web\/#website\"},\"primaryImageOfPage\":{\"@id\":\"https:\/\/seryhumano.com\/web\/?p=13420#primaryimage\"},\"image\":{\"@id\":\"https:\/\/seryhumano.com\/web\/?p=13420#primaryimage\"},\"thumbnailUrl\":\"https:\/\/seryhumano.com\/web\/wp-content\/uploads\/2014\/06\/featureslider_vitiigo.jpg\",\"datePublished\":\"2014-06-26T16:15:14+00:00\",\"dateModified\":\"2014-06-26T17:41:20+00:00\",\"description\":\"En el marco de la conmemoraci\u00f3n del D\u00eda Mundial del Vitiligo, el Centro de Fototerapia Cenfoca, aporta nuevos datos sobre la prevalencia de la enfermedad, como parte de una campa\u00f1a de informaci\u00f3n sobre este padecimiento. Seg\u00fan data actualizada de la Organizaci\u00f3n Mundial de la Salud (OMS), el vit\u00edligo afecta alrededor 2% de la poblaci\u00f3n.\",\"breadcrumb\":{\"@id\":\"https:\/\/seryhumano.com\/web\/?p=13420#breadcrumb\"},\"inLanguage\":\"es\",\"potentialAction\":[{\"@type\":\"ReadAction\",\"target\":[\"https:\/\/seryhumano.com\/web\/?p=13420\"]}]},{\"@type\":\"ImageObject\",\"inLanguage\":\"es\",\"@id\":\"https:\/\/seryhumano.com\/web\/?p=13420#primaryimage\",\"url\":\"https:\/\/seryhumano.com\/web\/wp-content\/uploads\/2014\/06\/featureslider_vitiigo.jpg\",\"contentUrl\":\"https:\/\/seryhumano.com\/web\/wp-content\/uploads\/2014\/06\/featureslider_vitiigo.jpg\",\"width\":910,\"height\":227},{\"@type\":\"BreadcrumbList\",\"@id\":\"https:\/\/seryhumano.com\/web\/?p=13420#breadcrumb\",\"itemListElement\":[{\"@type\":\"ListItem\",\"position\":1,\"name\":\"Portada\",\"item\":\"https:\/\/seryhumano.com\/web\/\"},{\"@type\":\"ListItem\",\"position\":2,\"name\":\"\u00bfQu\u00e9 es el Vitiligo?\"}]},{\"@type\":\"WebSite\",\"@id\":\"https:\/\/seryhumano.com\/web\/#website\",\"url\":\"https:\/\/seryhumano.com\/web\/\",\"name\":\"SeryHumano.com\",\"description\":\"Revista digital muy humana, donde lo mas importante es el Ser...\",\"publisher\":{\"@id\":\"https:\/\/seryhumano.com\/web\/#organization\"},\"potentialAction\":[{\"@type\":\"SearchAction\",\"target\":{\"@type\":\"EntryPoint\",\"urlTemplate\":\"https:\/\/seryhumano.com\/web\/?s={search_term_string}\"},\"query-input\":{\"@type\":\"PropertyValueSpecification\",\"valueRequired\":true,\"valueName\":\"search_term_string\"}}],\"inLanguage\":\"es\"},{\"@type\":\"Organization\",\"@id\":\"https:\/\/seryhumano.com\/web\/#organization\",\"name\":\"SeryHumano.com\",\"url\":\"https:\/\/seryhumano.com\/web\/\",\"logo\":{\"@type\":\"ImageObject\",\"inLanguage\":\"es\",\"@id\":\"https:\/\/seryhumano.com\/web\/#\/schema\/logo\/image\/\",\"url\":\"https:\/\/seryhumano.com\/web\/wp-content\/uploads\/2020\/02\/JNe5VRwH_400x400-2.jpg\",\"contentUrl\":\"https:\/\/seryhumano.com\/web\/wp-content\/uploads\/2020\/02\/JNe5VRwH_400x400-2.jpg\",\"width\":400,\"height\":400,\"caption\":\"SeryHumano.com\"},\"image\":{\"@id\":\"https:\/\/seryhumano.com\/web\/#\/schema\/logo\/image\/\"},\"sameAs\":[\"https:\/\/www.facebook.com\/seryhumano\/\",\"https:\/\/x.com\/SeryHumano\",\"https:\/\/www.instagram.com\/seryhumano\/\",\"https:\/\/www.linkedin.com\/company\/seryhumano-com\/\",\"https:\/\/www.youtube.com\/channel\/UCYfgIGSxygVnJAW0e9ZBZWg\"]},{\"@type\":\"Person\",\"@id\":\"https:\/\/seryhumano.com\/web\/#\/schema\/person\/fd30e8e0b394a62344b44d9b0fe75795\",\"name\":\"@herrera_yosmar\",\"description\":\"Eterna enamorada de la vida, comunicadora, mam\u00e1 de tres\",\"sameAs\":[\"http:\/\/seryhumano.com\"],\"url\":\"https:\/\/seryhumano.com\/web\/?author=2\"}]}<\/script>\n<!-- \/ Yoast SEO plugin. -->","yoast_head_json":{"title":"\u00bfQu\u00e9 es el Vitiligo?","description":"En el marco de la conmemoraci\u00f3n del D\u00eda Mundial del Vitiligo, el Centro de Fototerapia Cenfoca, aporta nuevos datos sobre la prevalencia de la enfermedad, como parte de una campa\u00f1a de informaci\u00f3n sobre este padecimiento. Seg\u00fan data actualizada de la Organizaci\u00f3n Mundial de la Salud (OMS), el vit\u00edligo afecta alrededor 2% de la poblaci\u00f3n.","robots":{"index":"index","follow":"follow","max-snippet":"max-snippet:-1","max-image-preview":"max-image-preview:large","max-video-preview":"max-video-preview:-1"},"canonical":"https:\/\/seryhumano.com\/web\/?p=13420","og_locale":"es_ES","og_type":"article","og_title":"\u00bfQu\u00e9 es el Vitiligo?","og_description":"En el marco de la conmemoraci\u00f3n del D\u00eda Mundial del Vitiligo, el Centro de Fototerapia Cenfoca, aporta nuevos datos sobre la prevalencia de la enfermedad, como parte de una campa\u00f1a de informaci\u00f3n sobre este padecimiento. Seg\u00fan data actualizada de la Organizaci\u00f3n Mundial de la Salud (OMS), el vit\u00edligo afecta alrededor 2% de la poblaci\u00f3n.","og_url":"https:\/\/seryhumano.com\/web\/?p=13420","og_site_name":"SeryHumano.com","article_publisher":"https:\/\/www.facebook.com\/seryhumano\/","article_published_time":"2014-06-26T16:15:14+00:00","article_modified_time":"2014-06-26T17:41:20+00:00","og_image":[{"width":910,"height":227,"url":"https:\/\/seryhumano.com\/web\/wp-content\/uploads\/2014\/06\/featureslider_vitiigo.jpg","type":"image\/jpeg"}],"author":"@herrera_yosmar","twitter_card":"summary_large_image","twitter_creator":"@SeryHumano","twitter_site":"@SeryHumano","twitter_misc":{"Escrito por":"@herrera_yosmar","Tiempo de lectura":"3 minutos"},"schema":{"@context":"https:\/\/schema.org","@graph":[{"@type":"Article","@id":"https:\/\/seryhumano.com\/web\/?p=13420#article","isPartOf":{"@id":"https:\/\/seryhumano.com\/web\/?p=13420"},"author":{"name":"@herrera_yosmar","@id":"https:\/\/seryhumano.com\/web\/#\/schema\/person\/fd30e8e0b394a62344b44d9b0fe75795"},"headline":"\u00bfQu\u00e9 es el Vitiligo?","datePublished":"2014-06-26T16:15:14+00:00","dateModified":"2014-06-26T17:41:20+00:00","mainEntityOfPage":{"@id":"https:\/\/seryhumano.com\/web\/?p=13420"},"wordCount":514,"publisher":{"@id":"https:\/\/seryhumano.com\/web\/#organization"},"image":{"@id":"https:\/\/seryhumano.com\/web\/?p=13420#primaryimage"},"thumbnailUrl":"https:\/\/seryhumano.com\/web\/wp-content\/uploads\/2014\/06\/featureslider_vitiigo.jpg","keywords":["Slider"],"articleSection":["Ser Saludable"],"inLanguage":"es"},{"@type":"WebPage","@id":"https:\/\/seryhumano.com\/web\/?p=13420","url":"https:\/\/seryhumano.com\/web\/?p=13420","name":"\u00bfQu\u00e9 es el Vitiligo?","isPartOf":{"@id":"https:\/\/seryhumano.com\/web\/#website"},"primaryImageOfPage":{"@id":"https:\/\/seryhumano.com\/web\/?p=13420#primaryimage"},"image":{"@id":"https:\/\/seryhumano.com\/web\/?p=13420#primaryimage"},"thumbnailUrl":"https:\/\/seryhumano.com\/web\/wp-content\/uploads\/2014\/06\/featureslider_vitiigo.jpg","datePublished":"2014-06-26T16:15:14+00:00","dateModified":"2014-06-26T17:41:20+00:00","description":"En el marco de la conmemoraci\u00f3n del D\u00eda Mundial del Vitiligo, el Centro de Fototerapia Cenfoca, aporta nuevos datos sobre la prevalencia de la enfermedad, como parte de una campa\u00f1a de informaci\u00f3n sobre este padecimiento. Seg\u00fan data actualizada de la Organizaci\u00f3n Mundial de la Salud (OMS), el vit\u00edligo afecta alrededor 2% de la poblaci\u00f3n.","breadcrumb":{"@id":"https:\/\/seryhumano.com\/web\/?p=13420#breadcrumb"},"inLanguage":"es","potentialAction":[{"@type":"ReadAction","target":["https:\/\/seryhumano.com\/web\/?p=13420"]}]},{"@type":"ImageObject","inLanguage":"es","@id":"https:\/\/seryhumano.com\/web\/?p=13420#primaryimage","url":"https:\/\/seryhumano.com\/web\/wp-content\/uploads\/2014\/06\/featureslider_vitiigo.jpg","contentUrl":"https:\/\/seryhumano.com\/web\/wp-content\/uploads\/2014\/06\/featureslider_vitiigo.jpg","width":910,"height":227},{"@type":"BreadcrumbList","@id":"https:\/\/seryhumano.com\/web\/?p=13420#breadcrumb","itemListElement":[{"@type":"ListItem","position":1,"name":"Portada","item":"https:\/\/seryhumano.com\/web\/"},{"@type":"ListItem","position":2,"name":"\u00bfQu\u00e9 es el Vitiligo?"}]},{"@type":"WebSite","@id":"https:\/\/seryhumano.com\/web\/#website","url":"https:\/\/seryhumano.com\/web\/","name":"SeryHumano.com","description":"Revista digital muy humana, donde lo mas importante es el Ser...","publisher":{"@id":"https:\/\/seryhumano.com\/web\/#organization"},"potentialAction":[{"@type":"SearchAction","target":{"@type":"EntryPoint","urlTemplate":"https:\/\/seryhumano.com\/web\/?s={search_term_string}"},"query-input":{"@type":"PropertyValueSpecification","valueRequired":true,"valueName":"search_term_string"}}],"inLanguage":"es"},{"@type":"Organization","@id":"https:\/\/seryhumano.com\/web\/#organization","name":"SeryHumano.com","url":"https:\/\/seryhumano.com\/web\/","logo":{"@type":"ImageObject","inLanguage":"es","@id":"https:\/\/seryhumano.com\/web\/#\/schema\/logo\/image\/","url":"https:\/\/seryhumano.com\/web\/wp-content\/uploads\/2020\/02\/JNe5VRwH_400x400-2.jpg","contentUrl":"https:\/\/seryhumano.com\/web\/wp-content\/uploads\/2020\/02\/JNe5VRwH_400x400-2.jpg","width":400,"height":400,"caption":"SeryHumano.com"},"image":{"@id":"https:\/\/seryhumano.com\/web\/#\/schema\/logo\/image\/"},"sameAs":["https:\/\/www.facebook.com\/seryhumano\/","https:\/\/x.com\/SeryHumano","https:\/\/www.instagram.com\/seryhumano\/","https:\/\/www.linkedin.com\/company\/seryhumano-com\/","https:\/\/www.youtube.com\/channel\/UCYfgIGSxygVnJAW0e9ZBZWg"]},{"@type":"Person","@id":"https:\/\/seryhumano.com\/web\/#\/schema\/person\/fd30e8e0b394a62344b44d9b0fe75795","name":"@herrera_yosmar","description":"Eterna enamorada de la vida, comunicadora, mam\u00e1 de tres","sameAs":["http:\/\/seryhumano.com"],"url":"https:\/\/seryhumano.com\/web\/?author=2"}]}},"_links":{"self":[{"href":"https:\/\/seryhumano.com\/web\/index.php?rest_route=\/wp\/v2\/posts\/13420","targetHints":{"allow":["GET"]}}],"collection":[{"href":"https:\/\/seryhumano.com\/web\/index.php?rest_route=\/wp\/v2\/posts"}],"about":[{"href":"https:\/\/seryhumano.com\/web\/index.php?rest_route=\/wp\/v2\/types\/post"}],"author":[{"embeddable":true,"href":"https:\/\/seryhumano.com\/web\/index.php?rest_route=\/wp\/v2\/users\/2"}],"replies":[{"embeddable":true,"href":"https:\/\/seryhumano.com\/web\/index.php?rest_route=%2Fwp%2Fv2%2Fcomments&post=13420"}],"version-history":[{"count":0,"href":"https:\/\/seryhumano.com\/web\/index.php?rest_route=\/wp\/v2\/posts\/13420\/revisions"}],"wp:featuredmedia":[{"embeddable":true,"href":"https:\/\/seryhumano.com\/web\/index.php?rest_route=\/wp\/v2\/media\/13454"}],"wp:attachment":[{"href":"https:\/\/seryhumano.com\/web\/index.php?rest_route=%2Fwp%2Fv2%2Fmedia&parent=13420"}],"wp:term":[{"taxonomy":"category","embeddable":true,"href":"https:\/\/seryhumano.com\/web\/index.php?rest_route=%2Fwp%2Fv2%2Fcategories&post=13420"},{"taxonomy":"post_tag","embeddable":true,"href":"https:\/\/seryhumano.com\/web\/index.php?rest_route=%2Fwp%2Fv2%2Ftags&post=13420"}],"curies":[{"name":"wp","href":"https:\/\/api.w.org\/{rel}","templated":true}]}}