{"id":13718,"date":"2014-07-06T07:02:10","date_gmt":"2014-07-06T11:32:10","guid":{"rendered":"https:\/\/seryhumano.com\/web\/?p=13718"},"modified":"2014-07-06T18:53:38","modified_gmt":"2014-07-06T23:23:38","slug":"vacaciones-escolares","status":"publish","type":"post","link":"https:\/\/seryhumano.com\/web\/?p=13718","title":{"rendered":"Vacaciones Escolares"},"content":{"rendered":"<p><a href=\"https:\/\/seryhumano.com\/web\/?attachment_id=13720\" rel=\"attachment wp-att-13720\"><img loading=\"lazy\" decoding=\"async\" class=\"aligncenter size-full wp-image-13720\" src=\"https:\/\/seryhumano.com\/web\/wp-content\/uploads\/2014\/07\/Vacaciones1.jpg\" alt=\"Vacaciones1\" width=\"275\" height=\"183\" \/><\/a>Las vacaciones, aunque no son un momento lit\u00fargico marcado por la Iglesia, es un tiempo de descanso y convivencia intensa y, pueden aprovecharse para crecer espiritual y humanamente en familia. A continuaci\u00f3n, ofrecemos algunas ideas para aprovechar las vacaciones:<\/p>\n<p>I. <strong>Trabajar en los valores y virtudes<\/strong><\/p>\n<p><em>Familia Escuela de Virtudes<\/em><\/p>\n<p>Los padres de familia pueden aprovechar las vacaciones para trabajar de manera personal con cada hijo en alguna virtud que consideren necesario desarrollar, cumpliendo un plan de trabajo para lograrlo. Este puede adaptarse seg\u00fan la edad del ni\u00f1o.<a href=\"https:\/\/seryhumano.com\/web\/?attachment_id=13722\" rel=\"attachment wp-att-13722\"><img loading=\"lazy\" decoding=\"async\" class=\"alignright size-medium wp-image-13722\" src=\"https:\/\/seryhumano.com\/web\/wp-content\/uploads\/2014\/07\/talentos-300x225.jpg\" alt=\"talentos\" width=\"300\" height=\"225\" srcset=\"https:\/\/seryhumano.com\/web\/wp-content\/uploads\/2014\/07\/talentos-300x225.jpg 300w, https:\/\/seryhumano.com\/web\/wp-content\/uploads\/2014\/07\/talentos.jpg 450w\" sizes=\"auto, (max-width: 300px) 100vw, 300px\" \/><\/a><\/p>\n<p>Una virtud es un h\u00e1bito, una costumbre buena. Las virtudes humanas y sobrenaturales son las herramientas con las cuales vamos a poder vivir los valores en nuestras familias. Los padres de familia, para poder educarlas, debemos conocerlas, vivirlas y propiciarlas tanto en nosotros mismos como en nuestros hijos.<\/p>\n<p>II <strong>Trabajar en el desarrollo de los talentos personales<\/strong><\/p>\n<p>Otra idea para las vacaciones es leer la Par\u00e1bola de los talentos en familia y hacer un ejercicio en el que cada uno descubra cu\u00e1les son sus talentos y como los puede hacer crecer en las vacaciones poni\u00e9ndolos al servicio de los dem\u00e1s.<\/p>\n<p>Los talentos se pueden agrupar en \u00e1reas distintas:<\/p>\n<p>Sociales, intelectuales, morales, art\u00edsticas, deportivas.<\/p>\n<p>Conviene orientar estos talentos hacia un constante agradecimiento a Dios. Tambi\u00e9n, motivar el compartirlos y disfrutarlos. Se puede tener un calendario en el que cada d\u00eda, los ni\u00f1os vayan marcando qu\u00e9 talentos desarrollar\u00e1n ese d\u00eda y c\u00f3mo lo har\u00e1n. En la noche, conviene dar gracias a Dios por el esfuerzo realizado.<\/p>\n<p>III <strong>Obras de misericordia<\/strong><\/p>\n<p>Este tiempo de vacaciones se puede aprovechar para llevar a cabo obras de misericordia en familia.<\/p>\n<p>Para ello, conviene establecer en nuestro calendario de vacaciones actividades como:<\/p>\n<p>Visitar un Hospital o Asilo de Ancianos: Se pueden preparar canciones y galletas para acompa\u00f1ar a quienes sufren. Deben tener claro que est\u00e1n realizando una Obra de Misericordia y que es a Cristo vivo a quien est\u00e1n visitando.<\/p>\n<p>Ayudar a los m\u00e1s necesitados, recopilando papel peri\u00f3dico, ropa o comida para luego entregarla en la Parroquia, Cruz Roja o alguna instituci\u00f3n que los ni\u00f1os decidan.<a href=\"https:\/\/seryhumano.com\/web\/?attachment_id=13724\" rel=\"attachment wp-att-13724\"><img loading=\"lazy\" decoding=\"async\" class=\"alignright size-full wp-image-13724\" src=\"https:\/\/seryhumano.com\/web\/wp-content\/uploads\/2014\/07\/visitar.jpg\" alt=\"visitar\" width=\"292\" height=\"172\" \/><\/a><\/p>\n<p>Organizar un Taller del Juguete: se trata de reparar, repintar y arreglar aquellos juguetes que ya no utilizan y que pueden servir de entretenci\u00f3n a otros ni\u00f1os.<\/p>\n<p>IV <strong>Entretenimiento con formaci\u00f3n humana y espiritual<\/strong><\/p>\n<p>Se pueden seleccionar libros y pel\u00edculas con un mensaje para leer, ver y analizar en familia.<\/p>\n<p>V <strong>Agenda para vacaciones<\/strong><\/p>\n<p>Puede resultar muy \u00fatil hacer un calendario o agenda de vacaciones en la que cada d\u00eda pongamos una frase para reflexionar y un prop\u00f3sito para cumplir. Se les puede hacer atractivo a los ni\u00f1os si se hace en forma de libreta y en cada d\u00eda se deja un espacio para que ellos escriban o dibujen lo que hicieron ese d\u00eda.<\/p>\n<p>Se recomienda comenzar con esta agenda el d\u00eda viernes para poder seguir correctamente la secuencia de las vacaciones.<\/p>\n<p>seryhumano \/ P. Fintan Kelly L. C<\/p>\n<p>Fuente: es.catholic.net<\/p>\n","protected":false},"excerpt":{"rendered":"<p>Las vacaciones, aunque no son un momento lit\u00fargico marcado por la Iglesia, es un tiempo de descanso y convivencia intensa y, pueden aprovecharse para crecer espiritual y humanamente en familia. A continuaci\u00f3n, ofrecemos algunas ideas para aprovechar las vacaciones: I. Trabajar en los valores y virtudes Familia Escuela de Virtudes Los padres de familia pueden&hellip;<\/p>\n","protected":false},"author":2,"featured_media":13748,"comment_status":"closed","ping_status":"closed","sticky":false,"template":"","format":"standard","meta":{"footnotes":""},"categories":[122],"tags":[111],"class_list":["post-13718","post","type-post","status-publish","format-standard","has-post-thumbnail","hentry","category-cultura","tag-slider","category-122","description-off"],"yoast_head":"<!-- This site is optimized with the Yoast SEO plugin v25.4 - https:\/\/yoast.com\/wordpress\/plugins\/seo\/ -->\n<title>Vacaciones Escolares<\/title>\n<meta name=\"description\" content=\"Las vacaciones, aunque no son un momento lit\u00fargico marcado por la Iglesia, es un tiempo de descanso y convivencia intensa y, pueden aprovecharse para crecer espiritual y humanamente en familia\" \/>\n<meta name=\"robots\" content=\"index, follow, max-snippet:-1, max-image-preview:large, max-video-preview:-1\" \/>\n<link rel=\"canonical\" href=\"https:\/\/seryhumano.com\/web\/?p=13718\" \/>\n<meta property=\"og:locale\" content=\"es_ES\" \/>\n<meta property=\"og:type\" content=\"article\" \/>\n<meta property=\"og:title\" content=\"Vacaciones Escolares\" \/>\n<meta property=\"og:description\" content=\"Las vacaciones, aunque no son un momento lit\u00fargico marcado por la Iglesia, es un tiempo de descanso y convivencia intensa y, pueden aprovecharse para crecer espiritual y humanamente en familia\" \/>\n<meta property=\"og:url\" content=\"https:\/\/seryhumano.com\/web\/?p=13718\" \/>\n<meta property=\"og:site_name\" content=\"SeryHumano.com\" \/>\n<meta property=\"article:publisher\" content=\"https:\/\/www.facebook.com\/seryhumano\/\" \/>\n<meta property=\"article:published_time\" content=\"2014-07-06T11:32:10+00:00\" \/>\n<meta property=\"article:modified_time\" content=\"2014-07-06T23:23:38+00:00\" \/>\n<meta property=\"og:image\" content=\"https:\/\/seryhumano.com\/web\/wp-content\/uploads\/2014\/07\/featureslider_ni\u00f1os-vacaciones.jpg\" \/>\n\t<meta property=\"og:image:width\" content=\"910\" \/>\n\t<meta property=\"og:image:height\" content=\"227\" \/>\n\t<meta property=\"og:image:type\" content=\"image\/jpeg\" \/>\n<meta name=\"author\" content=\"@herrera_yosmar\" \/>\n<meta name=\"twitter:card\" content=\"summary_large_image\" \/>\n<meta name=\"twitter:creator\" content=\"@SeryHumano\" \/>\n<meta name=\"twitter:site\" content=\"@SeryHumano\" \/>\n<meta name=\"twitter:label1\" content=\"Escrito por\" \/>\n\t<meta name=\"twitter:data1\" content=\"@herrera_yosmar\" \/>\n\t<meta name=\"twitter:label2\" content=\"Tiempo de lectura\" \/>\n\t<meta name=\"twitter:data2\" content=\"3 minutos\" \/>\n<script type=\"application\/ld+json\" class=\"yoast-schema-graph\">{\"@context\":\"https:\/\/schema.org\",\"@graph\":[{\"@type\":\"Article\",\"@id\":\"https:\/\/seryhumano.com\/web\/?p=13718#article\",\"isPartOf\":{\"@id\":\"https:\/\/seryhumano.com\/web\/?p=13718\"},\"author\":{\"name\":\"@herrera_yosmar\",\"@id\":\"https:\/\/seryhumano.com\/web\/#\/schema\/person\/fd30e8e0b394a62344b44d9b0fe75795\"},\"headline\":\"Vacaciones Escolares\",\"datePublished\":\"2014-07-06T11:32:10+00:00\",\"dateModified\":\"2014-07-06T23:23:38+00:00\",\"mainEntityOfPage\":{\"@id\":\"https:\/\/seryhumano.com\/web\/?p=13718\"},\"wordCount\":525,\"publisher\":{\"@id\":\"https:\/\/seryhumano.com\/web\/#organization\"},\"image\":{\"@id\":\"https:\/\/seryhumano.com\/web\/?p=13718#primaryimage\"},\"thumbnailUrl\":\"https:\/\/seryhumano.com\/web\/wp-content\/uploads\/2014\/07\/featureslider_ni\u00f1os-vacaciones.jpg\",\"keywords\":[\"Slider\"],\"articleSection\":[\"Cultura del Ser\"],\"inLanguage\":\"es\"},{\"@type\":\"WebPage\",\"@id\":\"https:\/\/seryhumano.com\/web\/?p=13718\",\"url\":\"https:\/\/seryhumano.com\/web\/?p=13718\",\"name\":\"Vacaciones Escolares\",\"isPartOf\":{\"@id\":\"https:\/\/seryhumano.com\/web\/#website\"},\"primaryImageOfPage\":{\"@id\":\"https:\/\/seryhumano.com\/web\/?p=13718#primaryimage\"},\"image\":{\"@id\":\"https:\/\/seryhumano.com\/web\/?p=13718#primaryimage\"},\"thumbnailUrl\":\"https:\/\/seryhumano.com\/web\/wp-content\/uploads\/2014\/07\/featureslider_ni\u00f1os-vacaciones.jpg\",\"datePublished\":\"2014-07-06T11:32:10+00:00\",\"dateModified\":\"2014-07-06T23:23:38+00:00\",\"description\":\"Las vacaciones, aunque no son un momento lit\u00fargico marcado por la Iglesia, es un tiempo de descanso y convivencia intensa y, pueden aprovecharse para crecer espiritual y humanamente en familia\",\"breadcrumb\":{\"@id\":\"https:\/\/seryhumano.com\/web\/?p=13718#breadcrumb\"},\"inLanguage\":\"es\",\"potentialAction\":[{\"@type\":\"ReadAction\",\"target\":[\"https:\/\/seryhumano.com\/web\/?p=13718\"]}]},{\"@type\":\"ImageObject\",\"inLanguage\":\"es\",\"@id\":\"https:\/\/seryhumano.com\/web\/?p=13718#primaryimage\",\"url\":\"https:\/\/seryhumano.com\/web\/wp-content\/uploads\/2014\/07\/featureslider_ni\u00f1os-vacaciones.jpg\",\"contentUrl\":\"https:\/\/seryhumano.com\/web\/wp-content\/uploads\/2014\/07\/featureslider_ni\u00f1os-vacaciones.jpg\",\"width\":910,\"height\":227},{\"@type\":\"BreadcrumbList\",\"@id\":\"https:\/\/seryhumano.com\/web\/?p=13718#breadcrumb\",\"itemListElement\":[{\"@type\":\"ListItem\",\"position\":1,\"name\":\"Portada\",\"item\":\"https:\/\/seryhumano.com\/web\/\"},{\"@type\":\"ListItem\",\"position\":2,\"name\":\"Vacaciones Escolares\"}]},{\"@type\":\"WebSite\",\"@id\":\"https:\/\/seryhumano.com\/web\/#website\",\"url\":\"https:\/\/seryhumano.com\/web\/\",\"name\":\"SeryHumano.com\",\"description\":\"Revista digital muy humana, donde lo mas importante es el Ser...\",\"publisher\":{\"@id\":\"https:\/\/seryhumano.com\/web\/#organization\"},\"potentialAction\":[{\"@type\":\"SearchAction\",\"target\":{\"@type\":\"EntryPoint\",\"urlTemplate\":\"https:\/\/seryhumano.com\/web\/?s={search_term_string}\"},\"query-input\":{\"@type\":\"PropertyValueSpecification\",\"valueRequired\":true,\"valueName\":\"search_term_string\"}}],\"inLanguage\":\"es\"},{\"@type\":\"Organization\",\"@id\":\"https:\/\/seryhumano.com\/web\/#organization\",\"name\":\"SeryHumano.com\",\"url\":\"https:\/\/seryhumano.com\/web\/\",\"logo\":{\"@type\":\"ImageObject\",\"inLanguage\":\"es\",\"@id\":\"https:\/\/seryhumano.com\/web\/#\/schema\/logo\/image\/\",\"url\":\"https:\/\/seryhumano.com\/web\/wp-content\/uploads\/2020\/02\/JNe5VRwH_400x400-2.jpg\",\"contentUrl\":\"https:\/\/seryhumano.com\/web\/wp-content\/uploads\/2020\/02\/JNe5VRwH_400x400-2.jpg\",\"width\":400,\"height\":400,\"caption\":\"SeryHumano.com\"},\"image\":{\"@id\":\"https:\/\/seryhumano.com\/web\/#\/schema\/logo\/image\/\"},\"sameAs\":[\"https:\/\/www.facebook.com\/seryhumano\/\",\"https:\/\/x.com\/SeryHumano\",\"https:\/\/www.instagram.com\/seryhumano\/\",\"https:\/\/www.linkedin.com\/company\/seryhumano-com\/\",\"https:\/\/www.youtube.com\/channel\/UCYfgIGSxygVnJAW0e9ZBZWg\"]},{\"@type\":\"Person\",\"@id\":\"https:\/\/seryhumano.com\/web\/#\/schema\/person\/fd30e8e0b394a62344b44d9b0fe75795\",\"name\":\"@herrera_yosmar\",\"description\":\"Eterna enamorada de la vida, comunicadora, mam\u00e1 de tres\",\"sameAs\":[\"http:\/\/seryhumano.com\"],\"url\":\"https:\/\/seryhumano.com\/web\/?author=2\"}]}<\/script>\n<!-- \/ Yoast SEO plugin. -->","yoast_head_json":{"title":"Vacaciones Escolares","description":"Las vacaciones, aunque no son un momento lit\u00fargico marcado por la Iglesia, es un tiempo de descanso y convivencia intensa y, pueden aprovecharse para crecer espiritual y humanamente en familia","robots":{"index":"index","follow":"follow","max-snippet":"max-snippet:-1","max-image-preview":"max-image-preview:large","max-video-preview":"max-video-preview:-1"},"canonical":"https:\/\/seryhumano.com\/web\/?p=13718","og_locale":"es_ES","og_type":"article","og_title":"Vacaciones Escolares","og_description":"Las vacaciones, aunque no son un momento lit\u00fargico marcado por la Iglesia, es un tiempo de descanso y convivencia intensa y, pueden aprovecharse para crecer espiritual y humanamente en familia","og_url":"https:\/\/seryhumano.com\/web\/?p=13718","og_site_name":"SeryHumano.com","article_publisher":"https:\/\/www.facebook.com\/seryhumano\/","article_published_time":"2014-07-06T11:32:10+00:00","article_modified_time":"2014-07-06T23:23:38+00:00","og_image":[{"width":910,"height":227,"url":"https:\/\/seryhumano.com\/web\/wp-content\/uploads\/2014\/07\/featureslider_ni\u00f1os-vacaciones.jpg","type":"image\/jpeg"}],"author":"@herrera_yosmar","twitter_card":"summary_large_image","twitter_creator":"@SeryHumano","twitter_site":"@SeryHumano","twitter_misc":{"Escrito por":"@herrera_yosmar","Tiempo de lectura":"3 minutos"},"schema":{"@context":"https:\/\/schema.org","@graph":[{"@type":"Article","@id":"https:\/\/seryhumano.com\/web\/?p=13718#article","isPartOf":{"@id":"https:\/\/seryhumano.com\/web\/?p=13718"},"author":{"name":"@herrera_yosmar","@id":"https:\/\/seryhumano.com\/web\/#\/schema\/person\/fd30e8e0b394a62344b44d9b0fe75795"},"headline":"Vacaciones Escolares","datePublished":"2014-07-06T11:32:10+00:00","dateModified":"2014-07-06T23:23:38+00:00","mainEntityOfPage":{"@id":"https:\/\/seryhumano.com\/web\/?p=13718"},"wordCount":525,"publisher":{"@id":"https:\/\/seryhumano.com\/web\/#organization"},"image":{"@id":"https:\/\/seryhumano.com\/web\/?p=13718#primaryimage"},"thumbnailUrl":"https:\/\/seryhumano.com\/web\/wp-content\/uploads\/2014\/07\/featureslider_ni\u00f1os-vacaciones.jpg","keywords":["Slider"],"articleSection":["Cultura del Ser"],"inLanguage":"es"},{"@type":"WebPage","@id":"https:\/\/seryhumano.com\/web\/?p=13718","url":"https:\/\/seryhumano.com\/web\/?p=13718","name":"Vacaciones Escolares","isPartOf":{"@id":"https:\/\/seryhumano.com\/web\/#website"},"primaryImageOfPage":{"@id":"https:\/\/seryhumano.com\/web\/?p=13718#primaryimage"},"image":{"@id":"https:\/\/seryhumano.com\/web\/?p=13718#primaryimage"},"thumbnailUrl":"https:\/\/seryhumano.com\/web\/wp-content\/uploads\/2014\/07\/featureslider_ni\u00f1os-vacaciones.jpg","datePublished":"2014-07-06T11:32:10+00:00","dateModified":"2014-07-06T23:23:38+00:00","description":"Las vacaciones, aunque no son un momento lit\u00fargico marcado por la Iglesia, es un tiempo de descanso y convivencia intensa y, pueden aprovecharse para crecer espiritual y humanamente en familia","breadcrumb":{"@id":"https:\/\/seryhumano.com\/web\/?p=13718#breadcrumb"},"inLanguage":"es","potentialAction":[{"@type":"ReadAction","target":["https:\/\/seryhumano.com\/web\/?p=13718"]}]},{"@type":"ImageObject","inLanguage":"es","@id":"https:\/\/seryhumano.com\/web\/?p=13718#primaryimage","url":"https:\/\/seryhumano.com\/web\/wp-content\/uploads\/2014\/07\/featureslider_ni\u00f1os-vacaciones.jpg","contentUrl":"https:\/\/seryhumano.com\/web\/wp-content\/uploads\/2014\/07\/featureslider_ni\u00f1os-vacaciones.jpg","width":910,"height":227},{"@type":"BreadcrumbList","@id":"https:\/\/seryhumano.com\/web\/?p=13718#breadcrumb","itemListElement":[{"@type":"ListItem","position":1,"name":"Portada","item":"https:\/\/seryhumano.com\/web\/"},{"@type":"ListItem","position":2,"name":"Vacaciones Escolares"}]},{"@type":"WebSite","@id":"https:\/\/seryhumano.com\/web\/#website","url":"https:\/\/seryhumano.com\/web\/","name":"SeryHumano.com","description":"Revista digital muy humana, donde lo mas importante es el Ser...","publisher":{"@id":"https:\/\/seryhumano.com\/web\/#organization"},"potentialAction":[{"@type":"SearchAction","target":{"@type":"EntryPoint","urlTemplate":"https:\/\/seryhumano.com\/web\/?s={search_term_string}"},"query-input":{"@type":"PropertyValueSpecification","valueRequired":true,"valueName":"search_term_string"}}],"inLanguage":"es"},{"@type":"Organization","@id":"https:\/\/seryhumano.com\/web\/#organization","name":"SeryHumano.com","url":"https:\/\/seryhumano.com\/web\/","logo":{"@type":"ImageObject","inLanguage":"es","@id":"https:\/\/seryhumano.com\/web\/#\/schema\/logo\/image\/","url":"https:\/\/seryhumano.com\/web\/wp-content\/uploads\/2020\/02\/JNe5VRwH_400x400-2.jpg","contentUrl":"https:\/\/seryhumano.com\/web\/wp-content\/uploads\/2020\/02\/JNe5VRwH_400x400-2.jpg","width":400,"height":400,"caption":"SeryHumano.com"},"image":{"@id":"https:\/\/seryhumano.com\/web\/#\/schema\/logo\/image\/"},"sameAs":["https:\/\/www.facebook.com\/seryhumano\/","https:\/\/x.com\/SeryHumano","https:\/\/www.instagram.com\/seryhumano\/","https:\/\/www.linkedin.com\/company\/seryhumano-com\/","https:\/\/www.youtube.com\/channel\/UCYfgIGSxygVnJAW0e9ZBZWg"]},{"@type":"Person","@id":"https:\/\/seryhumano.com\/web\/#\/schema\/person\/fd30e8e0b394a62344b44d9b0fe75795","name":"@herrera_yosmar","description":"Eterna enamorada de la vida, comunicadora, mam\u00e1 de tres","sameAs":["http:\/\/seryhumano.com"],"url":"https:\/\/seryhumano.com\/web\/?author=2"}]}},"_links":{"self":[{"href":"https:\/\/seryhumano.com\/web\/index.php?rest_route=\/wp\/v2\/posts\/13718","targetHints":{"allow":["GET"]}}],"collection":[{"href":"https:\/\/seryhumano.com\/web\/index.php?rest_route=\/wp\/v2\/posts"}],"about":[{"href":"https:\/\/seryhumano.com\/web\/index.php?rest_route=\/wp\/v2\/types\/post"}],"author":[{"embeddable":true,"href":"https:\/\/seryhumano.com\/web\/index.php?rest_route=\/wp\/v2\/users\/2"}],"replies":[{"embeddable":true,"href":"https:\/\/seryhumano.com\/web\/index.php?rest_route=%2Fwp%2Fv2%2Fcomments&post=13718"}],"version-history":[{"count":0,"href":"https:\/\/seryhumano.com\/web\/index.php?rest_route=\/wp\/v2\/posts\/13718\/revisions"}],"wp:featuredmedia":[{"embeddable":true,"href":"https:\/\/seryhumano.com\/web\/index.php?rest_route=\/wp\/v2\/media\/13748"}],"wp:attachment":[{"href":"https:\/\/seryhumano.com\/web\/index.php?rest_route=%2Fwp%2Fv2%2Fmedia&parent=13718"}],"wp:term":[{"taxonomy":"category","embeddable":true,"href":"https:\/\/seryhumano.com\/web\/index.php?rest_route=%2Fwp%2Fv2%2Fcategories&post=13718"},{"taxonomy":"post_tag","embeddable":true,"href":"https:\/\/seryhumano.com\/web\/index.php?rest_route=%2Fwp%2Fv2%2Ftags&post=13718"}],"curies":[{"name":"wp","href":"https:\/\/api.w.org\/{rel}","templated":true}]}}