{"id":14105,"date":"2014-07-20T10:24:15","date_gmt":"2014-07-20T14:54:15","guid":{"rendered":"https:\/\/seryhumano.com\/web\/?p=14105"},"modified":"2014-07-20T15:40:55","modified_gmt":"2014-07-20T20:10:55","slug":"se-encuentra-en-crisis-la-crianza","status":"publish","type":"post","link":"https:\/\/seryhumano.com\/web\/?p=14105","title":{"rendered":"\u00bfSe encuentra en crisis la crianza?"},"content":{"rendered":"<p><a href=\"https:\/\/seryhumano.com\/web\/?attachment_id=14106\" rel=\"attachment wp-att-14106\"><img loading=\"lazy\" decoding=\"async\" class=\"alignleft size-medium wp-image-14106\" src=\"https:\/\/seryhumano.com\/web\/wp-content\/uploads\/2014\/07\/crianza-300x193.jpg\" alt=\"crianza\" width=\"300\" height=\"193\" srcset=\"https:\/\/seryhumano.com\/web\/wp-content\/uploads\/2014\/07\/crianza-300x193.jpg 300w, https:\/\/seryhumano.com\/web\/wp-content\/uploads\/2014\/07\/crianza.jpg 620w\" sizes=\"auto, (max-width: 300px) 100vw, 300px\" \/><\/a>En general, soy una persona bastante optimista. Tiendo a creer que todo va a salir bien, a menos que las pruebas indiquen totalmente lo contrario; cualquiera que me conozca bien te dir\u00e1 que no suelo dramatizar. Este es el motivo por el que cuando afirmo que la crianza moderna est\u00e1 en apuros, en crisis incluso, espero que me escuchen, y que me escuchen bien. He trabajado con ni\u00f1os y padres en dos continentes y durante dos d\u00e9cadas, y lo que he visto en los \u00faltimos a\u00f1os me alarma. Estos son los mayores problemas que veo:<\/p>\n<p><strong>Tenemos miedo a nuestros hijos<\/strong><\/p>\n<p>Suelo hacer una prueba por las ma\u00f1anas en la que observo c\u00f3mo un padre da el desayuno a su hijo. Si el ni\u00f1o dice: \u00ab\u00a1Quiero la taza rosa, no la azul!\u00bb aunque la madre ya haya echado la leche en la azul, trato de observar con cuidado la reacci\u00f3n de la mam\u00e1. La mayor\u00eda de las veces, se pone p\u00e1lida y vierte el contenido en la taza que el ni\u00f1o prefiere antes de que le d\u00e9 un berrinche. \u00a1Error! \u00bfDe qu\u00e9 tienes miedo? \u00bfQui\u00e9n manda de los dos? Deja que llore si quiere, y vete de ah\u00ed para no escuchar el llanto. Pero, por favor, no trabajes de m\u00e1s s\u00f3lo para agradar al ni\u00f1o. Y, lo m\u00e1s importante, piensa en la lecci\u00f3n que le est\u00e1s ense\u00f1ando si le das todo lo que quiere s\u00f3lo por ponerse a llorar.<\/p>\n<p><strong>Hemos bajado el list\u00f3n<\/strong><\/p>\n<p>Cuando los ni\u00f1os se comportan mal, ya sea en p\u00fablico o en privado, los padres tienden a encogerse de hombros como diciendo: \u00abAs\u00ed son los ni\u00f1os\u00bb. Te aseguro que no tiene por qu\u00e9 ser as\u00ed. Los ni\u00f1os son capaces de mucho m\u00e1s de lo que los padres normalmente esperan de ellos, en cuanto a sus modales, al respeto por los mayores, las tareas del d\u00eda a d\u00eda, la generosidad o el autocontrol. \u00bfCrees que un ni\u00f1o no puede quedarse sentado durante la cena en un restaurante? Nada de eso. \u00bfCrees que un ni\u00f1o no es capaz de quitar la mesa sin que se lo pidan? De nuevo, no es as\u00ed. La \u00fanica raz\u00f3n por la que no se portan bien es porque no les has mostrado c\u00f3mo hacerlo y porque no esperas que lo hagan. As\u00ed de simple. Pon el list\u00f3n m\u00e1s alto y tu hijo sabr\u00e1 c\u00f3mo comportarse.<\/p>\n<p><strong>Hemos perdido las costumbres del pueblo<\/strong><\/p>\n<p>Antes, los conductores de autob\u00fas, los maestros, los tenderos y otros padres sol\u00edan tener carta blanca para corregir a un ni\u00f1o maleducado. Actuaban como ojos y o\u00eddos de la madre y el padre si los ni\u00f1os estaban fuera de su vista, y todo el mundo colaboraba por un inter\u00e9s com\u00fan: criar de forma adecuada a ni\u00f1os y ni\u00f1as. Todo el pueblo se volcaba. En la actualidad, si a alguien que no es padre del ni\u00f1o en cuesti\u00f3n se le ocurre rega\u00f1arlo, a los padres no les hace ninguna gracia.<a href=\"https:\/\/seryhumano.com\/web\/?attachment_id=14108\" rel=\"attachment wp-att-14108\"><img loading=\"lazy\" decoding=\"async\" class=\"alignright size-medium wp-image-14108\" src=\"https:\/\/seryhumano.com\/web\/wp-content\/uploads\/2014\/07\/Disciplina-a-los-hijos-2-270x300.jpg\" alt=\"Disciplina a los hijos 2\" width=\"270\" height=\"300\" srcset=\"https:\/\/seryhumano.com\/web\/wp-content\/uploads\/2014\/07\/Disciplina-a-los-hijos-2-270x300.jpg 270w, https:\/\/seryhumano.com\/web\/wp-content\/uploads\/2014\/07\/Disciplina-a-los-hijos-2.jpg 346w\" sizes=\"auto, (max-width: 270px) 100vw, 270px\" \/><\/a><\/p>\n<p>Quieren que su hijo parezca el ni\u00f1o perfecto, y por eso no aceptan que los maestros u otras personas digan lo contrario. Montar\u00e1n en c\u00f3lera e ir\u00e1n a hablar con el profesor antes que con su hijo por haberse portado mal en clase. Sienten la necesidad de proyectar una imagen perfecta al mundo y, por desgracia, su inseguridad se ve reforzada porque muchos padres se juzgan entre s\u00ed. Si un ni\u00f1o se pone a berrear, todas las cabezas se girar\u00e1n hacia la madre con una mirada reprobadora. En su lugar, deber\u00eda ser respaldada, porque hay muchas posibilidades de que el berrinche haya tenido lugar por no haber cedido ante alguna de las exigencias de su ni\u00f1o. M\u00e1s bien, esos observadores deber\u00edan decirle: \u00abBuen trabajo. S\u00e9 lo dif\u00edcil que resulta poner l\u00edmites\u00bb.<\/p>\n<p><strong>Confiamos demasiado en los atajos<\/strong><\/p>\n<p>Me parece maravilloso que los padres tengan todo tipo de aparatos electr\u00f3nicos para entretenerse en un vuelo o en la sala de espera del m\u00e9dico. Tambi\u00e9n es fabuloso que podamos pedir nuestra compra online, y que podamos calentar comida sana a golpe de microondas. Los padres est\u00e1n m\u00e1s ocupados que nunca, y estoy totalmente a favor de tomar el camino f\u00e1cil siempre que sea necesario. Pero los atajos tambi\u00e9n pueden ser una pendiente resbaladiza. Cuando descubres lo bien que Caillou entretiene al ni\u00f1o en un avi\u00f3n, que no te tiente la idea de ponerle los dibujos en un restaurante. Los ni\u00f1os tambi\u00e9n tienen que aprender a ser pacientes. Tienen que aprender a distraerse ellos solos. Tienen que aprender que no toda la comida va a estar siempre caliente y lista en menos de tres minutos y, si es posible, tambi\u00e9n tienen que aprender a ayudar en la cocina. Los beb\u00e9s tienen que aprender a tranquilizarse solos; no hay que sentarlos en una silla vibradora cada vez que se pongan quisquillosos. Los ni\u00f1os tienen que aprender a levantarse cuando se caen, en vez de subir los brazos para que mam\u00e1 y pap\u00e1 les cojan. Ense\u00f1a a los ni\u00f1os que los atajos pueden servir de ayuda, pero que resulta muy satisfactorio hacer las cosas por la v\u00eda lenta.<\/p>\n<p><strong>Los padres ponen las necesidades de los hijos por encima de las suyas<\/strong><\/p>\n<p>Naturalmente, los padres tienden a cuidar de sus hijos en primer lugar, y esto es bueno para la evoluci\u00f3n. Yo defiendo la idea de crear un horario que se ajuste a las necesidades del ni\u00f1o, y que la alimentaci\u00f3n y la ropa del ni\u00f1o sean prioritarias. Sin embargo, los padres de hoy en d\u00eda han ido demasiado lejos, sometiendo sus propias necesidades y salud mental a las de sus hijos. Cada vez con m\u00e1s frecuencia veo a mam\u00e1s que se levantan de la cama cada dos por tres para satisfacer los caprichos del ni\u00f1o. O a pap\u00e1s que lo dejan todo y se recorren el zoo de punta a punta y a toda prisa para comprarle a la ni\u00f1a una bebida porque tiene sed. No pasa nada por no levantarte en mitad de la noche para darle otro vaso de agua a tu hijo. No pasa nada si el pap\u00e1 del zoo dice: \u00ab<em>Claro que vas a beber agua, pero vamos a tener que esperar hasta llegar a la pr\u00f3xima fuente<\/em>\u00ab. No pasa nada por utilizar la palabra no de vez en cuando, ni hay nada malo en pedirle a tu hijo que se entretenga solo unos minutos porque mam\u00e1 quiere usar el ba\u00f1o en privado u hojear una revista.<a href=\"https:\/\/seryhumano.com\/web\/?attachment_id=14110\" rel=\"attachment wp-att-14110\"><img loading=\"lazy\" decoding=\"async\" class=\"alignright size-full wp-image-14110\" src=\"https:\/\/seryhumano.com\/web\/wp-content\/uploads\/2014\/07\/crianza1.jpg\" alt=\"crianza1\" width=\"280\" height=\"180\" \/><\/a><\/p>\n<p>Temo que si no empezamos a corregir, y pronto, estos cinco errores graves, los ni\u00f1os que estamos criando crecer\u00e1n y se convertir\u00e1n en adultos arrogantes, ego\u00edstas, impacientes y maleducados. No ser\u00e1 su culpa, sino la nuestra. No les hemos ense\u00f1ado otra cosa, nunca hemos esperado nada m\u00e1s de ellos. Nunca quisimos que se sintieran inc\u00f3modos y, cuando es inevitable que sientan alguna molestia, no se ven preparados para ello. Por tanto, pido por favor a todos los padres y cuidadores del mundo que exijan m\u00e1s a los ni\u00f1os. Que esperen m\u00e1s de ellos. Que les hagan part\u00edcipes de sus luchas. Que les den menos. Que les pongan rectos y que, juntos, les preparemos para que tengan \u00e9xito en el mundo real, y no en el mundo protegido que hemos creado para ellos.<\/p>\n<p>seryhumano.com \/ Emma Jenner<\/p>\n<p>Fuente: huffingtonpost.es<\/p>\n","protected":false},"excerpt":{"rendered":"<p>En general, soy una persona bastante optimista. Tiendo a creer que todo va a salir bien, a menos que las pruebas indiquen totalmente lo contrario; cualquiera que me conozca bien te dir\u00e1 que no suelo dramatizar. Este es el motivo por el que cuando afirmo que la crianza moderna est\u00e1 en apuros, en crisis incluso,&hellip;<\/p>\n","protected":false},"author":2,"featured_media":14123,"comment_status":"closed","ping_status":"closed","sticky":false,"template":"","format":"standard","meta":{"footnotes":""},"categories":[122],"tags":[111],"class_list":["post-14105","post","type-post","status-publish","format-standard","has-post-thumbnail","hentry","category-cultura","tag-slider","category-122","description-off"],"yoast_head":"<!-- This site is optimized with the Yoast SEO plugin v25.4 - https:\/\/yoast.com\/wordpress\/plugins\/seo\/ -->\n<title>\u00bfSe encuentra en crisis la crianza?<\/title>\n<meta name=\"description\" content=\"En general, soy una persona bastante optimista. Tiendo a creer que todo va a salir bien, a menos que las pruebas indiquen totalmente lo contrario; cualquiera que me conozca bien te dir\u00e1 que no suelo dramatizar\" \/>\n<meta name=\"robots\" content=\"index, follow, max-snippet:-1, max-image-preview:large, max-video-preview:-1\" \/>\n<link rel=\"canonical\" href=\"https:\/\/seryhumano.com\/web\/?p=14105\" \/>\n<meta property=\"og:locale\" content=\"es_ES\" \/>\n<meta property=\"og:type\" content=\"article\" \/>\n<meta property=\"og:title\" content=\"\u00bfSe encuentra en crisis la crianza?\" \/>\n<meta property=\"og:description\" content=\"En general, soy una persona bastante optimista. Tiendo a creer que todo va a salir bien, a menos que las pruebas indiquen totalmente lo contrario; cualquiera que me conozca bien te dir\u00e1 que no suelo dramatizar\" \/>\n<meta property=\"og:url\" content=\"https:\/\/seryhumano.com\/web\/?p=14105\" \/>\n<meta property=\"og:site_name\" content=\"SeryHumano.com\" \/>\n<meta property=\"article:publisher\" content=\"https:\/\/www.facebook.com\/seryhumano\/\" \/>\n<meta property=\"article:published_time\" content=\"2014-07-20T14:54:15+00:00\" \/>\n<meta property=\"article:modified_time\" content=\"2014-07-20T20:10:55+00:00\" \/>\n<meta property=\"og:image\" content=\"https:\/\/seryhumano.com\/web\/wp-content\/uploads\/2014\/07\/featureslider_crinza.jpg\" \/>\n\t<meta property=\"og:image:width\" content=\"910\" \/>\n\t<meta property=\"og:image:height\" content=\"227\" \/>\n\t<meta property=\"og:image:type\" content=\"image\/jpeg\" \/>\n<meta name=\"author\" content=\"@herrera_yosmar\" \/>\n<meta name=\"twitter:card\" content=\"summary_large_image\" \/>\n<meta name=\"twitter:creator\" content=\"@SeryHumano\" \/>\n<meta name=\"twitter:site\" content=\"@SeryHumano\" \/>\n<meta name=\"twitter:label1\" content=\"Escrito por\" \/>\n\t<meta name=\"twitter:data1\" content=\"@herrera_yosmar\" \/>\n\t<meta name=\"twitter:label2\" content=\"Tiempo de lectura\" \/>\n\t<meta name=\"twitter:data2\" content=\"6 minutos\" \/>\n<script type=\"application\/ld+json\" class=\"yoast-schema-graph\">{\"@context\":\"https:\/\/schema.org\",\"@graph\":[{\"@type\":\"Article\",\"@id\":\"https:\/\/seryhumano.com\/web\/?p=14105#article\",\"isPartOf\":{\"@id\":\"https:\/\/seryhumano.com\/web\/?p=14105\"},\"author\":{\"name\":\"@herrera_yosmar\",\"@id\":\"https:\/\/seryhumano.com\/web\/#\/schema\/person\/fd30e8e0b394a62344b44d9b0fe75795\"},\"headline\":\"\u00bfSe encuentra en crisis la crianza?\",\"datePublished\":\"2014-07-20T14:54:15+00:00\",\"dateModified\":\"2014-07-20T20:10:55+00:00\",\"mainEntityOfPage\":{\"@id\":\"https:\/\/seryhumano.com\/web\/?p=14105\"},\"wordCount\":1304,\"publisher\":{\"@id\":\"https:\/\/seryhumano.com\/web\/#organization\"},\"image\":{\"@id\":\"https:\/\/seryhumano.com\/web\/?p=14105#primaryimage\"},\"thumbnailUrl\":\"https:\/\/seryhumano.com\/web\/wp-content\/uploads\/2014\/07\/featureslider_crinza.jpg\",\"keywords\":[\"Slider\"],\"articleSection\":[\"Cultura del Ser\"],\"inLanguage\":\"es\"},{\"@type\":\"WebPage\",\"@id\":\"https:\/\/seryhumano.com\/web\/?p=14105\",\"url\":\"https:\/\/seryhumano.com\/web\/?p=14105\",\"name\":\"\u00bfSe encuentra en crisis la crianza?\",\"isPartOf\":{\"@id\":\"https:\/\/seryhumano.com\/web\/#website\"},\"primaryImageOfPage\":{\"@id\":\"https:\/\/seryhumano.com\/web\/?p=14105#primaryimage\"},\"image\":{\"@id\":\"https:\/\/seryhumano.com\/web\/?p=14105#primaryimage\"},\"thumbnailUrl\":\"https:\/\/seryhumano.com\/web\/wp-content\/uploads\/2014\/07\/featureslider_crinza.jpg\",\"datePublished\":\"2014-07-20T14:54:15+00:00\",\"dateModified\":\"2014-07-20T20:10:55+00:00\",\"description\":\"En general, soy una persona bastante optimista. Tiendo a creer que todo va a salir bien, a menos que las pruebas indiquen totalmente lo contrario; cualquiera que me conozca bien te dir\u00e1 que no suelo dramatizar\",\"breadcrumb\":{\"@id\":\"https:\/\/seryhumano.com\/web\/?p=14105#breadcrumb\"},\"inLanguage\":\"es\",\"potentialAction\":[{\"@type\":\"ReadAction\",\"target\":[\"https:\/\/seryhumano.com\/web\/?p=14105\"]}]},{\"@type\":\"ImageObject\",\"inLanguage\":\"es\",\"@id\":\"https:\/\/seryhumano.com\/web\/?p=14105#primaryimage\",\"url\":\"https:\/\/seryhumano.com\/web\/wp-content\/uploads\/2014\/07\/featureslider_crinza.jpg\",\"contentUrl\":\"https:\/\/seryhumano.com\/web\/wp-content\/uploads\/2014\/07\/featureslider_crinza.jpg\",\"width\":910,\"height\":227},{\"@type\":\"BreadcrumbList\",\"@id\":\"https:\/\/seryhumano.com\/web\/?p=14105#breadcrumb\",\"itemListElement\":[{\"@type\":\"ListItem\",\"position\":1,\"name\":\"Portada\",\"item\":\"https:\/\/seryhumano.com\/web\/\"},{\"@type\":\"ListItem\",\"position\":2,\"name\":\"\u00bfSe encuentra en crisis la crianza?\"}]},{\"@type\":\"WebSite\",\"@id\":\"https:\/\/seryhumano.com\/web\/#website\",\"url\":\"https:\/\/seryhumano.com\/web\/\",\"name\":\"SeryHumano.com\",\"description\":\"Revista digital muy humana, donde lo mas importante es el Ser...\",\"publisher\":{\"@id\":\"https:\/\/seryhumano.com\/web\/#organization\"},\"potentialAction\":[{\"@type\":\"SearchAction\",\"target\":{\"@type\":\"EntryPoint\",\"urlTemplate\":\"https:\/\/seryhumano.com\/web\/?s={search_term_string}\"},\"query-input\":{\"@type\":\"PropertyValueSpecification\",\"valueRequired\":true,\"valueName\":\"search_term_string\"}}],\"inLanguage\":\"es\"},{\"@type\":\"Organization\",\"@id\":\"https:\/\/seryhumano.com\/web\/#organization\",\"name\":\"SeryHumano.com\",\"url\":\"https:\/\/seryhumano.com\/web\/\",\"logo\":{\"@type\":\"ImageObject\",\"inLanguage\":\"es\",\"@id\":\"https:\/\/seryhumano.com\/web\/#\/schema\/logo\/image\/\",\"url\":\"https:\/\/seryhumano.com\/web\/wp-content\/uploads\/2020\/02\/JNe5VRwH_400x400-2.jpg\",\"contentUrl\":\"https:\/\/seryhumano.com\/web\/wp-content\/uploads\/2020\/02\/JNe5VRwH_400x400-2.jpg\",\"width\":400,\"height\":400,\"caption\":\"SeryHumano.com\"},\"image\":{\"@id\":\"https:\/\/seryhumano.com\/web\/#\/schema\/logo\/image\/\"},\"sameAs\":[\"https:\/\/www.facebook.com\/seryhumano\/\",\"https:\/\/x.com\/SeryHumano\",\"https:\/\/www.instagram.com\/seryhumano\/\",\"https:\/\/www.linkedin.com\/company\/seryhumano-com\/\",\"https:\/\/www.youtube.com\/channel\/UCYfgIGSxygVnJAW0e9ZBZWg\"]},{\"@type\":\"Person\",\"@id\":\"https:\/\/seryhumano.com\/web\/#\/schema\/person\/fd30e8e0b394a62344b44d9b0fe75795\",\"name\":\"@herrera_yosmar\",\"description\":\"Eterna enamorada de la vida, comunicadora, mam\u00e1 de tres\",\"sameAs\":[\"http:\/\/seryhumano.com\"],\"url\":\"https:\/\/seryhumano.com\/web\/?author=2\"}]}<\/script>\n<!-- \/ Yoast SEO plugin. -->","yoast_head_json":{"title":"\u00bfSe encuentra en crisis la crianza?","description":"En general, soy una persona bastante optimista. Tiendo a creer que todo va a salir bien, a menos que las pruebas indiquen totalmente lo contrario; cualquiera que me conozca bien te dir\u00e1 que no suelo dramatizar","robots":{"index":"index","follow":"follow","max-snippet":"max-snippet:-1","max-image-preview":"max-image-preview:large","max-video-preview":"max-video-preview:-1"},"canonical":"https:\/\/seryhumano.com\/web\/?p=14105","og_locale":"es_ES","og_type":"article","og_title":"\u00bfSe encuentra en crisis la crianza?","og_description":"En general, soy una persona bastante optimista. Tiendo a creer que todo va a salir bien, a menos que las pruebas indiquen totalmente lo contrario; cualquiera que me conozca bien te dir\u00e1 que no suelo dramatizar","og_url":"https:\/\/seryhumano.com\/web\/?p=14105","og_site_name":"SeryHumano.com","article_publisher":"https:\/\/www.facebook.com\/seryhumano\/","article_published_time":"2014-07-20T14:54:15+00:00","article_modified_time":"2014-07-20T20:10:55+00:00","og_image":[{"width":910,"height":227,"url":"https:\/\/seryhumano.com\/web\/wp-content\/uploads\/2014\/07\/featureslider_crinza.jpg","type":"image\/jpeg"}],"author":"@herrera_yosmar","twitter_card":"summary_large_image","twitter_creator":"@SeryHumano","twitter_site":"@SeryHumano","twitter_misc":{"Escrito por":"@herrera_yosmar","Tiempo de lectura":"6 minutos"},"schema":{"@context":"https:\/\/schema.org","@graph":[{"@type":"Article","@id":"https:\/\/seryhumano.com\/web\/?p=14105#article","isPartOf":{"@id":"https:\/\/seryhumano.com\/web\/?p=14105"},"author":{"name":"@herrera_yosmar","@id":"https:\/\/seryhumano.com\/web\/#\/schema\/person\/fd30e8e0b394a62344b44d9b0fe75795"},"headline":"\u00bfSe encuentra en crisis la crianza?","datePublished":"2014-07-20T14:54:15+00:00","dateModified":"2014-07-20T20:10:55+00:00","mainEntityOfPage":{"@id":"https:\/\/seryhumano.com\/web\/?p=14105"},"wordCount":1304,"publisher":{"@id":"https:\/\/seryhumano.com\/web\/#organization"},"image":{"@id":"https:\/\/seryhumano.com\/web\/?p=14105#primaryimage"},"thumbnailUrl":"https:\/\/seryhumano.com\/web\/wp-content\/uploads\/2014\/07\/featureslider_crinza.jpg","keywords":["Slider"],"articleSection":["Cultura del Ser"],"inLanguage":"es"},{"@type":"WebPage","@id":"https:\/\/seryhumano.com\/web\/?p=14105","url":"https:\/\/seryhumano.com\/web\/?p=14105","name":"\u00bfSe encuentra en crisis la crianza?","isPartOf":{"@id":"https:\/\/seryhumano.com\/web\/#website"},"primaryImageOfPage":{"@id":"https:\/\/seryhumano.com\/web\/?p=14105#primaryimage"},"image":{"@id":"https:\/\/seryhumano.com\/web\/?p=14105#primaryimage"},"thumbnailUrl":"https:\/\/seryhumano.com\/web\/wp-content\/uploads\/2014\/07\/featureslider_crinza.jpg","datePublished":"2014-07-20T14:54:15+00:00","dateModified":"2014-07-20T20:10:55+00:00","description":"En general, soy una persona bastante optimista. Tiendo a creer que todo va a salir bien, a menos que las pruebas indiquen totalmente lo contrario; cualquiera que me conozca bien te dir\u00e1 que no suelo dramatizar","breadcrumb":{"@id":"https:\/\/seryhumano.com\/web\/?p=14105#breadcrumb"},"inLanguage":"es","potentialAction":[{"@type":"ReadAction","target":["https:\/\/seryhumano.com\/web\/?p=14105"]}]},{"@type":"ImageObject","inLanguage":"es","@id":"https:\/\/seryhumano.com\/web\/?p=14105#primaryimage","url":"https:\/\/seryhumano.com\/web\/wp-content\/uploads\/2014\/07\/featureslider_crinza.jpg","contentUrl":"https:\/\/seryhumano.com\/web\/wp-content\/uploads\/2014\/07\/featureslider_crinza.jpg","width":910,"height":227},{"@type":"BreadcrumbList","@id":"https:\/\/seryhumano.com\/web\/?p=14105#breadcrumb","itemListElement":[{"@type":"ListItem","position":1,"name":"Portada","item":"https:\/\/seryhumano.com\/web\/"},{"@type":"ListItem","position":2,"name":"\u00bfSe encuentra en crisis la crianza?"}]},{"@type":"WebSite","@id":"https:\/\/seryhumano.com\/web\/#website","url":"https:\/\/seryhumano.com\/web\/","name":"SeryHumano.com","description":"Revista digital muy humana, donde lo mas importante es el Ser...","publisher":{"@id":"https:\/\/seryhumano.com\/web\/#organization"},"potentialAction":[{"@type":"SearchAction","target":{"@type":"EntryPoint","urlTemplate":"https:\/\/seryhumano.com\/web\/?s={search_term_string}"},"query-input":{"@type":"PropertyValueSpecification","valueRequired":true,"valueName":"search_term_string"}}],"inLanguage":"es"},{"@type":"Organization","@id":"https:\/\/seryhumano.com\/web\/#organization","name":"SeryHumano.com","url":"https:\/\/seryhumano.com\/web\/","logo":{"@type":"ImageObject","inLanguage":"es","@id":"https:\/\/seryhumano.com\/web\/#\/schema\/logo\/image\/","url":"https:\/\/seryhumano.com\/web\/wp-content\/uploads\/2020\/02\/JNe5VRwH_400x400-2.jpg","contentUrl":"https:\/\/seryhumano.com\/web\/wp-content\/uploads\/2020\/02\/JNe5VRwH_400x400-2.jpg","width":400,"height":400,"caption":"SeryHumano.com"},"image":{"@id":"https:\/\/seryhumano.com\/web\/#\/schema\/logo\/image\/"},"sameAs":["https:\/\/www.facebook.com\/seryhumano\/","https:\/\/x.com\/SeryHumano","https:\/\/www.instagram.com\/seryhumano\/","https:\/\/www.linkedin.com\/company\/seryhumano-com\/","https:\/\/www.youtube.com\/channel\/UCYfgIGSxygVnJAW0e9ZBZWg"]},{"@type":"Person","@id":"https:\/\/seryhumano.com\/web\/#\/schema\/person\/fd30e8e0b394a62344b44d9b0fe75795","name":"@herrera_yosmar","description":"Eterna enamorada de la vida, comunicadora, mam\u00e1 de tres","sameAs":["http:\/\/seryhumano.com"],"url":"https:\/\/seryhumano.com\/web\/?author=2"}]}},"_links":{"self":[{"href":"https:\/\/seryhumano.com\/web\/index.php?rest_route=\/wp\/v2\/posts\/14105","targetHints":{"allow":["GET"]}}],"collection":[{"href":"https:\/\/seryhumano.com\/web\/index.php?rest_route=\/wp\/v2\/posts"}],"about":[{"href":"https:\/\/seryhumano.com\/web\/index.php?rest_route=\/wp\/v2\/types\/post"}],"author":[{"embeddable":true,"href":"https:\/\/seryhumano.com\/web\/index.php?rest_route=\/wp\/v2\/users\/2"}],"replies":[{"embeddable":true,"href":"https:\/\/seryhumano.com\/web\/index.php?rest_route=%2Fwp%2Fv2%2Fcomments&post=14105"}],"version-history":[{"count":0,"href":"https:\/\/seryhumano.com\/web\/index.php?rest_route=\/wp\/v2\/posts\/14105\/revisions"}],"wp:featuredmedia":[{"embeddable":true,"href":"https:\/\/seryhumano.com\/web\/index.php?rest_route=\/wp\/v2\/media\/14123"}],"wp:attachment":[{"href":"https:\/\/seryhumano.com\/web\/index.php?rest_route=%2Fwp%2Fv2%2Fmedia&parent=14105"}],"wp:term":[{"taxonomy":"category","embeddable":true,"href":"https:\/\/seryhumano.com\/web\/index.php?rest_route=%2Fwp%2Fv2%2Fcategories&post=14105"},{"taxonomy":"post_tag","embeddable":true,"href":"https:\/\/seryhumano.com\/web\/index.php?rest_route=%2Fwp%2Fv2%2Ftags&post=14105"}],"curies":[{"name":"wp","href":"https:\/\/api.w.org\/{rel}","templated":true}]}}