{"id":1423,"date":"2012-11-08T19:36:52","date_gmt":"2012-11-09T00:06:52","guid":{"rendered":"https:\/\/seryhumano.com\/web\/?p=1423"},"modified":"2012-11-09T07:27:48","modified_gmt":"2012-11-09T11:57:48","slug":"las-memorias-de-vicente-freijeiro","status":"publish","type":"post","link":"https:\/\/seryhumano.com\/web\/?p=1423","title":{"rendered":"\u201cLas Memorias\u201d de Vicente Freijeiro"},"content":{"rendered":"<p><a href=\"https:\/\/seryhumano.com\/web\/?attachment_id=1425\" rel=\"attachment wp-att-1425\"><img loading=\"lazy\" decoding=\"async\" class=\"alignleft size-thumbnail wp-image-1425\" title=\"Vicente Freijeiro\" src=\"https:\/\/seryhumano.com\/web\/wp-content\/uploads\/2012\/11\/380996_3137968247787_1207660664_n1-150x150.jpg\" alt=\"\" width=\"150\" height=\"150\" srcset=\"https:\/\/seryhumano.com\/web\/wp-content\/uploads\/2012\/11\/380996_3137968247787_1207660664_n1-150x150.jpg 150w, https:\/\/seryhumano.com\/web\/wp-content\/uploads\/2012\/11\/380996_3137968247787_1207660664_n1-50x50.jpg 50w\" sizes=\"auto, (max-width: 150px) 100vw, 150px\" \/><\/a>La trompeta del valenciano Vicente Freijeiro brillar\u00e1 una vez m\u00e1s como solista en un concierto muy especial junto a la Orquesta Sinf\u00f3nica de Venezuela, el pr\u00f3ximo s\u00e1bado 10 de noviembre a las 8:00 p.m. cuando estrene en el Teatro de Chacao su nueva producci\u00f3n discogr\u00e1fica \u201c<em>Memorias<\/em>\u201d<\/p>\n<p>Vicente nace en Valencia el 26 de Septiembre de 1971, a la edad de 9 a\u00f1os inicio sus estudios de trompeta bajo la tutela de su padre el Prof. Jos\u00e9 Freijeiro Fern\u00e1ndez, mostrando una temprana facilidad en su ejecuci\u00f3n. En el a\u00f1o 1995 \u00a0ingresa a la New World School of the Arts en Miami Florida donde obtiene el titulo de Asociado en Artes, en 1998 se transfiere a la Florida International University de la misma ciudad, donde culmina en el a\u00f1o 2000.<a href=\"https:\/\/seryhumano.com\/web\/?attachment_id=1426\" rel=\"attachment wp-att-1426\"><img loading=\"lazy\" decoding=\"async\" class=\"alignright size-thumbnail wp-image-1426\" title=\"Florida International University\" src=\"https:\/\/seryhumano.com\/web\/wp-content\/uploads\/2012\/11\/Florida-International-University-150x150.jpg\" alt=\"\" width=\"150\" height=\"150\" srcset=\"https:\/\/seryhumano.com\/web\/wp-content\/uploads\/2012\/11\/Florida-International-University-150x150.jpg 150w, https:\/\/seryhumano.com\/web\/wp-content\/uploads\/2012\/11\/Florida-International-University-50x50.jpg 50w\" sizes=\"auto, (max-width: 150px) 100vw, 150px\" \/><\/a><\/p>\n<p>En la actualidad, \u00a0Vicente Freijeiro, cuenta con una brillante trayectoria desde sus tempranos inicios. Se ha destacado como solista internacional en Estados Unidos y M\u00e9xico adem\u00e1s ha participado en innumerables grabaciones discogr\u00e1ficas.<\/p>\n<p>En el campo de la m\u00fasica popular ha integrado las bandas de Porfi Jim\u00e9nez, Franco de Vita, Ilan Chester, Oscar D\u2019 Le\u00f3n, Andy Dur\u00e1n, SaxoMania, Mulato, Armando Manzanero, Richey Rey y Bobby Cruz, Cheo Feliciano, Arturo Sandoval y Luis Fonsi, entre otros.<\/p>\n<p><a href=\"https:\/\/seryhumano.com\/web\/?attachment_id=1428\" rel=\"attachment wp-att-1428\"><img loading=\"lazy\" decoding=\"async\" class=\"alignleft size-thumbnail wp-image-1428\" title=\"Maestro Andy Dur\u00e1n\" src=\"https:\/\/seryhumano.com\/web\/wp-content\/uploads\/2012\/11\/Maestro-Andy-Dur\u00e1n-150x150.jpg\" alt=\"\" width=\"150\" height=\"150\" srcset=\"https:\/\/seryhumano.com\/web\/wp-content\/uploads\/2012\/11\/Maestro-Andy-Dur\u00e1n-150x150.jpg 150w, https:\/\/seryhumano.com\/web\/wp-content\/uploads\/2012\/11\/Maestro-Andy-Dur\u00e1n-50x50.jpg 50w\" sizes=\"auto, (max-width: 150px) 100vw, 150px\" \/><\/a>En este concierto de lujo, el p\u00fablico capitalino contar\u00e1 con la especial participaci\u00f3n de Andy Dur\u00e1n en la direcci\u00f3n y Gonzalo Lira (El Gordo), vocalista de la agrupaci\u00f3n Klandestinos, as\u00ed como tambi\u00e9n del Quinteto Venezuela Brass.<\/p>\n<p>\u201cMemorias\u201d es una producci\u00f3n que re\u00fane temas que a lo largo de la dilatada carrera de Vicente Freijeiro han sido muy significativos, pues le fueron dedicados por sus compositores y arreglistas para que los interpretara como solista. \u201cTanto compositores y arreglistas en esta producci\u00f3n creyeron en m\u00ed en un momento determinado. Esto le da una particularidad a este disco ya que todos los temas los he interpretado en vivo antes de grabarlos y en su mayor\u00eda hace ya bastante tiempo. De all\u00ed viene su t\u00edtulo. \u201cMemorias\u201d consiste en un viaje a trav\u00e9s del tiempo y escenarios fabulosos, en el que cada uno de los artistas que me respaldan, plasman con su pluma la esencia de cada estilo\u201d, cuenta Vicente Freijeiro.<a href=\"https:\/\/seryhumano.com\/web\/?attachment_id=1429\" rel=\"attachment wp-att-1429\"><img loading=\"lazy\" decoding=\"async\" class=\"alignright size-full wp-image-1429\" title=\"Vicente Freijeiro CD\" src=\"https:\/\/seryhumano.com\/web\/wp-content\/uploads\/2012\/11\/Vicente-Freijeiro-CD.jpg\" alt=\"\" width=\"176\" height=\"286\" \/><\/a><\/p>\n<p>Para Freijeiro, sin duda, ser\u00e1 un encuentro memorable donde todo su talento brillar\u00e1 junto a la primera orquesta del pa\u00eds, cuna del movimiento orquestal sinf\u00f3nico venezolano.<\/p>\n<p>Seryhumano.com<\/p>\n<p>[youtube]jILONYpqWiI[\/youtube]<\/p>\n","protected":false},"excerpt":{"rendered":"<p>La trompeta del valenciano Vicente Freijeiro brillar\u00e1 una vez m\u00e1s como solista en un concierto muy especial junto a la Orquesta Sinf\u00f3nica de Venezuela, el pr\u00f3ximo s\u00e1bado 10 de noviembre a las 8:00 p.m. cuando estrene en el Teatro de Chacao su nueva producci\u00f3n discogr\u00e1fica \u201cMemorias\u201d Vicente nace en Valencia el 26 de Septiembre de&hellip;<\/p>\n","protected":false},"author":2,"featured_media":1433,"comment_status":"closed","ping_status":"closed","sticky":false,"template":"","format":"standard","meta":{"footnotes":""},"categories":[110,114],"tags":[111],"class_list":["post-1423","post","type-post","status-publish","format-standard","has-post-thumbnail","hentry","category-noticias","category-sonidos","tag-slider","category-110","category-114","description-off"],"yoast_head":"<!-- This site is optimized with the Yoast SEO plugin v25.4 - https:\/\/yoast.com\/wordpress\/plugins\/seo\/ -->\n<title>\u201cLas Memorias\u201d de Vicente Freijeiro &#187; SeryHumano.com<\/title>\n<meta name=\"robots\" content=\"index, follow, max-snippet:-1, max-image-preview:large, max-video-preview:-1\" \/>\n<link rel=\"canonical\" href=\"https:\/\/seryhumano.com\/web\/?p=1423\" \/>\n<meta property=\"og:locale\" content=\"es_ES\" \/>\n<meta property=\"og:type\" content=\"article\" \/>\n<meta property=\"og:title\" content=\"\u201cLas Memorias\u201d de Vicente Freijeiro &#187; SeryHumano.com\" \/>\n<meta property=\"og:description\" content=\"La trompeta del valenciano Vicente Freijeiro brillar\u00e1 una vez m\u00e1s como solista en un concierto muy especial junto a la Orquesta Sinf\u00f3nica de Venezuela, el pr\u00f3ximo s\u00e1bado 10 de noviembre a las 8:00 p.m. cuando estrene en el Teatro de Chacao su nueva producci\u00f3n discogr\u00e1fica \u201cMemorias\u201d Vicente nace en Valencia el 26 de Septiembre de&hellip;\" \/>\n<meta property=\"og:url\" content=\"https:\/\/seryhumano.com\/web\/?p=1423\" \/>\n<meta property=\"og:site_name\" content=\"SeryHumano.com\" \/>\n<meta property=\"article:publisher\" content=\"https:\/\/www.facebook.com\/seryhumano\/\" \/>\n<meta property=\"article:published_time\" content=\"2012-11-09T00:06:52+00:00\" \/>\n<meta property=\"article:modified_time\" content=\"2012-11-09T11:57:48+00:00\" \/>\n<meta property=\"og:image\" content=\"https:\/\/seryhumano.com\/web\/wp-content\/uploads\/2012\/11\/featureslider_trompeta.jpg\" \/>\n\t<meta property=\"og:image:width\" content=\"910\" \/>\n\t<meta property=\"og:image:height\" content=\"227\" \/>\n\t<meta property=\"og:image:type\" content=\"image\/jpeg\" \/>\n<meta name=\"author\" content=\"@herrera_yosmar\" \/>\n<meta name=\"twitter:card\" content=\"summary_large_image\" \/>\n<meta name=\"twitter:creator\" content=\"@SeryHumano\" \/>\n<meta name=\"twitter:site\" content=\"@SeryHumano\" \/>\n<meta name=\"twitter:label1\" content=\"Escrito por\" \/>\n\t<meta name=\"twitter:data1\" content=\"@herrera_yosmar\" \/>\n\t<meta name=\"twitter:label2\" content=\"Tiempo de lectura\" \/>\n\t<meta name=\"twitter:data2\" content=\"2 minutos\" \/>\n<script type=\"application\/ld+json\" class=\"yoast-schema-graph\">{\"@context\":\"https:\/\/schema.org\",\"@graph\":[{\"@type\":\"Article\",\"@id\":\"https:\/\/seryhumano.com\/web\/?p=1423#article\",\"isPartOf\":{\"@id\":\"https:\/\/seryhumano.com\/web\/?p=1423\"},\"author\":{\"name\":\"@herrera_yosmar\",\"@id\":\"https:\/\/seryhumano.com\/web\/#\/schema\/person\/fd30e8e0b394a62344b44d9b0fe75795\"},\"headline\":\"\u201cLas Memorias\u201d de Vicente Freijeiro\",\"datePublished\":\"2012-11-09T00:06:52+00:00\",\"dateModified\":\"2012-11-09T11:57:48+00:00\",\"mainEntityOfPage\":{\"@id\":\"https:\/\/seryhumano.com\/web\/?p=1423\"},\"wordCount\":419,\"publisher\":{\"@id\":\"https:\/\/seryhumano.com\/web\/#organization\"},\"image\":{\"@id\":\"https:\/\/seryhumano.com\/web\/?p=1423#primaryimage\"},\"thumbnailUrl\":\"https:\/\/seryhumano.com\/web\/wp-content\/uploads\/2012\/11\/featureslider_trompeta.jpg\",\"keywords\":[\"Slider\"],\"articleSection\":[\"Noticias\",\"Sonidos del Ser\"],\"inLanguage\":\"es\"},{\"@type\":\"WebPage\",\"@id\":\"https:\/\/seryhumano.com\/web\/?p=1423\",\"url\":\"https:\/\/seryhumano.com\/web\/?p=1423\",\"name\":\"\u201cLas Memorias\u201d de Vicente Freijeiro &#187; SeryHumano.com\",\"isPartOf\":{\"@id\":\"https:\/\/seryhumano.com\/web\/#website\"},\"primaryImageOfPage\":{\"@id\":\"https:\/\/seryhumano.com\/web\/?p=1423#primaryimage\"},\"image\":{\"@id\":\"https:\/\/seryhumano.com\/web\/?p=1423#primaryimage\"},\"thumbnailUrl\":\"https:\/\/seryhumano.com\/web\/wp-content\/uploads\/2012\/11\/featureslider_trompeta.jpg\",\"datePublished\":\"2012-11-09T00:06:52+00:00\",\"dateModified\":\"2012-11-09T11:57:48+00:00\",\"breadcrumb\":{\"@id\":\"https:\/\/seryhumano.com\/web\/?p=1423#breadcrumb\"},\"inLanguage\":\"es\",\"potentialAction\":[{\"@type\":\"ReadAction\",\"target\":[\"https:\/\/seryhumano.com\/web\/?p=1423\"]}]},{\"@type\":\"ImageObject\",\"inLanguage\":\"es\",\"@id\":\"https:\/\/seryhumano.com\/web\/?p=1423#primaryimage\",\"url\":\"https:\/\/seryhumano.com\/web\/wp-content\/uploads\/2012\/11\/featureslider_trompeta.jpg\",\"contentUrl\":\"https:\/\/seryhumano.com\/web\/wp-content\/uploads\/2012\/11\/featureslider_trompeta.jpg\",\"width\":\"910\",\"height\":\"227\"},{\"@type\":\"BreadcrumbList\",\"@id\":\"https:\/\/seryhumano.com\/web\/?p=1423#breadcrumb\",\"itemListElement\":[{\"@type\":\"ListItem\",\"position\":1,\"name\":\"Portada\",\"item\":\"https:\/\/seryhumano.com\/web\/\"},{\"@type\":\"ListItem\",\"position\":2,\"name\":\"\u201cLas Memorias\u201d de Vicente Freijeiro\"}]},{\"@type\":\"WebSite\",\"@id\":\"https:\/\/seryhumano.com\/web\/#website\",\"url\":\"https:\/\/seryhumano.com\/web\/\",\"name\":\"SeryHumano.com\",\"description\":\"Revista digital muy humana, donde lo mas importante es el Ser...\",\"publisher\":{\"@id\":\"https:\/\/seryhumano.com\/web\/#organization\"},\"potentialAction\":[{\"@type\":\"SearchAction\",\"target\":{\"@type\":\"EntryPoint\",\"urlTemplate\":\"https:\/\/seryhumano.com\/web\/?s={search_term_string}\"},\"query-input\":{\"@type\":\"PropertyValueSpecification\",\"valueRequired\":true,\"valueName\":\"search_term_string\"}}],\"inLanguage\":\"es\"},{\"@type\":\"Organization\",\"@id\":\"https:\/\/seryhumano.com\/web\/#organization\",\"name\":\"SeryHumano.com\",\"url\":\"https:\/\/seryhumano.com\/web\/\",\"logo\":{\"@type\":\"ImageObject\",\"inLanguage\":\"es\",\"@id\":\"https:\/\/seryhumano.com\/web\/#\/schema\/logo\/image\/\",\"url\":\"https:\/\/seryhumano.com\/web\/wp-content\/uploads\/2020\/02\/JNe5VRwH_400x400-2.jpg\",\"contentUrl\":\"https:\/\/seryhumano.com\/web\/wp-content\/uploads\/2020\/02\/JNe5VRwH_400x400-2.jpg\",\"width\":400,\"height\":400,\"caption\":\"SeryHumano.com\"},\"image\":{\"@id\":\"https:\/\/seryhumano.com\/web\/#\/schema\/logo\/image\/\"},\"sameAs\":[\"https:\/\/www.facebook.com\/seryhumano\/\",\"https:\/\/x.com\/SeryHumano\",\"https:\/\/www.instagram.com\/seryhumano\/\",\"https:\/\/www.linkedin.com\/company\/seryhumano-com\/\",\"https:\/\/www.youtube.com\/channel\/UCYfgIGSxygVnJAW0e9ZBZWg\"]},{\"@type\":\"Person\",\"@id\":\"https:\/\/seryhumano.com\/web\/#\/schema\/person\/fd30e8e0b394a62344b44d9b0fe75795\",\"name\":\"@herrera_yosmar\",\"description\":\"Eterna enamorada de la vida, comunicadora, mam\u00e1 de tres\",\"sameAs\":[\"http:\/\/seryhumano.com\"],\"url\":\"https:\/\/seryhumano.com\/web\/?author=2\"}]}<\/script>\n<!-- \/ Yoast SEO plugin. -->","yoast_head_json":{"title":"\u201cLas Memorias\u201d de Vicente Freijeiro &#187; SeryHumano.com","robots":{"index":"index","follow":"follow","max-snippet":"max-snippet:-1","max-image-preview":"max-image-preview:large","max-video-preview":"max-video-preview:-1"},"canonical":"https:\/\/seryhumano.com\/web\/?p=1423","og_locale":"es_ES","og_type":"article","og_title":"\u201cLas Memorias\u201d de Vicente Freijeiro &#187; SeryHumano.com","og_description":"La trompeta del valenciano Vicente Freijeiro brillar\u00e1 una vez m\u00e1s como solista en un concierto muy especial junto a la Orquesta Sinf\u00f3nica de Venezuela, el pr\u00f3ximo s\u00e1bado 10 de noviembre a las 8:00 p.m. cuando estrene en el Teatro de Chacao su nueva producci\u00f3n discogr\u00e1fica \u201cMemorias\u201d Vicente nace en Valencia el 26 de Septiembre de&hellip;","og_url":"https:\/\/seryhumano.com\/web\/?p=1423","og_site_name":"SeryHumano.com","article_publisher":"https:\/\/www.facebook.com\/seryhumano\/","article_published_time":"2012-11-09T00:06:52+00:00","article_modified_time":"2012-11-09T11:57:48+00:00","og_image":[{"width":910,"height":227,"url":"https:\/\/seryhumano.com\/web\/wp-content\/uploads\/2012\/11\/featureslider_trompeta.jpg","type":"image\/jpeg"}],"author":"@herrera_yosmar","twitter_card":"summary_large_image","twitter_creator":"@SeryHumano","twitter_site":"@SeryHumano","twitter_misc":{"Escrito por":"@herrera_yosmar","Tiempo de lectura":"2 minutos"},"schema":{"@context":"https:\/\/schema.org","@graph":[{"@type":"Article","@id":"https:\/\/seryhumano.com\/web\/?p=1423#article","isPartOf":{"@id":"https:\/\/seryhumano.com\/web\/?p=1423"},"author":{"name":"@herrera_yosmar","@id":"https:\/\/seryhumano.com\/web\/#\/schema\/person\/fd30e8e0b394a62344b44d9b0fe75795"},"headline":"\u201cLas Memorias\u201d de Vicente Freijeiro","datePublished":"2012-11-09T00:06:52+00:00","dateModified":"2012-11-09T11:57:48+00:00","mainEntityOfPage":{"@id":"https:\/\/seryhumano.com\/web\/?p=1423"},"wordCount":419,"publisher":{"@id":"https:\/\/seryhumano.com\/web\/#organization"},"image":{"@id":"https:\/\/seryhumano.com\/web\/?p=1423#primaryimage"},"thumbnailUrl":"https:\/\/seryhumano.com\/web\/wp-content\/uploads\/2012\/11\/featureslider_trompeta.jpg","keywords":["Slider"],"articleSection":["Noticias","Sonidos del Ser"],"inLanguage":"es"},{"@type":"WebPage","@id":"https:\/\/seryhumano.com\/web\/?p=1423","url":"https:\/\/seryhumano.com\/web\/?p=1423","name":"\u201cLas Memorias\u201d de Vicente Freijeiro &#187; SeryHumano.com","isPartOf":{"@id":"https:\/\/seryhumano.com\/web\/#website"},"primaryImageOfPage":{"@id":"https:\/\/seryhumano.com\/web\/?p=1423#primaryimage"},"image":{"@id":"https:\/\/seryhumano.com\/web\/?p=1423#primaryimage"},"thumbnailUrl":"https:\/\/seryhumano.com\/web\/wp-content\/uploads\/2012\/11\/featureslider_trompeta.jpg","datePublished":"2012-11-09T00:06:52+00:00","dateModified":"2012-11-09T11:57:48+00:00","breadcrumb":{"@id":"https:\/\/seryhumano.com\/web\/?p=1423#breadcrumb"},"inLanguage":"es","potentialAction":[{"@type":"ReadAction","target":["https:\/\/seryhumano.com\/web\/?p=1423"]}]},{"@type":"ImageObject","inLanguage":"es","@id":"https:\/\/seryhumano.com\/web\/?p=1423#primaryimage","url":"https:\/\/seryhumano.com\/web\/wp-content\/uploads\/2012\/11\/featureslider_trompeta.jpg","contentUrl":"https:\/\/seryhumano.com\/web\/wp-content\/uploads\/2012\/11\/featureslider_trompeta.jpg","width":"910","height":"227"},{"@type":"BreadcrumbList","@id":"https:\/\/seryhumano.com\/web\/?p=1423#breadcrumb","itemListElement":[{"@type":"ListItem","position":1,"name":"Portada","item":"https:\/\/seryhumano.com\/web\/"},{"@type":"ListItem","position":2,"name":"\u201cLas Memorias\u201d de Vicente Freijeiro"}]},{"@type":"WebSite","@id":"https:\/\/seryhumano.com\/web\/#website","url":"https:\/\/seryhumano.com\/web\/","name":"SeryHumano.com","description":"Revista digital muy humana, donde lo mas importante es el Ser...","publisher":{"@id":"https:\/\/seryhumano.com\/web\/#organization"},"potentialAction":[{"@type":"SearchAction","target":{"@type":"EntryPoint","urlTemplate":"https:\/\/seryhumano.com\/web\/?s={search_term_string}"},"query-input":{"@type":"PropertyValueSpecification","valueRequired":true,"valueName":"search_term_string"}}],"inLanguage":"es"},{"@type":"Organization","@id":"https:\/\/seryhumano.com\/web\/#organization","name":"SeryHumano.com","url":"https:\/\/seryhumano.com\/web\/","logo":{"@type":"ImageObject","inLanguage":"es","@id":"https:\/\/seryhumano.com\/web\/#\/schema\/logo\/image\/","url":"https:\/\/seryhumano.com\/web\/wp-content\/uploads\/2020\/02\/JNe5VRwH_400x400-2.jpg","contentUrl":"https:\/\/seryhumano.com\/web\/wp-content\/uploads\/2020\/02\/JNe5VRwH_400x400-2.jpg","width":400,"height":400,"caption":"SeryHumano.com"},"image":{"@id":"https:\/\/seryhumano.com\/web\/#\/schema\/logo\/image\/"},"sameAs":["https:\/\/www.facebook.com\/seryhumano\/","https:\/\/x.com\/SeryHumano","https:\/\/www.instagram.com\/seryhumano\/","https:\/\/www.linkedin.com\/company\/seryhumano-com\/","https:\/\/www.youtube.com\/channel\/UCYfgIGSxygVnJAW0e9ZBZWg"]},{"@type":"Person","@id":"https:\/\/seryhumano.com\/web\/#\/schema\/person\/fd30e8e0b394a62344b44d9b0fe75795","name":"@herrera_yosmar","description":"Eterna enamorada de la vida, comunicadora, mam\u00e1 de tres","sameAs":["http:\/\/seryhumano.com"],"url":"https:\/\/seryhumano.com\/web\/?author=2"}]}},"_links":{"self":[{"href":"https:\/\/seryhumano.com\/web\/index.php?rest_route=\/wp\/v2\/posts\/1423","targetHints":{"allow":["GET"]}}],"collection":[{"href":"https:\/\/seryhumano.com\/web\/index.php?rest_route=\/wp\/v2\/posts"}],"about":[{"href":"https:\/\/seryhumano.com\/web\/index.php?rest_route=\/wp\/v2\/types\/post"}],"author":[{"embeddable":true,"href":"https:\/\/seryhumano.com\/web\/index.php?rest_route=\/wp\/v2\/users\/2"}],"replies":[{"embeddable":true,"href":"https:\/\/seryhumano.com\/web\/index.php?rest_route=%2Fwp%2Fv2%2Fcomments&post=1423"}],"version-history":[{"count":0,"href":"https:\/\/seryhumano.com\/web\/index.php?rest_route=\/wp\/v2\/posts\/1423\/revisions"}],"wp:featuredmedia":[{"embeddable":true,"href":"https:\/\/seryhumano.com\/web\/index.php?rest_route=\/wp\/v2\/media\/1433"}],"wp:attachment":[{"href":"https:\/\/seryhumano.com\/web\/index.php?rest_route=%2Fwp%2Fv2%2Fmedia&parent=1423"}],"wp:term":[{"taxonomy":"category","embeddable":true,"href":"https:\/\/seryhumano.com\/web\/index.php?rest_route=%2Fwp%2Fv2%2Fcategories&post=1423"},{"taxonomy":"post_tag","embeddable":true,"href":"https:\/\/seryhumano.com\/web\/index.php?rest_route=%2Fwp%2Fv2%2Ftags&post=1423"}],"curies":[{"name":"wp","href":"https:\/\/api.w.org\/{rel}","templated":true}]}}