{"id":14355,"date":"2014-07-28T14:00:41","date_gmt":"2014-07-28T18:30:41","guid":{"rendered":"https:\/\/seryhumano.com\/web\/?p=14355"},"modified":"2014-07-28T16:49:53","modified_gmt":"2014-07-28T21:19:53","slug":"papa-pide-no-repetir-el-error-de-las-guerras-2","status":"publish","type":"post","link":"https:\/\/seryhumano.com\/web\/?p=14355","title":{"rendered":"Papa pide no repetir el error de las guerras"},"content":{"rendered":"<p>El papa Francisco record\u00f3 el aniversario del inicio de la Primera Guerra Mundial con una apasionada petici\u00f3n para que los pueblos \u00ab<em>no repitan los errores del pasado<\/em>\u00bb y les pidi\u00f3 que acudan al di\u00e1logo para superar los conflictos.<\/p>\n<div id=\"attachment_14353\" style=\"width: 310px\" class=\"wp-caption aligncenter\"><a href=\"https:\/\/seryhumano.com\/web\/?attachment_id=14353\" rel=\"attachment wp-att-14353\"><img loading=\"lazy\" decoding=\"async\" aria-describedby=\"caption-attachment-14353\" class=\"size-medium wp-image-14353\" src=\"https:\/\/seryhumano.com\/web\/wp-content\/uploads\/2014\/07\/Papa-Francisco-300x195.jpg\" alt=\"Papa Francisco pide de coraz\u00f3n que se detengan las guerras\" width=\"300\" height=\"195\" srcset=\"https:\/\/seryhumano.com\/web\/wp-content\/uploads\/2014\/07\/Papa-Francisco-300x195.jpg 300w, https:\/\/seryhumano.com\/web\/wp-content\/uploads\/2014\/07\/Papa-Francisco.jpg 580w\" sizes=\"auto, (max-width: 300px) 100vw, 300px\" \/><\/a><p id=\"caption-attachment-14353\" class=\"wp-caption-text\">Papa Francisco pide de coraz\u00f3n que se detengan las guerras<\/p><\/div>\n<p>Francisco mencion\u00f3 los actuales conflictos b\u00e9licos entre israel\u00edes y palestinos, as\u00ed como los que ocurren en Irak y Ucrania. Dijo a los peregrinos y turistas presentes en la plaza de San Pedro el domingo que pensaba en los ni\u00f1os \u2014muertos, mutilados o que quedaron en la orfandad por la guerra\u2014 quienes \u00ab<em>tienen por juguetes los escombros dejados por la guerra<\/em>\u00ab.<\/p>\n<p>\u00ab<em>Les suplico que se detengan. Se los pido con todo mi coraz\u00f3n<\/em>\u00ab, dijo Francisco.<\/p>\n<p>Record\u00f3 al papa de la \u00e9poca de la Primera Guerra Mundial, quien denunci\u00f3 ese conflicto llam\u00e1ndolo \u00ab<em>una masacre in\u00fatil<\/em>\u00ab.<\/p>\n<p>Francisco dijo: \u00ab<em>Todo se pierde con la guerra, con la paz nada se pierde. Nunca m\u00e1s la guerra<\/em>\u00ab.<\/p>\n<p>seryhumano.com<\/p>\n<p>Fuente: elsiglo.com.ve<\/p>\n<p>&nbsp;<\/p>\n","protected":false},"excerpt":{"rendered":"<p>El papa Francisco record\u00f3 el aniversario del inicio de la Primera Guerra Mundial con una apasionada petici\u00f3n para que los pueblos \u00abno repitan los errores del pasado\u00bb y les pidi\u00f3 que acudan al di\u00e1logo para superar los conflictos. Francisco mencion\u00f3 los actuales conflictos b\u00e9licos entre israel\u00edes y palestinos, as\u00ed como los que ocurren en Irak&hellip;<\/p>\n","protected":false},"author":2,"featured_media":14366,"comment_status":"closed","ping_status":"closed","sticky":false,"template":"","format":"standard","meta":{"footnotes":""},"categories":[110],"tags":[111],"class_list":["post-14355","post","type-post","status-publish","format-standard","has-post-thumbnail","hentry","category-noticias","tag-slider","category-110","description-off"],"yoast_head":"<!-- This site is optimized with the Yoast SEO plugin v25.4 - https:\/\/yoast.com\/wordpress\/plugins\/seo\/ -->\n<title>Papa pide no repetir el error de las guerras<\/title>\n<meta name=\"description\" content=\"El papa Francisco record\u00f3 el aniversario del inicio de la Primera Guerra Mundial con una apasionada petici\u00f3n para que los pueblos &quot;no repitan los errores del pasado&quot; y les pidi\u00f3 que acudan al di\u00e1logo para superar los conflictos.\" \/>\n<meta name=\"robots\" content=\"index, follow, max-snippet:-1, max-image-preview:large, max-video-preview:-1\" \/>\n<link rel=\"canonical\" href=\"https:\/\/seryhumano.com\/web\/?p=14355\" \/>\n<meta property=\"og:locale\" content=\"es_ES\" \/>\n<meta property=\"og:type\" content=\"article\" \/>\n<meta property=\"og:title\" content=\"Papa pide no repetir el error de las guerras\" \/>\n<meta property=\"og:description\" content=\"El papa Francisco record\u00f3 el aniversario del inicio de la Primera Guerra Mundial con una apasionada petici\u00f3n para que los pueblos &quot;no repitan los errores del pasado&quot; y les pidi\u00f3 que acudan al di\u00e1logo para superar los conflictos.\" \/>\n<meta property=\"og:url\" content=\"https:\/\/seryhumano.com\/web\/?p=14355\" \/>\n<meta property=\"og:site_name\" content=\"SeryHumano.com\" \/>\n<meta property=\"article:publisher\" content=\"https:\/\/www.facebook.com\/seryhumano\/\" \/>\n<meta property=\"article:published_time\" content=\"2014-07-28T18:30:41+00:00\" \/>\n<meta property=\"article:modified_time\" content=\"2014-07-28T21:19:53+00:00\" \/>\n<meta property=\"og:image\" content=\"https:\/\/seryhumano.com\/web\/wp-content\/uploads\/2014\/07\/featureslider_papafra.jpg\" \/>\n\t<meta property=\"og:image:width\" content=\"910\" \/>\n\t<meta property=\"og:image:height\" content=\"227\" \/>\n\t<meta property=\"og:image:type\" content=\"image\/jpeg\" \/>\n<meta name=\"author\" content=\"@herrera_yosmar\" \/>\n<meta name=\"twitter:card\" content=\"summary_large_image\" \/>\n<meta name=\"twitter:creator\" content=\"@SeryHumano\" \/>\n<meta name=\"twitter:site\" content=\"@SeryHumano\" \/>\n<meta name=\"twitter:label1\" content=\"Escrito por\" \/>\n\t<meta name=\"twitter:data1\" content=\"@herrera_yosmar\" \/>\n\t<meta name=\"twitter:label2\" content=\"Tiempo de lectura\" \/>\n\t<meta name=\"twitter:data2\" content=\"1 minuto\" \/>\n<script type=\"application\/ld+json\" class=\"yoast-schema-graph\">{\"@context\":\"https:\/\/schema.org\",\"@graph\":[{\"@type\":\"Article\",\"@id\":\"https:\/\/seryhumano.com\/web\/?p=14355#article\",\"isPartOf\":{\"@id\":\"https:\/\/seryhumano.com\/web\/?p=14355\"},\"author\":{\"name\":\"@herrera_yosmar\",\"@id\":\"https:\/\/seryhumano.com\/web\/#\/schema\/person\/fd30e8e0b394a62344b44d9b0fe75795\"},\"headline\":\"Papa pide no repetir el error de las guerras\",\"datePublished\":\"2014-07-28T18:30:41+00:00\",\"dateModified\":\"2014-07-28T21:19:53+00:00\",\"mainEntityOfPage\":{\"@id\":\"https:\/\/seryhumano.com\/web\/?p=14355\"},\"wordCount\":192,\"publisher\":{\"@id\":\"https:\/\/seryhumano.com\/web\/#organization\"},\"image\":{\"@id\":\"https:\/\/seryhumano.com\/web\/?p=14355#primaryimage\"},\"thumbnailUrl\":\"https:\/\/seryhumano.com\/web\/wp-content\/uploads\/2014\/07\/featureslider_papafra.jpg\",\"keywords\":[\"Slider\"],\"articleSection\":[\"Noticias\"],\"inLanguage\":\"es\"},{\"@type\":\"WebPage\",\"@id\":\"https:\/\/seryhumano.com\/web\/?p=14355\",\"url\":\"https:\/\/seryhumano.com\/web\/?p=14355\",\"name\":\"Papa pide no repetir el error de las guerras\",\"isPartOf\":{\"@id\":\"https:\/\/seryhumano.com\/web\/#website\"},\"primaryImageOfPage\":{\"@id\":\"https:\/\/seryhumano.com\/web\/?p=14355#primaryimage\"},\"image\":{\"@id\":\"https:\/\/seryhumano.com\/web\/?p=14355#primaryimage\"},\"thumbnailUrl\":\"https:\/\/seryhumano.com\/web\/wp-content\/uploads\/2014\/07\/featureslider_papafra.jpg\",\"datePublished\":\"2014-07-28T18:30:41+00:00\",\"dateModified\":\"2014-07-28T21:19:53+00:00\",\"description\":\"El papa Francisco record\u00f3 el aniversario del inicio de la Primera Guerra Mundial con una apasionada petici\u00f3n para que los pueblos \\\"no repitan los errores del pasado\\\" y les pidi\u00f3 que acudan al di\u00e1logo para superar los conflictos.\",\"breadcrumb\":{\"@id\":\"https:\/\/seryhumano.com\/web\/?p=14355#breadcrumb\"},\"inLanguage\":\"es\",\"potentialAction\":[{\"@type\":\"ReadAction\",\"target\":[\"https:\/\/seryhumano.com\/web\/?p=14355\"]}]},{\"@type\":\"ImageObject\",\"inLanguage\":\"es\",\"@id\":\"https:\/\/seryhumano.com\/web\/?p=14355#primaryimage\",\"url\":\"https:\/\/seryhumano.com\/web\/wp-content\/uploads\/2014\/07\/featureslider_papafra.jpg\",\"contentUrl\":\"https:\/\/seryhumano.com\/web\/wp-content\/uploads\/2014\/07\/featureslider_papafra.jpg\",\"width\":910,\"height\":227},{\"@type\":\"BreadcrumbList\",\"@id\":\"https:\/\/seryhumano.com\/web\/?p=14355#breadcrumb\",\"itemListElement\":[{\"@type\":\"ListItem\",\"position\":1,\"name\":\"Portada\",\"item\":\"https:\/\/seryhumano.com\/web\/\"},{\"@type\":\"ListItem\",\"position\":2,\"name\":\"Papa pide no repetir el error de las guerras\"}]},{\"@type\":\"WebSite\",\"@id\":\"https:\/\/seryhumano.com\/web\/#website\",\"url\":\"https:\/\/seryhumano.com\/web\/\",\"name\":\"SeryHumano.com\",\"description\":\"Revista digital muy humana, donde lo mas importante es el Ser...\",\"publisher\":{\"@id\":\"https:\/\/seryhumano.com\/web\/#organization\"},\"potentialAction\":[{\"@type\":\"SearchAction\",\"target\":{\"@type\":\"EntryPoint\",\"urlTemplate\":\"https:\/\/seryhumano.com\/web\/?s={search_term_string}\"},\"query-input\":{\"@type\":\"PropertyValueSpecification\",\"valueRequired\":true,\"valueName\":\"search_term_string\"}}],\"inLanguage\":\"es\"},{\"@type\":\"Organization\",\"@id\":\"https:\/\/seryhumano.com\/web\/#organization\",\"name\":\"SeryHumano.com\",\"url\":\"https:\/\/seryhumano.com\/web\/\",\"logo\":{\"@type\":\"ImageObject\",\"inLanguage\":\"es\",\"@id\":\"https:\/\/seryhumano.com\/web\/#\/schema\/logo\/image\/\",\"url\":\"https:\/\/seryhumano.com\/web\/wp-content\/uploads\/2020\/02\/JNe5VRwH_400x400-2.jpg\",\"contentUrl\":\"https:\/\/seryhumano.com\/web\/wp-content\/uploads\/2020\/02\/JNe5VRwH_400x400-2.jpg\",\"width\":400,\"height\":400,\"caption\":\"SeryHumano.com\"},\"image\":{\"@id\":\"https:\/\/seryhumano.com\/web\/#\/schema\/logo\/image\/\"},\"sameAs\":[\"https:\/\/www.facebook.com\/seryhumano\/\",\"https:\/\/x.com\/SeryHumano\",\"https:\/\/www.instagram.com\/seryhumano\/\",\"https:\/\/www.linkedin.com\/company\/seryhumano-com\/\",\"https:\/\/www.youtube.com\/channel\/UCYfgIGSxygVnJAW0e9ZBZWg\"]},{\"@type\":\"Person\",\"@id\":\"https:\/\/seryhumano.com\/web\/#\/schema\/person\/fd30e8e0b394a62344b44d9b0fe75795\",\"name\":\"@herrera_yosmar\",\"description\":\"Eterna enamorada de la vida, comunicadora, mam\u00e1 de tres\",\"sameAs\":[\"http:\/\/seryhumano.com\"],\"url\":\"https:\/\/seryhumano.com\/web\/?author=2\"}]}<\/script>\n<!-- \/ Yoast SEO plugin. -->","yoast_head_json":{"title":"Papa pide no repetir el error de las guerras","description":"El papa Francisco record\u00f3 el aniversario del inicio de la Primera Guerra Mundial con una apasionada petici\u00f3n para que los pueblos \"no repitan los errores del pasado\" y les pidi\u00f3 que acudan al di\u00e1logo para superar los conflictos.","robots":{"index":"index","follow":"follow","max-snippet":"max-snippet:-1","max-image-preview":"max-image-preview:large","max-video-preview":"max-video-preview:-1"},"canonical":"https:\/\/seryhumano.com\/web\/?p=14355","og_locale":"es_ES","og_type":"article","og_title":"Papa pide no repetir el error de las guerras","og_description":"El papa Francisco record\u00f3 el aniversario del inicio de la Primera Guerra Mundial con una apasionada petici\u00f3n para que los pueblos \"no repitan los errores del pasado\" y les pidi\u00f3 que acudan al di\u00e1logo para superar los conflictos.","og_url":"https:\/\/seryhumano.com\/web\/?p=14355","og_site_name":"SeryHumano.com","article_publisher":"https:\/\/www.facebook.com\/seryhumano\/","article_published_time":"2014-07-28T18:30:41+00:00","article_modified_time":"2014-07-28T21:19:53+00:00","og_image":[{"width":910,"height":227,"url":"https:\/\/seryhumano.com\/web\/wp-content\/uploads\/2014\/07\/featureslider_papafra.jpg","type":"image\/jpeg"}],"author":"@herrera_yosmar","twitter_card":"summary_large_image","twitter_creator":"@SeryHumano","twitter_site":"@SeryHumano","twitter_misc":{"Escrito por":"@herrera_yosmar","Tiempo de lectura":"1 minuto"},"schema":{"@context":"https:\/\/schema.org","@graph":[{"@type":"Article","@id":"https:\/\/seryhumano.com\/web\/?p=14355#article","isPartOf":{"@id":"https:\/\/seryhumano.com\/web\/?p=14355"},"author":{"name":"@herrera_yosmar","@id":"https:\/\/seryhumano.com\/web\/#\/schema\/person\/fd30e8e0b394a62344b44d9b0fe75795"},"headline":"Papa pide no repetir el error de las guerras","datePublished":"2014-07-28T18:30:41+00:00","dateModified":"2014-07-28T21:19:53+00:00","mainEntityOfPage":{"@id":"https:\/\/seryhumano.com\/web\/?p=14355"},"wordCount":192,"publisher":{"@id":"https:\/\/seryhumano.com\/web\/#organization"},"image":{"@id":"https:\/\/seryhumano.com\/web\/?p=14355#primaryimage"},"thumbnailUrl":"https:\/\/seryhumano.com\/web\/wp-content\/uploads\/2014\/07\/featureslider_papafra.jpg","keywords":["Slider"],"articleSection":["Noticias"],"inLanguage":"es"},{"@type":"WebPage","@id":"https:\/\/seryhumano.com\/web\/?p=14355","url":"https:\/\/seryhumano.com\/web\/?p=14355","name":"Papa pide no repetir el error de las guerras","isPartOf":{"@id":"https:\/\/seryhumano.com\/web\/#website"},"primaryImageOfPage":{"@id":"https:\/\/seryhumano.com\/web\/?p=14355#primaryimage"},"image":{"@id":"https:\/\/seryhumano.com\/web\/?p=14355#primaryimage"},"thumbnailUrl":"https:\/\/seryhumano.com\/web\/wp-content\/uploads\/2014\/07\/featureslider_papafra.jpg","datePublished":"2014-07-28T18:30:41+00:00","dateModified":"2014-07-28T21:19:53+00:00","description":"El papa Francisco record\u00f3 el aniversario del inicio de la Primera Guerra Mundial con una apasionada petici\u00f3n para que los pueblos \"no repitan los errores del pasado\" y les pidi\u00f3 que acudan al di\u00e1logo para superar los conflictos.","breadcrumb":{"@id":"https:\/\/seryhumano.com\/web\/?p=14355#breadcrumb"},"inLanguage":"es","potentialAction":[{"@type":"ReadAction","target":["https:\/\/seryhumano.com\/web\/?p=14355"]}]},{"@type":"ImageObject","inLanguage":"es","@id":"https:\/\/seryhumano.com\/web\/?p=14355#primaryimage","url":"https:\/\/seryhumano.com\/web\/wp-content\/uploads\/2014\/07\/featureslider_papafra.jpg","contentUrl":"https:\/\/seryhumano.com\/web\/wp-content\/uploads\/2014\/07\/featureslider_papafra.jpg","width":910,"height":227},{"@type":"BreadcrumbList","@id":"https:\/\/seryhumano.com\/web\/?p=14355#breadcrumb","itemListElement":[{"@type":"ListItem","position":1,"name":"Portada","item":"https:\/\/seryhumano.com\/web\/"},{"@type":"ListItem","position":2,"name":"Papa pide no repetir el error de las guerras"}]},{"@type":"WebSite","@id":"https:\/\/seryhumano.com\/web\/#website","url":"https:\/\/seryhumano.com\/web\/","name":"SeryHumano.com","description":"Revista digital muy humana, donde lo mas importante es el Ser...","publisher":{"@id":"https:\/\/seryhumano.com\/web\/#organization"},"potentialAction":[{"@type":"SearchAction","target":{"@type":"EntryPoint","urlTemplate":"https:\/\/seryhumano.com\/web\/?s={search_term_string}"},"query-input":{"@type":"PropertyValueSpecification","valueRequired":true,"valueName":"search_term_string"}}],"inLanguage":"es"},{"@type":"Organization","@id":"https:\/\/seryhumano.com\/web\/#organization","name":"SeryHumano.com","url":"https:\/\/seryhumano.com\/web\/","logo":{"@type":"ImageObject","inLanguage":"es","@id":"https:\/\/seryhumano.com\/web\/#\/schema\/logo\/image\/","url":"https:\/\/seryhumano.com\/web\/wp-content\/uploads\/2020\/02\/JNe5VRwH_400x400-2.jpg","contentUrl":"https:\/\/seryhumano.com\/web\/wp-content\/uploads\/2020\/02\/JNe5VRwH_400x400-2.jpg","width":400,"height":400,"caption":"SeryHumano.com"},"image":{"@id":"https:\/\/seryhumano.com\/web\/#\/schema\/logo\/image\/"},"sameAs":["https:\/\/www.facebook.com\/seryhumano\/","https:\/\/x.com\/SeryHumano","https:\/\/www.instagram.com\/seryhumano\/","https:\/\/www.linkedin.com\/company\/seryhumano-com\/","https:\/\/www.youtube.com\/channel\/UCYfgIGSxygVnJAW0e9ZBZWg"]},{"@type":"Person","@id":"https:\/\/seryhumano.com\/web\/#\/schema\/person\/fd30e8e0b394a62344b44d9b0fe75795","name":"@herrera_yosmar","description":"Eterna enamorada de la vida, comunicadora, mam\u00e1 de tres","sameAs":["http:\/\/seryhumano.com"],"url":"https:\/\/seryhumano.com\/web\/?author=2"}]}},"_links":{"self":[{"href":"https:\/\/seryhumano.com\/web\/index.php?rest_route=\/wp\/v2\/posts\/14355","targetHints":{"allow":["GET"]}}],"collection":[{"href":"https:\/\/seryhumano.com\/web\/index.php?rest_route=\/wp\/v2\/posts"}],"about":[{"href":"https:\/\/seryhumano.com\/web\/index.php?rest_route=\/wp\/v2\/types\/post"}],"author":[{"embeddable":true,"href":"https:\/\/seryhumano.com\/web\/index.php?rest_route=\/wp\/v2\/users\/2"}],"replies":[{"embeddable":true,"href":"https:\/\/seryhumano.com\/web\/index.php?rest_route=%2Fwp%2Fv2%2Fcomments&post=14355"}],"version-history":[{"count":0,"href":"https:\/\/seryhumano.com\/web\/index.php?rest_route=\/wp\/v2\/posts\/14355\/revisions"}],"wp:featuredmedia":[{"embeddable":true,"href":"https:\/\/seryhumano.com\/web\/index.php?rest_route=\/wp\/v2\/media\/14366"}],"wp:attachment":[{"href":"https:\/\/seryhumano.com\/web\/index.php?rest_route=%2Fwp%2Fv2%2Fmedia&parent=14355"}],"wp:term":[{"taxonomy":"category","embeddable":true,"href":"https:\/\/seryhumano.com\/web\/index.php?rest_route=%2Fwp%2Fv2%2Fcategories&post=14355"},{"taxonomy":"post_tag","embeddable":true,"href":"https:\/\/seryhumano.com\/web\/index.php?rest_route=%2Fwp%2Fv2%2Ftags&post=14355"}],"curies":[{"name":"wp","href":"https:\/\/api.w.org\/{rel}","templated":true}]}}