{"id":14395,"date":"2014-07-29T07:00:24","date_gmt":"2014-07-29T11:30:24","guid":{"rendered":"https:\/\/seryhumano.com\/web\/?p=14395"},"modified":"2014-07-29T19:22:35","modified_gmt":"2014-07-29T23:52:35","slug":"sindrome-del-ejecutivo-2","status":"publish","type":"post","link":"https:\/\/seryhumano.com\/web\/?p=14395","title":{"rendered":"S\u00edndrome del ejecutivo"},"content":{"rendered":"<div id=\"attachment_14391\" style=\"width: 237px\" class=\"wp-caption alignleft\"><a href=\"https:\/\/seryhumano.com\/web\/?attachment_id=14391\" rel=\"attachment wp-att-14391\"><img loading=\"lazy\" decoding=\"async\" aria-describedby=\"caption-attachment-14391\" class=\"size-full wp-image-14391\" src=\"https:\/\/seryhumano.com\/web\/wp-content\/uploads\/2014\/07\/Fernando-Miralles.jpg\" alt=\"Profesor en Psicolog\u00eda Fernando Miralles\" width=\"227\" height=\"222\" srcset=\"https:\/\/seryhumano.com\/web\/wp-content\/uploads\/2014\/07\/Fernando-Miralles.jpg 227w, https:\/\/seryhumano.com\/web\/wp-content\/uploads\/2014\/07\/Fernando-Miralles-50x50.jpg 50w\" sizes=\"auto, (max-width: 227px) 100vw, 227px\" \/><\/a><p id=\"caption-attachment-14391\" class=\"wp-caption-text\">Profesor en Psicolog\u00eda Fernando Miralles<\/p><\/div>\n<p>El profesor de Psicolog\u00eda de la Universidad CEU San Pablo, Fernando Miralles, ha expuesto una serie de pautas para combatir el &#8216;S\u00edndrome del Ejecutivo&#8217;, entre las que figuran disponer de 14 d\u00edas continuados de vacaciones, dormir la siesta y no mirar el reloj ni el m\u00f3vil durante el periodo vacacional.<\/p>\n<p>El profesor Miralles recuerda que durante los meses de verano hay personas que sufren \u00ab<em>problemas de estr\u00e9s y les da pereza o miedo abandonar su puesto de trabajo<\/em>\u00ab. Estos s\u00edntomas, que se conocen como el &#8216;S\u00edndrome del Ejecutivo&#8217;, son consecuencia de \u00ab<em>la crisis y de los nuevos tel\u00e9fonos inteligentes<\/em>\u00ab, seg\u00fan ha destacado.<\/p>\n<p>Asimismo, ha explicado que este trastorno se ha agravado por la crisis, ya que ahora son muchas m\u00e1s las personas que sienten \u00ab<em>incertidumbre al no saber lo que est\u00e1 pasando en todo momento en su empresa, y perciben las vacaciones como un problema<\/em>\u00ab. Miralles ha indicado que los que sufren este s\u00edndrome presentan un \u00ab<em>elevado grado de superaci\u00f3n y perfeccionismo<\/em>\u00ab. \u00ab<em>Les cuesta mucho irse de vacaciones, les da miedo ausentarse de su puesto de trabajo por miedo a perderlo y suelen desconfiar en que sustitutos puedan hacer bien su trabajo<\/em>\u00ab, ha apuntado.<\/p>\n<div id=\"attachment_14394\" style=\"width: 310px\" class=\"wp-caption alignright\"><a href=\"https:\/\/seryhumano.com\/web\/?attachment_id=14394\" rel=\"attachment wp-att-14394\"><img loading=\"lazy\" decoding=\"async\" aria-describedby=\"caption-attachment-14394\" class=\"size-medium wp-image-14394\" src=\"https:\/\/seryhumano.com\/web\/wp-content\/uploads\/2014\/07\/s\u00edndrome-del-ejecutivo1-300x206.jpg\" alt=\"La siesta es fundamental para poder descansar y desconectar \" width=\"300\" height=\"206\" srcset=\"https:\/\/seryhumano.com\/web\/wp-content\/uploads\/2014\/07\/s\u00edndrome-del-ejecutivo1-300x206.jpg 300w, https:\/\/seryhumano.com\/web\/wp-content\/uploads\/2014\/07\/s\u00edndrome-del-ejecutivo1.jpg 496w\" sizes=\"auto, (max-width: 300px) 100vw, 300px\" \/><\/a><p id=\"caption-attachment-14394\" class=\"wp-caption-text\">La siesta es fundamental para poder descansar y desconectar<\/p><\/div>\n<p>Adem\u00e1s, ha asegurado que estas personas pueden sufrir tambi\u00e9n otros problemas como hipertensi\u00f3n, dermatitis, colesterol alto, trastornos digestivos o psoriasis.<\/p>\n<p>En cuanto a las claves que considera importantes llevar a cabo para solucionar este s\u00edndrome, Miralles ha subrayado la necesidad de \u00ab<em>trabajar dos niveles, el personal y el empresarial<\/em>\u00ab. Respecto al personal, destaca disfrutar de 14 d\u00edas seguidos de vacaciones para desconectar del puesto de trabajo; hacer ejercicio todos los d\u00edas, al menos durante 15 minutos &#8211;andar o nadar&#8211;; desprenderse del reloj y adaptar las actividades diarias al reloj biol\u00f3gico &#8211;despertarnos, acostarnos y comer cuando apetezca&#8211;; dormir una siesta diaria de unos 30 minutos; conectar el m\u00f3vil s\u00f3lo una o dos veces al d\u00eda y contestar a lo urgente; y no ingerir grandes cantidades de alcohol y evitar comidas copiosas.<\/p>\n<p><a href=\"https:\/\/seryhumano.com\/web\/?attachment_id=14390\" rel=\"attachment wp-att-14390\"><img loading=\"lazy\" decoding=\"async\" class=\"alignleft size-full wp-image-14390\" src=\"https:\/\/seryhumano.com\/web\/wp-content\/uploads\/2014\/07\/s\u00edndrome-del-ejecutivo.jpg\" alt=\"s\u00edndrome del ejecutivo\" width=\"300\" height=\"168\" \/><\/a>Por otro lado, considera necesario que los propios empresarios organicen acciones para que el trabajador que est\u00e1 de vacaciones no siga trabajando a distancia y pueda descansar. Para ello, plantea que los trabajadores tengan vacaciones en el mismo periodo o, por si esto fuera imposible, que aquellos que pertenezcan al mismo grupo de trabajo, tengan los mismos d\u00edas. Sobre todo, Miralles propone que las empresas impartan entre sus trabajadores cursos contra el estr\u00e9s y la ansiedad, con el fin de eliminar el absentismo laboral.<\/p>\n<p>seryhumano.com<\/p>\n<p>Fuente: larazon.es<\/p>\n<p>&nbsp;<\/p>\n<p>&nbsp;<\/p>\n<p>&nbsp;<\/p>\n","protected":false},"excerpt":{"rendered":"<p>El profesor de Psicolog\u00eda de la Universidad CEU San Pablo, Fernando Miralles, ha expuesto una serie de pautas para combatir el &#8216;S\u00edndrome del Ejecutivo&#8217;, entre las que figuran disponer de 14 d\u00edas continuados de vacaciones, dormir la siesta y no mirar el reloj ni el m\u00f3vil durante el periodo vacacional. El profesor Miralles recuerda que&hellip;<\/p>\n","protected":false},"author":2,"featured_media":14459,"comment_status":"closed","ping_status":"closed","sticky":false,"template":"","format":"standard","meta":{"footnotes":""},"categories":[120],"tags":[111],"class_list":["post-14395","post","type-post","status-publish","format-standard","has-post-thumbnail","hentry","category-ser-saludable","tag-slider","category-120","description-off"],"yoast_head":"<!-- This site is optimized with the Yoast SEO plugin v25.4 - https:\/\/yoast.com\/wordpress\/plugins\/seo\/ -->\n<title>S\u00edndrome del ejecutivo<\/title>\n<meta name=\"description\" content=\"El profesor de Psicolog\u00eda de la Universidad CEU San Pablo, Fernando Miralles, ha expuesto una serie de pautas para combatir el &#039;S\u00edndrome del Ejecutivo&#039;, entre las que figuran disponer de 14 d\u00edas continuados de vacaciones, dormir la siesta y no mirar el reloj ni el m\u00f3vil durante el periodo vacacional.\" \/>\n<meta name=\"robots\" content=\"index, follow, max-snippet:-1, max-image-preview:large, max-video-preview:-1\" \/>\n<link rel=\"canonical\" href=\"https:\/\/seryhumano.com\/web\/?p=14395\" \/>\n<meta property=\"og:locale\" content=\"es_ES\" \/>\n<meta property=\"og:type\" content=\"article\" \/>\n<meta property=\"og:title\" content=\"S\u00edndrome del ejecutivo\" \/>\n<meta property=\"og:description\" content=\"El profesor de Psicolog\u00eda de la Universidad CEU San Pablo, Fernando Miralles, ha expuesto una serie de pautas para combatir el &#039;S\u00edndrome del Ejecutivo&#039;, entre las que figuran disponer de 14 d\u00edas continuados de vacaciones, dormir la siesta y no mirar el reloj ni el m\u00f3vil durante el periodo vacacional.\" \/>\n<meta property=\"og:url\" content=\"https:\/\/seryhumano.com\/web\/?p=14395\" \/>\n<meta property=\"og:site_name\" content=\"SeryHumano.com\" \/>\n<meta property=\"article:publisher\" content=\"https:\/\/www.facebook.com\/seryhumano\/\" \/>\n<meta property=\"article:published_time\" content=\"2014-07-29T11:30:24+00:00\" \/>\n<meta property=\"article:modified_time\" content=\"2014-07-29T23:52:35+00:00\" \/>\n<meta property=\"og:image\" content=\"https:\/\/seryhumano.com\/web\/wp-content\/uploads\/2014\/07\/featureslider_sindromejecutivo.jpg\" \/>\n\t<meta property=\"og:image:width\" content=\"910\" \/>\n\t<meta property=\"og:image:height\" content=\"227\" \/>\n\t<meta property=\"og:image:type\" content=\"image\/jpeg\" \/>\n<meta name=\"author\" content=\"@herrera_yosmar\" \/>\n<meta name=\"twitter:card\" content=\"summary_large_image\" \/>\n<meta name=\"twitter:creator\" content=\"@SeryHumano\" \/>\n<meta name=\"twitter:site\" content=\"@SeryHumano\" \/>\n<meta name=\"twitter:label1\" content=\"Escrito por\" \/>\n\t<meta name=\"twitter:data1\" content=\"@herrera_yosmar\" \/>\n\t<meta name=\"twitter:label2\" content=\"Tiempo de lectura\" \/>\n\t<meta name=\"twitter:data2\" content=\"2 minutos\" \/>\n<script type=\"application\/ld+json\" class=\"yoast-schema-graph\">{\"@context\":\"https:\/\/schema.org\",\"@graph\":[{\"@type\":\"Article\",\"@id\":\"https:\/\/seryhumano.com\/web\/?p=14395#article\",\"isPartOf\":{\"@id\":\"https:\/\/seryhumano.com\/web\/?p=14395\"},\"author\":{\"name\":\"@herrera_yosmar\",\"@id\":\"https:\/\/seryhumano.com\/web\/#\/schema\/person\/fd30e8e0b394a62344b44d9b0fe75795\"},\"headline\":\"S\u00edndrome del ejecutivo\",\"datePublished\":\"2014-07-29T11:30:24+00:00\",\"dateModified\":\"2014-07-29T23:52:35+00:00\",\"mainEntityOfPage\":{\"@id\":\"https:\/\/seryhumano.com\/web\/?p=14395\"},\"wordCount\":469,\"publisher\":{\"@id\":\"https:\/\/seryhumano.com\/web\/#organization\"},\"image\":{\"@id\":\"https:\/\/seryhumano.com\/web\/?p=14395#primaryimage\"},\"thumbnailUrl\":\"https:\/\/seryhumano.com\/web\/wp-content\/uploads\/2014\/07\/featureslider_sindromejecutivo.jpg\",\"keywords\":[\"Slider\"],\"articleSection\":[\"Ser Saludable\"],\"inLanguage\":\"es\"},{\"@type\":\"WebPage\",\"@id\":\"https:\/\/seryhumano.com\/web\/?p=14395\",\"url\":\"https:\/\/seryhumano.com\/web\/?p=14395\",\"name\":\"S\u00edndrome del ejecutivo\",\"isPartOf\":{\"@id\":\"https:\/\/seryhumano.com\/web\/#website\"},\"primaryImageOfPage\":{\"@id\":\"https:\/\/seryhumano.com\/web\/?p=14395#primaryimage\"},\"image\":{\"@id\":\"https:\/\/seryhumano.com\/web\/?p=14395#primaryimage\"},\"thumbnailUrl\":\"https:\/\/seryhumano.com\/web\/wp-content\/uploads\/2014\/07\/featureslider_sindromejecutivo.jpg\",\"datePublished\":\"2014-07-29T11:30:24+00:00\",\"dateModified\":\"2014-07-29T23:52:35+00:00\",\"description\":\"El profesor de Psicolog\u00eda de la Universidad CEU San Pablo, Fernando Miralles, ha expuesto una serie de pautas para combatir el 'S\u00edndrome del Ejecutivo', entre las que figuran disponer de 14 d\u00edas continuados de vacaciones, dormir la siesta y no mirar el reloj ni el m\u00f3vil durante el periodo vacacional.\",\"breadcrumb\":{\"@id\":\"https:\/\/seryhumano.com\/web\/?p=14395#breadcrumb\"},\"inLanguage\":\"es\",\"potentialAction\":[{\"@type\":\"ReadAction\",\"target\":[\"https:\/\/seryhumano.com\/web\/?p=14395\"]}]},{\"@type\":\"ImageObject\",\"inLanguage\":\"es\",\"@id\":\"https:\/\/seryhumano.com\/web\/?p=14395#primaryimage\",\"url\":\"https:\/\/seryhumano.com\/web\/wp-content\/uploads\/2014\/07\/featureslider_sindromejecutivo.jpg\",\"contentUrl\":\"https:\/\/seryhumano.com\/web\/wp-content\/uploads\/2014\/07\/featureslider_sindromejecutivo.jpg\",\"width\":910,\"height\":227},{\"@type\":\"BreadcrumbList\",\"@id\":\"https:\/\/seryhumano.com\/web\/?p=14395#breadcrumb\",\"itemListElement\":[{\"@type\":\"ListItem\",\"position\":1,\"name\":\"Portada\",\"item\":\"https:\/\/seryhumano.com\/web\/\"},{\"@type\":\"ListItem\",\"position\":2,\"name\":\"S\u00edndrome del ejecutivo\"}]},{\"@type\":\"WebSite\",\"@id\":\"https:\/\/seryhumano.com\/web\/#website\",\"url\":\"https:\/\/seryhumano.com\/web\/\",\"name\":\"SeryHumano.com\",\"description\":\"Revista digital muy humana, donde lo mas importante es el Ser...\",\"publisher\":{\"@id\":\"https:\/\/seryhumano.com\/web\/#organization\"},\"potentialAction\":[{\"@type\":\"SearchAction\",\"target\":{\"@type\":\"EntryPoint\",\"urlTemplate\":\"https:\/\/seryhumano.com\/web\/?s={search_term_string}\"},\"query-input\":{\"@type\":\"PropertyValueSpecification\",\"valueRequired\":true,\"valueName\":\"search_term_string\"}}],\"inLanguage\":\"es\"},{\"@type\":\"Organization\",\"@id\":\"https:\/\/seryhumano.com\/web\/#organization\",\"name\":\"SeryHumano.com\",\"url\":\"https:\/\/seryhumano.com\/web\/\",\"logo\":{\"@type\":\"ImageObject\",\"inLanguage\":\"es\",\"@id\":\"https:\/\/seryhumano.com\/web\/#\/schema\/logo\/image\/\",\"url\":\"https:\/\/seryhumano.com\/web\/wp-content\/uploads\/2020\/02\/JNe5VRwH_400x400-2.jpg\",\"contentUrl\":\"https:\/\/seryhumano.com\/web\/wp-content\/uploads\/2020\/02\/JNe5VRwH_400x400-2.jpg\",\"width\":400,\"height\":400,\"caption\":\"SeryHumano.com\"},\"image\":{\"@id\":\"https:\/\/seryhumano.com\/web\/#\/schema\/logo\/image\/\"},\"sameAs\":[\"https:\/\/www.facebook.com\/seryhumano\/\",\"https:\/\/x.com\/SeryHumano\",\"https:\/\/www.instagram.com\/seryhumano\/\",\"https:\/\/www.linkedin.com\/company\/seryhumano-com\/\",\"https:\/\/www.youtube.com\/channel\/UCYfgIGSxygVnJAW0e9ZBZWg\"]},{\"@type\":\"Person\",\"@id\":\"https:\/\/seryhumano.com\/web\/#\/schema\/person\/fd30e8e0b394a62344b44d9b0fe75795\",\"name\":\"@herrera_yosmar\",\"description\":\"Eterna enamorada de la vida, comunicadora, mam\u00e1 de tres\",\"sameAs\":[\"http:\/\/seryhumano.com\"],\"url\":\"https:\/\/seryhumano.com\/web\/?author=2\"}]}<\/script>\n<!-- \/ Yoast SEO plugin. -->","yoast_head_json":{"title":"S\u00edndrome del ejecutivo","description":"El profesor de Psicolog\u00eda de la Universidad CEU San Pablo, Fernando Miralles, ha expuesto una serie de pautas para combatir el 'S\u00edndrome del Ejecutivo', entre las que figuran disponer de 14 d\u00edas continuados de vacaciones, dormir la siesta y no mirar el reloj ni el m\u00f3vil durante el periodo vacacional.","robots":{"index":"index","follow":"follow","max-snippet":"max-snippet:-1","max-image-preview":"max-image-preview:large","max-video-preview":"max-video-preview:-1"},"canonical":"https:\/\/seryhumano.com\/web\/?p=14395","og_locale":"es_ES","og_type":"article","og_title":"S\u00edndrome del ejecutivo","og_description":"El profesor de Psicolog\u00eda de la Universidad CEU San Pablo, Fernando Miralles, ha expuesto una serie de pautas para combatir el 'S\u00edndrome del Ejecutivo', entre las que figuran disponer de 14 d\u00edas continuados de vacaciones, dormir la siesta y no mirar el reloj ni el m\u00f3vil durante el periodo vacacional.","og_url":"https:\/\/seryhumano.com\/web\/?p=14395","og_site_name":"SeryHumano.com","article_publisher":"https:\/\/www.facebook.com\/seryhumano\/","article_published_time":"2014-07-29T11:30:24+00:00","article_modified_time":"2014-07-29T23:52:35+00:00","og_image":[{"width":910,"height":227,"url":"https:\/\/seryhumano.com\/web\/wp-content\/uploads\/2014\/07\/featureslider_sindromejecutivo.jpg","type":"image\/jpeg"}],"author":"@herrera_yosmar","twitter_card":"summary_large_image","twitter_creator":"@SeryHumano","twitter_site":"@SeryHumano","twitter_misc":{"Escrito por":"@herrera_yosmar","Tiempo de lectura":"2 minutos"},"schema":{"@context":"https:\/\/schema.org","@graph":[{"@type":"Article","@id":"https:\/\/seryhumano.com\/web\/?p=14395#article","isPartOf":{"@id":"https:\/\/seryhumano.com\/web\/?p=14395"},"author":{"name":"@herrera_yosmar","@id":"https:\/\/seryhumano.com\/web\/#\/schema\/person\/fd30e8e0b394a62344b44d9b0fe75795"},"headline":"S\u00edndrome del ejecutivo","datePublished":"2014-07-29T11:30:24+00:00","dateModified":"2014-07-29T23:52:35+00:00","mainEntityOfPage":{"@id":"https:\/\/seryhumano.com\/web\/?p=14395"},"wordCount":469,"publisher":{"@id":"https:\/\/seryhumano.com\/web\/#organization"},"image":{"@id":"https:\/\/seryhumano.com\/web\/?p=14395#primaryimage"},"thumbnailUrl":"https:\/\/seryhumano.com\/web\/wp-content\/uploads\/2014\/07\/featureslider_sindromejecutivo.jpg","keywords":["Slider"],"articleSection":["Ser Saludable"],"inLanguage":"es"},{"@type":"WebPage","@id":"https:\/\/seryhumano.com\/web\/?p=14395","url":"https:\/\/seryhumano.com\/web\/?p=14395","name":"S\u00edndrome del ejecutivo","isPartOf":{"@id":"https:\/\/seryhumano.com\/web\/#website"},"primaryImageOfPage":{"@id":"https:\/\/seryhumano.com\/web\/?p=14395#primaryimage"},"image":{"@id":"https:\/\/seryhumano.com\/web\/?p=14395#primaryimage"},"thumbnailUrl":"https:\/\/seryhumano.com\/web\/wp-content\/uploads\/2014\/07\/featureslider_sindromejecutivo.jpg","datePublished":"2014-07-29T11:30:24+00:00","dateModified":"2014-07-29T23:52:35+00:00","description":"El profesor de Psicolog\u00eda de la Universidad CEU San Pablo, Fernando Miralles, ha expuesto una serie de pautas para combatir el 'S\u00edndrome del Ejecutivo', entre las que figuran disponer de 14 d\u00edas continuados de vacaciones, dormir la siesta y no mirar el reloj ni el m\u00f3vil durante el periodo vacacional.","breadcrumb":{"@id":"https:\/\/seryhumano.com\/web\/?p=14395#breadcrumb"},"inLanguage":"es","potentialAction":[{"@type":"ReadAction","target":["https:\/\/seryhumano.com\/web\/?p=14395"]}]},{"@type":"ImageObject","inLanguage":"es","@id":"https:\/\/seryhumano.com\/web\/?p=14395#primaryimage","url":"https:\/\/seryhumano.com\/web\/wp-content\/uploads\/2014\/07\/featureslider_sindromejecutivo.jpg","contentUrl":"https:\/\/seryhumano.com\/web\/wp-content\/uploads\/2014\/07\/featureslider_sindromejecutivo.jpg","width":910,"height":227},{"@type":"BreadcrumbList","@id":"https:\/\/seryhumano.com\/web\/?p=14395#breadcrumb","itemListElement":[{"@type":"ListItem","position":1,"name":"Portada","item":"https:\/\/seryhumano.com\/web\/"},{"@type":"ListItem","position":2,"name":"S\u00edndrome del ejecutivo"}]},{"@type":"WebSite","@id":"https:\/\/seryhumano.com\/web\/#website","url":"https:\/\/seryhumano.com\/web\/","name":"SeryHumano.com","description":"Revista digital muy humana, donde lo mas importante es el Ser...","publisher":{"@id":"https:\/\/seryhumano.com\/web\/#organization"},"potentialAction":[{"@type":"SearchAction","target":{"@type":"EntryPoint","urlTemplate":"https:\/\/seryhumano.com\/web\/?s={search_term_string}"},"query-input":{"@type":"PropertyValueSpecification","valueRequired":true,"valueName":"search_term_string"}}],"inLanguage":"es"},{"@type":"Organization","@id":"https:\/\/seryhumano.com\/web\/#organization","name":"SeryHumano.com","url":"https:\/\/seryhumano.com\/web\/","logo":{"@type":"ImageObject","inLanguage":"es","@id":"https:\/\/seryhumano.com\/web\/#\/schema\/logo\/image\/","url":"https:\/\/seryhumano.com\/web\/wp-content\/uploads\/2020\/02\/JNe5VRwH_400x400-2.jpg","contentUrl":"https:\/\/seryhumano.com\/web\/wp-content\/uploads\/2020\/02\/JNe5VRwH_400x400-2.jpg","width":400,"height":400,"caption":"SeryHumano.com"},"image":{"@id":"https:\/\/seryhumano.com\/web\/#\/schema\/logo\/image\/"},"sameAs":["https:\/\/www.facebook.com\/seryhumano\/","https:\/\/x.com\/SeryHumano","https:\/\/www.instagram.com\/seryhumano\/","https:\/\/www.linkedin.com\/company\/seryhumano-com\/","https:\/\/www.youtube.com\/channel\/UCYfgIGSxygVnJAW0e9ZBZWg"]},{"@type":"Person","@id":"https:\/\/seryhumano.com\/web\/#\/schema\/person\/fd30e8e0b394a62344b44d9b0fe75795","name":"@herrera_yosmar","description":"Eterna enamorada de la vida, comunicadora, mam\u00e1 de tres","sameAs":["http:\/\/seryhumano.com"],"url":"https:\/\/seryhumano.com\/web\/?author=2"}]}},"_links":{"self":[{"href":"https:\/\/seryhumano.com\/web\/index.php?rest_route=\/wp\/v2\/posts\/14395","targetHints":{"allow":["GET"]}}],"collection":[{"href":"https:\/\/seryhumano.com\/web\/index.php?rest_route=\/wp\/v2\/posts"}],"about":[{"href":"https:\/\/seryhumano.com\/web\/index.php?rest_route=\/wp\/v2\/types\/post"}],"author":[{"embeddable":true,"href":"https:\/\/seryhumano.com\/web\/index.php?rest_route=\/wp\/v2\/users\/2"}],"replies":[{"embeddable":true,"href":"https:\/\/seryhumano.com\/web\/index.php?rest_route=%2Fwp%2Fv2%2Fcomments&post=14395"}],"version-history":[{"count":0,"href":"https:\/\/seryhumano.com\/web\/index.php?rest_route=\/wp\/v2\/posts\/14395\/revisions"}],"wp:featuredmedia":[{"embeddable":true,"href":"https:\/\/seryhumano.com\/web\/index.php?rest_route=\/wp\/v2\/media\/14459"}],"wp:attachment":[{"href":"https:\/\/seryhumano.com\/web\/index.php?rest_route=%2Fwp%2Fv2%2Fmedia&parent=14395"}],"wp:term":[{"taxonomy":"category","embeddable":true,"href":"https:\/\/seryhumano.com\/web\/index.php?rest_route=%2Fwp%2Fv2%2Fcategories&post=14395"},{"taxonomy":"post_tag","embeddable":true,"href":"https:\/\/seryhumano.com\/web\/index.php?rest_route=%2Fwp%2Fv2%2Ftags&post=14395"}],"curies":[{"name":"wp","href":"https:\/\/api.w.org\/{rel}","templated":true}]}}