{"id":14684,"date":"2014-08-06T20:07:15","date_gmt":"2014-08-07T00:37:15","guid":{"rendered":"https:\/\/seryhumano.com\/web\/?p=14684"},"modified":"2014-08-08T10:50:24","modified_gmt":"2014-08-08T15:20:24","slug":"un-dia-como-hoy-llego-al-mundo-andres-eloy-blanco","status":"publish","type":"post","link":"https:\/\/seryhumano.com\/web\/?p=14684","title":{"rendered":"\u00bfQui\u00e9n fue Andr\u00e9s Eloy Blanco?"},"content":{"rendered":"<p><img loading=\"lazy\" decoding=\"async\" class=\"alignleft wp-image-14685 size-medium\" src=\"https:\/\/seryhumano.com\/web\/wp-content\/uploads\/2014\/08\/andres-eloy-blanco-300x295.jpg\" alt=\"andres eloy blanco\" width=\"300\" height=\"295\" srcset=\"https:\/\/seryhumano.com\/web\/wp-content\/uploads\/2014\/08\/andres-eloy-blanco-300x295.jpg 300w, https:\/\/seryhumano.com\/web\/wp-content\/uploads\/2014\/08\/andres-eloy-blanco-50x50.jpg 50w, https:\/\/seryhumano.com\/web\/wp-content\/uploads\/2014\/08\/andres-eloy-blanco.jpg 720w\" sizes=\"auto, (max-width: 300px) 100vw, 300px\" \/>En Venezuela se recuerda el natalicio de Andr\u00e9s Eloy Blanco Mea\u00f1o, reconocido abogado, escritor, humorista, poeta y pol\u00edtico del pa\u00eds. Naci\u00f3 en Cuman\u00e1, Estado Sucre, el 6 de agosto de 1896 y muri\u00f3 en M\u00e9xico, D. F., 21 de mayo de 1955. Perteneci\u00f3 a la llamada \u201c<em>Generaci\u00f3n del 28<\/em>\u201d y fue fundador del partido Acci\u00f3n Democr\u00e1tica (AD).<\/p>\n<p>Toda su infancia la vivi\u00f3 en la Isla de Margarita- Nueva Esparta, hasta que decidi\u00f3 mudarse a Caracas para estudiar en el Colegio Nacional; luego ingres\u00f3 a la Universidad Central de Venezuela (UCV), donde curs\u00f3 la carrera de derecho, gradu\u00e1ndose en 1918. No obstante, ese mismo a\u00f1o fue encarcelado por haber participado en manifestaciones contra el r\u00e9gimen.<\/p>\n<p>Adem\u00e1s de haber tenido gran talento para el estudio de las leyes, destac\u00f3 su habilidad para la literatura; uno de sus primeros poemas fue \u201c<em>La espiga y el arado<\/em>\u201d, el cual fue premiado en los Juegos Florales de Ciudad Bol\u00edvar en 1916. Para 1921 public\u00f3 su primer libro llamado \u201c<em>Tierras que me oyeron<\/em>\u201d, y en 1923 recibi\u00f3 su primer premio en el concurso de la Real Academia Espa\u00f1ola, que tuvo lugar en Santander- Espa\u00f1a-.<\/p>\n<p><strong>Escritura perfecta<\/strong><\/p>\n<p>Despu\u00e9s de terminar sus estudios, comenz\u00f3 a ejercer como abogado, pero paralelamente segu\u00eda escribiendo, y en 1924 fue nombrado miembro de la Real Academia Sevillana de Buenas Letras. Cuatro a\u00f1os m\u00e1s tarde empez\u00f3 a editar- de manera clandestina-, el peri\u00f3dico disidente \u201c<em>El Imparcial<\/em>\u201d, el cual se convirti\u00f3 en el medio de difusi\u00f3n de las agrupaciones Uni\u00f3n Social Constructiva Americana y Frente de Acci\u00f3n Revolucionaria.<\/p>\n<p>Durante ese a\u00f1o tambi\u00e9n form\u00f3 parte del grupo de estudiantes universitarios que se alzaron en contra de la dictadura del general Juan Vicente G\u00f3mez, y tras el golpe de estado del 7 de abril, qued\u00f3 preso- desde 1928 hasta 1933-, en la prisi\u00f3n de La Rotunda, para luego trasladarlo al Castillo Libertador de Puerto Cabello, donde permaneci\u00f3 un a\u00f1o.<\/p>\n<p>El encierro y las necesidades que pas\u00f3 en esas paredes, abrieron su creatividad, pues tuvo contacto con campesinos y obreros analfabetas, quienes lo inspiraron para redactar varias obras como \u201c<em>Barco de Piedra<\/em>\u201d, \u00ab<em>Recobrada<\/em> <em>Malvina<\/em>\u00bb\u00a0, \u201c<em>Abigail<\/em>\u201d y \u201c<em>Baedecker 2000<\/em>\u201d. De hecho el primero de ellos es considerado uno de los m\u00e1s tristes, porque refleja las condiciones de su celda oscura y fr\u00eda.<\/p>\n<p><strong>Dedicado a las letras<\/strong><\/p>\n<p>Blanco fue liberado por cuestiones de salud; sin embargo se le prohibi\u00f3 realizar cualquier tipo de manifestaci\u00f3n p\u00fablica. Es por ello que regres\u00f3 al mundo de las letras, donde public\u00f3 la edici\u00f3n Poda, que inclu\u00eda poemas conocidos como \u201c<em>Las uvas del tiempo<\/em>\u201d y \u201c<em>La renuncia<\/em>\u201d.<\/p>\n<p>Luego de la muerte de G\u00f3mez, represent\u00f3 varios cargos importantes en el pa\u00eds. Fue nombrado por el presidente Eleazar L\u00f3pez Contreras, como jefe del Servicio de Gabinete en el Ministerio de Obras P\u00fablicas, inspector de consulados, presidente de la Asamblea Nacional Constituyente convocada para la reforma de la constituci\u00f3n- 1946- y Ministro de Relaciones Exteriores por el presidente Gallegos- 1948-.<\/p>\n<p>Un accidente de tr\u00e1nsito registrado en M\u00e9xico el 21 de mayo de 1955, acab\u00f3 con su vida; los restos fueron trasladados a Caracas donde se realiz\u00f3 el sepelio bajo estrictas normas de seguridad por parte de las fuerzas del r\u00e9gimen.<\/p>\n<p><strong>Trabajos reconocidos<\/strong><\/p>\n<p>Dos de los mejores trabajos que dej\u00f3 Blanco, fueron \u201c<em>Coloquio bajo la palma<\/em>\u201d, que refleja el esp\u00edritu de superaci\u00f3n del <em>ser humano<\/em> y la necesidad de estudiar, el cual tambi\u00e9n es considerado un canto al trabajo, igualdad social, educaci\u00f3n, libertad y democracia. El segundo es \u201c<em>P\u00edntame angelitos negros<\/em>\u201d, un himno en contra de la discriminaci\u00f3n racial.<br \/>\n[youtube https:\/\/www.youtube.com\/watch?v=KnDRJOJqax8 \/youtube]<br \/>\nseryhumano.com \/ @nancy_001<br \/>\nFuente: noticiaaldia.com<\/p>\n","protected":false},"excerpt":{"rendered":"<p>En Venezuela se recuerda el natalicio de Andr\u00e9s Eloy Blanco Mea\u00f1o, reconocido abogado, escritor, humorista, poeta y pol\u00edtico del pa\u00eds. Naci\u00f3 en Cuman\u00e1, Estado Sucre, el 6 de agosto de 1896 y muri\u00f3 en M\u00e9xico, D. F., 21 de mayo de 1955. Perteneci\u00f3 a la llamada \u201cGeneraci\u00f3n del 28\u201d y fue fundador del partido Acci\u00f3n&hellip;<\/p>\n","protected":false},"author":248,"featured_media":14687,"comment_status":"closed","ping_status":"closed","sticky":false,"template":"","format":"standard","meta":{"footnotes":""},"categories":[113],"tags":[],"class_list":["post-14684","post","type-post","status-publish","format-standard","has-post-thumbnail","hentry","category-gente","category-113","description-off"],"yoast_head":"<!-- This site is optimized with the Yoast SEO plugin v25.4 - https:\/\/yoast.com\/wordpress\/plugins\/seo\/ -->\n<title>Un d\u00eda como hoy llego al mundo Andr\u00e9s Eloy Blanco<\/title>\n<meta name=\"description\" content=\"Andres Eloy Blanco, un d\u00eda como hoy llego al mundo; se recuerda en Venezuela el natalicio de Andr\u00e9s Eloy Blanco Mea\u00f1o, reconocido abogado, escritor, humorista, poeta y pol\u00edtico del pa\u00eds. Andr\u00e9s Eloy naci\u00f3 en Cuman\u00e1, Venezuela, el 6 de agosto de 1896 y muri\u00f3 en M\u00e9xico, D. F., 21 de mayo de 1955. Perteneci\u00f3 a la llamada \u201cGeneraci\u00f3n del 28\u201d y fue fundador del partido Acci\u00f3n Democr\u00e1tica (AD).\" \/>\n<meta name=\"robots\" content=\"index, follow, max-snippet:-1, max-image-preview:large, max-video-preview:-1\" \/>\n<link rel=\"canonical\" href=\"https:\/\/seryhumano.com\/web\/?p=14684\" \/>\n<meta property=\"og:locale\" content=\"es_ES\" \/>\n<meta property=\"og:type\" content=\"article\" \/>\n<meta property=\"og:title\" content=\"Un d\u00eda como hoy llego al mundo Andr\u00e9s Eloy Blanco\" \/>\n<meta property=\"og:description\" content=\"Andres Eloy Blanco, un d\u00eda como hoy llego al mundo; se recuerda en Venezuela el natalicio de Andr\u00e9s Eloy Blanco Mea\u00f1o, reconocido abogado, escritor, humorista, poeta y pol\u00edtico del pa\u00eds. Andr\u00e9s Eloy naci\u00f3 en Cuman\u00e1, Venezuela, el 6 de agosto de 1896 y muri\u00f3 en M\u00e9xico, D. F., 21 de mayo de 1955. Perteneci\u00f3 a la llamada \u201cGeneraci\u00f3n del 28\u201d y fue fundador del partido Acci\u00f3n Democr\u00e1tica (AD).\" \/>\n<meta property=\"og:url\" content=\"https:\/\/seryhumano.com\/web\/?p=14684\" \/>\n<meta property=\"og:site_name\" content=\"SeryHumano.com\" \/>\n<meta property=\"article:publisher\" content=\"https:\/\/www.facebook.com\/seryhumano\/\" \/>\n<meta property=\"article:published_time\" content=\"2014-08-07T00:37:15+00:00\" \/>\n<meta property=\"article:modified_time\" content=\"2014-08-08T15:20:24+00:00\" \/>\n<meta property=\"og:image\" content=\"https:\/\/seryhumano.com\/web\/wp-content\/uploads\/2014\/08\/featureslider_aeb.jpg\" \/>\n\t<meta property=\"og:image:width\" content=\"910\" \/>\n\t<meta property=\"og:image:height\" content=\"227\" \/>\n\t<meta property=\"og:image:type\" content=\"image\/jpeg\" \/>\n<meta name=\"author\" content=\"Nancy Pi\u00f1ero\" \/>\n<meta name=\"twitter:card\" content=\"summary_large_image\" \/>\n<meta name=\"twitter:creator\" content=\"@SeryHumano\" \/>\n<meta name=\"twitter:site\" content=\"@SeryHumano\" \/>\n<meta name=\"twitter:label1\" content=\"Escrito por\" \/>\n\t<meta name=\"twitter:data1\" content=\"Nancy Pi\u00f1ero\" \/>\n\t<meta name=\"twitter:label2\" content=\"Tiempo de lectura\" \/>\n\t<meta name=\"twitter:data2\" content=\"3 minutos\" \/>\n<script type=\"application\/ld+json\" class=\"yoast-schema-graph\">{\"@context\":\"https:\/\/schema.org\",\"@graph\":[{\"@type\":\"Article\",\"@id\":\"https:\/\/seryhumano.com\/web\/?p=14684#article\",\"isPartOf\":{\"@id\":\"https:\/\/seryhumano.com\/web\/?p=14684\"},\"author\":{\"name\":\"Nancy Pi\u00f1ero\",\"@id\":\"https:\/\/seryhumano.com\/web\/#\/schema\/person\/9433ad4560200eba32878567584d7aa0\"},\"headline\":\"\u00bfQui\u00e9n fue Andr\u00e9s Eloy Blanco?\",\"datePublished\":\"2014-08-07T00:37:15+00:00\",\"dateModified\":\"2014-08-08T15:20:24+00:00\",\"mainEntityOfPage\":{\"@id\":\"https:\/\/seryhumano.com\/web\/?p=14684\"},\"wordCount\":636,\"publisher\":{\"@id\":\"https:\/\/seryhumano.com\/web\/#organization\"},\"image\":{\"@id\":\"https:\/\/seryhumano.com\/web\/?p=14684#primaryimage\"},\"thumbnailUrl\":\"https:\/\/seryhumano.com\/web\/wp-content\/uploads\/2014\/08\/featureslider_aeb.jpg\",\"articleSection\":[\"Gente\"],\"inLanguage\":\"es\"},{\"@type\":\"WebPage\",\"@id\":\"https:\/\/seryhumano.com\/web\/?p=14684\",\"url\":\"https:\/\/seryhumano.com\/web\/?p=14684\",\"name\":\"Un d\u00eda como hoy llego al mundo Andr\u00e9s Eloy Blanco\",\"isPartOf\":{\"@id\":\"https:\/\/seryhumano.com\/web\/#website\"},\"primaryImageOfPage\":{\"@id\":\"https:\/\/seryhumano.com\/web\/?p=14684#primaryimage\"},\"image\":{\"@id\":\"https:\/\/seryhumano.com\/web\/?p=14684#primaryimage\"},\"thumbnailUrl\":\"https:\/\/seryhumano.com\/web\/wp-content\/uploads\/2014\/08\/featureslider_aeb.jpg\",\"datePublished\":\"2014-08-07T00:37:15+00:00\",\"dateModified\":\"2014-08-08T15:20:24+00:00\",\"description\":\"Andres Eloy Blanco, un d\u00eda como hoy llego al mundo; se recuerda en Venezuela el natalicio de Andr\u00e9s Eloy Blanco Mea\u00f1o, reconocido abogado, escritor, humorista, poeta y pol\u00edtico del pa\u00eds. Andr\u00e9s Eloy naci\u00f3 en Cuman\u00e1, Venezuela, el 6 de agosto de 1896 y muri\u00f3 en M\u00e9xico, D. F., 21 de mayo de 1955. Perteneci\u00f3 a la llamada \u201cGeneraci\u00f3n del 28\u201d y fue fundador del partido Acci\u00f3n Democr\u00e1tica (AD).\",\"breadcrumb\":{\"@id\":\"https:\/\/seryhumano.com\/web\/?p=14684#breadcrumb\"},\"inLanguage\":\"es\",\"potentialAction\":[{\"@type\":\"ReadAction\",\"target\":[\"https:\/\/seryhumano.com\/web\/?p=14684\"]}]},{\"@type\":\"ImageObject\",\"inLanguage\":\"es\",\"@id\":\"https:\/\/seryhumano.com\/web\/?p=14684#primaryimage\",\"url\":\"https:\/\/seryhumano.com\/web\/wp-content\/uploads\/2014\/08\/featureslider_aeb.jpg\",\"contentUrl\":\"https:\/\/seryhumano.com\/web\/wp-content\/uploads\/2014\/08\/featureslider_aeb.jpg\",\"width\":910,\"height\":227},{\"@type\":\"BreadcrumbList\",\"@id\":\"https:\/\/seryhumano.com\/web\/?p=14684#breadcrumb\",\"itemListElement\":[{\"@type\":\"ListItem\",\"position\":1,\"name\":\"Portada\",\"item\":\"https:\/\/seryhumano.com\/web\/\"},{\"@type\":\"ListItem\",\"position\":2,\"name\":\"\u00bfQui\u00e9n fue Andr\u00e9s Eloy Blanco?\"}]},{\"@type\":\"WebSite\",\"@id\":\"https:\/\/seryhumano.com\/web\/#website\",\"url\":\"https:\/\/seryhumano.com\/web\/\",\"name\":\"SeryHumano.com\",\"description\":\"Revista digital muy humana, donde lo mas importante es el Ser...\",\"publisher\":{\"@id\":\"https:\/\/seryhumano.com\/web\/#organization\"},\"potentialAction\":[{\"@type\":\"SearchAction\",\"target\":{\"@type\":\"EntryPoint\",\"urlTemplate\":\"https:\/\/seryhumano.com\/web\/?s={search_term_string}\"},\"query-input\":{\"@type\":\"PropertyValueSpecification\",\"valueRequired\":true,\"valueName\":\"search_term_string\"}}],\"inLanguage\":\"es\"},{\"@type\":\"Organization\",\"@id\":\"https:\/\/seryhumano.com\/web\/#organization\",\"name\":\"SeryHumano.com\",\"url\":\"https:\/\/seryhumano.com\/web\/\",\"logo\":{\"@type\":\"ImageObject\",\"inLanguage\":\"es\",\"@id\":\"https:\/\/seryhumano.com\/web\/#\/schema\/logo\/image\/\",\"url\":\"https:\/\/seryhumano.com\/web\/wp-content\/uploads\/2020\/02\/JNe5VRwH_400x400-2.jpg\",\"contentUrl\":\"https:\/\/seryhumano.com\/web\/wp-content\/uploads\/2020\/02\/JNe5VRwH_400x400-2.jpg\",\"width\":400,\"height\":400,\"caption\":\"SeryHumano.com\"},\"image\":{\"@id\":\"https:\/\/seryhumano.com\/web\/#\/schema\/logo\/image\/\"},\"sameAs\":[\"https:\/\/www.facebook.com\/seryhumano\/\",\"https:\/\/x.com\/SeryHumano\",\"https:\/\/www.instagram.com\/seryhumano\/\",\"https:\/\/www.linkedin.com\/company\/seryhumano-com\/\",\"https:\/\/www.youtube.com\/channel\/UCYfgIGSxygVnJAW0e9ZBZWg\"]},{\"@type\":\"Person\",\"@id\":\"https:\/\/seryhumano.com\/web\/#\/schema\/person\/9433ad4560200eba32878567584d7aa0\",\"name\":\"Nancy Pi\u00f1ero\",\"sameAs\":[\"http:\/\/perfectocodex.com\"],\"url\":\"https:\/\/seryhumano.com\/web\/?author=248\"}]}<\/script>\n<!-- \/ Yoast SEO plugin. -->","yoast_head_json":{"title":"Un d\u00eda como hoy llego al mundo Andr\u00e9s Eloy Blanco","description":"Andres Eloy Blanco, un d\u00eda como hoy llego al mundo; se recuerda en Venezuela el natalicio de Andr\u00e9s Eloy Blanco Mea\u00f1o, reconocido abogado, escritor, humorista, poeta y pol\u00edtico del pa\u00eds. Andr\u00e9s Eloy naci\u00f3 en Cuman\u00e1, Venezuela, el 6 de agosto de 1896 y muri\u00f3 en M\u00e9xico, D. F., 21 de mayo de 1955. Perteneci\u00f3 a la llamada \u201cGeneraci\u00f3n del 28\u201d y fue fundador del partido Acci\u00f3n Democr\u00e1tica (AD).","robots":{"index":"index","follow":"follow","max-snippet":"max-snippet:-1","max-image-preview":"max-image-preview:large","max-video-preview":"max-video-preview:-1"},"canonical":"https:\/\/seryhumano.com\/web\/?p=14684","og_locale":"es_ES","og_type":"article","og_title":"Un d\u00eda como hoy llego al mundo Andr\u00e9s Eloy Blanco","og_description":"Andres Eloy Blanco, un d\u00eda como hoy llego al mundo; se recuerda en Venezuela el natalicio de Andr\u00e9s Eloy Blanco Mea\u00f1o, reconocido abogado, escritor, humorista, poeta y pol\u00edtico del pa\u00eds. Andr\u00e9s Eloy naci\u00f3 en Cuman\u00e1, Venezuela, el 6 de agosto de 1896 y muri\u00f3 en M\u00e9xico, D. F., 21 de mayo de 1955. Perteneci\u00f3 a la llamada \u201cGeneraci\u00f3n del 28\u201d y fue fundador del partido Acci\u00f3n Democr\u00e1tica (AD).","og_url":"https:\/\/seryhumano.com\/web\/?p=14684","og_site_name":"SeryHumano.com","article_publisher":"https:\/\/www.facebook.com\/seryhumano\/","article_published_time":"2014-08-07T00:37:15+00:00","article_modified_time":"2014-08-08T15:20:24+00:00","og_image":[{"width":910,"height":227,"url":"https:\/\/seryhumano.com\/web\/wp-content\/uploads\/2014\/08\/featureslider_aeb.jpg","type":"image\/jpeg"}],"author":"Nancy Pi\u00f1ero","twitter_card":"summary_large_image","twitter_creator":"@SeryHumano","twitter_site":"@SeryHumano","twitter_misc":{"Escrito por":"Nancy Pi\u00f1ero","Tiempo de lectura":"3 minutos"},"schema":{"@context":"https:\/\/schema.org","@graph":[{"@type":"Article","@id":"https:\/\/seryhumano.com\/web\/?p=14684#article","isPartOf":{"@id":"https:\/\/seryhumano.com\/web\/?p=14684"},"author":{"name":"Nancy Pi\u00f1ero","@id":"https:\/\/seryhumano.com\/web\/#\/schema\/person\/9433ad4560200eba32878567584d7aa0"},"headline":"\u00bfQui\u00e9n fue Andr\u00e9s Eloy Blanco?","datePublished":"2014-08-07T00:37:15+00:00","dateModified":"2014-08-08T15:20:24+00:00","mainEntityOfPage":{"@id":"https:\/\/seryhumano.com\/web\/?p=14684"},"wordCount":636,"publisher":{"@id":"https:\/\/seryhumano.com\/web\/#organization"},"image":{"@id":"https:\/\/seryhumano.com\/web\/?p=14684#primaryimage"},"thumbnailUrl":"https:\/\/seryhumano.com\/web\/wp-content\/uploads\/2014\/08\/featureslider_aeb.jpg","articleSection":["Gente"],"inLanguage":"es"},{"@type":"WebPage","@id":"https:\/\/seryhumano.com\/web\/?p=14684","url":"https:\/\/seryhumano.com\/web\/?p=14684","name":"Un d\u00eda como hoy llego al mundo Andr\u00e9s Eloy Blanco","isPartOf":{"@id":"https:\/\/seryhumano.com\/web\/#website"},"primaryImageOfPage":{"@id":"https:\/\/seryhumano.com\/web\/?p=14684#primaryimage"},"image":{"@id":"https:\/\/seryhumano.com\/web\/?p=14684#primaryimage"},"thumbnailUrl":"https:\/\/seryhumano.com\/web\/wp-content\/uploads\/2014\/08\/featureslider_aeb.jpg","datePublished":"2014-08-07T00:37:15+00:00","dateModified":"2014-08-08T15:20:24+00:00","description":"Andres Eloy Blanco, un d\u00eda como hoy llego al mundo; se recuerda en Venezuela el natalicio de Andr\u00e9s Eloy Blanco Mea\u00f1o, reconocido abogado, escritor, humorista, poeta y pol\u00edtico del pa\u00eds. Andr\u00e9s Eloy naci\u00f3 en Cuman\u00e1, Venezuela, el 6 de agosto de 1896 y muri\u00f3 en M\u00e9xico, D. F., 21 de mayo de 1955. Perteneci\u00f3 a la llamada \u201cGeneraci\u00f3n del 28\u201d y fue fundador del partido Acci\u00f3n Democr\u00e1tica (AD).","breadcrumb":{"@id":"https:\/\/seryhumano.com\/web\/?p=14684#breadcrumb"},"inLanguage":"es","potentialAction":[{"@type":"ReadAction","target":["https:\/\/seryhumano.com\/web\/?p=14684"]}]},{"@type":"ImageObject","inLanguage":"es","@id":"https:\/\/seryhumano.com\/web\/?p=14684#primaryimage","url":"https:\/\/seryhumano.com\/web\/wp-content\/uploads\/2014\/08\/featureslider_aeb.jpg","contentUrl":"https:\/\/seryhumano.com\/web\/wp-content\/uploads\/2014\/08\/featureslider_aeb.jpg","width":910,"height":227},{"@type":"BreadcrumbList","@id":"https:\/\/seryhumano.com\/web\/?p=14684#breadcrumb","itemListElement":[{"@type":"ListItem","position":1,"name":"Portada","item":"https:\/\/seryhumano.com\/web\/"},{"@type":"ListItem","position":2,"name":"\u00bfQui\u00e9n fue Andr\u00e9s Eloy Blanco?"}]},{"@type":"WebSite","@id":"https:\/\/seryhumano.com\/web\/#website","url":"https:\/\/seryhumano.com\/web\/","name":"SeryHumano.com","description":"Revista digital muy humana, donde lo mas importante es el Ser...","publisher":{"@id":"https:\/\/seryhumano.com\/web\/#organization"},"potentialAction":[{"@type":"SearchAction","target":{"@type":"EntryPoint","urlTemplate":"https:\/\/seryhumano.com\/web\/?s={search_term_string}"},"query-input":{"@type":"PropertyValueSpecification","valueRequired":true,"valueName":"search_term_string"}}],"inLanguage":"es"},{"@type":"Organization","@id":"https:\/\/seryhumano.com\/web\/#organization","name":"SeryHumano.com","url":"https:\/\/seryhumano.com\/web\/","logo":{"@type":"ImageObject","inLanguage":"es","@id":"https:\/\/seryhumano.com\/web\/#\/schema\/logo\/image\/","url":"https:\/\/seryhumano.com\/web\/wp-content\/uploads\/2020\/02\/JNe5VRwH_400x400-2.jpg","contentUrl":"https:\/\/seryhumano.com\/web\/wp-content\/uploads\/2020\/02\/JNe5VRwH_400x400-2.jpg","width":400,"height":400,"caption":"SeryHumano.com"},"image":{"@id":"https:\/\/seryhumano.com\/web\/#\/schema\/logo\/image\/"},"sameAs":["https:\/\/www.facebook.com\/seryhumano\/","https:\/\/x.com\/SeryHumano","https:\/\/www.instagram.com\/seryhumano\/","https:\/\/www.linkedin.com\/company\/seryhumano-com\/","https:\/\/www.youtube.com\/channel\/UCYfgIGSxygVnJAW0e9ZBZWg"]},{"@type":"Person","@id":"https:\/\/seryhumano.com\/web\/#\/schema\/person\/9433ad4560200eba32878567584d7aa0","name":"Nancy Pi\u00f1ero","sameAs":["http:\/\/perfectocodex.com"],"url":"https:\/\/seryhumano.com\/web\/?author=248"}]}},"_links":{"self":[{"href":"https:\/\/seryhumano.com\/web\/index.php?rest_route=\/wp\/v2\/posts\/14684","targetHints":{"allow":["GET"]}}],"collection":[{"href":"https:\/\/seryhumano.com\/web\/index.php?rest_route=\/wp\/v2\/posts"}],"about":[{"href":"https:\/\/seryhumano.com\/web\/index.php?rest_route=\/wp\/v2\/types\/post"}],"author":[{"embeddable":true,"href":"https:\/\/seryhumano.com\/web\/index.php?rest_route=\/wp\/v2\/users\/248"}],"replies":[{"embeddable":true,"href":"https:\/\/seryhumano.com\/web\/index.php?rest_route=%2Fwp%2Fv2%2Fcomments&post=14684"}],"version-history":[{"count":0,"href":"https:\/\/seryhumano.com\/web\/index.php?rest_route=\/wp\/v2\/posts\/14684\/revisions"}],"wp:featuredmedia":[{"embeddable":true,"href":"https:\/\/seryhumano.com\/web\/index.php?rest_route=\/wp\/v2\/media\/14687"}],"wp:attachment":[{"href":"https:\/\/seryhumano.com\/web\/index.php?rest_route=%2Fwp%2Fv2%2Fmedia&parent=14684"}],"wp:term":[{"taxonomy":"category","embeddable":true,"href":"https:\/\/seryhumano.com\/web\/index.php?rest_route=%2Fwp%2Fv2%2Fcategories&post=14684"},{"taxonomy":"post_tag","embeddable":true,"href":"https:\/\/seryhumano.com\/web\/index.php?rest_route=%2Fwp%2Fv2%2Ftags&post=14684"}],"curies":[{"name":"wp","href":"https:\/\/api.w.org\/{rel}","templated":true}]}}