{"id":14692,"date":"2014-08-07T14:38:20","date_gmt":"2014-08-07T19:08:20","guid":{"rendered":"https:\/\/seryhumano.com\/web\/?p=14692"},"modified":"2014-08-11T07:25:16","modified_gmt":"2014-08-11T11:55:16","slug":"carlos-vives-celebra-sus-53-anos-con-nueva-produccion-musical","status":"publish","type":"post","link":"https:\/\/seryhumano.com\/web\/?p=14692","title":{"rendered":"Carlos Vives celebra sus 53 a\u00f1os con nueva produccion musical"},"content":{"rendered":"<p><img loading=\"lazy\" decoding=\"async\" class=\"aligncenter wp-image-14693 size-full\" src=\"https:\/\/seryhumano.com\/web\/wp-content\/uploads\/2014\/08\/carlosvives.jpg\" alt=\"carlosvives\" width=\"699\" height=\"524\" srcset=\"https:\/\/seryhumano.com\/web\/wp-content\/uploads\/2014\/08\/carlosvives.jpg 699w, https:\/\/seryhumano.com\/web\/wp-content\/uploads\/2014\/08\/carlosvives-300x224.jpg 300w\" sizes=\"auto, (max-width: 699px) 100vw, 699px\" \/>\u00a0El hombre que rescat\u00f3 una de las mejores expresiones art\u00edsticas de Colombia, est\u00e1 de cumplea\u00f1os. Carlos Alberto Vives Restrepo, naci\u00f3 en Santa Marta, Colombia un 7 de agosto del a\u00f1o 1961.<\/p>\n<p>Vives, posee el r\u00e9cord de mayor n\u00famero de nominaciones al Grammy Latino con m\u00e1s de 6 gram\u00f3fonos en su haber, asimismo hay que destacar que fue el primer colombiano galardonado con un Grammy de la Academia Americana de la grabaci\u00f3n.<\/p>\n<p>En Espa\u00f1a gan\u00f3 el gran premio Barcelon\u00e9s Ondas y en dos oportunidades el premio Amigo, entregado por el Principado de Asturias.<br \/>\nCarlos Vives engrandeci\u00f3 el legado cultural de Colombia y abri\u00f3 las puertas a nuevos mercados para varias generaciones de talentos colombianos.<\/p>\n<p>En 2013 firm\u00f3 contrato con Sony Music despu\u00e9s de estar alejado con esta empresa por casi 20 a\u00f1os y con ello relanzando toda su discograf\u00eda bajo esta casa discogr\u00e1fica y su sello Gaira M\u00fasica Local en octubre de este mismo a\u00f1o.<\/p>\n<p>[youtube https:\/\/www.youtube.com\/watch?v=Geqmpq0tjNU \/youtube]<br \/>\nseryhumano.com \/ @nancy_001<br \/>\nFuente: noticiaaldia.com<\/p>\n","protected":false},"excerpt":{"rendered":"<p>\u00a0El hombre que rescat\u00f3 una de las mejores expresiones art\u00edsticas de Colombia, est\u00e1 de cumplea\u00f1os. Carlos Alberto Vives Restrepo, naci\u00f3 en Santa Marta, Colombia un 7 de agosto del a\u00f1o 1961. Vives, posee el r\u00e9cord de mayor n\u00famero de nominaciones al Grammy Latino con m\u00e1s de 6 gram\u00f3fonos en su haber, asimismo hay que destacar&hellip;<\/p>\n","protected":false},"author":248,"featured_media":14694,"comment_status":"closed","ping_status":"closed","sticky":false,"template":"","format":"standard","meta":{"footnotes":""},"categories":[114],"tags":[111],"class_list":["post-14692","post","type-post","status-publish","format-standard","has-post-thumbnail","hentry","category-sonidos","tag-slider","category-114","description-off"],"yoast_head":"<!-- This site is optimized with the Yoast SEO plugin v25.4 - https:\/\/yoast.com\/wordpress\/plugins\/seo\/ -->\n<title>Carlos Vives celebra sus 53 a\u00f1os con nueva produccion musical<\/title>\n<meta name=\"description\" content=\"Hoy celebra sus 53 a\u00f1os Carlos Vives, aqu\u00ed su \u00faltima producci\u00f3n musical. El hombre que rescat\u00f3 una de las mejores expresiones art\u00edsticas de Colombia, est\u00e1 de cumplea\u00f1os. Carlos Alberto Vives Restrepo, naci\u00f3 en Santa Marta, Colombia un 7 de agosto del a\u00f1o 1961.\" \/>\n<meta name=\"robots\" content=\"index, follow, max-snippet:-1, max-image-preview:large, max-video-preview:-1\" \/>\n<link rel=\"canonical\" href=\"https:\/\/seryhumano.com\/web\/?p=14692\" \/>\n<meta property=\"og:locale\" content=\"es_ES\" \/>\n<meta property=\"og:type\" content=\"article\" \/>\n<meta property=\"og:title\" content=\"Carlos Vives celebra sus 53 a\u00f1os con nueva produccion musical\" \/>\n<meta property=\"og:description\" content=\"Hoy celebra sus 53 a\u00f1os Carlos Vives, aqu\u00ed su \u00faltima producci\u00f3n musical. El hombre que rescat\u00f3 una de las mejores expresiones art\u00edsticas de Colombia, est\u00e1 de cumplea\u00f1os. Carlos Alberto Vives Restrepo, naci\u00f3 en Santa Marta, Colombia un 7 de agosto del a\u00f1o 1961.\" \/>\n<meta property=\"og:url\" content=\"https:\/\/seryhumano.com\/web\/?p=14692\" \/>\n<meta property=\"og:site_name\" content=\"SeryHumano.com\" \/>\n<meta property=\"article:publisher\" content=\"https:\/\/www.facebook.com\/seryhumano\/\" \/>\n<meta property=\"article:published_time\" content=\"2014-08-07T19:08:20+00:00\" \/>\n<meta property=\"article:modified_time\" content=\"2014-08-11T11:55:16+00:00\" \/>\n<meta property=\"og:image\" content=\"https:\/\/seryhumano.com\/web\/wp-content\/uploads\/2014\/08\/featureslider_carlosvives.jpg\" \/>\n\t<meta property=\"og:image:width\" content=\"910\" \/>\n\t<meta property=\"og:image:height\" content=\"227\" \/>\n\t<meta property=\"og:image:type\" content=\"image\/jpeg\" \/>\n<meta name=\"author\" content=\"Nancy Pi\u00f1ero\" \/>\n<meta name=\"twitter:card\" content=\"summary_large_image\" \/>\n<meta name=\"twitter:creator\" content=\"@SeryHumano\" \/>\n<meta name=\"twitter:site\" content=\"@SeryHumano\" \/>\n<meta name=\"twitter:label1\" content=\"Escrito por\" \/>\n\t<meta name=\"twitter:data1\" content=\"Nancy Pi\u00f1ero\" \/>\n\t<meta name=\"twitter:label2\" content=\"Tiempo de lectura\" \/>\n\t<meta name=\"twitter:data2\" content=\"1 minuto\" \/>\n<script type=\"application\/ld+json\" class=\"yoast-schema-graph\">{\"@context\":\"https:\/\/schema.org\",\"@graph\":[{\"@type\":\"Article\",\"@id\":\"https:\/\/seryhumano.com\/web\/?p=14692#article\",\"isPartOf\":{\"@id\":\"https:\/\/seryhumano.com\/web\/?p=14692\"},\"author\":{\"name\":\"Nancy Pi\u00f1ero\",\"@id\":\"https:\/\/seryhumano.com\/web\/#\/schema\/person\/9433ad4560200eba32878567584d7aa0\"},\"headline\":\"Carlos Vives celebra sus 53 a\u00f1os con nueva produccion musical\",\"datePublished\":\"2014-08-07T19:08:20+00:00\",\"dateModified\":\"2014-08-11T11:55:16+00:00\",\"mainEntityOfPage\":{\"@id\":\"https:\/\/seryhumano.com\/web\/?p=14692\"},\"wordCount\":191,\"publisher\":{\"@id\":\"https:\/\/seryhumano.com\/web\/#organization\"},\"image\":{\"@id\":\"https:\/\/seryhumano.com\/web\/?p=14692#primaryimage\"},\"thumbnailUrl\":\"https:\/\/seryhumano.com\/web\/wp-content\/uploads\/2014\/08\/featureslider_carlosvives.jpg\",\"keywords\":[\"Slider\"],\"articleSection\":[\"Sonidos del Ser\"],\"inLanguage\":\"es\"},{\"@type\":\"WebPage\",\"@id\":\"https:\/\/seryhumano.com\/web\/?p=14692\",\"url\":\"https:\/\/seryhumano.com\/web\/?p=14692\",\"name\":\"Carlos Vives celebra sus 53 a\u00f1os con nueva produccion musical\",\"isPartOf\":{\"@id\":\"https:\/\/seryhumano.com\/web\/#website\"},\"primaryImageOfPage\":{\"@id\":\"https:\/\/seryhumano.com\/web\/?p=14692#primaryimage\"},\"image\":{\"@id\":\"https:\/\/seryhumano.com\/web\/?p=14692#primaryimage\"},\"thumbnailUrl\":\"https:\/\/seryhumano.com\/web\/wp-content\/uploads\/2014\/08\/featureslider_carlosvives.jpg\",\"datePublished\":\"2014-08-07T19:08:20+00:00\",\"dateModified\":\"2014-08-11T11:55:16+00:00\",\"description\":\"Hoy celebra sus 53 a\u00f1os Carlos Vives, aqu\u00ed su \u00faltima producci\u00f3n musical. El hombre que rescat\u00f3 una de las mejores expresiones art\u00edsticas de Colombia, est\u00e1 de cumplea\u00f1os. Carlos Alberto Vives Restrepo, naci\u00f3 en Santa Marta, Colombia un 7 de agosto del a\u00f1o 1961.\",\"breadcrumb\":{\"@id\":\"https:\/\/seryhumano.com\/web\/?p=14692#breadcrumb\"},\"inLanguage\":\"es\",\"potentialAction\":[{\"@type\":\"ReadAction\",\"target\":[\"https:\/\/seryhumano.com\/web\/?p=14692\"]}]},{\"@type\":\"ImageObject\",\"inLanguage\":\"es\",\"@id\":\"https:\/\/seryhumano.com\/web\/?p=14692#primaryimage\",\"url\":\"https:\/\/seryhumano.com\/web\/wp-content\/uploads\/2014\/08\/featureslider_carlosvives.jpg\",\"contentUrl\":\"https:\/\/seryhumano.com\/web\/wp-content\/uploads\/2014\/08\/featureslider_carlosvives.jpg\",\"width\":910,\"height\":227},{\"@type\":\"BreadcrumbList\",\"@id\":\"https:\/\/seryhumano.com\/web\/?p=14692#breadcrumb\",\"itemListElement\":[{\"@type\":\"ListItem\",\"position\":1,\"name\":\"Portada\",\"item\":\"https:\/\/seryhumano.com\/web\/\"},{\"@type\":\"ListItem\",\"position\":2,\"name\":\"Carlos Vives celebra sus 53 a\u00f1os con nueva produccion musical\"}]},{\"@type\":\"WebSite\",\"@id\":\"https:\/\/seryhumano.com\/web\/#website\",\"url\":\"https:\/\/seryhumano.com\/web\/\",\"name\":\"SeryHumano.com\",\"description\":\"Revista digital muy humana, donde lo mas importante es el Ser...\",\"publisher\":{\"@id\":\"https:\/\/seryhumano.com\/web\/#organization\"},\"potentialAction\":[{\"@type\":\"SearchAction\",\"target\":{\"@type\":\"EntryPoint\",\"urlTemplate\":\"https:\/\/seryhumano.com\/web\/?s={search_term_string}\"},\"query-input\":{\"@type\":\"PropertyValueSpecification\",\"valueRequired\":true,\"valueName\":\"search_term_string\"}}],\"inLanguage\":\"es\"},{\"@type\":\"Organization\",\"@id\":\"https:\/\/seryhumano.com\/web\/#organization\",\"name\":\"SeryHumano.com\",\"url\":\"https:\/\/seryhumano.com\/web\/\",\"logo\":{\"@type\":\"ImageObject\",\"inLanguage\":\"es\",\"@id\":\"https:\/\/seryhumano.com\/web\/#\/schema\/logo\/image\/\",\"url\":\"https:\/\/seryhumano.com\/web\/wp-content\/uploads\/2020\/02\/JNe5VRwH_400x400-2.jpg\",\"contentUrl\":\"https:\/\/seryhumano.com\/web\/wp-content\/uploads\/2020\/02\/JNe5VRwH_400x400-2.jpg\",\"width\":400,\"height\":400,\"caption\":\"SeryHumano.com\"},\"image\":{\"@id\":\"https:\/\/seryhumano.com\/web\/#\/schema\/logo\/image\/\"},\"sameAs\":[\"https:\/\/www.facebook.com\/seryhumano\/\",\"https:\/\/x.com\/SeryHumano\",\"https:\/\/www.instagram.com\/seryhumano\/\",\"https:\/\/www.linkedin.com\/company\/seryhumano-com\/\",\"https:\/\/www.youtube.com\/channel\/UCYfgIGSxygVnJAW0e9ZBZWg\"]},{\"@type\":\"Person\",\"@id\":\"https:\/\/seryhumano.com\/web\/#\/schema\/person\/9433ad4560200eba32878567584d7aa0\",\"name\":\"Nancy Pi\u00f1ero\",\"sameAs\":[\"http:\/\/perfectocodex.com\"],\"url\":\"https:\/\/seryhumano.com\/web\/?author=248\"}]}<\/script>\n<!-- \/ Yoast SEO plugin. -->","yoast_head_json":{"title":"Carlos Vives celebra sus 53 a\u00f1os con nueva produccion musical","description":"Hoy celebra sus 53 a\u00f1os Carlos Vives, aqu\u00ed su \u00faltima producci\u00f3n musical. El hombre que rescat\u00f3 una de las mejores expresiones art\u00edsticas de Colombia, est\u00e1 de cumplea\u00f1os. Carlos Alberto Vives Restrepo, naci\u00f3 en Santa Marta, Colombia un 7 de agosto del a\u00f1o 1961.","robots":{"index":"index","follow":"follow","max-snippet":"max-snippet:-1","max-image-preview":"max-image-preview:large","max-video-preview":"max-video-preview:-1"},"canonical":"https:\/\/seryhumano.com\/web\/?p=14692","og_locale":"es_ES","og_type":"article","og_title":"Carlos Vives celebra sus 53 a\u00f1os con nueva produccion musical","og_description":"Hoy celebra sus 53 a\u00f1os Carlos Vives, aqu\u00ed su \u00faltima producci\u00f3n musical. El hombre que rescat\u00f3 una de las mejores expresiones art\u00edsticas de Colombia, est\u00e1 de cumplea\u00f1os. Carlos Alberto Vives Restrepo, naci\u00f3 en Santa Marta, Colombia un 7 de agosto del a\u00f1o 1961.","og_url":"https:\/\/seryhumano.com\/web\/?p=14692","og_site_name":"SeryHumano.com","article_publisher":"https:\/\/www.facebook.com\/seryhumano\/","article_published_time":"2014-08-07T19:08:20+00:00","article_modified_time":"2014-08-11T11:55:16+00:00","og_image":[{"width":910,"height":227,"url":"https:\/\/seryhumano.com\/web\/wp-content\/uploads\/2014\/08\/featureslider_carlosvives.jpg","type":"image\/jpeg"}],"author":"Nancy Pi\u00f1ero","twitter_card":"summary_large_image","twitter_creator":"@SeryHumano","twitter_site":"@SeryHumano","twitter_misc":{"Escrito por":"Nancy Pi\u00f1ero","Tiempo de lectura":"1 minuto"},"schema":{"@context":"https:\/\/schema.org","@graph":[{"@type":"Article","@id":"https:\/\/seryhumano.com\/web\/?p=14692#article","isPartOf":{"@id":"https:\/\/seryhumano.com\/web\/?p=14692"},"author":{"name":"Nancy Pi\u00f1ero","@id":"https:\/\/seryhumano.com\/web\/#\/schema\/person\/9433ad4560200eba32878567584d7aa0"},"headline":"Carlos Vives celebra sus 53 a\u00f1os con nueva produccion musical","datePublished":"2014-08-07T19:08:20+00:00","dateModified":"2014-08-11T11:55:16+00:00","mainEntityOfPage":{"@id":"https:\/\/seryhumano.com\/web\/?p=14692"},"wordCount":191,"publisher":{"@id":"https:\/\/seryhumano.com\/web\/#organization"},"image":{"@id":"https:\/\/seryhumano.com\/web\/?p=14692#primaryimage"},"thumbnailUrl":"https:\/\/seryhumano.com\/web\/wp-content\/uploads\/2014\/08\/featureslider_carlosvives.jpg","keywords":["Slider"],"articleSection":["Sonidos del Ser"],"inLanguage":"es"},{"@type":"WebPage","@id":"https:\/\/seryhumano.com\/web\/?p=14692","url":"https:\/\/seryhumano.com\/web\/?p=14692","name":"Carlos Vives celebra sus 53 a\u00f1os con nueva produccion musical","isPartOf":{"@id":"https:\/\/seryhumano.com\/web\/#website"},"primaryImageOfPage":{"@id":"https:\/\/seryhumano.com\/web\/?p=14692#primaryimage"},"image":{"@id":"https:\/\/seryhumano.com\/web\/?p=14692#primaryimage"},"thumbnailUrl":"https:\/\/seryhumano.com\/web\/wp-content\/uploads\/2014\/08\/featureslider_carlosvives.jpg","datePublished":"2014-08-07T19:08:20+00:00","dateModified":"2014-08-11T11:55:16+00:00","description":"Hoy celebra sus 53 a\u00f1os Carlos Vives, aqu\u00ed su \u00faltima producci\u00f3n musical. El hombre que rescat\u00f3 una de las mejores expresiones art\u00edsticas de Colombia, est\u00e1 de cumplea\u00f1os. Carlos Alberto Vives Restrepo, naci\u00f3 en Santa Marta, Colombia un 7 de agosto del a\u00f1o 1961.","breadcrumb":{"@id":"https:\/\/seryhumano.com\/web\/?p=14692#breadcrumb"},"inLanguage":"es","potentialAction":[{"@type":"ReadAction","target":["https:\/\/seryhumano.com\/web\/?p=14692"]}]},{"@type":"ImageObject","inLanguage":"es","@id":"https:\/\/seryhumano.com\/web\/?p=14692#primaryimage","url":"https:\/\/seryhumano.com\/web\/wp-content\/uploads\/2014\/08\/featureslider_carlosvives.jpg","contentUrl":"https:\/\/seryhumano.com\/web\/wp-content\/uploads\/2014\/08\/featureslider_carlosvives.jpg","width":910,"height":227},{"@type":"BreadcrumbList","@id":"https:\/\/seryhumano.com\/web\/?p=14692#breadcrumb","itemListElement":[{"@type":"ListItem","position":1,"name":"Portada","item":"https:\/\/seryhumano.com\/web\/"},{"@type":"ListItem","position":2,"name":"Carlos Vives celebra sus 53 a\u00f1os con nueva produccion musical"}]},{"@type":"WebSite","@id":"https:\/\/seryhumano.com\/web\/#website","url":"https:\/\/seryhumano.com\/web\/","name":"SeryHumano.com","description":"Revista digital muy humana, donde lo mas importante es el Ser...","publisher":{"@id":"https:\/\/seryhumano.com\/web\/#organization"},"potentialAction":[{"@type":"SearchAction","target":{"@type":"EntryPoint","urlTemplate":"https:\/\/seryhumano.com\/web\/?s={search_term_string}"},"query-input":{"@type":"PropertyValueSpecification","valueRequired":true,"valueName":"search_term_string"}}],"inLanguage":"es"},{"@type":"Organization","@id":"https:\/\/seryhumano.com\/web\/#organization","name":"SeryHumano.com","url":"https:\/\/seryhumano.com\/web\/","logo":{"@type":"ImageObject","inLanguage":"es","@id":"https:\/\/seryhumano.com\/web\/#\/schema\/logo\/image\/","url":"https:\/\/seryhumano.com\/web\/wp-content\/uploads\/2020\/02\/JNe5VRwH_400x400-2.jpg","contentUrl":"https:\/\/seryhumano.com\/web\/wp-content\/uploads\/2020\/02\/JNe5VRwH_400x400-2.jpg","width":400,"height":400,"caption":"SeryHumano.com"},"image":{"@id":"https:\/\/seryhumano.com\/web\/#\/schema\/logo\/image\/"},"sameAs":["https:\/\/www.facebook.com\/seryhumano\/","https:\/\/x.com\/SeryHumano","https:\/\/www.instagram.com\/seryhumano\/","https:\/\/www.linkedin.com\/company\/seryhumano-com\/","https:\/\/www.youtube.com\/channel\/UCYfgIGSxygVnJAW0e9ZBZWg"]},{"@type":"Person","@id":"https:\/\/seryhumano.com\/web\/#\/schema\/person\/9433ad4560200eba32878567584d7aa0","name":"Nancy Pi\u00f1ero","sameAs":["http:\/\/perfectocodex.com"],"url":"https:\/\/seryhumano.com\/web\/?author=248"}]}},"_links":{"self":[{"href":"https:\/\/seryhumano.com\/web\/index.php?rest_route=\/wp\/v2\/posts\/14692","targetHints":{"allow":["GET"]}}],"collection":[{"href":"https:\/\/seryhumano.com\/web\/index.php?rest_route=\/wp\/v2\/posts"}],"about":[{"href":"https:\/\/seryhumano.com\/web\/index.php?rest_route=\/wp\/v2\/types\/post"}],"author":[{"embeddable":true,"href":"https:\/\/seryhumano.com\/web\/index.php?rest_route=\/wp\/v2\/users\/248"}],"replies":[{"embeddable":true,"href":"https:\/\/seryhumano.com\/web\/index.php?rest_route=%2Fwp%2Fv2%2Fcomments&post=14692"}],"version-history":[{"count":0,"href":"https:\/\/seryhumano.com\/web\/index.php?rest_route=\/wp\/v2\/posts\/14692\/revisions"}],"wp:featuredmedia":[{"embeddable":true,"href":"https:\/\/seryhumano.com\/web\/index.php?rest_route=\/wp\/v2\/media\/14694"}],"wp:attachment":[{"href":"https:\/\/seryhumano.com\/web\/index.php?rest_route=%2Fwp%2Fv2%2Fmedia&parent=14692"}],"wp:term":[{"taxonomy":"category","embeddable":true,"href":"https:\/\/seryhumano.com\/web\/index.php?rest_route=%2Fwp%2Fv2%2Fcategories&post=14692"},{"taxonomy":"post_tag","embeddable":true,"href":"https:\/\/seryhumano.com\/web\/index.php?rest_route=%2Fwp%2Fv2%2Ftags&post=14692"}],"curies":[{"name":"wp","href":"https:\/\/api.w.org\/{rel}","templated":true}]}}