{"id":15665,"date":"2014-10-15T02:00:42","date_gmt":"2014-10-15T06:30:42","guid":{"rendered":"https:\/\/seryhumano.com\/web\/?p=15665"},"modified":"2014-10-15T04:45:59","modified_gmt":"2014-10-15T09:15:59","slug":"errores-mas-comunes-al-tomarle-fotos-a-ninos","status":"publish","type":"post","link":"https:\/\/seryhumano.com\/web\/?p=15665","title":{"rendered":"Errores m\u00e1s comunes al tomarle fotos a ni\u00f1os"},"content":{"rendered":"<p><img loading=\"lazy\" decoding=\"async\" class=\"alignleft wp-image-15671 size-medium\" src=\"https:\/\/seryhumano.com\/web\/wp-content\/uploads\/2014\/10\/fotografia-camara-padres-hijos-familia-pose-consejos_PREIMA20140929_0165_32-300x204.jpg\" alt=\"fotografia-camara-padres-hijos-familia-pose-consejos_PREIMA20140929_0165_32\" width=\"300\" height=\"204\" srcset=\"https:\/\/seryhumano.com\/web\/wp-content\/uploads\/2014\/10\/fotografia-camara-padres-hijos-familia-pose-consejos_PREIMA20140929_0165_32-300x204.jpg 300w, https:\/\/seryhumano.com\/web\/wp-content\/uploads\/2014\/10\/fotografia-camara-padres-hijos-familia-pose-consejos_PREIMA20140929_0165_32.jpg 473w\" sizes=\"auto, (max-width: 300px) 100vw, 300px\" \/>Siempre hay oportunidad de sacarle fotos a los ni\u00f1os, ya sea como recuerdo o para compartirla con los abuelos; por ejemplo: el primer d\u00eda del colegio, la excursi\u00f3n o la primera vez que se montan en bicicleta.<\/p>\n<p>Los padres siempre se empe\u00f1an en inmortalizar dichos instantes y seg\u00fan los expertos de Canon se cometen casi siempre los mismos cinco errores, seg\u00fan el sitio serpadres.es<\/p>\n<p><em>El fondo<\/em><\/p>\n<p>Escoger un fondo adecuado. Por ejemplo, la tradicional foto de \u00abregreso al colegio\u00bb normalmente cuenta con la puerta de casa como tel\u00f3n de fondo. Intentar pensar de forma creativa; buscar un lugar distinto para lograr la foto perfecta como la puerta del colegio.<\/p>\n<p><img loading=\"lazy\" decoding=\"async\" class=\"alignright wp-image-15669 size-medium\" src=\"https:\/\/seryhumano.com\/web\/wp-content\/uploads\/2014\/10\/525462_10200732727820128_562497169_n-300x225.jpg\" alt=\"525462_10200732727820128_562497169_n\" width=\"300\" height=\"225\" srcset=\"https:\/\/seryhumano.com\/web\/wp-content\/uploads\/2014\/10\/525462_10200732727820128_562497169_n-300x225.jpg 300w, https:\/\/seryhumano.com\/web\/wp-content\/uploads\/2014\/10\/525462_10200732727820128_562497169_n.jpg 960w\" sizes=\"auto, (max-width: 300px) 100vw, 300px\" \/>No olvidar observar el fondo, as\u00ed se evitar\u00e1 que objetos indeseados puedan desentonar con el ni\u00f1o o estropear el marco. Para asegurarse de que el peque\u00f1o realmente destaque, incrementar la abertura de la c\u00e1mara hasta el menor n\u00famero posible para conseguir un fondo difuminado y que el enfoque se centre en el ni\u00f1o.<\/p>\n<p><em>El decorado<\/em><\/p>\n<p>Su nueva mochila o el uniforme del colegio, los libros de texto, el almuerzo del recreo, el disfraz de la funci\u00f3n del colegio\u2026 Capturar esos detalles aportar\u00e1 color a tu imagen y ayudar\u00e1 a contar la historia de un d\u00eda tan importante.<\/p>\n<p>Asegurarse de que el conjunto de elementos resulten naturales en el disparo, de forma de que se puedas centrarse en captar las emociones del d\u00eda en vez de perseguir la foto perfecta.<\/p>\n<p><em><img loading=\"lazy\" decoding=\"async\" class=\"alignleft wp-image-15670 size-medium\" src=\"https:\/\/seryhumano.com\/web\/wp-content\/uploads\/2014\/10\/pic-300x225.jpg\" alt=\"pic\" width=\"300\" height=\"225\" srcset=\"https:\/\/seryhumano.com\/web\/wp-content\/uploads\/2014\/10\/pic-300x225.jpg 300w, https:\/\/seryhumano.com\/web\/wp-content\/uploads\/2014\/10\/pic.jpg 488w\" sizes=\"auto, (max-width: 300px) 100vw, 300px\" \/>El \u00e1ngulo<\/em><\/p>\n<p>Pedirle al hijo que se gire hacia un lado y mire hacia la c\u00e1mara, para crear un \u00e1ngulo m\u00e1s est\u00e9tico. No disparar desde arriba. Agacharse al nivel de los ojos del ni\u00f1o para captar ese momento memorable.<\/p>\n<p><em>La iluminaci\u00f3n<\/em><\/p>\n<p>Elegir una buena iluminaci\u00f3n: puede ser la diferencia entre lograr una foto de mala calidad o una fant\u00e1stica. La luz natural, con el sol en un lateral del sujeto es la mejor opci\u00f3n; pero, si se est\u00e1 utilizando un flash, cerciorarse de que el ni\u00f1o no est\u00e1 demasiado cerca del fondo elegido, ya que podr\u00eda crear una sombra poco est\u00e9tica.<\/p>\n<p>No fotografiarse con el sol a la espalda, ya que producir\u00e1 sombras y har\u00e1 que los ni\u00f1os tengan que entrecerrar los ojos. Si se est\u00e1 fotografiando en condiciones de poca luz, incrementar el ISO de la c\u00e1mara: aumentar\u00e1 su sensibilidad a la luz, ayud\u00e1ndote a conseguir una foto bonita.<\/p>\n<p><em>La pose<\/em><\/p>\n<p><img loading=\"lazy\" decoding=\"async\" class=\"aligncenter wp-image-15668\" src=\"https:\/\/seryhumano.com\/web\/wp-content\/uploads\/2014\/10\/9837_10202167543049612_509290723_n.jpg\" alt=\"9837_10202167543049612_509290723_n\" width=\"660\" height=\"415\" srcset=\"https:\/\/seryhumano.com\/web\/wp-content\/uploads\/2014\/10\/9837_10202167543049612_509290723_n.jpg 960w, https:\/\/seryhumano.com\/web\/wp-content\/uploads\/2014\/10\/9837_10202167543049612_509290723_n-300x188.jpg 300w\" sizes=\"auto, (max-width: 660px) 100vw, 660px\" \/><\/p>\n<p>Crear un tema recurrente en las fotos que se hacen cada a\u00f1o, ya sea una foto en el mismo lugar o una misma pose, mostrar\u00e1 el crecimiento del peque\u00f1o y los cambios que ha habido en cada curso. Esto har\u00e1 que estas fotos, que marcan un hito en la vida de los peque\u00f1os, sean m\u00e1s valiosas.<\/p>\n<p>Si los ni\u00f1os est\u00e1n emocionados o nerviosos, obligarlos a estar quietos puede ser un aut\u00e9ntico reto. En lugar de eso, ser\u00e1 m\u00e1s f\u00e1cil capturar una foto informal, por ejemplo, del momento de prepararse, o diciendo adi\u00f3s mientras entran por la puerta del colegio.<\/p>\n<p>seryhumano.com \/ @nancy_001<\/p>\n<p>Fuente: prensalibre.com<\/p>\n","protected":false},"excerpt":{"rendered":"<p>Siempre hay oportunidad de sacarle fotos a los ni\u00f1os, ya sea como recuerdo o para compartirla con los abuelos; por ejemplo: el primer d\u00eda del colegio, la excursi\u00f3n o la primera vez que se montan en bicicleta. Los padres siempre se empe\u00f1an en inmortalizar dichos instantes y seg\u00fan los expertos de Canon se cometen casi&hellip;<\/p>\n","protected":false},"author":248,"featured_media":15673,"comment_status":"closed","ping_status":"closed","sticky":false,"template":"","format":"standard","meta":{"footnotes":""},"categories":[128],"tags":[111],"class_list":["post-15665","post","type-post","status-publish","format-standard","has-post-thumbnail","hentry","category-ser-curioso","tag-slider","category-128","description-off"],"yoast_head":"<!-- This site is optimized with the Yoast SEO plugin v25.4 - https:\/\/yoast.com\/wordpress\/plugins\/seo\/ -->\n<title>Errores m\u00e1s comunes al tomarle fotos a ni\u00f1os<\/title>\n<meta name=\"description\" content=\"Siempre hay oportunidad de sacarle fotos a los ni\u00f1os, ya sea como recuerdo o para compartirla con los abuelos; por ejemplo: el primer d\u00eda del colegio, la excursi\u00f3n o la primera vez que se montan en bicicleta.\" \/>\n<meta name=\"robots\" content=\"index, follow, max-snippet:-1, max-image-preview:large, max-video-preview:-1\" \/>\n<link rel=\"canonical\" href=\"https:\/\/seryhumano.com\/web\/?p=15665\" \/>\n<meta property=\"og:locale\" content=\"es_ES\" \/>\n<meta property=\"og:type\" content=\"article\" \/>\n<meta property=\"og:title\" content=\"Errores m\u00e1s comunes al tomarle fotos a ni\u00f1os\" \/>\n<meta property=\"og:description\" content=\"Siempre hay oportunidad de sacarle fotos a los ni\u00f1os, ya sea como recuerdo o para compartirla con los abuelos; por ejemplo: el primer d\u00eda del colegio, la excursi\u00f3n o la primera vez que se montan en bicicleta.\" \/>\n<meta property=\"og:url\" content=\"https:\/\/seryhumano.com\/web\/?p=15665\" \/>\n<meta property=\"og:site_name\" content=\"SeryHumano.com\" \/>\n<meta property=\"article:publisher\" content=\"https:\/\/www.facebook.com\/seryhumano\/\" \/>\n<meta property=\"article:published_time\" content=\"2014-10-15T06:30:42+00:00\" \/>\n<meta property=\"article:modified_time\" content=\"2014-10-15T09:15:59+00:00\" \/>\n<meta property=\"og:image\" content=\"https:\/\/seryhumano.com\/web\/wp-content\/uploads\/2014\/10\/featureslider18.jpg\" \/>\n\t<meta property=\"og:image:width\" content=\"910\" \/>\n\t<meta property=\"og:image:height\" content=\"227\" \/>\n\t<meta property=\"og:image:type\" content=\"image\/jpeg\" \/>\n<meta name=\"author\" content=\"Nancy Pi\u00f1ero\" \/>\n<meta name=\"twitter:card\" content=\"summary_large_image\" \/>\n<meta name=\"twitter:creator\" content=\"@SeryHumano\" \/>\n<meta name=\"twitter:site\" content=\"@SeryHumano\" \/>\n<meta name=\"twitter:label1\" content=\"Escrito por\" \/>\n\t<meta name=\"twitter:data1\" content=\"Nancy Pi\u00f1ero\" \/>\n\t<meta name=\"twitter:label2\" content=\"Tiempo de lectura\" \/>\n\t<meta name=\"twitter:data2\" content=\"3 minutos\" \/>\n<script type=\"application\/ld+json\" class=\"yoast-schema-graph\">{\"@context\":\"https:\/\/schema.org\",\"@graph\":[{\"@type\":\"Article\",\"@id\":\"https:\/\/seryhumano.com\/web\/?p=15665#article\",\"isPartOf\":{\"@id\":\"https:\/\/seryhumano.com\/web\/?p=15665\"},\"author\":{\"name\":\"Nancy Pi\u00f1ero\",\"@id\":\"https:\/\/seryhumano.com\/web\/#\/schema\/person\/9433ad4560200eba32878567584d7aa0\"},\"headline\":\"Errores m\u00e1s comunes al tomarle fotos a ni\u00f1os\",\"datePublished\":\"2014-10-15T06:30:42+00:00\",\"dateModified\":\"2014-10-15T09:15:59+00:00\",\"mainEntityOfPage\":{\"@id\":\"https:\/\/seryhumano.com\/web\/?p=15665\"},\"wordCount\":545,\"publisher\":{\"@id\":\"https:\/\/seryhumano.com\/web\/#organization\"},\"image\":{\"@id\":\"https:\/\/seryhumano.com\/web\/?p=15665#primaryimage\"},\"thumbnailUrl\":\"https:\/\/seryhumano.com\/web\/wp-content\/uploads\/2014\/10\/featureslider18.jpg\",\"keywords\":[\"Slider\"],\"articleSection\":[\"Ser Curioso\"],\"inLanguage\":\"es\"},{\"@type\":\"WebPage\",\"@id\":\"https:\/\/seryhumano.com\/web\/?p=15665\",\"url\":\"https:\/\/seryhumano.com\/web\/?p=15665\",\"name\":\"Errores m\u00e1s comunes al tomarle fotos a ni\u00f1os\",\"isPartOf\":{\"@id\":\"https:\/\/seryhumano.com\/web\/#website\"},\"primaryImageOfPage\":{\"@id\":\"https:\/\/seryhumano.com\/web\/?p=15665#primaryimage\"},\"image\":{\"@id\":\"https:\/\/seryhumano.com\/web\/?p=15665#primaryimage\"},\"thumbnailUrl\":\"https:\/\/seryhumano.com\/web\/wp-content\/uploads\/2014\/10\/featureslider18.jpg\",\"datePublished\":\"2014-10-15T06:30:42+00:00\",\"dateModified\":\"2014-10-15T09:15:59+00:00\",\"description\":\"Siempre hay oportunidad de sacarle fotos a los ni\u00f1os, ya sea como recuerdo o para compartirla con los abuelos; por ejemplo: el primer d\u00eda del colegio, la excursi\u00f3n o la primera vez que se montan en bicicleta.\",\"breadcrumb\":{\"@id\":\"https:\/\/seryhumano.com\/web\/?p=15665#breadcrumb\"},\"inLanguage\":\"es\",\"potentialAction\":[{\"@type\":\"ReadAction\",\"target\":[\"https:\/\/seryhumano.com\/web\/?p=15665\"]}]},{\"@type\":\"ImageObject\",\"inLanguage\":\"es\",\"@id\":\"https:\/\/seryhumano.com\/web\/?p=15665#primaryimage\",\"url\":\"https:\/\/seryhumano.com\/web\/wp-content\/uploads\/2014\/10\/featureslider18.jpg\",\"contentUrl\":\"https:\/\/seryhumano.com\/web\/wp-content\/uploads\/2014\/10\/featureslider18.jpg\",\"width\":910,\"height\":227},{\"@type\":\"BreadcrumbList\",\"@id\":\"https:\/\/seryhumano.com\/web\/?p=15665#breadcrumb\",\"itemListElement\":[{\"@type\":\"ListItem\",\"position\":1,\"name\":\"Portada\",\"item\":\"https:\/\/seryhumano.com\/web\/\"},{\"@type\":\"ListItem\",\"position\":2,\"name\":\"Errores m\u00e1s comunes al tomarle fotos a ni\u00f1os\"}]},{\"@type\":\"WebSite\",\"@id\":\"https:\/\/seryhumano.com\/web\/#website\",\"url\":\"https:\/\/seryhumano.com\/web\/\",\"name\":\"SeryHumano.com\",\"description\":\"Revista digital muy humana, donde lo mas importante es el Ser...\",\"publisher\":{\"@id\":\"https:\/\/seryhumano.com\/web\/#organization\"},\"potentialAction\":[{\"@type\":\"SearchAction\",\"target\":{\"@type\":\"EntryPoint\",\"urlTemplate\":\"https:\/\/seryhumano.com\/web\/?s={search_term_string}\"},\"query-input\":{\"@type\":\"PropertyValueSpecification\",\"valueRequired\":true,\"valueName\":\"search_term_string\"}}],\"inLanguage\":\"es\"},{\"@type\":\"Organization\",\"@id\":\"https:\/\/seryhumano.com\/web\/#organization\",\"name\":\"SeryHumano.com\",\"url\":\"https:\/\/seryhumano.com\/web\/\",\"logo\":{\"@type\":\"ImageObject\",\"inLanguage\":\"es\",\"@id\":\"https:\/\/seryhumano.com\/web\/#\/schema\/logo\/image\/\",\"url\":\"https:\/\/seryhumano.com\/web\/wp-content\/uploads\/2020\/02\/JNe5VRwH_400x400-2.jpg\",\"contentUrl\":\"https:\/\/seryhumano.com\/web\/wp-content\/uploads\/2020\/02\/JNe5VRwH_400x400-2.jpg\",\"width\":400,\"height\":400,\"caption\":\"SeryHumano.com\"},\"image\":{\"@id\":\"https:\/\/seryhumano.com\/web\/#\/schema\/logo\/image\/\"},\"sameAs\":[\"https:\/\/www.facebook.com\/seryhumano\/\",\"https:\/\/x.com\/SeryHumano\",\"https:\/\/www.instagram.com\/seryhumano\/\",\"https:\/\/www.linkedin.com\/company\/seryhumano-com\/\",\"https:\/\/www.youtube.com\/channel\/UCYfgIGSxygVnJAW0e9ZBZWg\"]},{\"@type\":\"Person\",\"@id\":\"https:\/\/seryhumano.com\/web\/#\/schema\/person\/9433ad4560200eba32878567584d7aa0\",\"name\":\"Nancy Pi\u00f1ero\",\"sameAs\":[\"http:\/\/perfectocodex.com\"],\"url\":\"https:\/\/seryhumano.com\/web\/?author=248\"}]}<\/script>\n<!-- \/ Yoast SEO plugin. -->","yoast_head_json":{"title":"Errores m\u00e1s comunes al tomarle fotos a ni\u00f1os","description":"Siempre hay oportunidad de sacarle fotos a los ni\u00f1os, ya sea como recuerdo o para compartirla con los abuelos; por ejemplo: el primer d\u00eda del colegio, la excursi\u00f3n o la primera vez que se montan en bicicleta.","robots":{"index":"index","follow":"follow","max-snippet":"max-snippet:-1","max-image-preview":"max-image-preview:large","max-video-preview":"max-video-preview:-1"},"canonical":"https:\/\/seryhumano.com\/web\/?p=15665","og_locale":"es_ES","og_type":"article","og_title":"Errores m\u00e1s comunes al tomarle fotos a ni\u00f1os","og_description":"Siempre hay oportunidad de sacarle fotos a los ni\u00f1os, ya sea como recuerdo o para compartirla con los abuelos; por ejemplo: el primer d\u00eda del colegio, la excursi\u00f3n o la primera vez que se montan en bicicleta.","og_url":"https:\/\/seryhumano.com\/web\/?p=15665","og_site_name":"SeryHumano.com","article_publisher":"https:\/\/www.facebook.com\/seryhumano\/","article_published_time":"2014-10-15T06:30:42+00:00","article_modified_time":"2014-10-15T09:15:59+00:00","og_image":[{"width":910,"height":227,"url":"https:\/\/seryhumano.com\/web\/wp-content\/uploads\/2014\/10\/featureslider18.jpg","type":"image\/jpeg"}],"author":"Nancy Pi\u00f1ero","twitter_card":"summary_large_image","twitter_creator":"@SeryHumano","twitter_site":"@SeryHumano","twitter_misc":{"Escrito por":"Nancy Pi\u00f1ero","Tiempo de lectura":"3 minutos"},"schema":{"@context":"https:\/\/schema.org","@graph":[{"@type":"Article","@id":"https:\/\/seryhumano.com\/web\/?p=15665#article","isPartOf":{"@id":"https:\/\/seryhumano.com\/web\/?p=15665"},"author":{"name":"Nancy Pi\u00f1ero","@id":"https:\/\/seryhumano.com\/web\/#\/schema\/person\/9433ad4560200eba32878567584d7aa0"},"headline":"Errores m\u00e1s comunes al tomarle fotos a ni\u00f1os","datePublished":"2014-10-15T06:30:42+00:00","dateModified":"2014-10-15T09:15:59+00:00","mainEntityOfPage":{"@id":"https:\/\/seryhumano.com\/web\/?p=15665"},"wordCount":545,"publisher":{"@id":"https:\/\/seryhumano.com\/web\/#organization"},"image":{"@id":"https:\/\/seryhumano.com\/web\/?p=15665#primaryimage"},"thumbnailUrl":"https:\/\/seryhumano.com\/web\/wp-content\/uploads\/2014\/10\/featureslider18.jpg","keywords":["Slider"],"articleSection":["Ser Curioso"],"inLanguage":"es"},{"@type":"WebPage","@id":"https:\/\/seryhumano.com\/web\/?p=15665","url":"https:\/\/seryhumano.com\/web\/?p=15665","name":"Errores m\u00e1s comunes al tomarle fotos a ni\u00f1os","isPartOf":{"@id":"https:\/\/seryhumano.com\/web\/#website"},"primaryImageOfPage":{"@id":"https:\/\/seryhumano.com\/web\/?p=15665#primaryimage"},"image":{"@id":"https:\/\/seryhumano.com\/web\/?p=15665#primaryimage"},"thumbnailUrl":"https:\/\/seryhumano.com\/web\/wp-content\/uploads\/2014\/10\/featureslider18.jpg","datePublished":"2014-10-15T06:30:42+00:00","dateModified":"2014-10-15T09:15:59+00:00","description":"Siempre hay oportunidad de sacarle fotos a los ni\u00f1os, ya sea como recuerdo o para compartirla con los abuelos; por ejemplo: el primer d\u00eda del colegio, la excursi\u00f3n o la primera vez que se montan en bicicleta.","breadcrumb":{"@id":"https:\/\/seryhumano.com\/web\/?p=15665#breadcrumb"},"inLanguage":"es","potentialAction":[{"@type":"ReadAction","target":["https:\/\/seryhumano.com\/web\/?p=15665"]}]},{"@type":"ImageObject","inLanguage":"es","@id":"https:\/\/seryhumano.com\/web\/?p=15665#primaryimage","url":"https:\/\/seryhumano.com\/web\/wp-content\/uploads\/2014\/10\/featureslider18.jpg","contentUrl":"https:\/\/seryhumano.com\/web\/wp-content\/uploads\/2014\/10\/featureslider18.jpg","width":910,"height":227},{"@type":"BreadcrumbList","@id":"https:\/\/seryhumano.com\/web\/?p=15665#breadcrumb","itemListElement":[{"@type":"ListItem","position":1,"name":"Portada","item":"https:\/\/seryhumano.com\/web\/"},{"@type":"ListItem","position":2,"name":"Errores m\u00e1s comunes al tomarle fotos a ni\u00f1os"}]},{"@type":"WebSite","@id":"https:\/\/seryhumano.com\/web\/#website","url":"https:\/\/seryhumano.com\/web\/","name":"SeryHumano.com","description":"Revista digital muy humana, donde lo mas importante es el Ser...","publisher":{"@id":"https:\/\/seryhumano.com\/web\/#organization"},"potentialAction":[{"@type":"SearchAction","target":{"@type":"EntryPoint","urlTemplate":"https:\/\/seryhumano.com\/web\/?s={search_term_string}"},"query-input":{"@type":"PropertyValueSpecification","valueRequired":true,"valueName":"search_term_string"}}],"inLanguage":"es"},{"@type":"Organization","@id":"https:\/\/seryhumano.com\/web\/#organization","name":"SeryHumano.com","url":"https:\/\/seryhumano.com\/web\/","logo":{"@type":"ImageObject","inLanguage":"es","@id":"https:\/\/seryhumano.com\/web\/#\/schema\/logo\/image\/","url":"https:\/\/seryhumano.com\/web\/wp-content\/uploads\/2020\/02\/JNe5VRwH_400x400-2.jpg","contentUrl":"https:\/\/seryhumano.com\/web\/wp-content\/uploads\/2020\/02\/JNe5VRwH_400x400-2.jpg","width":400,"height":400,"caption":"SeryHumano.com"},"image":{"@id":"https:\/\/seryhumano.com\/web\/#\/schema\/logo\/image\/"},"sameAs":["https:\/\/www.facebook.com\/seryhumano\/","https:\/\/x.com\/SeryHumano","https:\/\/www.instagram.com\/seryhumano\/","https:\/\/www.linkedin.com\/company\/seryhumano-com\/","https:\/\/www.youtube.com\/channel\/UCYfgIGSxygVnJAW0e9ZBZWg"]},{"@type":"Person","@id":"https:\/\/seryhumano.com\/web\/#\/schema\/person\/9433ad4560200eba32878567584d7aa0","name":"Nancy Pi\u00f1ero","sameAs":["http:\/\/perfectocodex.com"],"url":"https:\/\/seryhumano.com\/web\/?author=248"}]}},"_links":{"self":[{"href":"https:\/\/seryhumano.com\/web\/index.php?rest_route=\/wp\/v2\/posts\/15665","targetHints":{"allow":["GET"]}}],"collection":[{"href":"https:\/\/seryhumano.com\/web\/index.php?rest_route=\/wp\/v2\/posts"}],"about":[{"href":"https:\/\/seryhumano.com\/web\/index.php?rest_route=\/wp\/v2\/types\/post"}],"author":[{"embeddable":true,"href":"https:\/\/seryhumano.com\/web\/index.php?rest_route=\/wp\/v2\/users\/248"}],"replies":[{"embeddable":true,"href":"https:\/\/seryhumano.com\/web\/index.php?rest_route=%2Fwp%2Fv2%2Fcomments&post=15665"}],"version-history":[{"count":0,"href":"https:\/\/seryhumano.com\/web\/index.php?rest_route=\/wp\/v2\/posts\/15665\/revisions"}],"wp:featuredmedia":[{"embeddable":true,"href":"https:\/\/seryhumano.com\/web\/index.php?rest_route=\/wp\/v2\/media\/15673"}],"wp:attachment":[{"href":"https:\/\/seryhumano.com\/web\/index.php?rest_route=%2Fwp%2Fv2%2Fmedia&parent=15665"}],"wp:term":[{"taxonomy":"category","embeddable":true,"href":"https:\/\/seryhumano.com\/web\/index.php?rest_route=%2Fwp%2Fv2%2Fcategories&post=15665"},{"taxonomy":"post_tag","embeddable":true,"href":"https:\/\/seryhumano.com\/web\/index.php?rest_route=%2Fwp%2Fv2%2Ftags&post=15665"}],"curies":[{"name":"wp","href":"https:\/\/api.w.org\/{rel}","templated":true}]}}