{"id":15884,"date":"2014-10-27T13:00:37","date_gmt":"2014-10-27T17:30:37","guid":{"rendered":"https:\/\/seryhumano.com\/web\/?p=15884"},"modified":"2014-10-28T07:11:21","modified_gmt":"2014-10-28T11:41:21","slug":"sonidos-del-cielo-video-de-zanttos","status":"publish","type":"post","link":"https:\/\/seryhumano.com\/web\/?p=15884","title":{"rendered":"\u2018Sonidos del Cielo\u2019, video de Zanttos"},"content":{"rendered":"<p><img loading=\"lazy\" decoding=\"async\" class=\"aligncenter size-full wp-image-15886\" src=\"https:\/\/seryhumano.com\/web\/wp-content\/uploads\/2014\/10\/fed90977-3a69-4463-8b80-683e8e74969d.jpg\" alt=\"fed90977-3a69-4463-8b80-683e8e74969d\" width=\"560\" height=\"314\" srcset=\"https:\/\/seryhumano.com\/web\/wp-content\/uploads\/2014\/10\/fed90977-3a69-4463-8b80-683e8e74969d.jpg 560w, https:\/\/seryhumano.com\/web\/wp-content\/uploads\/2014\/10\/fed90977-3a69-4463-8b80-683e8e74969d-300x168.jpg 300w, https:\/\/seryhumano.com\/web\/wp-content\/uploads\/2014\/10\/fed90977-3a69-4463-8b80-683e8e74969d-265x150.jpg 265w\" sizes=\"auto, (max-width: 560px) 100vw, 560px\" \/>\u2018Sonidos del Cielo\u2019, video de la banda regiomontana Zanttos.<\/p>\n<p>Despu\u00e9s de su gira por el centro del pa\u00eds, la banda regia acaba de lanzar su video promocional de su sencillo \u2018Sonidos del Cielo\u2019, el cual fue grabado y dirigido por Rafael Mart\u00ednez.<\/p>\n<p><img loading=\"lazy\" decoding=\"async\" class=\"alignright wp-image-15887 size-medium\" src=\"https:\/\/seryhumano.com\/web\/wp-content\/uploads\/2014\/10\/5c0047f6-9d65-4b48-9d08-71bddbb61a38-300x188.png\" alt=\"5c0047f6-9d65-4b48-9d08-71bddbb61a38\" width=\"300\" height=\"188\" srcset=\"https:\/\/seryhumano.com\/web\/wp-content\/uploads\/2014\/10\/5c0047f6-9d65-4b48-9d08-71bddbb61a38-300x188.png 300w, https:\/\/seryhumano.com\/web\/wp-content\/uploads\/2014\/10\/5c0047f6-9d65-4b48-9d08-71bddbb61a38-1024x641.png 1024w, https:\/\/seryhumano.com\/web\/wp-content\/uploads\/2014\/10\/5c0047f6-9d65-4b48-9d08-71bddbb61a38.png 1128w\" sizes=\"auto, (max-width: 300px) 100vw, 300px\" \/>La banda se present\u00f3 en la ciudad de M\u00e9xico en El Imperial y en el Tianguis del Chopo, logrando una buena aceptaci\u00f3n por los capitalinos. Tambi\u00e9n se presentaron en Puebla, donde tambi\u00e9n fueron bien recibidos.<\/p>\n<p>\u201cSonidos del cielo canto del alma por todo lo bueno y lo malo que hemos vivido, el cielo interno que nos castiga por nuestros errores y premia por nuestros aciertos\u201d, nos explica Rickz (Vocalista de la banda) lo que buscan expresar con la canci\u00f3n.<\/p>\n<p>Pr\u00f3ximamente m\u00e1s fechas de la banda.<\/p>\n<p><img loading=\"lazy\" decoding=\"async\" class=\"aligncenter size-full wp-image-15885\" src=\"https:\/\/seryhumano.com\/web\/wp-content\/uploads\/2014\/10\/encabezadomailchip.jpg\" alt=\"encabezadomailchip\" width=\"600\" height=\"211\" srcset=\"https:\/\/seryhumano.com\/web\/wp-content\/uploads\/2014\/10\/encabezadomailchip.jpg 600w, https:\/\/seryhumano.com\/web\/wp-content\/uploads\/2014\/10\/encabezadomailchip-300x105.jpg 300w\" sizes=\"auto, (max-width: 600px) 100vw, 600px\" \/><\/p>\n<p><iframe loading=\"lazy\" width=\"1200\" height=\"675\" src=\"https:\/\/www.youtube.com\/embed\/auhWhPOLwjE?feature=oembed\" frameborder=\"0\" allowfullscreen><\/iframe><\/p>\n<p>&nbsp;<\/p>\n<p>Redes Sociales<br \/>\nFacebook.com\/Zanttos<br \/>\n@Zanttos<br \/>\nyoutube.com\/ZanttosTV<\/p>\n<p>&nbsp;<\/p>\n<p>seryhumano.com<br \/>\nNota de Prensa<\/p>\n","protected":false},"excerpt":{"rendered":"<p>\u2018Sonidos del Cielo\u2019, video de la banda regiomontana Zanttos. Despu\u00e9s de su gira por el centro del pa\u00eds, la banda regia acaba de lanzar su video promocional de su sencillo \u2018Sonidos del Cielo\u2019, el cual fue grabado y dirigido por Rafael Mart\u00ednez. La banda se present\u00f3 en la ciudad de M\u00e9xico en El Imperial y&hellip;<\/p>\n","protected":false},"author":248,"featured_media":15890,"comment_status":"closed","ping_status":"closed","sticky":false,"template":"","format":"standard","meta":{"footnotes":""},"categories":[114],"tags":[111],"class_list":["post-15884","post","type-post","status-publish","format-standard","has-post-thumbnail","hentry","category-sonidos","tag-slider","category-114","description-off"],"yoast_head":"<!-- This site is optimized with the Yoast SEO plugin v25.4 - https:\/\/yoast.com\/wordpress\/plugins\/seo\/ -->\n<title>\u2018Sonidos del Cielo\u2019, video de Zanttos<\/title>\n<meta name=\"description\" content=\"Despu\u00e9s de su gira por el centro del pa\u00eds, la banda regia acaba de lanzar su video promocional de su sencillo \u2018Sonidos del Cielo\u2019, el cual fue grabado y dirigido por Rafael Mart\u00ednez.\" \/>\n<meta name=\"robots\" content=\"index, follow, max-snippet:-1, max-image-preview:large, max-video-preview:-1\" \/>\n<link rel=\"canonical\" href=\"https:\/\/seryhumano.com\/web\/?p=15884\" \/>\n<meta property=\"og:locale\" content=\"es_ES\" \/>\n<meta property=\"og:type\" content=\"article\" \/>\n<meta property=\"og:title\" content=\"\u2018Sonidos del Cielo\u2019, video de Zanttos\" \/>\n<meta property=\"og:description\" content=\"Despu\u00e9s de su gira por el centro del pa\u00eds, la banda regia acaba de lanzar su video promocional de su sencillo \u2018Sonidos del Cielo\u2019, el cual fue grabado y dirigido por Rafael Mart\u00ednez.\" \/>\n<meta property=\"og:url\" content=\"https:\/\/seryhumano.com\/web\/?p=15884\" \/>\n<meta property=\"og:site_name\" content=\"SeryHumano.com\" \/>\n<meta property=\"article:publisher\" content=\"https:\/\/www.facebook.com\/seryhumano\/\" \/>\n<meta property=\"article:published_time\" content=\"2014-10-27T17:30:37+00:00\" \/>\n<meta property=\"article:modified_time\" content=\"2014-10-28T11:41:21+00:00\" \/>\n<meta property=\"og:image\" content=\"https:\/\/seryhumano.com\/web\/wp-content\/uploads\/2014\/10\/featureslider44.jpg\" \/>\n\t<meta property=\"og:image:width\" content=\"910\" \/>\n\t<meta property=\"og:image:height\" content=\"227\" \/>\n\t<meta property=\"og:image:type\" content=\"image\/jpeg\" \/>\n<meta name=\"author\" content=\"Nancy Pi\u00f1ero\" \/>\n<meta name=\"twitter:card\" content=\"summary_large_image\" \/>\n<meta name=\"twitter:creator\" content=\"@SeryHumano\" \/>\n<meta name=\"twitter:site\" content=\"@SeryHumano\" \/>\n<meta name=\"twitter:label1\" content=\"Escrito por\" \/>\n\t<meta name=\"twitter:data1\" content=\"Nancy Pi\u00f1ero\" \/>\n\t<meta name=\"twitter:label2\" content=\"Tiempo de lectura\" \/>\n\t<meta name=\"twitter:data2\" content=\"1 minuto\" \/>\n<script type=\"application\/ld+json\" class=\"yoast-schema-graph\">{\"@context\":\"https:\/\/schema.org\",\"@graph\":[{\"@type\":\"Article\",\"@id\":\"https:\/\/seryhumano.com\/web\/?p=15884#article\",\"isPartOf\":{\"@id\":\"https:\/\/seryhumano.com\/web\/?p=15884\"},\"author\":{\"name\":\"Nancy Pi\u00f1ero\",\"@id\":\"https:\/\/seryhumano.com\/web\/#\/schema\/person\/9433ad4560200eba32878567584d7aa0\"},\"headline\":\"\u2018Sonidos del Cielo\u2019, video de Zanttos\",\"datePublished\":\"2014-10-27T17:30:37+00:00\",\"dateModified\":\"2014-10-28T11:41:21+00:00\",\"mainEntityOfPage\":{\"@id\":\"https:\/\/seryhumano.com\/web\/?p=15884\"},\"wordCount\":166,\"publisher\":{\"@id\":\"https:\/\/seryhumano.com\/web\/#organization\"},\"image\":{\"@id\":\"https:\/\/seryhumano.com\/web\/?p=15884#primaryimage\"},\"thumbnailUrl\":\"https:\/\/seryhumano.com\/web\/wp-content\/uploads\/2014\/10\/featureslider44.jpg\",\"keywords\":[\"Slider\"],\"articleSection\":[\"Sonidos del Ser\"],\"inLanguage\":\"es\"},{\"@type\":\"WebPage\",\"@id\":\"https:\/\/seryhumano.com\/web\/?p=15884\",\"url\":\"https:\/\/seryhumano.com\/web\/?p=15884\",\"name\":\"\u2018Sonidos del Cielo\u2019, video de Zanttos\",\"isPartOf\":{\"@id\":\"https:\/\/seryhumano.com\/web\/#website\"},\"primaryImageOfPage\":{\"@id\":\"https:\/\/seryhumano.com\/web\/?p=15884#primaryimage\"},\"image\":{\"@id\":\"https:\/\/seryhumano.com\/web\/?p=15884#primaryimage\"},\"thumbnailUrl\":\"https:\/\/seryhumano.com\/web\/wp-content\/uploads\/2014\/10\/featureslider44.jpg\",\"datePublished\":\"2014-10-27T17:30:37+00:00\",\"dateModified\":\"2014-10-28T11:41:21+00:00\",\"description\":\"Despu\u00e9s de su gira por el centro del pa\u00eds, la banda regia acaba de lanzar su video promocional de su sencillo \u2018Sonidos del Cielo\u2019, el cual fue grabado y dirigido por Rafael Mart\u00ednez.\",\"breadcrumb\":{\"@id\":\"https:\/\/seryhumano.com\/web\/?p=15884#breadcrumb\"},\"inLanguage\":\"es\",\"potentialAction\":[{\"@type\":\"ReadAction\",\"target\":[\"https:\/\/seryhumano.com\/web\/?p=15884\"]}]},{\"@type\":\"ImageObject\",\"inLanguage\":\"es\",\"@id\":\"https:\/\/seryhumano.com\/web\/?p=15884#primaryimage\",\"url\":\"https:\/\/seryhumano.com\/web\/wp-content\/uploads\/2014\/10\/featureslider44.jpg\",\"contentUrl\":\"https:\/\/seryhumano.com\/web\/wp-content\/uploads\/2014\/10\/featureslider44.jpg\",\"width\":910,\"height\":227},{\"@type\":\"BreadcrumbList\",\"@id\":\"https:\/\/seryhumano.com\/web\/?p=15884#breadcrumb\",\"itemListElement\":[{\"@type\":\"ListItem\",\"position\":1,\"name\":\"Portada\",\"item\":\"https:\/\/seryhumano.com\/web\/\"},{\"@type\":\"ListItem\",\"position\":2,\"name\":\"\u2018Sonidos del Cielo\u2019, video de Zanttos\"}]},{\"@type\":\"WebSite\",\"@id\":\"https:\/\/seryhumano.com\/web\/#website\",\"url\":\"https:\/\/seryhumano.com\/web\/\",\"name\":\"SeryHumano.com\",\"description\":\"Revista digital muy humana, donde lo mas importante es el Ser...\",\"publisher\":{\"@id\":\"https:\/\/seryhumano.com\/web\/#organization\"},\"potentialAction\":[{\"@type\":\"SearchAction\",\"target\":{\"@type\":\"EntryPoint\",\"urlTemplate\":\"https:\/\/seryhumano.com\/web\/?s={search_term_string}\"},\"query-input\":{\"@type\":\"PropertyValueSpecification\",\"valueRequired\":true,\"valueName\":\"search_term_string\"}}],\"inLanguage\":\"es\"},{\"@type\":\"Organization\",\"@id\":\"https:\/\/seryhumano.com\/web\/#organization\",\"name\":\"SeryHumano.com\",\"url\":\"https:\/\/seryhumano.com\/web\/\",\"logo\":{\"@type\":\"ImageObject\",\"inLanguage\":\"es\",\"@id\":\"https:\/\/seryhumano.com\/web\/#\/schema\/logo\/image\/\",\"url\":\"https:\/\/seryhumano.com\/web\/wp-content\/uploads\/2020\/02\/JNe5VRwH_400x400-2.jpg\",\"contentUrl\":\"https:\/\/seryhumano.com\/web\/wp-content\/uploads\/2020\/02\/JNe5VRwH_400x400-2.jpg\",\"width\":400,\"height\":400,\"caption\":\"SeryHumano.com\"},\"image\":{\"@id\":\"https:\/\/seryhumano.com\/web\/#\/schema\/logo\/image\/\"},\"sameAs\":[\"https:\/\/www.facebook.com\/seryhumano\/\",\"https:\/\/x.com\/SeryHumano\",\"https:\/\/www.instagram.com\/seryhumano\/\",\"https:\/\/www.linkedin.com\/company\/seryhumano-com\/\",\"https:\/\/www.youtube.com\/channel\/UCYfgIGSxygVnJAW0e9ZBZWg\"]},{\"@type\":\"Person\",\"@id\":\"https:\/\/seryhumano.com\/web\/#\/schema\/person\/9433ad4560200eba32878567584d7aa0\",\"name\":\"Nancy Pi\u00f1ero\",\"sameAs\":[\"http:\/\/perfectocodex.com\"],\"url\":\"https:\/\/seryhumano.com\/web\/?author=248\"}]}<\/script>\n<!-- \/ Yoast SEO plugin. -->","yoast_head_json":{"title":"\u2018Sonidos del Cielo\u2019, video de Zanttos","description":"Despu\u00e9s de su gira por el centro del pa\u00eds, la banda regia acaba de lanzar su video promocional de su sencillo \u2018Sonidos del Cielo\u2019, el cual fue grabado y dirigido por Rafael Mart\u00ednez.","robots":{"index":"index","follow":"follow","max-snippet":"max-snippet:-1","max-image-preview":"max-image-preview:large","max-video-preview":"max-video-preview:-1"},"canonical":"https:\/\/seryhumano.com\/web\/?p=15884","og_locale":"es_ES","og_type":"article","og_title":"\u2018Sonidos del Cielo\u2019, video de Zanttos","og_description":"Despu\u00e9s de su gira por el centro del pa\u00eds, la banda regia acaba de lanzar su video promocional de su sencillo \u2018Sonidos del Cielo\u2019, el cual fue grabado y dirigido por Rafael Mart\u00ednez.","og_url":"https:\/\/seryhumano.com\/web\/?p=15884","og_site_name":"SeryHumano.com","article_publisher":"https:\/\/www.facebook.com\/seryhumano\/","article_published_time":"2014-10-27T17:30:37+00:00","article_modified_time":"2014-10-28T11:41:21+00:00","og_image":[{"width":910,"height":227,"url":"https:\/\/seryhumano.com\/web\/wp-content\/uploads\/2014\/10\/featureslider44.jpg","type":"image\/jpeg"}],"author":"Nancy Pi\u00f1ero","twitter_card":"summary_large_image","twitter_creator":"@SeryHumano","twitter_site":"@SeryHumano","twitter_misc":{"Escrito por":"Nancy Pi\u00f1ero","Tiempo de lectura":"1 minuto"},"schema":{"@context":"https:\/\/schema.org","@graph":[{"@type":"Article","@id":"https:\/\/seryhumano.com\/web\/?p=15884#article","isPartOf":{"@id":"https:\/\/seryhumano.com\/web\/?p=15884"},"author":{"name":"Nancy Pi\u00f1ero","@id":"https:\/\/seryhumano.com\/web\/#\/schema\/person\/9433ad4560200eba32878567584d7aa0"},"headline":"\u2018Sonidos del Cielo\u2019, video de Zanttos","datePublished":"2014-10-27T17:30:37+00:00","dateModified":"2014-10-28T11:41:21+00:00","mainEntityOfPage":{"@id":"https:\/\/seryhumano.com\/web\/?p=15884"},"wordCount":166,"publisher":{"@id":"https:\/\/seryhumano.com\/web\/#organization"},"image":{"@id":"https:\/\/seryhumano.com\/web\/?p=15884#primaryimage"},"thumbnailUrl":"https:\/\/seryhumano.com\/web\/wp-content\/uploads\/2014\/10\/featureslider44.jpg","keywords":["Slider"],"articleSection":["Sonidos del Ser"],"inLanguage":"es"},{"@type":"WebPage","@id":"https:\/\/seryhumano.com\/web\/?p=15884","url":"https:\/\/seryhumano.com\/web\/?p=15884","name":"\u2018Sonidos del Cielo\u2019, video de Zanttos","isPartOf":{"@id":"https:\/\/seryhumano.com\/web\/#website"},"primaryImageOfPage":{"@id":"https:\/\/seryhumano.com\/web\/?p=15884#primaryimage"},"image":{"@id":"https:\/\/seryhumano.com\/web\/?p=15884#primaryimage"},"thumbnailUrl":"https:\/\/seryhumano.com\/web\/wp-content\/uploads\/2014\/10\/featureslider44.jpg","datePublished":"2014-10-27T17:30:37+00:00","dateModified":"2014-10-28T11:41:21+00:00","description":"Despu\u00e9s de su gira por el centro del pa\u00eds, la banda regia acaba de lanzar su video promocional de su sencillo \u2018Sonidos del Cielo\u2019, el cual fue grabado y dirigido por Rafael Mart\u00ednez.","breadcrumb":{"@id":"https:\/\/seryhumano.com\/web\/?p=15884#breadcrumb"},"inLanguage":"es","potentialAction":[{"@type":"ReadAction","target":["https:\/\/seryhumano.com\/web\/?p=15884"]}]},{"@type":"ImageObject","inLanguage":"es","@id":"https:\/\/seryhumano.com\/web\/?p=15884#primaryimage","url":"https:\/\/seryhumano.com\/web\/wp-content\/uploads\/2014\/10\/featureslider44.jpg","contentUrl":"https:\/\/seryhumano.com\/web\/wp-content\/uploads\/2014\/10\/featureslider44.jpg","width":910,"height":227},{"@type":"BreadcrumbList","@id":"https:\/\/seryhumano.com\/web\/?p=15884#breadcrumb","itemListElement":[{"@type":"ListItem","position":1,"name":"Portada","item":"https:\/\/seryhumano.com\/web\/"},{"@type":"ListItem","position":2,"name":"\u2018Sonidos del Cielo\u2019, video de Zanttos"}]},{"@type":"WebSite","@id":"https:\/\/seryhumano.com\/web\/#website","url":"https:\/\/seryhumano.com\/web\/","name":"SeryHumano.com","description":"Revista digital muy humana, donde lo mas importante es el Ser...","publisher":{"@id":"https:\/\/seryhumano.com\/web\/#organization"},"potentialAction":[{"@type":"SearchAction","target":{"@type":"EntryPoint","urlTemplate":"https:\/\/seryhumano.com\/web\/?s={search_term_string}"},"query-input":{"@type":"PropertyValueSpecification","valueRequired":true,"valueName":"search_term_string"}}],"inLanguage":"es"},{"@type":"Organization","@id":"https:\/\/seryhumano.com\/web\/#organization","name":"SeryHumano.com","url":"https:\/\/seryhumano.com\/web\/","logo":{"@type":"ImageObject","inLanguage":"es","@id":"https:\/\/seryhumano.com\/web\/#\/schema\/logo\/image\/","url":"https:\/\/seryhumano.com\/web\/wp-content\/uploads\/2020\/02\/JNe5VRwH_400x400-2.jpg","contentUrl":"https:\/\/seryhumano.com\/web\/wp-content\/uploads\/2020\/02\/JNe5VRwH_400x400-2.jpg","width":400,"height":400,"caption":"SeryHumano.com"},"image":{"@id":"https:\/\/seryhumano.com\/web\/#\/schema\/logo\/image\/"},"sameAs":["https:\/\/www.facebook.com\/seryhumano\/","https:\/\/x.com\/SeryHumano","https:\/\/www.instagram.com\/seryhumano\/","https:\/\/www.linkedin.com\/company\/seryhumano-com\/","https:\/\/www.youtube.com\/channel\/UCYfgIGSxygVnJAW0e9ZBZWg"]},{"@type":"Person","@id":"https:\/\/seryhumano.com\/web\/#\/schema\/person\/9433ad4560200eba32878567584d7aa0","name":"Nancy Pi\u00f1ero","sameAs":["http:\/\/perfectocodex.com"],"url":"https:\/\/seryhumano.com\/web\/?author=248"}]}},"_links":{"self":[{"href":"https:\/\/seryhumano.com\/web\/index.php?rest_route=\/wp\/v2\/posts\/15884","targetHints":{"allow":["GET"]}}],"collection":[{"href":"https:\/\/seryhumano.com\/web\/index.php?rest_route=\/wp\/v2\/posts"}],"about":[{"href":"https:\/\/seryhumano.com\/web\/index.php?rest_route=\/wp\/v2\/types\/post"}],"author":[{"embeddable":true,"href":"https:\/\/seryhumano.com\/web\/index.php?rest_route=\/wp\/v2\/users\/248"}],"replies":[{"embeddable":true,"href":"https:\/\/seryhumano.com\/web\/index.php?rest_route=%2Fwp%2Fv2%2Fcomments&post=15884"}],"version-history":[{"count":0,"href":"https:\/\/seryhumano.com\/web\/index.php?rest_route=\/wp\/v2\/posts\/15884\/revisions"}],"wp:featuredmedia":[{"embeddable":true,"href":"https:\/\/seryhumano.com\/web\/index.php?rest_route=\/wp\/v2\/media\/15890"}],"wp:attachment":[{"href":"https:\/\/seryhumano.com\/web\/index.php?rest_route=%2Fwp%2Fv2%2Fmedia&parent=15884"}],"wp:term":[{"taxonomy":"category","embeddable":true,"href":"https:\/\/seryhumano.com\/web\/index.php?rest_route=%2Fwp%2Fv2%2Fcategories&post=15884"},{"taxonomy":"post_tag","embeddable":true,"href":"https:\/\/seryhumano.com\/web\/index.php?rest_route=%2Fwp%2Fv2%2Ftags&post=15884"}],"curies":[{"name":"wp","href":"https:\/\/api.w.org\/{rel}","templated":true}]}}