{"id":16137,"date":"2014-11-06T10:20:08","date_gmt":"2014-11-06T14:50:08","guid":{"rendered":"https:\/\/seryhumano.com\/web\/?p=16137"},"modified":"2014-11-07T15:14:03","modified_gmt":"2014-11-07T19:44:03","slug":"papita-mani-toston-en-republica-dominicana","status":"publish","type":"post","link":"https:\/\/seryhumano.com\/web\/?p=16137","title":{"rendered":"\u201cPapita, Man\u00ed, Tost\u00f3n\u201d en Rep\u00fablica Dominicana"},"content":{"rendered":"<p>\u201c<em>La distribuci\u00f3n internacional de \u201cPapita, Man\u00ed,Tost\u00f3n\u201d comienza en salas comerciales de Rep\u00fablica Dominicana el 13 de noviembre de este a\u00f1o, gracias a un acuerdo que hicimos con Cinema Caribbean, la cual es la empresa m\u00e1s importante de Rep\u00fablica Dominicana<\/em>\u201d, as\u00ed lo dio a conocer para <a href=\"http:\/\/www.seryhumano.com\">www.seryhumano.com<\/a> Marianela Saleta, Distribution Vicepresident de Cines Unidos.<a href=\"https:\/\/seryhumano.com\/web\/?attachment_id=16138\" rel=\"attachment wp-att-16138\"><img loading=\"lazy\" decoding=\"async\" class=\"alignright size-medium wp-image-16138\" src=\"https:\/\/seryhumano.com\/web\/wp-content\/uploads\/2014\/11\/Papita-man\u00ed-tost\u00f3n-2-300x170.jpg\" alt=\"Papita-man\u00ed-tost\u00f3n-2\" width=\"300\" height=\"170\" srcset=\"https:\/\/seryhumano.com\/web\/wp-content\/uploads\/2014\/11\/Papita-man\u00ed-tost\u00f3n-2-300x170.jpg 300w, https:\/\/seryhumano.com\/web\/wp-content\/uploads\/2014\/11\/Papita-man\u00ed-tost\u00f3n-2-265x150.jpg 265w, https:\/\/seryhumano.com\/web\/wp-content\/uploads\/2014\/11\/Papita-man\u00ed-tost\u00f3n-2.jpg 634w\" sizes=\"auto, (max-width: 300px) 100vw, 300px\" \/><\/a><\/p>\n<p>Luego de su debut por la tierra del merengue tambi\u00e9n se va a presentar\u00e1 en Puerto Rico, y aunque a\u00fan se desconoce la fecha exacta en que \u201cconectar\u00e1 jonrones\u201d, se le augura un gran \u00e9xito.<\/p>\n<p>Saleta nos explic\u00f3 que la distribuidora de Rep\u00fablica Dominicana se acerc\u00f3 a ellos en el marco de su Festival de Fine Arts que es de pel\u00edculas de arte, \u201c<em>yo les propuse Papita, Man\u00ed, Tost\u00f3n, porque aun cuando no es del g\u00e9nero de arte es para todo p\u00fablico<\/em>\u201d; y a\u00f1adi\u00f3 que \u201cdentro de ese Festival se present\u00f3 como Pel\u00edcula Venezolana, llenando la primera funci\u00f3n el 70%, en la 2da el 80% y las \u00faltimas dos funciones qued\u00f3 gente fuera de la sala, fue ah\u00ed que nos llamaron para hacer el convenio de distribuci\u00f3n\u201d.<\/p>\n<p><strong>Dos pueblos, un solo lenguaje<\/strong><\/p>\n<p>\u201c<em>El p\u00fablico que se nos acerc\u00f3 tuvo la oportunidad de conocer a Jean Pierre Agostini, Luis Carlos Hueck (director) y a Carolina Martinez (productora ejecutiva), y lo que nos expresaban era que el humor venezolano era muy parecido al humor dominicano, debido a que en Rep\u00fablica Dominicana las comedias son las que tienen m\u00e1s aceptaci\u00f3n, son las pel\u00edculas m\u00e1s vistas<\/em>\u201d y acotaba Marianela \u201c<em>lo que entonces les llam\u00f3 mucho la atenci\u00f3n es que un humor tan nuestro, ellos lo entendieron, se sintieron identificados, si bien por el b\u00e9isbol (pasi\u00f3n que compartimos ambos pa\u00edses), pero tambi\u00e9n por los chistes, los paisajes que para nosotros fue un reto.<\/em>\u201d<\/p>\n<p><iframe loading=\"lazy\" width=\"1200\" height=\"675\" src=\"https:\/\/www.youtube.com\/embed\/8qEATwjKNa8?feature=oembed\" frameborder=\"0\" allowfullscreen><\/iframe><\/p>\n<p><strong>El p\u00fablico tiene la \u00faltima palabra<\/strong><\/p>\n<p>Para despu\u00e9s del 13 de noviembre podremos decir si fue o no un \u00e9xito de taquilla, porque para m\u00ed, comenta Saleta, la obra cinematogr\u00e1fica tiene vida cuando el p\u00fablico la ve, opina, la disfruta y acepta o rechaza, independientemente de que sea una gran abra. Por ejemplo, en Cannes 2013 gan\u00f3 el certamen, una obra que dura tres horas, lo cual no significa que era para un p\u00fablico masivo, o sea, no nos toca a nosotros como distribuidores juzgar el trabajo cinematogr\u00e1fico, nos corresponde tratar de poner la obra a disposici\u00f3n del p\u00fablico y que sea el p\u00fablico quien al verla le d\u00e9 su apoyo o no. Despu\u00e9s del 13 de noviembre veremos cu\u00e1nto apoyo recibe \u201cPapita, Man\u00ed, Tost\u00f3n\u201d del pueblo dominicano, luego de que se proyecte en unas 15 salas de cine por unas dos semanas aproximadamente.<\/p>\n<p>Si desea ver la primera nota de esta pel\u00edcula en nuestra revista ingrese a\u00a0<a href=\"https:\/\/seryhumano.com\/web\/?p=9709\">https:\/\/seryhumano.com\/web\/?p=9709<\/a>, donde tambi\u00e9n encontrar\u00e1 la galer\u00eda de fotos tomadas en la Rueda de Prensa momentos antes de su primera presentaci\u00f3n al p\u00fablico venezolano.<\/p>\n<p>seryhuamno.com \/ @yosmarherrera<\/p>\n<p>&nbsp;<\/p>\n<p>&nbsp;<\/p>\n","protected":false},"excerpt":{"rendered":"<p>\u201cLa distribuci\u00f3n internacional de \u201cPapita, Man\u00ed,Tost\u00f3n\u201d comienza en salas comerciales de Rep\u00fablica Dominicana el 13 de noviembre de este a\u00f1o, gracias a un acuerdo que hicimos con Cinema Caribbean, la cual es la empresa m\u00e1s importante de Rep\u00fablica Dominicana\u201d, as\u00ed lo dio a conocer para www.seryhumano.com Marianela Saleta, Distribution Vicepresident de Cines Unidos. Luego de&hellip;<\/p>\n","protected":false},"author":2,"featured_media":16147,"comment_status":"closed","ping_status":"closed","sticky":false,"template":"","format":"standard","meta":{"footnotes":""},"categories":[125],"tags":[111],"class_list":["post-16137","post","type-post","status-publish","format-standard","has-post-thumbnail","hentry","category-ser-cinefilo","tag-slider","category-125","description-off"],"yoast_head":"<!-- This site is optimized with the Yoast SEO plugin v25.4 - https:\/\/yoast.com\/wordpress\/plugins\/seo\/ -->\n<title>\u201cPapita, Man\u00ed, Tost\u00f3n\u201d en Rep\u00fablica Dominicana<\/title>\n<meta name=\"description\" content=\"\u201cLa distribuci\u00f3n internacional de \u201cPapita, Man\u00ed,Tost\u00f3n\u201d comienza en salas comerciales de Rep\u00fablica Dominicana el 13 de noviembre de este a\u00f1o, gracias a un acuerdo que hicimos con Cinema Caribbean, la cual es la empresa m\u00e1s importante de Rep\u00fablica Dominicana\u201d, as\u00ed lo dio a conocer para www.seryhumano.com Marianela Saleta, Distribution Vicepresident de Cines Unidos.\" \/>\n<meta name=\"robots\" content=\"index, follow, max-snippet:-1, max-image-preview:large, max-video-preview:-1\" \/>\n<link rel=\"canonical\" href=\"https:\/\/seryhumano.com\/web\/?p=16137\" \/>\n<meta property=\"og:locale\" content=\"es_ES\" \/>\n<meta property=\"og:type\" content=\"article\" \/>\n<meta property=\"og:title\" content=\"\u201cPapita, Man\u00ed, Tost\u00f3n\u201d en Rep\u00fablica Dominicana\" \/>\n<meta property=\"og:description\" content=\"\u201cLa distribuci\u00f3n internacional de \u201cPapita, Man\u00ed,Tost\u00f3n\u201d comienza en salas comerciales de Rep\u00fablica Dominicana el 13 de noviembre de este a\u00f1o, gracias a un acuerdo que hicimos con Cinema Caribbean, la cual es la empresa m\u00e1s importante de Rep\u00fablica Dominicana\u201d, as\u00ed lo dio a conocer para www.seryhumano.com Marianela Saleta, Distribution Vicepresident de Cines Unidos.\" \/>\n<meta property=\"og:url\" content=\"https:\/\/seryhumano.com\/web\/?p=16137\" \/>\n<meta property=\"og:site_name\" content=\"SeryHumano.com\" \/>\n<meta property=\"article:publisher\" content=\"https:\/\/www.facebook.com\/seryhumano\/\" \/>\n<meta property=\"article:published_time\" content=\"2014-11-06T14:50:08+00:00\" \/>\n<meta property=\"article:modified_time\" content=\"2014-11-07T19:44:03+00:00\" \/>\n<meta property=\"og:image\" content=\"https:\/\/seryhumano.com\/web\/wp-content\/uploads\/2014\/11\/featureslider7.jpg\" \/>\n\t<meta property=\"og:image:width\" content=\"910\" \/>\n\t<meta property=\"og:image:height\" content=\"227\" \/>\n\t<meta property=\"og:image:type\" content=\"image\/jpeg\" \/>\n<meta name=\"author\" content=\"@herrera_yosmar\" \/>\n<meta name=\"twitter:card\" content=\"summary_large_image\" \/>\n<meta name=\"twitter:creator\" content=\"@SeryHumano\" \/>\n<meta name=\"twitter:site\" content=\"@SeryHumano\" \/>\n<meta name=\"twitter:label1\" content=\"Escrito por\" \/>\n\t<meta name=\"twitter:data1\" content=\"@herrera_yosmar\" \/>\n\t<meta name=\"twitter:label2\" content=\"Tiempo de lectura\" \/>\n\t<meta name=\"twitter:data2\" content=\"3 minutos\" \/>\n<script type=\"application\/ld+json\" class=\"yoast-schema-graph\">{\"@context\":\"https:\/\/schema.org\",\"@graph\":[{\"@type\":\"Article\",\"@id\":\"https:\/\/seryhumano.com\/web\/?p=16137#article\",\"isPartOf\":{\"@id\":\"https:\/\/seryhumano.com\/web\/?p=16137\"},\"author\":{\"name\":\"@herrera_yosmar\",\"@id\":\"https:\/\/seryhumano.com\/web\/#\/schema\/person\/fd30e8e0b394a62344b44d9b0fe75795\"},\"headline\":\"\u201cPapita, Man\u00ed, Tost\u00f3n\u201d en Rep\u00fablica Dominicana\",\"datePublished\":\"2014-11-06T14:50:08+00:00\",\"dateModified\":\"2014-11-07T19:44:03+00:00\",\"mainEntityOfPage\":{\"@id\":\"https:\/\/seryhumano.com\/web\/?p=16137\"},\"wordCount\":537,\"publisher\":{\"@id\":\"https:\/\/seryhumano.com\/web\/#organization\"},\"image\":{\"@id\":\"https:\/\/seryhumano.com\/web\/?p=16137#primaryimage\"},\"thumbnailUrl\":\"https:\/\/seryhumano.com\/web\/wp-content\/uploads\/2014\/11\/featureslider7.jpg\",\"keywords\":[\"Slider\"],\"articleSection\":[\"Ser Cin\u00e9filo\"],\"inLanguage\":\"es\"},{\"@type\":\"WebPage\",\"@id\":\"https:\/\/seryhumano.com\/web\/?p=16137\",\"url\":\"https:\/\/seryhumano.com\/web\/?p=16137\",\"name\":\"\u201cPapita, Man\u00ed, Tost\u00f3n\u201d en Rep\u00fablica Dominicana\",\"isPartOf\":{\"@id\":\"https:\/\/seryhumano.com\/web\/#website\"},\"primaryImageOfPage\":{\"@id\":\"https:\/\/seryhumano.com\/web\/?p=16137#primaryimage\"},\"image\":{\"@id\":\"https:\/\/seryhumano.com\/web\/?p=16137#primaryimage\"},\"thumbnailUrl\":\"https:\/\/seryhumano.com\/web\/wp-content\/uploads\/2014\/11\/featureslider7.jpg\",\"datePublished\":\"2014-11-06T14:50:08+00:00\",\"dateModified\":\"2014-11-07T19:44:03+00:00\",\"description\":\"\u201cLa distribuci\u00f3n internacional de \u201cPapita, Man\u00ed,Tost\u00f3n\u201d comienza en salas comerciales de Rep\u00fablica Dominicana el 13 de noviembre de este a\u00f1o, gracias a un acuerdo que hicimos con Cinema Caribbean, la cual es la empresa m\u00e1s importante de Rep\u00fablica Dominicana\u201d, as\u00ed lo dio a conocer para www.seryhumano.com Marianela Saleta, Distribution Vicepresident de Cines Unidos.\",\"breadcrumb\":{\"@id\":\"https:\/\/seryhumano.com\/web\/?p=16137#breadcrumb\"},\"inLanguage\":\"es\",\"potentialAction\":[{\"@type\":\"ReadAction\",\"target\":[\"https:\/\/seryhumano.com\/web\/?p=16137\"]}]},{\"@type\":\"ImageObject\",\"inLanguage\":\"es\",\"@id\":\"https:\/\/seryhumano.com\/web\/?p=16137#primaryimage\",\"url\":\"https:\/\/seryhumano.com\/web\/wp-content\/uploads\/2014\/11\/featureslider7.jpg\",\"contentUrl\":\"https:\/\/seryhumano.com\/web\/wp-content\/uploads\/2014\/11\/featureslider7.jpg\",\"width\":910,\"height\":227},{\"@type\":\"BreadcrumbList\",\"@id\":\"https:\/\/seryhumano.com\/web\/?p=16137#breadcrumb\",\"itemListElement\":[{\"@type\":\"ListItem\",\"position\":1,\"name\":\"Portada\",\"item\":\"https:\/\/seryhumano.com\/web\/\"},{\"@type\":\"ListItem\",\"position\":2,\"name\":\"\u201cPapita, Man\u00ed, Tost\u00f3n\u201d en Rep\u00fablica Dominicana\"}]},{\"@type\":\"WebSite\",\"@id\":\"https:\/\/seryhumano.com\/web\/#website\",\"url\":\"https:\/\/seryhumano.com\/web\/\",\"name\":\"SeryHumano.com\",\"description\":\"Revista digital muy humana, donde lo mas importante es el Ser...\",\"publisher\":{\"@id\":\"https:\/\/seryhumano.com\/web\/#organization\"},\"potentialAction\":[{\"@type\":\"SearchAction\",\"target\":{\"@type\":\"EntryPoint\",\"urlTemplate\":\"https:\/\/seryhumano.com\/web\/?s={search_term_string}\"},\"query-input\":{\"@type\":\"PropertyValueSpecification\",\"valueRequired\":true,\"valueName\":\"search_term_string\"}}],\"inLanguage\":\"es\"},{\"@type\":\"Organization\",\"@id\":\"https:\/\/seryhumano.com\/web\/#organization\",\"name\":\"SeryHumano.com\",\"url\":\"https:\/\/seryhumano.com\/web\/\",\"logo\":{\"@type\":\"ImageObject\",\"inLanguage\":\"es\",\"@id\":\"https:\/\/seryhumano.com\/web\/#\/schema\/logo\/image\/\",\"url\":\"https:\/\/seryhumano.com\/web\/wp-content\/uploads\/2020\/02\/JNe5VRwH_400x400-2.jpg\",\"contentUrl\":\"https:\/\/seryhumano.com\/web\/wp-content\/uploads\/2020\/02\/JNe5VRwH_400x400-2.jpg\",\"width\":400,\"height\":400,\"caption\":\"SeryHumano.com\"},\"image\":{\"@id\":\"https:\/\/seryhumano.com\/web\/#\/schema\/logo\/image\/\"},\"sameAs\":[\"https:\/\/www.facebook.com\/seryhumano\/\",\"https:\/\/x.com\/SeryHumano\",\"https:\/\/www.instagram.com\/seryhumano\/\",\"https:\/\/www.linkedin.com\/company\/seryhumano-com\/\",\"https:\/\/www.youtube.com\/channel\/UCYfgIGSxygVnJAW0e9ZBZWg\"]},{\"@type\":\"Person\",\"@id\":\"https:\/\/seryhumano.com\/web\/#\/schema\/person\/fd30e8e0b394a62344b44d9b0fe75795\",\"name\":\"@herrera_yosmar\",\"description\":\"Eterna enamorada de la vida, comunicadora, mam\u00e1 de tres\",\"sameAs\":[\"http:\/\/seryhumano.com\"],\"url\":\"https:\/\/seryhumano.com\/web\/?author=2\"}]}<\/script>\n<!-- \/ Yoast SEO plugin. -->","yoast_head_json":{"title":"\u201cPapita, Man\u00ed, Tost\u00f3n\u201d en Rep\u00fablica Dominicana","description":"\u201cLa distribuci\u00f3n internacional de \u201cPapita, Man\u00ed,Tost\u00f3n\u201d comienza en salas comerciales de Rep\u00fablica Dominicana el 13 de noviembre de este a\u00f1o, gracias a un acuerdo que hicimos con Cinema Caribbean, la cual es la empresa m\u00e1s importante de Rep\u00fablica Dominicana\u201d, as\u00ed lo dio a conocer para www.seryhumano.com Marianela Saleta, Distribution Vicepresident de Cines Unidos.","robots":{"index":"index","follow":"follow","max-snippet":"max-snippet:-1","max-image-preview":"max-image-preview:large","max-video-preview":"max-video-preview:-1"},"canonical":"https:\/\/seryhumano.com\/web\/?p=16137","og_locale":"es_ES","og_type":"article","og_title":"\u201cPapita, Man\u00ed, Tost\u00f3n\u201d en Rep\u00fablica Dominicana","og_description":"\u201cLa distribuci\u00f3n internacional de \u201cPapita, Man\u00ed,Tost\u00f3n\u201d comienza en salas comerciales de Rep\u00fablica Dominicana el 13 de noviembre de este a\u00f1o, gracias a un acuerdo que hicimos con Cinema Caribbean, la cual es la empresa m\u00e1s importante de Rep\u00fablica Dominicana\u201d, as\u00ed lo dio a conocer para www.seryhumano.com Marianela Saleta, Distribution Vicepresident de Cines Unidos.","og_url":"https:\/\/seryhumano.com\/web\/?p=16137","og_site_name":"SeryHumano.com","article_publisher":"https:\/\/www.facebook.com\/seryhumano\/","article_published_time":"2014-11-06T14:50:08+00:00","article_modified_time":"2014-11-07T19:44:03+00:00","og_image":[{"width":910,"height":227,"url":"https:\/\/seryhumano.com\/web\/wp-content\/uploads\/2014\/11\/featureslider7.jpg","type":"image\/jpeg"}],"author":"@herrera_yosmar","twitter_card":"summary_large_image","twitter_creator":"@SeryHumano","twitter_site":"@SeryHumano","twitter_misc":{"Escrito por":"@herrera_yosmar","Tiempo de lectura":"3 minutos"},"schema":{"@context":"https:\/\/schema.org","@graph":[{"@type":"Article","@id":"https:\/\/seryhumano.com\/web\/?p=16137#article","isPartOf":{"@id":"https:\/\/seryhumano.com\/web\/?p=16137"},"author":{"name":"@herrera_yosmar","@id":"https:\/\/seryhumano.com\/web\/#\/schema\/person\/fd30e8e0b394a62344b44d9b0fe75795"},"headline":"\u201cPapita, Man\u00ed, Tost\u00f3n\u201d en Rep\u00fablica Dominicana","datePublished":"2014-11-06T14:50:08+00:00","dateModified":"2014-11-07T19:44:03+00:00","mainEntityOfPage":{"@id":"https:\/\/seryhumano.com\/web\/?p=16137"},"wordCount":537,"publisher":{"@id":"https:\/\/seryhumano.com\/web\/#organization"},"image":{"@id":"https:\/\/seryhumano.com\/web\/?p=16137#primaryimage"},"thumbnailUrl":"https:\/\/seryhumano.com\/web\/wp-content\/uploads\/2014\/11\/featureslider7.jpg","keywords":["Slider"],"articleSection":["Ser Cin\u00e9filo"],"inLanguage":"es"},{"@type":"WebPage","@id":"https:\/\/seryhumano.com\/web\/?p=16137","url":"https:\/\/seryhumano.com\/web\/?p=16137","name":"\u201cPapita, Man\u00ed, Tost\u00f3n\u201d en Rep\u00fablica Dominicana","isPartOf":{"@id":"https:\/\/seryhumano.com\/web\/#website"},"primaryImageOfPage":{"@id":"https:\/\/seryhumano.com\/web\/?p=16137#primaryimage"},"image":{"@id":"https:\/\/seryhumano.com\/web\/?p=16137#primaryimage"},"thumbnailUrl":"https:\/\/seryhumano.com\/web\/wp-content\/uploads\/2014\/11\/featureslider7.jpg","datePublished":"2014-11-06T14:50:08+00:00","dateModified":"2014-11-07T19:44:03+00:00","description":"\u201cLa distribuci\u00f3n internacional de \u201cPapita, Man\u00ed,Tost\u00f3n\u201d comienza en salas comerciales de Rep\u00fablica Dominicana el 13 de noviembre de este a\u00f1o, gracias a un acuerdo que hicimos con Cinema Caribbean, la cual es la empresa m\u00e1s importante de Rep\u00fablica Dominicana\u201d, as\u00ed lo dio a conocer para www.seryhumano.com Marianela Saleta, Distribution Vicepresident de Cines Unidos.","breadcrumb":{"@id":"https:\/\/seryhumano.com\/web\/?p=16137#breadcrumb"},"inLanguage":"es","potentialAction":[{"@type":"ReadAction","target":["https:\/\/seryhumano.com\/web\/?p=16137"]}]},{"@type":"ImageObject","inLanguage":"es","@id":"https:\/\/seryhumano.com\/web\/?p=16137#primaryimage","url":"https:\/\/seryhumano.com\/web\/wp-content\/uploads\/2014\/11\/featureslider7.jpg","contentUrl":"https:\/\/seryhumano.com\/web\/wp-content\/uploads\/2014\/11\/featureslider7.jpg","width":910,"height":227},{"@type":"BreadcrumbList","@id":"https:\/\/seryhumano.com\/web\/?p=16137#breadcrumb","itemListElement":[{"@type":"ListItem","position":1,"name":"Portada","item":"https:\/\/seryhumano.com\/web\/"},{"@type":"ListItem","position":2,"name":"\u201cPapita, Man\u00ed, Tost\u00f3n\u201d en Rep\u00fablica Dominicana"}]},{"@type":"WebSite","@id":"https:\/\/seryhumano.com\/web\/#website","url":"https:\/\/seryhumano.com\/web\/","name":"SeryHumano.com","description":"Revista digital muy humana, donde lo mas importante es el Ser...","publisher":{"@id":"https:\/\/seryhumano.com\/web\/#organization"},"potentialAction":[{"@type":"SearchAction","target":{"@type":"EntryPoint","urlTemplate":"https:\/\/seryhumano.com\/web\/?s={search_term_string}"},"query-input":{"@type":"PropertyValueSpecification","valueRequired":true,"valueName":"search_term_string"}}],"inLanguage":"es"},{"@type":"Organization","@id":"https:\/\/seryhumano.com\/web\/#organization","name":"SeryHumano.com","url":"https:\/\/seryhumano.com\/web\/","logo":{"@type":"ImageObject","inLanguage":"es","@id":"https:\/\/seryhumano.com\/web\/#\/schema\/logo\/image\/","url":"https:\/\/seryhumano.com\/web\/wp-content\/uploads\/2020\/02\/JNe5VRwH_400x400-2.jpg","contentUrl":"https:\/\/seryhumano.com\/web\/wp-content\/uploads\/2020\/02\/JNe5VRwH_400x400-2.jpg","width":400,"height":400,"caption":"SeryHumano.com"},"image":{"@id":"https:\/\/seryhumano.com\/web\/#\/schema\/logo\/image\/"},"sameAs":["https:\/\/www.facebook.com\/seryhumano\/","https:\/\/x.com\/SeryHumano","https:\/\/www.instagram.com\/seryhumano\/","https:\/\/www.linkedin.com\/company\/seryhumano-com\/","https:\/\/www.youtube.com\/channel\/UCYfgIGSxygVnJAW0e9ZBZWg"]},{"@type":"Person","@id":"https:\/\/seryhumano.com\/web\/#\/schema\/person\/fd30e8e0b394a62344b44d9b0fe75795","name":"@herrera_yosmar","description":"Eterna enamorada de la vida, comunicadora, mam\u00e1 de tres","sameAs":["http:\/\/seryhumano.com"],"url":"https:\/\/seryhumano.com\/web\/?author=2"}]}},"_links":{"self":[{"href":"https:\/\/seryhumano.com\/web\/index.php?rest_route=\/wp\/v2\/posts\/16137","targetHints":{"allow":["GET"]}}],"collection":[{"href":"https:\/\/seryhumano.com\/web\/index.php?rest_route=\/wp\/v2\/posts"}],"about":[{"href":"https:\/\/seryhumano.com\/web\/index.php?rest_route=\/wp\/v2\/types\/post"}],"author":[{"embeddable":true,"href":"https:\/\/seryhumano.com\/web\/index.php?rest_route=\/wp\/v2\/users\/2"}],"replies":[{"embeddable":true,"href":"https:\/\/seryhumano.com\/web\/index.php?rest_route=%2Fwp%2Fv2%2Fcomments&post=16137"}],"version-history":[{"count":0,"href":"https:\/\/seryhumano.com\/web\/index.php?rest_route=\/wp\/v2\/posts\/16137\/revisions"}],"wp:featuredmedia":[{"embeddable":true,"href":"https:\/\/seryhumano.com\/web\/index.php?rest_route=\/wp\/v2\/media\/16147"}],"wp:attachment":[{"href":"https:\/\/seryhumano.com\/web\/index.php?rest_route=%2Fwp%2Fv2%2Fmedia&parent=16137"}],"wp:term":[{"taxonomy":"category","embeddable":true,"href":"https:\/\/seryhumano.com\/web\/index.php?rest_route=%2Fwp%2Fv2%2Fcategories&post=16137"},{"taxonomy":"post_tag","embeddable":true,"href":"https:\/\/seryhumano.com\/web\/index.php?rest_route=%2Fwp%2Fv2%2Ftags&post=16137"}],"curies":[{"name":"wp","href":"https:\/\/api.w.org\/{rel}","templated":true}]}}