{"id":16725,"date":"2014-12-10T17:30:04","date_gmt":"2014-12-10T22:00:04","guid":{"rendered":"https:\/\/seryhumano.com\/web\/?p=16725"},"modified":"2014-12-11T05:29:54","modified_gmt":"2014-12-11T09:59:54","slug":"diciembre-un-mes-para-perder-la-razon-en-juana-la-loca","status":"publish","type":"post","link":"https:\/\/seryhumano.com\/web\/?p=16725","title":{"rendered":"Diciembre, un mes para perder la raz\u00f3n en Juana La Loca"},"content":{"rendered":"<p><img loading=\"lazy\" decoding=\"async\" class=\"alignright wp-image-16727 size-medium\" src=\"https:\/\/seryhumano.com\/web\/wp-content\/uploads\/2014\/12\/ESPACIOS-HILC-200x300.jpeg\" alt=\"ESPACIOS HILC\" width=\"200\" height=\"300\" srcset=\"https:\/\/seryhumano.com\/web\/wp-content\/uploads\/2014\/12\/ESPACIOS-HILC-200x300.jpeg 200w, https:\/\/seryhumano.com\/web\/wp-content\/uploads\/2014\/12\/ESPACIOS-HILC-683x1024.jpeg 683w, https:\/\/seryhumano.com\/web\/wp-content\/uploads\/2014\/12\/ESPACIOS-HILC.jpeg 854w\" sizes=\"auto, (max-width: 200px) 100vw, 200px\" \/>Diciembre, un mes para perder la raz\u00f3n en Juana La Loca. A un a\u00f1o de su apertura y en el marco de las fiestas de fin de a\u00f1o, el Hotel Boutique Isabel La Cat\u00f3lica ofrecer\u00e1 en su restaurante gratas sorpresas con invitados especiales y un concierto \u00edntimo con la s\u00faper banda Guaco El 11 de diciembre el Hotel Boutique Isabel la Cat\u00f3lica celebra su primer exitoso aniversario como el sitio predilecto para quienes desean disfrutar de todas las bondades de la Isla de Margarita, en un espacio donde el lujo, el confort y atenci\u00f3n personalizada se conjugan de manera perfecta, brindando una experiencia digna de la Realeza. En el marco del primer aniversario, han organizado en su restaurante Juana La loca una semana llena de sorpresas que sirve de abreboca a todo lo que tienen preparado con motivo de las fiestas decembrinas.<\/p>\n<p><img loading=\"lazy\" decoding=\"async\" class=\"alignleft wp-image-16728 size-medium\" src=\"https:\/\/seryhumano.com\/web\/wp-content\/uploads\/2014\/12\/Isabellacatolica_18-201x300.jpeg\" alt=\"Isabellacatolica_18\" width=\"201\" height=\"300\" srcset=\"https:\/\/seryhumano.com\/web\/wp-content\/uploads\/2014\/12\/Isabellacatolica_18-201x300.jpeg 201w, https:\/\/seryhumano.com\/web\/wp-content\/uploads\/2014\/12\/Isabellacatolica_18.jpeg 567w\" sizes=\"auto, (max-width: 201px) 100vw, 201px\" \/>Gastronom\u00eda, arte y m\u00fasica deleitar\u00e1n a hu\u00e9spedes y visitantes en Juana La Loca, un lugar cuya propuesta fue concebida para \u201cdejarse llevar por los sabores y perder un poco la raz\u00f3n\u201d. Vanguardista e inspirador, el restaurante se ha consolidado como un templo sibarita que rescata el valor local \u2013alimentos, talentos, artistas- elev\u00e1ndolo con los m\u00e1s altos est\u00e1ndares mundiales. As\u00ed llegan las \u201cNoches de Juana\u201d con sus invitados exclusivos. El talentoso chef V\u00edctor Moreno avivar\u00e1 los fogones con su cocina criolla de alto nivel en una cena especial destinada a complacer hasta los paladares m\u00e1s exigentes la noche del s\u00e1bado 6 de diciembre. La segunda semana de diciembre el joven chef Christian Paris, jefe de cocina del reconocido restaurante Le Gourmet, ser\u00e1 el encargado de brindar una cena degustaci\u00f3n de ocho pasos cargado de sabores del mar e innovaci\u00f3n.<\/p>\n<p>Tambi\u00e9n se llevar\u00e1 a cabo una segunda edici\u00f3n de \u201cFood &amp; Beats\u201d, un concepto vanguardista en el que un Dj acompa\u00f1a cada uno de los platos a servir, para un maridaje especial de la cena para satisfacer los cinco sentidos de los comensales. Finalizada la semana aniversario Juana La Loca se prepara para celebrar la Navidad y recibir el A\u00f1o Nuevo. Dos cenas especiales, el 24 y 31 de diciembre, junto a un brunch el primero de enero, servir\u00e1n para que los hu\u00e9spedes del hotel y sus invitados disfruten de un momento exclusivo para agradecer los buenos frutos recogidos en estos doce meses, reanudar esperanzas y recibir el 2015 con los brazos abiertos y las esperanzas intactas.<\/p>\n<p><img loading=\"lazy\" decoding=\"async\" class=\"alignright wp-image-16729 size-medium\" src=\"https:\/\/seryhumano.com\/web\/wp-content\/uploads\/2014\/12\/IMG_0922-300x200.jpeg\" alt=\"IMG_0922\" width=\"300\" height=\"200\" srcset=\"https:\/\/seryhumano.com\/web\/wp-content\/uploads\/2014\/12\/IMG_0922-300x200.jpeg 300w, https:\/\/seryhumano.com\/web\/wp-content\/uploads\/2014\/12\/IMG_0922-1024x683.jpeg 1024w, https:\/\/seryhumano.com\/web\/wp-content\/uploads\/2014\/12\/IMG_0922.jpeg 1280w\" sizes=\"auto, (max-width: 300px) 100vw, 300px\" \/><\/p>\n<p>Para cerrar el a\u00f1o, el 28 de diciembre, Guaco, la s\u00faper banda de Venezuela, regresa nuevamente para ofrecer un concierto en la intimidad s\u00f3lo para 80 personas, en un grato ambiente rodeados de la belleza, el lujo y pasi\u00f3n de Juana La Loca. Una experiencia \u00fanica para disfrutar del talento y los grandes \u00e9xitos de esta agrupaci\u00f3n considerada \u00edcono del pentagrama musical del pa\u00eds. Con todos estos eventos el Hotel Boutique Isabel La Cat\u00f3lica agradece la preferencia de sus visitantes, quienes en apenas un a\u00f1o lo han consolidado como la mejor opci\u00f3n en Pampatar, y ratifica su misi\u00f3n de ofrecer a cada uno de sus hu\u00e9spedes un refugio digno de Reyes.<\/p>\n<p><a href=\"https:\/\/seryhumano.com\/web\/wp-content\/uploads\/2014\/12\/Isabellacatolica_18.jpeg\">\u00a0<\/a><\/p>\n<p>seryhumano.com<br \/>\nNota de Prensa<\/p>\n","protected":false},"excerpt":{"rendered":"<p>Diciembre, un mes para perder la raz\u00f3n en Juana La Loca. A un a\u00f1o de su apertura y en el marco de las fiestas de fin de a\u00f1o, el Hotel Boutique Isabel La Cat\u00f3lica ofrecer\u00e1 en su restaurante gratas sorpresas con invitados especiales y un concierto \u00edntimo con la s\u00faper banda Guaco El 11 de&hellip;<\/p>\n","protected":false},"author":248,"featured_media":16731,"comment_status":"closed","ping_status":"closed","sticky":false,"template":"","format":"standard","meta":{"footnotes":""},"categories":[127],"tags":[],"class_list":["post-16725","post","type-post","status-publish","format-standard","has-post-thumbnail","hentry","category-corporativo","category-127","description-off"],"yoast_head":"<!-- This site is optimized with the Yoast SEO plugin v25.4 - https:\/\/yoast.com\/wordpress\/plugins\/seo\/ -->\n<title>Diciembre, un mes para perder la raz\u00f3n en Juana La Loca<\/title>\n<meta name=\"robots\" content=\"index, follow, max-snippet:-1, max-image-preview:large, max-video-preview:-1\" \/>\n<link rel=\"canonical\" href=\"https:\/\/seryhumano.com\/web\/?p=16725\" \/>\n<meta property=\"og:locale\" content=\"es_ES\" \/>\n<meta property=\"og:type\" content=\"article\" \/>\n<meta property=\"og:title\" content=\"Diciembre, un mes para perder la raz\u00f3n en Juana La Loca\" \/>\n<meta property=\"og:description\" content=\"Diciembre, un mes para perder la raz\u00f3n en Juana La Loca. A un a\u00f1o de su apertura y en el marco de las fiestas de fin de a\u00f1o, el Hotel Boutique Isabel La Cat\u00f3lica ofrecer\u00e1 en su restaurante gratas sorpresas con invitados especiales y un concierto \u00edntimo con la s\u00faper banda Guaco El 11 de&hellip;\" \/>\n<meta property=\"og:url\" content=\"https:\/\/seryhumano.com\/web\/?p=16725\" \/>\n<meta property=\"og:site_name\" content=\"SeryHumano.com\" \/>\n<meta property=\"article:publisher\" content=\"https:\/\/www.facebook.com\/seryhumano\/\" \/>\n<meta property=\"article:published_time\" content=\"2014-12-10T22:00:04+00:00\" \/>\n<meta property=\"article:modified_time\" content=\"2014-12-11T09:59:54+00:00\" \/>\n<meta property=\"og:image\" content=\"https:\/\/seryhumano.com\/web\/wp-content\/uploads\/2014\/12\/featureslider30.jpg\" \/>\n\t<meta property=\"og:image:width\" content=\"910\" \/>\n\t<meta property=\"og:image:height\" content=\"227\" \/>\n\t<meta property=\"og:image:type\" content=\"image\/jpeg\" \/>\n<meta name=\"author\" content=\"Nancy Pi\u00f1ero\" \/>\n<meta name=\"twitter:card\" content=\"summary_large_image\" \/>\n<meta name=\"twitter:creator\" content=\"@SeryHumano\" \/>\n<meta name=\"twitter:site\" content=\"@SeryHumano\" \/>\n<meta name=\"twitter:label1\" content=\"Escrito por\" \/>\n\t<meta name=\"twitter:data1\" content=\"Nancy Pi\u00f1ero\" \/>\n\t<meta name=\"twitter:label2\" content=\"Tiempo de lectura\" \/>\n\t<meta name=\"twitter:data2\" content=\"3 minutos\" \/>\n<script type=\"application\/ld+json\" class=\"yoast-schema-graph\">{\"@context\":\"https:\/\/schema.org\",\"@graph\":[{\"@type\":\"Article\",\"@id\":\"https:\/\/seryhumano.com\/web\/?p=16725#article\",\"isPartOf\":{\"@id\":\"https:\/\/seryhumano.com\/web\/?p=16725\"},\"author\":{\"name\":\"Nancy Pi\u00f1ero\",\"@id\":\"https:\/\/seryhumano.com\/web\/#\/schema\/person\/9433ad4560200eba32878567584d7aa0\"},\"headline\":\"Diciembre, un mes para perder la raz\u00f3n en Juana La Loca\",\"datePublished\":\"2014-12-10T22:00:04+00:00\",\"dateModified\":\"2014-12-11T09:59:54+00:00\",\"mainEntityOfPage\":{\"@id\":\"https:\/\/seryhumano.com\/web\/?p=16725\"},\"wordCount\":555,\"publisher\":{\"@id\":\"https:\/\/seryhumano.com\/web\/#organization\"},\"image\":{\"@id\":\"https:\/\/seryhumano.com\/web\/?p=16725#primaryimage\"},\"thumbnailUrl\":\"https:\/\/seryhumano.com\/web\/wp-content\/uploads\/2014\/12\/featureslider30.jpg\",\"articleSection\":[\"Ser Corporativo\"],\"inLanguage\":\"es\"},{\"@type\":\"WebPage\",\"@id\":\"https:\/\/seryhumano.com\/web\/?p=16725\",\"url\":\"https:\/\/seryhumano.com\/web\/?p=16725\",\"name\":\"Diciembre, un mes para perder la raz\u00f3n en Juana La Loca\",\"isPartOf\":{\"@id\":\"https:\/\/seryhumano.com\/web\/#website\"},\"primaryImageOfPage\":{\"@id\":\"https:\/\/seryhumano.com\/web\/?p=16725#primaryimage\"},\"image\":{\"@id\":\"https:\/\/seryhumano.com\/web\/?p=16725#primaryimage\"},\"thumbnailUrl\":\"https:\/\/seryhumano.com\/web\/wp-content\/uploads\/2014\/12\/featureslider30.jpg\",\"datePublished\":\"2014-12-10T22:00:04+00:00\",\"dateModified\":\"2014-12-11T09:59:54+00:00\",\"breadcrumb\":{\"@id\":\"https:\/\/seryhumano.com\/web\/?p=16725#breadcrumb\"},\"inLanguage\":\"es\",\"potentialAction\":[{\"@type\":\"ReadAction\",\"target\":[\"https:\/\/seryhumano.com\/web\/?p=16725\"]}]},{\"@type\":\"ImageObject\",\"inLanguage\":\"es\",\"@id\":\"https:\/\/seryhumano.com\/web\/?p=16725#primaryimage\",\"url\":\"https:\/\/seryhumano.com\/web\/wp-content\/uploads\/2014\/12\/featureslider30.jpg\",\"contentUrl\":\"https:\/\/seryhumano.com\/web\/wp-content\/uploads\/2014\/12\/featureslider30.jpg\",\"width\":910,\"height\":227},{\"@type\":\"BreadcrumbList\",\"@id\":\"https:\/\/seryhumano.com\/web\/?p=16725#breadcrumb\",\"itemListElement\":[{\"@type\":\"ListItem\",\"position\":1,\"name\":\"Portada\",\"item\":\"https:\/\/seryhumano.com\/web\/\"},{\"@type\":\"ListItem\",\"position\":2,\"name\":\"Diciembre, un mes para perder la raz\u00f3n en Juana La Loca\"}]},{\"@type\":\"WebSite\",\"@id\":\"https:\/\/seryhumano.com\/web\/#website\",\"url\":\"https:\/\/seryhumano.com\/web\/\",\"name\":\"SeryHumano.com\",\"description\":\"Revista digital muy humana, donde lo mas importante es el Ser...\",\"publisher\":{\"@id\":\"https:\/\/seryhumano.com\/web\/#organization\"},\"potentialAction\":[{\"@type\":\"SearchAction\",\"target\":{\"@type\":\"EntryPoint\",\"urlTemplate\":\"https:\/\/seryhumano.com\/web\/?s={search_term_string}\"},\"query-input\":{\"@type\":\"PropertyValueSpecification\",\"valueRequired\":true,\"valueName\":\"search_term_string\"}}],\"inLanguage\":\"es\"},{\"@type\":\"Organization\",\"@id\":\"https:\/\/seryhumano.com\/web\/#organization\",\"name\":\"SeryHumano.com\",\"url\":\"https:\/\/seryhumano.com\/web\/\",\"logo\":{\"@type\":\"ImageObject\",\"inLanguage\":\"es\",\"@id\":\"https:\/\/seryhumano.com\/web\/#\/schema\/logo\/image\/\",\"url\":\"https:\/\/seryhumano.com\/web\/wp-content\/uploads\/2020\/02\/JNe5VRwH_400x400-2.jpg\",\"contentUrl\":\"https:\/\/seryhumano.com\/web\/wp-content\/uploads\/2020\/02\/JNe5VRwH_400x400-2.jpg\",\"width\":400,\"height\":400,\"caption\":\"SeryHumano.com\"},\"image\":{\"@id\":\"https:\/\/seryhumano.com\/web\/#\/schema\/logo\/image\/\"},\"sameAs\":[\"https:\/\/www.facebook.com\/seryhumano\/\",\"https:\/\/x.com\/SeryHumano\",\"https:\/\/www.instagram.com\/seryhumano\/\",\"https:\/\/www.linkedin.com\/company\/seryhumano-com\/\",\"https:\/\/www.youtube.com\/channel\/UCYfgIGSxygVnJAW0e9ZBZWg\"]},{\"@type\":\"Person\",\"@id\":\"https:\/\/seryhumano.com\/web\/#\/schema\/person\/9433ad4560200eba32878567584d7aa0\",\"name\":\"Nancy Pi\u00f1ero\",\"sameAs\":[\"http:\/\/perfectocodex.com\"],\"url\":\"https:\/\/seryhumano.com\/web\/?author=248\"}]}<\/script>\n<!-- \/ Yoast SEO plugin. -->","yoast_head_json":{"title":"Diciembre, un mes para perder la raz\u00f3n en Juana La Loca","robots":{"index":"index","follow":"follow","max-snippet":"max-snippet:-1","max-image-preview":"max-image-preview:large","max-video-preview":"max-video-preview:-1"},"canonical":"https:\/\/seryhumano.com\/web\/?p=16725","og_locale":"es_ES","og_type":"article","og_title":"Diciembre, un mes para perder la raz\u00f3n en Juana La Loca","og_description":"Diciembre, un mes para perder la raz\u00f3n en Juana La Loca. A un a\u00f1o de su apertura y en el marco de las fiestas de fin de a\u00f1o, el Hotel Boutique Isabel La Cat\u00f3lica ofrecer\u00e1 en su restaurante gratas sorpresas con invitados especiales y un concierto \u00edntimo con la s\u00faper banda Guaco El 11 de&hellip;","og_url":"https:\/\/seryhumano.com\/web\/?p=16725","og_site_name":"SeryHumano.com","article_publisher":"https:\/\/www.facebook.com\/seryhumano\/","article_published_time":"2014-12-10T22:00:04+00:00","article_modified_time":"2014-12-11T09:59:54+00:00","og_image":[{"width":910,"height":227,"url":"https:\/\/seryhumano.com\/web\/wp-content\/uploads\/2014\/12\/featureslider30.jpg","type":"image\/jpeg"}],"author":"Nancy Pi\u00f1ero","twitter_card":"summary_large_image","twitter_creator":"@SeryHumano","twitter_site":"@SeryHumano","twitter_misc":{"Escrito por":"Nancy Pi\u00f1ero","Tiempo de lectura":"3 minutos"},"schema":{"@context":"https:\/\/schema.org","@graph":[{"@type":"Article","@id":"https:\/\/seryhumano.com\/web\/?p=16725#article","isPartOf":{"@id":"https:\/\/seryhumano.com\/web\/?p=16725"},"author":{"name":"Nancy Pi\u00f1ero","@id":"https:\/\/seryhumano.com\/web\/#\/schema\/person\/9433ad4560200eba32878567584d7aa0"},"headline":"Diciembre, un mes para perder la raz\u00f3n en Juana La Loca","datePublished":"2014-12-10T22:00:04+00:00","dateModified":"2014-12-11T09:59:54+00:00","mainEntityOfPage":{"@id":"https:\/\/seryhumano.com\/web\/?p=16725"},"wordCount":555,"publisher":{"@id":"https:\/\/seryhumano.com\/web\/#organization"},"image":{"@id":"https:\/\/seryhumano.com\/web\/?p=16725#primaryimage"},"thumbnailUrl":"https:\/\/seryhumano.com\/web\/wp-content\/uploads\/2014\/12\/featureslider30.jpg","articleSection":["Ser Corporativo"],"inLanguage":"es"},{"@type":"WebPage","@id":"https:\/\/seryhumano.com\/web\/?p=16725","url":"https:\/\/seryhumano.com\/web\/?p=16725","name":"Diciembre, un mes para perder la raz\u00f3n en Juana La Loca","isPartOf":{"@id":"https:\/\/seryhumano.com\/web\/#website"},"primaryImageOfPage":{"@id":"https:\/\/seryhumano.com\/web\/?p=16725#primaryimage"},"image":{"@id":"https:\/\/seryhumano.com\/web\/?p=16725#primaryimage"},"thumbnailUrl":"https:\/\/seryhumano.com\/web\/wp-content\/uploads\/2014\/12\/featureslider30.jpg","datePublished":"2014-12-10T22:00:04+00:00","dateModified":"2014-12-11T09:59:54+00:00","breadcrumb":{"@id":"https:\/\/seryhumano.com\/web\/?p=16725#breadcrumb"},"inLanguage":"es","potentialAction":[{"@type":"ReadAction","target":["https:\/\/seryhumano.com\/web\/?p=16725"]}]},{"@type":"ImageObject","inLanguage":"es","@id":"https:\/\/seryhumano.com\/web\/?p=16725#primaryimage","url":"https:\/\/seryhumano.com\/web\/wp-content\/uploads\/2014\/12\/featureslider30.jpg","contentUrl":"https:\/\/seryhumano.com\/web\/wp-content\/uploads\/2014\/12\/featureslider30.jpg","width":910,"height":227},{"@type":"BreadcrumbList","@id":"https:\/\/seryhumano.com\/web\/?p=16725#breadcrumb","itemListElement":[{"@type":"ListItem","position":1,"name":"Portada","item":"https:\/\/seryhumano.com\/web\/"},{"@type":"ListItem","position":2,"name":"Diciembre, un mes para perder la raz\u00f3n en Juana La Loca"}]},{"@type":"WebSite","@id":"https:\/\/seryhumano.com\/web\/#website","url":"https:\/\/seryhumano.com\/web\/","name":"SeryHumano.com","description":"Revista digital muy humana, donde lo mas importante es el Ser...","publisher":{"@id":"https:\/\/seryhumano.com\/web\/#organization"},"potentialAction":[{"@type":"SearchAction","target":{"@type":"EntryPoint","urlTemplate":"https:\/\/seryhumano.com\/web\/?s={search_term_string}"},"query-input":{"@type":"PropertyValueSpecification","valueRequired":true,"valueName":"search_term_string"}}],"inLanguage":"es"},{"@type":"Organization","@id":"https:\/\/seryhumano.com\/web\/#organization","name":"SeryHumano.com","url":"https:\/\/seryhumano.com\/web\/","logo":{"@type":"ImageObject","inLanguage":"es","@id":"https:\/\/seryhumano.com\/web\/#\/schema\/logo\/image\/","url":"https:\/\/seryhumano.com\/web\/wp-content\/uploads\/2020\/02\/JNe5VRwH_400x400-2.jpg","contentUrl":"https:\/\/seryhumano.com\/web\/wp-content\/uploads\/2020\/02\/JNe5VRwH_400x400-2.jpg","width":400,"height":400,"caption":"SeryHumano.com"},"image":{"@id":"https:\/\/seryhumano.com\/web\/#\/schema\/logo\/image\/"},"sameAs":["https:\/\/www.facebook.com\/seryhumano\/","https:\/\/x.com\/SeryHumano","https:\/\/www.instagram.com\/seryhumano\/","https:\/\/www.linkedin.com\/company\/seryhumano-com\/","https:\/\/www.youtube.com\/channel\/UCYfgIGSxygVnJAW0e9ZBZWg"]},{"@type":"Person","@id":"https:\/\/seryhumano.com\/web\/#\/schema\/person\/9433ad4560200eba32878567584d7aa0","name":"Nancy Pi\u00f1ero","sameAs":["http:\/\/perfectocodex.com"],"url":"https:\/\/seryhumano.com\/web\/?author=248"}]}},"_links":{"self":[{"href":"https:\/\/seryhumano.com\/web\/index.php?rest_route=\/wp\/v2\/posts\/16725","targetHints":{"allow":["GET"]}}],"collection":[{"href":"https:\/\/seryhumano.com\/web\/index.php?rest_route=\/wp\/v2\/posts"}],"about":[{"href":"https:\/\/seryhumano.com\/web\/index.php?rest_route=\/wp\/v2\/types\/post"}],"author":[{"embeddable":true,"href":"https:\/\/seryhumano.com\/web\/index.php?rest_route=\/wp\/v2\/users\/248"}],"replies":[{"embeddable":true,"href":"https:\/\/seryhumano.com\/web\/index.php?rest_route=%2Fwp%2Fv2%2Fcomments&post=16725"}],"version-history":[{"count":0,"href":"https:\/\/seryhumano.com\/web\/index.php?rest_route=\/wp\/v2\/posts\/16725\/revisions"}],"wp:featuredmedia":[{"embeddable":true,"href":"https:\/\/seryhumano.com\/web\/index.php?rest_route=\/wp\/v2\/media\/16731"}],"wp:attachment":[{"href":"https:\/\/seryhumano.com\/web\/index.php?rest_route=%2Fwp%2Fv2%2Fmedia&parent=16725"}],"wp:term":[{"taxonomy":"category","embeddable":true,"href":"https:\/\/seryhumano.com\/web\/index.php?rest_route=%2Fwp%2Fv2%2Fcategories&post=16725"},{"taxonomy":"post_tag","embeddable":true,"href":"https:\/\/seryhumano.com\/web\/index.php?rest_route=%2Fwp%2Fv2%2Ftags&post=16725"}],"curies":[{"name":"wp","href":"https:\/\/api.w.org\/{rel}","templated":true}]}}