{"id":16877,"date":"2014-12-15T04:23:22","date_gmt":"2014-12-15T08:53:22","guid":{"rendered":"https:\/\/seryhumano.com\/web\/?p=16877"},"modified":"2014-12-15T13:25:27","modified_gmt":"2014-12-15T17:55:27","slug":"fracase-si-a-los-40-no-soy-lo-que-sonaba-ser","status":"publish","type":"post","link":"https:\/\/seryhumano.com\/web\/?p=16877","title":{"rendered":"\u00bfFracas\u00e9 si a los 40 no soy lo que so\u00f1aba ser?"},"content":{"rendered":"<p>Hace algunas semanas, durante la conversaci\u00f3n con un buen amigo, a quien adem\u00e1s aprecio por su inteligencia y calidad humana, surgi\u00f3 esta pregunta: <em>\u00ab\u00bfEs cierto que uno deber\u00eda haber alcanzado la cima de su carrera a los 40 a\u00f1os?<\/em>\u00ab<a href=\"https:\/\/seryhumano.com\/web\/?attachment_id=16878\" rel=\"attachment wp-att-16878\"><img loading=\"lazy\" decoding=\"async\" class=\"alignright size-full wp-image-16878\" src=\"https:\/\/seryhumano.com\/web\/wp-content\/uploads\/2014\/12\/los-40.jpg\" alt=\"los 40\" width=\"278\" height=\"182\" \/><\/a><\/p>\n<p>Pese a dar una respuesta en ese momento, la pregunta me dej\u00f3 pensando&#8230;<\/p>\n<p>Analicemos el tema un poco m\u00e1s<\/p>\n<p><strong>\u00bfEn qu\u00e9 momento nos trazamos una meta de ese tipo?<\/strong><\/p>\n<p>Usualmente, las personas terminamos el colegio entre los 17 y los 18 a\u00f1os, dependiendo del sistema educativo y el pa\u00eds en el que estemos. Luego, vienen los estudios superiores y &#8211; nuevamente, dependiendo del pa\u00eds &#8211; entre los 22 y los 25 a\u00f1os estamos obteniendo un t\u00edtulo universitario y comenzando nuestras carreras profesionales, las cuales incluir\u00e1n estudios de postgrado alrededor de los 30 &#8211; 32 a\u00f1os y posiciones gerenciales algunos a\u00f1os tras eso, es decir, entre los 36 y los 38 a\u00f1os.<\/p>\n<p>\u00bfVerdad?<\/p>\n<p>No, no es verdad.<\/p>\n<p>Lo \u00fanico cierto de la afirmaci\u00f3n anterior es que los sue\u00f1os y las aspiraciones profesionales las empezamos a trazar en alg\u00fan lugar entre los quince y los veinte a\u00f1os. Es una \u00e9poca en la que nos imaginamos todo tipo de cosas, desde ser un reconocido artista o deportista hasta ser un exitoso empresario o cient\u00edfico.<\/p>\n<p>Ciertamente, la mayor\u00eda de las personas, independientemente de lo que sue\u00f1en, se ven veinte a\u00f1os despu\u00e9s como alguien de \u00e9xito y de provecho.<\/p>\n<p><strong>\u00a1Eso es fant\u00e1stico! Entonces, \u00bfqu\u00e9 pasa con la afirmaci\u00f3n anterior?<\/strong><\/p>\n<p>Sentir que no progresamos en nuestras carreras profesionales es algo frecuente, pero usualmente analizado desde la perspectiva incorrecta,\u00a0 pues se trata de la forma de pensar de un grupo espec\u00edfico de la poblaci\u00f3n. La cronolog\u00eda narrada, hace referencia \u00fanicamente a personas que aspiraron a ser gerentes o empresarios y que tuvieron la suerte de seguir estudios universitarios o t\u00e9cnicos. Estas personas, en el mundo de habla hispana, representan un porcentaje relativamente peque\u00f1o de la poblaci\u00f3n (seg\u00fan un Estudio de SITEAL en 2005, en una muestra de pa\u00edses latinoamericanos, a penas entre el 11% y el 40% de las personas entre 18 y 29 a\u00f1os hab\u00edan terminado la secundaria, de los cuales, entre el 40% y el 70% &#8211; dependiendo del pa\u00eds &#8211; segu\u00edan estudios superiores; sin contar el alto porcentaje de abandono en general).<\/p>\n<p>Con esas estad\u00edsticas juzgar el \u00e9xito a los 40 a\u00f1os por la posici\u00f3n jer\u00e1rquica que ocupan las personas a los 40 a\u00f1os en las empresas, empieza a ser una mala idea.<\/p>\n<p><strong>\u00bfQu\u00e9 es lo que realmente importa?\u00a0<a href=\"https:\/\/seryhumano.com\/web\/?attachment_id=16881\" rel=\"attachment wp-att-16881\"><img loading=\"lazy\" decoding=\"async\" class=\"alignright size-medium wp-image-16881\" src=\"https:\/\/seryhumano.com\/web\/wp-content\/uploads\/2014\/12\/los-40.-300x288.jpg\" alt=\"los 40.\" width=\"300\" height=\"288\" srcset=\"https:\/\/seryhumano.com\/web\/wp-content\/uploads\/2014\/12\/los-40.-300x288.jpg 300w, https:\/\/seryhumano.com\/web\/wp-content\/uploads\/2014\/12\/los-40..jpg 500w\" sizes=\"auto, (max-width: 300px) 100vw, 300px\" \/><\/a><\/strong><\/p>\n<p>Lo importante, en mi opini\u00f3n es que, a los 20 a\u00f1os nos trazamos metas de largo plazo, pero 20 a\u00f1os despu\u00e9s muchas cosas y circunstancias podr\u00edan haber cambiado nuestras realidades, por lo que metas de este tipo tienen sentido solo en la medida de que las manejemos como meras referencias y las vayamos adaptando continuamente.<\/p>\n<p><strong>Entonces, \u00bfno importa d\u00f3nde est\u00e9 parado a los 40 a\u00f1os?<\/strong><\/p>\n<p>Pues s\u00ed, s\u00ed importa. Pero depende \u00fanicamente de d\u00f3nde est\u00e9s parado en relaci\u00f3n a las metas que t\u00fa mismo te trazaste a lo largo de tu vida. Si tu meta era ser gerente general y sigues siendo analista, pues, tienes un problema. El problema no es que no seas gerente general, \u00a1no! El problema es que tienes una meta que, en este momento, es irreal y no la has cambiado o adaptado a tu realidad de manera oportuna.<\/p>\n<p>Todas las metas tienen que ser realistas. La motivaci\u00f3n laboral de ser gerente general ser\u00e1 leg\u00edtima por el resto de tu vida, pero si tienes 39 a\u00f1os, eres analista y tu meta es ser gerente general a los 40, claramente, es algo irreal, que no va a pasar. Si no abres los ojos y act\u00faas con inteligencia, le har\u00e1s un da\u00f1o a tu \u00e1nimo y a tu autoestima.<\/p>\n<p>Uno debe trazarse metas todo el tiempo, en los tres niveles: familiar, personal y profesional.<\/p>\n<p>Esas metas deben ser de plazo inmediato, medio y largo, pero han de ser realistas y motivadoras. Lo que uno busca en la vida es ser feliz. Ese es el prop\u00f3sito m\u00e1ximo.<\/p>\n<p><strong>\u00bfC\u00f3mo debo ver las cosas entonces?<\/strong><\/p>\n<p>En mi opini\u00f3n, independientemente de si tienes 20, 25, 30, 40 o los a\u00f1os que sean, debes analizar tu vida siguiendo estos 6 pasos:<\/p>\n<p><em>Optimismo:<\/em> Debes verte a ti mismo, de manera positiva. Siempre debes tener una actitud positiva si quieres lograr tus metas.<\/p>\n<p><em>Entusiasmo:<\/em> La energ\u00eda que le pongas a todos tus planes y proyectos de vida ser\u00e1 clave para alcanzarlos y\/o para levantar la cabeza y saber reengancharte cuando las cosas no salgan como esperabas<\/p>\n<p><em>Tener metas<\/em>: Tus aspiraciones son claves. Es bueno trazarse una meta para dentro de veinte a\u00f1os, pero debes tener claro que, tan importante como esa meta son las de corto y mediano plazo.<\/p>\n<p><em>Planificar<\/em>: Una vez que traces tus metas, deber\u00e1s preparar un plan espec\u00edfico para lograrlas, de lo contrario, ser\u00e1n solo buenas intenciones y, cr\u00e9eme, en cinco a\u00f1os &#8211; que se pasan volando &#8211; no habr\u00e1s avanzado mucho. La motivaci\u00f3n laboral debe verse reflejada en un plan espec\u00edfico que te guiar\u00e1 d\u00eda a d\u00eda.<\/p>\n<p><em>Ejecutar<\/em>: Nada se logr\u00f3 en la vida sin trabajar duro. Debes aprender c\u00f3mo ser un l\u00edder que, primero que nada, se lidera a s\u00ed mismo.<\/p>\n<p><em>Saber pasar la p\u00e1gina<\/em>: A veces las cosas no salen como uno las planeaba, ya sea porque cambia el entorno, porque cambia uno o porque simplemente, la idea fue mala. Hay que saber lamerse las heridas a tiempo, limpiarse el polvo de los brazos, tomar aire, mirar hacia adelante y seguir por una nueva ruta. \u00a1No queda m\u00e1s remedio!<\/p>\n<p>Julio C\u00e9sar \u2013 el gran militar, estratega y dictador romano, se recriminaba a s\u00ed mismo, poco antes de su exitosa campa\u00f1a hasta el Rin en territorio germ\u00e1nico: \u00ab<em>Tengo m\u00e1s de 50 a\u00f1os y \u00bfqu\u00e9 he logrado?. \u00a1Nada! Alejandro Magno, a los 33 hab\u00eda conquistado el mundo y yo, a duras penas he derrotado a un grupo de b\u00e1rbaros<\/em>\u00bb &#8211; dec\u00eda en referencia a sus victorias contra los galos.<\/p>\n<p>Es interesante ver esto en retrospectiva, pues Julio C\u00e9sar se menospreciaba severamente (aunque su ego era gigantesco), pero la historia termin\u00f3 ubic\u00e1ndolo en el mismo sitial que a Alejandro Magno y m\u00e1s de 2000 a\u00f1os despu\u00e9s de su muerte, lo seguimos recordando como uno de los tres m\u00e1s grandes conquistadores y estrategas de la historia. Estoy seguro que esa meta, no se la traz\u00f3 ni en el m\u00e1s optimista de sus sue\u00f1os.<a href=\"https:\/\/seryhumano.com\/web\/?attachment_id=16882\" rel=\"attachment wp-att-16882\"><img loading=\"lazy\" decoding=\"async\" class=\"alignright size-medium wp-image-16882\" src=\"https:\/\/seryhumano.com\/web\/wp-content\/uploads\/2014\/12\/40..-300x225.jpg\" alt=\"40..\" width=\"300\" height=\"225\" srcset=\"https:\/\/seryhumano.com\/web\/wp-content\/uploads\/2014\/12\/40..-300x225.jpg 300w, https:\/\/seryhumano.com\/web\/wp-content\/uploads\/2014\/12\/40...jpg 590w\" sizes=\"auto, (max-width: 300px) 100vw, 300px\" \/><\/a><\/p>\n<p>En conclusi\u00f3n, las metas son algo personal y debes ir cumpliendo las tuyas para tener \u00e9xito en la vida. No es relevante lo que haga el resto. No es relevante cu\u00e1ndo el resto lo logr\u00f3. Lo \u00fanico verdaderamente importante es aquello que deseas t\u00fa y cu\u00e1ndo lo deseas.<\/p>\n<p>Para lograrlo, debes trabajar. Si est\u00e1s lejos de alcanzar tu meta y el plazo se est\u00e1 venciendo, pues debes girar el tim\u00f3n.<\/p>\n<p><strong>Una reflexi\u00f3n final<\/strong><\/p>\n<p>Si trabajas en una empresa, donde tus metas no se van a poder cumplir, pues debes evaluar seriamente, el dar un paso al costado. Muchas personas se quejan de que \u201c<em>la empresa no les da una l\u00ednea de carrera o desarrollo profesional<\/em>\u201d. Pues bien, no es deber de la empresa hacerlo, as\u00ed que en lugar de dejar tu futuro en manos de otros, toma el control y, si valoras tu vida, tu tiempo y tu trabajo, eval\u00faa un cambio de empresa o de profesi\u00f3n.<\/p>\n<p>&nbsp;<\/p>\n<p>seryhumano.com \/ Esteban Bedoya<br \/>\nFuente: cronicas-de-exito.blogspot.com<\/p>\n","protected":false},"excerpt":{"rendered":"<p>Hace algunas semanas, durante la conversaci\u00f3n con un buen amigo, a quien adem\u00e1s aprecio por su inteligencia y calidad humana, surgi\u00f3 esta pregunta: \u00ab\u00bfEs cierto que uno deber\u00eda haber alcanzado la cima de su carrera a los 40 a\u00f1os?\u00ab Pese a dar una respuesta en ese momento, la pregunta me dej\u00f3 pensando&#8230; Analicemos el tema&hellip;<\/p>\n","protected":false},"author":2,"featured_media":16912,"comment_status":"closed","ping_status":"closed","sticky":false,"template":"","format":"standard","meta":{"footnotes":""},"categories":[119],"tags":[143],"class_list":["post-16877","post","type-post","status-publish","format-standard","has-post-thumbnail","hentry","category-el-ser-y-yo","tag-concepto-del-proyecto","category-119","description-off"],"yoast_head":"<!-- This site is optimized with the Yoast SEO plugin v25.4 - https:\/\/yoast.com\/wordpress\/plugins\/seo\/ -->\n<title>\u00bfFracas\u00e9 si a los 40 no soy lo que so\u00f1aba ser?<\/title>\n<meta name=\"description\" content=\"Hace algunas semanas, durante la conversaci\u00f3n con un buen amigo, a quien adem\u00e1s aprecio por su inteligencia y calidad humana, surgi\u00f3 esta pregunta: &quot;\u00bfEs cierto que uno deber\u00eda haber alcanzado la cima de su carrera a los 40 a\u00f1os?&quot;los 40 Pese a dar una respuesta en ese momento, la pregunta me dej\u00f3 pensando...\" \/>\n<meta name=\"robots\" content=\"index, follow, max-snippet:-1, max-image-preview:large, max-video-preview:-1\" \/>\n<link rel=\"canonical\" href=\"https:\/\/seryhumano.com\/web\/?p=16877\" \/>\n<meta property=\"og:locale\" content=\"es_ES\" \/>\n<meta property=\"og:type\" content=\"article\" \/>\n<meta property=\"og:title\" content=\"\u00bfFracas\u00e9 si a los 40 no soy lo que so\u00f1aba ser?\" \/>\n<meta property=\"og:description\" content=\"Hace algunas semanas, durante la conversaci\u00f3n con un buen amigo, a quien adem\u00e1s aprecio por su inteligencia y calidad humana, surgi\u00f3 esta pregunta: &quot;\u00bfEs cierto que uno deber\u00eda haber alcanzado la cima de su carrera a los 40 a\u00f1os?&quot;los 40 Pese a dar una respuesta en ese momento, la pregunta me dej\u00f3 pensando...\" \/>\n<meta property=\"og:url\" content=\"https:\/\/seryhumano.com\/web\/?p=16877\" \/>\n<meta property=\"og:site_name\" content=\"SeryHumano.com\" \/>\n<meta property=\"article:publisher\" content=\"https:\/\/www.facebook.com\/seryhumano\/\" \/>\n<meta property=\"article:published_time\" content=\"2014-12-15T08:53:22+00:00\" \/>\n<meta property=\"article:modified_time\" content=\"2014-12-15T17:55:27+00:00\" \/>\n<meta property=\"og:image\" content=\"https:\/\/seryhumano.com\/web\/wp-content\/uploads\/2014\/12\/featureslider46.jpg\" \/>\n\t<meta property=\"og:image:width\" content=\"910\" \/>\n\t<meta property=\"og:image:height\" content=\"227\" \/>\n\t<meta property=\"og:image:type\" content=\"image\/jpeg\" \/>\n<meta name=\"author\" content=\"@herrera_yosmar\" \/>\n<meta name=\"twitter:card\" content=\"summary_large_image\" \/>\n<meta name=\"twitter:creator\" content=\"@SeryHumano\" \/>\n<meta name=\"twitter:site\" content=\"@SeryHumano\" \/>\n<meta name=\"twitter:label1\" content=\"Escrito por\" \/>\n\t<meta name=\"twitter:data1\" content=\"@herrera_yosmar\" \/>\n\t<meta name=\"twitter:label2\" content=\"Tiempo de lectura\" \/>\n\t<meta name=\"twitter:data2\" content=\"7 minutos\" \/>\n<script type=\"application\/ld+json\" class=\"yoast-schema-graph\">{\"@context\":\"https:\/\/schema.org\",\"@graph\":[{\"@type\":\"Article\",\"@id\":\"https:\/\/seryhumano.com\/web\/?p=16877#article\",\"isPartOf\":{\"@id\":\"https:\/\/seryhumano.com\/web\/?p=16877\"},\"author\":{\"name\":\"@herrera_yosmar\",\"@id\":\"https:\/\/seryhumano.com\/web\/#\/schema\/person\/fd30e8e0b394a62344b44d9b0fe75795\"},\"headline\":\"\u00bfFracas\u00e9 si a los 40 no soy lo que so\u00f1aba ser?\",\"datePublished\":\"2014-12-15T08:53:22+00:00\",\"dateModified\":\"2014-12-15T17:55:27+00:00\",\"mainEntityOfPage\":{\"@id\":\"https:\/\/seryhumano.com\/web\/?p=16877\"},\"wordCount\":1314,\"publisher\":{\"@id\":\"https:\/\/seryhumano.com\/web\/#organization\"},\"image\":{\"@id\":\"https:\/\/seryhumano.com\/web\/?p=16877#primaryimage\"},\"thumbnailUrl\":\"https:\/\/seryhumano.com\/web\/wp-content\/uploads\/2014\/12\/featureslider46.jpg\",\"keywords\":[\"Concepto del Proyecto\"],\"articleSection\":[\"El Ser y YO\"],\"inLanguage\":\"es\"},{\"@type\":\"WebPage\",\"@id\":\"https:\/\/seryhumano.com\/web\/?p=16877\",\"url\":\"https:\/\/seryhumano.com\/web\/?p=16877\",\"name\":\"\u00bfFracas\u00e9 si a los 40 no soy lo que so\u00f1aba ser?\",\"isPartOf\":{\"@id\":\"https:\/\/seryhumano.com\/web\/#website\"},\"primaryImageOfPage\":{\"@id\":\"https:\/\/seryhumano.com\/web\/?p=16877#primaryimage\"},\"image\":{\"@id\":\"https:\/\/seryhumano.com\/web\/?p=16877#primaryimage\"},\"thumbnailUrl\":\"https:\/\/seryhumano.com\/web\/wp-content\/uploads\/2014\/12\/featureslider46.jpg\",\"datePublished\":\"2014-12-15T08:53:22+00:00\",\"dateModified\":\"2014-12-15T17:55:27+00:00\",\"description\":\"Hace algunas semanas, durante la conversaci\u00f3n con un buen amigo, a quien adem\u00e1s aprecio por su inteligencia y calidad humana, surgi\u00f3 esta pregunta: \\\"\u00bfEs cierto que uno deber\u00eda haber alcanzado la cima de su carrera a los 40 a\u00f1os?\\\"los 40 Pese a dar una respuesta en ese momento, la pregunta me dej\u00f3 pensando...\",\"breadcrumb\":{\"@id\":\"https:\/\/seryhumano.com\/web\/?p=16877#breadcrumb\"},\"inLanguage\":\"es\",\"potentialAction\":[{\"@type\":\"ReadAction\",\"target\":[\"https:\/\/seryhumano.com\/web\/?p=16877\"]}]},{\"@type\":\"ImageObject\",\"inLanguage\":\"es\",\"@id\":\"https:\/\/seryhumano.com\/web\/?p=16877#primaryimage\",\"url\":\"https:\/\/seryhumano.com\/web\/wp-content\/uploads\/2014\/12\/featureslider46.jpg\",\"contentUrl\":\"https:\/\/seryhumano.com\/web\/wp-content\/uploads\/2014\/12\/featureslider46.jpg\",\"width\":910,\"height\":227},{\"@type\":\"BreadcrumbList\",\"@id\":\"https:\/\/seryhumano.com\/web\/?p=16877#breadcrumb\",\"itemListElement\":[{\"@type\":\"ListItem\",\"position\":1,\"name\":\"Portada\",\"item\":\"https:\/\/seryhumano.com\/web\/\"},{\"@type\":\"ListItem\",\"position\":2,\"name\":\"\u00bfFracas\u00e9 si a los 40 no soy lo que so\u00f1aba ser?\"}]},{\"@type\":\"WebSite\",\"@id\":\"https:\/\/seryhumano.com\/web\/#website\",\"url\":\"https:\/\/seryhumano.com\/web\/\",\"name\":\"SeryHumano.com\",\"description\":\"Revista digital muy humana, donde lo mas importante es el Ser...\",\"publisher\":{\"@id\":\"https:\/\/seryhumano.com\/web\/#organization\"},\"potentialAction\":[{\"@type\":\"SearchAction\",\"target\":{\"@type\":\"EntryPoint\",\"urlTemplate\":\"https:\/\/seryhumano.com\/web\/?s={search_term_string}\"},\"query-input\":{\"@type\":\"PropertyValueSpecification\",\"valueRequired\":true,\"valueName\":\"search_term_string\"}}],\"inLanguage\":\"es\"},{\"@type\":\"Organization\",\"@id\":\"https:\/\/seryhumano.com\/web\/#organization\",\"name\":\"SeryHumano.com\",\"url\":\"https:\/\/seryhumano.com\/web\/\",\"logo\":{\"@type\":\"ImageObject\",\"inLanguage\":\"es\",\"@id\":\"https:\/\/seryhumano.com\/web\/#\/schema\/logo\/image\/\",\"url\":\"https:\/\/seryhumano.com\/web\/wp-content\/uploads\/2020\/02\/JNe5VRwH_400x400-2.jpg\",\"contentUrl\":\"https:\/\/seryhumano.com\/web\/wp-content\/uploads\/2020\/02\/JNe5VRwH_400x400-2.jpg\",\"width\":400,\"height\":400,\"caption\":\"SeryHumano.com\"},\"image\":{\"@id\":\"https:\/\/seryhumano.com\/web\/#\/schema\/logo\/image\/\"},\"sameAs\":[\"https:\/\/www.facebook.com\/seryhumano\/\",\"https:\/\/x.com\/SeryHumano\",\"https:\/\/www.instagram.com\/seryhumano\/\",\"https:\/\/www.linkedin.com\/company\/seryhumano-com\/\",\"https:\/\/www.youtube.com\/channel\/UCYfgIGSxygVnJAW0e9ZBZWg\"]},{\"@type\":\"Person\",\"@id\":\"https:\/\/seryhumano.com\/web\/#\/schema\/person\/fd30e8e0b394a62344b44d9b0fe75795\",\"name\":\"@herrera_yosmar\",\"description\":\"Eterna enamorada de la vida, comunicadora, mam\u00e1 de tres\",\"sameAs\":[\"http:\/\/seryhumano.com\"],\"url\":\"https:\/\/seryhumano.com\/web\/?author=2\"}]}<\/script>\n<!-- \/ Yoast SEO plugin. -->","yoast_head_json":{"title":"\u00bfFracas\u00e9 si a los 40 no soy lo que so\u00f1aba ser?","description":"Hace algunas semanas, durante la conversaci\u00f3n con un buen amigo, a quien adem\u00e1s aprecio por su inteligencia y calidad humana, surgi\u00f3 esta pregunta: \"\u00bfEs cierto que uno deber\u00eda haber alcanzado la cima de su carrera a los 40 a\u00f1os?\"los 40 Pese a dar una respuesta en ese momento, la pregunta me dej\u00f3 pensando...","robots":{"index":"index","follow":"follow","max-snippet":"max-snippet:-1","max-image-preview":"max-image-preview:large","max-video-preview":"max-video-preview:-1"},"canonical":"https:\/\/seryhumano.com\/web\/?p=16877","og_locale":"es_ES","og_type":"article","og_title":"\u00bfFracas\u00e9 si a los 40 no soy lo que so\u00f1aba ser?","og_description":"Hace algunas semanas, durante la conversaci\u00f3n con un buen amigo, a quien adem\u00e1s aprecio por su inteligencia y calidad humana, surgi\u00f3 esta pregunta: \"\u00bfEs cierto que uno deber\u00eda haber alcanzado la cima de su carrera a los 40 a\u00f1os?\"los 40 Pese a dar una respuesta en ese momento, la pregunta me dej\u00f3 pensando...","og_url":"https:\/\/seryhumano.com\/web\/?p=16877","og_site_name":"SeryHumano.com","article_publisher":"https:\/\/www.facebook.com\/seryhumano\/","article_published_time":"2014-12-15T08:53:22+00:00","article_modified_time":"2014-12-15T17:55:27+00:00","og_image":[{"width":910,"height":227,"url":"https:\/\/seryhumano.com\/web\/wp-content\/uploads\/2014\/12\/featureslider46.jpg","type":"image\/jpeg"}],"author":"@herrera_yosmar","twitter_card":"summary_large_image","twitter_creator":"@SeryHumano","twitter_site":"@SeryHumano","twitter_misc":{"Escrito por":"@herrera_yosmar","Tiempo de lectura":"7 minutos"},"schema":{"@context":"https:\/\/schema.org","@graph":[{"@type":"Article","@id":"https:\/\/seryhumano.com\/web\/?p=16877#article","isPartOf":{"@id":"https:\/\/seryhumano.com\/web\/?p=16877"},"author":{"name":"@herrera_yosmar","@id":"https:\/\/seryhumano.com\/web\/#\/schema\/person\/fd30e8e0b394a62344b44d9b0fe75795"},"headline":"\u00bfFracas\u00e9 si a los 40 no soy lo que so\u00f1aba ser?","datePublished":"2014-12-15T08:53:22+00:00","dateModified":"2014-12-15T17:55:27+00:00","mainEntityOfPage":{"@id":"https:\/\/seryhumano.com\/web\/?p=16877"},"wordCount":1314,"publisher":{"@id":"https:\/\/seryhumano.com\/web\/#organization"},"image":{"@id":"https:\/\/seryhumano.com\/web\/?p=16877#primaryimage"},"thumbnailUrl":"https:\/\/seryhumano.com\/web\/wp-content\/uploads\/2014\/12\/featureslider46.jpg","keywords":["Concepto del Proyecto"],"articleSection":["El Ser y YO"],"inLanguage":"es"},{"@type":"WebPage","@id":"https:\/\/seryhumano.com\/web\/?p=16877","url":"https:\/\/seryhumano.com\/web\/?p=16877","name":"\u00bfFracas\u00e9 si a los 40 no soy lo que so\u00f1aba ser?","isPartOf":{"@id":"https:\/\/seryhumano.com\/web\/#website"},"primaryImageOfPage":{"@id":"https:\/\/seryhumano.com\/web\/?p=16877#primaryimage"},"image":{"@id":"https:\/\/seryhumano.com\/web\/?p=16877#primaryimage"},"thumbnailUrl":"https:\/\/seryhumano.com\/web\/wp-content\/uploads\/2014\/12\/featureslider46.jpg","datePublished":"2014-12-15T08:53:22+00:00","dateModified":"2014-12-15T17:55:27+00:00","description":"Hace algunas semanas, durante la conversaci\u00f3n con un buen amigo, a quien adem\u00e1s aprecio por su inteligencia y calidad humana, surgi\u00f3 esta pregunta: \"\u00bfEs cierto que uno deber\u00eda haber alcanzado la cima de su carrera a los 40 a\u00f1os?\"los 40 Pese a dar una respuesta en ese momento, la pregunta me dej\u00f3 pensando...","breadcrumb":{"@id":"https:\/\/seryhumano.com\/web\/?p=16877#breadcrumb"},"inLanguage":"es","potentialAction":[{"@type":"ReadAction","target":["https:\/\/seryhumano.com\/web\/?p=16877"]}]},{"@type":"ImageObject","inLanguage":"es","@id":"https:\/\/seryhumano.com\/web\/?p=16877#primaryimage","url":"https:\/\/seryhumano.com\/web\/wp-content\/uploads\/2014\/12\/featureslider46.jpg","contentUrl":"https:\/\/seryhumano.com\/web\/wp-content\/uploads\/2014\/12\/featureslider46.jpg","width":910,"height":227},{"@type":"BreadcrumbList","@id":"https:\/\/seryhumano.com\/web\/?p=16877#breadcrumb","itemListElement":[{"@type":"ListItem","position":1,"name":"Portada","item":"https:\/\/seryhumano.com\/web\/"},{"@type":"ListItem","position":2,"name":"\u00bfFracas\u00e9 si a los 40 no soy lo que so\u00f1aba ser?"}]},{"@type":"WebSite","@id":"https:\/\/seryhumano.com\/web\/#website","url":"https:\/\/seryhumano.com\/web\/","name":"SeryHumano.com","description":"Revista digital muy humana, donde lo mas importante es el Ser...","publisher":{"@id":"https:\/\/seryhumano.com\/web\/#organization"},"potentialAction":[{"@type":"SearchAction","target":{"@type":"EntryPoint","urlTemplate":"https:\/\/seryhumano.com\/web\/?s={search_term_string}"},"query-input":{"@type":"PropertyValueSpecification","valueRequired":true,"valueName":"search_term_string"}}],"inLanguage":"es"},{"@type":"Organization","@id":"https:\/\/seryhumano.com\/web\/#organization","name":"SeryHumano.com","url":"https:\/\/seryhumano.com\/web\/","logo":{"@type":"ImageObject","inLanguage":"es","@id":"https:\/\/seryhumano.com\/web\/#\/schema\/logo\/image\/","url":"https:\/\/seryhumano.com\/web\/wp-content\/uploads\/2020\/02\/JNe5VRwH_400x400-2.jpg","contentUrl":"https:\/\/seryhumano.com\/web\/wp-content\/uploads\/2020\/02\/JNe5VRwH_400x400-2.jpg","width":400,"height":400,"caption":"SeryHumano.com"},"image":{"@id":"https:\/\/seryhumano.com\/web\/#\/schema\/logo\/image\/"},"sameAs":["https:\/\/www.facebook.com\/seryhumano\/","https:\/\/x.com\/SeryHumano","https:\/\/www.instagram.com\/seryhumano\/","https:\/\/www.linkedin.com\/company\/seryhumano-com\/","https:\/\/www.youtube.com\/channel\/UCYfgIGSxygVnJAW0e9ZBZWg"]},{"@type":"Person","@id":"https:\/\/seryhumano.com\/web\/#\/schema\/person\/fd30e8e0b394a62344b44d9b0fe75795","name":"@herrera_yosmar","description":"Eterna enamorada de la vida, comunicadora, mam\u00e1 de tres","sameAs":["http:\/\/seryhumano.com"],"url":"https:\/\/seryhumano.com\/web\/?author=2"}]}},"_links":{"self":[{"href":"https:\/\/seryhumano.com\/web\/index.php?rest_route=\/wp\/v2\/posts\/16877","targetHints":{"allow":["GET"]}}],"collection":[{"href":"https:\/\/seryhumano.com\/web\/index.php?rest_route=\/wp\/v2\/posts"}],"about":[{"href":"https:\/\/seryhumano.com\/web\/index.php?rest_route=\/wp\/v2\/types\/post"}],"author":[{"embeddable":true,"href":"https:\/\/seryhumano.com\/web\/index.php?rest_route=\/wp\/v2\/users\/2"}],"replies":[{"embeddable":true,"href":"https:\/\/seryhumano.com\/web\/index.php?rest_route=%2Fwp%2Fv2%2Fcomments&post=16877"}],"version-history":[{"count":0,"href":"https:\/\/seryhumano.com\/web\/index.php?rest_route=\/wp\/v2\/posts\/16877\/revisions"}],"wp:featuredmedia":[{"embeddable":true,"href":"https:\/\/seryhumano.com\/web\/index.php?rest_route=\/wp\/v2\/media\/16912"}],"wp:attachment":[{"href":"https:\/\/seryhumano.com\/web\/index.php?rest_route=%2Fwp%2Fv2%2Fmedia&parent=16877"}],"wp:term":[{"taxonomy":"category","embeddable":true,"href":"https:\/\/seryhumano.com\/web\/index.php?rest_route=%2Fwp%2Fv2%2Fcategories&post=16877"},{"taxonomy":"post_tag","embeddable":true,"href":"https:\/\/seryhumano.com\/web\/index.php?rest_route=%2Fwp%2Fv2%2Ftags&post=16877"}],"curies":[{"name":"wp","href":"https:\/\/api.w.org\/{rel}","templated":true}]}}