{"id":16898,"date":"2014-12-15T05:59:46","date_gmt":"2014-12-15T10:29:46","guid":{"rendered":"https:\/\/seryhumano.com\/web\/?p=16898"},"modified":"2014-12-15T13:37:24","modified_gmt":"2014-12-15T18:07:24","slug":"acusan-al-gobierno-espanol-de-legalizar-la-venta-de-seres-humanos","status":"publish","type":"post","link":"https:\/\/seryhumano.com\/web\/?p=16898","title":{"rendered":"Acusan al gobierno espa\u00f1ol de legalizar la venta de seres humanos"},"content":{"rendered":"<p><a href=\"https:\/\/seryhumano.com\/web\/?attachment_id=16900\" rel=\"attachment wp-att-16900\"><img loading=\"lazy\" decoding=\"async\" class=\"alignleft size-full wp-image-16900\" src=\"https:\/\/seryhumano.com\/web\/wp-content\/uploads\/2014\/12\/vientres-en-alquiler1.jpg\" alt=\"vientres en alquiler1\" width=\"269\" height=\"187\" \/><\/a>Ante el anuncio realizado por el ministro de Justicia (Espa\u00f1a) de inscribir en el Registro Civil los nacimientos producidos por \u00ab<em>gestaci\u00f3n por sustituci\u00f3n<\/em>\u00bb, conocida como maternidad subrogada o \u00ab<em>vientre de alquiler<\/em>\u00bb, Profesionales pro la \u00c9tica desea manifestar lo siguiente:<\/p>\n<p>La gestaci\u00f3n por sustituci\u00f3n es una pr\u00e1ctica ilegal en Espa\u00f1a. En los \u00faltimos a\u00f1os se est\u00e1 desarrollando un negocio muy lucrativo en el que parejas del mismo o distinto sexo o personas sin pareja acuden a otros pa\u00edses para \u00ab<em>adquirir<\/em>\u00bb ni\u00f1os gestados por mujeres de esos pa\u00edses.<\/p>\n<p>L\u00f3gicamente, los ni\u00f1os gestados por madres en el extranjero no son culpables de no estar inscritos en Espa\u00f1a. Lo l\u00f3gico y lo coherente con el ordenamiento jur\u00eddico es inscribir a los ni\u00f1os en su pa\u00eds de nacimiento y como hijos de su madre biol\u00f3gica y tramitar la adopci\u00f3n con todas las garant\u00edas.<\/p>\n<p>En todo caso, el Gobierno espa\u00f1ol no debe legalizar el registro de estos ni\u00f1os si quiere ser coherente con la legislaci\u00f3n que proh\u00edbe la maternidad subrogada. Esta pr\u00e1ctica debe ser universalmente abolida porque vulnera la dignidad de la mujer y convierte al ni\u00f1o en un producto comercial. La maternidad es un patrimonio de la mujer y su venta o alquiler es ofensivo. El ni\u00f1o de corta edad, como afirma la Declaraci\u00f3n de Derechos del Ni\u00f1o, no debe separarse de la madre salvo casos excepcionales.<a href=\"https:\/\/seryhumano.com\/web\/?attachment_id=16899\" rel=\"attachment wp-att-16899\"><img loading=\"lazy\" decoding=\"async\" class=\"alignright size-full wp-image-16899\" src=\"https:\/\/seryhumano.com\/web\/wp-content\/uploads\/2014\/12\/vientres-en-alquiler.jpg\" alt=\"vientres en alquiler\" width=\"290\" height=\"174\" \/><\/a><\/p>\n<p>Leonor Tamayo, portavoz de Mujer, Madre y Profesional, una iniciativa de Profesionales por la \u00c9tica, asegura que \u00ab<em>resulta parad\u00f3jico que el Gobierno espa\u00f1ol mantenga una ley que lleva a la mujer, ante la m\u00e1s m\u00ednima dificultad, a abortar, sin protecci\u00f3n ni ayuda ninguna. Y a la vez legalice de manera encubierta la compraventa de beb\u00e9s utilizando a la mujer como instrumento. La inscripci\u00f3n en Espa\u00f1a de ni\u00f1os procedentes de la maternidad subrogada es una ofensa a la dignidad de la persona porque permite la procreaci\u00f3n sin familia<\/em>\u00bb.<\/p>\n<p>&nbsp;<\/p>\n<p>seryhumano.com<br \/>\nFuente: infocatolica.com<\/p>\n","protected":false},"excerpt":{"rendered":"<p>Ante el anuncio realizado por el ministro de Justicia (Espa\u00f1a) de inscribir en el Registro Civil los nacimientos producidos por \u00abgestaci\u00f3n por sustituci\u00f3n\u00bb, conocida como maternidad subrogada o \u00abvientre de alquiler\u00bb, Profesionales pro la \u00c9tica desea manifestar lo siguiente: La gestaci\u00f3n por sustituci\u00f3n es una pr\u00e1ctica ilegal en Espa\u00f1a. En los \u00faltimos a\u00f1os se est\u00e1&hellip;<\/p>\n","protected":false},"author":2,"featured_media":16919,"comment_status":"closed","ping_status":"closed","sticky":false,"template":"","format":"standard","meta":{"footnotes":""},"categories":[110],"tags":[143],"class_list":["post-16898","post","type-post","status-publish","format-standard","has-post-thumbnail","hentry","category-noticias","tag-concepto-del-proyecto","category-110","description-off"],"yoast_head":"<!-- This site is optimized with the Yoast SEO plugin v25.4 - https:\/\/yoast.com\/wordpress\/plugins\/seo\/ -->\n<title>Acusan al gobierno espa\u00f1ol de legalizar la venta de seres humanos<\/title>\n<meta name=\"description\" content=\"Ante el anuncio realizado por el ministro de Justicia (Espa\u00f1a) de inscribir en el Registro Civil los nacimientos producidos por \u00abgestaci\u00f3n por sustituci\u00f3n\u00bb, conocida como maternidad subrogada o \u00abvientre de alquiler\u00bb, Profesionales pro la \u00c9tica desea manifestar lo siguiente:\" \/>\n<meta name=\"robots\" content=\"index, follow, max-snippet:-1, max-image-preview:large, max-video-preview:-1\" \/>\n<link rel=\"canonical\" href=\"https:\/\/seryhumano.com\/web\/?p=16898\" \/>\n<meta property=\"og:locale\" content=\"es_ES\" \/>\n<meta property=\"og:type\" content=\"article\" \/>\n<meta property=\"og:title\" content=\"Acusan al gobierno espa\u00f1ol de legalizar la venta de seres humanos\" \/>\n<meta property=\"og:description\" content=\"Ante el anuncio realizado por el ministro de Justicia (Espa\u00f1a) de inscribir en el Registro Civil los nacimientos producidos por \u00abgestaci\u00f3n por sustituci\u00f3n\u00bb, conocida como maternidad subrogada o \u00abvientre de alquiler\u00bb, Profesionales pro la \u00c9tica desea manifestar lo siguiente:\" \/>\n<meta property=\"og:url\" content=\"https:\/\/seryhumano.com\/web\/?p=16898\" \/>\n<meta property=\"og:site_name\" content=\"SeryHumano.com\" \/>\n<meta property=\"article:publisher\" content=\"https:\/\/www.facebook.com\/seryhumano\/\" \/>\n<meta property=\"article:published_time\" content=\"2014-12-15T10:29:46+00:00\" \/>\n<meta property=\"article:modified_time\" content=\"2014-12-15T18:07:24+00:00\" \/>\n<meta property=\"og:image\" content=\"https:\/\/seryhumano.com\/web\/wp-content\/uploads\/2014\/12\/featureslider49.jpg\" \/>\n\t<meta property=\"og:image:width\" content=\"910\" \/>\n\t<meta property=\"og:image:height\" content=\"227\" \/>\n\t<meta property=\"og:image:type\" content=\"image\/jpeg\" \/>\n<meta name=\"author\" content=\"@herrera_yosmar\" \/>\n<meta name=\"twitter:card\" content=\"summary_large_image\" \/>\n<meta name=\"twitter:creator\" content=\"@SeryHumano\" \/>\n<meta name=\"twitter:site\" content=\"@SeryHumano\" \/>\n<meta name=\"twitter:label1\" content=\"Escrito por\" \/>\n\t<meta name=\"twitter:data1\" content=\"@herrera_yosmar\" \/>\n\t<meta name=\"twitter:label2\" content=\"Tiempo de lectura\" \/>\n\t<meta name=\"twitter:data2\" content=\"2 minutos\" \/>\n<script type=\"application\/ld+json\" class=\"yoast-schema-graph\">{\"@context\":\"https:\/\/schema.org\",\"@graph\":[{\"@type\":\"Article\",\"@id\":\"https:\/\/seryhumano.com\/web\/?p=16898#article\",\"isPartOf\":{\"@id\":\"https:\/\/seryhumano.com\/web\/?p=16898\"},\"author\":{\"name\":\"@herrera_yosmar\",\"@id\":\"https:\/\/seryhumano.com\/web\/#\/schema\/person\/fd30e8e0b394a62344b44d9b0fe75795\"},\"headline\":\"Acusan al gobierno espa\u00f1ol de legalizar la venta de seres humanos\",\"datePublished\":\"2014-12-15T10:29:46+00:00\",\"dateModified\":\"2014-12-15T18:07:24+00:00\",\"mainEntityOfPage\":{\"@id\":\"https:\/\/seryhumano.com\/web\/?p=16898\"},\"wordCount\":367,\"publisher\":{\"@id\":\"https:\/\/seryhumano.com\/web\/#organization\"},\"image\":{\"@id\":\"https:\/\/seryhumano.com\/web\/?p=16898#primaryimage\"},\"thumbnailUrl\":\"https:\/\/seryhumano.com\/web\/wp-content\/uploads\/2014\/12\/featureslider49.jpg\",\"keywords\":[\"Concepto del Proyecto\"],\"articleSection\":[\"Noticias\"],\"inLanguage\":\"es\"},{\"@type\":\"WebPage\",\"@id\":\"https:\/\/seryhumano.com\/web\/?p=16898\",\"url\":\"https:\/\/seryhumano.com\/web\/?p=16898\",\"name\":\"Acusan al gobierno espa\u00f1ol de legalizar la venta de seres humanos\",\"isPartOf\":{\"@id\":\"https:\/\/seryhumano.com\/web\/#website\"},\"primaryImageOfPage\":{\"@id\":\"https:\/\/seryhumano.com\/web\/?p=16898#primaryimage\"},\"image\":{\"@id\":\"https:\/\/seryhumano.com\/web\/?p=16898#primaryimage\"},\"thumbnailUrl\":\"https:\/\/seryhumano.com\/web\/wp-content\/uploads\/2014\/12\/featureslider49.jpg\",\"datePublished\":\"2014-12-15T10:29:46+00:00\",\"dateModified\":\"2014-12-15T18:07:24+00:00\",\"description\":\"Ante el anuncio realizado por el ministro de Justicia (Espa\u00f1a) de inscribir en el Registro Civil los nacimientos producidos por \u00abgestaci\u00f3n por sustituci\u00f3n\u00bb, conocida como maternidad subrogada o \u00abvientre de alquiler\u00bb, Profesionales pro la \u00c9tica desea manifestar lo siguiente:\",\"breadcrumb\":{\"@id\":\"https:\/\/seryhumano.com\/web\/?p=16898#breadcrumb\"},\"inLanguage\":\"es\",\"potentialAction\":[{\"@type\":\"ReadAction\",\"target\":[\"https:\/\/seryhumano.com\/web\/?p=16898\"]}]},{\"@type\":\"ImageObject\",\"inLanguage\":\"es\",\"@id\":\"https:\/\/seryhumano.com\/web\/?p=16898#primaryimage\",\"url\":\"https:\/\/seryhumano.com\/web\/wp-content\/uploads\/2014\/12\/featureslider49.jpg\",\"contentUrl\":\"https:\/\/seryhumano.com\/web\/wp-content\/uploads\/2014\/12\/featureslider49.jpg\",\"width\":910,\"height\":227},{\"@type\":\"BreadcrumbList\",\"@id\":\"https:\/\/seryhumano.com\/web\/?p=16898#breadcrumb\",\"itemListElement\":[{\"@type\":\"ListItem\",\"position\":1,\"name\":\"Portada\",\"item\":\"https:\/\/seryhumano.com\/web\/\"},{\"@type\":\"ListItem\",\"position\":2,\"name\":\"Acusan al gobierno espa\u00f1ol de legalizar la venta de seres humanos\"}]},{\"@type\":\"WebSite\",\"@id\":\"https:\/\/seryhumano.com\/web\/#website\",\"url\":\"https:\/\/seryhumano.com\/web\/\",\"name\":\"SeryHumano.com\",\"description\":\"Revista digital muy humana, donde lo mas importante es el Ser...\",\"publisher\":{\"@id\":\"https:\/\/seryhumano.com\/web\/#organization\"},\"potentialAction\":[{\"@type\":\"SearchAction\",\"target\":{\"@type\":\"EntryPoint\",\"urlTemplate\":\"https:\/\/seryhumano.com\/web\/?s={search_term_string}\"},\"query-input\":{\"@type\":\"PropertyValueSpecification\",\"valueRequired\":true,\"valueName\":\"search_term_string\"}}],\"inLanguage\":\"es\"},{\"@type\":\"Organization\",\"@id\":\"https:\/\/seryhumano.com\/web\/#organization\",\"name\":\"SeryHumano.com\",\"url\":\"https:\/\/seryhumano.com\/web\/\",\"logo\":{\"@type\":\"ImageObject\",\"inLanguage\":\"es\",\"@id\":\"https:\/\/seryhumano.com\/web\/#\/schema\/logo\/image\/\",\"url\":\"https:\/\/seryhumano.com\/web\/wp-content\/uploads\/2020\/02\/JNe5VRwH_400x400-2.jpg\",\"contentUrl\":\"https:\/\/seryhumano.com\/web\/wp-content\/uploads\/2020\/02\/JNe5VRwH_400x400-2.jpg\",\"width\":400,\"height\":400,\"caption\":\"SeryHumano.com\"},\"image\":{\"@id\":\"https:\/\/seryhumano.com\/web\/#\/schema\/logo\/image\/\"},\"sameAs\":[\"https:\/\/www.facebook.com\/seryhumano\/\",\"https:\/\/x.com\/SeryHumano\",\"https:\/\/www.instagram.com\/seryhumano\/\",\"https:\/\/www.linkedin.com\/company\/seryhumano-com\/\",\"https:\/\/www.youtube.com\/channel\/UCYfgIGSxygVnJAW0e9ZBZWg\"]},{\"@type\":\"Person\",\"@id\":\"https:\/\/seryhumano.com\/web\/#\/schema\/person\/fd30e8e0b394a62344b44d9b0fe75795\",\"name\":\"@herrera_yosmar\",\"description\":\"Eterna enamorada de la vida, comunicadora, mam\u00e1 de tres\",\"sameAs\":[\"http:\/\/seryhumano.com\"],\"url\":\"https:\/\/seryhumano.com\/web\/?author=2\"}]}<\/script>\n<!-- \/ Yoast SEO plugin. -->","yoast_head_json":{"title":"Acusan al gobierno espa\u00f1ol de legalizar la venta de seres humanos","description":"Ante el anuncio realizado por el ministro de Justicia (Espa\u00f1a) de inscribir en el Registro Civil los nacimientos producidos por \u00abgestaci\u00f3n por sustituci\u00f3n\u00bb, conocida como maternidad subrogada o \u00abvientre de alquiler\u00bb, Profesionales pro la \u00c9tica desea manifestar lo siguiente:","robots":{"index":"index","follow":"follow","max-snippet":"max-snippet:-1","max-image-preview":"max-image-preview:large","max-video-preview":"max-video-preview:-1"},"canonical":"https:\/\/seryhumano.com\/web\/?p=16898","og_locale":"es_ES","og_type":"article","og_title":"Acusan al gobierno espa\u00f1ol de legalizar la venta de seres humanos","og_description":"Ante el anuncio realizado por el ministro de Justicia (Espa\u00f1a) de inscribir en el Registro Civil los nacimientos producidos por \u00abgestaci\u00f3n por sustituci\u00f3n\u00bb, conocida como maternidad subrogada o \u00abvientre de alquiler\u00bb, Profesionales pro la \u00c9tica desea manifestar lo siguiente:","og_url":"https:\/\/seryhumano.com\/web\/?p=16898","og_site_name":"SeryHumano.com","article_publisher":"https:\/\/www.facebook.com\/seryhumano\/","article_published_time":"2014-12-15T10:29:46+00:00","article_modified_time":"2014-12-15T18:07:24+00:00","og_image":[{"width":910,"height":227,"url":"https:\/\/seryhumano.com\/web\/wp-content\/uploads\/2014\/12\/featureslider49.jpg","type":"image\/jpeg"}],"author":"@herrera_yosmar","twitter_card":"summary_large_image","twitter_creator":"@SeryHumano","twitter_site":"@SeryHumano","twitter_misc":{"Escrito por":"@herrera_yosmar","Tiempo de lectura":"2 minutos"},"schema":{"@context":"https:\/\/schema.org","@graph":[{"@type":"Article","@id":"https:\/\/seryhumano.com\/web\/?p=16898#article","isPartOf":{"@id":"https:\/\/seryhumano.com\/web\/?p=16898"},"author":{"name":"@herrera_yosmar","@id":"https:\/\/seryhumano.com\/web\/#\/schema\/person\/fd30e8e0b394a62344b44d9b0fe75795"},"headline":"Acusan al gobierno espa\u00f1ol de legalizar la venta de seres humanos","datePublished":"2014-12-15T10:29:46+00:00","dateModified":"2014-12-15T18:07:24+00:00","mainEntityOfPage":{"@id":"https:\/\/seryhumano.com\/web\/?p=16898"},"wordCount":367,"publisher":{"@id":"https:\/\/seryhumano.com\/web\/#organization"},"image":{"@id":"https:\/\/seryhumano.com\/web\/?p=16898#primaryimage"},"thumbnailUrl":"https:\/\/seryhumano.com\/web\/wp-content\/uploads\/2014\/12\/featureslider49.jpg","keywords":["Concepto del Proyecto"],"articleSection":["Noticias"],"inLanguage":"es"},{"@type":"WebPage","@id":"https:\/\/seryhumano.com\/web\/?p=16898","url":"https:\/\/seryhumano.com\/web\/?p=16898","name":"Acusan al gobierno espa\u00f1ol de legalizar la venta de seres humanos","isPartOf":{"@id":"https:\/\/seryhumano.com\/web\/#website"},"primaryImageOfPage":{"@id":"https:\/\/seryhumano.com\/web\/?p=16898#primaryimage"},"image":{"@id":"https:\/\/seryhumano.com\/web\/?p=16898#primaryimage"},"thumbnailUrl":"https:\/\/seryhumano.com\/web\/wp-content\/uploads\/2014\/12\/featureslider49.jpg","datePublished":"2014-12-15T10:29:46+00:00","dateModified":"2014-12-15T18:07:24+00:00","description":"Ante el anuncio realizado por el ministro de Justicia (Espa\u00f1a) de inscribir en el Registro Civil los nacimientos producidos por \u00abgestaci\u00f3n por sustituci\u00f3n\u00bb, conocida como maternidad subrogada o \u00abvientre de alquiler\u00bb, Profesionales pro la \u00c9tica desea manifestar lo siguiente:","breadcrumb":{"@id":"https:\/\/seryhumano.com\/web\/?p=16898#breadcrumb"},"inLanguage":"es","potentialAction":[{"@type":"ReadAction","target":["https:\/\/seryhumano.com\/web\/?p=16898"]}]},{"@type":"ImageObject","inLanguage":"es","@id":"https:\/\/seryhumano.com\/web\/?p=16898#primaryimage","url":"https:\/\/seryhumano.com\/web\/wp-content\/uploads\/2014\/12\/featureslider49.jpg","contentUrl":"https:\/\/seryhumano.com\/web\/wp-content\/uploads\/2014\/12\/featureslider49.jpg","width":910,"height":227},{"@type":"BreadcrumbList","@id":"https:\/\/seryhumano.com\/web\/?p=16898#breadcrumb","itemListElement":[{"@type":"ListItem","position":1,"name":"Portada","item":"https:\/\/seryhumano.com\/web\/"},{"@type":"ListItem","position":2,"name":"Acusan al gobierno espa\u00f1ol de legalizar la venta de seres humanos"}]},{"@type":"WebSite","@id":"https:\/\/seryhumano.com\/web\/#website","url":"https:\/\/seryhumano.com\/web\/","name":"SeryHumano.com","description":"Revista digital muy humana, donde lo mas importante es el Ser...","publisher":{"@id":"https:\/\/seryhumano.com\/web\/#organization"},"potentialAction":[{"@type":"SearchAction","target":{"@type":"EntryPoint","urlTemplate":"https:\/\/seryhumano.com\/web\/?s={search_term_string}"},"query-input":{"@type":"PropertyValueSpecification","valueRequired":true,"valueName":"search_term_string"}}],"inLanguage":"es"},{"@type":"Organization","@id":"https:\/\/seryhumano.com\/web\/#organization","name":"SeryHumano.com","url":"https:\/\/seryhumano.com\/web\/","logo":{"@type":"ImageObject","inLanguage":"es","@id":"https:\/\/seryhumano.com\/web\/#\/schema\/logo\/image\/","url":"https:\/\/seryhumano.com\/web\/wp-content\/uploads\/2020\/02\/JNe5VRwH_400x400-2.jpg","contentUrl":"https:\/\/seryhumano.com\/web\/wp-content\/uploads\/2020\/02\/JNe5VRwH_400x400-2.jpg","width":400,"height":400,"caption":"SeryHumano.com"},"image":{"@id":"https:\/\/seryhumano.com\/web\/#\/schema\/logo\/image\/"},"sameAs":["https:\/\/www.facebook.com\/seryhumano\/","https:\/\/x.com\/SeryHumano","https:\/\/www.instagram.com\/seryhumano\/","https:\/\/www.linkedin.com\/company\/seryhumano-com\/","https:\/\/www.youtube.com\/channel\/UCYfgIGSxygVnJAW0e9ZBZWg"]},{"@type":"Person","@id":"https:\/\/seryhumano.com\/web\/#\/schema\/person\/fd30e8e0b394a62344b44d9b0fe75795","name":"@herrera_yosmar","description":"Eterna enamorada de la vida, comunicadora, mam\u00e1 de tres","sameAs":["http:\/\/seryhumano.com"],"url":"https:\/\/seryhumano.com\/web\/?author=2"}]}},"_links":{"self":[{"href":"https:\/\/seryhumano.com\/web\/index.php?rest_route=\/wp\/v2\/posts\/16898","targetHints":{"allow":["GET"]}}],"collection":[{"href":"https:\/\/seryhumano.com\/web\/index.php?rest_route=\/wp\/v2\/posts"}],"about":[{"href":"https:\/\/seryhumano.com\/web\/index.php?rest_route=\/wp\/v2\/types\/post"}],"author":[{"embeddable":true,"href":"https:\/\/seryhumano.com\/web\/index.php?rest_route=\/wp\/v2\/users\/2"}],"replies":[{"embeddable":true,"href":"https:\/\/seryhumano.com\/web\/index.php?rest_route=%2Fwp%2Fv2%2Fcomments&post=16898"}],"version-history":[{"count":0,"href":"https:\/\/seryhumano.com\/web\/index.php?rest_route=\/wp\/v2\/posts\/16898\/revisions"}],"wp:featuredmedia":[{"embeddable":true,"href":"https:\/\/seryhumano.com\/web\/index.php?rest_route=\/wp\/v2\/media\/16919"}],"wp:attachment":[{"href":"https:\/\/seryhumano.com\/web\/index.php?rest_route=%2Fwp%2Fv2%2Fmedia&parent=16898"}],"wp:term":[{"taxonomy":"category","embeddable":true,"href":"https:\/\/seryhumano.com\/web\/index.php?rest_route=%2Fwp%2Fv2%2Fcategories&post=16898"},{"taxonomy":"post_tag","embeddable":true,"href":"https:\/\/seryhumano.com\/web\/index.php?rest_route=%2Fwp%2Fv2%2Ftags&post=16898"}],"curies":[{"name":"wp","href":"https:\/\/api.w.org\/{rel}","templated":true}]}}