{"id":16949,"date":"2014-12-16T16:00:19","date_gmt":"2014-12-16T20:30:19","guid":{"rendered":"https:\/\/seryhumano.com\/web\/?p=16949"},"modified":"2014-12-18T10:39:31","modified_gmt":"2014-12-18T15:09:31","slug":"trina-medina-lanza-su-5to-album-claroscuro","status":"publish","type":"post","link":"https:\/\/seryhumano.com\/web\/?p=16949","title":{"rendered":"Trina Medina lanza su 5to \u00e1lbum: Claroscuro"},"content":{"rendered":"<p><img loading=\"lazy\" decoding=\"async\" class=\"aligncenter wp-image-16951\" src=\"https:\/\/seryhumano.com\/web\/wp-content\/uploads\/2014\/12\/TMbannerRedes.jpg\" alt=\"TMbannerRedes\" width=\"751\" height=\"278\" srcset=\"https:\/\/seryhumano.com\/web\/wp-content\/uploads\/2014\/12\/TMbannerRedes.jpg 851w, https:\/\/seryhumano.com\/web\/wp-content\/uploads\/2014\/12\/TMbannerRedes-300x111.jpg 300w\" sizes=\"auto, (max-width: 751px) 100vw, 751px\" \/><\/p>\n<p>Trina Medina lanza su nueva producci\u00f3n discogr\u00e1fica: Claroscuro, en la que fusiona un sinf\u00edn de influencias (blues, jazz), sobre ritmos (salsa, tambores venezolanos), colores de la m\u00fasica afroamericana, narrando en diez temas, nueve de su autor\u00eda y uno de Jes\u00fas Rosas Marcano, la historia de los diferentes estados emocionales que afloran en un ser humano cuando colapsan los sentimientos. Es su quinto \u00e1lbum, el tercero realizado independientemente (Kurramba Music C.A.), cuyos arreglos son en su mayor\u00eda propios, salvo dos compartidos con Ricardo Landaeta y el curazole\u00f1o Roy Louis. A nivel t\u00e9cnico la calidad tambi\u00e9n sobre sale en este disco al contar con la coproducci\u00f3n, grabaci\u00f3n y mezcla del ganador de Latin Grammy Germ\u00e1n Landaeta, y el estadounidense Bernie Grundman.<\/p>\n<p><img loading=\"lazy\" decoding=\"async\" class=\"size-medium wp-image-16950 alignleft\" src=\"https:\/\/seryhumano.com\/web\/wp-content\/uploads\/2014\/12\/portadaCDclaroscuro-294x300.jpg\" alt=\"portada DIPTICA\" width=\"294\" height=\"300\" srcset=\"https:\/\/seryhumano.com\/web\/wp-content\/uploads\/2014\/12\/portadaCDclaroscuro-294x300.jpg 294w, https:\/\/seryhumano.com\/web\/wp-content\/uploads\/2014\/12\/portadaCDclaroscuro-1006x1024.jpg 1006w, https:\/\/seryhumano.com\/web\/wp-content\/uploads\/2014\/12\/portadaCDclaroscuro-50x50.jpg 50w, https:\/\/seryhumano.com\/web\/wp-content\/uploads\/2014\/12\/portadaCDclaroscuro.jpg 1435w\" sizes=\"auto, (max-width: 294px) 100vw, 294px\" \/>Claroscuro, narra episodios de desencuentros, pasiones, a\u00f1oranzas, renacimiento y fe en el futuro, visto desde la perspectiva de un so\u00f1ador terrenal, visionario y genuino al mismo tiempo. Los protagonistas de esta historia se presentan en la forma de relaciones agotadas, cuya simbolog\u00eda es la presentaci\u00f3n de la soledad y el renacer en todas sus manifestaciones; no es otra cosa que un manifiesto de soledad y fe. Igualmente incluye un d\u00fao con su madre, la sonera venezolana Canelita Medina.<\/p>\n<p><em>Legado familiar en las venas<\/em><br \/>\nTrina Medina comenz\u00f3 desde muy joven en el mundo de la m\u00fasica ya que por sus venas corre la herencia de sus padres. Su talento la ha llevado lejos present\u00e1ndose en muchos escenarios abri\u00e9ndose camino entre los grandes de la salsa con quienes ha compartido escena, entre ellos Rub\u00e9n Blades, Tony Vega, Luis Enrique, El Gran Combo, Ismael Miranda, Cheo Feliciano, y Willie Col\u00f3n, grabando dos producciones con el sello Sony International en 1995 y 1997, con las que se catapult\u00f3 internacionalmente, participando en 2011 en el disco homenaje a Catalino Curet Alonso \u201c\u00a1Son\u00f3, Son\u00f3&#8230; Tite Curet!\u201d, hecho por el Banco Popular de Puerto Rico. Sin dejar la salsa de lado Trina plasm\u00f3 en \u201cVoces y M\u00fasica del Alma\u201d otras influencias musicales que la apasionan haciendo de este un disco de World Music.<\/p>\n<p><img loading=\"lazy\" decoding=\"async\" class=\"alignright wp-image-16954\" src=\"https:\/\/seryhumano.com\/web\/wp-content\/uploads\/2014\/12\/FOTOS-CANELITA-MEDINA-635-300x169.jpg\" alt=\"FOTOS-CANELITA-MEDINA--635\" width=\"400\" height=\"226\" srcset=\"https:\/\/seryhumano.com\/web\/wp-content\/uploads\/2014\/12\/FOTOS-CANELITA-MEDINA-635-300x169.jpg 300w, https:\/\/seryhumano.com\/web\/wp-content\/uploads\/2014\/12\/FOTOS-CANELITA-MEDINA-635-265x150.jpg 265w, https:\/\/seryhumano.com\/web\/wp-content\/uploads\/2014\/12\/FOTOS-CANELITA-MEDINA-635.jpg 635w\" sizes=\"auto, (max-width: 400px) 100vw, 400px\" \/>Claroscuro fue presentado en el regreso de Trina Medina a los escenarios el pasado 13 de noviembre en el aclamado evento \u201cNoches de Guataca\u201d en el Teatro Trasnocho Cultural de Caracas. Luego de permanecer un tanto alejada de los escenarios, pero no totalmente de la m\u00fasica, ya que viene desempe\u00f1\u00e1ndose en labores que incluyen la m\u00fasica como base. Socio-culturales (UCV; Cultura de Alcald\u00eda del Municipio Sucre, Estado Miranda); igualmente sonoriz\u00f3 la pel\u00edcula venezolana \u00abA la media noche y media\u00bb de Mariana Rond\u00f3n y Marit\u00e9 Ug\u00e1s; la producci\u00f3n audiovisual experimental \u00abSugar Free\u00bb de Pepe L\u00f3pez y Carlos Sosa; y \u201cUna abuela virgen\u201d de Olegario Barrera, la cual result\u00f3 ganadora en el Festival Nacional Cine M\u00e9rida 2007, obteniendo a la vez el Premio Municipal de la Cultura del mismo a\u00f1o en el rengl\u00f3n Mejor M\u00fasica Original escrita por Trina.<\/p>\n<p>Claroscuro tambi\u00e9n est\u00e1 a la venta trav\u00e9s del sitio web www.trinamedina.com.ve.<\/p>\n<p style=\"text-align: center;\">[youtube https:\/\/www.youtube.com\/watch?v=DvWiM3EEmX8 \/youtube]<\/p>\n<p>&nbsp;<\/p>\n<p>seryhumano.com<br \/>\nNota de Prensa<\/p>\n","protected":false},"excerpt":{"rendered":"<p>Trina Medina lanza su nueva producci\u00f3n discogr\u00e1fica: Claroscuro, en la que fusiona un sinf\u00edn de influencias (blues, jazz), sobre ritmos (salsa, tambores venezolanos), colores de la m\u00fasica afroamericana, narrando en diez temas, nueve de su autor\u00eda y uno de Jes\u00fas Rosas Marcano, la historia de los diferentes estados emocionales que afloran en un ser humano&hellip;<\/p>\n","protected":false},"author":248,"featured_media":16956,"comment_status":"closed","ping_status":"closed","sticky":false,"template":"","format":"standard","meta":{"footnotes":""},"categories":[114],"tags":[],"class_list":["post-16949","post","type-post","status-publish","format-standard","has-post-thumbnail","hentry","category-sonidos","category-114","description-off"],"yoast_head":"<!-- This site is optimized with the Yoast SEO plugin v25.4 - https:\/\/yoast.com\/wordpress\/plugins\/seo\/ -->\n<title>Trina Medina lanza su 5to \u00e1lbum: Claroscuro<\/title>\n<meta name=\"description\" content=\"Trina Medina lanza su nueva producci\u00f3n discogr\u00e1fica: Claroscuro, en la que fusiona un sinf\u00edn de influencias (blues, jazz), sobre ritmos (salsa, tambores venezolanos), colores de la m\u00fasica afroamericana, narrando en diez temas, nueve de su autor\u00eda y uno de Jes\u00fas Rosas Marcano, la historia de los diferentes estados emocionales que afloran en un ser humano cuando colapsan los sentimientos.\" \/>\n<meta name=\"robots\" content=\"index, follow, max-snippet:-1, max-image-preview:large, max-video-preview:-1\" \/>\n<link rel=\"canonical\" href=\"https:\/\/seryhumano.com\/web\/?p=16949\" \/>\n<meta property=\"og:locale\" content=\"es_ES\" \/>\n<meta property=\"og:type\" content=\"article\" \/>\n<meta property=\"og:title\" content=\"Trina Medina lanza su 5to \u00e1lbum: Claroscuro\" \/>\n<meta property=\"og:description\" content=\"Trina Medina lanza su nueva producci\u00f3n discogr\u00e1fica: Claroscuro, en la que fusiona un sinf\u00edn de influencias (blues, jazz), sobre ritmos (salsa, tambores venezolanos), colores de la m\u00fasica afroamericana, narrando en diez temas, nueve de su autor\u00eda y uno de Jes\u00fas Rosas Marcano, la historia de los diferentes estados emocionales que afloran en un ser humano cuando colapsan los sentimientos.\" \/>\n<meta property=\"og:url\" content=\"https:\/\/seryhumano.com\/web\/?p=16949\" \/>\n<meta property=\"og:site_name\" content=\"SeryHumano.com\" \/>\n<meta property=\"article:publisher\" content=\"https:\/\/www.facebook.com\/seryhumano\/\" \/>\n<meta property=\"article:published_time\" content=\"2014-12-16T20:30:19+00:00\" \/>\n<meta property=\"article:modified_time\" content=\"2014-12-18T15:09:31+00:00\" \/>\n<meta property=\"og:image\" content=\"https:\/\/seryhumano.com\/web\/wp-content\/uploads\/2014\/12\/featureslider54.jpg\" \/>\n\t<meta property=\"og:image:width\" content=\"910\" \/>\n\t<meta property=\"og:image:height\" content=\"227\" \/>\n\t<meta property=\"og:image:type\" content=\"image\/jpeg\" \/>\n<meta name=\"author\" content=\"Nancy Pi\u00f1ero\" \/>\n<meta name=\"twitter:card\" content=\"summary_large_image\" \/>\n<meta name=\"twitter:creator\" content=\"@SeryHumano\" \/>\n<meta name=\"twitter:site\" content=\"@SeryHumano\" \/>\n<meta name=\"twitter:label1\" content=\"Escrito por\" \/>\n\t<meta name=\"twitter:data1\" content=\"Nancy Pi\u00f1ero\" \/>\n\t<meta name=\"twitter:label2\" content=\"Tiempo de lectura\" \/>\n\t<meta name=\"twitter:data2\" content=\"3 minutos\" \/>\n<script type=\"application\/ld+json\" class=\"yoast-schema-graph\">{\"@context\":\"https:\/\/schema.org\",\"@graph\":[{\"@type\":\"Article\",\"@id\":\"https:\/\/seryhumano.com\/web\/?p=16949#article\",\"isPartOf\":{\"@id\":\"https:\/\/seryhumano.com\/web\/?p=16949\"},\"author\":{\"name\":\"Nancy Pi\u00f1ero\",\"@id\":\"https:\/\/seryhumano.com\/web\/#\/schema\/person\/9433ad4560200eba32878567584d7aa0\"},\"headline\":\"Trina Medina lanza su 5to \u00e1lbum: Claroscuro\",\"datePublished\":\"2014-12-16T20:30:19+00:00\",\"dateModified\":\"2014-12-18T15:09:31+00:00\",\"mainEntityOfPage\":{\"@id\":\"https:\/\/seryhumano.com\/web\/?p=16949\"},\"wordCount\":544,\"publisher\":{\"@id\":\"https:\/\/seryhumano.com\/web\/#organization\"},\"image\":{\"@id\":\"https:\/\/seryhumano.com\/web\/?p=16949#primaryimage\"},\"thumbnailUrl\":\"https:\/\/seryhumano.com\/web\/wp-content\/uploads\/2014\/12\/featureslider54.jpg\",\"articleSection\":[\"Sonidos del Ser\"],\"inLanguage\":\"es\"},{\"@type\":\"WebPage\",\"@id\":\"https:\/\/seryhumano.com\/web\/?p=16949\",\"url\":\"https:\/\/seryhumano.com\/web\/?p=16949\",\"name\":\"Trina Medina lanza su 5to \u00e1lbum: Claroscuro\",\"isPartOf\":{\"@id\":\"https:\/\/seryhumano.com\/web\/#website\"},\"primaryImageOfPage\":{\"@id\":\"https:\/\/seryhumano.com\/web\/?p=16949#primaryimage\"},\"image\":{\"@id\":\"https:\/\/seryhumano.com\/web\/?p=16949#primaryimage\"},\"thumbnailUrl\":\"https:\/\/seryhumano.com\/web\/wp-content\/uploads\/2014\/12\/featureslider54.jpg\",\"datePublished\":\"2014-12-16T20:30:19+00:00\",\"dateModified\":\"2014-12-18T15:09:31+00:00\",\"description\":\"Trina Medina lanza su nueva producci\u00f3n discogr\u00e1fica: Claroscuro, en la que fusiona un sinf\u00edn de influencias (blues, jazz), sobre ritmos (salsa, tambores venezolanos), colores de la m\u00fasica afroamericana, narrando en diez temas, nueve de su autor\u00eda y uno de Jes\u00fas Rosas Marcano, la historia de los diferentes estados emocionales que afloran en un ser humano cuando colapsan los sentimientos.\",\"breadcrumb\":{\"@id\":\"https:\/\/seryhumano.com\/web\/?p=16949#breadcrumb\"},\"inLanguage\":\"es\",\"potentialAction\":[{\"@type\":\"ReadAction\",\"target\":[\"https:\/\/seryhumano.com\/web\/?p=16949\"]}]},{\"@type\":\"ImageObject\",\"inLanguage\":\"es\",\"@id\":\"https:\/\/seryhumano.com\/web\/?p=16949#primaryimage\",\"url\":\"https:\/\/seryhumano.com\/web\/wp-content\/uploads\/2014\/12\/featureslider54.jpg\",\"contentUrl\":\"https:\/\/seryhumano.com\/web\/wp-content\/uploads\/2014\/12\/featureslider54.jpg\",\"width\":910,\"height\":227},{\"@type\":\"BreadcrumbList\",\"@id\":\"https:\/\/seryhumano.com\/web\/?p=16949#breadcrumb\",\"itemListElement\":[{\"@type\":\"ListItem\",\"position\":1,\"name\":\"Portada\",\"item\":\"https:\/\/seryhumano.com\/web\/\"},{\"@type\":\"ListItem\",\"position\":2,\"name\":\"Trina Medina lanza su 5to \u00e1lbum: Claroscuro\"}]},{\"@type\":\"WebSite\",\"@id\":\"https:\/\/seryhumano.com\/web\/#website\",\"url\":\"https:\/\/seryhumano.com\/web\/\",\"name\":\"SeryHumano.com\",\"description\":\"Revista digital muy humana, donde lo mas importante es el Ser...\",\"publisher\":{\"@id\":\"https:\/\/seryhumano.com\/web\/#organization\"},\"potentialAction\":[{\"@type\":\"SearchAction\",\"target\":{\"@type\":\"EntryPoint\",\"urlTemplate\":\"https:\/\/seryhumano.com\/web\/?s={search_term_string}\"},\"query-input\":{\"@type\":\"PropertyValueSpecification\",\"valueRequired\":true,\"valueName\":\"search_term_string\"}}],\"inLanguage\":\"es\"},{\"@type\":\"Organization\",\"@id\":\"https:\/\/seryhumano.com\/web\/#organization\",\"name\":\"SeryHumano.com\",\"url\":\"https:\/\/seryhumano.com\/web\/\",\"logo\":{\"@type\":\"ImageObject\",\"inLanguage\":\"es\",\"@id\":\"https:\/\/seryhumano.com\/web\/#\/schema\/logo\/image\/\",\"url\":\"https:\/\/seryhumano.com\/web\/wp-content\/uploads\/2020\/02\/JNe5VRwH_400x400-2.jpg\",\"contentUrl\":\"https:\/\/seryhumano.com\/web\/wp-content\/uploads\/2020\/02\/JNe5VRwH_400x400-2.jpg\",\"width\":400,\"height\":400,\"caption\":\"SeryHumano.com\"},\"image\":{\"@id\":\"https:\/\/seryhumano.com\/web\/#\/schema\/logo\/image\/\"},\"sameAs\":[\"https:\/\/www.facebook.com\/seryhumano\/\",\"https:\/\/x.com\/SeryHumano\",\"https:\/\/www.instagram.com\/seryhumano\/\",\"https:\/\/www.linkedin.com\/company\/seryhumano-com\/\",\"https:\/\/www.youtube.com\/channel\/UCYfgIGSxygVnJAW0e9ZBZWg\"]},{\"@type\":\"Person\",\"@id\":\"https:\/\/seryhumano.com\/web\/#\/schema\/person\/9433ad4560200eba32878567584d7aa0\",\"name\":\"Nancy Pi\u00f1ero\",\"sameAs\":[\"http:\/\/perfectocodex.com\"],\"url\":\"https:\/\/seryhumano.com\/web\/?author=248\"}]}<\/script>\n<!-- \/ Yoast SEO plugin. -->","yoast_head_json":{"title":"Trina Medina lanza su 5to \u00e1lbum: Claroscuro","description":"Trina Medina lanza su nueva producci\u00f3n discogr\u00e1fica: Claroscuro, en la que fusiona un sinf\u00edn de influencias (blues, jazz), sobre ritmos (salsa, tambores venezolanos), colores de la m\u00fasica afroamericana, narrando en diez temas, nueve de su autor\u00eda y uno de Jes\u00fas Rosas Marcano, la historia de los diferentes estados emocionales que afloran en un ser humano cuando colapsan los sentimientos.","robots":{"index":"index","follow":"follow","max-snippet":"max-snippet:-1","max-image-preview":"max-image-preview:large","max-video-preview":"max-video-preview:-1"},"canonical":"https:\/\/seryhumano.com\/web\/?p=16949","og_locale":"es_ES","og_type":"article","og_title":"Trina Medina lanza su 5to \u00e1lbum: Claroscuro","og_description":"Trina Medina lanza su nueva producci\u00f3n discogr\u00e1fica: Claroscuro, en la que fusiona un sinf\u00edn de influencias (blues, jazz), sobre ritmos (salsa, tambores venezolanos), colores de la m\u00fasica afroamericana, narrando en diez temas, nueve de su autor\u00eda y uno de Jes\u00fas Rosas Marcano, la historia de los diferentes estados emocionales que afloran en un ser humano cuando colapsan los sentimientos.","og_url":"https:\/\/seryhumano.com\/web\/?p=16949","og_site_name":"SeryHumano.com","article_publisher":"https:\/\/www.facebook.com\/seryhumano\/","article_published_time":"2014-12-16T20:30:19+00:00","article_modified_time":"2014-12-18T15:09:31+00:00","og_image":[{"width":910,"height":227,"url":"https:\/\/seryhumano.com\/web\/wp-content\/uploads\/2014\/12\/featureslider54.jpg","type":"image\/jpeg"}],"author":"Nancy Pi\u00f1ero","twitter_card":"summary_large_image","twitter_creator":"@SeryHumano","twitter_site":"@SeryHumano","twitter_misc":{"Escrito por":"Nancy Pi\u00f1ero","Tiempo de lectura":"3 minutos"},"schema":{"@context":"https:\/\/schema.org","@graph":[{"@type":"Article","@id":"https:\/\/seryhumano.com\/web\/?p=16949#article","isPartOf":{"@id":"https:\/\/seryhumano.com\/web\/?p=16949"},"author":{"name":"Nancy Pi\u00f1ero","@id":"https:\/\/seryhumano.com\/web\/#\/schema\/person\/9433ad4560200eba32878567584d7aa0"},"headline":"Trina Medina lanza su 5to \u00e1lbum: Claroscuro","datePublished":"2014-12-16T20:30:19+00:00","dateModified":"2014-12-18T15:09:31+00:00","mainEntityOfPage":{"@id":"https:\/\/seryhumano.com\/web\/?p=16949"},"wordCount":544,"publisher":{"@id":"https:\/\/seryhumano.com\/web\/#organization"},"image":{"@id":"https:\/\/seryhumano.com\/web\/?p=16949#primaryimage"},"thumbnailUrl":"https:\/\/seryhumano.com\/web\/wp-content\/uploads\/2014\/12\/featureslider54.jpg","articleSection":["Sonidos del Ser"],"inLanguage":"es"},{"@type":"WebPage","@id":"https:\/\/seryhumano.com\/web\/?p=16949","url":"https:\/\/seryhumano.com\/web\/?p=16949","name":"Trina Medina lanza su 5to \u00e1lbum: Claroscuro","isPartOf":{"@id":"https:\/\/seryhumano.com\/web\/#website"},"primaryImageOfPage":{"@id":"https:\/\/seryhumano.com\/web\/?p=16949#primaryimage"},"image":{"@id":"https:\/\/seryhumano.com\/web\/?p=16949#primaryimage"},"thumbnailUrl":"https:\/\/seryhumano.com\/web\/wp-content\/uploads\/2014\/12\/featureslider54.jpg","datePublished":"2014-12-16T20:30:19+00:00","dateModified":"2014-12-18T15:09:31+00:00","description":"Trina Medina lanza su nueva producci\u00f3n discogr\u00e1fica: Claroscuro, en la que fusiona un sinf\u00edn de influencias (blues, jazz), sobre ritmos (salsa, tambores venezolanos), colores de la m\u00fasica afroamericana, narrando en diez temas, nueve de su autor\u00eda y uno de Jes\u00fas Rosas Marcano, la historia de los diferentes estados emocionales que afloran en un ser humano cuando colapsan los sentimientos.","breadcrumb":{"@id":"https:\/\/seryhumano.com\/web\/?p=16949#breadcrumb"},"inLanguage":"es","potentialAction":[{"@type":"ReadAction","target":["https:\/\/seryhumano.com\/web\/?p=16949"]}]},{"@type":"ImageObject","inLanguage":"es","@id":"https:\/\/seryhumano.com\/web\/?p=16949#primaryimage","url":"https:\/\/seryhumano.com\/web\/wp-content\/uploads\/2014\/12\/featureslider54.jpg","contentUrl":"https:\/\/seryhumano.com\/web\/wp-content\/uploads\/2014\/12\/featureslider54.jpg","width":910,"height":227},{"@type":"BreadcrumbList","@id":"https:\/\/seryhumano.com\/web\/?p=16949#breadcrumb","itemListElement":[{"@type":"ListItem","position":1,"name":"Portada","item":"https:\/\/seryhumano.com\/web\/"},{"@type":"ListItem","position":2,"name":"Trina Medina lanza su 5to \u00e1lbum: Claroscuro"}]},{"@type":"WebSite","@id":"https:\/\/seryhumano.com\/web\/#website","url":"https:\/\/seryhumano.com\/web\/","name":"SeryHumano.com","description":"Revista digital muy humana, donde lo mas importante es el Ser...","publisher":{"@id":"https:\/\/seryhumano.com\/web\/#organization"},"potentialAction":[{"@type":"SearchAction","target":{"@type":"EntryPoint","urlTemplate":"https:\/\/seryhumano.com\/web\/?s={search_term_string}"},"query-input":{"@type":"PropertyValueSpecification","valueRequired":true,"valueName":"search_term_string"}}],"inLanguage":"es"},{"@type":"Organization","@id":"https:\/\/seryhumano.com\/web\/#organization","name":"SeryHumano.com","url":"https:\/\/seryhumano.com\/web\/","logo":{"@type":"ImageObject","inLanguage":"es","@id":"https:\/\/seryhumano.com\/web\/#\/schema\/logo\/image\/","url":"https:\/\/seryhumano.com\/web\/wp-content\/uploads\/2020\/02\/JNe5VRwH_400x400-2.jpg","contentUrl":"https:\/\/seryhumano.com\/web\/wp-content\/uploads\/2020\/02\/JNe5VRwH_400x400-2.jpg","width":400,"height":400,"caption":"SeryHumano.com"},"image":{"@id":"https:\/\/seryhumano.com\/web\/#\/schema\/logo\/image\/"},"sameAs":["https:\/\/www.facebook.com\/seryhumano\/","https:\/\/x.com\/SeryHumano","https:\/\/www.instagram.com\/seryhumano\/","https:\/\/www.linkedin.com\/company\/seryhumano-com\/","https:\/\/www.youtube.com\/channel\/UCYfgIGSxygVnJAW0e9ZBZWg"]},{"@type":"Person","@id":"https:\/\/seryhumano.com\/web\/#\/schema\/person\/9433ad4560200eba32878567584d7aa0","name":"Nancy Pi\u00f1ero","sameAs":["http:\/\/perfectocodex.com"],"url":"https:\/\/seryhumano.com\/web\/?author=248"}]}},"_links":{"self":[{"href":"https:\/\/seryhumano.com\/web\/index.php?rest_route=\/wp\/v2\/posts\/16949","targetHints":{"allow":["GET"]}}],"collection":[{"href":"https:\/\/seryhumano.com\/web\/index.php?rest_route=\/wp\/v2\/posts"}],"about":[{"href":"https:\/\/seryhumano.com\/web\/index.php?rest_route=\/wp\/v2\/types\/post"}],"author":[{"embeddable":true,"href":"https:\/\/seryhumano.com\/web\/index.php?rest_route=\/wp\/v2\/users\/248"}],"replies":[{"embeddable":true,"href":"https:\/\/seryhumano.com\/web\/index.php?rest_route=%2Fwp%2Fv2%2Fcomments&post=16949"}],"version-history":[{"count":0,"href":"https:\/\/seryhumano.com\/web\/index.php?rest_route=\/wp\/v2\/posts\/16949\/revisions"}],"wp:featuredmedia":[{"embeddable":true,"href":"https:\/\/seryhumano.com\/web\/index.php?rest_route=\/wp\/v2\/media\/16956"}],"wp:attachment":[{"href":"https:\/\/seryhumano.com\/web\/index.php?rest_route=%2Fwp%2Fv2%2Fmedia&parent=16949"}],"wp:term":[{"taxonomy":"category","embeddable":true,"href":"https:\/\/seryhumano.com\/web\/index.php?rest_route=%2Fwp%2Fv2%2Fcategories&post=16949"},{"taxonomy":"post_tag","embeddable":true,"href":"https:\/\/seryhumano.com\/web\/index.php?rest_route=%2Fwp%2Fv2%2Ftags&post=16949"}],"curies":[{"name":"wp","href":"https:\/\/api.w.org\/{rel}","templated":true}]}}