{"id":16971,"date":"2014-12-16T13:16:09","date_gmt":"2014-12-16T17:46:09","guid":{"rendered":"https:\/\/seryhumano.com\/web\/?p=16971"},"modified":"2014-12-16T14:41:44","modified_gmt":"2014-12-16T19:11:44","slug":"las-mascotas-tambien-van-al-cielo","status":"publish","type":"post","link":"https:\/\/seryhumano.com\/web\/?p=16971","title":{"rendered":"Las mascotas tambi\u00e9n van al cielo"},"content":{"rendered":"<p>Efectivamente, todos los perros van al cielo\u2026<a href=\"https:\/\/seryhumano.com\/web\/?attachment_id=16973\" rel=\"attachment wp-att-16973\"><img loading=\"lazy\" decoding=\"async\" class=\"alignright size-medium wp-image-16973\" src=\"https:\/\/seryhumano.com\/web\/wp-content\/uploads\/2014\/12\/Francisco-y-los-perros-300x187.jpg\" alt=\"Francisco y los perros\" width=\"300\" height=\"187\" srcset=\"https:\/\/seryhumano.com\/web\/wp-content\/uploads\/2014\/12\/Francisco-y-los-perros-300x187.jpg 300w, https:\/\/seryhumano.com\/web\/wp-content\/uploads\/2014\/12\/Francisco-y-los-perros.jpg 600w\" sizes=\"auto, (max-width: 300px) 100vw, 300px\" \/><\/a><\/p>\n<p>Todos lo sab\u00edamos, pero necesit\u00e1bamos su confirmaci\u00f3n y finalmente lleg\u00f3.<\/p>\n<p>El Papa Francisco\u00a0confirm\u00f3 que todos los perros van al cielo aunque no haya ca\u00eddo bien en el resto de la Iglesia Cat\u00f3lica.<\/p>\n<p>Las palabras del l\u00edder de la religi\u00f3n cat\u00f3lica ocurrieron durante uno de sus encuentros con los fieles en la Plaza de San Pedro. De acuerdo con varios reportes, el Papa consolaba a un ni\u00f1o que lloraba por la p\u00e9rdida de su perro. \u201c<em>Alg\u00fan d\u00eda, veremos a nuestros animales en la eternidad de Cristo. El para\u00edso est\u00e1 abierto para todas las criaturas de Dios<\/em>\u201d, habr\u00edan sido sus palabras.<\/p>\n<p>Este punto de vista contradice las posturas del sector m\u00e1s conservador dentro de la iglesia el cual sostiene que como los animales no tienen alma, no pueden ir al cielo. Algunos te\u00f3logos habr\u00edan se\u00f1alado, seg\u00fan explicar el\u00a0<em>New York Times<\/em>, que las palabras del Papa \u201c<em>fueron dichas casualmente y no como una declaraci\u00f3n doctrinal<\/em>\u201d.<\/p>\n<p><a href=\"https:\/\/seryhumano.com\/web\/?attachment_id=16975\" rel=\"attachment wp-att-16975\"><img loading=\"lazy\" decoding=\"async\" class=\"alignleft size-full wp-image-16975\" src=\"https:\/\/seryhumano.com\/web\/wp-content\/uploads\/2014\/12\/Papa-Francisco-y-los-perros.jpg\" alt=\"Papa Francisco y los perros\" width=\"270\" height=\"250\" \/><\/a>Otros en cambio, aceptaron con facilidad sus palabras. El reverendo<strong>\u00a0<\/strong>James\u00a0Martin, editor de la revista\u00a0<em>America, la revista cat\u00f3lica<\/em>, sostuvo: \u201c<em>Dijo que el para\u00edso est\u00e1 abierto a todas las criaturas. Eso me parece bastante claro<\/em>\u201d.<\/p>\n<p>Recordemos que cuando fuera elegido como Papa, el ex cardenal argentino\u00a0Bergoglio tom\u00f3 su nombre de San Francisco de As\u00eds, el santo patrono de los animales.<\/p>\n<p>&nbsp;<\/p>\n<p>seryhumano.com<br \/>\nFuente: la.eonline.com<\/p>\n","protected":false},"excerpt":{"rendered":"<p>Efectivamente, todos los perros van al cielo\u2026 Todos lo sab\u00edamos, pero necesit\u00e1bamos su confirmaci\u00f3n y finalmente lleg\u00f3. El Papa Francisco\u00a0confirm\u00f3 que todos los perros van al cielo aunque no haya ca\u00eddo bien en el resto de la Iglesia Cat\u00f3lica. Las palabras del l\u00edder de la religi\u00f3n cat\u00f3lica ocurrieron durante uno de sus encuentros con los&hellip;<\/p>\n","protected":false},"author":2,"featured_media":16979,"comment_status":"closed","ping_status":"closed","sticky":false,"template":"","format":"standard","meta":{"footnotes":""},"categories":[128],"tags":[143],"class_list":["post-16971","post","type-post","status-publish","format-standard","has-post-thumbnail","hentry","category-ser-curioso","tag-concepto-del-proyecto","category-128","description-off"],"yoast_head":"<!-- This site is optimized with the Yoast SEO plugin v25.4 - https:\/\/yoast.com\/wordpress\/plugins\/seo\/ -->\n<title>Las mascotas tambi\u00e9n van al cielo<\/title>\n<meta name=\"description\" content=\"Efectivamente, todos los perros van al cielo\u2026Francisco y los perros Todos lo sab\u00edamos, pero necesit\u00e1bamos su confirmaci\u00f3n y finalmente lleg\u00f3. El Papa Francisco confirm\u00f3 que todos los perros van al cielo aunque no haya ca\u00eddo bien en el resto de la Iglesia Cat\u00f3lica.\" \/>\n<meta name=\"robots\" content=\"index, follow, max-snippet:-1, max-image-preview:large, max-video-preview:-1\" \/>\n<link rel=\"canonical\" href=\"https:\/\/seryhumano.com\/web\/?p=16971\" \/>\n<meta property=\"og:locale\" content=\"es_ES\" \/>\n<meta property=\"og:type\" content=\"article\" \/>\n<meta property=\"og:title\" content=\"Las mascotas tambi\u00e9n van al cielo\" \/>\n<meta property=\"og:description\" content=\"Efectivamente, todos los perros van al cielo\u2026Francisco y los perros Todos lo sab\u00edamos, pero necesit\u00e1bamos su confirmaci\u00f3n y finalmente lleg\u00f3. El Papa Francisco confirm\u00f3 que todos los perros van al cielo aunque no haya ca\u00eddo bien en el resto de la Iglesia Cat\u00f3lica.\" \/>\n<meta property=\"og:url\" content=\"https:\/\/seryhumano.com\/web\/?p=16971\" \/>\n<meta property=\"og:site_name\" content=\"SeryHumano.com\" \/>\n<meta property=\"article:publisher\" content=\"https:\/\/www.facebook.com\/seryhumano\/\" \/>\n<meta property=\"article:published_time\" content=\"2014-12-16T17:46:09+00:00\" \/>\n<meta property=\"article:modified_time\" content=\"2014-12-16T19:11:44+00:00\" \/>\n<meta property=\"og:image\" content=\"https:\/\/seryhumano.com\/web\/wp-content\/uploads\/2014\/12\/featureslider55.jpg\" \/>\n\t<meta property=\"og:image:width\" content=\"910\" \/>\n\t<meta property=\"og:image:height\" content=\"227\" \/>\n\t<meta property=\"og:image:type\" content=\"image\/jpeg\" \/>\n<meta name=\"author\" content=\"@herrera_yosmar\" \/>\n<meta name=\"twitter:card\" content=\"summary_large_image\" \/>\n<meta name=\"twitter:creator\" content=\"@SeryHumano\" \/>\n<meta name=\"twitter:site\" content=\"@SeryHumano\" \/>\n<meta name=\"twitter:label1\" content=\"Escrito por\" \/>\n\t<meta name=\"twitter:data1\" content=\"@herrera_yosmar\" \/>\n\t<meta name=\"twitter:label2\" content=\"Tiempo de lectura\" \/>\n\t<meta name=\"twitter:data2\" content=\"1 minuto\" \/>\n<script type=\"application\/ld+json\" class=\"yoast-schema-graph\">{\"@context\":\"https:\/\/schema.org\",\"@graph\":[{\"@type\":\"Article\",\"@id\":\"https:\/\/seryhumano.com\/web\/?p=16971#article\",\"isPartOf\":{\"@id\":\"https:\/\/seryhumano.com\/web\/?p=16971\"},\"author\":{\"name\":\"@herrera_yosmar\",\"@id\":\"https:\/\/seryhumano.com\/web\/#\/schema\/person\/fd30e8e0b394a62344b44d9b0fe75795\"},\"headline\":\"Las mascotas tambi\u00e9n van al cielo\",\"datePublished\":\"2014-12-16T17:46:09+00:00\",\"dateModified\":\"2014-12-16T19:11:44+00:00\",\"mainEntityOfPage\":{\"@id\":\"https:\/\/seryhumano.com\/web\/?p=16971\"},\"wordCount\":260,\"publisher\":{\"@id\":\"https:\/\/seryhumano.com\/web\/#organization\"},\"image\":{\"@id\":\"https:\/\/seryhumano.com\/web\/?p=16971#primaryimage\"},\"thumbnailUrl\":\"https:\/\/seryhumano.com\/web\/wp-content\/uploads\/2014\/12\/featureslider55.jpg\",\"keywords\":[\"Concepto del Proyecto\"],\"articleSection\":[\"Ser Curioso\"],\"inLanguage\":\"es\"},{\"@type\":\"WebPage\",\"@id\":\"https:\/\/seryhumano.com\/web\/?p=16971\",\"url\":\"https:\/\/seryhumano.com\/web\/?p=16971\",\"name\":\"Las mascotas tambi\u00e9n van al cielo\",\"isPartOf\":{\"@id\":\"https:\/\/seryhumano.com\/web\/#website\"},\"primaryImageOfPage\":{\"@id\":\"https:\/\/seryhumano.com\/web\/?p=16971#primaryimage\"},\"image\":{\"@id\":\"https:\/\/seryhumano.com\/web\/?p=16971#primaryimage\"},\"thumbnailUrl\":\"https:\/\/seryhumano.com\/web\/wp-content\/uploads\/2014\/12\/featureslider55.jpg\",\"datePublished\":\"2014-12-16T17:46:09+00:00\",\"dateModified\":\"2014-12-16T19:11:44+00:00\",\"description\":\"Efectivamente, todos los perros van al cielo\u2026Francisco y los perros Todos lo sab\u00edamos, pero necesit\u00e1bamos su confirmaci\u00f3n y finalmente lleg\u00f3. El Papa Francisco confirm\u00f3 que todos los perros van al cielo aunque no haya ca\u00eddo bien en el resto de la Iglesia Cat\u00f3lica.\",\"breadcrumb\":{\"@id\":\"https:\/\/seryhumano.com\/web\/?p=16971#breadcrumb\"},\"inLanguage\":\"es\",\"potentialAction\":[{\"@type\":\"ReadAction\",\"target\":[\"https:\/\/seryhumano.com\/web\/?p=16971\"]}]},{\"@type\":\"ImageObject\",\"inLanguage\":\"es\",\"@id\":\"https:\/\/seryhumano.com\/web\/?p=16971#primaryimage\",\"url\":\"https:\/\/seryhumano.com\/web\/wp-content\/uploads\/2014\/12\/featureslider55.jpg\",\"contentUrl\":\"https:\/\/seryhumano.com\/web\/wp-content\/uploads\/2014\/12\/featureslider55.jpg\",\"width\":910,\"height\":227},{\"@type\":\"BreadcrumbList\",\"@id\":\"https:\/\/seryhumano.com\/web\/?p=16971#breadcrumb\",\"itemListElement\":[{\"@type\":\"ListItem\",\"position\":1,\"name\":\"Portada\",\"item\":\"https:\/\/seryhumano.com\/web\/\"},{\"@type\":\"ListItem\",\"position\":2,\"name\":\"Las mascotas tambi\u00e9n van al cielo\"}]},{\"@type\":\"WebSite\",\"@id\":\"https:\/\/seryhumano.com\/web\/#website\",\"url\":\"https:\/\/seryhumano.com\/web\/\",\"name\":\"SeryHumano.com\",\"description\":\"Revista digital muy humana, donde lo mas importante es el Ser...\",\"publisher\":{\"@id\":\"https:\/\/seryhumano.com\/web\/#organization\"},\"potentialAction\":[{\"@type\":\"SearchAction\",\"target\":{\"@type\":\"EntryPoint\",\"urlTemplate\":\"https:\/\/seryhumano.com\/web\/?s={search_term_string}\"},\"query-input\":{\"@type\":\"PropertyValueSpecification\",\"valueRequired\":true,\"valueName\":\"search_term_string\"}}],\"inLanguage\":\"es\"},{\"@type\":\"Organization\",\"@id\":\"https:\/\/seryhumano.com\/web\/#organization\",\"name\":\"SeryHumano.com\",\"url\":\"https:\/\/seryhumano.com\/web\/\",\"logo\":{\"@type\":\"ImageObject\",\"inLanguage\":\"es\",\"@id\":\"https:\/\/seryhumano.com\/web\/#\/schema\/logo\/image\/\",\"url\":\"https:\/\/seryhumano.com\/web\/wp-content\/uploads\/2020\/02\/JNe5VRwH_400x400-2.jpg\",\"contentUrl\":\"https:\/\/seryhumano.com\/web\/wp-content\/uploads\/2020\/02\/JNe5VRwH_400x400-2.jpg\",\"width\":400,\"height\":400,\"caption\":\"SeryHumano.com\"},\"image\":{\"@id\":\"https:\/\/seryhumano.com\/web\/#\/schema\/logo\/image\/\"},\"sameAs\":[\"https:\/\/www.facebook.com\/seryhumano\/\",\"https:\/\/x.com\/SeryHumano\",\"https:\/\/www.instagram.com\/seryhumano\/\",\"https:\/\/www.linkedin.com\/company\/seryhumano-com\/\",\"https:\/\/www.youtube.com\/channel\/UCYfgIGSxygVnJAW0e9ZBZWg\"]},{\"@type\":\"Person\",\"@id\":\"https:\/\/seryhumano.com\/web\/#\/schema\/person\/fd30e8e0b394a62344b44d9b0fe75795\",\"name\":\"@herrera_yosmar\",\"description\":\"Eterna enamorada de la vida, comunicadora, mam\u00e1 de tres\",\"sameAs\":[\"http:\/\/seryhumano.com\"],\"url\":\"https:\/\/seryhumano.com\/web\/?author=2\"}]}<\/script>\n<!-- \/ Yoast SEO plugin. -->","yoast_head_json":{"title":"Las mascotas tambi\u00e9n van al cielo","description":"Efectivamente, todos los perros van al cielo\u2026Francisco y los perros Todos lo sab\u00edamos, pero necesit\u00e1bamos su confirmaci\u00f3n y finalmente lleg\u00f3. El Papa Francisco confirm\u00f3 que todos los perros van al cielo aunque no haya ca\u00eddo bien en el resto de la Iglesia Cat\u00f3lica.","robots":{"index":"index","follow":"follow","max-snippet":"max-snippet:-1","max-image-preview":"max-image-preview:large","max-video-preview":"max-video-preview:-1"},"canonical":"https:\/\/seryhumano.com\/web\/?p=16971","og_locale":"es_ES","og_type":"article","og_title":"Las mascotas tambi\u00e9n van al cielo","og_description":"Efectivamente, todos los perros van al cielo\u2026Francisco y los perros Todos lo sab\u00edamos, pero necesit\u00e1bamos su confirmaci\u00f3n y finalmente lleg\u00f3. El Papa Francisco confirm\u00f3 que todos los perros van al cielo aunque no haya ca\u00eddo bien en el resto de la Iglesia Cat\u00f3lica.","og_url":"https:\/\/seryhumano.com\/web\/?p=16971","og_site_name":"SeryHumano.com","article_publisher":"https:\/\/www.facebook.com\/seryhumano\/","article_published_time":"2014-12-16T17:46:09+00:00","article_modified_time":"2014-12-16T19:11:44+00:00","og_image":[{"width":910,"height":227,"url":"https:\/\/seryhumano.com\/web\/wp-content\/uploads\/2014\/12\/featureslider55.jpg","type":"image\/jpeg"}],"author":"@herrera_yosmar","twitter_card":"summary_large_image","twitter_creator":"@SeryHumano","twitter_site":"@SeryHumano","twitter_misc":{"Escrito por":"@herrera_yosmar","Tiempo de lectura":"1 minuto"},"schema":{"@context":"https:\/\/schema.org","@graph":[{"@type":"Article","@id":"https:\/\/seryhumano.com\/web\/?p=16971#article","isPartOf":{"@id":"https:\/\/seryhumano.com\/web\/?p=16971"},"author":{"name":"@herrera_yosmar","@id":"https:\/\/seryhumano.com\/web\/#\/schema\/person\/fd30e8e0b394a62344b44d9b0fe75795"},"headline":"Las mascotas tambi\u00e9n van al cielo","datePublished":"2014-12-16T17:46:09+00:00","dateModified":"2014-12-16T19:11:44+00:00","mainEntityOfPage":{"@id":"https:\/\/seryhumano.com\/web\/?p=16971"},"wordCount":260,"publisher":{"@id":"https:\/\/seryhumano.com\/web\/#organization"},"image":{"@id":"https:\/\/seryhumano.com\/web\/?p=16971#primaryimage"},"thumbnailUrl":"https:\/\/seryhumano.com\/web\/wp-content\/uploads\/2014\/12\/featureslider55.jpg","keywords":["Concepto del Proyecto"],"articleSection":["Ser Curioso"],"inLanguage":"es"},{"@type":"WebPage","@id":"https:\/\/seryhumano.com\/web\/?p=16971","url":"https:\/\/seryhumano.com\/web\/?p=16971","name":"Las mascotas tambi\u00e9n van al cielo","isPartOf":{"@id":"https:\/\/seryhumano.com\/web\/#website"},"primaryImageOfPage":{"@id":"https:\/\/seryhumano.com\/web\/?p=16971#primaryimage"},"image":{"@id":"https:\/\/seryhumano.com\/web\/?p=16971#primaryimage"},"thumbnailUrl":"https:\/\/seryhumano.com\/web\/wp-content\/uploads\/2014\/12\/featureslider55.jpg","datePublished":"2014-12-16T17:46:09+00:00","dateModified":"2014-12-16T19:11:44+00:00","description":"Efectivamente, todos los perros van al cielo\u2026Francisco y los perros Todos lo sab\u00edamos, pero necesit\u00e1bamos su confirmaci\u00f3n y finalmente lleg\u00f3. El Papa Francisco confirm\u00f3 que todos los perros van al cielo aunque no haya ca\u00eddo bien en el resto de la Iglesia Cat\u00f3lica.","breadcrumb":{"@id":"https:\/\/seryhumano.com\/web\/?p=16971#breadcrumb"},"inLanguage":"es","potentialAction":[{"@type":"ReadAction","target":["https:\/\/seryhumano.com\/web\/?p=16971"]}]},{"@type":"ImageObject","inLanguage":"es","@id":"https:\/\/seryhumano.com\/web\/?p=16971#primaryimage","url":"https:\/\/seryhumano.com\/web\/wp-content\/uploads\/2014\/12\/featureslider55.jpg","contentUrl":"https:\/\/seryhumano.com\/web\/wp-content\/uploads\/2014\/12\/featureslider55.jpg","width":910,"height":227},{"@type":"BreadcrumbList","@id":"https:\/\/seryhumano.com\/web\/?p=16971#breadcrumb","itemListElement":[{"@type":"ListItem","position":1,"name":"Portada","item":"https:\/\/seryhumano.com\/web\/"},{"@type":"ListItem","position":2,"name":"Las mascotas tambi\u00e9n van al cielo"}]},{"@type":"WebSite","@id":"https:\/\/seryhumano.com\/web\/#website","url":"https:\/\/seryhumano.com\/web\/","name":"SeryHumano.com","description":"Revista digital muy humana, donde lo mas importante es el Ser...","publisher":{"@id":"https:\/\/seryhumano.com\/web\/#organization"},"potentialAction":[{"@type":"SearchAction","target":{"@type":"EntryPoint","urlTemplate":"https:\/\/seryhumano.com\/web\/?s={search_term_string}"},"query-input":{"@type":"PropertyValueSpecification","valueRequired":true,"valueName":"search_term_string"}}],"inLanguage":"es"},{"@type":"Organization","@id":"https:\/\/seryhumano.com\/web\/#organization","name":"SeryHumano.com","url":"https:\/\/seryhumano.com\/web\/","logo":{"@type":"ImageObject","inLanguage":"es","@id":"https:\/\/seryhumano.com\/web\/#\/schema\/logo\/image\/","url":"https:\/\/seryhumano.com\/web\/wp-content\/uploads\/2020\/02\/JNe5VRwH_400x400-2.jpg","contentUrl":"https:\/\/seryhumano.com\/web\/wp-content\/uploads\/2020\/02\/JNe5VRwH_400x400-2.jpg","width":400,"height":400,"caption":"SeryHumano.com"},"image":{"@id":"https:\/\/seryhumano.com\/web\/#\/schema\/logo\/image\/"},"sameAs":["https:\/\/www.facebook.com\/seryhumano\/","https:\/\/x.com\/SeryHumano","https:\/\/www.instagram.com\/seryhumano\/","https:\/\/www.linkedin.com\/company\/seryhumano-com\/","https:\/\/www.youtube.com\/channel\/UCYfgIGSxygVnJAW0e9ZBZWg"]},{"@type":"Person","@id":"https:\/\/seryhumano.com\/web\/#\/schema\/person\/fd30e8e0b394a62344b44d9b0fe75795","name":"@herrera_yosmar","description":"Eterna enamorada de la vida, comunicadora, mam\u00e1 de tres","sameAs":["http:\/\/seryhumano.com"],"url":"https:\/\/seryhumano.com\/web\/?author=2"}]}},"_links":{"self":[{"href":"https:\/\/seryhumano.com\/web\/index.php?rest_route=\/wp\/v2\/posts\/16971","targetHints":{"allow":["GET"]}}],"collection":[{"href":"https:\/\/seryhumano.com\/web\/index.php?rest_route=\/wp\/v2\/posts"}],"about":[{"href":"https:\/\/seryhumano.com\/web\/index.php?rest_route=\/wp\/v2\/types\/post"}],"author":[{"embeddable":true,"href":"https:\/\/seryhumano.com\/web\/index.php?rest_route=\/wp\/v2\/users\/2"}],"replies":[{"embeddable":true,"href":"https:\/\/seryhumano.com\/web\/index.php?rest_route=%2Fwp%2Fv2%2Fcomments&post=16971"}],"version-history":[{"count":0,"href":"https:\/\/seryhumano.com\/web\/index.php?rest_route=\/wp\/v2\/posts\/16971\/revisions"}],"wp:featuredmedia":[{"embeddable":true,"href":"https:\/\/seryhumano.com\/web\/index.php?rest_route=\/wp\/v2\/media\/16979"}],"wp:attachment":[{"href":"https:\/\/seryhumano.com\/web\/index.php?rest_route=%2Fwp%2Fv2%2Fmedia&parent=16971"}],"wp:term":[{"taxonomy":"category","embeddable":true,"href":"https:\/\/seryhumano.com\/web\/index.php?rest_route=%2Fwp%2Fv2%2Fcategories&post=16971"},{"taxonomy":"post_tag","embeddable":true,"href":"https:\/\/seryhumano.com\/web\/index.php?rest_route=%2Fwp%2Fv2%2Ftags&post=16971"}],"curies":[{"name":"wp","href":"https:\/\/api.w.org\/{rel}","templated":true}]}}