{"id":16993,"date":"2014-12-18T15:00:34","date_gmt":"2014-12-18T19:30:34","guid":{"rendered":"https:\/\/seryhumano.com\/web\/?p=16993"},"modified":"2014-12-18T12:49:12","modified_gmt":"2014-12-18T17:19:12","slug":"nuevos-artistas-se-suman-al-show-del-festival-de-vina-del-mar","status":"publish","type":"post","link":"https:\/\/seryhumano.com\/web\/?p=16993","title":{"rendered":"Nuevos artistas se suman al show del Festival de Vi\u00f1a del Mar"},"content":{"rendered":"<p><img loading=\"lazy\" decoding=\"async\" class=\"alignleft wp-image-16994\" src=\"https:\/\/seryhumano.com\/web\/wp-content\/uploads\/2014\/12\/HTV-1-150x150.jpg\" alt=\"HTV (1)\" width=\"100\" height=\"100\" srcset=\"https:\/\/seryhumano.com\/web\/wp-content\/uploads\/2014\/12\/HTV-1-150x150.jpg 150w, https:\/\/seryhumano.com\/web\/wp-content\/uploads\/2014\/12\/HTV-1-300x300.jpg 300w, https:\/\/seryhumano.com\/web\/wp-content\/uploads\/2014\/12\/HTV-1-50x50.jpg 50w, https:\/\/seryhumano.com\/web\/wp-content\/uploads\/2014\/12\/HTV-1.jpg 414w\" sizes=\"auto, (max-width: 100px) 100vw, 100px\" \/><\/p>\n<p><img loading=\"lazy\" decoding=\"async\" class=\"alignright wp-image-16995\" src=\"https:\/\/seryhumano.com\/web\/wp-content\/uploads\/2014\/12\/tnt_silver_notagline-150x150.jpg\" alt=\"tnt_silver_notagline\" width=\"100\" height=\"100\" srcset=\"https:\/\/seryhumano.com\/web\/wp-content\/uploads\/2014\/12\/tnt_silver_notagline-150x150.jpg 150w, https:\/\/seryhumano.com\/web\/wp-content\/uploads\/2014\/12\/tnt_silver_notagline-300x300.jpg 300w, https:\/\/seryhumano.com\/web\/wp-content\/uploads\/2014\/12\/tnt_silver_notagline-1024x1024.jpg 1024w, https:\/\/seryhumano.com\/web\/wp-content\/uploads\/2014\/12\/tnt_silver_notagline-50x50.jpg 50w, https:\/\/seryhumano.com\/web\/wp-content\/uploads\/2014\/12\/tnt_silver_notagline.jpg 1200w\" sizes=\"auto, (max-width: 100px) 100vw, 100px\" \/>HTV transmitir\u00e1 en vivo el encuentro musical m\u00e1s importante de Hispanoam\u00e9rica y TNT un resumen diario con lo mejor de la jornada anterior.<\/p>\n<p>La organizaci\u00f3n del 56\u00b0 Festival Internacional de la Canci\u00f3n de Vi\u00f1a del Mar anunci\u00f3 hoy los nombres de nuevos artistas que se subir\u00e1n al escenario de la Quinta Vergara. La fiesta vi\u00f1amarina se realizar\u00e1 entre el 22 y el 27 de febrero de 2015 y ser\u00e1 transmitido en vivo para toda Am\u00e9rica Latina por HTV, mientras que el canal TNT emitir\u00e1 un resumen diario con las actuaciones m\u00e1s destacadas de la noche anterior.<\/p>\n<p><img loading=\"lazy\" decoding=\"async\" class=\"alignright wp-image-16997\" src=\"https:\/\/seryhumano.com\/web\/wp-content\/uploads\/2014\/12\/ricardo-arjona-300x165.jpg\" alt=\"ricardo-arjona\" width=\"400\" height=\"220\" srcset=\"https:\/\/seryhumano.com\/web\/wp-content\/uploads\/2014\/12\/ricardo-arjona-300x165.jpg 300w, https:\/\/seryhumano.com\/web\/wp-content\/uploads\/2014\/12\/ricardo-arjona.jpg 725w\" sizes=\"auto, (max-width: 400px) 100vw, 400px\" \/>Ricardo Arjona, Yusuf Islam (Cat Stevens) y los humoristas nacionales Dinamita Show, Centella y el Huaso Filomeno ampl\u00edan la lista de invitados al Festival de Vi\u00f1a del Mar, que ya ten\u00edan confirmados a Marc Anthony, Luis Fonsi, Romeo Santos, Vicentico, Alejandro Fern\u00e1ndez, Emmanuel, Pedro Aznar, Nicole, Reik y Yandel.<\/p>\n<p>El guatemalteco Ricardo Arjona llegar\u00e1 a Vi\u00f1a del Mar por s\u00e9ptima ocasi\u00f3n luego de una ausencia de cinco a\u00f1os del escenario vi\u00f1amarino. Adem\u00e1s de sus tradicionales \u00e9xitos, el<br \/>\ncantante pondr\u00e1 en escena las novedades de su reciente disco Viaje.<\/p>\n<p>Yusuf Islam, antiguamente conocido como Cat Stevens, propondr\u00e1 sus cl\u00e1sicos temas junto con los nuevos temas de su reciente disco Tell \u2018em I\u2019m <img loading=\"lazy\" decoding=\"async\" class=\"alignleft wp-image-16999 size-medium\" src=\"https:\/\/seryhumano.com\/web\/wp-content\/uploads\/2014\/12\/dinamita-show-300x200.jpg\" alt=\"dinamita-show\" width=\"300\" height=\"200\" srcset=\"https:\/\/seryhumano.com\/web\/wp-content\/uploads\/2014\/12\/dinamita-show-300x200.jpg 300w, https:\/\/seryhumano.com\/web\/wp-content\/uploads\/2014\/12\/dinamita-show.jpg 450w\" sizes=\"auto, (max-width: 300px) 100vw, 300px\" \/>gone.<\/p>\n<p>En el humor, el d\u00fao Dinamita Show llegar\u00e1 por quinta vez al Festival, lugar desde donde saltaron a la fama en 1996. El Indio y el Flaco esperan hacer re\u00edr nuevamente a los asistentes con sus rutinas.<\/p>\n<p>Por su parte el puntarenense Miguel Angel \u201cCentella\u201d tendr\u00e1 su debut en la Quinta Vergara tras 20 a\u00f1os de trayectoria. Finalmente, el Huaso Filomeno, interpretado por Roger Jara, presentar\u00e1 las graciosas y p\u00edcaras historias del campo chileno.<\/p>\n<p><iframe loading=\"lazy\" width=\"1200\" height=\"900\" src=\"https:\/\/www.youtube.com\/embed\/cEPpyz2vdXU?feature=oembed\" frameborder=\"0\" allowfullscreen><\/iframe><\/p>\n<p>seryhumano.com<br \/>\nNotas de Prensa<a href=\"https:\/\/seryhumano.com\/web\/wp-content\/uploads\/2014\/12\/tale-al-bedru-aleyna-yusuf-islam.jpg\"><br \/>\n<\/a><a href=\"https:\/\/seryhumano.com\/web\/wp-content\/uploads\/2014\/12\/dinamita-show.jpg\"><br \/>\n<\/a><\/p>\n","protected":false},"excerpt":{"rendered":"<p>HTV transmitir\u00e1 en vivo el encuentro musical m\u00e1s importante de Hispanoam\u00e9rica y TNT un resumen diario con lo mejor de la jornada anterior. La organizaci\u00f3n del 56\u00b0 Festival Internacional de la Canci\u00f3n de Vi\u00f1a del Mar anunci\u00f3 hoy los nombres de nuevos artistas que se subir\u00e1n al escenario de la Quinta Vergara. La fiesta vi\u00f1amarina&hellip;<\/p>\n","protected":false},"author":248,"featured_media":17001,"comment_status":"closed","ping_status":"closed","sticky":false,"template":"","format":"standard","meta":{"footnotes":""},"categories":[114],"tags":[],"class_list":["post-16993","post","type-post","status-publish","format-standard","has-post-thumbnail","hentry","category-sonidos","category-114","description-off"],"yoast_head":"<!-- This site is optimized with the Yoast SEO plugin v25.4 - https:\/\/yoast.com\/wordpress\/plugins\/seo\/ -->\n<title>Nuevos artistas se suman al show del Festival de Vi\u00f1a del Mar<\/title>\n<meta name=\"description\" content=\"HTV transmitir\u00e1 en vivo el encuentro musical m\u00e1s importante de Hispanoam\u00e9rica y TNT un resumen diario con lo mejor de la jornada anterior.\" \/>\n<meta name=\"robots\" content=\"index, follow, max-snippet:-1, max-image-preview:large, max-video-preview:-1\" \/>\n<link rel=\"canonical\" href=\"https:\/\/seryhumano.com\/web\/?p=16993\" \/>\n<meta property=\"og:locale\" content=\"es_ES\" \/>\n<meta property=\"og:type\" content=\"article\" \/>\n<meta property=\"og:title\" content=\"Nuevos artistas se suman al show del Festival de Vi\u00f1a del Mar\" \/>\n<meta property=\"og:description\" content=\"HTV transmitir\u00e1 en vivo el encuentro musical m\u00e1s importante de Hispanoam\u00e9rica y TNT un resumen diario con lo mejor de la jornada anterior.\" \/>\n<meta property=\"og:url\" content=\"https:\/\/seryhumano.com\/web\/?p=16993\" \/>\n<meta property=\"og:site_name\" content=\"SeryHumano.com\" \/>\n<meta property=\"article:publisher\" content=\"https:\/\/www.facebook.com\/seryhumano\/\" \/>\n<meta property=\"article:published_time\" content=\"2014-12-18T19:30:34+00:00\" \/>\n<meta property=\"og:image\" content=\"https:\/\/seryhumano.com\/web\/wp-content\/uploads\/2014\/12\/featureslider59.jpg\" \/>\n\t<meta property=\"og:image:width\" content=\"910\" \/>\n\t<meta property=\"og:image:height\" content=\"227\" \/>\n\t<meta property=\"og:image:type\" content=\"image\/jpeg\" \/>\n<meta name=\"author\" content=\"Nancy Pi\u00f1ero\" \/>\n<meta name=\"twitter:card\" content=\"summary_large_image\" \/>\n<meta name=\"twitter:creator\" content=\"@SeryHumano\" \/>\n<meta name=\"twitter:site\" content=\"@SeryHumano\" \/>\n<meta name=\"twitter:label1\" content=\"Escrito por\" \/>\n\t<meta name=\"twitter:data1\" content=\"Nancy Pi\u00f1ero\" \/>\n\t<meta name=\"twitter:label2\" content=\"Tiempo de lectura\" \/>\n\t<meta name=\"twitter:data2\" content=\"2 minutos\" \/>\n<script type=\"application\/ld+json\" class=\"yoast-schema-graph\">{\"@context\":\"https:\/\/schema.org\",\"@graph\":[{\"@type\":\"Article\",\"@id\":\"https:\/\/seryhumano.com\/web\/?p=16993#article\",\"isPartOf\":{\"@id\":\"https:\/\/seryhumano.com\/web\/?p=16993\"},\"author\":{\"name\":\"Nancy Pi\u00f1ero\",\"@id\":\"https:\/\/seryhumano.com\/web\/#\/schema\/person\/9433ad4560200eba32878567584d7aa0\"},\"headline\":\"Nuevos artistas se suman al show del Festival de Vi\u00f1a del Mar\",\"datePublished\":\"2014-12-18T19:30:34+00:00\",\"mainEntityOfPage\":{\"@id\":\"https:\/\/seryhumano.com\/web\/?p=16993\"},\"wordCount\":327,\"publisher\":{\"@id\":\"https:\/\/seryhumano.com\/web\/#organization\"},\"image\":{\"@id\":\"https:\/\/seryhumano.com\/web\/?p=16993#primaryimage\"},\"thumbnailUrl\":\"https:\/\/seryhumano.com\/web\/wp-content\/uploads\/2014\/12\/featureslider59.jpg\",\"articleSection\":[\"Sonidos del Ser\"],\"inLanguage\":\"es\"},{\"@type\":\"WebPage\",\"@id\":\"https:\/\/seryhumano.com\/web\/?p=16993\",\"url\":\"https:\/\/seryhumano.com\/web\/?p=16993\",\"name\":\"Nuevos artistas se suman al show del Festival de Vi\u00f1a del Mar\",\"isPartOf\":{\"@id\":\"https:\/\/seryhumano.com\/web\/#website\"},\"primaryImageOfPage\":{\"@id\":\"https:\/\/seryhumano.com\/web\/?p=16993#primaryimage\"},\"image\":{\"@id\":\"https:\/\/seryhumano.com\/web\/?p=16993#primaryimage\"},\"thumbnailUrl\":\"https:\/\/seryhumano.com\/web\/wp-content\/uploads\/2014\/12\/featureslider59.jpg\",\"datePublished\":\"2014-12-18T19:30:34+00:00\",\"description\":\"HTV transmitir\u00e1 en vivo el encuentro musical m\u00e1s importante de Hispanoam\u00e9rica y TNT un resumen diario con lo mejor de la jornada anterior.\",\"breadcrumb\":{\"@id\":\"https:\/\/seryhumano.com\/web\/?p=16993#breadcrumb\"},\"inLanguage\":\"es\",\"potentialAction\":[{\"@type\":\"ReadAction\",\"target\":[\"https:\/\/seryhumano.com\/web\/?p=16993\"]}]},{\"@type\":\"ImageObject\",\"inLanguage\":\"es\",\"@id\":\"https:\/\/seryhumano.com\/web\/?p=16993#primaryimage\",\"url\":\"https:\/\/seryhumano.com\/web\/wp-content\/uploads\/2014\/12\/featureslider59.jpg\",\"contentUrl\":\"https:\/\/seryhumano.com\/web\/wp-content\/uploads\/2014\/12\/featureslider59.jpg\",\"width\":910,\"height\":227},{\"@type\":\"BreadcrumbList\",\"@id\":\"https:\/\/seryhumano.com\/web\/?p=16993#breadcrumb\",\"itemListElement\":[{\"@type\":\"ListItem\",\"position\":1,\"name\":\"Portada\",\"item\":\"https:\/\/seryhumano.com\/web\/\"},{\"@type\":\"ListItem\",\"position\":2,\"name\":\"Nuevos artistas se suman al show del Festival de Vi\u00f1a del Mar\"}]},{\"@type\":\"WebSite\",\"@id\":\"https:\/\/seryhumano.com\/web\/#website\",\"url\":\"https:\/\/seryhumano.com\/web\/\",\"name\":\"SeryHumano.com\",\"description\":\"Revista digital muy humana, donde lo mas importante es el Ser...\",\"publisher\":{\"@id\":\"https:\/\/seryhumano.com\/web\/#organization\"},\"potentialAction\":[{\"@type\":\"SearchAction\",\"target\":{\"@type\":\"EntryPoint\",\"urlTemplate\":\"https:\/\/seryhumano.com\/web\/?s={search_term_string}\"},\"query-input\":{\"@type\":\"PropertyValueSpecification\",\"valueRequired\":true,\"valueName\":\"search_term_string\"}}],\"inLanguage\":\"es\"},{\"@type\":\"Organization\",\"@id\":\"https:\/\/seryhumano.com\/web\/#organization\",\"name\":\"SeryHumano.com\",\"url\":\"https:\/\/seryhumano.com\/web\/\",\"logo\":{\"@type\":\"ImageObject\",\"inLanguage\":\"es\",\"@id\":\"https:\/\/seryhumano.com\/web\/#\/schema\/logo\/image\/\",\"url\":\"https:\/\/seryhumano.com\/web\/wp-content\/uploads\/2020\/02\/JNe5VRwH_400x400-2.jpg\",\"contentUrl\":\"https:\/\/seryhumano.com\/web\/wp-content\/uploads\/2020\/02\/JNe5VRwH_400x400-2.jpg\",\"width\":400,\"height\":400,\"caption\":\"SeryHumano.com\"},\"image\":{\"@id\":\"https:\/\/seryhumano.com\/web\/#\/schema\/logo\/image\/\"},\"sameAs\":[\"https:\/\/www.facebook.com\/seryhumano\/\",\"https:\/\/x.com\/SeryHumano\",\"https:\/\/www.instagram.com\/seryhumano\/\",\"https:\/\/www.linkedin.com\/company\/seryhumano-com\/\",\"https:\/\/www.youtube.com\/channel\/UCYfgIGSxygVnJAW0e9ZBZWg\"]},{\"@type\":\"Person\",\"@id\":\"https:\/\/seryhumano.com\/web\/#\/schema\/person\/9433ad4560200eba32878567584d7aa0\",\"name\":\"Nancy Pi\u00f1ero\",\"sameAs\":[\"http:\/\/perfectocodex.com\"],\"url\":\"https:\/\/seryhumano.com\/web\/?author=248\"}]}<\/script>\n<!-- \/ Yoast SEO plugin. -->","yoast_head_json":{"title":"Nuevos artistas se suman al show del Festival de Vi\u00f1a del Mar","description":"HTV transmitir\u00e1 en vivo el encuentro musical m\u00e1s importante de Hispanoam\u00e9rica y TNT un resumen diario con lo mejor de la jornada anterior.","robots":{"index":"index","follow":"follow","max-snippet":"max-snippet:-1","max-image-preview":"max-image-preview:large","max-video-preview":"max-video-preview:-1"},"canonical":"https:\/\/seryhumano.com\/web\/?p=16993","og_locale":"es_ES","og_type":"article","og_title":"Nuevos artistas se suman al show del Festival de Vi\u00f1a del Mar","og_description":"HTV transmitir\u00e1 en vivo el encuentro musical m\u00e1s importante de Hispanoam\u00e9rica y TNT un resumen diario con lo mejor de la jornada anterior.","og_url":"https:\/\/seryhumano.com\/web\/?p=16993","og_site_name":"SeryHumano.com","article_publisher":"https:\/\/www.facebook.com\/seryhumano\/","article_published_time":"2014-12-18T19:30:34+00:00","og_image":[{"width":910,"height":227,"url":"https:\/\/seryhumano.com\/web\/wp-content\/uploads\/2014\/12\/featureslider59.jpg","type":"image\/jpeg"}],"author":"Nancy Pi\u00f1ero","twitter_card":"summary_large_image","twitter_creator":"@SeryHumano","twitter_site":"@SeryHumano","twitter_misc":{"Escrito por":"Nancy Pi\u00f1ero","Tiempo de lectura":"2 minutos"},"schema":{"@context":"https:\/\/schema.org","@graph":[{"@type":"Article","@id":"https:\/\/seryhumano.com\/web\/?p=16993#article","isPartOf":{"@id":"https:\/\/seryhumano.com\/web\/?p=16993"},"author":{"name":"Nancy Pi\u00f1ero","@id":"https:\/\/seryhumano.com\/web\/#\/schema\/person\/9433ad4560200eba32878567584d7aa0"},"headline":"Nuevos artistas se suman al show del Festival de Vi\u00f1a del Mar","datePublished":"2014-12-18T19:30:34+00:00","mainEntityOfPage":{"@id":"https:\/\/seryhumano.com\/web\/?p=16993"},"wordCount":327,"publisher":{"@id":"https:\/\/seryhumano.com\/web\/#organization"},"image":{"@id":"https:\/\/seryhumano.com\/web\/?p=16993#primaryimage"},"thumbnailUrl":"https:\/\/seryhumano.com\/web\/wp-content\/uploads\/2014\/12\/featureslider59.jpg","articleSection":["Sonidos del Ser"],"inLanguage":"es"},{"@type":"WebPage","@id":"https:\/\/seryhumano.com\/web\/?p=16993","url":"https:\/\/seryhumano.com\/web\/?p=16993","name":"Nuevos artistas se suman al show del Festival de Vi\u00f1a del Mar","isPartOf":{"@id":"https:\/\/seryhumano.com\/web\/#website"},"primaryImageOfPage":{"@id":"https:\/\/seryhumano.com\/web\/?p=16993#primaryimage"},"image":{"@id":"https:\/\/seryhumano.com\/web\/?p=16993#primaryimage"},"thumbnailUrl":"https:\/\/seryhumano.com\/web\/wp-content\/uploads\/2014\/12\/featureslider59.jpg","datePublished":"2014-12-18T19:30:34+00:00","description":"HTV transmitir\u00e1 en vivo el encuentro musical m\u00e1s importante de Hispanoam\u00e9rica y TNT un resumen diario con lo mejor de la jornada anterior.","breadcrumb":{"@id":"https:\/\/seryhumano.com\/web\/?p=16993#breadcrumb"},"inLanguage":"es","potentialAction":[{"@type":"ReadAction","target":["https:\/\/seryhumano.com\/web\/?p=16993"]}]},{"@type":"ImageObject","inLanguage":"es","@id":"https:\/\/seryhumano.com\/web\/?p=16993#primaryimage","url":"https:\/\/seryhumano.com\/web\/wp-content\/uploads\/2014\/12\/featureslider59.jpg","contentUrl":"https:\/\/seryhumano.com\/web\/wp-content\/uploads\/2014\/12\/featureslider59.jpg","width":910,"height":227},{"@type":"BreadcrumbList","@id":"https:\/\/seryhumano.com\/web\/?p=16993#breadcrumb","itemListElement":[{"@type":"ListItem","position":1,"name":"Portada","item":"https:\/\/seryhumano.com\/web\/"},{"@type":"ListItem","position":2,"name":"Nuevos artistas se suman al show del Festival de Vi\u00f1a del Mar"}]},{"@type":"WebSite","@id":"https:\/\/seryhumano.com\/web\/#website","url":"https:\/\/seryhumano.com\/web\/","name":"SeryHumano.com","description":"Revista digital muy humana, donde lo mas importante es el Ser...","publisher":{"@id":"https:\/\/seryhumano.com\/web\/#organization"},"potentialAction":[{"@type":"SearchAction","target":{"@type":"EntryPoint","urlTemplate":"https:\/\/seryhumano.com\/web\/?s={search_term_string}"},"query-input":{"@type":"PropertyValueSpecification","valueRequired":true,"valueName":"search_term_string"}}],"inLanguage":"es"},{"@type":"Organization","@id":"https:\/\/seryhumano.com\/web\/#organization","name":"SeryHumano.com","url":"https:\/\/seryhumano.com\/web\/","logo":{"@type":"ImageObject","inLanguage":"es","@id":"https:\/\/seryhumano.com\/web\/#\/schema\/logo\/image\/","url":"https:\/\/seryhumano.com\/web\/wp-content\/uploads\/2020\/02\/JNe5VRwH_400x400-2.jpg","contentUrl":"https:\/\/seryhumano.com\/web\/wp-content\/uploads\/2020\/02\/JNe5VRwH_400x400-2.jpg","width":400,"height":400,"caption":"SeryHumano.com"},"image":{"@id":"https:\/\/seryhumano.com\/web\/#\/schema\/logo\/image\/"},"sameAs":["https:\/\/www.facebook.com\/seryhumano\/","https:\/\/x.com\/SeryHumano","https:\/\/www.instagram.com\/seryhumano\/","https:\/\/www.linkedin.com\/company\/seryhumano-com\/","https:\/\/www.youtube.com\/channel\/UCYfgIGSxygVnJAW0e9ZBZWg"]},{"@type":"Person","@id":"https:\/\/seryhumano.com\/web\/#\/schema\/person\/9433ad4560200eba32878567584d7aa0","name":"Nancy Pi\u00f1ero","sameAs":["http:\/\/perfectocodex.com"],"url":"https:\/\/seryhumano.com\/web\/?author=248"}]}},"_links":{"self":[{"href":"https:\/\/seryhumano.com\/web\/index.php?rest_route=\/wp\/v2\/posts\/16993","targetHints":{"allow":["GET"]}}],"collection":[{"href":"https:\/\/seryhumano.com\/web\/index.php?rest_route=\/wp\/v2\/posts"}],"about":[{"href":"https:\/\/seryhumano.com\/web\/index.php?rest_route=\/wp\/v2\/types\/post"}],"author":[{"embeddable":true,"href":"https:\/\/seryhumano.com\/web\/index.php?rest_route=\/wp\/v2\/users\/248"}],"replies":[{"embeddable":true,"href":"https:\/\/seryhumano.com\/web\/index.php?rest_route=%2Fwp%2Fv2%2Fcomments&post=16993"}],"version-history":[{"count":0,"href":"https:\/\/seryhumano.com\/web\/index.php?rest_route=\/wp\/v2\/posts\/16993\/revisions"}],"wp:featuredmedia":[{"embeddable":true,"href":"https:\/\/seryhumano.com\/web\/index.php?rest_route=\/wp\/v2\/media\/17001"}],"wp:attachment":[{"href":"https:\/\/seryhumano.com\/web\/index.php?rest_route=%2Fwp%2Fv2%2Fmedia&parent=16993"}],"wp:term":[{"taxonomy":"category","embeddable":true,"href":"https:\/\/seryhumano.com\/web\/index.php?rest_route=%2Fwp%2Fv2%2Fcategories&post=16993"},{"taxonomy":"post_tag","embeddable":true,"href":"https:\/\/seryhumano.com\/web\/index.php?rest_route=%2Fwp%2Fv2%2Ftags&post=16993"}],"curies":[{"name":"wp","href":"https:\/\/api.w.org\/{rel}","templated":true}]}}