{"id":1711,"date":"2012-11-20T18:02:19","date_gmt":"2012-11-20T22:32:19","guid":{"rendered":"https:\/\/seryhumano.com\/web\/?p=1711"},"modified":"2012-11-20T18:24:24","modified_gmt":"2012-11-20T22:54:24","slug":"la-serie-internacional-de-la-orquesta-sinfonica-de-venezuela","status":"publish","type":"post","link":"https:\/\/seryhumano.com\/web\/?p=1711","title":{"rendered":"La Serie Internacional de la Orquesta Sinf\u00f3nica de Venezuela"},"content":{"rendered":"<p><a href=\"https:\/\/seryhumano.com\/web\/?attachment_id=1712\" rel=\"attachment wp-att-1712\"><img loading=\"lazy\" decoding=\"async\" class=\"alignleft size-full wp-image-1712\" title=\"MaestroTheodore Kuchar\" src=\"https:\/\/seryhumano.com\/web\/wp-content\/uploads\/2012\/11\/MaestroTheodore-Kuchar.jpg\" alt=\"\" width=\"289\" height=\"174\" \/><\/a>\u00a0La Orquesta Sinf\u00f3nica de Venezuela,\u00a0Patrimonio Art\u00edstico y Cultural de la Naci\u00f3n, siempre \u00e1vida de emprender retos art\u00edsticos de alt\u00edsima calidad presenta este jueves 22 de noviembre en la Sala Jos\u00e9 F\u00e9lix Ribas del Teatro Teresa Carre\u00f1o a las\u00a07:00 p.m. su Serie Internacional, bajo la conducci\u00f3n del\u00a0MaestroTheodore Kuchar, con 4 solistas muy especiales en la ejecuci\u00f3n del corno franc\u00e9s: los invitados internacionales Radek Babor\u00e1k y\u00a0\u00a0Javier Bonet, acompa\u00f1ados por los venezolanos Joel Arias y Liber Oscher.<\/p>\n<p><a href=\"https:\/\/seryhumano.com\/web\/?attachment_id=1713\" rel=\"attachment wp-att-1713\"><img loading=\"lazy\" decoding=\"async\" class=\"alignleft size-full wp-image-1713\" title=\"corno franc\u00e9s\" src=\"https:\/\/seryhumano.com\/web\/wp-content\/uploads\/2012\/11\/corno-franc\u00e9s.jpg\" alt=\"\" width=\"270\" height=\"186\" \/><\/a>La Orquesta Sinf\u00f3nica de Venezuela presentar\u00e1 un magn\u00edfico programa en esta Serie Internacional dedicada al corno franc\u00e9s como instrumento solista: De Maurice Ravel,\u00a0Rapsodia Espa\u00f1ola para orquesta;\u00a0de Carl\u00a0Mar\u00eda von Weber, su\u00a0Concertino para Corno Franc\u00e9s y Orquesta en Mi menor Op. 45; de Robert Schumann,Konzertste\u00fcck para 4 Cornos y Orquesta Op. 86\u00a0y de\u00a0una hermosa selecci\u00f3n de las\u00a0Suites N\u00b0 1 y 2 del Ballet Romeo y Julieta\u00a0de Sergei Prokofiev.<\/p>\n<p><a href=\"https:\/\/seryhumano.com\/web\/?attachment_id=1714\" rel=\"attachment wp-att-1714\"><img loading=\"lazy\" decoding=\"async\" class=\"alignleft size-full wp-image-1714\" title=\"Radek Babor\u00e1k\" src=\"https:\/\/seryhumano.com\/web\/wp-content\/uploads\/2012\/11\/Radek-Babor\u00e1k.jpg\" alt=\"\" width=\"183\" height=\"275\" \/><\/a>Para La Sinf\u00f3nica es un gran placer presentar a\u00a0Radek Babor\u00e1k, considerado un extraordinario talento y un genio. Cornista principal de la Orquesta\u00a0Filarm\u00f3nica de Berl\u00edn\u00a0(2000-2010) y\u00a0solista frecuentemente invitado por las orquestas m\u00e1s destacadas a nivel mundial bajo la direcci\u00f3n de grandes directores. Su repertorio incluye toda la literatura escrita para corno, desde el barroco hasta el presente.<\/p>\n<p>En el 2000, Babor\u00e1k gan\u00f3 el cargo de cornista principal de la\u00a0Berliner Philharmnoniker\u00a0con la que se ha presentado como solista en el\u00a0Festival de Salzburgo\u00a0(Serenata\u00a0de Britten, dirigida por Sir Simon Rattle). Posteriores presentaciones en Praga en el famoso\u00a0State Theater\u00a0(Concierto de Mayo\u00a0con Mozart, dirigido por Daniel Barenboim) y por supuesto en la sala de conciertos de la\u00a0Filarm\u00f3nica de Berl\u00edn\u00a0(Konzertst\u00fcck\u00a0para cuatro cornos de R. Schumann, bajo la direcci\u00f3n de Dmitrij Kitajenko;\u00a0Concierto para corno\u00a0de\u00a0Reinhold Gli\u00e8re,\u00a0por mencionar los m\u00e1s destacados).\u00a0\u00a0Es tambi\u00e9n miembro de los\u00a0Solistas de Viento de Berl\u00edn\u00a0(Berliner Wind Soloists) y del\u00a0Berliner Horn Octet.\u00a0Igualmente se ha presentado con la\u00a0Orquesta Barroca de Berl\u00edn, y es tambi\u00e9n miembro del Octeto de la\u00a0Orquesta Filarm\u00f3nica de Berl\u00edn.<\/p>\n<p><a href=\"https:\/\/seryhumano.com\/web\/?attachment_id=1715\" rel=\"attachment wp-att-1715\"><img loading=\"lazy\" decoding=\"async\" class=\"alignleft size-full wp-image-1715\" title=\"Javier Bonet\" src=\"https:\/\/seryhumano.com\/web\/wp-content\/uploads\/2012\/11\/Javier-Bonet.jpg\" alt=\"\" width=\"264\" height=\"191\" \/><\/a>Javier Bonet\u00a0por su parte, ha sido mundialmente aclamado como referente en la interpretaci\u00f3n con instrumentos hist\u00f3ricos, colaborador habitual de Jordi Savall en \u201cLe\u00a0Concert\u00a0des\u00a0Nations\u201d, fundador junto a Emilio Moreno de \u201cEl Concierto\u00a0Espa\u00f1ol\u201d, creador y director del grupo de trompas naturales\u00a0\u201cCorniloquio\u201d,\u00a0investigador inquieto,\u00a0su gran versatilidad hace que paralelamente desarrolle un trabajo internacionalmente reconocido en el \u00e1mbito de la trompa moderna. Podemos verlo tanto estrenando composiciones de los m\u00e1s actuales creadores, como brillando en el mundo de la m\u00e1s variopinta m\u00fasica de c\u00e1mara o presentando originales programas pedag\u00f3gicos. Ha tocado como solista con muchas de las orquestas espa\u00f1olas, en multitud de pa\u00edses europeos y en Taiwan.<\/p>\n<p><a href=\"https:\/\/seryhumano.com\/web\/?attachment_id=1716\" rel=\"attachment wp-att-1716\"><img loading=\"lazy\" decoding=\"async\" class=\"alignleft size-full wp-image-1716\" title=\"Joel Arias\" src=\"https:\/\/seryhumano.com\/web\/wp-content\/uploads\/2012\/11\/Joel-Arias.jpg\" alt=\"\" width=\"204\" height=\"247\" \/><\/a>Junto a ellos brillar\u00e1n los extraordinarios cornos de\u00a0Joel Arias,\u00a0actual Corno Solista de la\u00a0Sinf\u00f3nica de Venezuela (OSV)\u00a0y Profesor de la C\u00e1tedra de Corno del\u00a0Mozarteum de Caracas. Activo interprete del Corno Natural, pionero en Latinoam\u00e9rica en su ense\u00f1anza y en la difusi\u00f3n de este como instrumento solista; y\u00a0Liber Oscher, destacado m\u00fasico que ha realizado una importante labor pedag\u00f3gica en la Academia Nacional de Corno de FundaMusical Bol\u00edvar, el Centro Mozarteum de Caracas, el Festival y Academia de Corno de Manizales y el Instituto Departamental de Bellas Artes de Cali, Colombia.<\/p>\n<p><a href=\"https:\/\/seryhumano.com\/web\/?attachment_id=1717\" rel=\"attachment wp-att-1717\"><img loading=\"lazy\" decoding=\"async\" class=\"alignleft size-thumbnail wp-image-1717\" title=\"Liber Oscher\" src=\"https:\/\/seryhumano.com\/web\/wp-content\/uploads\/2012\/11\/256_16992309020_5411_n-150x150.jpg\" alt=\"\" width=\"150\" height=\"150\" srcset=\"https:\/\/seryhumano.com\/web\/wp-content\/uploads\/2012\/11\/256_16992309020_5411_n-150x150.jpg 150w, https:\/\/seryhumano.com\/web\/wp-content\/uploads\/2012\/11\/256_16992309020_5411_n-50x50.jpg 50w\" sizes=\"auto, (max-width: 150px) 100vw, 150px\" \/><\/a>Extendemos la invitaci\u00f3n al p\u00fablico caraque\u00f1o para disfrutar de estos grandes talentos unidos por el amor a la m\u00fasica y a todas sus expresiones.<\/p>\n<p>seryhumano.com<\/p>\n<p>[youtube]http:\/\/www.youtube.com\/watch?v=d5C9FY5FoUI[\/youtube]<\/p>\n","protected":false},"excerpt":{"rendered":"<p>\u00a0La Orquesta Sinf\u00f3nica de Venezuela,\u00a0Patrimonio Art\u00edstico y Cultural de la Naci\u00f3n, siempre \u00e1vida de emprender retos art\u00edsticos de alt\u00edsima calidad presenta este jueves 22 de noviembre en la Sala Jos\u00e9 F\u00e9lix Ribas del Teatro Teresa Carre\u00f1o a las\u00a07:00 p.m. su Serie Internacional, bajo la conducci\u00f3n del\u00a0MaestroTheodore Kuchar, con 4 solistas muy especiales en la ejecuci\u00f3n&hellip;<\/p>\n","protected":false},"author":2,"featured_media":1721,"comment_status":"closed","ping_status":"closed","sticky":false,"template":"","format":"standard","meta":{"footnotes":""},"categories":[110,114],"tags":[111],"class_list":["post-1711","post","type-post","status-publish","format-standard","has-post-thumbnail","hentry","category-noticias","category-sonidos","tag-slider","category-110","category-114","description-off"],"yoast_head":"<!-- This site is optimized with the Yoast SEO plugin v25.4 - https:\/\/yoast.com\/wordpress\/plugins\/seo\/ -->\n<title>La Serie Internacional de la Orquesta Sinf\u00f3nica de Venezuela  &#187; SeryHumano.com<\/title>\n<meta name=\"robots\" content=\"index, follow, max-snippet:-1, max-image-preview:large, max-video-preview:-1\" \/>\n<link rel=\"canonical\" href=\"https:\/\/seryhumano.com\/web\/?p=1711\" \/>\n<meta property=\"og:locale\" content=\"es_ES\" \/>\n<meta property=\"og:type\" content=\"article\" \/>\n<meta property=\"og:title\" content=\"La Serie Internacional de la Orquesta Sinf\u00f3nica de Venezuela  &#187; SeryHumano.com\" \/>\n<meta property=\"og:description\" content=\"\u00a0La Orquesta Sinf\u00f3nica de Venezuela,\u00a0Patrimonio Art\u00edstico y Cultural de la Naci\u00f3n, siempre \u00e1vida de emprender retos art\u00edsticos de alt\u00edsima calidad presenta este jueves 22 de noviembre en la Sala Jos\u00e9 F\u00e9lix Ribas del Teatro Teresa Carre\u00f1o a las\u00a07:00 p.m. su Serie Internacional, bajo la conducci\u00f3n del\u00a0MaestroTheodore Kuchar, con 4 solistas muy especiales en la ejecuci\u00f3n&hellip;\" \/>\n<meta property=\"og:url\" content=\"https:\/\/seryhumano.com\/web\/?p=1711\" \/>\n<meta property=\"og:site_name\" content=\"SeryHumano.com\" \/>\n<meta property=\"article:publisher\" content=\"https:\/\/www.facebook.com\/seryhumano\/\" \/>\n<meta property=\"article:published_time\" content=\"2012-11-20T22:32:19+00:00\" \/>\n<meta property=\"article:modified_time\" content=\"2012-11-20T22:54:24+00:00\" \/>\n<meta property=\"og:image\" content=\"https:\/\/seryhumano.com\/web\/wp-content\/uploads\/2012\/11\/featureslider_osv.jpg\" \/>\n\t<meta property=\"og:image:width\" content=\"910\" \/>\n\t<meta property=\"og:image:height\" content=\"227\" \/>\n\t<meta property=\"og:image:type\" content=\"image\/jpeg\" \/>\n<meta name=\"author\" content=\"@herrera_yosmar\" \/>\n<meta name=\"twitter:card\" content=\"summary_large_image\" \/>\n<meta name=\"twitter:creator\" content=\"@SeryHumano\" \/>\n<meta name=\"twitter:site\" content=\"@SeryHumano\" \/>\n<meta name=\"twitter:label1\" content=\"Escrito por\" \/>\n\t<meta name=\"twitter:data1\" content=\"@herrera_yosmar\" \/>\n\t<meta name=\"twitter:label2\" content=\"Tiempo de lectura\" \/>\n\t<meta name=\"twitter:data2\" content=\"3 minutos\" \/>\n<script type=\"application\/ld+json\" class=\"yoast-schema-graph\">{\"@context\":\"https:\/\/schema.org\",\"@graph\":[{\"@type\":\"Article\",\"@id\":\"https:\/\/seryhumano.com\/web\/?p=1711#article\",\"isPartOf\":{\"@id\":\"https:\/\/seryhumano.com\/web\/?p=1711\"},\"author\":{\"name\":\"@herrera_yosmar\",\"@id\":\"https:\/\/seryhumano.com\/web\/#\/schema\/person\/fd30e8e0b394a62344b44d9b0fe75795\"},\"headline\":\"La Serie Internacional de la Orquesta Sinf\u00f3nica de Venezuela\",\"datePublished\":\"2012-11-20T22:32:19+00:00\",\"dateModified\":\"2012-11-20T22:54:24+00:00\",\"mainEntityOfPage\":{\"@id\":\"https:\/\/seryhumano.com\/web\/?p=1711\"},\"wordCount\":649,\"publisher\":{\"@id\":\"https:\/\/seryhumano.com\/web\/#organization\"},\"image\":{\"@id\":\"https:\/\/seryhumano.com\/web\/?p=1711#primaryimage\"},\"thumbnailUrl\":\"https:\/\/seryhumano.com\/web\/wp-content\/uploads\/2012\/11\/featureslider_osv.jpg\",\"keywords\":[\"Slider\"],\"articleSection\":[\"Noticias\",\"Sonidos del Ser\"],\"inLanguage\":\"es\"},{\"@type\":\"WebPage\",\"@id\":\"https:\/\/seryhumano.com\/web\/?p=1711\",\"url\":\"https:\/\/seryhumano.com\/web\/?p=1711\",\"name\":\"La Serie Internacional de la Orquesta Sinf\u00f3nica de Venezuela &#187; SeryHumano.com\",\"isPartOf\":{\"@id\":\"https:\/\/seryhumano.com\/web\/#website\"},\"primaryImageOfPage\":{\"@id\":\"https:\/\/seryhumano.com\/web\/?p=1711#primaryimage\"},\"image\":{\"@id\":\"https:\/\/seryhumano.com\/web\/?p=1711#primaryimage\"},\"thumbnailUrl\":\"https:\/\/seryhumano.com\/web\/wp-content\/uploads\/2012\/11\/featureslider_osv.jpg\",\"datePublished\":\"2012-11-20T22:32:19+00:00\",\"dateModified\":\"2012-11-20T22:54:24+00:00\",\"breadcrumb\":{\"@id\":\"https:\/\/seryhumano.com\/web\/?p=1711#breadcrumb\"},\"inLanguage\":\"es\",\"potentialAction\":[{\"@type\":\"ReadAction\",\"target\":[\"https:\/\/seryhumano.com\/web\/?p=1711\"]}]},{\"@type\":\"ImageObject\",\"inLanguage\":\"es\",\"@id\":\"https:\/\/seryhumano.com\/web\/?p=1711#primaryimage\",\"url\":\"https:\/\/seryhumano.com\/web\/wp-content\/uploads\/2012\/11\/featureslider_osv.jpg\",\"contentUrl\":\"https:\/\/seryhumano.com\/web\/wp-content\/uploads\/2012\/11\/featureslider_osv.jpg\",\"width\":\"910\",\"height\":\"227\"},{\"@type\":\"BreadcrumbList\",\"@id\":\"https:\/\/seryhumano.com\/web\/?p=1711#breadcrumb\",\"itemListElement\":[{\"@type\":\"ListItem\",\"position\":1,\"name\":\"Portada\",\"item\":\"https:\/\/seryhumano.com\/web\/\"},{\"@type\":\"ListItem\",\"position\":2,\"name\":\"La Serie Internacional de la Orquesta Sinf\u00f3nica de Venezuela\"}]},{\"@type\":\"WebSite\",\"@id\":\"https:\/\/seryhumano.com\/web\/#website\",\"url\":\"https:\/\/seryhumano.com\/web\/\",\"name\":\"SeryHumano.com\",\"description\":\"Revista digital muy humana, donde lo mas importante es el Ser...\",\"publisher\":{\"@id\":\"https:\/\/seryhumano.com\/web\/#organization\"},\"potentialAction\":[{\"@type\":\"SearchAction\",\"target\":{\"@type\":\"EntryPoint\",\"urlTemplate\":\"https:\/\/seryhumano.com\/web\/?s={search_term_string}\"},\"query-input\":{\"@type\":\"PropertyValueSpecification\",\"valueRequired\":true,\"valueName\":\"search_term_string\"}}],\"inLanguage\":\"es\"},{\"@type\":\"Organization\",\"@id\":\"https:\/\/seryhumano.com\/web\/#organization\",\"name\":\"SeryHumano.com\",\"url\":\"https:\/\/seryhumano.com\/web\/\",\"logo\":{\"@type\":\"ImageObject\",\"inLanguage\":\"es\",\"@id\":\"https:\/\/seryhumano.com\/web\/#\/schema\/logo\/image\/\",\"url\":\"https:\/\/seryhumano.com\/web\/wp-content\/uploads\/2020\/02\/JNe5VRwH_400x400-2.jpg\",\"contentUrl\":\"https:\/\/seryhumano.com\/web\/wp-content\/uploads\/2020\/02\/JNe5VRwH_400x400-2.jpg\",\"width\":400,\"height\":400,\"caption\":\"SeryHumano.com\"},\"image\":{\"@id\":\"https:\/\/seryhumano.com\/web\/#\/schema\/logo\/image\/\"},\"sameAs\":[\"https:\/\/www.facebook.com\/seryhumano\/\",\"https:\/\/x.com\/SeryHumano\",\"https:\/\/www.instagram.com\/seryhumano\/\",\"https:\/\/www.linkedin.com\/company\/seryhumano-com\/\",\"https:\/\/www.youtube.com\/channel\/UCYfgIGSxygVnJAW0e9ZBZWg\"]},{\"@type\":\"Person\",\"@id\":\"https:\/\/seryhumano.com\/web\/#\/schema\/person\/fd30e8e0b394a62344b44d9b0fe75795\",\"name\":\"@herrera_yosmar\",\"description\":\"Eterna enamorada de la vida, comunicadora, mam\u00e1 de tres\",\"sameAs\":[\"http:\/\/seryhumano.com\"],\"url\":\"https:\/\/seryhumano.com\/web\/?author=2\"}]}<\/script>\n<!-- \/ Yoast SEO plugin. -->","yoast_head_json":{"title":"La Serie Internacional de la Orquesta Sinf\u00f3nica de Venezuela  &#187; SeryHumano.com","robots":{"index":"index","follow":"follow","max-snippet":"max-snippet:-1","max-image-preview":"max-image-preview:large","max-video-preview":"max-video-preview:-1"},"canonical":"https:\/\/seryhumano.com\/web\/?p=1711","og_locale":"es_ES","og_type":"article","og_title":"La Serie Internacional de la Orquesta Sinf\u00f3nica de Venezuela  &#187; SeryHumano.com","og_description":"\u00a0La Orquesta Sinf\u00f3nica de Venezuela,\u00a0Patrimonio Art\u00edstico y Cultural de la Naci\u00f3n, siempre \u00e1vida de emprender retos art\u00edsticos de alt\u00edsima calidad presenta este jueves 22 de noviembre en la Sala Jos\u00e9 F\u00e9lix Ribas del Teatro Teresa Carre\u00f1o a las\u00a07:00 p.m. su Serie Internacional, bajo la conducci\u00f3n del\u00a0MaestroTheodore Kuchar, con 4 solistas muy especiales en la ejecuci\u00f3n&hellip;","og_url":"https:\/\/seryhumano.com\/web\/?p=1711","og_site_name":"SeryHumano.com","article_publisher":"https:\/\/www.facebook.com\/seryhumano\/","article_published_time":"2012-11-20T22:32:19+00:00","article_modified_time":"2012-11-20T22:54:24+00:00","og_image":[{"width":910,"height":227,"url":"https:\/\/seryhumano.com\/web\/wp-content\/uploads\/2012\/11\/featureslider_osv.jpg","type":"image\/jpeg"}],"author":"@herrera_yosmar","twitter_card":"summary_large_image","twitter_creator":"@SeryHumano","twitter_site":"@SeryHumano","twitter_misc":{"Escrito por":"@herrera_yosmar","Tiempo de lectura":"3 minutos"},"schema":{"@context":"https:\/\/schema.org","@graph":[{"@type":"Article","@id":"https:\/\/seryhumano.com\/web\/?p=1711#article","isPartOf":{"@id":"https:\/\/seryhumano.com\/web\/?p=1711"},"author":{"name":"@herrera_yosmar","@id":"https:\/\/seryhumano.com\/web\/#\/schema\/person\/fd30e8e0b394a62344b44d9b0fe75795"},"headline":"La Serie Internacional de la Orquesta Sinf\u00f3nica de Venezuela","datePublished":"2012-11-20T22:32:19+00:00","dateModified":"2012-11-20T22:54:24+00:00","mainEntityOfPage":{"@id":"https:\/\/seryhumano.com\/web\/?p=1711"},"wordCount":649,"publisher":{"@id":"https:\/\/seryhumano.com\/web\/#organization"},"image":{"@id":"https:\/\/seryhumano.com\/web\/?p=1711#primaryimage"},"thumbnailUrl":"https:\/\/seryhumano.com\/web\/wp-content\/uploads\/2012\/11\/featureslider_osv.jpg","keywords":["Slider"],"articleSection":["Noticias","Sonidos del Ser"],"inLanguage":"es"},{"@type":"WebPage","@id":"https:\/\/seryhumano.com\/web\/?p=1711","url":"https:\/\/seryhumano.com\/web\/?p=1711","name":"La Serie Internacional de la Orquesta Sinf\u00f3nica de Venezuela &#187; SeryHumano.com","isPartOf":{"@id":"https:\/\/seryhumano.com\/web\/#website"},"primaryImageOfPage":{"@id":"https:\/\/seryhumano.com\/web\/?p=1711#primaryimage"},"image":{"@id":"https:\/\/seryhumano.com\/web\/?p=1711#primaryimage"},"thumbnailUrl":"https:\/\/seryhumano.com\/web\/wp-content\/uploads\/2012\/11\/featureslider_osv.jpg","datePublished":"2012-11-20T22:32:19+00:00","dateModified":"2012-11-20T22:54:24+00:00","breadcrumb":{"@id":"https:\/\/seryhumano.com\/web\/?p=1711#breadcrumb"},"inLanguage":"es","potentialAction":[{"@type":"ReadAction","target":["https:\/\/seryhumano.com\/web\/?p=1711"]}]},{"@type":"ImageObject","inLanguage":"es","@id":"https:\/\/seryhumano.com\/web\/?p=1711#primaryimage","url":"https:\/\/seryhumano.com\/web\/wp-content\/uploads\/2012\/11\/featureslider_osv.jpg","contentUrl":"https:\/\/seryhumano.com\/web\/wp-content\/uploads\/2012\/11\/featureslider_osv.jpg","width":"910","height":"227"},{"@type":"BreadcrumbList","@id":"https:\/\/seryhumano.com\/web\/?p=1711#breadcrumb","itemListElement":[{"@type":"ListItem","position":1,"name":"Portada","item":"https:\/\/seryhumano.com\/web\/"},{"@type":"ListItem","position":2,"name":"La Serie Internacional de la Orquesta Sinf\u00f3nica de Venezuela"}]},{"@type":"WebSite","@id":"https:\/\/seryhumano.com\/web\/#website","url":"https:\/\/seryhumano.com\/web\/","name":"SeryHumano.com","description":"Revista digital muy humana, donde lo mas importante es el Ser...","publisher":{"@id":"https:\/\/seryhumano.com\/web\/#organization"},"potentialAction":[{"@type":"SearchAction","target":{"@type":"EntryPoint","urlTemplate":"https:\/\/seryhumano.com\/web\/?s={search_term_string}"},"query-input":{"@type":"PropertyValueSpecification","valueRequired":true,"valueName":"search_term_string"}}],"inLanguage":"es"},{"@type":"Organization","@id":"https:\/\/seryhumano.com\/web\/#organization","name":"SeryHumano.com","url":"https:\/\/seryhumano.com\/web\/","logo":{"@type":"ImageObject","inLanguage":"es","@id":"https:\/\/seryhumano.com\/web\/#\/schema\/logo\/image\/","url":"https:\/\/seryhumano.com\/web\/wp-content\/uploads\/2020\/02\/JNe5VRwH_400x400-2.jpg","contentUrl":"https:\/\/seryhumano.com\/web\/wp-content\/uploads\/2020\/02\/JNe5VRwH_400x400-2.jpg","width":400,"height":400,"caption":"SeryHumano.com"},"image":{"@id":"https:\/\/seryhumano.com\/web\/#\/schema\/logo\/image\/"},"sameAs":["https:\/\/www.facebook.com\/seryhumano\/","https:\/\/x.com\/SeryHumano","https:\/\/www.instagram.com\/seryhumano\/","https:\/\/www.linkedin.com\/company\/seryhumano-com\/","https:\/\/www.youtube.com\/channel\/UCYfgIGSxygVnJAW0e9ZBZWg"]},{"@type":"Person","@id":"https:\/\/seryhumano.com\/web\/#\/schema\/person\/fd30e8e0b394a62344b44d9b0fe75795","name":"@herrera_yosmar","description":"Eterna enamorada de la vida, comunicadora, mam\u00e1 de tres","sameAs":["http:\/\/seryhumano.com"],"url":"https:\/\/seryhumano.com\/web\/?author=2"}]}},"_links":{"self":[{"href":"https:\/\/seryhumano.com\/web\/index.php?rest_route=\/wp\/v2\/posts\/1711","targetHints":{"allow":["GET"]}}],"collection":[{"href":"https:\/\/seryhumano.com\/web\/index.php?rest_route=\/wp\/v2\/posts"}],"about":[{"href":"https:\/\/seryhumano.com\/web\/index.php?rest_route=\/wp\/v2\/types\/post"}],"author":[{"embeddable":true,"href":"https:\/\/seryhumano.com\/web\/index.php?rest_route=\/wp\/v2\/users\/2"}],"replies":[{"embeddable":true,"href":"https:\/\/seryhumano.com\/web\/index.php?rest_route=%2Fwp%2Fv2%2Fcomments&post=1711"}],"version-history":[{"count":0,"href":"https:\/\/seryhumano.com\/web\/index.php?rest_route=\/wp\/v2\/posts\/1711\/revisions"}],"wp:featuredmedia":[{"embeddable":true,"href":"https:\/\/seryhumano.com\/web\/index.php?rest_route=\/wp\/v2\/media\/1721"}],"wp:attachment":[{"href":"https:\/\/seryhumano.com\/web\/index.php?rest_route=%2Fwp%2Fv2%2Fmedia&parent=1711"}],"wp:term":[{"taxonomy":"category","embeddable":true,"href":"https:\/\/seryhumano.com\/web\/index.php?rest_route=%2Fwp%2Fv2%2Fcategories&post=1711"},{"taxonomy":"post_tag","embeddable":true,"href":"https:\/\/seryhumano.com\/web\/index.php?rest_route=%2Fwp%2Fv2%2Ftags&post=1711"}],"curies":[{"name":"wp","href":"https:\/\/api.w.org\/{rel}","templated":true}]}}