{"id":17252,"date":"2014-12-22T08:48:13","date_gmt":"2014-12-22T13:18:13","guid":{"rendered":"https:\/\/seryhumano.com\/web\/?p=17252"},"modified":"2014-12-29T14:08:51","modified_gmt":"2014-12-29T18:38:51","slug":"depresion-de-navidad","status":"publish","type":"post","link":"https:\/\/seryhumano.com\/web\/?p=17252","title":{"rendered":"Depresi\u00f3n de Navidad"},"content":{"rendered":"<p><a href=\"https:\/\/seryhumano.com\/web\/?attachment_id=17253\" rel=\"attachment wp-att-17253\"><img loading=\"lazy\" decoding=\"async\" class=\"alignleft size-medium wp-image-17253\" src=\"https:\/\/seryhumano.com\/web\/wp-content\/uploads\/2014\/12\/Depre-300x169.jpg\" alt=\"Depre\" width=\"300\" height=\"169\" srcset=\"https:\/\/seryhumano.com\/web\/wp-content\/uploads\/2014\/12\/Depre-300x169.jpg 300w, https:\/\/seryhumano.com\/web\/wp-content\/uploads\/2014\/12\/Depre-265x150.jpg 265w, https:\/\/seryhumano.com\/web\/wp-content\/uploads\/2014\/12\/Depre.jpg 732w\" sizes=\"auto, (max-width: 300px) 100vw, 300px\" \/><\/a>La depresi\u00f3n de Navidad no aparece como tal en ninguno de los manuales que clasifican a las enfermedades mentales, sin embargo, en la pr\u00e1ctica se constata con frecuencia un s\u00edndrome caracterizado por un estado de \u00e1nimo melanc\u00f3lico que surge en las fiestas navide\u00f1as, una \u00e9poca del a\u00f1o en la que se ha institucionalizado la obligaci\u00f3n social de realizar esfuerzos de convivencia y manifestaciones de paz y amor que muchas veces se oponen a nuestros sentimientos y al tipo de relaci\u00f3n que durante el resto del a\u00f1o mantenemos con quienes se espera que mostremos una afabilidad que para muchos resulta imposible, surgiendo un estado de frustraci\u00f3n al tener que elegir entre dos sentimientos contradictorios como son la obligaci\u00f3n social de someterse a unos convencionalismos y el rechazo a seguir las normas impuestas<\/p>\n<p>Si a esto a\u00f1adimos los inevitables recuerdos que surgen al evocar a seres muy queridos, que bien fallecieron o bien se encuentran lejos en la distancia (tanto f\u00edsica como otras distancias m\u00e1s dif\u00edciles de soslayar), con quienes es imposible compartir estas fechas, al asociarse esta nostalgia con los sentimientos contradictorios antes mencionados, surge un caldo de cultivo id\u00f3neo para que aflore la depresi\u00f3n de Navidad, una entidad cl\u00ednica que guarda gran similitud con la depresi\u00f3n verdadera y que, en individuos predispuestos (sobre todo quienes han sufrido depresiones previas) puede dar lugar a una aut\u00e9ntica depresi\u00f3n que cumpla los criterios diagn\u00f3sticos para ser considerada como tal y, en consecuencia, ser tratada.<\/p>\n<p>Los rasgos de personalidad que definen a cada individuo influyen en la aparici\u00f3n de esta depresi\u00f3n de Navidad, as\u00ed como tambi\u00e9n la importancia que cada cual le confiera a estas fiestas (seg\u00fan sus creencias o su apego a la tradici\u00f3n) y su labilidad a responder con sentimentalismo a las campa\u00f1as publicitarias dirigidas a excitar las fibras m\u00e1s sensibles de los destinatarios sin otro objetivo que fomentar el consumismo.<\/p>\n<p><strong>S\u00edntomas y factores que concurren en la depresi\u00f3n de Navidad<\/strong><\/p>\n<p>La depresi\u00f3n de Navidad cumple con muchas (a veces todas) las caracter\u00edsticas que definen a la depresi\u00f3n com\u00fan, por ello, quien la padece, experimenta sentimientos de tristeza y melancol\u00eda asociada a una visi\u00f3n negativa de la realidad que contrasta con la alegr\u00eda que encuentra a su alrededor y ante la cual se siente fuera de lugar.<\/p>\n<p>Los factores que propician este sentimiento son:<a href=\"https:\/\/seryhumano.com\/web\/?attachment_id=17257\" rel=\"attachment wp-att-17257\"><img loading=\"lazy\" decoding=\"async\" class=\"alignright size-medium wp-image-17257\" src=\"https:\/\/seryhumano.com\/web\/wp-content\/uploads\/2014\/12\/navidad1-300x226.jpg\" alt=\"navidad1\" width=\"300\" height=\"226\" \/><\/a><\/p>\n<p>Nostalgia por la ausencia de seres queridos que crea una visi\u00f3n en t\u00fanel, negativa y monotem\u00e1tica, que impide participar de la fiesta al sentirse incapaces para valorar aquellas personas y situaciones gratificantes y placenteras que s\u00ed que se encuentran a su alcance.<\/p>\n<p>Recuerdos de acontecimientos pasados negativos (tanto en Navidades anteriores como a lo largo del a\u00f1o) que ahora salen a relucir haciendo que el individuo considere desdichada su existencia. Se trata de un modo t\u00f3xico de rememorar el pasado, imposible de evitar para quienes se sienten prisionero de vivencias da\u00f1inas y no resueltas que repercuten en su presente.<\/p>\n<p>Sentimientos de soledad y a\u00f1oranza de quienes se encuentran f\u00edsicamente lejos de su familia y no les es posible visitarlos en estas fechas. Tambi\u00e9n en estos casos se crea una visi\u00f3n negativa en t\u00fanel que impide ver lo que de positivo y gratificante pueda estar al alcance de la mano de quienes sufren esta dolorosa soledad sin darse cuenta de que en su entorno hay personas y oportunidades (a pesar de la lejan\u00eda de su hogar y la soledad que puede experimentar un emigrante) que pueden proporcionarles momentos placenteros.<\/p>\n<p>Desde una perspectiva socio-econ\u00f3mico-cultural, destaquemos que el fomento del consumo (a trav\u00e9s de la publicidad) predispone a que muchas personas se vean abocadas a una depresi\u00f3n como consecuencia del contraste entre el\u00a0 falso clich\u00e9 de felicidad que se divulga en los medios y que nada tiene que ver con la realidad que ellos sufren, ya no s\u00f3lo de tipo econ\u00f3mico, sino de \u00edndole personal, existencial, laboral o de pareja entre otros muchos.<\/p>\n<p>Caer en la trampa de comparar la propia realidad con los estereotipos que se nos imponen con af\u00e1n consumista, supone un duro choque que aboca a una depresi\u00f3n a individuos predispuestos al comprobar como su vida no se parece en nada a lo que exhiben los reportajes de los informativos y los anuncios publicitarios. Circunstancias tristes como no poder comprar a sus hijos regalos puede promover sentimientos de autocr\u00edtica y de fracaso as\u00ed como un rechazo al rol que el adulto desempe\u00f1a en su unidad familiar.<\/p>\n<p><strong>Algunos peque\u00f1os trucos para evitar la depresi\u00f3n navide\u00f1a<a href=\"https:\/\/seryhumano.com\/web\/?attachment_id=17255\" rel=\"attachment wp-att-17255\"><img loading=\"lazy\" decoding=\"async\" class=\"alignright size-medium wp-image-17255\" src=\"https:\/\/seryhumano.com\/web\/wp-content\/uploads\/2014\/12\/navidad-300x219.jpg\" alt=\"navidad\" width=\"300\" height=\"219\" srcset=\"https:\/\/seryhumano.com\/web\/wp-content\/uploads\/2014\/12\/navidad-300x219.jpg 300w, https:\/\/seryhumano.com\/web\/wp-content\/uploads\/2014\/12\/navidad.jpg 400w\" sizes=\"auto, (max-width: 300px) 100vw, 300px\" \/><\/a><\/strong><\/p>\n<p>Como es seguro que, entre los recuerdos de tus seres queridos fallecidos vas a encontrar infinitos momentos gratos, as\u00ed como Navidades junto a ellos que fueron felices, deber\u00edas probar a disfrutar de los recuerdos en lugar de atormentarte con ellos. Tambi\u00e9n es productivo asumir que, pese a lo irremediable de su p\u00e9rdida, esas remembranzas son s\u00f3lo tuyas, te pertenecer\u00e1n por siempre y podr\u00e1s revivirlas con quienes tienes a tu alrededor y esperan de ti algo m\u00e1s que melancol\u00eda. No te atormentes con los recuerdos y rememora todo lo agradable de aquellos que se fueron pero permanecen vivos en tus sentimientos. Piensa en sus chistes, sus an\u00e9cdotas y comp\u00e1rtelas. No renuncies a revivir en tu mente unos tiempos que fueron felices ya que, mantenerlos vivos te conferir\u00e1 un alivio que redundar\u00e1 en tu bienestar personal y en el de aquellos a quienes quieres.<\/p>\n<p>No te encierres en un caparaz\u00f3n de nostalgia. Habla con los tuyos, expr\u00e9sales libremente tus sentimientos y no s\u00f3lo los agradables sino tambi\u00e9n los que te atormentan (familiares que est\u00e1n lejos, aquellos con quienes una discusi\u00f3n los ha\u00a0distanciado, cualquier tipo de problema que te impida ser feliz). Verbalizar tu sufrimiento permitir\u00e1 romper ese c\u00edrculo vicioso que rumia en tu mente. Si compartes tus fantasmas, tal vez alguien de tu entorno pueda ayudarte a reestructurar de un modo distinto esos recuerdos, as\u00ed como contemplarlos desde una nueva perspectiva m\u00e1s saludable para tu bienestar.<\/p>\n<p>Intenta aceptar tu realidad tal cual es porque, si eres capaz de hacerlo, m\u00e1s que conformismo por esa aceptaci\u00f3n lo que conseguir\u00e1s ser\u00e1 activar los mecanismos resolutivos que est\u00e9n en tus manos para modificar la realidad que te atormenta y hacerlo en un sentido m\u00e1s beneficioso para todos.<\/p>\n<p>En cualquier caso, en tu esfuerzo por ser feliz, no intentes hacer m\u00e1s de lo que seas capaz de llevar a cabo, pues si fuerzas el mecanismo de tus recursos a\u00f1adir\u00e1s un agotamiento ps\u00edquico que se sumar\u00e1 y agravar\u00e1 el malestar de tu melancol\u00eda.<\/p>\n<p>Recuerda que la Navidad s\u00f3lo es una fecha m\u00e1s en el calendario y que cada cual confiere a esos d\u00edas un significado distinto mediatizado por la educaci\u00f3n que ha recibido en la infancia, las costumbres que imperan en nuestro \u00e1mbito relacional y la presi\u00f3n social a la que todos estamos sometidos. Intenta no darle a esta fiesta m\u00e1s importancia de la que en tu fuero interno sientas y considera que es solo tu voluntad y tu raciocinio quien deber\u00e1 decidir si participas o no en ella.<\/p>\n<p>Considera igualmente que no todo es pernicioso en los momentos bajos, pues estas situaciones pueden ser provechosas para estar contigo mismo y relajarte. Si consigues hacerlo sin atormentarte, es posible que salgas del trance con energ\u00edas renovadas.<\/p>\n<p>Suele tambi\u00e9n ser \u00fatil plantearse la propia situaci\u00f3n como si la estuvi\u00e9ramos viendo desde fuera, algo as\u00ed como convertirnos en unos meros espectadores de nuestra propia realidad. Intenta entonces analizar y valorar lo que de positivo y negativo hay en la situaci\u00f3n que te angustia, e intenta no caer en la trampa de focalizar la atenci\u00f3n solo en los aspectos que m\u00e1s da\u00f1o te hacen.<\/p>\n<p>Se h\u00e1bil y no te dejes influenciar ni enga\u00f1ar por las tretas de los publicistas que, con el \u00fanico objetivo de fomentar el consumo y vaciar tus bolsillos, te presentar\u00e1n una vida irreal cuando la \u00fanica aut\u00e9ntica y tangible sobre la que puedes ejercer control es la tuya y no otra.<\/p>\n<p>Si te sientes incapaz de resolver la situaci\u00f3n por ti mismo, no dudes, ni retrases el momento, de acudir a un profesional que con una psicoterapia adecuada te ayude a superar el trance.<\/p>\n<p>seryhumano.com \/ Clotilde Sarri\u00f3<\/p>\n<p>Fuente: estalt-terapia.es<\/p>\n","protected":false},"excerpt":{"rendered":"<p>La depresi\u00f3n de Navidad no aparece como tal en ninguno de los manuales que clasifican a las enfermedades mentales, sin embargo, en la pr\u00e1ctica se constata con frecuencia un s\u00edndrome caracterizado por un estado de \u00e1nimo melanc\u00f3lico que surge en las fiestas navide\u00f1as, una \u00e9poca del a\u00f1o en la que se ha institucionalizado la obligaci\u00f3n&hellip;<\/p>\n","protected":false},"author":2,"featured_media":17348,"comment_status":"closed","ping_status":"closed","sticky":false,"template":"","format":"standard","meta":{"footnotes":""},"categories":[142],"tags":[143],"class_list":["post-17252","post","type-post","status-publish","format-standard","has-post-thumbnail","hentry","category-navidad","tag-concepto-del-proyecto","category-142","description-off"],"yoast_head":"<!-- This site is optimized with the Yoast SEO plugin v25.4 - https:\/\/yoast.com\/wordpress\/plugins\/seo\/ -->\n<title>Depresi\u00f3n de Navidad<\/title>\n<meta name=\"description\" content=\"La depresi\u00f3n de Navidad no aparece como tal en ninguno de los manuales que clasifican a las enfermedades mentales, sin embargo, en la pr\u00e1ctica se constata con frecuencia un s\u00edndrome caracterizado por un estado de \u00e1nimo melanc\u00f3lico que surge en las fiestas navide\u00f1as\" \/>\n<meta name=\"robots\" content=\"index, follow, max-snippet:-1, max-image-preview:large, max-video-preview:-1\" \/>\n<link rel=\"canonical\" href=\"https:\/\/seryhumano.com\/web\/?p=17252\" \/>\n<meta property=\"og:locale\" content=\"es_ES\" \/>\n<meta property=\"og:type\" content=\"article\" \/>\n<meta property=\"og:title\" content=\"Depresi\u00f3n de Navidad\" \/>\n<meta property=\"og:description\" content=\"La depresi\u00f3n de Navidad no aparece como tal en ninguno de los manuales que clasifican a las enfermedades mentales, sin embargo, en la pr\u00e1ctica se constata con frecuencia un s\u00edndrome caracterizado por un estado de \u00e1nimo melanc\u00f3lico que surge en las fiestas navide\u00f1as\" \/>\n<meta property=\"og:url\" content=\"https:\/\/seryhumano.com\/web\/?p=17252\" \/>\n<meta property=\"og:site_name\" content=\"SeryHumano.com\" \/>\n<meta property=\"article:publisher\" content=\"https:\/\/www.facebook.com\/seryhumano\/\" \/>\n<meta property=\"article:published_time\" content=\"2014-12-22T13:18:13+00:00\" \/>\n<meta property=\"article:modified_time\" content=\"2014-12-29T18:38:51+00:00\" \/>\n<meta property=\"og:image\" content=\"https:\/\/seryhumano.com\/web\/wp-content\/uploads\/2014\/12\/featureslider77.jpg\" \/>\n\t<meta property=\"og:image:width\" content=\"910\" \/>\n\t<meta property=\"og:image:height\" content=\"227\" \/>\n\t<meta property=\"og:image:type\" content=\"image\/jpeg\" \/>\n<meta name=\"author\" content=\"@herrera_yosmar\" \/>\n<meta name=\"twitter:card\" content=\"summary_large_image\" \/>\n<meta name=\"twitter:creator\" content=\"@SeryHumano\" \/>\n<meta name=\"twitter:site\" content=\"@SeryHumano\" \/>\n<meta name=\"twitter:label1\" content=\"Escrito por\" \/>\n\t<meta name=\"twitter:data1\" content=\"@herrera_yosmar\" \/>\n\t<meta name=\"twitter:label2\" content=\"Tiempo de lectura\" \/>\n\t<meta name=\"twitter:data2\" content=\"7 minutos\" \/>\n<script type=\"application\/ld+json\" class=\"yoast-schema-graph\">{\"@context\":\"https:\/\/schema.org\",\"@graph\":[{\"@type\":\"Article\",\"@id\":\"https:\/\/seryhumano.com\/web\/?p=17252#article\",\"isPartOf\":{\"@id\":\"https:\/\/seryhumano.com\/web\/?p=17252\"},\"author\":{\"name\":\"@herrera_yosmar\",\"@id\":\"https:\/\/seryhumano.com\/web\/#\/schema\/person\/fd30e8e0b394a62344b44d9b0fe75795\"},\"headline\":\"Depresi\u00f3n de Navidad\",\"datePublished\":\"2014-12-22T13:18:13+00:00\",\"dateModified\":\"2014-12-29T18:38:51+00:00\",\"mainEntityOfPage\":{\"@id\":\"https:\/\/seryhumano.com\/web\/?p=17252\"},\"wordCount\":1455,\"publisher\":{\"@id\":\"https:\/\/seryhumano.com\/web\/#organization\"},\"image\":{\"@id\":\"https:\/\/seryhumano.com\/web\/?p=17252#primaryimage\"},\"thumbnailUrl\":\"https:\/\/seryhumano.com\/web\/wp-content\/uploads\/2014\/12\/featureslider77.jpg\",\"keywords\":[\"Concepto del Proyecto\"],\"articleSection\":[\"Navidad\"],\"inLanguage\":\"es\"},{\"@type\":\"WebPage\",\"@id\":\"https:\/\/seryhumano.com\/web\/?p=17252\",\"url\":\"https:\/\/seryhumano.com\/web\/?p=17252\",\"name\":\"Depresi\u00f3n de Navidad\",\"isPartOf\":{\"@id\":\"https:\/\/seryhumano.com\/web\/#website\"},\"primaryImageOfPage\":{\"@id\":\"https:\/\/seryhumano.com\/web\/?p=17252#primaryimage\"},\"image\":{\"@id\":\"https:\/\/seryhumano.com\/web\/?p=17252#primaryimage\"},\"thumbnailUrl\":\"https:\/\/seryhumano.com\/web\/wp-content\/uploads\/2014\/12\/featureslider77.jpg\",\"datePublished\":\"2014-12-22T13:18:13+00:00\",\"dateModified\":\"2014-12-29T18:38:51+00:00\",\"description\":\"La depresi\u00f3n de Navidad no aparece como tal en ninguno de los manuales que clasifican a las enfermedades mentales, sin embargo, en la pr\u00e1ctica se constata con frecuencia un s\u00edndrome caracterizado por un estado de \u00e1nimo melanc\u00f3lico que surge en las fiestas navide\u00f1as\",\"breadcrumb\":{\"@id\":\"https:\/\/seryhumano.com\/web\/?p=17252#breadcrumb\"},\"inLanguage\":\"es\",\"potentialAction\":[{\"@type\":\"ReadAction\",\"target\":[\"https:\/\/seryhumano.com\/web\/?p=17252\"]}]},{\"@type\":\"ImageObject\",\"inLanguage\":\"es\",\"@id\":\"https:\/\/seryhumano.com\/web\/?p=17252#primaryimage\",\"url\":\"https:\/\/seryhumano.com\/web\/wp-content\/uploads\/2014\/12\/featureslider77.jpg\",\"contentUrl\":\"https:\/\/seryhumano.com\/web\/wp-content\/uploads\/2014\/12\/featureslider77.jpg\",\"width\":910,\"height\":227},{\"@type\":\"BreadcrumbList\",\"@id\":\"https:\/\/seryhumano.com\/web\/?p=17252#breadcrumb\",\"itemListElement\":[{\"@type\":\"ListItem\",\"position\":1,\"name\":\"Portada\",\"item\":\"https:\/\/seryhumano.com\/web\/\"},{\"@type\":\"ListItem\",\"position\":2,\"name\":\"Depresi\u00f3n de Navidad\"}]},{\"@type\":\"WebSite\",\"@id\":\"https:\/\/seryhumano.com\/web\/#website\",\"url\":\"https:\/\/seryhumano.com\/web\/\",\"name\":\"SeryHumano.com\",\"description\":\"Revista digital muy humana, donde lo mas importante es el Ser...\",\"publisher\":{\"@id\":\"https:\/\/seryhumano.com\/web\/#organization\"},\"potentialAction\":[{\"@type\":\"SearchAction\",\"target\":{\"@type\":\"EntryPoint\",\"urlTemplate\":\"https:\/\/seryhumano.com\/web\/?s={search_term_string}\"},\"query-input\":{\"@type\":\"PropertyValueSpecification\",\"valueRequired\":true,\"valueName\":\"search_term_string\"}}],\"inLanguage\":\"es\"},{\"@type\":\"Organization\",\"@id\":\"https:\/\/seryhumano.com\/web\/#organization\",\"name\":\"SeryHumano.com\",\"url\":\"https:\/\/seryhumano.com\/web\/\",\"logo\":{\"@type\":\"ImageObject\",\"inLanguage\":\"es\",\"@id\":\"https:\/\/seryhumano.com\/web\/#\/schema\/logo\/image\/\",\"url\":\"https:\/\/seryhumano.com\/web\/wp-content\/uploads\/2020\/02\/JNe5VRwH_400x400-2.jpg\",\"contentUrl\":\"https:\/\/seryhumano.com\/web\/wp-content\/uploads\/2020\/02\/JNe5VRwH_400x400-2.jpg\",\"width\":400,\"height\":400,\"caption\":\"SeryHumano.com\"},\"image\":{\"@id\":\"https:\/\/seryhumano.com\/web\/#\/schema\/logo\/image\/\"},\"sameAs\":[\"https:\/\/www.facebook.com\/seryhumano\/\",\"https:\/\/x.com\/SeryHumano\",\"https:\/\/www.instagram.com\/seryhumano\/\",\"https:\/\/www.linkedin.com\/company\/seryhumano-com\/\",\"https:\/\/www.youtube.com\/channel\/UCYfgIGSxygVnJAW0e9ZBZWg\"]},{\"@type\":\"Person\",\"@id\":\"https:\/\/seryhumano.com\/web\/#\/schema\/person\/fd30e8e0b394a62344b44d9b0fe75795\",\"name\":\"@herrera_yosmar\",\"description\":\"Eterna enamorada de la vida, comunicadora, mam\u00e1 de tres\",\"sameAs\":[\"http:\/\/seryhumano.com\"],\"url\":\"https:\/\/seryhumano.com\/web\/?author=2\"}]}<\/script>\n<!-- \/ Yoast SEO plugin. -->","yoast_head_json":{"title":"Depresi\u00f3n de Navidad","description":"La depresi\u00f3n de Navidad no aparece como tal en ninguno de los manuales que clasifican a las enfermedades mentales, sin embargo, en la pr\u00e1ctica se constata con frecuencia un s\u00edndrome caracterizado por un estado de \u00e1nimo melanc\u00f3lico que surge en las fiestas navide\u00f1as","robots":{"index":"index","follow":"follow","max-snippet":"max-snippet:-1","max-image-preview":"max-image-preview:large","max-video-preview":"max-video-preview:-1"},"canonical":"https:\/\/seryhumano.com\/web\/?p=17252","og_locale":"es_ES","og_type":"article","og_title":"Depresi\u00f3n de Navidad","og_description":"La depresi\u00f3n de Navidad no aparece como tal en ninguno de los manuales que clasifican a las enfermedades mentales, sin embargo, en la pr\u00e1ctica se constata con frecuencia un s\u00edndrome caracterizado por un estado de \u00e1nimo melanc\u00f3lico que surge en las fiestas navide\u00f1as","og_url":"https:\/\/seryhumano.com\/web\/?p=17252","og_site_name":"SeryHumano.com","article_publisher":"https:\/\/www.facebook.com\/seryhumano\/","article_published_time":"2014-12-22T13:18:13+00:00","article_modified_time":"2014-12-29T18:38:51+00:00","og_image":[{"width":910,"height":227,"url":"https:\/\/seryhumano.com\/web\/wp-content\/uploads\/2014\/12\/featureslider77.jpg","type":"image\/jpeg"}],"author":"@herrera_yosmar","twitter_card":"summary_large_image","twitter_creator":"@SeryHumano","twitter_site":"@SeryHumano","twitter_misc":{"Escrito por":"@herrera_yosmar","Tiempo de lectura":"7 minutos"},"schema":{"@context":"https:\/\/schema.org","@graph":[{"@type":"Article","@id":"https:\/\/seryhumano.com\/web\/?p=17252#article","isPartOf":{"@id":"https:\/\/seryhumano.com\/web\/?p=17252"},"author":{"name":"@herrera_yosmar","@id":"https:\/\/seryhumano.com\/web\/#\/schema\/person\/fd30e8e0b394a62344b44d9b0fe75795"},"headline":"Depresi\u00f3n de Navidad","datePublished":"2014-12-22T13:18:13+00:00","dateModified":"2014-12-29T18:38:51+00:00","mainEntityOfPage":{"@id":"https:\/\/seryhumano.com\/web\/?p=17252"},"wordCount":1455,"publisher":{"@id":"https:\/\/seryhumano.com\/web\/#organization"},"image":{"@id":"https:\/\/seryhumano.com\/web\/?p=17252#primaryimage"},"thumbnailUrl":"https:\/\/seryhumano.com\/web\/wp-content\/uploads\/2014\/12\/featureslider77.jpg","keywords":["Concepto del Proyecto"],"articleSection":["Navidad"],"inLanguage":"es"},{"@type":"WebPage","@id":"https:\/\/seryhumano.com\/web\/?p=17252","url":"https:\/\/seryhumano.com\/web\/?p=17252","name":"Depresi\u00f3n de Navidad","isPartOf":{"@id":"https:\/\/seryhumano.com\/web\/#website"},"primaryImageOfPage":{"@id":"https:\/\/seryhumano.com\/web\/?p=17252#primaryimage"},"image":{"@id":"https:\/\/seryhumano.com\/web\/?p=17252#primaryimage"},"thumbnailUrl":"https:\/\/seryhumano.com\/web\/wp-content\/uploads\/2014\/12\/featureslider77.jpg","datePublished":"2014-12-22T13:18:13+00:00","dateModified":"2014-12-29T18:38:51+00:00","description":"La depresi\u00f3n de Navidad no aparece como tal en ninguno de los manuales que clasifican a las enfermedades mentales, sin embargo, en la pr\u00e1ctica se constata con frecuencia un s\u00edndrome caracterizado por un estado de \u00e1nimo melanc\u00f3lico que surge en las fiestas navide\u00f1as","breadcrumb":{"@id":"https:\/\/seryhumano.com\/web\/?p=17252#breadcrumb"},"inLanguage":"es","potentialAction":[{"@type":"ReadAction","target":["https:\/\/seryhumano.com\/web\/?p=17252"]}]},{"@type":"ImageObject","inLanguage":"es","@id":"https:\/\/seryhumano.com\/web\/?p=17252#primaryimage","url":"https:\/\/seryhumano.com\/web\/wp-content\/uploads\/2014\/12\/featureslider77.jpg","contentUrl":"https:\/\/seryhumano.com\/web\/wp-content\/uploads\/2014\/12\/featureslider77.jpg","width":910,"height":227},{"@type":"BreadcrumbList","@id":"https:\/\/seryhumano.com\/web\/?p=17252#breadcrumb","itemListElement":[{"@type":"ListItem","position":1,"name":"Portada","item":"https:\/\/seryhumano.com\/web\/"},{"@type":"ListItem","position":2,"name":"Depresi\u00f3n de Navidad"}]},{"@type":"WebSite","@id":"https:\/\/seryhumano.com\/web\/#website","url":"https:\/\/seryhumano.com\/web\/","name":"SeryHumano.com","description":"Revista digital muy humana, donde lo mas importante es el Ser...","publisher":{"@id":"https:\/\/seryhumano.com\/web\/#organization"},"potentialAction":[{"@type":"SearchAction","target":{"@type":"EntryPoint","urlTemplate":"https:\/\/seryhumano.com\/web\/?s={search_term_string}"},"query-input":{"@type":"PropertyValueSpecification","valueRequired":true,"valueName":"search_term_string"}}],"inLanguage":"es"},{"@type":"Organization","@id":"https:\/\/seryhumano.com\/web\/#organization","name":"SeryHumano.com","url":"https:\/\/seryhumano.com\/web\/","logo":{"@type":"ImageObject","inLanguage":"es","@id":"https:\/\/seryhumano.com\/web\/#\/schema\/logo\/image\/","url":"https:\/\/seryhumano.com\/web\/wp-content\/uploads\/2020\/02\/JNe5VRwH_400x400-2.jpg","contentUrl":"https:\/\/seryhumano.com\/web\/wp-content\/uploads\/2020\/02\/JNe5VRwH_400x400-2.jpg","width":400,"height":400,"caption":"SeryHumano.com"},"image":{"@id":"https:\/\/seryhumano.com\/web\/#\/schema\/logo\/image\/"},"sameAs":["https:\/\/www.facebook.com\/seryhumano\/","https:\/\/x.com\/SeryHumano","https:\/\/www.instagram.com\/seryhumano\/","https:\/\/www.linkedin.com\/company\/seryhumano-com\/","https:\/\/www.youtube.com\/channel\/UCYfgIGSxygVnJAW0e9ZBZWg"]},{"@type":"Person","@id":"https:\/\/seryhumano.com\/web\/#\/schema\/person\/fd30e8e0b394a62344b44d9b0fe75795","name":"@herrera_yosmar","description":"Eterna enamorada de la vida, comunicadora, mam\u00e1 de tres","sameAs":["http:\/\/seryhumano.com"],"url":"https:\/\/seryhumano.com\/web\/?author=2"}]}},"_links":{"self":[{"href":"https:\/\/seryhumano.com\/web\/index.php?rest_route=\/wp\/v2\/posts\/17252","targetHints":{"allow":["GET"]}}],"collection":[{"href":"https:\/\/seryhumano.com\/web\/index.php?rest_route=\/wp\/v2\/posts"}],"about":[{"href":"https:\/\/seryhumano.com\/web\/index.php?rest_route=\/wp\/v2\/types\/post"}],"author":[{"embeddable":true,"href":"https:\/\/seryhumano.com\/web\/index.php?rest_route=\/wp\/v2\/users\/2"}],"replies":[{"embeddable":true,"href":"https:\/\/seryhumano.com\/web\/index.php?rest_route=%2Fwp%2Fv2%2Fcomments&post=17252"}],"version-history":[{"count":0,"href":"https:\/\/seryhumano.com\/web\/index.php?rest_route=\/wp\/v2\/posts\/17252\/revisions"}],"wp:featuredmedia":[{"embeddable":true,"href":"https:\/\/seryhumano.com\/web\/index.php?rest_route=\/wp\/v2\/media\/17348"}],"wp:attachment":[{"href":"https:\/\/seryhumano.com\/web\/index.php?rest_route=%2Fwp%2Fv2%2Fmedia&parent=17252"}],"wp:term":[{"taxonomy":"category","embeddable":true,"href":"https:\/\/seryhumano.com\/web\/index.php?rest_route=%2Fwp%2Fv2%2Fcategories&post=17252"},{"taxonomy":"post_tag","embeddable":true,"href":"https:\/\/seryhumano.com\/web\/index.php?rest_route=%2Fwp%2Fv2%2Ftags&post=17252"}],"curies":[{"name":"wp","href":"https:\/\/api.w.org\/{rel}","templated":true}]}}