{"id":17284,"date":"2014-12-24T09:26:10","date_gmt":"2014-12-24T13:56:10","guid":{"rendered":"https:\/\/seryhumano.com\/web\/?p=17284"},"modified":"2020-12-14T15:02:30","modified_gmt":"2020-12-14T19:32:30","slug":"haz-de-la-epoca-navidena-un-tiempo-productivo","status":"publish","type":"post","link":"https:\/\/seryhumano.com\/web\/?p=17284","title":{"rendered":"Haz de la \u00e9poca navide\u00f1a un tiempo productivo"},"content":{"rendered":"<p style=\"text-align: center;\"><strong>Haz de la Navidad un tiempo para compartir en familia, porque es un tiempo especial en el que se hace un alto en el camino para reflexionar y reencontrarse con los seres queridos, departiendo y disfrutando, con motivo del nacimiento de Jes\u00fas.<\/strong><\/p>\n<p style=\"text-align: center;\"><a href=\"https:\/\/seryhumano.com\/web\/haz-de-la-epoca-navidena-un-tiempo-productivo\/navidad2\/\" rel=\"attachment wp-att-17285\"><img loading=\"lazy\" decoding=\"async\" class=\"aligncenter size-medium wp-image-17285\" src=\"https:\/\/seryhumano.com\/web\/wp-content\/uploads\/2014\/12\/navidad2-300x157.png\" alt=\"navidad2\" width=\"300\" height=\"157\" srcset=\"https:\/\/seryhumano.com\/web\/wp-content\/uploads\/2014\/12\/navidad2-300x157.png 300w, https:\/\/seryhumano.com\/web\/wp-content\/uploads\/2014\/12\/navidad2-170x90.png 170w, https:\/\/seryhumano.com\/web\/wp-content\/uploads\/2014\/12\/navidad2.png 702w\" sizes=\"auto, (max-width: 300px) 100vw, 300px\" \/><\/a><\/p>\n<p>Y lo es por el tiempo de compartir en familia, de reflexionar, de recapitular acerca de ciertos aspectos de nuestra vida; de perdonar y olvidar ofensas, de agradecer a Dios por los beneficios recibidos durante el a\u00f1o, y en especial, por celebrar el nacimiento de nuestro se\u00f1or Jesucristo.<\/p>\n<p>El nacimiento de Jes\u00fas es el acontecimiento m\u00e1s importante de la humanidad, porque parte la historia en dos: antes y despu\u00e9s de Cristo. Sean creyentes o no, la Navidad marca la pauta en la vida de todas las personas, y hace que, de alg\u00fan modo, se sientan conmovidas y afectadas por tal festividad, debido tal vez a que no existe otra \u00e9poca del a\u00f1o en la que el mundo entero pr\u00e1cticamente se detiene: las escuelas cierran y muchas empresas p\u00fablicas y privadas dan vacaciones a sus empleados, aunque sea tan solo por unos cuantos d\u00edas.<\/p>\n<p>El ocio casi obligado, la alegr\u00eda de la gente y el esp\u00edritu navide\u00f1o que impregnan el ambiente por doquiera, hacen que debamos detenernos un poco a reflexionar acerca de tantas cosas. Sin embargo, no siempre aprovechamos la oportunidad para de verdad poner en orden aquello que en otro tiempo nos ser\u00eda imposible hacer, dada la agitada rutina que envuelve nuestra cotidianidad.<\/p>\n<p>\u00bfQu\u00e9 hacer para que la Navidad sea m\u00e1s productiva para nuestra vida, y aun para disfrutar m\u00e1s a nuestros seres queridos? A continuaci\u00f3n anoto algunas pr\u00e1cticas sugerencias que podr\u00edan hacer de cualquier Navidad, la mejor de tu vida:<\/p>\n<h2><strong> Ponte a cuentas con Dios<a href=\"https:\/\/seryhumano.com\/web\/haz-de-la-epoca-navidena-un-tiempo-productivo\/navidad3\/\" rel=\"attachment wp-att-17287\"><img loading=\"lazy\" decoding=\"async\" class=\"alignright size-medium wp-image-17287\" src=\"https:\/\/seryhumano.com\/web\/wp-content\/uploads\/2014\/12\/navidad3-300x143.jpg\" alt=\"navidad3\" width=\"300\" height=\"143\" srcset=\"https:\/\/seryhumano.com\/web\/wp-content\/uploads\/2014\/12\/navidad3-300x143.jpg 300w, https:\/\/seryhumano.com\/web\/wp-content\/uploads\/2014\/12\/navidad3.jpg 630w\" sizes=\"auto, (max-width: 300px) 100vw, 300px\" \/><\/a><\/strong><\/h2>\n<p>Qu\u00e9 mejor momento para reflexionar acerca de tu relaci\u00f3n con Dios y ponerte a mano con \u00c9l; hacer las paces, si es que te has alejado demasiado y pedirle perd\u00f3n por aquellas cosas que has hecho y que sabes que le desagradan. Recuerda que si tu relaci\u00f3n con Dios est\u00e1 bien, tu relaci\u00f3n familiar tambi\u00e9n lo estar\u00e1.<\/p>\n<h2><strong> Comparte tiempo con tu familia<\/strong><\/h2>\n<p>Trata de pasar todo el tiempo que puedas con los tuyos en estas festividades: conversen, preparen los alimentos, adornen la casa, salgan de compras, jueguen, realicen actividades y establezcan tradiciones que en otra \u00e9poca ser\u00eda muy dif\u00edcil hacer.<\/p>\n<h2><strong><strong> Lee la Palabra de Dios<\/strong><\/strong><\/h2>\n<p>Si no sueles hacerlo busca un tiempo especial para leer la Biblia en familia, orar y agradecer por todo lo bueno recibido durante el a\u00f1o.<\/p>\n<h2><strong> Haz las paces con quien tengas que hacerlo<\/strong><\/h2>\n<p>Navidad es la mejor oportunidad para reconciliarte con los tuyos y para perdonar las ofensas. Es un tiempo para disfrutar y olvidar todo lo malo; un tiempo valioso que no se repetir\u00e1 sino un a\u00f1o despu\u00e9s, y hay que pensar que tal vez para entonces algunos de los tuyos ya se hayan ido, o incluso t\u00fa mismo, porque nadie tiene la vida comprada.<\/p>\n<h2><strong> Di a tu familia cu\u00e1nto la amas<a href=\"https:\/\/seryhumano.com\/web\/haz-de-la-epoca-navidena-un-tiempo-productivo\/navidad4\/\" rel=\"attachment wp-att-17289\"><img loading=\"lazy\" decoding=\"async\" class=\"alignright size-medium wp-image-17289\" src=\"https:\/\/seryhumano.com\/web\/wp-content\/uploads\/2014\/12\/navidad4-300x200.jpg\" alt=\"navidad4\" width=\"300\" height=\"200\" \/><\/a><\/strong><\/h2>\n<p>Navidad es tambi\u00e9n \u00e9poca de regalos, y el mejor regalo que le puedes dar a los tuyos es decirles cu\u00e1nto en verdad los amas. Es verdad que los regalos son buenos y a todos nos gusta recibir obsequios, pero adem\u00e1s del regalo qu\u00e9 bueno ser\u00eda que tus hijos recibieran una carta en la que les expresaras tu amor por ellos, y cu\u00e1n importantes son para ti.<\/p>\n<h2><strong> Aprovecha este tiempo para que fijen sus metas<\/strong><\/h2>\n<p>As\u00ed es: metas y objetivos tanto individuales como familiares para el a\u00f1o siguiente. Es un tiempo agradable para compartir, porque surgen planes divertidos e importantes objetivos en los que todos deciden comprometerse. Es bueno tambi\u00e9n que todos ayuden a alguno de los peque\u00f1os en sus metas individuales. Por ejemplo, este a\u00f1o mi hija de 16 a\u00f1os ten\u00eda como meta comprarse un autom\u00f3vil, y necesitaba ahorrar lo suficiente para ello. Lo primero que hicimos, como familia, fue aportar cierta cantidad para empezar, luego nos dimos a la tarea de ayudarla a conseguir un trabajo. Nuestra ayuda consist\u00eda en llevarla, pero ella ten\u00eda que entrar y ofrecer sus servicios y convencerlos de que la contrataran, y as\u00ed fue.<\/p>\n<p>Ahorr\u00f3 y ahorr\u00f3 y, para su cumplea\u00f1os 17, decidimos, de nuevo como familia, que en lugar de darle un regalo aportar otra cantidad, no muy grande, para que los esfuerzos siempre fueran de ella y no nuestros, y de esa manera siempre se sinti\u00f3 apoyada. Hoy ya tiene su carro, tuvo \u00e9xito en su meta.<\/p>\n<p>As\u00ed pues, la Navidad debe ser una \u00e9poca de reconciliaci\u00f3n, de compartir y disfrutar en familia. Que el nacimiento de Jes\u00fas sea un valioso motivo para reencontrarnos con Dios y estrechar nuestros lazos afectivos con nuestros seres queridos.<\/p>\n<p><a href=\"https:\/\/seryhumano.com\/web\/\">seryhumano.com<\/a> \/ Juliana Echeverry<\/p>\n<p><a href=\"https:\/\/www.familias.com\/\">familias.com<\/a><\/p>\n","protected":false},"excerpt":{"rendered":"<p>Haz de la Navidad un tiempo para compartir en familia, porque es un tiempo especial en el que se hace un alto en el camino para reflexionar y reencontrarse con los seres queridos, departiendo y disfrutando, con motivo del nacimiento de Jes\u00fas. Y lo es por el tiempo de compartir en familia, de reflexionar, de&hellip;<\/p>\n","protected":false},"author":2,"featured_media":17345,"comment_status":"closed","ping_status":"closed","sticky":false,"template":"","format":"standard","meta":{"footnotes":""},"categories":[2131],"tags":[249,339,337],"class_list":["post-17284","post","type-post","status-publish","format-standard","has-post-thumbnail","hentry","category-festividades","tag-amor","tag-festividades","tag-navidad","category-2131","description-off"],"yoast_head":"<!-- This site is optimized with the Yoast SEO plugin v25.4 - https:\/\/yoast.com\/wordpress\/plugins\/seo\/ -->\n<title>Haz de la \u00e9poca navide\u00f1a un tiempo productivo con la familia<\/title>\n<meta name=\"description\" content=\"La Navidad es un tiempo para compartir en familia, porque es un tiempo especial en el que se hace un alto en el camino para reflexionar y ree\" \/>\n<meta name=\"robots\" content=\"index, follow, max-snippet:-1, max-image-preview:large, max-video-preview:-1\" \/>\n<link rel=\"canonical\" href=\"https:\/\/seryhumano.com\/web\/?p=17284\" \/>\n<meta property=\"og:locale\" content=\"es_ES\" \/>\n<meta property=\"og:type\" content=\"article\" \/>\n<meta property=\"og:title\" content=\"Haz de la \u00e9poca navide\u00f1a un tiempo productivo con la familia\" \/>\n<meta property=\"og:description\" content=\"La Navidad es un tiempo para compartir en familia, porque es un tiempo especial en el que se hace un alto en el camino para reflexionar y ree\" \/>\n<meta property=\"og:url\" content=\"https:\/\/seryhumano.com\/web\/?p=17284\" \/>\n<meta property=\"og:site_name\" content=\"SeryHumano.com\" \/>\n<meta property=\"article:publisher\" content=\"https:\/\/www.facebook.com\/seryhumano\/\" \/>\n<meta property=\"article:published_time\" content=\"2014-12-24T13:56:10+00:00\" \/>\n<meta property=\"article:modified_time\" content=\"2020-12-14T19:32:30+00:00\" \/>\n<meta property=\"og:image\" content=\"https:\/\/seryhumano.com\/web\/wp-content\/uploads\/2014\/12\/featureslider74.jpg\" \/>\n\t<meta property=\"og:image:width\" content=\"910\" \/>\n\t<meta property=\"og:image:height\" content=\"227\" \/>\n\t<meta property=\"og:image:type\" content=\"image\/jpeg\" \/>\n<meta name=\"author\" content=\"@herrera_yosmar\" \/>\n<meta name=\"twitter:card\" content=\"summary_large_image\" \/>\n<meta name=\"twitter:creator\" content=\"@SeryHumano\" \/>\n<meta name=\"twitter:site\" content=\"@SeryHumano\" \/>\n<meta name=\"twitter:label1\" content=\"Escrito por\" \/>\n\t<meta name=\"twitter:data1\" content=\"@herrera_yosmar\" \/>\n\t<meta name=\"twitter:label2\" content=\"Tiempo de lectura\" \/>\n\t<meta name=\"twitter:data2\" content=\"4 minutos\" \/>\n<script type=\"application\/ld+json\" class=\"yoast-schema-graph\">{\"@context\":\"https:\/\/schema.org\",\"@graph\":[{\"@type\":\"Article\",\"@id\":\"https:\/\/seryhumano.com\/web\/?p=17284#article\",\"isPartOf\":{\"@id\":\"https:\/\/seryhumano.com\/web\/?p=17284\"},\"author\":{\"name\":\"@herrera_yosmar\",\"@id\":\"https:\/\/seryhumano.com\/web\/#\/schema\/person\/fd30e8e0b394a62344b44d9b0fe75795\"},\"headline\":\"Haz de la \u00e9poca navide\u00f1a un tiempo productivo\",\"datePublished\":\"2014-12-24T13:56:10+00:00\",\"dateModified\":\"2020-12-14T19:32:30+00:00\",\"mainEntityOfPage\":{\"@id\":\"https:\/\/seryhumano.com\/web\/?p=17284\"},\"wordCount\":841,\"publisher\":{\"@id\":\"https:\/\/seryhumano.com\/web\/#organization\"},\"image\":{\"@id\":\"https:\/\/seryhumano.com\/web\/?p=17284#primaryimage\"},\"thumbnailUrl\":\"https:\/\/seryhumano.com\/web\/wp-content\/uploads\/2014\/12\/featureslider74.jpg\",\"keywords\":[\"amor\",\"festividades\",\"Navidad\"],\"articleSection\":[\"Festividades\"],\"inLanguage\":\"es\"},{\"@type\":\"WebPage\",\"@id\":\"https:\/\/seryhumano.com\/web\/?p=17284\",\"url\":\"https:\/\/seryhumano.com\/web\/?p=17284\",\"name\":\"Haz de la \u00e9poca navide\u00f1a un tiempo productivo con la familia\",\"isPartOf\":{\"@id\":\"https:\/\/seryhumano.com\/web\/#website\"},\"primaryImageOfPage\":{\"@id\":\"https:\/\/seryhumano.com\/web\/?p=17284#primaryimage\"},\"image\":{\"@id\":\"https:\/\/seryhumano.com\/web\/?p=17284#primaryimage\"},\"thumbnailUrl\":\"https:\/\/seryhumano.com\/web\/wp-content\/uploads\/2014\/12\/featureslider74.jpg\",\"datePublished\":\"2014-12-24T13:56:10+00:00\",\"dateModified\":\"2020-12-14T19:32:30+00:00\",\"description\":\"La Navidad es un tiempo para compartir en familia, porque es un tiempo especial en el que se hace un alto en el camino para reflexionar y ree\",\"breadcrumb\":{\"@id\":\"https:\/\/seryhumano.com\/web\/?p=17284#breadcrumb\"},\"inLanguage\":\"es\",\"potentialAction\":[{\"@type\":\"ReadAction\",\"target\":[\"https:\/\/seryhumano.com\/web\/?p=17284\"]}]},{\"@type\":\"ImageObject\",\"inLanguage\":\"es\",\"@id\":\"https:\/\/seryhumano.com\/web\/?p=17284#primaryimage\",\"url\":\"https:\/\/seryhumano.com\/web\/wp-content\/uploads\/2014\/12\/featureslider74.jpg\",\"contentUrl\":\"https:\/\/seryhumano.com\/web\/wp-content\/uploads\/2014\/12\/featureslider74.jpg\",\"width\":910,\"height\":227},{\"@type\":\"BreadcrumbList\",\"@id\":\"https:\/\/seryhumano.com\/web\/?p=17284#breadcrumb\",\"itemListElement\":[{\"@type\":\"ListItem\",\"position\":1,\"name\":\"Portada\",\"item\":\"https:\/\/seryhumano.com\/web\/\"},{\"@type\":\"ListItem\",\"position\":2,\"name\":\"Haz de la \u00e9poca navide\u00f1a un tiempo productivo\"}]},{\"@type\":\"WebSite\",\"@id\":\"https:\/\/seryhumano.com\/web\/#website\",\"url\":\"https:\/\/seryhumano.com\/web\/\",\"name\":\"SeryHumano.com\",\"description\":\"Revista digital muy humana, donde lo mas importante es el Ser...\",\"publisher\":{\"@id\":\"https:\/\/seryhumano.com\/web\/#organization\"},\"potentialAction\":[{\"@type\":\"SearchAction\",\"target\":{\"@type\":\"EntryPoint\",\"urlTemplate\":\"https:\/\/seryhumano.com\/web\/?s={search_term_string}\"},\"query-input\":{\"@type\":\"PropertyValueSpecification\",\"valueRequired\":true,\"valueName\":\"search_term_string\"}}],\"inLanguage\":\"es\"},{\"@type\":\"Organization\",\"@id\":\"https:\/\/seryhumano.com\/web\/#organization\",\"name\":\"SeryHumano.com\",\"url\":\"https:\/\/seryhumano.com\/web\/\",\"logo\":{\"@type\":\"ImageObject\",\"inLanguage\":\"es\",\"@id\":\"https:\/\/seryhumano.com\/web\/#\/schema\/logo\/image\/\",\"url\":\"https:\/\/seryhumano.com\/web\/wp-content\/uploads\/2020\/02\/JNe5VRwH_400x400-2.jpg\",\"contentUrl\":\"https:\/\/seryhumano.com\/web\/wp-content\/uploads\/2020\/02\/JNe5VRwH_400x400-2.jpg\",\"width\":400,\"height\":400,\"caption\":\"SeryHumano.com\"},\"image\":{\"@id\":\"https:\/\/seryhumano.com\/web\/#\/schema\/logo\/image\/\"},\"sameAs\":[\"https:\/\/www.facebook.com\/seryhumano\/\",\"https:\/\/x.com\/SeryHumano\",\"https:\/\/www.instagram.com\/seryhumano\/\",\"https:\/\/www.linkedin.com\/company\/seryhumano-com\/\",\"https:\/\/www.youtube.com\/channel\/UCYfgIGSxygVnJAW0e9ZBZWg\"]},{\"@type\":\"Person\",\"@id\":\"https:\/\/seryhumano.com\/web\/#\/schema\/person\/fd30e8e0b394a62344b44d9b0fe75795\",\"name\":\"@herrera_yosmar\",\"description\":\"Eterna enamorada de la vida, comunicadora, mam\u00e1 de tres\",\"sameAs\":[\"http:\/\/seryhumano.com\"],\"url\":\"https:\/\/seryhumano.com\/web\/?author=2\"}]}<\/script>\n<!-- \/ Yoast SEO plugin. -->","yoast_head_json":{"title":"Haz de la \u00e9poca navide\u00f1a un tiempo productivo con la familia","description":"La Navidad es un tiempo para compartir en familia, porque es un tiempo especial en el que se hace un alto en el camino para reflexionar y ree","robots":{"index":"index","follow":"follow","max-snippet":"max-snippet:-1","max-image-preview":"max-image-preview:large","max-video-preview":"max-video-preview:-1"},"canonical":"https:\/\/seryhumano.com\/web\/?p=17284","og_locale":"es_ES","og_type":"article","og_title":"Haz de la \u00e9poca navide\u00f1a un tiempo productivo con la familia","og_description":"La Navidad es un tiempo para compartir en familia, porque es un tiempo especial en el que se hace un alto en el camino para reflexionar y ree","og_url":"https:\/\/seryhumano.com\/web\/?p=17284","og_site_name":"SeryHumano.com","article_publisher":"https:\/\/www.facebook.com\/seryhumano\/","article_published_time":"2014-12-24T13:56:10+00:00","article_modified_time":"2020-12-14T19:32:30+00:00","og_image":[{"width":910,"height":227,"url":"https:\/\/seryhumano.com\/web\/wp-content\/uploads\/2014\/12\/featureslider74.jpg","type":"image\/jpeg"}],"author":"@herrera_yosmar","twitter_card":"summary_large_image","twitter_creator":"@SeryHumano","twitter_site":"@SeryHumano","twitter_misc":{"Escrito por":"@herrera_yosmar","Tiempo de lectura":"4 minutos"},"schema":{"@context":"https:\/\/schema.org","@graph":[{"@type":"Article","@id":"https:\/\/seryhumano.com\/web\/?p=17284#article","isPartOf":{"@id":"https:\/\/seryhumano.com\/web\/?p=17284"},"author":{"name":"@herrera_yosmar","@id":"https:\/\/seryhumano.com\/web\/#\/schema\/person\/fd30e8e0b394a62344b44d9b0fe75795"},"headline":"Haz de la \u00e9poca navide\u00f1a un tiempo productivo","datePublished":"2014-12-24T13:56:10+00:00","dateModified":"2020-12-14T19:32:30+00:00","mainEntityOfPage":{"@id":"https:\/\/seryhumano.com\/web\/?p=17284"},"wordCount":841,"publisher":{"@id":"https:\/\/seryhumano.com\/web\/#organization"},"image":{"@id":"https:\/\/seryhumano.com\/web\/?p=17284#primaryimage"},"thumbnailUrl":"https:\/\/seryhumano.com\/web\/wp-content\/uploads\/2014\/12\/featureslider74.jpg","keywords":["amor","festividades","Navidad"],"articleSection":["Festividades"],"inLanguage":"es"},{"@type":"WebPage","@id":"https:\/\/seryhumano.com\/web\/?p=17284","url":"https:\/\/seryhumano.com\/web\/?p=17284","name":"Haz de la \u00e9poca navide\u00f1a un tiempo productivo con la familia","isPartOf":{"@id":"https:\/\/seryhumano.com\/web\/#website"},"primaryImageOfPage":{"@id":"https:\/\/seryhumano.com\/web\/?p=17284#primaryimage"},"image":{"@id":"https:\/\/seryhumano.com\/web\/?p=17284#primaryimage"},"thumbnailUrl":"https:\/\/seryhumano.com\/web\/wp-content\/uploads\/2014\/12\/featureslider74.jpg","datePublished":"2014-12-24T13:56:10+00:00","dateModified":"2020-12-14T19:32:30+00:00","description":"La Navidad es un tiempo para compartir en familia, porque es un tiempo especial en el que se hace un alto en el camino para reflexionar y ree","breadcrumb":{"@id":"https:\/\/seryhumano.com\/web\/?p=17284#breadcrumb"},"inLanguage":"es","potentialAction":[{"@type":"ReadAction","target":["https:\/\/seryhumano.com\/web\/?p=17284"]}]},{"@type":"ImageObject","inLanguage":"es","@id":"https:\/\/seryhumano.com\/web\/?p=17284#primaryimage","url":"https:\/\/seryhumano.com\/web\/wp-content\/uploads\/2014\/12\/featureslider74.jpg","contentUrl":"https:\/\/seryhumano.com\/web\/wp-content\/uploads\/2014\/12\/featureslider74.jpg","width":910,"height":227},{"@type":"BreadcrumbList","@id":"https:\/\/seryhumano.com\/web\/?p=17284#breadcrumb","itemListElement":[{"@type":"ListItem","position":1,"name":"Portada","item":"https:\/\/seryhumano.com\/web\/"},{"@type":"ListItem","position":2,"name":"Haz de la \u00e9poca navide\u00f1a un tiempo productivo"}]},{"@type":"WebSite","@id":"https:\/\/seryhumano.com\/web\/#website","url":"https:\/\/seryhumano.com\/web\/","name":"SeryHumano.com","description":"Revista digital muy humana, donde lo mas importante es el Ser...","publisher":{"@id":"https:\/\/seryhumano.com\/web\/#organization"},"potentialAction":[{"@type":"SearchAction","target":{"@type":"EntryPoint","urlTemplate":"https:\/\/seryhumano.com\/web\/?s={search_term_string}"},"query-input":{"@type":"PropertyValueSpecification","valueRequired":true,"valueName":"search_term_string"}}],"inLanguage":"es"},{"@type":"Organization","@id":"https:\/\/seryhumano.com\/web\/#organization","name":"SeryHumano.com","url":"https:\/\/seryhumano.com\/web\/","logo":{"@type":"ImageObject","inLanguage":"es","@id":"https:\/\/seryhumano.com\/web\/#\/schema\/logo\/image\/","url":"https:\/\/seryhumano.com\/web\/wp-content\/uploads\/2020\/02\/JNe5VRwH_400x400-2.jpg","contentUrl":"https:\/\/seryhumano.com\/web\/wp-content\/uploads\/2020\/02\/JNe5VRwH_400x400-2.jpg","width":400,"height":400,"caption":"SeryHumano.com"},"image":{"@id":"https:\/\/seryhumano.com\/web\/#\/schema\/logo\/image\/"},"sameAs":["https:\/\/www.facebook.com\/seryhumano\/","https:\/\/x.com\/SeryHumano","https:\/\/www.instagram.com\/seryhumano\/","https:\/\/www.linkedin.com\/company\/seryhumano-com\/","https:\/\/www.youtube.com\/channel\/UCYfgIGSxygVnJAW0e9ZBZWg"]},{"@type":"Person","@id":"https:\/\/seryhumano.com\/web\/#\/schema\/person\/fd30e8e0b394a62344b44d9b0fe75795","name":"@herrera_yosmar","description":"Eterna enamorada de la vida, comunicadora, mam\u00e1 de tres","sameAs":["http:\/\/seryhumano.com"],"url":"https:\/\/seryhumano.com\/web\/?author=2"}]}},"_links":{"self":[{"href":"https:\/\/seryhumano.com\/web\/index.php?rest_route=\/wp\/v2\/posts\/17284","targetHints":{"allow":["GET"]}}],"collection":[{"href":"https:\/\/seryhumano.com\/web\/index.php?rest_route=\/wp\/v2\/posts"}],"about":[{"href":"https:\/\/seryhumano.com\/web\/index.php?rest_route=\/wp\/v2\/types\/post"}],"author":[{"embeddable":true,"href":"https:\/\/seryhumano.com\/web\/index.php?rest_route=\/wp\/v2\/users\/2"}],"replies":[{"embeddable":true,"href":"https:\/\/seryhumano.com\/web\/index.php?rest_route=%2Fwp%2Fv2%2Fcomments&post=17284"}],"version-history":[{"count":0,"href":"https:\/\/seryhumano.com\/web\/index.php?rest_route=\/wp\/v2\/posts\/17284\/revisions"}],"wp:featuredmedia":[{"embeddable":true,"href":"https:\/\/seryhumano.com\/web\/index.php?rest_route=\/wp\/v2\/media\/17345"}],"wp:attachment":[{"href":"https:\/\/seryhumano.com\/web\/index.php?rest_route=%2Fwp%2Fv2%2Fmedia&parent=17284"}],"wp:term":[{"taxonomy":"category","embeddable":true,"href":"https:\/\/seryhumano.com\/web\/index.php?rest_route=%2Fwp%2Fv2%2Fcategories&post=17284"},{"taxonomy":"post_tag","embeddable":true,"href":"https:\/\/seryhumano.com\/web\/index.php?rest_route=%2Fwp%2Fv2%2Ftags&post=17284"}],"curies":[{"name":"wp","href":"https:\/\/api.w.org\/{rel}","templated":true}]}}