{"id":17385,"date":"2015-01-02T05:59:00","date_gmt":"2015-01-02T10:29:00","guid":{"rendered":"https:\/\/seryhumano.com\/web\/?p=17385"},"modified":"2016-10-31T18:46:02","modified_gmt":"2016-10-31T23:16:02","slug":"en-bbc-mundo-las-noticias-mas-leidas-del-2014","status":"publish","type":"post","link":"https:\/\/seryhumano.com\/web\/?p=17385","title":{"rendered":"En BBC Mundo: Las noticias m\u00e1s le\u00eddas del 2014"},"content":{"rendered":"<p style=\"text-align: center;\"><strong>La \u201c<em>Luna de Sangre<\/em>\u201d, el suicidio de una carism\u00e1tica figura de Hollywood, el conflicto palestino israel\u00ed y -c\u00f3mo olvidarlo- el Mundial de F\u00fatbol de Brasil, fueron algunas de las historias que atrajeron su atenci\u00f3n durante 2014.<\/strong><\/p>\n<p>Estas son las diez notas que tuvieron el mayor impacto.<\/p>\n<p><strong>La Luna se vuelve roja<\/strong><\/p>\n<div id=\"attachment_17387\" style=\"width: 310px\" class=\"wp-caption aligncenter\"><a href=\"https:\/\/seryhumano.com\/web\/en-bbc-mundo-las-noticias-mas-leidas-del-2014\/el-fenomeno-se-aprecio-en-casi-todo-el-continente-americano\/\" rel=\"attachment wp-att-17387\"><img loading=\"lazy\" decoding=\"async\" aria-describedby=\"caption-attachment-17387\" class=\"wp-image-17387 size-medium\" src=\"https:\/\/seryhumano.com\/web\/wp-content\/uploads\/2015\/01\/El-fen\u00f3meno-se-apreci\u00f3-en-casi-todo-el-continente-americano-300x168.jpg\" alt=\"El fen\u00f3meno se apreci\u00f3 en casi todo el continente americano\" width=\"300\" height=\"168\" srcset=\"https:\/\/seryhumano.com\/web\/wp-content\/uploads\/2015\/01\/El-fen\u00f3meno-se-apreci\u00f3-en-casi-todo-el-continente-americano-300x168.jpg 300w, https:\/\/seryhumano.com\/web\/wp-content\/uploads\/2015\/01\/El-fen\u00f3meno-se-apreci\u00f3-en-casi-todo-el-continente-americano.jpg 625w\" sizes=\"auto, (max-width: 300px) 100vw, 300px\" \/><\/a><p id=\"caption-attachment-17387\" class=\"wp-caption-text\">El fen\u00f3meno se apreci\u00f3 en casi todo el continente americano<\/p><\/div>\n<p>Un eclipse que tuvo lugar en abril pasado fascin\u00f3 a nuestros lectores, por una caracter\u00edstica en particular: el sat\u00e9lite natural de la Tierra se volvi\u00f3 rojo.<\/p>\n<p>Lo llamaron \u201c<em>Luna de Sangre<\/em>\u201d y se pudo apreciar en la mayor parte de Am\u00e9rica.<\/p>\n<p>El de abril fue parte de una \u201ct\u00e9trada\u201d de eclipses, un fen\u00f3meno poco habitual.<\/p>\n<p><a href=\"https:\/\/seryhumano.com\/web\/?p=11452\">https:\/\/seryhumano.com\/web\/?p=11452<\/a><\/p>\n<p><strong>Muri\u00f3 el actor Robin Williams<\/strong><\/p>\n<div id=\"attachment_17389\" style=\"width: 310px\" class=\"wp-caption aligncenter\"><a href=\"https:\/\/seryhumano.com\/web\/en-bbc-mundo-las-noticias-mas-leidas-del-2014\/robin-williams\/\" rel=\"attachment wp-att-17389\"><img loading=\"lazy\" decoding=\"async\" aria-describedby=\"caption-attachment-17389\" class=\"size-medium wp-image-17389\" src=\"https:\/\/seryhumano.com\/web\/wp-content\/uploads\/2015\/01\/Robin-Williams-300x168.jpg\" alt=\"Robin Williams\" width=\"300\" height=\"168\" srcset=\"https:\/\/seryhumano.com\/web\/wp-content\/uploads\/2015\/01\/Robin-Williams-300x168.jpg 300w, https:\/\/seryhumano.com\/web\/wp-content\/uploads\/2015\/01\/Robin-Williams.jpg 625w\" sizes=\"auto, (max-width: 300px) 100vw, 300px\" \/><\/a><p id=\"caption-attachment-17389\" class=\"wp-caption-text\">Robin Williams<\/p><\/div>\n<p>Desde el primer momento se dijo que hab\u00eda cometido suicidio. El 11 de agosto pasado fue hallado muerto el carism\u00e1tico actor y presentador estadounidense Robin Williams, en su casa del estado de California.<\/p>\n<p>Depresi\u00f3n severa y problemas de adicci\u00f3n al alcohol y a las drogas fueron mencionados en relaci\u00f3n con su caso. La reacci\u00f3n de sus compa\u00f1eros artistas y hasta de pol\u00edticos alrededor del mundo fue inmediata y muy sentida.<\/p>\n<p><a href=\"https:\/\/seryhumano.com\/web\/?p=14781\">https:\/\/seryhumano.com\/web\/?p=14781<\/a><\/p>\n<p><strong>Pelean israel\u00edes y palestinos, otra vez<\/strong><\/p>\n<div id=\"attachment_17391\" style=\"width: 310px\" class=\"wp-caption aligncenter\"><a href=\"https:\/\/seryhumano.com\/web\/en-bbc-mundo-las-noticias-mas-leidas-del-2014\/gaza_getty\/\" rel=\"attachment wp-att-17391\"><img loading=\"lazy\" decoding=\"async\" aria-describedby=\"caption-attachment-17391\" class=\"size-medium wp-image-17391\" src=\"https:\/\/seryhumano.com\/web\/wp-content\/uploads\/2015\/01\/gaza_getty-300x168.jpg\" alt=\"La operaci\u00f3n &quot;Margen Protector&quot; dej\u00f3 cientos de muertos en el lado palestino y varias decenas en el lado israel\u00ed\" width=\"300\" height=\"168\" srcset=\"https:\/\/seryhumano.com\/web\/wp-content\/uploads\/2015\/01\/gaza_getty-300x168.jpg 300w, https:\/\/seryhumano.com\/web\/wp-content\/uploads\/2015\/01\/gaza_getty.jpg 625w\" sizes=\"auto, (max-width: 300px) 100vw, 300px\" \/><\/a><p id=\"caption-attachment-17391\" class=\"wp-caption-text\">La operaci\u00f3n \u00abMargen Protector\u00bb dej\u00f3 cientos de muertos en el lado palestino y varias decenas en el lado israel\u00ed<\/p><\/div>\n<p>El 7 de julio pasado, Israel dio inicio a la ofensiva conocida como \u201cOperaci\u00f3n Margen Protector\u201d en Gaza que dej\u00f3 cientos de muertos en el lado palestino y varias decenas en el lado israel\u00ed.<\/p>\n<p>Casi un mes despu\u00e9s, el n\u00famero de muertos superaba los 1.700 del lado palestino y 67 del lado israel\u00ed.<\/p>\n<p>Seg\u00fan Israel, el objetivo era desarmar a los militantes palestinos y destruir los t\u00faneles construidos por Hamas y otros grupos con el objetivo de infiltrarse en Israel.<\/p>\n<p><strong>La captura de \u201cEl Chapo\u201d Guzm\u00e1n<\/strong><\/p>\n<div id=\"attachment_17392\" style=\"width: 310px\" class=\"wp-caption aligncenter\"><a href=\"https:\/\/seryhumano.com\/web\/en-bbc-mundo-las-noticias-mas-leidas-del-2014\/chapo_getty\/\" rel=\"attachment wp-att-17392\"><img loading=\"lazy\" decoding=\"async\" aria-describedby=\"caption-attachment-17392\" class=\"size-medium wp-image-17392\" src=\"https:\/\/seryhumano.com\/web\/wp-content\/uploads\/2015\/01\/chapo_getty-300x168.jpg\" alt=\"Joaqu\u00edn &quot;El Chapo&quot; Guzm\u00e1n\" width=\"300\" height=\"168\" srcset=\"https:\/\/seryhumano.com\/web\/wp-content\/uploads\/2015\/01\/chapo_getty-300x168.jpg 300w, https:\/\/seryhumano.com\/web\/wp-content\/uploads\/2015\/01\/chapo_getty.jpg 625w\" sizes=\"auto, (max-width: 300px) 100vw, 300px\" \/><\/a><p id=\"caption-attachment-17392\" class=\"wp-caption-text\">Joaqu\u00edn \u00abEl Chapo\u00bb Guzm\u00e1n<\/p><\/div>\n<p>La captura de Joaqu\u00edn \u201cEl Chapo\u201d Guzm\u00e1n jefe del cartel mexicano de Sinaloa, uno de los hombres m\u00e1s buscados del mundo, implic\u00f3 un enorme operativo.<\/p>\n<p>Ocurri\u00f3 el 22 de febrero, en un operativo calificado por las autoridades de \u201c<em>impecable<\/em>\u201d, sin disparar un solo tiro.<\/p>\n<p>\u201c<strong>Penis captivus<\/strong>\u201d<\/p>\n<div id=\"attachment_17393\" style=\"width: 310px\" class=\"wp-caption aligncenter\"><a href=\"https:\/\/seryhumano.com\/web\/en-bbc-mundo-las-noticias-mas-leidas-del-2014\/joachimanthoniszj-paulgettymuseum\/\" rel=\"attachment wp-att-17393\"><img loading=\"lazy\" decoding=\"async\" aria-describedby=\"caption-attachment-17393\" class=\"size-medium wp-image-17393\" src=\"https:\/\/seryhumano.com\/web\/wp-content\/uploads\/2015\/01\/joachimanthoniszj.paulgettymuseum-300x168.jpg\" alt=\"Homero describe c\u00f3mo Venus y Marte quedaron enganchados ante las &quot;inextinguibles carcajadas&quot; de los dioses\" width=\"300\" height=\"168\" srcset=\"https:\/\/seryhumano.com\/web\/wp-content\/uploads\/2015\/01\/joachimanthoniszj.paulgettymuseum-300x168.jpg 300w, https:\/\/seryhumano.com\/web\/wp-content\/uploads\/2015\/01\/joachimanthoniszj.paulgettymuseum.jpg 625w\" sizes=\"auto, (max-width: 300px) 100vw, 300px\" \/><\/a><p id=\"caption-attachment-17393\" class=\"wp-caption-text\">Homero describe c\u00f3mo Venus y Marte quedaron enganchados ante las \u00abinextinguibles carcajadas\u00bb de los dioses<\/p><\/div>\n<p>Todo empez\u00f3 cuando un doctor dijo en un programa de radio de la BBC que nunca hab\u00eda visto un caso en el que la vagina de una mujer se \u201c<em>aferrara<\/em>\u201d al pene de un hombre.<\/p>\n<p>Varios oyentes se comunicaron con la estaci\u00f3n con testimonios que la posibilidad de que los \u00f3rganos sexuales queden \u201c<em>atascados<\/em>\u201d no era un mito. Y la historia se convirti\u00f3 en noticia.<\/p>\n<p><a title=\"Penis captivus: Un pene en problemas\" href=\"https:\/\/seryhumano.com\/web\/?p=17404\" target=\"_blank\">https:\/\/seryhumano.com\/web\/?p=17404<\/a><\/p>\n<p><strong>Las cajas de cart\u00f3n donde duermen los beb\u00e9s de Finlandia<\/strong><\/p>\n<div id=\"attachment_17394\" style=\"width: 310px\" class=\"wp-caption aligncenter\"><a href=\"https:\/\/seryhumano.com\/web\/en-bbc-mundo-las-noticias-mas-leidas-del-2014\/cajas_carton\/\" rel=\"attachment wp-att-17394\"><img loading=\"lazy\" decoding=\"async\" aria-describedby=\"caption-attachment-17394\" class=\"size-medium wp-image-17394\" src=\"https:\/\/seryhumano.com\/web\/wp-content\/uploads\/2015\/01\/cajas_carton-300x168.jpg\" alt=\"Las cajas de cart\u00f3n que el gobierno da a las nuevas madres en Finladia\" width=\"300\" height=\"168\" srcset=\"https:\/\/seryhumano.com\/web\/wp-content\/uploads\/2015\/01\/cajas_carton-300x168.jpg 300w, https:\/\/seryhumano.com\/web\/wp-content\/uploads\/2015\/01\/cajas_carton.jpg 625w\" sizes=\"auto, (max-width: 300px) 100vw, 300px\" \/><\/a><p id=\"caption-attachment-17394\" class=\"wp-caption-text\">Las cajas de cart\u00f3n que el gobierno da a las nuevas madres en Finladia<\/p><\/div>\n<p>La historia de las cajas de cart\u00f3n que el gobierno da a las nuevas madres en Finladia repite por segundo a\u00f1o consecutivo en la lista de m\u00e1s le\u00eddas.<\/p>\n<p>Sucede que las mujeres que dan a luz en este pa\u00eds n\u00f3rdico tienen dos opciones: recibir una caja llena de monitos, sacos de dormir, ropa para el aire libre, productos para el ba\u00f1o, pa\u00f1ales y un colch\u00f3n peque\u00f1o o unos US$214 en efectivo.<\/p>\n<p><a title=\"Finlandia: Los beb\u00e9s duermen en cajas de cart\u00f3n\" href=\"https:\/\/seryhumano.com\/web\/?p=17412\" target=\"_blank\">https:\/\/seryhumano.com\/web\/?p=17412<\/a><\/p>\n<p>El 95% de ellas opta por la caja, que comenz\u00f3 a ser entregada por el gobierno hace 75 a\u00f1os.<\/p>\n<p>\u201c<strong>Brasil, decime qu\u00e9 se siente<\/strong><\/p>\n<div id=\"attachment_17395\" style=\"width: 310px\" class=\"wp-caption aligncenter\"><a href=\"https:\/\/seryhumano.com\/web\/en-bbc-mundo-las-noticias-mas-leidas-del-2014\/argentina-llego-a-la-final-cantando-su-himno-extraoficial\/\" rel=\"attachment wp-att-17395\"><img loading=\"lazy\" decoding=\"async\" aria-describedby=\"caption-attachment-17395\" class=\"size-medium wp-image-17395\" src=\"https:\/\/seryhumano.com\/web\/wp-content\/uploads\/2015\/01\/Argentina-lleg\u00f3-a-la-final-cantando-su-himno-extraoficial-300x168.jpg\" alt=\"Argentina lleg\u00f3 a la final, cantando su himno extraoficial\u2026\" width=\"300\" height=\"168\" srcset=\"https:\/\/seryhumano.com\/web\/wp-content\/uploads\/2015\/01\/Argentina-lleg\u00f3-a-la-final-cantando-su-himno-extraoficial-300x168.jpg 300w, https:\/\/seryhumano.com\/web\/wp-content\/uploads\/2015\/01\/Argentina-lleg\u00f3-a-la-final-cantando-su-himno-extraoficial.jpg 625w\" sizes=\"auto, (max-width: 300px) 100vw, 300px\" \/><\/a><p id=\"caption-attachment-17395\" class=\"wp-caption-text\">Argentina lleg\u00f3 a la final, cantando su himno extraoficial\u2026<\/p><\/div>\n<p>Era la canci\u00f3n que los argentinos, cuya selecci\u00f3n de f\u00fatbol hab\u00eda pasado a la final del Mundial de f\u00fatbol de Brasil, cantaban d\u00eda noche por aquellos d\u00edas del mes de julio.<\/p>\n<p><em>Brasil, decime qu\u00e9 se siente tener en casa a tu pap\u00e1<\/em>.<\/p>\n<p><em>Te juro que aunque pasen los a\u00f1os, nunca nos vamos a olvidar\u2026<\/em><\/p>\n<p><em>Que el Diego te gambete\u00f3, que Cani te vacun\u00f3, que est\u00e1s llorando desde Italia hasta hoy.<\/em><\/p>\n<p><em>A Messi lo vas a ver, la Copa nos va a traer, Maradona es m\u00e1s grande que Pel\u00e9<\/em><\/p>\n<p><strong>Alemania humilla a Brasil y aplasta su sue\u00f1o mundialista<\/strong><\/p>\n<div id=\"attachment_17396\" style=\"width: 310px\" class=\"wp-caption aligncenter\"><a href=\"https:\/\/seryhumano.com\/web\/en-bbc-mundo-las-noticias-mas-leidas-del-2014\/los-jugadores-brasilenos-lloraron-desconsolados\/\" rel=\"attachment wp-att-17396\"><img loading=\"lazy\" decoding=\"async\" aria-describedby=\"caption-attachment-17396\" class=\"size-medium wp-image-17396\" src=\"https:\/\/seryhumano.com\/web\/wp-content\/uploads\/2015\/01\/Los-jugadores-brasile\u00f1os-lloraron-desconsolados-300x168.jpg\" alt=\"Los jugadores brasile\u00f1os lloraron desconsolados\" width=\"300\" height=\"168\" srcset=\"https:\/\/seryhumano.com\/web\/wp-content\/uploads\/2015\/01\/Los-jugadores-brasile\u00f1os-lloraron-desconsolados-300x168.jpg 300w, https:\/\/seryhumano.com\/web\/wp-content\/uploads\/2015\/01\/Los-jugadores-brasile\u00f1os-lloraron-desconsolados.jpg 625w\" sizes=\"auto, (max-width: 300px) 100vw, 300px\" \/><\/a><p id=\"caption-attachment-17396\" class=\"wp-caption-text\">Los jugadores brasile\u00f1os lloraron desconsolados<\/p><\/div>\n<p>No pod\u00eda haber sido peor para la canarinha.<\/p>\n<p>Anfitriona, pentacampeona, a dos pasos de realizar el sue\u00f1o de buscar otro t\u00edtulo en casa, los ojos del mundo estaban sobre la selecci\u00f3n brasile\u00f1a, que aquel 7 de julio se enfrentaba a Alemania en las semifinales de la Copa del Mundo Brasil 2014.<\/p>\n<p><a href=\"https:\/\/seryhumano.com\/web\/?p=13880\">https:\/\/seryhumano.com\/web\/?p=13880<\/a><\/p>\n<p><strong>Las frases de Sigmund Freud que usamos sin darnos cuenta<\/strong><\/p>\n<div id=\"attachment_17397\" style=\"width: 310px\" class=\"wp-caption aligncenter\"><a href=\"https:\/\/seryhumano.com\/web\/en-bbc-mundo-las-noticias-mas-leidas-del-2014\/freud-se-cuela-en-nuestras-conversaciones-y-nuestros-suenos\/\" rel=\"attachment wp-att-17397\"><img loading=\"lazy\" decoding=\"async\" aria-describedby=\"caption-attachment-17397\" class=\"size-medium wp-image-17397\" src=\"https:\/\/seryhumano.com\/web\/wp-content\/uploads\/2015\/01\/Freud-se-cuela-en-nuestras-conversaciones...-y-nuestros-sue\u00f1os-300x168.jpg\" alt=\"Freud se cuela en nuestras conversaciones... y nuestros sue\u00f1os\" width=\"300\" height=\"168\" srcset=\"https:\/\/seryhumano.com\/web\/wp-content\/uploads\/2015\/01\/Freud-se-cuela-en-nuestras-conversaciones...-y-nuestros-sue\u00f1os-300x168.jpg 300w, https:\/\/seryhumano.com\/web\/wp-content\/uploads\/2015\/01\/Freud-se-cuela-en-nuestras-conversaciones...-y-nuestros-sue\u00f1os.jpg 625w\" sizes=\"auto, (max-width: 300px) 100vw, 300px\" \/><\/a><p id=\"caption-attachment-17397\" class=\"wp-caption-text\">Freud se cuela en nuestras conversaciones&#8230; y nuestros sue\u00f1os<\/p><\/div>\n<p><em>Complejo de Edipo. Negaci\u00f3n. Ello, yo y supery\u00f3. Libido. Deseos de muerte. Fijaci\u00f3n retentiva anal. Mecanismos de defensa. Desplazamiento. S\u00edmbolos f\u00e1licos. Proyecci\u00f3n. Transferencia<\/em>. Y, por supuesto, los deslices freudianos. Algunos de los t\u00e9rminos que pueden aparecer por aqu\u00ed y por all\u00e1 en conversaciones casuales, pero que se retrotraen a un mismo personaje: el doctor Sigmund Freud.<\/p>\n<p>Ning\u00fan otro pensador del siglo XX parece haber llegado tan lejos en su influencia cotidiana.<\/p>\n<p><strong>Advierten de los peligros de lavar el pollo<\/strong><\/p>\n<div id=\"attachment_17398\" style=\"width: 310px\" class=\"wp-caption aligncenter\"><a href=\"https:\/\/seryhumano.com\/web\/en-bbc-mundo-las-noticias-mas-leidas-del-2014\/mucha-gente-lava-el-pollo-antes-de-cocinarlo\/\" rel=\"attachment wp-att-17398\"><img loading=\"lazy\" decoding=\"async\" aria-describedby=\"caption-attachment-17398\" class=\"size-medium wp-image-17398\" src=\"https:\/\/seryhumano.com\/web\/wp-content\/uploads\/2015\/01\/Mucha-gente-lava-el-pollo-antes-de-cocinarlo-300x168.jpg\" alt=\"Mucha gente lava el pollo antes de cocinarlo\" width=\"300\" height=\"168\" srcset=\"https:\/\/seryhumano.com\/web\/wp-content\/uploads\/2015\/01\/Mucha-gente-lava-el-pollo-antes-de-cocinarlo-300x168.jpg 300w, https:\/\/seryhumano.com\/web\/wp-content\/uploads\/2015\/01\/Mucha-gente-lava-el-pollo-antes-de-cocinarlo.jpg 625w\" sizes=\"auto, (max-width: 300px) 100vw, 300px\" \/><\/a><p id=\"caption-attachment-17398\" class=\"wp-caption-text\">Mucha gente lava el pollo antes de cocinarlo<\/p><\/div>\n<p>La Agencia de Seguridad Alimentaria del Reino Unido (FSA por sus siglas en ingl\u00e9s) advirti\u00f3 en junio pasado que lavar el pollo antes de cocinarlo aumenta el riesgo de propagaci\u00f3n de la bacteria Campylobacter en las manos, las superficies de trabajo, la ropa y utensilios de cocina a trav\u00e9s de la salpicadura de gotas de agua.<\/p>\n<p>El porcentaje de personas que en Estados Unidos lava el pollo antes de cocinarlo es sorprendentemente alto.<\/p>\n<p>seryhumano.com<\/p>\n<p>Fuente: bbc.co.uk<\/p>\n","protected":false},"excerpt":{"rendered":"<p>La \u201cLuna de Sangre\u201d, el suicidio de una carism\u00e1tica figura de Hollywood, el conflicto palestino israel\u00ed y -c\u00f3mo olvidarlo- el Mundial de F\u00fatbol de Brasil, fueron algunas de las historias que atrajeron su atenci\u00f3n durante 2014. Estas son las diez notas que tuvieron el mayor impacto. La Luna se vuelve roja Un eclipse que tuvo&hellip;<\/p>\n","protected":false},"author":2,"featured_media":17443,"comment_status":"closed","ping_status":"closed","sticky":false,"template":"","format":"standard","meta":{"footnotes":""},"categories":[110],"tags":[143],"class_list":["post-17385","post","type-post","status-publish","format-standard","has-post-thumbnail","hentry","category-noticias","tag-concepto-del-proyecto","category-110","description-off"],"yoast_head":"<!-- This site is optimized with the Yoast SEO plugin v25.4 - https:\/\/yoast.com\/wordpress\/plugins\/seo\/ -->\n<title>En BBC Mundo: Las noticias m\u00e1s le\u00eddas del 2014<\/title>\n<meta name=\"description\" content=\"La \u201cLuna de Sangre\u201d, el suicidio de una carism\u00e1tica figura de Hollywood, el conflicto palestino israel\u00ed y -c\u00f3mo olvidarlo- el Mundial de F\u00fatbol de Brasil, fueron algunas de las historias que atrajeron su atenci\u00f3n durante 2014.\" \/>\n<meta name=\"robots\" content=\"index, follow, max-snippet:-1, max-image-preview:large, max-video-preview:-1\" \/>\n<link rel=\"canonical\" href=\"https:\/\/seryhumano.com\/web\/?p=17385\" \/>\n<meta property=\"og:locale\" content=\"es_ES\" \/>\n<meta property=\"og:type\" content=\"article\" \/>\n<meta property=\"og:title\" content=\"En BBC Mundo: Las noticias m\u00e1s le\u00eddas del 2014\" \/>\n<meta property=\"og:description\" content=\"La \u201cLuna de Sangre\u201d, el suicidio de una carism\u00e1tica figura de Hollywood, el conflicto palestino israel\u00ed y -c\u00f3mo olvidarlo- el Mundial de F\u00fatbol de Brasil, fueron algunas de las historias que atrajeron su atenci\u00f3n durante 2014.\" \/>\n<meta property=\"og:url\" content=\"https:\/\/seryhumano.com\/web\/?p=17385\" \/>\n<meta property=\"og:site_name\" content=\"SeryHumano.com\" \/>\n<meta property=\"article:publisher\" content=\"https:\/\/www.facebook.com\/seryhumano\/\" \/>\n<meta property=\"article:published_time\" content=\"2015-01-02T10:29:00+00:00\" \/>\n<meta property=\"article:modified_time\" content=\"2016-10-31T23:16:02+00:00\" \/>\n<meta property=\"og:image\" content=\"https:\/\/seryhumano.com\/web\/wp-content\/uploads\/2015\/01\/featureslider3.jpg\" \/>\n\t<meta property=\"og:image:width\" content=\"910\" \/>\n\t<meta property=\"og:image:height\" content=\"227\" \/>\n\t<meta property=\"og:image:type\" content=\"image\/jpeg\" \/>\n<meta name=\"author\" content=\"@herrera_yosmar\" \/>\n<meta name=\"twitter:card\" content=\"summary_large_image\" \/>\n<meta name=\"twitter:creator\" content=\"@SeryHumano\" \/>\n<meta name=\"twitter:site\" content=\"@SeryHumano\" \/>\n<meta name=\"twitter:label1\" content=\"Escrito por\" \/>\n\t<meta name=\"twitter:data1\" content=\"@herrera_yosmar\" \/>\n\t<meta name=\"twitter:label2\" content=\"Tiempo de lectura\" \/>\n\t<meta name=\"twitter:data2\" content=\"5 minutos\" \/>\n<script type=\"application\/ld+json\" class=\"yoast-schema-graph\">{\"@context\":\"https:\/\/schema.org\",\"@graph\":[{\"@type\":\"Article\",\"@id\":\"https:\/\/seryhumano.com\/web\/?p=17385#article\",\"isPartOf\":{\"@id\":\"https:\/\/seryhumano.com\/web\/?p=17385\"},\"author\":{\"name\":\"@herrera_yosmar\",\"@id\":\"https:\/\/seryhumano.com\/web\/#\/schema\/person\/fd30e8e0b394a62344b44d9b0fe75795\"},\"headline\":\"En BBC Mundo: Las noticias m\u00e1s le\u00eddas del 2014\",\"datePublished\":\"2015-01-02T10:29:00+00:00\",\"dateModified\":\"2016-10-31T23:16:02+00:00\",\"mainEntityOfPage\":{\"@id\":\"https:\/\/seryhumano.com\/web\/?p=17385\"},\"wordCount\":1071,\"publisher\":{\"@id\":\"https:\/\/seryhumano.com\/web\/#organization\"},\"image\":{\"@id\":\"https:\/\/seryhumano.com\/web\/?p=17385#primaryimage\"},\"thumbnailUrl\":\"https:\/\/seryhumano.com\/web\/wp-content\/uploads\/2015\/01\/featureslider3.jpg\",\"keywords\":[\"Concepto del Proyecto\"],\"articleSection\":[\"Noticias\"],\"inLanguage\":\"es\"},{\"@type\":\"WebPage\",\"@id\":\"https:\/\/seryhumano.com\/web\/?p=17385\",\"url\":\"https:\/\/seryhumano.com\/web\/?p=17385\",\"name\":\"En BBC Mundo: Las noticias m\u00e1s le\u00eddas del 2014\",\"isPartOf\":{\"@id\":\"https:\/\/seryhumano.com\/web\/#website\"},\"primaryImageOfPage\":{\"@id\":\"https:\/\/seryhumano.com\/web\/?p=17385#primaryimage\"},\"image\":{\"@id\":\"https:\/\/seryhumano.com\/web\/?p=17385#primaryimage\"},\"thumbnailUrl\":\"https:\/\/seryhumano.com\/web\/wp-content\/uploads\/2015\/01\/featureslider3.jpg\",\"datePublished\":\"2015-01-02T10:29:00+00:00\",\"dateModified\":\"2016-10-31T23:16:02+00:00\",\"description\":\"La \u201cLuna de Sangre\u201d, el suicidio de una carism\u00e1tica figura de Hollywood, el conflicto palestino israel\u00ed y -c\u00f3mo olvidarlo- el Mundial de F\u00fatbol de Brasil, fueron algunas de las historias que atrajeron su atenci\u00f3n durante 2014.\",\"breadcrumb\":{\"@id\":\"https:\/\/seryhumano.com\/web\/?p=17385#breadcrumb\"},\"inLanguage\":\"es\",\"potentialAction\":[{\"@type\":\"ReadAction\",\"target\":[\"https:\/\/seryhumano.com\/web\/?p=17385\"]}]},{\"@type\":\"ImageObject\",\"inLanguage\":\"es\",\"@id\":\"https:\/\/seryhumano.com\/web\/?p=17385#primaryimage\",\"url\":\"https:\/\/seryhumano.com\/web\/wp-content\/uploads\/2015\/01\/featureslider3.jpg\",\"contentUrl\":\"https:\/\/seryhumano.com\/web\/wp-content\/uploads\/2015\/01\/featureslider3.jpg\",\"width\":910,\"height\":227},{\"@type\":\"BreadcrumbList\",\"@id\":\"https:\/\/seryhumano.com\/web\/?p=17385#breadcrumb\",\"itemListElement\":[{\"@type\":\"ListItem\",\"position\":1,\"name\":\"Portada\",\"item\":\"https:\/\/seryhumano.com\/web\/\"},{\"@type\":\"ListItem\",\"position\":2,\"name\":\"En BBC Mundo: Las noticias m\u00e1s le\u00eddas del 2014\"}]},{\"@type\":\"WebSite\",\"@id\":\"https:\/\/seryhumano.com\/web\/#website\",\"url\":\"https:\/\/seryhumano.com\/web\/\",\"name\":\"SeryHumano.com\",\"description\":\"Revista digital muy humana, donde lo mas importante es el Ser...\",\"publisher\":{\"@id\":\"https:\/\/seryhumano.com\/web\/#organization\"},\"potentialAction\":[{\"@type\":\"SearchAction\",\"target\":{\"@type\":\"EntryPoint\",\"urlTemplate\":\"https:\/\/seryhumano.com\/web\/?s={search_term_string}\"},\"query-input\":{\"@type\":\"PropertyValueSpecification\",\"valueRequired\":true,\"valueName\":\"search_term_string\"}}],\"inLanguage\":\"es\"},{\"@type\":\"Organization\",\"@id\":\"https:\/\/seryhumano.com\/web\/#organization\",\"name\":\"SeryHumano.com\",\"url\":\"https:\/\/seryhumano.com\/web\/\",\"logo\":{\"@type\":\"ImageObject\",\"inLanguage\":\"es\",\"@id\":\"https:\/\/seryhumano.com\/web\/#\/schema\/logo\/image\/\",\"url\":\"https:\/\/seryhumano.com\/web\/wp-content\/uploads\/2020\/02\/JNe5VRwH_400x400-2.jpg\",\"contentUrl\":\"https:\/\/seryhumano.com\/web\/wp-content\/uploads\/2020\/02\/JNe5VRwH_400x400-2.jpg\",\"width\":400,\"height\":400,\"caption\":\"SeryHumano.com\"},\"image\":{\"@id\":\"https:\/\/seryhumano.com\/web\/#\/schema\/logo\/image\/\"},\"sameAs\":[\"https:\/\/www.facebook.com\/seryhumano\/\",\"https:\/\/x.com\/SeryHumano\",\"https:\/\/www.instagram.com\/seryhumano\/\",\"https:\/\/www.linkedin.com\/company\/seryhumano-com\/\",\"https:\/\/www.youtube.com\/channel\/UCYfgIGSxygVnJAW0e9ZBZWg\"]},{\"@type\":\"Person\",\"@id\":\"https:\/\/seryhumano.com\/web\/#\/schema\/person\/fd30e8e0b394a62344b44d9b0fe75795\",\"name\":\"@herrera_yosmar\",\"description\":\"Eterna enamorada de la vida, comunicadora, mam\u00e1 de tres\",\"sameAs\":[\"http:\/\/seryhumano.com\"],\"url\":\"https:\/\/seryhumano.com\/web\/?author=2\"}]}<\/script>\n<!-- \/ Yoast SEO plugin. -->","yoast_head_json":{"title":"En BBC Mundo: Las noticias m\u00e1s le\u00eddas del 2014","description":"La \u201cLuna de Sangre\u201d, el suicidio de una carism\u00e1tica figura de Hollywood, el conflicto palestino israel\u00ed y -c\u00f3mo olvidarlo- el Mundial de F\u00fatbol de Brasil, fueron algunas de las historias que atrajeron su atenci\u00f3n durante 2014.","robots":{"index":"index","follow":"follow","max-snippet":"max-snippet:-1","max-image-preview":"max-image-preview:large","max-video-preview":"max-video-preview:-1"},"canonical":"https:\/\/seryhumano.com\/web\/?p=17385","og_locale":"es_ES","og_type":"article","og_title":"En BBC Mundo: Las noticias m\u00e1s le\u00eddas del 2014","og_description":"La \u201cLuna de Sangre\u201d, el suicidio de una carism\u00e1tica figura de Hollywood, el conflicto palestino israel\u00ed y -c\u00f3mo olvidarlo- el Mundial de F\u00fatbol de Brasil, fueron algunas de las historias que atrajeron su atenci\u00f3n durante 2014.","og_url":"https:\/\/seryhumano.com\/web\/?p=17385","og_site_name":"SeryHumano.com","article_publisher":"https:\/\/www.facebook.com\/seryhumano\/","article_published_time":"2015-01-02T10:29:00+00:00","article_modified_time":"2016-10-31T23:16:02+00:00","og_image":[{"width":910,"height":227,"url":"https:\/\/seryhumano.com\/web\/wp-content\/uploads\/2015\/01\/featureslider3.jpg","type":"image\/jpeg"}],"author":"@herrera_yosmar","twitter_card":"summary_large_image","twitter_creator":"@SeryHumano","twitter_site":"@SeryHumano","twitter_misc":{"Escrito por":"@herrera_yosmar","Tiempo de lectura":"5 minutos"},"schema":{"@context":"https:\/\/schema.org","@graph":[{"@type":"Article","@id":"https:\/\/seryhumano.com\/web\/?p=17385#article","isPartOf":{"@id":"https:\/\/seryhumano.com\/web\/?p=17385"},"author":{"name":"@herrera_yosmar","@id":"https:\/\/seryhumano.com\/web\/#\/schema\/person\/fd30e8e0b394a62344b44d9b0fe75795"},"headline":"En BBC Mundo: Las noticias m\u00e1s le\u00eddas del 2014","datePublished":"2015-01-02T10:29:00+00:00","dateModified":"2016-10-31T23:16:02+00:00","mainEntityOfPage":{"@id":"https:\/\/seryhumano.com\/web\/?p=17385"},"wordCount":1071,"publisher":{"@id":"https:\/\/seryhumano.com\/web\/#organization"},"image":{"@id":"https:\/\/seryhumano.com\/web\/?p=17385#primaryimage"},"thumbnailUrl":"https:\/\/seryhumano.com\/web\/wp-content\/uploads\/2015\/01\/featureslider3.jpg","keywords":["Concepto del Proyecto"],"articleSection":["Noticias"],"inLanguage":"es"},{"@type":"WebPage","@id":"https:\/\/seryhumano.com\/web\/?p=17385","url":"https:\/\/seryhumano.com\/web\/?p=17385","name":"En BBC Mundo: Las noticias m\u00e1s le\u00eddas del 2014","isPartOf":{"@id":"https:\/\/seryhumano.com\/web\/#website"},"primaryImageOfPage":{"@id":"https:\/\/seryhumano.com\/web\/?p=17385#primaryimage"},"image":{"@id":"https:\/\/seryhumano.com\/web\/?p=17385#primaryimage"},"thumbnailUrl":"https:\/\/seryhumano.com\/web\/wp-content\/uploads\/2015\/01\/featureslider3.jpg","datePublished":"2015-01-02T10:29:00+00:00","dateModified":"2016-10-31T23:16:02+00:00","description":"La \u201cLuna de Sangre\u201d, el suicidio de una carism\u00e1tica figura de Hollywood, el conflicto palestino israel\u00ed y -c\u00f3mo olvidarlo- el Mundial de F\u00fatbol de Brasil, fueron algunas de las historias que atrajeron su atenci\u00f3n durante 2014.","breadcrumb":{"@id":"https:\/\/seryhumano.com\/web\/?p=17385#breadcrumb"},"inLanguage":"es","potentialAction":[{"@type":"ReadAction","target":["https:\/\/seryhumano.com\/web\/?p=17385"]}]},{"@type":"ImageObject","inLanguage":"es","@id":"https:\/\/seryhumano.com\/web\/?p=17385#primaryimage","url":"https:\/\/seryhumano.com\/web\/wp-content\/uploads\/2015\/01\/featureslider3.jpg","contentUrl":"https:\/\/seryhumano.com\/web\/wp-content\/uploads\/2015\/01\/featureslider3.jpg","width":910,"height":227},{"@type":"BreadcrumbList","@id":"https:\/\/seryhumano.com\/web\/?p=17385#breadcrumb","itemListElement":[{"@type":"ListItem","position":1,"name":"Portada","item":"https:\/\/seryhumano.com\/web\/"},{"@type":"ListItem","position":2,"name":"En BBC Mundo: Las noticias m\u00e1s le\u00eddas del 2014"}]},{"@type":"WebSite","@id":"https:\/\/seryhumano.com\/web\/#website","url":"https:\/\/seryhumano.com\/web\/","name":"SeryHumano.com","description":"Revista digital muy humana, donde lo mas importante es el Ser...","publisher":{"@id":"https:\/\/seryhumano.com\/web\/#organization"},"potentialAction":[{"@type":"SearchAction","target":{"@type":"EntryPoint","urlTemplate":"https:\/\/seryhumano.com\/web\/?s={search_term_string}"},"query-input":{"@type":"PropertyValueSpecification","valueRequired":true,"valueName":"search_term_string"}}],"inLanguage":"es"},{"@type":"Organization","@id":"https:\/\/seryhumano.com\/web\/#organization","name":"SeryHumano.com","url":"https:\/\/seryhumano.com\/web\/","logo":{"@type":"ImageObject","inLanguage":"es","@id":"https:\/\/seryhumano.com\/web\/#\/schema\/logo\/image\/","url":"https:\/\/seryhumano.com\/web\/wp-content\/uploads\/2020\/02\/JNe5VRwH_400x400-2.jpg","contentUrl":"https:\/\/seryhumano.com\/web\/wp-content\/uploads\/2020\/02\/JNe5VRwH_400x400-2.jpg","width":400,"height":400,"caption":"SeryHumano.com"},"image":{"@id":"https:\/\/seryhumano.com\/web\/#\/schema\/logo\/image\/"},"sameAs":["https:\/\/www.facebook.com\/seryhumano\/","https:\/\/x.com\/SeryHumano","https:\/\/www.instagram.com\/seryhumano\/","https:\/\/www.linkedin.com\/company\/seryhumano-com\/","https:\/\/www.youtube.com\/channel\/UCYfgIGSxygVnJAW0e9ZBZWg"]},{"@type":"Person","@id":"https:\/\/seryhumano.com\/web\/#\/schema\/person\/fd30e8e0b394a62344b44d9b0fe75795","name":"@herrera_yosmar","description":"Eterna enamorada de la vida, comunicadora, mam\u00e1 de tres","sameAs":["http:\/\/seryhumano.com"],"url":"https:\/\/seryhumano.com\/web\/?author=2"}]}},"_links":{"self":[{"href":"https:\/\/seryhumano.com\/web\/index.php?rest_route=\/wp\/v2\/posts\/17385","targetHints":{"allow":["GET"]}}],"collection":[{"href":"https:\/\/seryhumano.com\/web\/index.php?rest_route=\/wp\/v2\/posts"}],"about":[{"href":"https:\/\/seryhumano.com\/web\/index.php?rest_route=\/wp\/v2\/types\/post"}],"author":[{"embeddable":true,"href":"https:\/\/seryhumano.com\/web\/index.php?rest_route=\/wp\/v2\/users\/2"}],"replies":[{"embeddable":true,"href":"https:\/\/seryhumano.com\/web\/index.php?rest_route=%2Fwp%2Fv2%2Fcomments&post=17385"}],"version-history":[{"count":0,"href":"https:\/\/seryhumano.com\/web\/index.php?rest_route=\/wp\/v2\/posts\/17385\/revisions"}],"wp:featuredmedia":[{"embeddable":true,"href":"https:\/\/seryhumano.com\/web\/index.php?rest_route=\/wp\/v2\/media\/17443"}],"wp:attachment":[{"href":"https:\/\/seryhumano.com\/web\/index.php?rest_route=%2Fwp%2Fv2%2Fmedia&parent=17385"}],"wp:term":[{"taxonomy":"category","embeddable":true,"href":"https:\/\/seryhumano.com\/web\/index.php?rest_route=%2Fwp%2Fv2%2Fcategories&post=17385"},{"taxonomy":"post_tag","embeddable":true,"href":"https:\/\/seryhumano.com\/web\/index.php?rest_route=%2Fwp%2Fv2%2Ftags&post=17385"}],"curies":[{"name":"wp","href":"https:\/\/api.w.org\/{rel}","templated":true}]}}