{"id":18115,"date":"2015-01-26T05:48:50","date_gmt":"2015-01-26T10:18:50","guid":{"rendered":"https:\/\/seryhumano.com\/web\/?p=18115"},"modified":"2015-01-26T16:49:24","modified_gmt":"2015-01-26T21:19:24","slug":"como-afecta-el-cambio-climatico-a-nuestra-salud","status":"publish","type":"post","link":"https:\/\/seryhumano.com\/web\/?p=18115","title":{"rendered":"\u00bfC\u00f3mo afecta el cambio clim\u00e1tico a nuestra salud?"},"content":{"rendered":"<p><a href=\"https:\/\/seryhumano.com\/web\/?attachment_id=18116\" rel=\"attachment wp-att-18116\"><img loading=\"lazy\" decoding=\"async\" class=\"aligncenter size-full wp-image-18116\" src=\"https:\/\/seryhumano.com\/web\/wp-content\/uploads\/2015\/01\/cambio-climatico.jpg\" alt=\"cambio-climatico\" width=\"478\" height=\"359\" srcset=\"https:\/\/seryhumano.com\/web\/wp-content\/uploads\/2015\/01\/cambio-climatico.jpg 478w, https:\/\/seryhumano.com\/web\/wp-content\/uploads\/2015\/01\/cambio-climatico-300x225.jpg 300w\" sizes=\"auto, (max-width: 478px) 100vw, 478px\" \/><\/a>En la cumbre clim\u00e1tica de Varsovia la ONU (2013) se\u00f1al\u00f3 al\u00a0 cambio clim\u00e1tico como responsable directo del tif\u00f3n que dej\u00f3 m\u00e1s de 5500 muertos en Filipinas. Es decir, el cambio clim\u00e1tico, que algunos todav\u00eda niegan, no solo es una realidad, sino que adem\u00e1s es la causa de multitud de problemas que pone en riesgo nuestras vidas y las de todos los que habitamos el planeta. Pero no son solo cambios climatol\u00f3gicos adversos lo que nos espera de seguir as\u00ed:<\/p>\n<ol>\n<li>A lo largo de los \u00faltimos 50 a\u00f1os, las actividades humanas, y en particular la combusti\u00f3n de combustibles f\u00f3siles, han liberado cantidades de di\u00f3xido de carbono y otros gases de efecto invernadero suficientes para afectar al clima mundial. La concentraci\u00f3n atmosf\u00e9rica de di\u00f3xido de carbono, gas que atrapa m\u00e1s calor en las capas bajas de la atm\u00f3sfera, ha aumentado en m\u00e1s de un 30% desde los tiempos anteriores a la revoluci\u00f3n industrial. Los consiguientes cambios del clima mundial conllevan una serie de riesgos para la salud, tales como el aumento de la mortalidad por las temperaturas extremadamente elevadas o el cambio de la distribuci\u00f3n de las enfermedades infecciosas.<\/li>\n<\/ol>\n<ol start=\"2\">\n<li>Del ecuador a los polos, el clima y la meteorolog\u00eda tienen grandes repercusiones directas e indirectas en la vida humana. Los fen\u00f3menos meteorol\u00f3gicos extremos, como las grandes lluvias, las inundaciones o los huracanes como el que arras\u00f3 Nueva Orle\u00e1ns (EE.UU.) en agosto de 2005, ponen en peligro la salud y destruyen propiedades y medios de subsistencia. En la \u00faltima d\u00e9cada del siglo XX, los desastres naturales relacionados con las condiciones meteorol\u00f3gicas produjeron aproximadamente 600.000 muertes en todo el mundo, el 95% de ellas en pa\u00edses pobres.<\/li>\n<\/ol>\n<ol start=\"3\">\n<li>Las variaciones meteorol\u00f3gicas intensas a corto plazo tambi\u00e9n pueden afectar gravemente a la salud, causando estr\u00e9s t\u00e9rmico o un fr\u00edo extremo (hipotermia) y provocar el aumento de la mortalidad por enfermedades cardiacas y respiratorias. Unos estudios recientes parecen asociar las temperaturas r\u00e9cord alcanzadas en el verano de 2003 en Europa Occidental, con las 70.000 muertes m\u00e1s en el mismo periodo de a\u00f1os anteriores.<\/li>\n<\/ol>\n<ol start=\"4\">\n<li>El aumento de la temperatura global modifica los niveles y la distribuci\u00f3n estacional de part\u00edculas a\u00e9reas naturales (por ejemplo, el polen) y pueden provocar el asma. Hay aproximadamente 300 millones de personas con asma y se teme que el alza en la temperatura eleve el n\u00famero de personas con dicha enfermedad.<a href=\"https:\/\/seryhumano.com\/web\/?attachment_id=18118\" rel=\"attachment wp-att-18118\"><img loading=\"lazy\" decoding=\"async\" class=\"aligncenter size-full wp-image-18118\" src=\"https:\/\/seryhumano.com\/web\/wp-content\/uploads\/2015\/01\/IMAGEN.jpg\" alt=\"IMAGEN\" width=\"450\" height=\"320\" srcset=\"https:\/\/seryhumano.com\/web\/wp-content\/uploads\/2015\/01\/IMAGEN.jpg 450w, https:\/\/seryhumano.com\/web\/wp-content\/uploads\/2015\/01\/IMAGEN-300x213.jpg 300w\" sizes=\"auto, (max-width: 450px) 100vw, 450px\" \/><\/a><\/li>\n<\/ol>\n<ol start=\"5\">\n<li>La elevaci\u00f3n del nivel del mar, otra consecuencia del calentamiento global, aumenta el riesgo de inundaci\u00f3n de las costas y podr\u00eda causar desplazamientos de poblaci\u00f3n. M\u00e1s de la mitad de la poblaci\u00f3n mundial vive en una franja costera de 60 km de ancho. Adem\u00e1s de producir directamente lesiones y muertes, las inundaciones pueden aumentar el riesgo de infecciones transmitidas por el agua y por vectores. Los desplazamientos de la poblaci\u00f3n pueden aumentar las tensiones y el riesgo de conflictos.<\/li>\n<\/ol>\n<ol start=\"6\">\n<li>El aumento de la variabilidad de las precipitaciones puede poner en riesgo el suministro de agua dulce. La escasez de agua afecta ya a un 40% de la poblaci\u00f3n mundial. La falta de agua y su mala calidad pueden poner en peligro la salud y la higiene, con el consiguiente aumento del riesgo de enfermedades diarreicas (causa de la muerte de 2,2 millones de personas cada a\u00f1o), de tracoma (una infecci\u00f3n ocular que puede producir ceguera) y otras enfermedades.<\/li>\n<\/ol>\n<ol start=\"7\">\n<li>La escasez obliga a las personas a transportar el agua desde lugares alejados y a almacenarla en sus casas. Esto puede aumentar el riesgo de contaminaci\u00f3n del agua y de las consiguientes enfermedades, adem\u00e1s de servir de criadero de mosquitos que son vectores de enfermedades debilitantes como el paludismo o el dengue.<\/li>\n<\/ol>\n<ol start=\"8\">\n<li>Las condiciones clim\u00e1ticas influyen en las enfermedades transmitidas por el agua y por vectores como los mosquitos. Las enfermedades sensibles al clima se encuentran entre las principales causas de muerte. La diarrea, el paludismo y la malnutrici\u00f3n proteinocal\u00f3rica produjeron m\u00e1s 3 millones de muertes en 2004, de las cuales m\u00e1s de un tercio se registraron en \u00c1frica.<\/li>\n<\/ol>\n<ol start=\"9\">\n<li>La malnutrici\u00f3n es la causa de millones de muertes anuales, tanto por la falta de nutrientes suficientes para mantener la vida como por el aumento de la vulnerabilidad a enfermedades respiratorias y enfermedades infecciosas como el paludismo o la diarrea. Se prev\u00e9 que el aumento de la temperatura del planeta y de la variabilidad de las precipitaciones reduzca las cosechas en muchas regiones tropicales en desarrollo donde la seguridad alimentaria ya es un problema.<\/li>\n<\/ol>\n<ol start=\"10\">\n<li>Las medidas para reducir las emisiones de gases de efecto invernadero o atenuar las repercusiones sanitarias del cambio clim\u00e1tico pueden tener otros efectos positivos en la salud. Por ejemplo, el fomento del uso del transporte p\u00fablico y de los medios de desplazamiento activos (la marcha o la bicicleta) como alternativa a los veh\u00edculos privados podr\u00eda reducir las emisiones de di\u00f3xido de carbono y mejorar la salud p\u00fablica. Adem\u00e1s de reducir las lesiones relacionadas con el tr\u00e1nsito, tambi\u00e9n reducir\u00eda la contaminaci\u00f3n del aire y las enfermedades respiratorias y cardiovasculares asociadas. El aumento de la actividad f\u00edsica, puede reducir las tasas generales de mortalidad.<\/li>\n<\/ol>\n<p>seryhumano.com<\/p>\n<p>Fuente: OMS who.int\/features\/factfiles\/climate_change\/facts\/es\/index.html<\/p>\n","protected":false},"excerpt":{"rendered":"<p>En la cumbre clim\u00e1tica de Varsovia la ONU (2013) se\u00f1al\u00f3 al\u00a0 cambio clim\u00e1tico como responsable directo del tif\u00f3n que dej\u00f3 m\u00e1s de 5500 muertos en Filipinas. Es decir, el cambio clim\u00e1tico, que algunos todav\u00eda niegan, no solo es una realidad, sino que adem\u00e1s es la causa de multitud de problemas que pone en riesgo nuestras&hellip;<\/p>\n","protected":false},"author":2,"featured_media":18132,"comment_status":"closed","ping_status":"closed","sticky":false,"template":"","format":"standard","meta":{"footnotes":""},"categories":[116,120],"tags":[143],"class_list":["post-18115","post","type-post","status-publish","format-standard","has-post-thumbnail","hentry","category-ser-ecologico","category-ser-saludable","tag-concepto-del-proyecto","category-116","category-120","description-off"],"yoast_head":"<!-- This site is optimized with the Yoast SEO plugin v25.4 - https:\/\/yoast.com\/wordpress\/plugins\/seo\/ -->\n<title>\u00bfC\u00f3mo afecta el cambio clim\u00e1tico a nuestra salud?<\/title>\n<meta name=\"description\" content=\"En la cumbre clim\u00e1tica de Varsovia la ONU (2013) se\u00f1al\u00f3 al cambio clim\u00e1tico como responsable directo del tif\u00f3n que dej\u00f3 m\u00e1s de 5500 muertos en Filipinas. Es decir, el cambio clim\u00e1tico, que algunos todav\u00eda niegan, no solo es una realidad, sino que adem\u00e1s es la causa de multitud de problemas que pone en riesgo nuestras vidas y las de todos los que habitamos el planeta.\" \/>\n<meta name=\"robots\" content=\"index, follow, max-snippet:-1, max-image-preview:large, max-video-preview:-1\" \/>\n<link rel=\"canonical\" href=\"https:\/\/seryhumano.com\/web\/?p=18115\" \/>\n<meta property=\"og:locale\" content=\"es_ES\" \/>\n<meta property=\"og:type\" content=\"article\" \/>\n<meta property=\"og:title\" content=\"\u00bfC\u00f3mo afecta el cambio clim\u00e1tico a nuestra salud?\" \/>\n<meta property=\"og:description\" content=\"En la cumbre clim\u00e1tica de Varsovia la ONU (2013) se\u00f1al\u00f3 al cambio clim\u00e1tico como responsable directo del tif\u00f3n que dej\u00f3 m\u00e1s de 5500 muertos en Filipinas. Es decir, el cambio clim\u00e1tico, que algunos todav\u00eda niegan, no solo es una realidad, sino que adem\u00e1s es la causa de multitud de problemas que pone en riesgo nuestras vidas y las de todos los que habitamos el planeta.\" \/>\n<meta property=\"og:url\" content=\"https:\/\/seryhumano.com\/web\/?p=18115\" \/>\n<meta property=\"og:site_name\" content=\"SeryHumano.com\" \/>\n<meta property=\"article:publisher\" content=\"https:\/\/www.facebook.com\/seryhumano\/\" \/>\n<meta property=\"article:published_time\" content=\"2015-01-26T10:18:50+00:00\" \/>\n<meta property=\"article:modified_time\" content=\"2015-01-26T21:19:24+00:00\" \/>\n<meta property=\"og:image\" content=\"https:\/\/seryhumano.com\/web\/wp-content\/uploads\/2015\/01\/featureslider83.jpg\" \/>\n\t<meta property=\"og:image:width\" content=\"910\" \/>\n\t<meta property=\"og:image:height\" content=\"227\" \/>\n\t<meta property=\"og:image:type\" content=\"image\/jpeg\" \/>\n<meta name=\"author\" content=\"@herrera_yosmar\" \/>\n<meta name=\"twitter:card\" content=\"summary_large_image\" \/>\n<meta name=\"twitter:creator\" content=\"@SeryHumano\" \/>\n<meta name=\"twitter:site\" content=\"@SeryHumano\" \/>\n<meta name=\"twitter:label1\" content=\"Escrito por\" \/>\n\t<meta name=\"twitter:data1\" content=\"@herrera_yosmar\" \/>\n\t<meta name=\"twitter:label2\" content=\"Tiempo de lectura\" \/>\n\t<meta name=\"twitter:data2\" content=\"5 minutos\" \/>\n<script type=\"application\/ld+json\" class=\"yoast-schema-graph\">{\"@context\":\"https:\/\/schema.org\",\"@graph\":[{\"@type\":\"Article\",\"@id\":\"https:\/\/seryhumano.com\/web\/?p=18115#article\",\"isPartOf\":{\"@id\":\"https:\/\/seryhumano.com\/web\/?p=18115\"},\"author\":{\"name\":\"@herrera_yosmar\",\"@id\":\"https:\/\/seryhumano.com\/web\/#\/schema\/person\/fd30e8e0b394a62344b44d9b0fe75795\"},\"headline\":\"\u00bfC\u00f3mo afecta el cambio clim\u00e1tico a nuestra salud?\",\"datePublished\":\"2015-01-26T10:18:50+00:00\",\"dateModified\":\"2015-01-26T21:19:24+00:00\",\"mainEntityOfPage\":{\"@id\":\"https:\/\/seryhumano.com\/web\/?p=18115\"},\"wordCount\":911,\"publisher\":{\"@id\":\"https:\/\/seryhumano.com\/web\/#organization\"},\"image\":{\"@id\":\"https:\/\/seryhumano.com\/web\/?p=18115#primaryimage\"},\"thumbnailUrl\":\"https:\/\/seryhumano.com\/web\/wp-content\/uploads\/2015\/01\/featureslider83.jpg\",\"keywords\":[\"Concepto del Proyecto\"],\"articleSection\":[\"Ser Ecol\u00f3gico\",\"Ser Saludable\"],\"inLanguage\":\"es\"},{\"@type\":\"WebPage\",\"@id\":\"https:\/\/seryhumano.com\/web\/?p=18115\",\"url\":\"https:\/\/seryhumano.com\/web\/?p=18115\",\"name\":\"\u00bfC\u00f3mo afecta el cambio clim\u00e1tico a nuestra salud?\",\"isPartOf\":{\"@id\":\"https:\/\/seryhumano.com\/web\/#website\"},\"primaryImageOfPage\":{\"@id\":\"https:\/\/seryhumano.com\/web\/?p=18115#primaryimage\"},\"image\":{\"@id\":\"https:\/\/seryhumano.com\/web\/?p=18115#primaryimage\"},\"thumbnailUrl\":\"https:\/\/seryhumano.com\/web\/wp-content\/uploads\/2015\/01\/featureslider83.jpg\",\"datePublished\":\"2015-01-26T10:18:50+00:00\",\"dateModified\":\"2015-01-26T21:19:24+00:00\",\"description\":\"En la cumbre clim\u00e1tica de Varsovia la ONU (2013) se\u00f1al\u00f3 al cambio clim\u00e1tico como responsable directo del tif\u00f3n que dej\u00f3 m\u00e1s de 5500 muertos en Filipinas. Es decir, el cambio clim\u00e1tico, que algunos todav\u00eda niegan, no solo es una realidad, sino que adem\u00e1s es la causa de multitud de problemas que pone en riesgo nuestras vidas y las de todos los que habitamos el planeta.\",\"breadcrumb\":{\"@id\":\"https:\/\/seryhumano.com\/web\/?p=18115#breadcrumb\"},\"inLanguage\":\"es\",\"potentialAction\":[{\"@type\":\"ReadAction\",\"target\":[\"https:\/\/seryhumano.com\/web\/?p=18115\"]}]},{\"@type\":\"ImageObject\",\"inLanguage\":\"es\",\"@id\":\"https:\/\/seryhumano.com\/web\/?p=18115#primaryimage\",\"url\":\"https:\/\/seryhumano.com\/web\/wp-content\/uploads\/2015\/01\/featureslider83.jpg\",\"contentUrl\":\"https:\/\/seryhumano.com\/web\/wp-content\/uploads\/2015\/01\/featureslider83.jpg\",\"width\":910,\"height\":227},{\"@type\":\"BreadcrumbList\",\"@id\":\"https:\/\/seryhumano.com\/web\/?p=18115#breadcrumb\",\"itemListElement\":[{\"@type\":\"ListItem\",\"position\":1,\"name\":\"Portada\",\"item\":\"https:\/\/seryhumano.com\/web\/\"},{\"@type\":\"ListItem\",\"position\":2,\"name\":\"\u00bfC\u00f3mo afecta el cambio clim\u00e1tico a nuestra salud?\"}]},{\"@type\":\"WebSite\",\"@id\":\"https:\/\/seryhumano.com\/web\/#website\",\"url\":\"https:\/\/seryhumano.com\/web\/\",\"name\":\"SeryHumano.com\",\"description\":\"Revista digital muy humana, donde lo mas importante es el Ser...\",\"publisher\":{\"@id\":\"https:\/\/seryhumano.com\/web\/#organization\"},\"potentialAction\":[{\"@type\":\"SearchAction\",\"target\":{\"@type\":\"EntryPoint\",\"urlTemplate\":\"https:\/\/seryhumano.com\/web\/?s={search_term_string}\"},\"query-input\":{\"@type\":\"PropertyValueSpecification\",\"valueRequired\":true,\"valueName\":\"search_term_string\"}}],\"inLanguage\":\"es\"},{\"@type\":\"Organization\",\"@id\":\"https:\/\/seryhumano.com\/web\/#organization\",\"name\":\"SeryHumano.com\",\"url\":\"https:\/\/seryhumano.com\/web\/\",\"logo\":{\"@type\":\"ImageObject\",\"inLanguage\":\"es\",\"@id\":\"https:\/\/seryhumano.com\/web\/#\/schema\/logo\/image\/\",\"url\":\"https:\/\/seryhumano.com\/web\/wp-content\/uploads\/2020\/02\/JNe5VRwH_400x400-2.jpg\",\"contentUrl\":\"https:\/\/seryhumano.com\/web\/wp-content\/uploads\/2020\/02\/JNe5VRwH_400x400-2.jpg\",\"width\":400,\"height\":400,\"caption\":\"SeryHumano.com\"},\"image\":{\"@id\":\"https:\/\/seryhumano.com\/web\/#\/schema\/logo\/image\/\"},\"sameAs\":[\"https:\/\/www.facebook.com\/seryhumano\/\",\"https:\/\/x.com\/SeryHumano\",\"https:\/\/www.instagram.com\/seryhumano\/\",\"https:\/\/www.linkedin.com\/company\/seryhumano-com\/\",\"https:\/\/www.youtube.com\/channel\/UCYfgIGSxygVnJAW0e9ZBZWg\"]},{\"@type\":\"Person\",\"@id\":\"https:\/\/seryhumano.com\/web\/#\/schema\/person\/fd30e8e0b394a62344b44d9b0fe75795\",\"name\":\"@herrera_yosmar\",\"description\":\"Eterna enamorada de la vida, comunicadora, mam\u00e1 de tres\",\"sameAs\":[\"http:\/\/seryhumano.com\"],\"url\":\"https:\/\/seryhumano.com\/web\/?author=2\"}]}<\/script>\n<!-- \/ Yoast SEO plugin. -->","yoast_head_json":{"title":"\u00bfC\u00f3mo afecta el cambio clim\u00e1tico a nuestra salud?","description":"En la cumbre clim\u00e1tica de Varsovia la ONU (2013) se\u00f1al\u00f3 al cambio clim\u00e1tico como responsable directo del tif\u00f3n que dej\u00f3 m\u00e1s de 5500 muertos en Filipinas. Es decir, el cambio clim\u00e1tico, que algunos todav\u00eda niegan, no solo es una realidad, sino que adem\u00e1s es la causa de multitud de problemas que pone en riesgo nuestras vidas y las de todos los que habitamos el planeta.","robots":{"index":"index","follow":"follow","max-snippet":"max-snippet:-1","max-image-preview":"max-image-preview:large","max-video-preview":"max-video-preview:-1"},"canonical":"https:\/\/seryhumano.com\/web\/?p=18115","og_locale":"es_ES","og_type":"article","og_title":"\u00bfC\u00f3mo afecta el cambio clim\u00e1tico a nuestra salud?","og_description":"En la cumbre clim\u00e1tica de Varsovia la ONU (2013) se\u00f1al\u00f3 al cambio clim\u00e1tico como responsable directo del tif\u00f3n que dej\u00f3 m\u00e1s de 5500 muertos en Filipinas. Es decir, el cambio clim\u00e1tico, que algunos todav\u00eda niegan, no solo es una realidad, sino que adem\u00e1s es la causa de multitud de problemas que pone en riesgo nuestras vidas y las de todos los que habitamos el planeta.","og_url":"https:\/\/seryhumano.com\/web\/?p=18115","og_site_name":"SeryHumano.com","article_publisher":"https:\/\/www.facebook.com\/seryhumano\/","article_published_time":"2015-01-26T10:18:50+00:00","article_modified_time":"2015-01-26T21:19:24+00:00","og_image":[{"width":910,"height":227,"url":"https:\/\/seryhumano.com\/web\/wp-content\/uploads\/2015\/01\/featureslider83.jpg","type":"image\/jpeg"}],"author":"@herrera_yosmar","twitter_card":"summary_large_image","twitter_creator":"@SeryHumano","twitter_site":"@SeryHumano","twitter_misc":{"Escrito por":"@herrera_yosmar","Tiempo de lectura":"5 minutos"},"schema":{"@context":"https:\/\/schema.org","@graph":[{"@type":"Article","@id":"https:\/\/seryhumano.com\/web\/?p=18115#article","isPartOf":{"@id":"https:\/\/seryhumano.com\/web\/?p=18115"},"author":{"name":"@herrera_yosmar","@id":"https:\/\/seryhumano.com\/web\/#\/schema\/person\/fd30e8e0b394a62344b44d9b0fe75795"},"headline":"\u00bfC\u00f3mo afecta el cambio clim\u00e1tico a nuestra salud?","datePublished":"2015-01-26T10:18:50+00:00","dateModified":"2015-01-26T21:19:24+00:00","mainEntityOfPage":{"@id":"https:\/\/seryhumano.com\/web\/?p=18115"},"wordCount":911,"publisher":{"@id":"https:\/\/seryhumano.com\/web\/#organization"},"image":{"@id":"https:\/\/seryhumano.com\/web\/?p=18115#primaryimage"},"thumbnailUrl":"https:\/\/seryhumano.com\/web\/wp-content\/uploads\/2015\/01\/featureslider83.jpg","keywords":["Concepto del Proyecto"],"articleSection":["Ser Ecol\u00f3gico","Ser Saludable"],"inLanguage":"es"},{"@type":"WebPage","@id":"https:\/\/seryhumano.com\/web\/?p=18115","url":"https:\/\/seryhumano.com\/web\/?p=18115","name":"\u00bfC\u00f3mo afecta el cambio clim\u00e1tico a nuestra salud?","isPartOf":{"@id":"https:\/\/seryhumano.com\/web\/#website"},"primaryImageOfPage":{"@id":"https:\/\/seryhumano.com\/web\/?p=18115#primaryimage"},"image":{"@id":"https:\/\/seryhumano.com\/web\/?p=18115#primaryimage"},"thumbnailUrl":"https:\/\/seryhumano.com\/web\/wp-content\/uploads\/2015\/01\/featureslider83.jpg","datePublished":"2015-01-26T10:18:50+00:00","dateModified":"2015-01-26T21:19:24+00:00","description":"En la cumbre clim\u00e1tica de Varsovia la ONU (2013) se\u00f1al\u00f3 al cambio clim\u00e1tico como responsable directo del tif\u00f3n que dej\u00f3 m\u00e1s de 5500 muertos en Filipinas. Es decir, el cambio clim\u00e1tico, que algunos todav\u00eda niegan, no solo es una realidad, sino que adem\u00e1s es la causa de multitud de problemas que pone en riesgo nuestras vidas y las de todos los que habitamos el planeta.","breadcrumb":{"@id":"https:\/\/seryhumano.com\/web\/?p=18115#breadcrumb"},"inLanguage":"es","potentialAction":[{"@type":"ReadAction","target":["https:\/\/seryhumano.com\/web\/?p=18115"]}]},{"@type":"ImageObject","inLanguage":"es","@id":"https:\/\/seryhumano.com\/web\/?p=18115#primaryimage","url":"https:\/\/seryhumano.com\/web\/wp-content\/uploads\/2015\/01\/featureslider83.jpg","contentUrl":"https:\/\/seryhumano.com\/web\/wp-content\/uploads\/2015\/01\/featureslider83.jpg","width":910,"height":227},{"@type":"BreadcrumbList","@id":"https:\/\/seryhumano.com\/web\/?p=18115#breadcrumb","itemListElement":[{"@type":"ListItem","position":1,"name":"Portada","item":"https:\/\/seryhumano.com\/web\/"},{"@type":"ListItem","position":2,"name":"\u00bfC\u00f3mo afecta el cambio clim\u00e1tico a nuestra salud?"}]},{"@type":"WebSite","@id":"https:\/\/seryhumano.com\/web\/#website","url":"https:\/\/seryhumano.com\/web\/","name":"SeryHumano.com","description":"Revista digital muy humana, donde lo mas importante es el Ser...","publisher":{"@id":"https:\/\/seryhumano.com\/web\/#organization"},"potentialAction":[{"@type":"SearchAction","target":{"@type":"EntryPoint","urlTemplate":"https:\/\/seryhumano.com\/web\/?s={search_term_string}"},"query-input":{"@type":"PropertyValueSpecification","valueRequired":true,"valueName":"search_term_string"}}],"inLanguage":"es"},{"@type":"Organization","@id":"https:\/\/seryhumano.com\/web\/#organization","name":"SeryHumano.com","url":"https:\/\/seryhumano.com\/web\/","logo":{"@type":"ImageObject","inLanguage":"es","@id":"https:\/\/seryhumano.com\/web\/#\/schema\/logo\/image\/","url":"https:\/\/seryhumano.com\/web\/wp-content\/uploads\/2020\/02\/JNe5VRwH_400x400-2.jpg","contentUrl":"https:\/\/seryhumano.com\/web\/wp-content\/uploads\/2020\/02\/JNe5VRwH_400x400-2.jpg","width":400,"height":400,"caption":"SeryHumano.com"},"image":{"@id":"https:\/\/seryhumano.com\/web\/#\/schema\/logo\/image\/"},"sameAs":["https:\/\/www.facebook.com\/seryhumano\/","https:\/\/x.com\/SeryHumano","https:\/\/www.instagram.com\/seryhumano\/","https:\/\/www.linkedin.com\/company\/seryhumano-com\/","https:\/\/www.youtube.com\/channel\/UCYfgIGSxygVnJAW0e9ZBZWg"]},{"@type":"Person","@id":"https:\/\/seryhumano.com\/web\/#\/schema\/person\/fd30e8e0b394a62344b44d9b0fe75795","name":"@herrera_yosmar","description":"Eterna enamorada de la vida, comunicadora, mam\u00e1 de tres","sameAs":["http:\/\/seryhumano.com"],"url":"https:\/\/seryhumano.com\/web\/?author=2"}]}},"_links":{"self":[{"href":"https:\/\/seryhumano.com\/web\/index.php?rest_route=\/wp\/v2\/posts\/18115","targetHints":{"allow":["GET"]}}],"collection":[{"href":"https:\/\/seryhumano.com\/web\/index.php?rest_route=\/wp\/v2\/posts"}],"about":[{"href":"https:\/\/seryhumano.com\/web\/index.php?rest_route=\/wp\/v2\/types\/post"}],"author":[{"embeddable":true,"href":"https:\/\/seryhumano.com\/web\/index.php?rest_route=\/wp\/v2\/users\/2"}],"replies":[{"embeddable":true,"href":"https:\/\/seryhumano.com\/web\/index.php?rest_route=%2Fwp%2Fv2%2Fcomments&post=18115"}],"version-history":[{"count":0,"href":"https:\/\/seryhumano.com\/web\/index.php?rest_route=\/wp\/v2\/posts\/18115\/revisions"}],"wp:featuredmedia":[{"embeddable":true,"href":"https:\/\/seryhumano.com\/web\/index.php?rest_route=\/wp\/v2\/media\/18132"}],"wp:attachment":[{"href":"https:\/\/seryhumano.com\/web\/index.php?rest_route=%2Fwp%2Fv2%2Fmedia&parent=18115"}],"wp:term":[{"taxonomy":"category","embeddable":true,"href":"https:\/\/seryhumano.com\/web\/index.php?rest_route=%2Fwp%2Fv2%2Fcategories&post=18115"},{"taxonomy":"post_tag","embeddable":true,"href":"https:\/\/seryhumano.com\/web\/index.php?rest_route=%2Fwp%2Fv2%2Ftags&post=18115"}],"curies":[{"name":"wp","href":"https:\/\/api.w.org\/{rel}","templated":true}]}}