{"id":18164,"date":"2015-01-26T21:54:44","date_gmt":"2015-01-27T02:24:44","guid":{"rendered":"https:\/\/seryhumano.com\/web\/?p=18164"},"modified":"2015-01-28T10:38:04","modified_gmt":"2015-01-28T15:08:04","slug":"la-libertad-la-vida-y-el-legado-de-los-supervivientes-del-holocausto","status":"publish","type":"post","link":"https:\/\/seryhumano.com\/web\/?p=18164","title":{"rendered":"\u00abLa libertad, la vida y el legado de los supervivientes del Holocausto\u00bb"},"content":{"rendered":"<p>La celebraci\u00f3n en 2015 del D\u00eda Internacional de Conmemoraci\u00f3n en Memoria de las V\u00edctimas del Holocausto gira en torno al tema \u00ab<strong><em>La libertad, la vida y el legado de los supervivientes del Holocausto<\/em><\/strong>\u00bb.<\/p>\n<p><a href=\"https:\/\/seryhumano.com\/web\/?attachment_id=18170\" rel=\"attachment wp-att-18170\"><img loading=\"lazy\" decoding=\"async\" class=\"aligncenter size-full wp-image-18170\" src=\"https:\/\/seryhumano.com\/web\/wp-content\/uploads\/2015\/01\/Holocausto-1.jpg\" alt=\"Holocausto (1)\" width=\"610\" height=\"320\" srcset=\"https:\/\/seryhumano.com\/web\/wp-content\/uploads\/2015\/01\/Holocausto-1.jpg 610w, https:\/\/seryhumano.com\/web\/wp-content\/uploads\/2015\/01\/Holocausto-1-300x157.jpg 300w, https:\/\/seryhumano.com\/web\/wp-content\/uploads\/2015\/01\/Holocausto-1-170x90.jpg 170w\" sizes=\"auto, (max-width: 610px) 100vw, 610px\" \/><\/a><\/p>\n<p>La conmemoraci\u00f3n coincide con dos acontecimientos importantes: el 70\u00b0 aniversario del final de la Segunda Guerra Mundial y la fundaci\u00f3n de las Naciones Unidas. El establecimiento de la Organizaci\u00f3n hace siete d\u00e9cadas, en 1945, refleja el profundo impacto del Holocausto.<\/p>\n<p>La Carta de las Naciones Unidas y la Declaraci\u00f3n Universal de Derechos Humanos consagran los principios de los derechos humanos para todos los pueblos del mundo.<\/p>\n<p>Los actos de este a\u00f1o incluyen la ceremonia anual, exposiciones, la proyecci\u00f3n de una pel\u00edcula, debates y una exposici\u00f3n especial que recoge y aprecia el trabajo del Holocausto y el Programa de Divulgaci\u00f3n de las Naciones Unidas desde su creaci\u00f3n, hace 10 a\u00f1os, por la Asamblea General.<\/p>\n<p>En el a\u00f1o 2011, Google digitaliz\u00f3 unas 130.000 fotograf\u00edas del Museo del Holocausto de Jerusal\u00e9n, conocido como Yad Vashem, que es la instituci\u00f3n oficial israel\u00ed constituida en memoria de las v\u00edctimas del Holocausto perpretado por los nazis contra los jud\u00edos durante la Segunda Guerra Mundial.<\/p>\n<p>En nuestra Galer\u00eda del Ser una muestra de esas fotograf\u00edas<\/p>\n<p>&nbsp;<\/p>\n<p>&nbsp;<\/p>\n","protected":false},"excerpt":{"rendered":"<p>La celebraci\u00f3n en 2015 del D\u00eda Internacional de Conmemoraci\u00f3n en Memoria de las V\u00edctimas del Holocausto gira en torno al tema \u00abLa libertad, la vida y el legado de los supervivientes del Holocausto\u00bb. La conmemoraci\u00f3n coincide con dos acontecimientos importantes: el 70\u00b0 aniversario del final de la Segunda Guerra Mundial y la fundaci\u00f3n de las&hellip;<\/p>\n","protected":false},"author":1,"featured_media":18236,"comment_status":"closed","ping_status":"closed","sticky":false,"template":"","format":"standard","meta":{"footnotes":""},"categories":[122],"tags":[143],"class_list":["post-18164","post","type-post","status-publish","format-standard","has-post-thumbnail","hentry","category-cultura","tag-concepto-del-proyecto","category-122","description-off"],"yoast_head":"<!-- This site is optimized with the Yoast SEO plugin v25.4 - https:\/\/yoast.com\/wordpress\/plugins\/seo\/ -->\n<title>\u00abLa libertad, la vida y el legado de los supervivientes del Holocausto\u00bb<\/title>\n<meta name=\"description\" content=\"La celebraci\u00f3n en 2015 del D\u00eda Internacional de Conmemoraci\u00f3n en Memoria de las V\u00edctimas del Holocausto gira en torno al tema \u00abLa libertad, la vida y el legado de los supervivientes del Holocausto\u00bb.\" \/>\n<meta name=\"robots\" content=\"index, follow, max-snippet:-1, max-image-preview:large, max-video-preview:-1\" \/>\n<link rel=\"canonical\" href=\"https:\/\/seryhumano.com\/web\/?p=18164\" \/>\n<meta property=\"og:locale\" content=\"es_ES\" \/>\n<meta property=\"og:type\" content=\"article\" \/>\n<meta property=\"og:title\" content=\"\u00abLa libertad, la vida y el legado de los supervivientes del Holocausto\u00bb\" \/>\n<meta property=\"og:description\" content=\"La celebraci\u00f3n en 2015 del D\u00eda Internacional de Conmemoraci\u00f3n en Memoria de las V\u00edctimas del Holocausto gira en torno al tema \u00abLa libertad, la vida y el legado de los supervivientes del Holocausto\u00bb.\" \/>\n<meta property=\"og:url\" content=\"https:\/\/seryhumano.com\/web\/?p=18164\" \/>\n<meta property=\"og:site_name\" content=\"SeryHumano.com\" \/>\n<meta property=\"article:publisher\" content=\"https:\/\/www.facebook.com\/seryhumano\/\" \/>\n<meta property=\"article:author\" content=\"https:\/\/www.facebook.com\/erlinb\" \/>\n<meta property=\"article:published_time\" content=\"2015-01-27T02:24:44+00:00\" \/>\n<meta property=\"article:modified_time\" content=\"2015-01-28T15:08:04+00:00\" \/>\n<meta property=\"og:image\" content=\"https:\/\/seryhumano.com\/web\/wp-content\/uploads\/2015\/01\/featureslider85.jpg\" \/>\n\t<meta property=\"og:image:width\" content=\"910\" \/>\n\t<meta property=\"og:image:height\" content=\"227\" \/>\n\t<meta property=\"og:image:type\" content=\"image\/jpeg\" \/>\n<meta name=\"author\" content=\"@Erlinb\" \/>\n<meta name=\"twitter:card\" content=\"summary_large_image\" \/>\n<meta name=\"twitter:creator\" content=\"@erlinb\" \/>\n<meta name=\"twitter:site\" content=\"@SeryHumano\" \/>\n<meta name=\"twitter:label1\" content=\"Escrito por\" \/>\n\t<meta name=\"twitter:data1\" content=\"@Erlinb\" \/>\n\t<meta name=\"twitter:label2\" content=\"Tiempo de lectura\" \/>\n\t<meta name=\"twitter:data2\" content=\"1 minuto\" \/>\n<script type=\"application\/ld+json\" class=\"yoast-schema-graph\">{\"@context\":\"https:\/\/schema.org\",\"@graph\":[{\"@type\":\"Article\",\"@id\":\"https:\/\/seryhumano.com\/web\/?p=18164#article\",\"isPartOf\":{\"@id\":\"https:\/\/seryhumano.com\/web\/?p=18164\"},\"author\":{\"name\":\"@Erlinb\",\"@id\":\"https:\/\/seryhumano.com\/web\/#\/schema\/person\/8e7d4b3bcd9379207fed0df424027a9c\"},\"headline\":\"\u00abLa libertad, la vida y el legado de los supervivientes del Holocausto\u00bb\",\"datePublished\":\"2015-01-27T02:24:44+00:00\",\"dateModified\":\"2015-01-28T15:08:04+00:00\",\"mainEntityOfPage\":{\"@id\":\"https:\/\/seryhumano.com\/web\/?p=18164\"},\"wordCount\":233,\"publisher\":{\"@id\":\"https:\/\/seryhumano.com\/web\/#organization\"},\"image\":{\"@id\":\"https:\/\/seryhumano.com\/web\/?p=18164#primaryimage\"},\"thumbnailUrl\":\"https:\/\/seryhumano.com\/web\/wp-content\/uploads\/2015\/01\/featureslider85.jpg\",\"keywords\":[\"Concepto del Proyecto\"],\"articleSection\":[\"Cultura del Ser\"],\"inLanguage\":\"es\"},{\"@type\":\"WebPage\",\"@id\":\"https:\/\/seryhumano.com\/web\/?p=18164\",\"url\":\"https:\/\/seryhumano.com\/web\/?p=18164\",\"name\":\"\u00abLa libertad, la vida y el legado de los supervivientes del Holocausto\u00bb\",\"isPartOf\":{\"@id\":\"https:\/\/seryhumano.com\/web\/#website\"},\"primaryImageOfPage\":{\"@id\":\"https:\/\/seryhumano.com\/web\/?p=18164#primaryimage\"},\"image\":{\"@id\":\"https:\/\/seryhumano.com\/web\/?p=18164#primaryimage\"},\"thumbnailUrl\":\"https:\/\/seryhumano.com\/web\/wp-content\/uploads\/2015\/01\/featureslider85.jpg\",\"datePublished\":\"2015-01-27T02:24:44+00:00\",\"dateModified\":\"2015-01-28T15:08:04+00:00\",\"description\":\"La celebraci\u00f3n en 2015 del D\u00eda Internacional de Conmemoraci\u00f3n en Memoria de las V\u00edctimas del Holocausto gira en torno al tema \u00abLa libertad, la vida y el legado de los supervivientes del Holocausto\u00bb.\",\"breadcrumb\":{\"@id\":\"https:\/\/seryhumano.com\/web\/?p=18164#breadcrumb\"},\"inLanguage\":\"es\",\"potentialAction\":[{\"@type\":\"ReadAction\",\"target\":[\"https:\/\/seryhumano.com\/web\/?p=18164\"]}]},{\"@type\":\"ImageObject\",\"inLanguage\":\"es\",\"@id\":\"https:\/\/seryhumano.com\/web\/?p=18164#primaryimage\",\"url\":\"https:\/\/seryhumano.com\/web\/wp-content\/uploads\/2015\/01\/featureslider85.jpg\",\"contentUrl\":\"https:\/\/seryhumano.com\/web\/wp-content\/uploads\/2015\/01\/featureslider85.jpg\",\"width\":910,\"height\":227},{\"@type\":\"BreadcrumbList\",\"@id\":\"https:\/\/seryhumano.com\/web\/?p=18164#breadcrumb\",\"itemListElement\":[{\"@type\":\"ListItem\",\"position\":1,\"name\":\"Portada\",\"item\":\"https:\/\/seryhumano.com\/web\/\"},{\"@type\":\"ListItem\",\"position\":2,\"name\":\"\u00abLa libertad, la vida y el legado de los supervivientes del Holocausto\u00bb\"}]},{\"@type\":\"WebSite\",\"@id\":\"https:\/\/seryhumano.com\/web\/#website\",\"url\":\"https:\/\/seryhumano.com\/web\/\",\"name\":\"SeryHumano.com\",\"description\":\"Revista digital muy humana, donde lo mas importante es el Ser...\",\"publisher\":{\"@id\":\"https:\/\/seryhumano.com\/web\/#organization\"},\"potentialAction\":[{\"@type\":\"SearchAction\",\"target\":{\"@type\":\"EntryPoint\",\"urlTemplate\":\"https:\/\/seryhumano.com\/web\/?s={search_term_string}\"},\"query-input\":{\"@type\":\"PropertyValueSpecification\",\"valueRequired\":true,\"valueName\":\"search_term_string\"}}],\"inLanguage\":\"es\"},{\"@type\":\"Organization\",\"@id\":\"https:\/\/seryhumano.com\/web\/#organization\",\"name\":\"SeryHumano.com\",\"url\":\"https:\/\/seryhumano.com\/web\/\",\"logo\":{\"@type\":\"ImageObject\",\"inLanguage\":\"es\",\"@id\":\"https:\/\/seryhumano.com\/web\/#\/schema\/logo\/image\/\",\"url\":\"https:\/\/seryhumano.com\/web\/wp-content\/uploads\/2020\/02\/JNe5VRwH_400x400-2.jpg\",\"contentUrl\":\"https:\/\/seryhumano.com\/web\/wp-content\/uploads\/2020\/02\/JNe5VRwH_400x400-2.jpg\",\"width\":400,\"height\":400,\"caption\":\"SeryHumano.com\"},\"image\":{\"@id\":\"https:\/\/seryhumano.com\/web\/#\/schema\/logo\/image\/\"},\"sameAs\":[\"https:\/\/www.facebook.com\/seryhumano\/\",\"https:\/\/x.com\/SeryHumano\",\"https:\/\/www.instagram.com\/seryhumano\/\",\"https:\/\/www.linkedin.com\/company\/seryhumano-com\/\",\"https:\/\/www.youtube.com\/channel\/UCYfgIGSxygVnJAW0e9ZBZWg\"]},{\"@type\":\"Person\",\"@id\":\"https:\/\/seryhumano.com\/web\/#\/schema\/person\/8e7d4b3bcd9379207fed0df424027a9c\",\"name\":\"@Erlinb\",\"description\":\"Estoy en Seryhumano.com desde el primer d\u00eda, soy desarrollador web, escritor, m\u00fasico y enamorado de la vida, lo que escribo en esta web es porque de verdad me importa, me sali\u00f3 del alma o simplemente me pareci\u00f3 muy importante para compartirlo. | Mi m\u00fasica, mis experiencias, mi vida... | Si necesitas de un sitio web o alg\u00fan tipo de aplicaci\u00f3n o sistema web te dejo la web de mi empresa perfectcodex.com | por ac\u00e1 te dejo un enlace muy \u00fatil, la gente de 123depositos.com es s\u00faper r\u00e1pida segura y confiable -&gt; Env\u00eda dinero a Venezuela &lt;- |\",\"sameAs\":[\"http:\/\/perfectcodex.com\",\"https:\/\/www.facebook.com\/erlinb\",\"https:\/\/www.instagram.com\/erlinbrice\/\",\"https:\/\/www.linkedin.com\/in\/erlinb\/\",\"https:\/\/x.com\/erlinb\",\"https:\/\/erlinbrice.tumblr.com\/\"],\"url\":\"https:\/\/seryhumano.com\/web\/?author=1\"}]}<\/script>\n<!-- \/ Yoast SEO plugin. -->","yoast_head_json":{"title":"\u00abLa libertad, la vida y el legado de los supervivientes del Holocausto\u00bb","description":"La celebraci\u00f3n en 2015 del D\u00eda Internacional de Conmemoraci\u00f3n en Memoria de las V\u00edctimas del Holocausto gira en torno al tema \u00abLa libertad, la vida y el legado de los supervivientes del Holocausto\u00bb.","robots":{"index":"index","follow":"follow","max-snippet":"max-snippet:-1","max-image-preview":"max-image-preview:large","max-video-preview":"max-video-preview:-1"},"canonical":"https:\/\/seryhumano.com\/web\/?p=18164","og_locale":"es_ES","og_type":"article","og_title":"\u00abLa libertad, la vida y el legado de los supervivientes del Holocausto\u00bb","og_description":"La celebraci\u00f3n en 2015 del D\u00eda Internacional de Conmemoraci\u00f3n en Memoria de las V\u00edctimas del Holocausto gira en torno al tema \u00abLa libertad, la vida y el legado de los supervivientes del Holocausto\u00bb.","og_url":"https:\/\/seryhumano.com\/web\/?p=18164","og_site_name":"SeryHumano.com","article_publisher":"https:\/\/www.facebook.com\/seryhumano\/","article_author":"https:\/\/www.facebook.com\/erlinb","article_published_time":"2015-01-27T02:24:44+00:00","article_modified_time":"2015-01-28T15:08:04+00:00","og_image":[{"width":910,"height":227,"url":"https:\/\/seryhumano.com\/web\/wp-content\/uploads\/2015\/01\/featureslider85.jpg","type":"image\/jpeg"}],"author":"@Erlinb","twitter_card":"summary_large_image","twitter_creator":"@erlinb","twitter_site":"@SeryHumano","twitter_misc":{"Escrito por":"@Erlinb","Tiempo de lectura":"1 minuto"},"schema":{"@context":"https:\/\/schema.org","@graph":[{"@type":"Article","@id":"https:\/\/seryhumano.com\/web\/?p=18164#article","isPartOf":{"@id":"https:\/\/seryhumano.com\/web\/?p=18164"},"author":{"name":"@Erlinb","@id":"https:\/\/seryhumano.com\/web\/#\/schema\/person\/8e7d4b3bcd9379207fed0df424027a9c"},"headline":"\u00abLa libertad, la vida y el legado de los supervivientes del Holocausto\u00bb","datePublished":"2015-01-27T02:24:44+00:00","dateModified":"2015-01-28T15:08:04+00:00","mainEntityOfPage":{"@id":"https:\/\/seryhumano.com\/web\/?p=18164"},"wordCount":233,"publisher":{"@id":"https:\/\/seryhumano.com\/web\/#organization"},"image":{"@id":"https:\/\/seryhumano.com\/web\/?p=18164#primaryimage"},"thumbnailUrl":"https:\/\/seryhumano.com\/web\/wp-content\/uploads\/2015\/01\/featureslider85.jpg","keywords":["Concepto del Proyecto"],"articleSection":["Cultura del Ser"],"inLanguage":"es"},{"@type":"WebPage","@id":"https:\/\/seryhumano.com\/web\/?p=18164","url":"https:\/\/seryhumano.com\/web\/?p=18164","name":"\u00abLa libertad, la vida y el legado de los supervivientes del Holocausto\u00bb","isPartOf":{"@id":"https:\/\/seryhumano.com\/web\/#website"},"primaryImageOfPage":{"@id":"https:\/\/seryhumano.com\/web\/?p=18164#primaryimage"},"image":{"@id":"https:\/\/seryhumano.com\/web\/?p=18164#primaryimage"},"thumbnailUrl":"https:\/\/seryhumano.com\/web\/wp-content\/uploads\/2015\/01\/featureslider85.jpg","datePublished":"2015-01-27T02:24:44+00:00","dateModified":"2015-01-28T15:08:04+00:00","description":"La celebraci\u00f3n en 2015 del D\u00eda Internacional de Conmemoraci\u00f3n en Memoria de las V\u00edctimas del Holocausto gira en torno al tema \u00abLa libertad, la vida y el legado de los supervivientes del Holocausto\u00bb.","breadcrumb":{"@id":"https:\/\/seryhumano.com\/web\/?p=18164#breadcrumb"},"inLanguage":"es","potentialAction":[{"@type":"ReadAction","target":["https:\/\/seryhumano.com\/web\/?p=18164"]}]},{"@type":"ImageObject","inLanguage":"es","@id":"https:\/\/seryhumano.com\/web\/?p=18164#primaryimage","url":"https:\/\/seryhumano.com\/web\/wp-content\/uploads\/2015\/01\/featureslider85.jpg","contentUrl":"https:\/\/seryhumano.com\/web\/wp-content\/uploads\/2015\/01\/featureslider85.jpg","width":910,"height":227},{"@type":"BreadcrumbList","@id":"https:\/\/seryhumano.com\/web\/?p=18164#breadcrumb","itemListElement":[{"@type":"ListItem","position":1,"name":"Portada","item":"https:\/\/seryhumano.com\/web\/"},{"@type":"ListItem","position":2,"name":"\u00abLa libertad, la vida y el legado de los supervivientes del Holocausto\u00bb"}]},{"@type":"WebSite","@id":"https:\/\/seryhumano.com\/web\/#website","url":"https:\/\/seryhumano.com\/web\/","name":"SeryHumano.com","description":"Revista digital muy humana, donde lo mas importante es el Ser...","publisher":{"@id":"https:\/\/seryhumano.com\/web\/#organization"},"potentialAction":[{"@type":"SearchAction","target":{"@type":"EntryPoint","urlTemplate":"https:\/\/seryhumano.com\/web\/?s={search_term_string}"},"query-input":{"@type":"PropertyValueSpecification","valueRequired":true,"valueName":"search_term_string"}}],"inLanguage":"es"},{"@type":"Organization","@id":"https:\/\/seryhumano.com\/web\/#organization","name":"SeryHumano.com","url":"https:\/\/seryhumano.com\/web\/","logo":{"@type":"ImageObject","inLanguage":"es","@id":"https:\/\/seryhumano.com\/web\/#\/schema\/logo\/image\/","url":"https:\/\/seryhumano.com\/web\/wp-content\/uploads\/2020\/02\/JNe5VRwH_400x400-2.jpg","contentUrl":"https:\/\/seryhumano.com\/web\/wp-content\/uploads\/2020\/02\/JNe5VRwH_400x400-2.jpg","width":400,"height":400,"caption":"SeryHumano.com"},"image":{"@id":"https:\/\/seryhumano.com\/web\/#\/schema\/logo\/image\/"},"sameAs":["https:\/\/www.facebook.com\/seryhumano\/","https:\/\/x.com\/SeryHumano","https:\/\/www.instagram.com\/seryhumano\/","https:\/\/www.linkedin.com\/company\/seryhumano-com\/","https:\/\/www.youtube.com\/channel\/UCYfgIGSxygVnJAW0e9ZBZWg"]},{"@type":"Person","@id":"https:\/\/seryhumano.com\/web\/#\/schema\/person\/8e7d4b3bcd9379207fed0df424027a9c","name":"@Erlinb","description":"Estoy en Seryhumano.com desde el primer d\u00eda, soy desarrollador web, escritor, m\u00fasico y enamorado de la vida, lo que escribo en esta web es porque de verdad me importa, me sali\u00f3 del alma o simplemente me pareci\u00f3 muy importante para compartirlo. | Mi m\u00fasica, mis experiencias, mi vida... | Si necesitas de un sitio web o alg\u00fan tipo de aplicaci\u00f3n o sistema web te dejo la web de mi empresa perfectcodex.com | por ac\u00e1 te dejo un enlace muy \u00fatil, la gente de 123depositos.com es s\u00faper r\u00e1pida segura y confiable -&gt; Env\u00eda dinero a Venezuela &lt;- |","sameAs":["http:\/\/perfectcodex.com","https:\/\/www.facebook.com\/erlinb","https:\/\/www.instagram.com\/erlinbrice\/","https:\/\/www.linkedin.com\/in\/erlinb\/","https:\/\/x.com\/erlinb","https:\/\/erlinbrice.tumblr.com\/"],"url":"https:\/\/seryhumano.com\/web\/?author=1"}]}},"_links":{"self":[{"href":"https:\/\/seryhumano.com\/web\/index.php?rest_route=\/wp\/v2\/posts\/18164","targetHints":{"allow":["GET"]}}],"collection":[{"href":"https:\/\/seryhumano.com\/web\/index.php?rest_route=\/wp\/v2\/posts"}],"about":[{"href":"https:\/\/seryhumano.com\/web\/index.php?rest_route=\/wp\/v2\/types\/post"}],"author":[{"embeddable":true,"href":"https:\/\/seryhumano.com\/web\/index.php?rest_route=\/wp\/v2\/users\/1"}],"replies":[{"embeddable":true,"href":"https:\/\/seryhumano.com\/web\/index.php?rest_route=%2Fwp%2Fv2%2Fcomments&post=18164"}],"version-history":[{"count":0,"href":"https:\/\/seryhumano.com\/web\/index.php?rest_route=\/wp\/v2\/posts\/18164\/revisions"}],"wp:featuredmedia":[{"embeddable":true,"href":"https:\/\/seryhumano.com\/web\/index.php?rest_route=\/wp\/v2\/media\/18236"}],"wp:attachment":[{"href":"https:\/\/seryhumano.com\/web\/index.php?rest_route=%2Fwp%2Fv2%2Fmedia&parent=18164"}],"wp:term":[{"taxonomy":"category","embeddable":true,"href":"https:\/\/seryhumano.com\/web\/index.php?rest_route=%2Fwp%2Fv2%2Fcategories&post=18164"},{"taxonomy":"post_tag","embeddable":true,"href":"https:\/\/seryhumano.com\/web\/index.php?rest_route=%2Fwp%2Fv2%2Ftags&post=18164"}],"curies":[{"name":"wp","href":"https:\/\/api.w.org\/{rel}","templated":true}]}}