{"id":18337,"date":"2015-02-01T06:45:54","date_gmt":"2015-02-01T11:15:54","guid":{"rendered":"https:\/\/seryhumano.com\/web\/?p=18337"},"modified":"2015-02-02T10:13:18","modified_gmt":"2015-02-02T14:43:18","slug":"la-paternidad-responsable-de-un-padre-y-una-madre","status":"publish","type":"post","link":"https:\/\/seryhumano.com\/web\/?p=18337","title":{"rendered":"La paternidad responsable de un padre y una madre"},"content":{"rendered":"<p style=\"text-align: center;\"><strong>Son cat\u00f3licos, de familia numerosa y multirracial\u2026 los Monjo Mart\u00edn en Espa\u00f1a<\/strong><\/p>\n<p style=\"text-align: center;\"><a href=\"https:\/\/seryhumano.com\/web\/?attachment_id=18338\" rel=\"attachment wp-att-18338\"><img loading=\"lazy\" decoding=\"async\" class=\"aligncenter size-full wp-image-18338\" src=\"https:\/\/seryhumano.com\/web\/wp-content\/uploads\/2015\/02\/Monjo-Mart\u00edn.jpg\" alt=\"Monjo Mart\u00edn\" width=\"630\" height=\"350\" srcset=\"https:\/\/seryhumano.com\/web\/wp-content\/uploads\/2015\/02\/Monjo-Mart\u00edn.jpg 630w, https:\/\/seryhumano.com\/web\/wp-content\/uploads\/2015\/02\/Monjo-Mart\u00edn-300x167.jpg 300w\" sizes=\"auto, (max-width: 630px) 100vw, 630px\" \/><\/a><\/p>\n<p>Son las ocho de la ma\u00f1ana y los ni\u00f1os ya est\u00e1n despiertos. Reunidos todos en el desayuno, la familia de Rafael Monjo y Mercedes Mart\u00edn (Espa\u00f1a), una pareja que decidi\u00f3 abrirse a la vida a pesar de saberse inf\u00e9rtiles, inicia un nuevo d\u00eda\u2026 intenso.<\/p>\n<p>Tras sus cuatro primeros a\u00f1os de matrimonio esperando un hijo a trav\u00e9s de la adopci\u00f3n, sucedi\u00f3 el milagro de un embarazo doble. As\u00ed fue como, de forma inesperada, se encontraron con un ni\u00f1o reci\u00e9n nacido tra\u00eddo desde Honduras, Rafael, y con dos mellizas de cinco a\u00f1os, Mercedes y \u00c1ngeles. Tres hijos que llenaron a esta joven pareja que no le puso l\u00edmites a la paternidad.<\/p>\n<p>Con la premisa de que hay que aceptar a un hijo, venga como venga, optaron adem\u00e1s por la figura del acogimiento especial. De esta forma llegaron otras dos historias de amor y generosidad a su vida: dos hermanitos de tres y dos a\u00f1os, Manuel y Andr\u00e9s, con ascendencia nigeriana y paraguaya, y el m\u00e1s peque\u00f1o con una bendici\u00f3n bajo el brazo, el s\u00edndrome de Down.<\/p>\n<p>Mercedes se\u00f1ala que para optar por este r\u00e9gimen de acogida primero hay que tener las cosas claras. Especial para m\u00ed significa muchas cosas: que sean hermanos, que sea un acogimiento internacional, que sean de otra raza, que tengan alguna enfermedad\u2026 \u00a1Y nosotros abarcamos todas! Por su parte, Rafael explica los motivos que los llevaron a recibir a Manuel y Andr\u00e9s. \u00bfPor qu\u00e9 no acoger a un ni\u00f1o que est\u00e1 viviendo en un centro donde le falta amor? Porque, aunque los ni\u00f1os est\u00e9n asistidos por profesionales, no tienen a nadie que les d\u00e9 cari\u00f1o. As\u00ed fue como nos decidimos por el acogimiento. Para nosotros no hay ninguna diferencia entre nuestros hijos. Todos somos una familia.<a href=\"https:\/\/seryhumano.com\/web\/?attachment_id=18340\" rel=\"attachment wp-att-18340\"><img loading=\"lazy\" decoding=\"async\" class=\"alignright size-full wp-image-18340\" src=\"https:\/\/seryhumano.com\/web\/wp-content\/uploads\/2015\/02\/adopcion.jpg\" alt=\"adopcion\" width=\"250\" height=\"280\" \/><\/a><\/p>\n<p>Rafa \u2013el hijo mayor\u2013 tiene un torneo de f\u00fatbol y en el colegio de Mercedes \u2013una de las mellizas\u2013 hay un festival de fin de curso. Los dem\u00e1s hermanos estar\u00e1n ah\u00ed para acompa\u00f1arlos. Luego tocar\u00e1 comer en un restaurante de comida r\u00e1pida y descansar por la tarde. En medio de todas estas actividades, Rafael en un momento de descanso profundiza en el sentido de su paternidad: Los hijos al final no son m\u00e1s que una expresi\u00f3n distinta del amor que tienes en el matrimonio. Cuando te casas eres uno con tu esposa, y gracias a la capacidad que tiene el <em>ser humano <\/em>de amar, el amor se materializa de otro modo en la paternidad.<\/p>\n<p>Las reflexiones de Mercedes fortalecen las palabras de Rafa: Te hacen sacrificarte por algo, es una forma de amar. Si no hubi\u00e9semos tenido a los ni\u00f1os, hubi\u00e9ramos sido personas muy superficiales. Es un esfuerzo y un sacrificio que te hace mejor persona. \u00a1Nos han transformado la vida!<\/p>\n<p>Mientras que los dem\u00e1s miran extra\u00f1ados a esta familia \u2018multirracial\u2019, los ni\u00f1os s\u00f3lo ven que son hermanos. Los ni\u00f1os lo ven con normalidad, a pesar de que uno de ellos es de Honduras, otros dos son negros y uno de ellos tiene s\u00edndrome de Down. Lo han incorporado como algo normal, no como algo diferente, se\u00f1ala Mercedes.<\/p>\n<p>&nbsp;<\/p>\n<p>seryhumano.com<br \/>\nFuente:\u00a0portaluz.org<\/p>\n","protected":false},"excerpt":{"rendered":"<p>Son cat\u00f3licos, de familia numerosa y multirracial\u2026 los Monjo Mart\u00edn en Espa\u00f1a Son las ocho de la ma\u00f1ana y los ni\u00f1os ya est\u00e1n despiertos. Reunidos todos en el desayuno, la familia de Rafael Monjo y Mercedes Mart\u00edn (Espa\u00f1a), una pareja que decidi\u00f3 abrirse a la vida a pesar de saberse inf\u00e9rtiles, inicia un nuevo d\u00eda\u2026&hellip;<\/p>\n","protected":false},"author":2,"featured_media":18353,"comment_status":"closed","ping_status":"closed","sticky":false,"template":"","format":"standard","meta":{"footnotes":""},"categories":[122],"tags":[143],"class_list":["post-18337","post","type-post","status-publish","format-standard","has-post-thumbnail","hentry","category-cultura","tag-concepto-del-proyecto","category-122","description-off"],"yoast_head":"<!-- This site is optimized with the Yoast SEO plugin v25.4 - https:\/\/yoast.com\/wordpress\/plugins\/seo\/ -->\n<title>La paternidad responsable de un padre y una madre<\/title>\n<meta name=\"description\" content=\"Son las ocho de la ma\u00f1ana y los ni\u00f1os ya est\u00e1n despiertos. Reunidos todos en el desayuno, la familia de Rafael Monjo y Mercedes Mart\u00edn (Espa\u00f1a), una pareja que decidi\u00f3 abrirse a la vida a pesar de saberse inf\u00e9rtiles, inicia un nuevo d\u00eda\u2026 intenso.\" \/>\n<meta name=\"robots\" content=\"index, follow, max-snippet:-1, max-image-preview:large, max-video-preview:-1\" \/>\n<link rel=\"canonical\" href=\"https:\/\/seryhumano.com\/web\/?p=18337\" \/>\n<meta property=\"og:locale\" content=\"es_ES\" \/>\n<meta property=\"og:type\" content=\"article\" \/>\n<meta property=\"og:title\" content=\"La paternidad responsable de un padre y una madre\" \/>\n<meta property=\"og:description\" content=\"Son las ocho de la ma\u00f1ana y los ni\u00f1os ya est\u00e1n despiertos. Reunidos todos en el desayuno, la familia de Rafael Monjo y Mercedes Mart\u00edn (Espa\u00f1a), una pareja que decidi\u00f3 abrirse a la vida a pesar de saberse inf\u00e9rtiles, inicia un nuevo d\u00eda\u2026 intenso.\" \/>\n<meta property=\"og:url\" content=\"https:\/\/seryhumano.com\/web\/?p=18337\" \/>\n<meta property=\"og:site_name\" content=\"SeryHumano.com\" \/>\n<meta property=\"article:publisher\" content=\"https:\/\/www.facebook.com\/seryhumano\/\" \/>\n<meta property=\"article:published_time\" content=\"2015-02-01T11:15:54+00:00\" \/>\n<meta property=\"article:modified_time\" content=\"2015-02-02T14:43:18+00:00\" \/>\n<meta property=\"og:image\" content=\"https:\/\/seryhumano.com\/web\/wp-content\/uploads\/2015\/02\/featureslider1.jpg\" \/>\n\t<meta property=\"og:image:width\" content=\"910\" \/>\n\t<meta property=\"og:image:height\" content=\"227\" \/>\n\t<meta property=\"og:image:type\" content=\"image\/jpeg\" \/>\n<meta name=\"author\" content=\"@herrera_yosmar\" \/>\n<meta name=\"twitter:card\" content=\"summary_large_image\" \/>\n<meta name=\"twitter:creator\" content=\"@SeryHumano\" \/>\n<meta name=\"twitter:site\" content=\"@SeryHumano\" \/>\n<meta name=\"twitter:label1\" content=\"Escrito por\" \/>\n\t<meta name=\"twitter:data1\" content=\"@herrera_yosmar\" \/>\n\t<meta name=\"twitter:label2\" content=\"Tiempo de lectura\" \/>\n\t<meta name=\"twitter:data2\" content=\"3 minutos\" \/>\n<script type=\"application\/ld+json\" class=\"yoast-schema-graph\">{\"@context\":\"https:\/\/schema.org\",\"@graph\":[{\"@type\":\"Article\",\"@id\":\"https:\/\/seryhumano.com\/web\/?p=18337#article\",\"isPartOf\":{\"@id\":\"https:\/\/seryhumano.com\/web\/?p=18337\"},\"author\":{\"name\":\"@herrera_yosmar\",\"@id\":\"https:\/\/seryhumano.com\/web\/#\/schema\/person\/fd30e8e0b394a62344b44d9b0fe75795\"},\"headline\":\"La paternidad responsable de un padre y una madre\",\"datePublished\":\"2015-02-01T11:15:54+00:00\",\"dateModified\":\"2015-02-02T14:43:18+00:00\",\"mainEntityOfPage\":{\"@id\":\"https:\/\/seryhumano.com\/web\/?p=18337\"},\"wordCount\":582,\"publisher\":{\"@id\":\"https:\/\/seryhumano.com\/web\/#organization\"},\"image\":{\"@id\":\"https:\/\/seryhumano.com\/web\/?p=18337#primaryimage\"},\"thumbnailUrl\":\"https:\/\/seryhumano.com\/web\/wp-content\/uploads\/2015\/02\/featureslider1.jpg\",\"keywords\":[\"Concepto del Proyecto\"],\"articleSection\":[\"Cultura del Ser\"],\"inLanguage\":\"es\"},{\"@type\":\"WebPage\",\"@id\":\"https:\/\/seryhumano.com\/web\/?p=18337\",\"url\":\"https:\/\/seryhumano.com\/web\/?p=18337\",\"name\":\"La paternidad responsable de un padre y una madre\",\"isPartOf\":{\"@id\":\"https:\/\/seryhumano.com\/web\/#website\"},\"primaryImageOfPage\":{\"@id\":\"https:\/\/seryhumano.com\/web\/?p=18337#primaryimage\"},\"image\":{\"@id\":\"https:\/\/seryhumano.com\/web\/?p=18337#primaryimage\"},\"thumbnailUrl\":\"https:\/\/seryhumano.com\/web\/wp-content\/uploads\/2015\/02\/featureslider1.jpg\",\"datePublished\":\"2015-02-01T11:15:54+00:00\",\"dateModified\":\"2015-02-02T14:43:18+00:00\",\"description\":\"Son las ocho de la ma\u00f1ana y los ni\u00f1os ya est\u00e1n despiertos. Reunidos todos en el desayuno, la familia de Rafael Monjo y Mercedes Mart\u00edn (Espa\u00f1a), una pareja que decidi\u00f3 abrirse a la vida a pesar de saberse inf\u00e9rtiles, inicia un nuevo d\u00eda\u2026 intenso.\",\"breadcrumb\":{\"@id\":\"https:\/\/seryhumano.com\/web\/?p=18337#breadcrumb\"},\"inLanguage\":\"es\",\"potentialAction\":[{\"@type\":\"ReadAction\",\"target\":[\"https:\/\/seryhumano.com\/web\/?p=18337\"]}]},{\"@type\":\"ImageObject\",\"inLanguage\":\"es\",\"@id\":\"https:\/\/seryhumano.com\/web\/?p=18337#primaryimage\",\"url\":\"https:\/\/seryhumano.com\/web\/wp-content\/uploads\/2015\/02\/featureslider1.jpg\",\"contentUrl\":\"https:\/\/seryhumano.com\/web\/wp-content\/uploads\/2015\/02\/featureslider1.jpg\",\"width\":910,\"height\":227},{\"@type\":\"BreadcrumbList\",\"@id\":\"https:\/\/seryhumano.com\/web\/?p=18337#breadcrumb\",\"itemListElement\":[{\"@type\":\"ListItem\",\"position\":1,\"name\":\"Portada\",\"item\":\"https:\/\/seryhumano.com\/web\/\"},{\"@type\":\"ListItem\",\"position\":2,\"name\":\"La paternidad responsable de un padre y una madre\"}]},{\"@type\":\"WebSite\",\"@id\":\"https:\/\/seryhumano.com\/web\/#website\",\"url\":\"https:\/\/seryhumano.com\/web\/\",\"name\":\"SeryHumano.com\",\"description\":\"Revista digital muy humana, donde lo mas importante es el Ser...\",\"publisher\":{\"@id\":\"https:\/\/seryhumano.com\/web\/#organization\"},\"potentialAction\":[{\"@type\":\"SearchAction\",\"target\":{\"@type\":\"EntryPoint\",\"urlTemplate\":\"https:\/\/seryhumano.com\/web\/?s={search_term_string}\"},\"query-input\":{\"@type\":\"PropertyValueSpecification\",\"valueRequired\":true,\"valueName\":\"search_term_string\"}}],\"inLanguage\":\"es\"},{\"@type\":\"Organization\",\"@id\":\"https:\/\/seryhumano.com\/web\/#organization\",\"name\":\"SeryHumano.com\",\"url\":\"https:\/\/seryhumano.com\/web\/\",\"logo\":{\"@type\":\"ImageObject\",\"inLanguage\":\"es\",\"@id\":\"https:\/\/seryhumano.com\/web\/#\/schema\/logo\/image\/\",\"url\":\"https:\/\/seryhumano.com\/web\/wp-content\/uploads\/2020\/02\/JNe5VRwH_400x400-2.jpg\",\"contentUrl\":\"https:\/\/seryhumano.com\/web\/wp-content\/uploads\/2020\/02\/JNe5VRwH_400x400-2.jpg\",\"width\":400,\"height\":400,\"caption\":\"SeryHumano.com\"},\"image\":{\"@id\":\"https:\/\/seryhumano.com\/web\/#\/schema\/logo\/image\/\"},\"sameAs\":[\"https:\/\/www.facebook.com\/seryhumano\/\",\"https:\/\/x.com\/SeryHumano\",\"https:\/\/www.instagram.com\/seryhumano\/\",\"https:\/\/www.linkedin.com\/company\/seryhumano-com\/\",\"https:\/\/www.youtube.com\/channel\/UCYfgIGSxygVnJAW0e9ZBZWg\"]},{\"@type\":\"Person\",\"@id\":\"https:\/\/seryhumano.com\/web\/#\/schema\/person\/fd30e8e0b394a62344b44d9b0fe75795\",\"name\":\"@herrera_yosmar\",\"description\":\"Eterna enamorada de la vida, comunicadora, mam\u00e1 de tres\",\"sameAs\":[\"http:\/\/seryhumano.com\"],\"url\":\"https:\/\/seryhumano.com\/web\/?author=2\"}]}<\/script>\n<!-- \/ Yoast SEO plugin. -->","yoast_head_json":{"title":"La paternidad responsable de un padre y una madre","description":"Son las ocho de la ma\u00f1ana y los ni\u00f1os ya est\u00e1n despiertos. Reunidos todos en el desayuno, la familia de Rafael Monjo y Mercedes Mart\u00edn (Espa\u00f1a), una pareja que decidi\u00f3 abrirse a la vida a pesar de saberse inf\u00e9rtiles, inicia un nuevo d\u00eda\u2026 intenso.","robots":{"index":"index","follow":"follow","max-snippet":"max-snippet:-1","max-image-preview":"max-image-preview:large","max-video-preview":"max-video-preview:-1"},"canonical":"https:\/\/seryhumano.com\/web\/?p=18337","og_locale":"es_ES","og_type":"article","og_title":"La paternidad responsable de un padre y una madre","og_description":"Son las ocho de la ma\u00f1ana y los ni\u00f1os ya est\u00e1n despiertos. Reunidos todos en el desayuno, la familia de Rafael Monjo y Mercedes Mart\u00edn (Espa\u00f1a), una pareja que decidi\u00f3 abrirse a la vida a pesar de saberse inf\u00e9rtiles, inicia un nuevo d\u00eda\u2026 intenso.","og_url":"https:\/\/seryhumano.com\/web\/?p=18337","og_site_name":"SeryHumano.com","article_publisher":"https:\/\/www.facebook.com\/seryhumano\/","article_published_time":"2015-02-01T11:15:54+00:00","article_modified_time":"2015-02-02T14:43:18+00:00","og_image":[{"width":910,"height":227,"url":"https:\/\/seryhumano.com\/web\/wp-content\/uploads\/2015\/02\/featureslider1.jpg","type":"image\/jpeg"}],"author":"@herrera_yosmar","twitter_card":"summary_large_image","twitter_creator":"@SeryHumano","twitter_site":"@SeryHumano","twitter_misc":{"Escrito por":"@herrera_yosmar","Tiempo de lectura":"3 minutos"},"schema":{"@context":"https:\/\/schema.org","@graph":[{"@type":"Article","@id":"https:\/\/seryhumano.com\/web\/?p=18337#article","isPartOf":{"@id":"https:\/\/seryhumano.com\/web\/?p=18337"},"author":{"name":"@herrera_yosmar","@id":"https:\/\/seryhumano.com\/web\/#\/schema\/person\/fd30e8e0b394a62344b44d9b0fe75795"},"headline":"La paternidad responsable de un padre y una madre","datePublished":"2015-02-01T11:15:54+00:00","dateModified":"2015-02-02T14:43:18+00:00","mainEntityOfPage":{"@id":"https:\/\/seryhumano.com\/web\/?p=18337"},"wordCount":582,"publisher":{"@id":"https:\/\/seryhumano.com\/web\/#organization"},"image":{"@id":"https:\/\/seryhumano.com\/web\/?p=18337#primaryimage"},"thumbnailUrl":"https:\/\/seryhumano.com\/web\/wp-content\/uploads\/2015\/02\/featureslider1.jpg","keywords":["Concepto del Proyecto"],"articleSection":["Cultura del Ser"],"inLanguage":"es"},{"@type":"WebPage","@id":"https:\/\/seryhumano.com\/web\/?p=18337","url":"https:\/\/seryhumano.com\/web\/?p=18337","name":"La paternidad responsable de un padre y una madre","isPartOf":{"@id":"https:\/\/seryhumano.com\/web\/#website"},"primaryImageOfPage":{"@id":"https:\/\/seryhumano.com\/web\/?p=18337#primaryimage"},"image":{"@id":"https:\/\/seryhumano.com\/web\/?p=18337#primaryimage"},"thumbnailUrl":"https:\/\/seryhumano.com\/web\/wp-content\/uploads\/2015\/02\/featureslider1.jpg","datePublished":"2015-02-01T11:15:54+00:00","dateModified":"2015-02-02T14:43:18+00:00","description":"Son las ocho de la ma\u00f1ana y los ni\u00f1os ya est\u00e1n despiertos. Reunidos todos en el desayuno, la familia de Rafael Monjo y Mercedes Mart\u00edn (Espa\u00f1a), una pareja que decidi\u00f3 abrirse a la vida a pesar de saberse inf\u00e9rtiles, inicia un nuevo d\u00eda\u2026 intenso.","breadcrumb":{"@id":"https:\/\/seryhumano.com\/web\/?p=18337#breadcrumb"},"inLanguage":"es","potentialAction":[{"@type":"ReadAction","target":["https:\/\/seryhumano.com\/web\/?p=18337"]}]},{"@type":"ImageObject","inLanguage":"es","@id":"https:\/\/seryhumano.com\/web\/?p=18337#primaryimage","url":"https:\/\/seryhumano.com\/web\/wp-content\/uploads\/2015\/02\/featureslider1.jpg","contentUrl":"https:\/\/seryhumano.com\/web\/wp-content\/uploads\/2015\/02\/featureslider1.jpg","width":910,"height":227},{"@type":"BreadcrumbList","@id":"https:\/\/seryhumano.com\/web\/?p=18337#breadcrumb","itemListElement":[{"@type":"ListItem","position":1,"name":"Portada","item":"https:\/\/seryhumano.com\/web\/"},{"@type":"ListItem","position":2,"name":"La paternidad responsable de un padre y una madre"}]},{"@type":"WebSite","@id":"https:\/\/seryhumano.com\/web\/#website","url":"https:\/\/seryhumano.com\/web\/","name":"SeryHumano.com","description":"Revista digital muy humana, donde lo mas importante es el Ser...","publisher":{"@id":"https:\/\/seryhumano.com\/web\/#organization"},"potentialAction":[{"@type":"SearchAction","target":{"@type":"EntryPoint","urlTemplate":"https:\/\/seryhumano.com\/web\/?s={search_term_string}"},"query-input":{"@type":"PropertyValueSpecification","valueRequired":true,"valueName":"search_term_string"}}],"inLanguage":"es"},{"@type":"Organization","@id":"https:\/\/seryhumano.com\/web\/#organization","name":"SeryHumano.com","url":"https:\/\/seryhumano.com\/web\/","logo":{"@type":"ImageObject","inLanguage":"es","@id":"https:\/\/seryhumano.com\/web\/#\/schema\/logo\/image\/","url":"https:\/\/seryhumano.com\/web\/wp-content\/uploads\/2020\/02\/JNe5VRwH_400x400-2.jpg","contentUrl":"https:\/\/seryhumano.com\/web\/wp-content\/uploads\/2020\/02\/JNe5VRwH_400x400-2.jpg","width":400,"height":400,"caption":"SeryHumano.com"},"image":{"@id":"https:\/\/seryhumano.com\/web\/#\/schema\/logo\/image\/"},"sameAs":["https:\/\/www.facebook.com\/seryhumano\/","https:\/\/x.com\/SeryHumano","https:\/\/www.instagram.com\/seryhumano\/","https:\/\/www.linkedin.com\/company\/seryhumano-com\/","https:\/\/www.youtube.com\/channel\/UCYfgIGSxygVnJAW0e9ZBZWg"]},{"@type":"Person","@id":"https:\/\/seryhumano.com\/web\/#\/schema\/person\/fd30e8e0b394a62344b44d9b0fe75795","name":"@herrera_yosmar","description":"Eterna enamorada de la vida, comunicadora, mam\u00e1 de tres","sameAs":["http:\/\/seryhumano.com"],"url":"https:\/\/seryhumano.com\/web\/?author=2"}]}},"_links":{"self":[{"href":"https:\/\/seryhumano.com\/web\/index.php?rest_route=\/wp\/v2\/posts\/18337","targetHints":{"allow":["GET"]}}],"collection":[{"href":"https:\/\/seryhumano.com\/web\/index.php?rest_route=\/wp\/v2\/posts"}],"about":[{"href":"https:\/\/seryhumano.com\/web\/index.php?rest_route=\/wp\/v2\/types\/post"}],"author":[{"embeddable":true,"href":"https:\/\/seryhumano.com\/web\/index.php?rest_route=\/wp\/v2\/users\/2"}],"replies":[{"embeddable":true,"href":"https:\/\/seryhumano.com\/web\/index.php?rest_route=%2Fwp%2Fv2%2Fcomments&post=18337"}],"version-history":[{"count":0,"href":"https:\/\/seryhumano.com\/web\/index.php?rest_route=\/wp\/v2\/posts\/18337\/revisions"}],"wp:featuredmedia":[{"embeddable":true,"href":"https:\/\/seryhumano.com\/web\/index.php?rest_route=\/wp\/v2\/media\/18353"}],"wp:attachment":[{"href":"https:\/\/seryhumano.com\/web\/index.php?rest_route=%2Fwp%2Fv2%2Fmedia&parent=18337"}],"wp:term":[{"taxonomy":"category","embeddable":true,"href":"https:\/\/seryhumano.com\/web\/index.php?rest_route=%2Fwp%2Fv2%2Fcategories&post=18337"},{"taxonomy":"post_tag","embeddable":true,"href":"https:\/\/seryhumano.com\/web\/index.php?rest_route=%2Fwp%2Fv2%2Ftags&post=18337"}],"curies":[{"name":"wp","href":"https:\/\/api.w.org\/{rel}","templated":true}]}}