{"id":1846,"date":"2012-11-29T11:29:49","date_gmt":"2012-11-29T15:59:49","guid":{"rendered":"https:\/\/seryhumano.com\/web\/?p=1846"},"modified":"2012-11-29T11:48:25","modified_gmt":"2012-11-29T16:18:25","slug":"el-sentido-del-oido-la-audicion","status":"publish","type":"post","link":"https:\/\/seryhumano.com\/web\/?p=1846","title":{"rendered":"El sentido del o\u00eddo: La Audici\u00f3n"},"content":{"rendered":"<p><a href=\"https:\/\/seryhumano.com\/web\/?attachment_id=1847\" rel=\"attachment wp-att-1847\"><img loading=\"lazy\" decoding=\"async\" class=\"alignleft size-thumbnail wp-image-1847\" title=\"La sordera\" src=\"https:\/\/seryhumano.com\/web\/wp-content\/uploads\/2012\/11\/La-sordera-150x150.jpg\" alt=\"\" width=\"150\" height=\"150\" srcset=\"https:\/\/seryhumano.com\/web\/wp-content\/uploads\/2012\/11\/La-sordera-150x150.jpg 150w, https:\/\/seryhumano.com\/web\/wp-content\/uploads\/2012\/11\/La-sordera-50x50.jpg 50w\" sizes=\"auto, (max-width: 150px) 100vw, 150px\" \/><\/a>Los sentidos son una parte del sistema nervioso que nos permiten establecer contacto con el mundo exterior. De los cinco sentidos que posee el hombre \u2013o\u00eddo, vista, olfato, gusto, y tacto \u2013 el o\u00eddo es el m\u00e1s importante por varias razones.<\/p>\n<p>El o\u00eddo es el primer sentido que se forma en el feto y tambi\u00e9n el primero que utilizamos. Ya funciona correctamente a partir de las veinte semanas de la gestaci\u00f3n. Todos hemos podido o\u00edr antes que ver. El primer est\u00edmulo que recibe el feto en el seno materno es sonoro, con la respiraci\u00f3n y el latido card\u00edaco de la madre.<\/p>\n<p>El feto puede tambi\u00e9n o\u00edr m\u00fasica; si una pieza musical se repite regularmente\u00a0 en los \u00faltimos meses de gestaci\u00f3n, la persona puede reconocerla despu\u00e9s de nacer.<a href=\"https:\/\/seryhumano.com\/web\/?attachment_id=1848\" rel=\"attachment wp-att-1848\"><img loading=\"lazy\" decoding=\"async\" class=\"alignright size-full wp-image-1848\" title=\"Feto escuchando m\u00fasica\" src=\"https:\/\/seryhumano.com\/web\/wp-content\/uploads\/2012\/11\/Feto-escuchando-m\u00fasica.jpg\" alt=\"\" width=\"246\" height=\"205\" \/><\/a><\/p>\n<p>El fil\u00f3sofo griego Ep\u00edcteto, dec\u00eda que el hombre tiene dos o\u00eddos y una sola boca, para que pueda o\u00edr el doble de los habla. En realidad tenemos dos o\u00eddos para poder determinar de d\u00f3nde procede el sonido.<\/p>\n<p>Arist\u00f3teles (384-322 a.C.) dec\u00eda que el o\u00eddo es el \u00f3rgano de la instrucci\u00f3n. La formaci\u00f3n de la persona en las aulas, el teatro o la audici\u00f3n de m\u00fasica, se realiza en las salas destinadas a o\u00edr y a escuchar, el auditorio.<\/p>\n<p><a href=\"https:\/\/seryhumano.com\/web\/?attachment_id=1849\" rel=\"attachment wp-att-1849\"><img loading=\"lazy\" decoding=\"async\" class=\"alignleft size-thumbnail wp-image-1849\" title=\"La sordera 1\" src=\"https:\/\/seryhumano.com\/web\/wp-content\/uploads\/2012\/11\/La-sordera-1-150x150.jpg\" alt=\"\" width=\"150\" height=\"150\" srcset=\"https:\/\/seryhumano.com\/web\/wp-content\/uploads\/2012\/11\/La-sordera-1-150x150.jpg 150w, https:\/\/seryhumano.com\/web\/wp-content\/uploads\/2012\/11\/La-sordera-1-50x50.jpg 50w\" sizes=\"auto, (max-width: 150px) 100vw, 150px\" \/><\/a>El o\u00eddo, adem\u00e1s de ser el principal sentido que interviene en la comunicaci\u00f3n ling\u00fc\u00edstica, necesaria para relacionarnos con los dem\u00e1s, nos permite apreciar la m\u00fasica.<\/p>\n<p>La p\u00e9rdida del o\u00eddo, la sordera, determina un aislamiento del mundo cotidiano mucho mayor que la p\u00e9rdida de la vista. Este aislamiento produce la desconexi\u00f3n con la l\u00f3gica de la vida, es el absurdo, palabra de origen \u00e1rabe que significa &lt;&lt;no ser capaz de o\u00edr&gt;&gt;. Los sordos est\u00e1n ausentes, aun estando presentes.<\/p>\n<p><a href=\"https:\/\/seryhumano.com\/web\/?attachment_id=1850\" rel=\"attachment wp-att-1850\"><img loading=\"lazy\" decoding=\"async\" class=\"alignleft size-full wp-image-1850\" title=\"Helen Keller\" src=\"https:\/\/seryhumano.com\/web\/wp-content\/uploads\/2012\/11\/Helen-Keller.jpg\" alt=\"\" width=\"198\" height=\"254\" \/><\/a>Helen Keller (1880-1968), que era ciega y sorda desde la edad de los 19 meses, le dec\u00eda a su m\u00e9dico: \u201cLa sordera es una desgracia mucho peor que la ceguera, pues significa la p\u00e9rdida del est\u00edmulo m\u00e1s vital, el sonido de la voz, portador del lenguaje, que expresa los pensamientos y nos mantiene en compa\u00f1\u00eda intelectual con las otras personas; la ceguera te impide el contacto con las cosas; la sordera, el contacto con las personas\u201d. As\u00ed pues, la sordera le incapacitaba mucho m\u00e1s que la ceguera.<\/p>\n<p>El escritor mexicano Juan Rulfo (1918- 1986), en su obra <em>Pedro P\u00e1ramo, <\/em>describe as\u00ed la sordera que de forma brusca le acaece a uno de sus personajes: \u201cEl desventurado d\u00eda que le sucedi\u00f3 su desgracia, qued\u00f3 sordo y dej\u00f3 de hablar. Dec\u00eda que no ten\u00eda sentido ponerse a decir cosas que \u00e9l no o\u00eda, que no le sonaban a nada, a las que no les encontraba ning\u00fan sabor. Enmudeci\u00f3 aunque no era mudo\u201d.<a href=\"https:\/\/seryhumano.com\/web\/?attachment_id=1851\" rel=\"attachment wp-att-1851\"><img loading=\"lazy\" decoding=\"async\" class=\"alignright size-full wp-image-1851\" title=\"Sordera\" src=\"https:\/\/seryhumano.com\/web\/wp-content\/uploads\/2012\/11\/Sordera.jpg\" alt=\"\" width=\"277\" height=\"182\" \/><\/a><\/p>\n<p>Aunque todos los sentidos intervienen en las emociones, el o\u00eddo es el m\u00e1s importante.<\/p>\n<p>seryhumano.com \/ J.L. Mart\u00ed I Vilalta<\/p>\n","protected":false},"excerpt":{"rendered":"<p>Los sentidos son una parte del sistema nervioso que nos permiten establecer contacto con el mundo exterior. De los cinco sentidos que posee el hombre \u2013o\u00eddo, vista, olfato, gusto, y tacto \u2013 el o\u00eddo es el m\u00e1s importante por varias razones. El o\u00eddo es el primer sentido que se forma en el feto y tambi\u00e9n&hellip;<\/p>\n","protected":false},"author":2,"featured_media":1855,"comment_status":"closed","ping_status":"closed","sticky":false,"template":"","format":"standard","meta":{"footnotes":""},"categories":[122,120],"tags":[111],"class_list":["post-1846","post","type-post","status-publish","format-standard","has-post-thumbnail","hentry","category-cultura","category-ser-saludable","tag-slider","category-122","category-120","description-off"],"yoast_head":"<!-- This site is optimized with the Yoast SEO plugin v25.4 - https:\/\/yoast.com\/wordpress\/plugins\/seo\/ -->\n<title>El sentido del o\u00eddo: La Audici\u00f3n &#187; SeryHumano.com<\/title>\n<meta name=\"robots\" content=\"index, follow, max-snippet:-1, max-image-preview:large, max-video-preview:-1\" \/>\n<link rel=\"canonical\" href=\"https:\/\/seryhumano.com\/web\/?p=1846\" \/>\n<meta property=\"og:locale\" content=\"es_ES\" \/>\n<meta property=\"og:type\" content=\"article\" \/>\n<meta property=\"og:title\" content=\"El sentido del o\u00eddo: La Audici\u00f3n &#187; SeryHumano.com\" \/>\n<meta property=\"og:description\" content=\"Los sentidos son una parte del sistema nervioso que nos permiten establecer contacto con el mundo exterior. De los cinco sentidos que posee el hombre \u2013o\u00eddo, vista, olfato, gusto, y tacto \u2013 el o\u00eddo es el m\u00e1s importante por varias razones. El o\u00eddo es el primer sentido que se forma en el feto y tambi\u00e9n&hellip;\" \/>\n<meta property=\"og:url\" content=\"https:\/\/seryhumano.com\/web\/?p=1846\" \/>\n<meta property=\"og:site_name\" content=\"SeryHumano.com\" \/>\n<meta property=\"article:publisher\" content=\"https:\/\/www.facebook.com\/seryhumano\/\" \/>\n<meta property=\"article:published_time\" content=\"2012-11-29T15:59:49+00:00\" \/>\n<meta property=\"article:modified_time\" content=\"2012-11-29T16:18:25+00:00\" \/>\n<meta property=\"og:image\" content=\"https:\/\/seryhumano.com\/web\/wp-content\/uploads\/2012\/11\/featureslider_oido.jpg\" \/>\n\t<meta property=\"og:image:width\" content=\"910\" \/>\n\t<meta property=\"og:image:height\" content=\"227\" \/>\n\t<meta property=\"og:image:type\" content=\"image\/jpeg\" \/>\n<meta name=\"author\" content=\"@herrera_yosmar\" \/>\n<meta name=\"twitter:card\" content=\"summary_large_image\" \/>\n<meta name=\"twitter:creator\" content=\"@SeryHumano\" \/>\n<meta name=\"twitter:site\" content=\"@SeryHumano\" \/>\n<meta name=\"twitter:label1\" content=\"Escrito por\" \/>\n\t<meta name=\"twitter:data1\" content=\"@herrera_yosmar\" \/>\n\t<meta name=\"twitter:label2\" content=\"Tiempo de lectura\" \/>\n\t<meta name=\"twitter:data2\" content=\"3 minutos\" \/>\n<script type=\"application\/ld+json\" class=\"yoast-schema-graph\">{\"@context\":\"https:\/\/schema.org\",\"@graph\":[{\"@type\":\"Article\",\"@id\":\"https:\/\/seryhumano.com\/web\/?p=1846#article\",\"isPartOf\":{\"@id\":\"https:\/\/seryhumano.com\/web\/?p=1846\"},\"author\":{\"name\":\"@herrera_yosmar\",\"@id\":\"https:\/\/seryhumano.com\/web\/#\/schema\/person\/fd30e8e0b394a62344b44d9b0fe75795\"},\"headline\":\"El sentido del o\u00eddo: La Audici\u00f3n\",\"datePublished\":\"2012-11-29T15:59:49+00:00\",\"dateModified\":\"2012-11-29T16:18:25+00:00\",\"mainEntityOfPage\":{\"@id\":\"https:\/\/seryhumano.com\/web\/?p=1846\"},\"wordCount\":531,\"publisher\":{\"@id\":\"https:\/\/seryhumano.com\/web\/#organization\"},\"image\":{\"@id\":\"https:\/\/seryhumano.com\/web\/?p=1846#primaryimage\"},\"thumbnailUrl\":\"https:\/\/seryhumano.com\/web\/wp-content\/uploads\/2012\/11\/featureslider_oido.jpg\",\"keywords\":[\"Slider\"],\"articleSection\":[\"Cultura del Ser\",\"Ser Saludable\"],\"inLanguage\":\"es\"},{\"@type\":\"WebPage\",\"@id\":\"https:\/\/seryhumano.com\/web\/?p=1846\",\"url\":\"https:\/\/seryhumano.com\/web\/?p=1846\",\"name\":\"El sentido del o\u00eddo: La Audici\u00f3n &#187; SeryHumano.com\",\"isPartOf\":{\"@id\":\"https:\/\/seryhumano.com\/web\/#website\"},\"primaryImageOfPage\":{\"@id\":\"https:\/\/seryhumano.com\/web\/?p=1846#primaryimage\"},\"image\":{\"@id\":\"https:\/\/seryhumano.com\/web\/?p=1846#primaryimage\"},\"thumbnailUrl\":\"https:\/\/seryhumano.com\/web\/wp-content\/uploads\/2012\/11\/featureslider_oido.jpg\",\"datePublished\":\"2012-11-29T15:59:49+00:00\",\"dateModified\":\"2012-11-29T16:18:25+00:00\",\"breadcrumb\":{\"@id\":\"https:\/\/seryhumano.com\/web\/?p=1846#breadcrumb\"},\"inLanguage\":\"es\",\"potentialAction\":[{\"@type\":\"ReadAction\",\"target\":[\"https:\/\/seryhumano.com\/web\/?p=1846\"]}]},{\"@type\":\"ImageObject\",\"inLanguage\":\"es\",\"@id\":\"https:\/\/seryhumano.com\/web\/?p=1846#primaryimage\",\"url\":\"https:\/\/seryhumano.com\/web\/wp-content\/uploads\/2012\/11\/featureslider_oido.jpg\",\"contentUrl\":\"https:\/\/seryhumano.com\/web\/wp-content\/uploads\/2012\/11\/featureslider_oido.jpg\",\"width\":\"910\",\"height\":\"227\"},{\"@type\":\"BreadcrumbList\",\"@id\":\"https:\/\/seryhumano.com\/web\/?p=1846#breadcrumb\",\"itemListElement\":[{\"@type\":\"ListItem\",\"position\":1,\"name\":\"Portada\",\"item\":\"https:\/\/seryhumano.com\/web\/\"},{\"@type\":\"ListItem\",\"position\":2,\"name\":\"El sentido del o\u00eddo: La Audici\u00f3n\"}]},{\"@type\":\"WebSite\",\"@id\":\"https:\/\/seryhumano.com\/web\/#website\",\"url\":\"https:\/\/seryhumano.com\/web\/\",\"name\":\"SeryHumano.com\",\"description\":\"Revista digital muy humana, donde lo mas importante es el Ser...\",\"publisher\":{\"@id\":\"https:\/\/seryhumano.com\/web\/#organization\"},\"potentialAction\":[{\"@type\":\"SearchAction\",\"target\":{\"@type\":\"EntryPoint\",\"urlTemplate\":\"https:\/\/seryhumano.com\/web\/?s={search_term_string}\"},\"query-input\":{\"@type\":\"PropertyValueSpecification\",\"valueRequired\":true,\"valueName\":\"search_term_string\"}}],\"inLanguage\":\"es\"},{\"@type\":\"Organization\",\"@id\":\"https:\/\/seryhumano.com\/web\/#organization\",\"name\":\"SeryHumano.com\",\"url\":\"https:\/\/seryhumano.com\/web\/\",\"logo\":{\"@type\":\"ImageObject\",\"inLanguage\":\"es\",\"@id\":\"https:\/\/seryhumano.com\/web\/#\/schema\/logo\/image\/\",\"url\":\"https:\/\/seryhumano.com\/web\/wp-content\/uploads\/2020\/02\/JNe5VRwH_400x400-2.jpg\",\"contentUrl\":\"https:\/\/seryhumano.com\/web\/wp-content\/uploads\/2020\/02\/JNe5VRwH_400x400-2.jpg\",\"width\":400,\"height\":400,\"caption\":\"SeryHumano.com\"},\"image\":{\"@id\":\"https:\/\/seryhumano.com\/web\/#\/schema\/logo\/image\/\"},\"sameAs\":[\"https:\/\/www.facebook.com\/seryhumano\/\",\"https:\/\/x.com\/SeryHumano\",\"https:\/\/www.instagram.com\/seryhumano\/\",\"https:\/\/www.linkedin.com\/company\/seryhumano-com\/\",\"https:\/\/www.youtube.com\/channel\/UCYfgIGSxygVnJAW0e9ZBZWg\"]},{\"@type\":\"Person\",\"@id\":\"https:\/\/seryhumano.com\/web\/#\/schema\/person\/fd30e8e0b394a62344b44d9b0fe75795\",\"name\":\"@herrera_yosmar\",\"description\":\"Eterna enamorada de la vida, comunicadora, mam\u00e1 de tres\",\"sameAs\":[\"http:\/\/seryhumano.com\"],\"url\":\"https:\/\/seryhumano.com\/web\/?author=2\"}]}<\/script>\n<!-- \/ Yoast SEO plugin. -->","yoast_head_json":{"title":"El sentido del o\u00eddo: La Audici\u00f3n &#187; SeryHumano.com","robots":{"index":"index","follow":"follow","max-snippet":"max-snippet:-1","max-image-preview":"max-image-preview:large","max-video-preview":"max-video-preview:-1"},"canonical":"https:\/\/seryhumano.com\/web\/?p=1846","og_locale":"es_ES","og_type":"article","og_title":"El sentido del o\u00eddo: La Audici\u00f3n &#187; SeryHumano.com","og_description":"Los sentidos son una parte del sistema nervioso que nos permiten establecer contacto con el mundo exterior. De los cinco sentidos que posee el hombre \u2013o\u00eddo, vista, olfato, gusto, y tacto \u2013 el o\u00eddo es el m\u00e1s importante por varias razones. El o\u00eddo es el primer sentido que se forma en el feto y tambi\u00e9n&hellip;","og_url":"https:\/\/seryhumano.com\/web\/?p=1846","og_site_name":"SeryHumano.com","article_publisher":"https:\/\/www.facebook.com\/seryhumano\/","article_published_time":"2012-11-29T15:59:49+00:00","article_modified_time":"2012-11-29T16:18:25+00:00","og_image":[{"width":910,"height":227,"url":"https:\/\/seryhumano.com\/web\/wp-content\/uploads\/2012\/11\/featureslider_oido.jpg","type":"image\/jpeg"}],"author":"@herrera_yosmar","twitter_card":"summary_large_image","twitter_creator":"@SeryHumano","twitter_site":"@SeryHumano","twitter_misc":{"Escrito por":"@herrera_yosmar","Tiempo de lectura":"3 minutos"},"schema":{"@context":"https:\/\/schema.org","@graph":[{"@type":"Article","@id":"https:\/\/seryhumano.com\/web\/?p=1846#article","isPartOf":{"@id":"https:\/\/seryhumano.com\/web\/?p=1846"},"author":{"name":"@herrera_yosmar","@id":"https:\/\/seryhumano.com\/web\/#\/schema\/person\/fd30e8e0b394a62344b44d9b0fe75795"},"headline":"El sentido del o\u00eddo: La Audici\u00f3n","datePublished":"2012-11-29T15:59:49+00:00","dateModified":"2012-11-29T16:18:25+00:00","mainEntityOfPage":{"@id":"https:\/\/seryhumano.com\/web\/?p=1846"},"wordCount":531,"publisher":{"@id":"https:\/\/seryhumano.com\/web\/#organization"},"image":{"@id":"https:\/\/seryhumano.com\/web\/?p=1846#primaryimage"},"thumbnailUrl":"https:\/\/seryhumano.com\/web\/wp-content\/uploads\/2012\/11\/featureslider_oido.jpg","keywords":["Slider"],"articleSection":["Cultura del Ser","Ser Saludable"],"inLanguage":"es"},{"@type":"WebPage","@id":"https:\/\/seryhumano.com\/web\/?p=1846","url":"https:\/\/seryhumano.com\/web\/?p=1846","name":"El sentido del o\u00eddo: La Audici\u00f3n &#187; SeryHumano.com","isPartOf":{"@id":"https:\/\/seryhumano.com\/web\/#website"},"primaryImageOfPage":{"@id":"https:\/\/seryhumano.com\/web\/?p=1846#primaryimage"},"image":{"@id":"https:\/\/seryhumano.com\/web\/?p=1846#primaryimage"},"thumbnailUrl":"https:\/\/seryhumano.com\/web\/wp-content\/uploads\/2012\/11\/featureslider_oido.jpg","datePublished":"2012-11-29T15:59:49+00:00","dateModified":"2012-11-29T16:18:25+00:00","breadcrumb":{"@id":"https:\/\/seryhumano.com\/web\/?p=1846#breadcrumb"},"inLanguage":"es","potentialAction":[{"@type":"ReadAction","target":["https:\/\/seryhumano.com\/web\/?p=1846"]}]},{"@type":"ImageObject","inLanguage":"es","@id":"https:\/\/seryhumano.com\/web\/?p=1846#primaryimage","url":"https:\/\/seryhumano.com\/web\/wp-content\/uploads\/2012\/11\/featureslider_oido.jpg","contentUrl":"https:\/\/seryhumano.com\/web\/wp-content\/uploads\/2012\/11\/featureslider_oido.jpg","width":"910","height":"227"},{"@type":"BreadcrumbList","@id":"https:\/\/seryhumano.com\/web\/?p=1846#breadcrumb","itemListElement":[{"@type":"ListItem","position":1,"name":"Portada","item":"https:\/\/seryhumano.com\/web\/"},{"@type":"ListItem","position":2,"name":"El sentido del o\u00eddo: La Audici\u00f3n"}]},{"@type":"WebSite","@id":"https:\/\/seryhumano.com\/web\/#website","url":"https:\/\/seryhumano.com\/web\/","name":"SeryHumano.com","description":"Revista digital muy humana, donde lo mas importante es el Ser...","publisher":{"@id":"https:\/\/seryhumano.com\/web\/#organization"},"potentialAction":[{"@type":"SearchAction","target":{"@type":"EntryPoint","urlTemplate":"https:\/\/seryhumano.com\/web\/?s={search_term_string}"},"query-input":{"@type":"PropertyValueSpecification","valueRequired":true,"valueName":"search_term_string"}}],"inLanguage":"es"},{"@type":"Organization","@id":"https:\/\/seryhumano.com\/web\/#organization","name":"SeryHumano.com","url":"https:\/\/seryhumano.com\/web\/","logo":{"@type":"ImageObject","inLanguage":"es","@id":"https:\/\/seryhumano.com\/web\/#\/schema\/logo\/image\/","url":"https:\/\/seryhumano.com\/web\/wp-content\/uploads\/2020\/02\/JNe5VRwH_400x400-2.jpg","contentUrl":"https:\/\/seryhumano.com\/web\/wp-content\/uploads\/2020\/02\/JNe5VRwH_400x400-2.jpg","width":400,"height":400,"caption":"SeryHumano.com"},"image":{"@id":"https:\/\/seryhumano.com\/web\/#\/schema\/logo\/image\/"},"sameAs":["https:\/\/www.facebook.com\/seryhumano\/","https:\/\/x.com\/SeryHumano","https:\/\/www.instagram.com\/seryhumano\/","https:\/\/www.linkedin.com\/company\/seryhumano-com\/","https:\/\/www.youtube.com\/channel\/UCYfgIGSxygVnJAW0e9ZBZWg"]},{"@type":"Person","@id":"https:\/\/seryhumano.com\/web\/#\/schema\/person\/fd30e8e0b394a62344b44d9b0fe75795","name":"@herrera_yosmar","description":"Eterna enamorada de la vida, comunicadora, mam\u00e1 de tres","sameAs":["http:\/\/seryhumano.com"],"url":"https:\/\/seryhumano.com\/web\/?author=2"}]}},"_links":{"self":[{"href":"https:\/\/seryhumano.com\/web\/index.php?rest_route=\/wp\/v2\/posts\/1846","targetHints":{"allow":["GET"]}}],"collection":[{"href":"https:\/\/seryhumano.com\/web\/index.php?rest_route=\/wp\/v2\/posts"}],"about":[{"href":"https:\/\/seryhumano.com\/web\/index.php?rest_route=\/wp\/v2\/types\/post"}],"author":[{"embeddable":true,"href":"https:\/\/seryhumano.com\/web\/index.php?rest_route=\/wp\/v2\/users\/2"}],"replies":[{"embeddable":true,"href":"https:\/\/seryhumano.com\/web\/index.php?rest_route=%2Fwp%2Fv2%2Fcomments&post=1846"}],"version-history":[{"count":0,"href":"https:\/\/seryhumano.com\/web\/index.php?rest_route=\/wp\/v2\/posts\/1846\/revisions"}],"wp:featuredmedia":[{"embeddable":true,"href":"https:\/\/seryhumano.com\/web\/index.php?rest_route=\/wp\/v2\/media\/1855"}],"wp:attachment":[{"href":"https:\/\/seryhumano.com\/web\/index.php?rest_route=%2Fwp%2Fv2%2Fmedia&parent=1846"}],"wp:term":[{"taxonomy":"category","embeddable":true,"href":"https:\/\/seryhumano.com\/web\/index.php?rest_route=%2Fwp%2Fv2%2Fcategories&post=1846"},{"taxonomy":"post_tag","embeddable":true,"href":"https:\/\/seryhumano.com\/web\/index.php?rest_route=%2Fwp%2Fv2%2Ftags&post=1846"}],"curies":[{"name":"wp","href":"https:\/\/api.w.org\/{rel}","templated":true}]}}