{"id":18561,"date":"2015-02-16T06:52:45","date_gmt":"2015-02-16T11:22:45","guid":{"rendered":"https:\/\/seryhumano.com\/web\/?p=18561"},"modified":"2015-02-19T09:20:00","modified_gmt":"2015-02-19T13:50:00","slug":"por-que-somos-cada-vez-mas-individualistas","status":"publish","type":"post","link":"https:\/\/seryhumano.com\/web\/?p=18561","title":{"rendered":"\u00bfPor qu\u00e9 somos cada vez m\u00e1s individualistas?"},"content":{"rendered":"<p style=\"text-align: center;\"><strong>\u00bfQu\u00e9 vuelve a la sociedad cada vez m\u00e1s individualista? \u00bfSon los millennials m\u00e1s ego\u00edstas que la generaci\u00f3n X o todo empez\u00f3 con los baby boomers? El estudio m\u00e1s ambicioso hasta ahora al respecto, realizado en Estados Unidos, explica por qu\u00e9 miramos ahora m\u00e1s hacia nosotros mismos y desmiente unas cuantas falacias.<\/strong><\/p>\n<p style=\"text-align: center;\"><a href=\"https:\/\/seryhumano.com\/web\/?attachment_id=18562\" rel=\"attachment wp-att-18562\"><img loading=\"lazy\" decoding=\"async\" class=\"aligncenter size-full wp-image-18562\" src=\"https:\/\/seryhumano.com\/web\/wp-content\/uploads\/2015\/02\/individualistas.gif\" alt=\"individualistas\" width=\"370\" height=\"140\" \/><\/a><\/p>\n<p style=\"text-align: left;\">El primer estudio realizado hasta ahora a gran escala -abarca los \u00faltimos 150 a\u00f1os- ha tratado de dilucidar la validez de varias teor\u00edas psicosociol\u00f3gicas que explican el individualismo, un fen\u00f3meno en el que la gente se vuelve m\u00e1s independiente y menos condicionada por los lazos familiares, el deber o el conformismo.<\/p>\n<p>El trabajo, coordinado por Igor Grossmann, profesor de Psicolog\u00eda Cient\u00edfica de la Universidad de Waterloo, en Canad\u00e1, junto a Michael Varnum, de la Universidad Estatal de Arizona, en Estados Unidos y publicado en el \u00faltimo n\u00famero de la revista cient\u00edfica Psychological Science, concluye que el creciente individualismo de la sociedad est\u00e1 directamente asociado al auge de los \u2019trabajos de oficina\u2019 (white-collar occupations).<\/p>\n<p>El estudio analiza diversos indicadores culturales, como el vocabulario que se emplea en los libros, las \u2018<em>modas<\/em>\u2019 cambiantes en los nombres que se ponen a los reci\u00e9n nacidos o la forma y tama\u00f1o de las familias. Sugiere que el auge del individualismo est\u00e1 relacionado a factores socioecon\u00f3micos, pero no a otros condicionantes culturales y medioambientales. En concreto, lo que nos hace m\u00e1s individualistas es nuestro trabajo, y m\u00e1s espec\u00edficamente, las profesiones liberales.<a href=\"https:\/\/seryhumano.com\/web\/?attachment_id=18564\" rel=\"attachment wp-att-18564\"><img loading=\"lazy\" decoding=\"async\" class=\"alignright size-full wp-image-18564\" src=\"https:\/\/seryhumano.com\/web\/wp-content\/uploads\/2015\/02\/individualistas1.jpg\" alt=\"individualistas1\" width=\"277\" height=\"182\" \/><\/a><\/p>\n<p>\u00ab<em>El mayor o menor individualismo de una sociedad lo impregna todo: desde el marketing para dise\u00f1ar una campa\u00f1a electoral hasta la educaci\u00f3n. Condiciona las cosas que compramos, los mensajes de nuestros pol\u00edticos, la forma en que educamos a nuestros hijos, a los que motivamos bien para acrecentar su sentimiento de uni\u00f3n a la familia o al grupo, bien para que sean especiales o diferentes del resto<\/em>\u00bb, explica Grossman.<\/p>\n<p>\u00ab<em>Y hemos visto que son los cambios en la clase social los que preceden el individualismo. En concreto, crece conforme lo hace la demanda de trabajos de oficina y desciende la de los oficios manuales. El individualismo, adem\u00e1s, es consustancial a la educaci\u00f3n y la salud: cuanto mejores son estos est\u00e1ndares, m\u00e1s individualista es la sociedad<\/em>\u00bb, apuntan los autores.<\/p>\n<p><strong>Big data y c\u00e1lculo matem\u00e1tico para entender los cambios intergeneracionales<\/strong><\/p>\n<p>Los investigadores recurrieron al big data disponible en organizaciones gubernamentales y privadas, como la Seguridad Social estadounidense, la consultora Gallup o el proyecto Books Library project de Google, y usaron los m\u00e9todos m\u00e1s avanzados de c\u00e1lculo.<\/p>\n<p>Analizaron los seis factores culturales que se presupone relacionados a este fen\u00f3meno: la urbanizaci\u00f3n de las zonas habitadas; la religiosidad; la estructura socioecon\u00f3mica; el clima, las enfermedades infecciosas y los desastres naturales. En este contexto, examinaron el crecimiento de ocho indicadores asociados al individualismo, tales como el vocabulario empleado en los libros, el porcentaje de familias con hijos \u00fanicos y de gente que vive sola o las tasas de divorcio.<\/p>\n<p><a href=\"https:\/\/seryhumano.com\/web\/?attachment_id=18566\" rel=\"attachment wp-att-18566\"><img loading=\"lazy\" decoding=\"async\" class=\"alignleft size-full wp-image-18566\" src=\"https:\/\/seryhumano.com\/web\/wp-content\/uploads\/2015\/02\/individualistas2.jpg\" alt=\"individualistas2\" width=\"243\" height=\"207\" \/><\/a>Para ello investigaron la informaci\u00f3n disponible en los Institutos de Seguridad Social para analizar las tendencias a elegir un nombre para un reci\u00e9n nacido, los cambios en el vocabulario empleado en Google Ngram data base de libros digitalizados por la compa\u00f1\u00eda o en Censo de Estados Unidos para medir el tama\u00f1o de las familias y sus ingresos o datos de la prevalencia de enfermedades y desastres naturales disponibles en los Centros de Control y Prevenci\u00f3n de Enfermedades.<\/p>\n<p>El estudio, que ha contado con el apoyo financiero del Instituto de Investigaci\u00f3n en Humanidades y Ciencias Sociales de Canad\u00e1 y la Fundaci\u00f3n John Templeton, demuestra que el individualismo no ha dejado de crecer en los \u00faltimos 150 a\u00f1os.<\/p>\n<p>Por ejemplo, desde 1860 las familias son cada vez m\u00e1s peque\u00f1as; los ingresos intergeneracionales (padres, hijos o abuelos cooperando para la renta familiar disponible) cada vez son menos frecuentes desde 1880 hasta 1980, y la frecuencia de \u2018<em>vocabulario individualista\u2019<\/em> (libertad, liberalismo, albedr\u00edo, individuo) ha aumentado desde 1860, fecha que coincide con el detrimento de los trabajos colectivos m\u00e1s propios de la revoluci\u00f3n industrial.<\/p>\n<p>Asimismo, han observado que desde 1880 ha ido desapareciendo gradualmente la tendencia a poner nombres compuestos a los reci\u00e9n nacidos -lo que apunta a la emancipaci\u00f3n de los condicionantes familiares- y los 20 nombres m\u00e1s frecuentes a lo largo de la historia tambi\u00e9n se eligen cada vez menos -lo que sugiere que los padres buscan m\u00e1s \u00ab<em>lo especial<\/em>\u00bb en vez de rememorar \u2018<em>las ra\u00edces\u2019<\/em> en su hijo.<\/p>\n<p><strong>S\u00f3lo el trabajo nos cambia<a href=\"https:\/\/seryhumano.com\/web\/?attachment_id=18567\" rel=\"attachment wp-att-18567\"><img loading=\"lazy\" decoding=\"async\" class=\"alignright wp-image-18567 size-medium\" src=\"https:\/\/seryhumano.com\/web\/wp-content\/uploads\/2015\/02\/individualistas3-300x169.jpg\" alt=\"individualistas3\" width=\"300\" height=\"169\" srcset=\"https:\/\/seryhumano.com\/web\/wp-content\/uploads\/2015\/02\/individualistas3-300x169.jpg 300w, https:\/\/seryhumano.com\/web\/wp-content\/uploads\/2015\/02\/individualistas3-265x150.jpg 265w, https:\/\/seryhumano.com\/web\/wp-content\/uploads\/2015\/02\/individualistas3.jpg 768w\" sizes=\"auto, (max-width: 300px) 100vw, 300px\" \/><\/a><\/strong><\/p>\n<p>Grossman explica que factores como el sentimiento y pertenencia religiosa o la prevalencia de enfermedades infecciosas no han influido en el auge del\u00a0individualismo: s\u00f3lo lo han hecho significativamente los cambios en el estatus laboral.<\/p>\n<p>De todos los marcadores estudiados, la clase social es el \u00fanico que precede cambios en el individualismo de las sociedades a trav\u00e9s del tiempo, lo que sugiere una relaci\u00f3n casual entre ambos, explica.<\/p>\n<p>\u00ab<em>Nos ha sorprendido que s\u00f3lo una de las seis teor\u00edas psicol\u00f3gicas aceptadas ha sido estad\u00edsticamente significativa para predecir el individualismo<\/em>\u00bb; se\u00f1ala Grossmann. \u00ab<em>La \u00fanica premisa te\u00f3rica para la que hemos encontrado respaldo sistem\u00e1tico es la de la influencia de la clase social<\/em>\u00bb, detalla Grossman: concretamente, irrumpe al paso los trabajos liberales o de oficina (trabajos de cuello blanco o white collar) que sustituyen a los trabajos cooperativos, propios de la clase obrera (trabajos de cuello azul o blue collar, en su acepci\u00f3n anglosajona).<\/p>\n<p>Los investigadores apostillan no hay que deducir que entre ambos factores haya una relaci\u00f3n concluyente, aunque s\u00ed sugieren que los dem\u00e1s no tuvieron repercusi\u00f3n estad\u00edstica en el auge del individualismo.<\/p>\n<p><strong>El individualismo no es cosa de j\u00f3venes: se remonta al siglo XIX<\/strong><\/p>\n<p>El individualismo, adem\u00e1s, no es un fen\u00f3meno creciente, a\u00f1aden los autores. Los datos demuestran que su crecimiento es anterior a las cohortes generacionales posteriores a la de los baby boomers, como la Generaci\u00f3n X (nacidos entre 1961 y 1980) la de los millenials (los nacidos entre 1980 y 2000).<a href=\"https:\/\/seryhumano.com\/web\/?attachment_id=18568\" rel=\"attachment wp-att-18568\"><img loading=\"lazy\" decoding=\"async\" class=\"alignright size-full wp-image-18568\" src=\"https:\/\/seryhumano.com\/web\/wp-content\/uploads\/2015\/02\/individualista4.jpg\" alt=\"individualista4\" width=\"301\" height=\"167\" srcset=\"https:\/\/seryhumano.com\/web\/wp-content\/uploads\/2015\/02\/individualista4.jpg 301w, https:\/\/seryhumano.com\/web\/wp-content\/uploads\/2015\/02\/individualista4-300x166.jpg 300w\" sizes=\"auto, (max-width: 301px) 100vw, 301px\" \/><\/a><\/p>\n<p>El individualismo no es algo reciente. No es consustancial a los baby boomers, ni a las generaciones X o Y, ni a los millennials: comenzamos a mirar m\u00e1s hacia nosotros mismos en detrimento del bien com\u00fan hace m\u00e1s de 100 a\u00f1os.<\/p>\n<p>Este hecho desmiente t\u00f3picos, apuntan: \u00ab<em>S\u00ed, los j\u00f3venes de ahora son diferentes de las generaciones anteriores, pero esta percepci\u00f3n de las diferencias intergeneracionales es, en realidad es un fen\u00f3meno que se da en todas las etapas hist\u00f3ricas<\/em>\u00bb, concluyen. En otras palabras, \u00ab<em>siempre es lo mismo<\/em>\u00bb. Nos parecemos unos a otros mucho m\u00e1s de lo que creemos.<\/p>\n<p>\u00ab<em>El auge del individualismo que experiment\u00f3 Estados Unidos a finales del siglo XIX y de principios del siglo XX tuvo una magnitud similar en la sociedad de entonces a la que ahora tiene en la nuestra<\/em>\u00bb, recalcan los autores, que ahora extender\u00e1n sus investigaciones a otros pa\u00edses para analizar roles espec\u00edficos de otras culturas.<\/p>\n<p>seryhumano.com \/ Marga Castillo Grijota<\/p>\n<p>Fuente: expansion.com<\/p>\n","protected":false},"excerpt":{"rendered":"<p>\u00bfQu\u00e9 vuelve a la sociedad cada vez m\u00e1s individualista? \u00bfSon los millennials m\u00e1s ego\u00edstas que la generaci\u00f3n X o todo empez\u00f3 con los baby boomers? El estudio m\u00e1s ambicioso hasta ahora al respecto, realizado en Estados Unidos, explica por qu\u00e9 miramos ahora m\u00e1s hacia nosotros mismos y desmiente unas cuantas falacias. El primer estudio realizado&hellip;<\/p>\n","protected":false},"author":2,"featured_media":18645,"comment_status":"closed","ping_status":"closed","sticky":false,"template":"","format":"standard","meta":{"footnotes":""},"categories":[122,119],"tags":[143],"class_list":["post-18561","post","type-post","status-publish","format-standard","has-post-thumbnail","hentry","category-cultura","category-el-ser-y-yo","tag-concepto-del-proyecto","category-122","category-119","description-off"],"yoast_head":"<!-- This site is optimized with the Yoast SEO plugin v25.4 - https:\/\/yoast.com\/wordpress\/plugins\/seo\/ -->\n<title>\u00bfPor qu\u00e9 somos cada vez m\u00e1s individualistas?<\/title>\n<meta name=\"description\" content=\"\u00bfQu\u00e9 vuelve a la sociedad cada vez m\u00e1s individualista? \u00bfSon los millennials m\u00e1s ego\u00edstas que la generaci\u00f3n X o todo empez\u00f3 con los baby boomers? El estudio m\u00e1s ambicioso hasta ahora al respecto, realizado en Estados Unidos, explica por qu\u00e9 miramos ahora m\u00e1s hacia nosotros mismos y desmiente unas cuantas falacias.\" \/>\n<meta name=\"robots\" content=\"index, follow, max-snippet:-1, max-image-preview:large, max-video-preview:-1\" \/>\n<link rel=\"canonical\" href=\"https:\/\/seryhumano.com\/web\/?p=18561\" \/>\n<meta property=\"og:locale\" content=\"es_ES\" \/>\n<meta property=\"og:type\" content=\"article\" \/>\n<meta property=\"og:title\" content=\"\u00bfPor qu\u00e9 somos cada vez m\u00e1s individualistas?\" \/>\n<meta property=\"og:description\" content=\"\u00bfQu\u00e9 vuelve a la sociedad cada vez m\u00e1s individualista? \u00bfSon los millennials m\u00e1s ego\u00edstas que la generaci\u00f3n X o todo empez\u00f3 con los baby boomers? El estudio m\u00e1s ambicioso hasta ahora al respecto, realizado en Estados Unidos, explica por qu\u00e9 miramos ahora m\u00e1s hacia nosotros mismos y desmiente unas cuantas falacias.\" \/>\n<meta property=\"og:url\" content=\"https:\/\/seryhumano.com\/web\/?p=18561\" \/>\n<meta property=\"og:site_name\" content=\"SeryHumano.com\" \/>\n<meta property=\"article:publisher\" content=\"https:\/\/www.facebook.com\/seryhumano\/\" \/>\n<meta property=\"article:published_time\" content=\"2015-02-16T11:22:45+00:00\" \/>\n<meta property=\"article:modified_time\" content=\"2015-02-19T13:50:00+00:00\" \/>\n<meta property=\"og:image\" content=\"https:\/\/seryhumano.com\/web\/wp-content\/uploads\/2015\/02\/featureslider26.jpg\" \/>\n\t<meta property=\"og:image:width\" content=\"910\" \/>\n\t<meta property=\"og:image:height\" content=\"227\" \/>\n\t<meta property=\"og:image:type\" content=\"image\/jpeg\" \/>\n<meta name=\"author\" content=\"@herrera_yosmar\" \/>\n<meta name=\"twitter:card\" content=\"summary_large_image\" \/>\n<meta name=\"twitter:creator\" content=\"@SeryHumano\" \/>\n<meta name=\"twitter:site\" content=\"@SeryHumano\" \/>\n<meta name=\"twitter:label1\" content=\"Escrito por\" \/>\n\t<meta name=\"twitter:data1\" content=\"@herrera_yosmar\" \/>\n\t<meta name=\"twitter:label2\" content=\"Tiempo de lectura\" \/>\n\t<meta name=\"twitter:data2\" content=\"6 minutos\" \/>\n<script type=\"application\/ld+json\" class=\"yoast-schema-graph\">{\"@context\":\"https:\/\/schema.org\",\"@graph\":[{\"@type\":\"Article\",\"@id\":\"https:\/\/seryhumano.com\/web\/?p=18561#article\",\"isPartOf\":{\"@id\":\"https:\/\/seryhumano.com\/web\/?p=18561\"},\"author\":{\"name\":\"@herrera_yosmar\",\"@id\":\"https:\/\/seryhumano.com\/web\/#\/schema\/person\/fd30e8e0b394a62344b44d9b0fe75795\"},\"headline\":\"\u00bfPor qu\u00e9 somos cada vez m\u00e1s individualistas?\",\"datePublished\":\"2015-02-16T11:22:45+00:00\",\"dateModified\":\"2015-02-19T13:50:00+00:00\",\"mainEntityOfPage\":{\"@id\":\"https:\/\/seryhumano.com\/web\/?p=18561\"},\"wordCount\":1217,\"publisher\":{\"@id\":\"https:\/\/seryhumano.com\/web\/#organization\"},\"image\":{\"@id\":\"https:\/\/seryhumano.com\/web\/?p=18561#primaryimage\"},\"thumbnailUrl\":\"https:\/\/seryhumano.com\/web\/wp-content\/uploads\/2015\/02\/featureslider26.jpg\",\"keywords\":[\"Concepto del Proyecto\"],\"articleSection\":[\"Cultura del Ser\",\"El Ser y YO\"],\"inLanguage\":\"es\"},{\"@type\":\"WebPage\",\"@id\":\"https:\/\/seryhumano.com\/web\/?p=18561\",\"url\":\"https:\/\/seryhumano.com\/web\/?p=18561\",\"name\":\"\u00bfPor qu\u00e9 somos cada vez m\u00e1s individualistas?\",\"isPartOf\":{\"@id\":\"https:\/\/seryhumano.com\/web\/#website\"},\"primaryImageOfPage\":{\"@id\":\"https:\/\/seryhumano.com\/web\/?p=18561#primaryimage\"},\"image\":{\"@id\":\"https:\/\/seryhumano.com\/web\/?p=18561#primaryimage\"},\"thumbnailUrl\":\"https:\/\/seryhumano.com\/web\/wp-content\/uploads\/2015\/02\/featureslider26.jpg\",\"datePublished\":\"2015-02-16T11:22:45+00:00\",\"dateModified\":\"2015-02-19T13:50:00+00:00\",\"description\":\"\u00bfQu\u00e9 vuelve a la sociedad cada vez m\u00e1s individualista? \u00bfSon los millennials m\u00e1s ego\u00edstas que la generaci\u00f3n X o todo empez\u00f3 con los baby boomers? El estudio m\u00e1s ambicioso hasta ahora al respecto, realizado en Estados Unidos, explica por qu\u00e9 miramos ahora m\u00e1s hacia nosotros mismos y desmiente unas cuantas falacias.\",\"breadcrumb\":{\"@id\":\"https:\/\/seryhumano.com\/web\/?p=18561#breadcrumb\"},\"inLanguage\":\"es\",\"potentialAction\":[{\"@type\":\"ReadAction\",\"target\":[\"https:\/\/seryhumano.com\/web\/?p=18561\"]}]},{\"@type\":\"ImageObject\",\"inLanguage\":\"es\",\"@id\":\"https:\/\/seryhumano.com\/web\/?p=18561#primaryimage\",\"url\":\"https:\/\/seryhumano.com\/web\/wp-content\/uploads\/2015\/02\/featureslider26.jpg\",\"contentUrl\":\"https:\/\/seryhumano.com\/web\/wp-content\/uploads\/2015\/02\/featureslider26.jpg\",\"width\":910,\"height\":227},{\"@type\":\"BreadcrumbList\",\"@id\":\"https:\/\/seryhumano.com\/web\/?p=18561#breadcrumb\",\"itemListElement\":[{\"@type\":\"ListItem\",\"position\":1,\"name\":\"Portada\",\"item\":\"https:\/\/seryhumano.com\/web\/\"},{\"@type\":\"ListItem\",\"position\":2,\"name\":\"\u00bfPor qu\u00e9 somos cada vez m\u00e1s individualistas?\"}]},{\"@type\":\"WebSite\",\"@id\":\"https:\/\/seryhumano.com\/web\/#website\",\"url\":\"https:\/\/seryhumano.com\/web\/\",\"name\":\"SeryHumano.com\",\"description\":\"Revista digital muy humana, donde lo mas importante es el Ser...\",\"publisher\":{\"@id\":\"https:\/\/seryhumano.com\/web\/#organization\"},\"potentialAction\":[{\"@type\":\"SearchAction\",\"target\":{\"@type\":\"EntryPoint\",\"urlTemplate\":\"https:\/\/seryhumano.com\/web\/?s={search_term_string}\"},\"query-input\":{\"@type\":\"PropertyValueSpecification\",\"valueRequired\":true,\"valueName\":\"search_term_string\"}}],\"inLanguage\":\"es\"},{\"@type\":\"Organization\",\"@id\":\"https:\/\/seryhumano.com\/web\/#organization\",\"name\":\"SeryHumano.com\",\"url\":\"https:\/\/seryhumano.com\/web\/\",\"logo\":{\"@type\":\"ImageObject\",\"inLanguage\":\"es\",\"@id\":\"https:\/\/seryhumano.com\/web\/#\/schema\/logo\/image\/\",\"url\":\"https:\/\/seryhumano.com\/web\/wp-content\/uploads\/2020\/02\/JNe5VRwH_400x400-2.jpg\",\"contentUrl\":\"https:\/\/seryhumano.com\/web\/wp-content\/uploads\/2020\/02\/JNe5VRwH_400x400-2.jpg\",\"width\":400,\"height\":400,\"caption\":\"SeryHumano.com\"},\"image\":{\"@id\":\"https:\/\/seryhumano.com\/web\/#\/schema\/logo\/image\/\"},\"sameAs\":[\"https:\/\/www.facebook.com\/seryhumano\/\",\"https:\/\/x.com\/SeryHumano\",\"https:\/\/www.instagram.com\/seryhumano\/\",\"https:\/\/www.linkedin.com\/company\/seryhumano-com\/\",\"https:\/\/www.youtube.com\/channel\/UCYfgIGSxygVnJAW0e9ZBZWg\"]},{\"@type\":\"Person\",\"@id\":\"https:\/\/seryhumano.com\/web\/#\/schema\/person\/fd30e8e0b394a62344b44d9b0fe75795\",\"name\":\"@herrera_yosmar\",\"description\":\"Eterna enamorada de la vida, comunicadora, mam\u00e1 de tres\",\"sameAs\":[\"http:\/\/seryhumano.com\"],\"url\":\"https:\/\/seryhumano.com\/web\/?author=2\"}]}<\/script>\n<!-- \/ Yoast SEO plugin. -->","yoast_head_json":{"title":"\u00bfPor qu\u00e9 somos cada vez m\u00e1s individualistas?","description":"\u00bfQu\u00e9 vuelve a la sociedad cada vez m\u00e1s individualista? \u00bfSon los millennials m\u00e1s ego\u00edstas que la generaci\u00f3n X o todo empez\u00f3 con los baby boomers? El estudio m\u00e1s ambicioso hasta ahora al respecto, realizado en Estados Unidos, explica por qu\u00e9 miramos ahora m\u00e1s hacia nosotros mismos y desmiente unas cuantas falacias.","robots":{"index":"index","follow":"follow","max-snippet":"max-snippet:-1","max-image-preview":"max-image-preview:large","max-video-preview":"max-video-preview:-1"},"canonical":"https:\/\/seryhumano.com\/web\/?p=18561","og_locale":"es_ES","og_type":"article","og_title":"\u00bfPor qu\u00e9 somos cada vez m\u00e1s individualistas?","og_description":"\u00bfQu\u00e9 vuelve a la sociedad cada vez m\u00e1s individualista? \u00bfSon los millennials m\u00e1s ego\u00edstas que la generaci\u00f3n X o todo empez\u00f3 con los baby boomers? El estudio m\u00e1s ambicioso hasta ahora al respecto, realizado en Estados Unidos, explica por qu\u00e9 miramos ahora m\u00e1s hacia nosotros mismos y desmiente unas cuantas falacias.","og_url":"https:\/\/seryhumano.com\/web\/?p=18561","og_site_name":"SeryHumano.com","article_publisher":"https:\/\/www.facebook.com\/seryhumano\/","article_published_time":"2015-02-16T11:22:45+00:00","article_modified_time":"2015-02-19T13:50:00+00:00","og_image":[{"width":910,"height":227,"url":"https:\/\/seryhumano.com\/web\/wp-content\/uploads\/2015\/02\/featureslider26.jpg","type":"image\/jpeg"}],"author":"@herrera_yosmar","twitter_card":"summary_large_image","twitter_creator":"@SeryHumano","twitter_site":"@SeryHumano","twitter_misc":{"Escrito por":"@herrera_yosmar","Tiempo de lectura":"6 minutos"},"schema":{"@context":"https:\/\/schema.org","@graph":[{"@type":"Article","@id":"https:\/\/seryhumano.com\/web\/?p=18561#article","isPartOf":{"@id":"https:\/\/seryhumano.com\/web\/?p=18561"},"author":{"name":"@herrera_yosmar","@id":"https:\/\/seryhumano.com\/web\/#\/schema\/person\/fd30e8e0b394a62344b44d9b0fe75795"},"headline":"\u00bfPor qu\u00e9 somos cada vez m\u00e1s individualistas?","datePublished":"2015-02-16T11:22:45+00:00","dateModified":"2015-02-19T13:50:00+00:00","mainEntityOfPage":{"@id":"https:\/\/seryhumano.com\/web\/?p=18561"},"wordCount":1217,"publisher":{"@id":"https:\/\/seryhumano.com\/web\/#organization"},"image":{"@id":"https:\/\/seryhumano.com\/web\/?p=18561#primaryimage"},"thumbnailUrl":"https:\/\/seryhumano.com\/web\/wp-content\/uploads\/2015\/02\/featureslider26.jpg","keywords":["Concepto del Proyecto"],"articleSection":["Cultura del Ser","El Ser y YO"],"inLanguage":"es"},{"@type":"WebPage","@id":"https:\/\/seryhumano.com\/web\/?p=18561","url":"https:\/\/seryhumano.com\/web\/?p=18561","name":"\u00bfPor qu\u00e9 somos cada vez m\u00e1s individualistas?","isPartOf":{"@id":"https:\/\/seryhumano.com\/web\/#website"},"primaryImageOfPage":{"@id":"https:\/\/seryhumano.com\/web\/?p=18561#primaryimage"},"image":{"@id":"https:\/\/seryhumano.com\/web\/?p=18561#primaryimage"},"thumbnailUrl":"https:\/\/seryhumano.com\/web\/wp-content\/uploads\/2015\/02\/featureslider26.jpg","datePublished":"2015-02-16T11:22:45+00:00","dateModified":"2015-02-19T13:50:00+00:00","description":"\u00bfQu\u00e9 vuelve a la sociedad cada vez m\u00e1s individualista? \u00bfSon los millennials m\u00e1s ego\u00edstas que la generaci\u00f3n X o todo empez\u00f3 con los baby boomers? El estudio m\u00e1s ambicioso hasta ahora al respecto, realizado en Estados Unidos, explica por qu\u00e9 miramos ahora m\u00e1s hacia nosotros mismos y desmiente unas cuantas falacias.","breadcrumb":{"@id":"https:\/\/seryhumano.com\/web\/?p=18561#breadcrumb"},"inLanguage":"es","potentialAction":[{"@type":"ReadAction","target":["https:\/\/seryhumano.com\/web\/?p=18561"]}]},{"@type":"ImageObject","inLanguage":"es","@id":"https:\/\/seryhumano.com\/web\/?p=18561#primaryimage","url":"https:\/\/seryhumano.com\/web\/wp-content\/uploads\/2015\/02\/featureslider26.jpg","contentUrl":"https:\/\/seryhumano.com\/web\/wp-content\/uploads\/2015\/02\/featureslider26.jpg","width":910,"height":227},{"@type":"BreadcrumbList","@id":"https:\/\/seryhumano.com\/web\/?p=18561#breadcrumb","itemListElement":[{"@type":"ListItem","position":1,"name":"Portada","item":"https:\/\/seryhumano.com\/web\/"},{"@type":"ListItem","position":2,"name":"\u00bfPor qu\u00e9 somos cada vez m\u00e1s individualistas?"}]},{"@type":"WebSite","@id":"https:\/\/seryhumano.com\/web\/#website","url":"https:\/\/seryhumano.com\/web\/","name":"SeryHumano.com","description":"Revista digital muy humana, donde lo mas importante es el Ser...","publisher":{"@id":"https:\/\/seryhumano.com\/web\/#organization"},"potentialAction":[{"@type":"SearchAction","target":{"@type":"EntryPoint","urlTemplate":"https:\/\/seryhumano.com\/web\/?s={search_term_string}"},"query-input":{"@type":"PropertyValueSpecification","valueRequired":true,"valueName":"search_term_string"}}],"inLanguage":"es"},{"@type":"Organization","@id":"https:\/\/seryhumano.com\/web\/#organization","name":"SeryHumano.com","url":"https:\/\/seryhumano.com\/web\/","logo":{"@type":"ImageObject","inLanguage":"es","@id":"https:\/\/seryhumano.com\/web\/#\/schema\/logo\/image\/","url":"https:\/\/seryhumano.com\/web\/wp-content\/uploads\/2020\/02\/JNe5VRwH_400x400-2.jpg","contentUrl":"https:\/\/seryhumano.com\/web\/wp-content\/uploads\/2020\/02\/JNe5VRwH_400x400-2.jpg","width":400,"height":400,"caption":"SeryHumano.com"},"image":{"@id":"https:\/\/seryhumano.com\/web\/#\/schema\/logo\/image\/"},"sameAs":["https:\/\/www.facebook.com\/seryhumano\/","https:\/\/x.com\/SeryHumano","https:\/\/www.instagram.com\/seryhumano\/","https:\/\/www.linkedin.com\/company\/seryhumano-com\/","https:\/\/www.youtube.com\/channel\/UCYfgIGSxygVnJAW0e9ZBZWg"]},{"@type":"Person","@id":"https:\/\/seryhumano.com\/web\/#\/schema\/person\/fd30e8e0b394a62344b44d9b0fe75795","name":"@herrera_yosmar","description":"Eterna enamorada de la vida, comunicadora, mam\u00e1 de tres","sameAs":["http:\/\/seryhumano.com"],"url":"https:\/\/seryhumano.com\/web\/?author=2"}]}},"_links":{"self":[{"href":"https:\/\/seryhumano.com\/web\/index.php?rest_route=\/wp\/v2\/posts\/18561","targetHints":{"allow":["GET"]}}],"collection":[{"href":"https:\/\/seryhumano.com\/web\/index.php?rest_route=\/wp\/v2\/posts"}],"about":[{"href":"https:\/\/seryhumano.com\/web\/index.php?rest_route=\/wp\/v2\/types\/post"}],"author":[{"embeddable":true,"href":"https:\/\/seryhumano.com\/web\/index.php?rest_route=\/wp\/v2\/users\/2"}],"replies":[{"embeddable":true,"href":"https:\/\/seryhumano.com\/web\/index.php?rest_route=%2Fwp%2Fv2%2Fcomments&post=18561"}],"version-history":[{"count":0,"href":"https:\/\/seryhumano.com\/web\/index.php?rest_route=\/wp\/v2\/posts\/18561\/revisions"}],"wp:featuredmedia":[{"embeddable":true,"href":"https:\/\/seryhumano.com\/web\/index.php?rest_route=\/wp\/v2\/media\/18645"}],"wp:attachment":[{"href":"https:\/\/seryhumano.com\/web\/index.php?rest_route=%2Fwp%2Fv2%2Fmedia&parent=18561"}],"wp:term":[{"taxonomy":"category","embeddable":true,"href":"https:\/\/seryhumano.com\/web\/index.php?rest_route=%2Fwp%2Fv2%2Fcategories&post=18561"},{"taxonomy":"post_tag","embeddable":true,"href":"https:\/\/seryhumano.com\/web\/index.php?rest_route=%2Fwp%2Fv2%2Ftags&post=18561"}],"curies":[{"name":"wp","href":"https:\/\/api.w.org\/{rel}","templated":true}]}}