{"id":18900,"date":"2015-03-09T05:09:49","date_gmt":"2015-03-09T09:39:49","guid":{"rendered":"https:\/\/seryhumano.com\/web\/?p=18900"},"modified":"2015-03-10T09:55:08","modified_gmt":"2015-03-10T14:25:08","slug":"la-comunidad-la-nueva-forma-organizativa-que-define-al-lider","status":"publish","type":"post","link":"https:\/\/seryhumano.com\/web\/?p=18900","title":{"rendered":"La comunidad: la nueva forma organizativa que define al l\u00edder"},"content":{"rendered":"<p>Dicen que un d\u00eda nos despertaremos y descubriremos que las organizaciones ya no ser\u00e1n lo que eran. Dicen que en esas nuevas organizaciones que se acercan a elevada velocidad la jerarqu\u00eda ya no ser\u00e1 tan importante, que los l\u00edmites de las \u00e1reas organizativas ser\u00e1n m\u00e1s difusos, que los proyectos har\u00e1n las estructuras m\u00e1s temporales y habr\u00e1n ocupado buena parte de eso que ahora denominamos organigrama. Y dicen que tendremos que liderar tribus mediante redarqu\u00eda, que todos seremos l\u00edderes distribuidos en una nueva forma de unidad organizativa: <strong>la comunidad.<a href=\"https:\/\/seryhumano.com\/web\/?attachment_id=18902\" rel=\"attachment wp-att-18902\"><img loading=\"lazy\" decoding=\"async\" class=\"alignright size-full wp-image-18902\" src=\"https:\/\/seryhumano.com\/web\/wp-content\/uploads\/2015\/03\/la-comunidad1.jpg\" alt=\"la comunidad1\" width=\"276\" height=\"182\" \/><\/a><\/strong><\/p>\n<p>Eso que denominamos futuro se nos acerca cada d\u00eda con \u201c<em>peque\u00f1os cambios<\/em>\u201d dif\u00edciles de percibir, pero que un d\u00eda con sorpresa descubrimos cuando miramos atr\u00e1s.<\/p>\n<p>Hoy s\u00f3lo podemos imaginar esos cambios. Pero si como dicen ese ser\u00e1 nuestro futuro organizativo \u00bfCu\u00e1l ser\u00e1 el futuro del l\u00edder en las comunidades? \u00bfCu\u00e1l ser\u00e1 el principal el rol directivo?<\/p>\n<p><strong>La comunidad: la cara invisible de las organizaciones<\/strong><\/p>\n<p>Todos sabemos que las organizaciones no son lo que los organigramas nos parecen mostrar. Hace muchos a\u00f1os que se habla de las organizaciones informales o si se quiere de \u201c<em>tribus organizativas<\/em>\u201d. Seg\u00fan Berenguer el tribalismo corporativo se da cuando los miembros de un grupo se alinean e identifican entre ellos, de manera que no consiguen ver la organizaci\u00f3n como un todo. Las tribus corporativas lo conforman grupos que est\u00e1n conectados unas con otros, conectadas a un l\u00edder y una idea. Un concepto similar a la que aplica Seth Godin cuando habla \u201c<em>tribus\u201d sociales: uni\u00f3n personal entre ellos, un conjunto de ideas comunes y un l\u00edder\u201d.<\/em><\/p>\n<p>Pero probablemente el t\u00e9rmino m\u00e1s preciso para entender esta nueva realidad organizativa sea la de \u201c<strong>Comunidad<\/strong>\u201d.\u00a0 El concepto de comunidad est\u00e1 llamado a tener m\u00e1s importancia en las nuevas organizaciones adhocr\u00e1ticas o adaptativas que tienen personas con ideolog\u00edas profesionales propias, que se mover\u00e1n m\u00e1s por valores profesionales e ideas que por \u00f3rdenes y procedimientos. Quiz\u00e1s tal y como nos dice Jos\u00e9 Baldaia en el \u201c<em>futuro los proyectos y las comunidades ser\u00e1n nuestro trabajo\u201d\u00b7<a href=\"https:\/\/seryhumano.com\/web\/?attachment_id=18901\" rel=\"attachment wp-att-18901\"><img loading=\"lazy\" decoding=\"async\" class=\"alignright size-full wp-image-18901\" src=\"https:\/\/seryhumano.com\/web\/wp-content\/uploads\/2015\/03\/la-comunidad.jpg\" alt=\"la comunidad\" width=\"276\" height=\"183\" \/><\/a><\/em><\/p>\n<p>Quiz\u00e1s sea cierto que tal como nos dice desde la teor\u00eda sociol\u00f3gica Granovetter deberemos dar m\u00e1s importancia en nuestras organizaciones a \u201c<em>la fuerza de los v\u00ednculos d\u00e9biles\u201d<\/em>. Y quiz\u00e1s deberemos dar m\u00e1s importancia a otra forma de observar la realidad: pensar m\u00e1s en nodos y en redes que en puestos y organigramas y en comunidades en lugar de \u00e1reas organizativas.<\/p>\n<p><strong>El l\u00edder de la comunidad, es un l\u00edder de l\u00edderes<\/strong><\/p>\n<p>Aunque los organigramas no desaparezcan parece absurdo no fijarnos en una nueva realidad organizativa porque no sabemos escribirla bien en un papel. De hecho las comunidades ya existen en nuestras organizaciones aunque no sepamos dibujarlas, lo que cambia es su importancia y como estas configuran el rol del l\u00edder.<\/p>\n<p>El mundo hacia donde vamos es un mundo donde tendr\u00e1 m\u00e1s importancia la comunidad y necesitaremos otras tecnolog\u00edas para representarlas el ARS (An\u00e1lisis de Redes Sociales) y para medir el liderazgo.<\/p>\n<p>Su representaci\u00f3n en realidad es igual de simple s\u00f3lo hay que cambiar cajas y rayas (organigramas), por c\u00edrculos y flechas (nodos y redes): el l\u00edder es un nodo especial con muchas m\u00e1s flechas en un entorno de nodos que denominamos comunidad.<\/p>\n<p>Aunque para algunos directivos sea m\u00e1s c\u00f3modo ignorar la realidad y admirar el \u201c<em>orden<\/em>\u201d que s\u00f3lo existe en los papeles conocidos, para otros no ser\u00e1 as\u00ed y estos se plantear\u00e1n en este tipo de entornos m\u00e1s complejos \u00bfcu\u00e1l es la misi\u00f3n del l\u00edder? Y por lo que parece la nueva misi\u00f3n del l\u00edder ser\u00e1 liderar comunidades mediante la influencia de sus ideas.<a href=\"https:\/\/seryhumano.com\/web\/?attachment_id=18908\" rel=\"attachment wp-att-18908\"><img loading=\"lazy\" decoding=\"async\" class=\"alignright size-full wp-image-18908\" src=\"https:\/\/seryhumano.com\/web\/wp-content\/uploads\/2015\/03\/comunidad4.gif\" alt=\"comunidad4\" width=\"475\" height=\"395\" \/><\/a><\/p>\n<p>Aunque son muchas las claves de \u00e9xito de la comunidad probablemente lo que m\u00e1s esfuerzo deber\u00e1 dedicar a este nuevo l\u00edder es crear colaboraci\u00f3n, en crear esp\u00edritu de Equipo: porque los equipos llegan m\u00e1s lejos, son m\u00e1s innovadores y por tanto tienen mejores resultados. Y eso pasa por ayudar a crear v\u00ednculos emocionales potentes entre los miembros de la comunidad: la inteligencia colectiva es inteligencia emocional.<\/p>\n<p>La otra clave del \u00e9xito en la \u201c<em>tribu<\/em>\u201d es saber que est\u00e1 liderando l\u00edderes en red: ning\u00fan <em>ser humano<\/em> ser\u00e1 tan inteligente para poder sustituir la inteligencia colectiva. A eso se ha llamado liderazgo distribuido, donde\u00a0 la clave del \u00e9xito es que otros lideren.<\/p>\n<p><strong>La tecnolog\u00eda como potenciador del Liderazgo distribuido<\/strong><\/p>\n<p>Charlene Li \u00a0afirma en su libro Open Leadership. How social technology can transform the way you lead que las tecnolog\u00edas sociales cambiar\u00e1n de forma en la que lideramos. Lo cierto es que la necesidad de compartir conocimiento y contrastar ideas dentro de la comunidad har\u00e1 que este tipo de herramientas sociales se impongan y ello actuar\u00e1 como un desencadenante m\u00e1s para que el tipo de liderazgo cambie y har\u00e1 m\u00e1s f\u00e1cil medir la comunidad e incluso representarla y medirla num\u00e9ricamente.<a href=\"https:\/\/seryhumano.com\/web\/?attachment_id=18904\" rel=\"attachment wp-att-18904\"><img loading=\"lazy\" decoding=\"async\" class=\"alignright size-full wp-image-18904\" src=\"https:\/\/seryhumano.com\/web\/wp-content\/uploads\/2015\/03\/comunidad2.jpg\" alt=\"comunidad2\" width=\"240\" height=\"160\" \/><\/a><\/p>\n<p>El liderazgo es influencia, por eso ya no s\u00f3lo se medir\u00e1 por tu posici\u00f3n en el organigrama sino por tu posici\u00f3n como nodo, por tu capacidad de influencia en los dem\u00e1s. El liderazgo lo determinar\u00e1 la influencia en los nodos de calidad de tu comunidad que puede ser s\u00f3lo interna a tu organizaci\u00f3n o donde puede haber nodos externos.<\/p>\n<p>Los l\u00edderes ser\u00e1n l\u00edderes de ideas, crear\u00e1n ideolog\u00edas y formas de ver la realidad y crear\u00e1n entorno a ellos \u201c<em>comunidades<\/em>\u201d: al l\u00edder lo definir\u00e1 su comunidad. Los l\u00edderes crear\u00e1n comunidades y querr\u00e1n apropiarse de ellas.<\/p>\n<p>Mientras tanto como directivo puedes seguir esperando a que el futuro llegue, como casi siempre por la puerta de atr\u00e1s, pero esta vez cuando te tropieces con \u00e9l ya no podr\u00e1s decir que nadie te ha avisado. Pero tambi\u00e9n te puede hacer algunas preguntas\u00a0 \u00bfQu\u00e9 comunidades hay ahora en tu organizaci\u00f3n? \u00bfCu\u00e1les tendr\u00e1n m\u00e1s importancia? \u00bfQu\u00e9 deber\u00edas hacer para liderarlas? Quiz\u00e1s son estas las preguntas que deber\u00edas estar haci\u00e9ndote o quiz\u00e1s no \u00bfQu\u00e9 opinas?.<\/p>\n<p>seryhumano.com \/ Virginio Gallardo Yebra<\/p>\n<p>Fuente: supervivenciadirectiva.com<\/p>\n","protected":false},"excerpt":{"rendered":"<p>Dicen que un d\u00eda nos despertaremos y descubriremos que las organizaciones ya no ser\u00e1n lo que eran. Dicen que en esas nuevas organizaciones que se acercan a elevada velocidad la jerarqu\u00eda ya no ser\u00e1 tan importante, que los l\u00edmites de las \u00e1reas organizativas ser\u00e1n m\u00e1s difusos, que los proyectos har\u00e1n las estructuras m\u00e1s temporales y&hellip;<\/p>\n","protected":false},"author":2,"featured_media":18937,"comment_status":"closed","ping_status":"closed","sticky":false,"template":"","format":"standard","meta":{"footnotes":""},"categories":[127],"tags":[143],"class_list":["post-18900","post","type-post","status-publish","format-standard","has-post-thumbnail","hentry","category-corporativo","tag-concepto-del-proyecto","category-127","description-off"],"yoast_head":"<!-- This site is optimized with the Yoast SEO plugin v25.4 - https:\/\/yoast.com\/wordpress\/plugins\/seo\/ -->\n<title>La comunidad: la nueva forma organizativa que define al l\u00edder<\/title>\n<meta name=\"description\" content=\"Dicen que un d\u00eda nos despertaremos y descubriremos que las organizaciones ya no ser\u00e1n lo que eran. Dicen que en esas nuevas organizaciones que se acercan a elevada velocidad la jerarqu\u00eda ya no ser\u00e1 tan importante, que los l\u00edmites de las \u00e1reas organizativas ser\u00e1n m\u00e1s difusos, que los proyectos har\u00e1n las estructuras m\u00e1s temporales y habr\u00e1n ocupado buena parte de eso que ahora denominamos organigrama.\" \/>\n<meta name=\"robots\" content=\"index, follow, max-snippet:-1, max-image-preview:large, max-video-preview:-1\" \/>\n<link rel=\"canonical\" href=\"https:\/\/seryhumano.com\/web\/?p=18900\" \/>\n<meta property=\"og:locale\" content=\"es_ES\" \/>\n<meta property=\"og:type\" content=\"article\" \/>\n<meta property=\"og:title\" content=\"La comunidad: la nueva forma organizativa que define al l\u00edder\" \/>\n<meta property=\"og:description\" content=\"Dicen que un d\u00eda nos despertaremos y descubriremos que las organizaciones ya no ser\u00e1n lo que eran. Dicen que en esas nuevas organizaciones que se acercan a elevada velocidad la jerarqu\u00eda ya no ser\u00e1 tan importante, que los l\u00edmites de las \u00e1reas organizativas ser\u00e1n m\u00e1s difusos, que los proyectos har\u00e1n las estructuras m\u00e1s temporales y habr\u00e1n ocupado buena parte de eso que ahora denominamos organigrama.\" \/>\n<meta property=\"og:url\" content=\"https:\/\/seryhumano.com\/web\/?p=18900\" \/>\n<meta property=\"og:site_name\" content=\"SeryHumano.com\" \/>\n<meta property=\"article:publisher\" content=\"https:\/\/www.facebook.com\/seryhumano\/\" \/>\n<meta property=\"article:published_time\" content=\"2015-03-09T09:39:49+00:00\" \/>\n<meta property=\"article:modified_time\" content=\"2015-03-10T14:25:08+00:00\" \/>\n<meta property=\"og:image\" content=\"https:\/\/seryhumano.com\/web\/wp-content\/uploads\/2015\/03\/featureslider2.jpg\" \/>\n\t<meta property=\"og:image:width\" content=\"910\" \/>\n\t<meta property=\"og:image:height\" content=\"227\" \/>\n\t<meta property=\"og:image:type\" content=\"image\/jpeg\" \/>\n<meta name=\"author\" content=\"@herrera_yosmar\" \/>\n<meta name=\"twitter:card\" content=\"summary_large_image\" \/>\n<meta name=\"twitter:creator\" content=\"@SeryHumano\" \/>\n<meta name=\"twitter:site\" content=\"@SeryHumano\" \/>\n<meta name=\"twitter:label1\" content=\"Escrito por\" \/>\n\t<meta name=\"twitter:data1\" content=\"@herrera_yosmar\" \/>\n\t<meta name=\"twitter:label2\" content=\"Tiempo de lectura\" \/>\n\t<meta name=\"twitter:data2\" content=\"5 minutos\" \/>\n<script type=\"application\/ld+json\" class=\"yoast-schema-graph\">{\"@context\":\"https:\/\/schema.org\",\"@graph\":[{\"@type\":\"Article\",\"@id\":\"https:\/\/seryhumano.com\/web\/?p=18900#article\",\"isPartOf\":{\"@id\":\"https:\/\/seryhumano.com\/web\/?p=18900\"},\"author\":{\"name\":\"@herrera_yosmar\",\"@id\":\"https:\/\/seryhumano.com\/web\/#\/schema\/person\/fd30e8e0b394a62344b44d9b0fe75795\"},\"headline\":\"La comunidad: la nueva forma organizativa que define al l\u00edder\",\"datePublished\":\"2015-03-09T09:39:49+00:00\",\"dateModified\":\"2015-03-10T14:25:08+00:00\",\"mainEntityOfPage\":{\"@id\":\"https:\/\/seryhumano.com\/web\/?p=18900\"},\"wordCount\":1078,\"publisher\":{\"@id\":\"https:\/\/seryhumano.com\/web\/#organization\"},\"image\":{\"@id\":\"https:\/\/seryhumano.com\/web\/?p=18900#primaryimage\"},\"thumbnailUrl\":\"https:\/\/seryhumano.com\/web\/wp-content\/uploads\/2015\/03\/featureslider2.jpg\",\"keywords\":[\"Concepto del Proyecto\"],\"articleSection\":[\"Ser Corporativo\"],\"inLanguage\":\"es\"},{\"@type\":\"WebPage\",\"@id\":\"https:\/\/seryhumano.com\/web\/?p=18900\",\"url\":\"https:\/\/seryhumano.com\/web\/?p=18900\",\"name\":\"La comunidad: la nueva forma organizativa que define al l\u00edder\",\"isPartOf\":{\"@id\":\"https:\/\/seryhumano.com\/web\/#website\"},\"primaryImageOfPage\":{\"@id\":\"https:\/\/seryhumano.com\/web\/?p=18900#primaryimage\"},\"image\":{\"@id\":\"https:\/\/seryhumano.com\/web\/?p=18900#primaryimage\"},\"thumbnailUrl\":\"https:\/\/seryhumano.com\/web\/wp-content\/uploads\/2015\/03\/featureslider2.jpg\",\"datePublished\":\"2015-03-09T09:39:49+00:00\",\"dateModified\":\"2015-03-10T14:25:08+00:00\",\"description\":\"Dicen que un d\u00eda nos despertaremos y descubriremos que las organizaciones ya no ser\u00e1n lo que eran. Dicen que en esas nuevas organizaciones que se acercan a elevada velocidad la jerarqu\u00eda ya no ser\u00e1 tan importante, que los l\u00edmites de las \u00e1reas organizativas ser\u00e1n m\u00e1s difusos, que los proyectos har\u00e1n las estructuras m\u00e1s temporales y habr\u00e1n ocupado buena parte de eso que ahora denominamos organigrama.\",\"breadcrumb\":{\"@id\":\"https:\/\/seryhumano.com\/web\/?p=18900#breadcrumb\"},\"inLanguage\":\"es\",\"potentialAction\":[{\"@type\":\"ReadAction\",\"target\":[\"https:\/\/seryhumano.com\/web\/?p=18900\"]}]},{\"@type\":\"ImageObject\",\"inLanguage\":\"es\",\"@id\":\"https:\/\/seryhumano.com\/web\/?p=18900#primaryimage\",\"url\":\"https:\/\/seryhumano.com\/web\/wp-content\/uploads\/2015\/03\/featureslider2.jpg\",\"contentUrl\":\"https:\/\/seryhumano.com\/web\/wp-content\/uploads\/2015\/03\/featureslider2.jpg\",\"width\":910,\"height\":227},{\"@type\":\"BreadcrumbList\",\"@id\":\"https:\/\/seryhumano.com\/web\/?p=18900#breadcrumb\",\"itemListElement\":[{\"@type\":\"ListItem\",\"position\":1,\"name\":\"Portada\",\"item\":\"https:\/\/seryhumano.com\/web\/\"},{\"@type\":\"ListItem\",\"position\":2,\"name\":\"La comunidad: la nueva forma organizativa que define al l\u00edder\"}]},{\"@type\":\"WebSite\",\"@id\":\"https:\/\/seryhumano.com\/web\/#website\",\"url\":\"https:\/\/seryhumano.com\/web\/\",\"name\":\"SeryHumano.com\",\"description\":\"Revista digital muy humana, donde lo mas importante es el Ser...\",\"publisher\":{\"@id\":\"https:\/\/seryhumano.com\/web\/#organization\"},\"potentialAction\":[{\"@type\":\"SearchAction\",\"target\":{\"@type\":\"EntryPoint\",\"urlTemplate\":\"https:\/\/seryhumano.com\/web\/?s={search_term_string}\"},\"query-input\":{\"@type\":\"PropertyValueSpecification\",\"valueRequired\":true,\"valueName\":\"search_term_string\"}}],\"inLanguage\":\"es\"},{\"@type\":\"Organization\",\"@id\":\"https:\/\/seryhumano.com\/web\/#organization\",\"name\":\"SeryHumano.com\",\"url\":\"https:\/\/seryhumano.com\/web\/\",\"logo\":{\"@type\":\"ImageObject\",\"inLanguage\":\"es\",\"@id\":\"https:\/\/seryhumano.com\/web\/#\/schema\/logo\/image\/\",\"url\":\"https:\/\/seryhumano.com\/web\/wp-content\/uploads\/2020\/02\/JNe5VRwH_400x400-2.jpg\",\"contentUrl\":\"https:\/\/seryhumano.com\/web\/wp-content\/uploads\/2020\/02\/JNe5VRwH_400x400-2.jpg\",\"width\":400,\"height\":400,\"caption\":\"SeryHumano.com\"},\"image\":{\"@id\":\"https:\/\/seryhumano.com\/web\/#\/schema\/logo\/image\/\"},\"sameAs\":[\"https:\/\/www.facebook.com\/seryhumano\/\",\"https:\/\/x.com\/SeryHumano\",\"https:\/\/www.instagram.com\/seryhumano\/\",\"https:\/\/www.linkedin.com\/company\/seryhumano-com\/\",\"https:\/\/www.youtube.com\/channel\/UCYfgIGSxygVnJAW0e9ZBZWg\"]},{\"@type\":\"Person\",\"@id\":\"https:\/\/seryhumano.com\/web\/#\/schema\/person\/fd30e8e0b394a62344b44d9b0fe75795\",\"name\":\"@herrera_yosmar\",\"description\":\"Eterna enamorada de la vida, comunicadora, mam\u00e1 de tres\",\"sameAs\":[\"http:\/\/seryhumano.com\"],\"url\":\"https:\/\/seryhumano.com\/web\/?author=2\"}]}<\/script>\n<!-- \/ Yoast SEO plugin. -->","yoast_head_json":{"title":"La comunidad: la nueva forma organizativa que define al l\u00edder","description":"Dicen que un d\u00eda nos despertaremos y descubriremos que las organizaciones ya no ser\u00e1n lo que eran. Dicen que en esas nuevas organizaciones que se acercan a elevada velocidad la jerarqu\u00eda ya no ser\u00e1 tan importante, que los l\u00edmites de las \u00e1reas organizativas ser\u00e1n m\u00e1s difusos, que los proyectos har\u00e1n las estructuras m\u00e1s temporales y habr\u00e1n ocupado buena parte de eso que ahora denominamos organigrama.","robots":{"index":"index","follow":"follow","max-snippet":"max-snippet:-1","max-image-preview":"max-image-preview:large","max-video-preview":"max-video-preview:-1"},"canonical":"https:\/\/seryhumano.com\/web\/?p=18900","og_locale":"es_ES","og_type":"article","og_title":"La comunidad: la nueva forma organizativa que define al l\u00edder","og_description":"Dicen que un d\u00eda nos despertaremos y descubriremos que las organizaciones ya no ser\u00e1n lo que eran. Dicen que en esas nuevas organizaciones que se acercan a elevada velocidad la jerarqu\u00eda ya no ser\u00e1 tan importante, que los l\u00edmites de las \u00e1reas organizativas ser\u00e1n m\u00e1s difusos, que los proyectos har\u00e1n las estructuras m\u00e1s temporales y habr\u00e1n ocupado buena parte de eso que ahora denominamos organigrama.","og_url":"https:\/\/seryhumano.com\/web\/?p=18900","og_site_name":"SeryHumano.com","article_publisher":"https:\/\/www.facebook.com\/seryhumano\/","article_published_time":"2015-03-09T09:39:49+00:00","article_modified_time":"2015-03-10T14:25:08+00:00","og_image":[{"width":910,"height":227,"url":"https:\/\/seryhumano.com\/web\/wp-content\/uploads\/2015\/03\/featureslider2.jpg","type":"image\/jpeg"}],"author":"@herrera_yosmar","twitter_card":"summary_large_image","twitter_creator":"@SeryHumano","twitter_site":"@SeryHumano","twitter_misc":{"Escrito por":"@herrera_yosmar","Tiempo de lectura":"5 minutos"},"schema":{"@context":"https:\/\/schema.org","@graph":[{"@type":"Article","@id":"https:\/\/seryhumano.com\/web\/?p=18900#article","isPartOf":{"@id":"https:\/\/seryhumano.com\/web\/?p=18900"},"author":{"name":"@herrera_yosmar","@id":"https:\/\/seryhumano.com\/web\/#\/schema\/person\/fd30e8e0b394a62344b44d9b0fe75795"},"headline":"La comunidad: la nueva forma organizativa que define al l\u00edder","datePublished":"2015-03-09T09:39:49+00:00","dateModified":"2015-03-10T14:25:08+00:00","mainEntityOfPage":{"@id":"https:\/\/seryhumano.com\/web\/?p=18900"},"wordCount":1078,"publisher":{"@id":"https:\/\/seryhumano.com\/web\/#organization"},"image":{"@id":"https:\/\/seryhumano.com\/web\/?p=18900#primaryimage"},"thumbnailUrl":"https:\/\/seryhumano.com\/web\/wp-content\/uploads\/2015\/03\/featureslider2.jpg","keywords":["Concepto del Proyecto"],"articleSection":["Ser Corporativo"],"inLanguage":"es"},{"@type":"WebPage","@id":"https:\/\/seryhumano.com\/web\/?p=18900","url":"https:\/\/seryhumano.com\/web\/?p=18900","name":"La comunidad: la nueva forma organizativa que define al l\u00edder","isPartOf":{"@id":"https:\/\/seryhumano.com\/web\/#website"},"primaryImageOfPage":{"@id":"https:\/\/seryhumano.com\/web\/?p=18900#primaryimage"},"image":{"@id":"https:\/\/seryhumano.com\/web\/?p=18900#primaryimage"},"thumbnailUrl":"https:\/\/seryhumano.com\/web\/wp-content\/uploads\/2015\/03\/featureslider2.jpg","datePublished":"2015-03-09T09:39:49+00:00","dateModified":"2015-03-10T14:25:08+00:00","description":"Dicen que un d\u00eda nos despertaremos y descubriremos que las organizaciones ya no ser\u00e1n lo que eran. Dicen que en esas nuevas organizaciones que se acercan a elevada velocidad la jerarqu\u00eda ya no ser\u00e1 tan importante, que los l\u00edmites de las \u00e1reas organizativas ser\u00e1n m\u00e1s difusos, que los proyectos har\u00e1n las estructuras m\u00e1s temporales y habr\u00e1n ocupado buena parte de eso que ahora denominamos organigrama.","breadcrumb":{"@id":"https:\/\/seryhumano.com\/web\/?p=18900#breadcrumb"},"inLanguage":"es","potentialAction":[{"@type":"ReadAction","target":["https:\/\/seryhumano.com\/web\/?p=18900"]}]},{"@type":"ImageObject","inLanguage":"es","@id":"https:\/\/seryhumano.com\/web\/?p=18900#primaryimage","url":"https:\/\/seryhumano.com\/web\/wp-content\/uploads\/2015\/03\/featureslider2.jpg","contentUrl":"https:\/\/seryhumano.com\/web\/wp-content\/uploads\/2015\/03\/featureslider2.jpg","width":910,"height":227},{"@type":"BreadcrumbList","@id":"https:\/\/seryhumano.com\/web\/?p=18900#breadcrumb","itemListElement":[{"@type":"ListItem","position":1,"name":"Portada","item":"https:\/\/seryhumano.com\/web\/"},{"@type":"ListItem","position":2,"name":"La comunidad: la nueva forma organizativa que define al l\u00edder"}]},{"@type":"WebSite","@id":"https:\/\/seryhumano.com\/web\/#website","url":"https:\/\/seryhumano.com\/web\/","name":"SeryHumano.com","description":"Revista digital muy humana, donde lo mas importante es el Ser...","publisher":{"@id":"https:\/\/seryhumano.com\/web\/#organization"},"potentialAction":[{"@type":"SearchAction","target":{"@type":"EntryPoint","urlTemplate":"https:\/\/seryhumano.com\/web\/?s={search_term_string}"},"query-input":{"@type":"PropertyValueSpecification","valueRequired":true,"valueName":"search_term_string"}}],"inLanguage":"es"},{"@type":"Organization","@id":"https:\/\/seryhumano.com\/web\/#organization","name":"SeryHumano.com","url":"https:\/\/seryhumano.com\/web\/","logo":{"@type":"ImageObject","inLanguage":"es","@id":"https:\/\/seryhumano.com\/web\/#\/schema\/logo\/image\/","url":"https:\/\/seryhumano.com\/web\/wp-content\/uploads\/2020\/02\/JNe5VRwH_400x400-2.jpg","contentUrl":"https:\/\/seryhumano.com\/web\/wp-content\/uploads\/2020\/02\/JNe5VRwH_400x400-2.jpg","width":400,"height":400,"caption":"SeryHumano.com"},"image":{"@id":"https:\/\/seryhumano.com\/web\/#\/schema\/logo\/image\/"},"sameAs":["https:\/\/www.facebook.com\/seryhumano\/","https:\/\/x.com\/SeryHumano","https:\/\/www.instagram.com\/seryhumano\/","https:\/\/www.linkedin.com\/company\/seryhumano-com\/","https:\/\/www.youtube.com\/channel\/UCYfgIGSxygVnJAW0e9ZBZWg"]},{"@type":"Person","@id":"https:\/\/seryhumano.com\/web\/#\/schema\/person\/fd30e8e0b394a62344b44d9b0fe75795","name":"@herrera_yosmar","description":"Eterna enamorada de la vida, comunicadora, mam\u00e1 de tres","sameAs":["http:\/\/seryhumano.com"],"url":"https:\/\/seryhumano.com\/web\/?author=2"}]}},"_links":{"self":[{"href":"https:\/\/seryhumano.com\/web\/index.php?rest_route=\/wp\/v2\/posts\/18900","targetHints":{"allow":["GET"]}}],"collection":[{"href":"https:\/\/seryhumano.com\/web\/index.php?rest_route=\/wp\/v2\/posts"}],"about":[{"href":"https:\/\/seryhumano.com\/web\/index.php?rest_route=\/wp\/v2\/types\/post"}],"author":[{"embeddable":true,"href":"https:\/\/seryhumano.com\/web\/index.php?rest_route=\/wp\/v2\/users\/2"}],"replies":[{"embeddable":true,"href":"https:\/\/seryhumano.com\/web\/index.php?rest_route=%2Fwp%2Fv2%2Fcomments&post=18900"}],"version-history":[{"count":0,"href":"https:\/\/seryhumano.com\/web\/index.php?rest_route=\/wp\/v2\/posts\/18900\/revisions"}],"wp:featuredmedia":[{"embeddable":true,"href":"https:\/\/seryhumano.com\/web\/index.php?rest_route=\/wp\/v2\/media\/18937"}],"wp:attachment":[{"href":"https:\/\/seryhumano.com\/web\/index.php?rest_route=%2Fwp%2Fv2%2Fmedia&parent=18900"}],"wp:term":[{"taxonomy":"category","embeddable":true,"href":"https:\/\/seryhumano.com\/web\/index.php?rest_route=%2Fwp%2Fv2%2Fcategories&post=18900"},{"taxonomy":"post_tag","embeddable":true,"href":"https:\/\/seryhumano.com\/web\/index.php?rest_route=%2Fwp%2Fv2%2Ftags&post=18900"}],"curies":[{"name":"wp","href":"https:\/\/api.w.org\/{rel}","templated":true}]}}