{"id":19048,"date":"2015-03-23T13:29:47","date_gmt":"2015-03-23T17:59:47","guid":{"rendered":"https:\/\/seryhumano.com\/web\/?p=19048"},"modified":"2015-03-23T10:22:03","modified_gmt":"2015-03-23T14:52:03","slug":"el-mapa-de-las-emociones","status":"publish","type":"post","link":"https:\/\/seryhumano.com\/web\/?p=19048","title":{"rendered":"El mapa de las emociones"},"content":{"rendered":"<p>\u00bfEs posible visualizar las emociones, asignarles colores o sentirlas en determinadas zonas de nuestro cuerpo? Siempre he pensado que, pese a la gran subjetividad que existe alrededor de sentimientos y emociones, podemos hacernos una idea gr\u00e1fica de casi todo, para visualizar c\u00f3mo actuamos.<\/p>\n<p><a href=\"https:\/\/seryhumano.com\/web\/wp-content\/uploads\/2015\/03\/fuego1.jpg\"><img loading=\"lazy\" decoding=\"async\" class=\"aligncenter size-full wp-image-19049\" src=\"https:\/\/seryhumano.com\/web\/wp-content\/uploads\/2015\/03\/fuego1.jpg\" alt=\"fuego1\" width=\"640\" height=\"450\" srcset=\"https:\/\/seryhumano.com\/web\/wp-content\/uploads\/2015\/03\/fuego1.jpg 640w, https:\/\/seryhumano.com\/web\/wp-content\/uploads\/2015\/03\/fuego1-300x211.jpg 300w\" sizes=\"auto, (max-width: 640px) 100vw, 640px\" \/><\/a>Un estudio de la Universidad Aalto, en Finlandia, revel\u00f3 recientemente que las emociones pueden reflejarse en el cuerpo humano, es decir que pueden materializarse. Los investigadores comprobaron c\u00f3mo las emociones m\u00e1s frecuentes liberan sensaciones intensas. Por ejemplo, la ansiedad puede ser experimentada como un dolor en el pecho, mientras que el enamoramiento puede desencadenar c\u00e1lidas y placenteras sensaciones en todo el cuerpo.<\/p>\n<p>M\u00e1s de 700 personas de Finlandia, Suecia y Taiw\u00e1n colaboraron en el estudio. Los participantes lograron establecer colores y zonas para la ira, el miedo, el disgusto, la felicidad, la tristeza, la sorpresa, la ansiedad, el amor, la depresi\u00f3n y la envidia, entre otras fuertes emociones.<\/p>\n<p>Entre otros resultados, la felicidad se registr\u00f3 en tonos rojizos y amarillos, pr\u00e1cticamente en todo el cuerpo, mientras que la depresi\u00f3n apareci\u00f3 en negro, centrada en el t\u00f3rax.<\/p>\n<p>\u00bfY el amor? \u00bfQu\u00e9 pas\u00f3 con el amor? Pues fue indicado en color fuego desde la cadera hasta la cabeza. Y la envida, esa fea emoci\u00f3n que deber\u00edamos erradicar para siempre, aparece con una carga rojiza en el pecho y en la cabeza.<\/p>\n<p>\u00bfTe sorprende la relaci\u00f3n entre emociones, regiones corporales y colores? Posiblemente este mapa constate algo que ya preve\u00edamos.<\/p>\n<p>Los m\u00e9dicos tambi\u00e9n dicen que la emoci\u00f3n puede expresarse a trav\u00e9s del sistema cardiovascular. Por ejemplo, el miedo o la alegr\u00eda inesperada, generalmente, aceleran la frecuencia card\u00edaca o hacen que suba la presi\u00f3n arterial. Al contrario, las emociones agradables pueden producir enrojecimiento y calor en la cara y las manos.<\/p>\n<p>\u00bfQu\u00e9 ense\u00f1anzas podemos extraer de un mapa as\u00ed? En primer lugar, corroborar la universalidad de las emociones y su relaci\u00f3n con los c\u00f3digos de la vida diaria.<\/p>\n<p>Otra conclusi\u00f3n importante es conocer a fondo qu\u00e9 sentimos, c\u00f3mo lo manifestamos y en cu\u00e1les circunstancias. Porque estudiar nuestras emociones es vital para relacionarnos con \u00e9xito en la vida.<\/p>\n<p>El escritor espa\u00f1ol Eduardo Punset considera que \u201ces muy probable que las mejores decisiones no sean fruto de una reflexi\u00f3n del cerebro, sino del resultado de una emoci\u00f3n\u201d. Por eso te animo a dise\u00f1ar tu mapa, distinguiendo las emociones positivas de las t\u00f3xicas y asign\u00e1ndoles tus propios colores. As\u00ed podr\u00e1s mantener a raya las experiencias negativas y elevar las que producen abundancia espiritual.<\/p>\n<p>seryhumano.com<br \/>\nFuente: ismaelcala.com<\/p>\n","protected":false},"excerpt":{"rendered":"<p>\u00bfEs posible visualizar las emociones, asignarles colores o sentirlas en determinadas zonas de nuestro cuerpo? Siempre he pensado que, pese a la gran subjetividad que existe alrededor de sentimientos y emociones, podemos hacernos una idea gr\u00e1fica de casi todo, para visualizar c\u00f3mo actuamos. Un estudio de la Universidad Aalto, en Finlandia, revel\u00f3 recientemente que las&hellip;<\/p>\n","protected":false},"author":248,"featured_media":19052,"comment_status":"closed","ping_status":"closed","sticky":false,"template":"","format":"standard","meta":{"footnotes":""},"categories":[119],"tags":[],"class_list":["post-19048","post","type-post","status-publish","format-standard","has-post-thumbnail","hentry","category-el-ser-y-yo","category-119","description-off"],"yoast_head":"<!-- This site is optimized with the Yoast SEO plugin v25.4 - https:\/\/yoast.com\/wordpress\/plugins\/seo\/ -->\n<title>El mapa de las emociones<\/title>\n<meta name=\"description\" content=\"\u00bfEs posible visualizar las emociones, asignarles colores o sentirlas en determinadas zonas de nuestro cuerpo? Siempre he pensado que, pese a la gran subjetividad que existe alrededor de sentimientos y emociones, podemos hacernos una idea gr\u00e1fica de casi todo, para visualizar c\u00f3mo actuamos.\" \/>\n<meta name=\"robots\" content=\"index, follow, max-snippet:-1, max-image-preview:large, max-video-preview:-1\" \/>\n<link rel=\"canonical\" href=\"https:\/\/seryhumano.com\/web\/?p=19048\" \/>\n<meta property=\"og:locale\" content=\"es_ES\" \/>\n<meta property=\"og:type\" content=\"article\" \/>\n<meta property=\"og:title\" content=\"El mapa de las emociones\" \/>\n<meta property=\"og:description\" content=\"\u00bfEs posible visualizar las emociones, asignarles colores o sentirlas en determinadas zonas de nuestro cuerpo? Siempre he pensado que, pese a la gran subjetividad que existe alrededor de sentimientos y emociones, podemos hacernos una idea gr\u00e1fica de casi todo, para visualizar c\u00f3mo actuamos.\" \/>\n<meta property=\"og:url\" content=\"https:\/\/seryhumano.com\/web\/?p=19048\" \/>\n<meta property=\"og:site_name\" content=\"SeryHumano.com\" \/>\n<meta property=\"article:publisher\" content=\"https:\/\/www.facebook.com\/seryhumano\/\" \/>\n<meta property=\"article:published_time\" content=\"2015-03-23T17:59:47+00:00\" \/>\n<meta property=\"og:image\" content=\"https:\/\/seryhumano.com\/web\/wp-content\/uploads\/2015\/03\/featureslider-Recovered5.jpg\" \/>\n\t<meta property=\"og:image:width\" content=\"910\" \/>\n\t<meta property=\"og:image:height\" content=\"227\" \/>\n\t<meta property=\"og:image:type\" content=\"image\/jpeg\" \/>\n<meta name=\"author\" content=\"Nancy Pi\u00f1ero\" \/>\n<meta name=\"twitter:card\" content=\"summary_large_image\" \/>\n<meta name=\"twitter:creator\" content=\"@SeryHumano\" \/>\n<meta name=\"twitter:site\" content=\"@SeryHumano\" \/>\n<meta name=\"twitter:label1\" content=\"Escrito por\" \/>\n\t<meta name=\"twitter:data1\" content=\"Nancy Pi\u00f1ero\" \/>\n\t<meta name=\"twitter:label2\" content=\"Tiempo de lectura\" \/>\n\t<meta name=\"twitter:data2\" content=\"2 minutos\" \/>\n<script type=\"application\/ld+json\" class=\"yoast-schema-graph\">{\"@context\":\"https:\/\/schema.org\",\"@graph\":[{\"@type\":\"Article\",\"@id\":\"https:\/\/seryhumano.com\/web\/?p=19048#article\",\"isPartOf\":{\"@id\":\"https:\/\/seryhumano.com\/web\/?p=19048\"},\"author\":{\"name\":\"Nancy Pi\u00f1ero\",\"@id\":\"https:\/\/seryhumano.com\/web\/#\/schema\/person\/9433ad4560200eba32878567584d7aa0\"},\"headline\":\"El mapa de las emociones\",\"datePublished\":\"2015-03-23T17:59:47+00:00\",\"mainEntityOfPage\":{\"@id\":\"https:\/\/seryhumano.com\/web\/?p=19048\"},\"wordCount\":453,\"publisher\":{\"@id\":\"https:\/\/seryhumano.com\/web\/#organization\"},\"image\":{\"@id\":\"https:\/\/seryhumano.com\/web\/?p=19048#primaryimage\"},\"thumbnailUrl\":\"https:\/\/seryhumano.com\/web\/wp-content\/uploads\/2015\/03\/featureslider-Recovered5.jpg\",\"articleSection\":[\"El Ser y YO\"],\"inLanguage\":\"es\"},{\"@type\":\"WebPage\",\"@id\":\"https:\/\/seryhumano.com\/web\/?p=19048\",\"url\":\"https:\/\/seryhumano.com\/web\/?p=19048\",\"name\":\"El mapa de las emociones\",\"isPartOf\":{\"@id\":\"https:\/\/seryhumano.com\/web\/#website\"},\"primaryImageOfPage\":{\"@id\":\"https:\/\/seryhumano.com\/web\/?p=19048#primaryimage\"},\"image\":{\"@id\":\"https:\/\/seryhumano.com\/web\/?p=19048#primaryimage\"},\"thumbnailUrl\":\"https:\/\/seryhumano.com\/web\/wp-content\/uploads\/2015\/03\/featureslider-Recovered5.jpg\",\"datePublished\":\"2015-03-23T17:59:47+00:00\",\"description\":\"\u00bfEs posible visualizar las emociones, asignarles colores o sentirlas en determinadas zonas de nuestro cuerpo? Siempre he pensado que, pese a la gran subjetividad que existe alrededor de sentimientos y emociones, podemos hacernos una idea gr\u00e1fica de casi todo, para visualizar c\u00f3mo actuamos.\",\"breadcrumb\":{\"@id\":\"https:\/\/seryhumano.com\/web\/?p=19048#breadcrumb\"},\"inLanguage\":\"es\",\"potentialAction\":[{\"@type\":\"ReadAction\",\"target\":[\"https:\/\/seryhumano.com\/web\/?p=19048\"]}]},{\"@type\":\"ImageObject\",\"inLanguage\":\"es\",\"@id\":\"https:\/\/seryhumano.com\/web\/?p=19048#primaryimage\",\"url\":\"https:\/\/seryhumano.com\/web\/wp-content\/uploads\/2015\/03\/featureslider-Recovered5.jpg\",\"contentUrl\":\"https:\/\/seryhumano.com\/web\/wp-content\/uploads\/2015\/03\/featureslider-Recovered5.jpg\",\"width\":910,\"height\":227},{\"@type\":\"BreadcrumbList\",\"@id\":\"https:\/\/seryhumano.com\/web\/?p=19048#breadcrumb\",\"itemListElement\":[{\"@type\":\"ListItem\",\"position\":1,\"name\":\"Portada\",\"item\":\"https:\/\/seryhumano.com\/web\/\"},{\"@type\":\"ListItem\",\"position\":2,\"name\":\"El mapa de las emociones\"}]},{\"@type\":\"WebSite\",\"@id\":\"https:\/\/seryhumano.com\/web\/#website\",\"url\":\"https:\/\/seryhumano.com\/web\/\",\"name\":\"SeryHumano.com\",\"description\":\"Revista digital muy humana, donde lo mas importante es el Ser...\",\"publisher\":{\"@id\":\"https:\/\/seryhumano.com\/web\/#organization\"},\"potentialAction\":[{\"@type\":\"SearchAction\",\"target\":{\"@type\":\"EntryPoint\",\"urlTemplate\":\"https:\/\/seryhumano.com\/web\/?s={search_term_string}\"},\"query-input\":{\"@type\":\"PropertyValueSpecification\",\"valueRequired\":true,\"valueName\":\"search_term_string\"}}],\"inLanguage\":\"es\"},{\"@type\":\"Organization\",\"@id\":\"https:\/\/seryhumano.com\/web\/#organization\",\"name\":\"SeryHumano.com\",\"url\":\"https:\/\/seryhumano.com\/web\/\",\"logo\":{\"@type\":\"ImageObject\",\"inLanguage\":\"es\",\"@id\":\"https:\/\/seryhumano.com\/web\/#\/schema\/logo\/image\/\",\"url\":\"https:\/\/seryhumano.com\/web\/wp-content\/uploads\/2020\/02\/JNe5VRwH_400x400-2.jpg\",\"contentUrl\":\"https:\/\/seryhumano.com\/web\/wp-content\/uploads\/2020\/02\/JNe5VRwH_400x400-2.jpg\",\"width\":400,\"height\":400,\"caption\":\"SeryHumano.com\"},\"image\":{\"@id\":\"https:\/\/seryhumano.com\/web\/#\/schema\/logo\/image\/\"},\"sameAs\":[\"https:\/\/www.facebook.com\/seryhumano\/\",\"https:\/\/x.com\/SeryHumano\",\"https:\/\/www.instagram.com\/seryhumano\/\",\"https:\/\/www.linkedin.com\/company\/seryhumano-com\/\",\"https:\/\/www.youtube.com\/channel\/UCYfgIGSxygVnJAW0e9ZBZWg\"]},{\"@type\":\"Person\",\"@id\":\"https:\/\/seryhumano.com\/web\/#\/schema\/person\/9433ad4560200eba32878567584d7aa0\",\"name\":\"Nancy Pi\u00f1ero\",\"sameAs\":[\"http:\/\/perfectocodex.com\"],\"url\":\"https:\/\/seryhumano.com\/web\/?author=248\"}]}<\/script>\n<!-- \/ Yoast SEO plugin. -->","yoast_head_json":{"title":"El mapa de las emociones","description":"\u00bfEs posible visualizar las emociones, asignarles colores o sentirlas en determinadas zonas de nuestro cuerpo? Siempre he pensado que, pese a la gran subjetividad que existe alrededor de sentimientos y emociones, podemos hacernos una idea gr\u00e1fica de casi todo, para visualizar c\u00f3mo actuamos.","robots":{"index":"index","follow":"follow","max-snippet":"max-snippet:-1","max-image-preview":"max-image-preview:large","max-video-preview":"max-video-preview:-1"},"canonical":"https:\/\/seryhumano.com\/web\/?p=19048","og_locale":"es_ES","og_type":"article","og_title":"El mapa de las emociones","og_description":"\u00bfEs posible visualizar las emociones, asignarles colores o sentirlas en determinadas zonas de nuestro cuerpo? Siempre he pensado que, pese a la gran subjetividad que existe alrededor de sentimientos y emociones, podemos hacernos una idea gr\u00e1fica de casi todo, para visualizar c\u00f3mo actuamos.","og_url":"https:\/\/seryhumano.com\/web\/?p=19048","og_site_name":"SeryHumano.com","article_publisher":"https:\/\/www.facebook.com\/seryhumano\/","article_published_time":"2015-03-23T17:59:47+00:00","og_image":[{"width":910,"height":227,"url":"https:\/\/seryhumano.com\/web\/wp-content\/uploads\/2015\/03\/featureslider-Recovered5.jpg","type":"image\/jpeg"}],"author":"Nancy Pi\u00f1ero","twitter_card":"summary_large_image","twitter_creator":"@SeryHumano","twitter_site":"@SeryHumano","twitter_misc":{"Escrito por":"Nancy Pi\u00f1ero","Tiempo de lectura":"2 minutos"},"schema":{"@context":"https:\/\/schema.org","@graph":[{"@type":"Article","@id":"https:\/\/seryhumano.com\/web\/?p=19048#article","isPartOf":{"@id":"https:\/\/seryhumano.com\/web\/?p=19048"},"author":{"name":"Nancy Pi\u00f1ero","@id":"https:\/\/seryhumano.com\/web\/#\/schema\/person\/9433ad4560200eba32878567584d7aa0"},"headline":"El mapa de las emociones","datePublished":"2015-03-23T17:59:47+00:00","mainEntityOfPage":{"@id":"https:\/\/seryhumano.com\/web\/?p=19048"},"wordCount":453,"publisher":{"@id":"https:\/\/seryhumano.com\/web\/#organization"},"image":{"@id":"https:\/\/seryhumano.com\/web\/?p=19048#primaryimage"},"thumbnailUrl":"https:\/\/seryhumano.com\/web\/wp-content\/uploads\/2015\/03\/featureslider-Recovered5.jpg","articleSection":["El Ser y YO"],"inLanguage":"es"},{"@type":"WebPage","@id":"https:\/\/seryhumano.com\/web\/?p=19048","url":"https:\/\/seryhumano.com\/web\/?p=19048","name":"El mapa de las emociones","isPartOf":{"@id":"https:\/\/seryhumano.com\/web\/#website"},"primaryImageOfPage":{"@id":"https:\/\/seryhumano.com\/web\/?p=19048#primaryimage"},"image":{"@id":"https:\/\/seryhumano.com\/web\/?p=19048#primaryimage"},"thumbnailUrl":"https:\/\/seryhumano.com\/web\/wp-content\/uploads\/2015\/03\/featureslider-Recovered5.jpg","datePublished":"2015-03-23T17:59:47+00:00","description":"\u00bfEs posible visualizar las emociones, asignarles colores o sentirlas en determinadas zonas de nuestro cuerpo? Siempre he pensado que, pese a la gran subjetividad que existe alrededor de sentimientos y emociones, podemos hacernos una idea gr\u00e1fica de casi todo, para visualizar c\u00f3mo actuamos.","breadcrumb":{"@id":"https:\/\/seryhumano.com\/web\/?p=19048#breadcrumb"},"inLanguage":"es","potentialAction":[{"@type":"ReadAction","target":["https:\/\/seryhumano.com\/web\/?p=19048"]}]},{"@type":"ImageObject","inLanguage":"es","@id":"https:\/\/seryhumano.com\/web\/?p=19048#primaryimage","url":"https:\/\/seryhumano.com\/web\/wp-content\/uploads\/2015\/03\/featureslider-Recovered5.jpg","contentUrl":"https:\/\/seryhumano.com\/web\/wp-content\/uploads\/2015\/03\/featureslider-Recovered5.jpg","width":910,"height":227},{"@type":"BreadcrumbList","@id":"https:\/\/seryhumano.com\/web\/?p=19048#breadcrumb","itemListElement":[{"@type":"ListItem","position":1,"name":"Portada","item":"https:\/\/seryhumano.com\/web\/"},{"@type":"ListItem","position":2,"name":"El mapa de las emociones"}]},{"@type":"WebSite","@id":"https:\/\/seryhumano.com\/web\/#website","url":"https:\/\/seryhumano.com\/web\/","name":"SeryHumano.com","description":"Revista digital muy humana, donde lo mas importante es el Ser...","publisher":{"@id":"https:\/\/seryhumano.com\/web\/#organization"},"potentialAction":[{"@type":"SearchAction","target":{"@type":"EntryPoint","urlTemplate":"https:\/\/seryhumano.com\/web\/?s={search_term_string}"},"query-input":{"@type":"PropertyValueSpecification","valueRequired":true,"valueName":"search_term_string"}}],"inLanguage":"es"},{"@type":"Organization","@id":"https:\/\/seryhumano.com\/web\/#organization","name":"SeryHumano.com","url":"https:\/\/seryhumano.com\/web\/","logo":{"@type":"ImageObject","inLanguage":"es","@id":"https:\/\/seryhumano.com\/web\/#\/schema\/logo\/image\/","url":"https:\/\/seryhumano.com\/web\/wp-content\/uploads\/2020\/02\/JNe5VRwH_400x400-2.jpg","contentUrl":"https:\/\/seryhumano.com\/web\/wp-content\/uploads\/2020\/02\/JNe5VRwH_400x400-2.jpg","width":400,"height":400,"caption":"SeryHumano.com"},"image":{"@id":"https:\/\/seryhumano.com\/web\/#\/schema\/logo\/image\/"},"sameAs":["https:\/\/www.facebook.com\/seryhumano\/","https:\/\/x.com\/SeryHumano","https:\/\/www.instagram.com\/seryhumano\/","https:\/\/www.linkedin.com\/company\/seryhumano-com\/","https:\/\/www.youtube.com\/channel\/UCYfgIGSxygVnJAW0e9ZBZWg"]},{"@type":"Person","@id":"https:\/\/seryhumano.com\/web\/#\/schema\/person\/9433ad4560200eba32878567584d7aa0","name":"Nancy Pi\u00f1ero","sameAs":["http:\/\/perfectocodex.com"],"url":"https:\/\/seryhumano.com\/web\/?author=248"}]}},"_links":{"self":[{"href":"https:\/\/seryhumano.com\/web\/index.php?rest_route=\/wp\/v2\/posts\/19048","targetHints":{"allow":["GET"]}}],"collection":[{"href":"https:\/\/seryhumano.com\/web\/index.php?rest_route=\/wp\/v2\/posts"}],"about":[{"href":"https:\/\/seryhumano.com\/web\/index.php?rest_route=\/wp\/v2\/types\/post"}],"author":[{"embeddable":true,"href":"https:\/\/seryhumano.com\/web\/index.php?rest_route=\/wp\/v2\/users\/248"}],"replies":[{"embeddable":true,"href":"https:\/\/seryhumano.com\/web\/index.php?rest_route=%2Fwp%2Fv2%2Fcomments&post=19048"}],"version-history":[{"count":0,"href":"https:\/\/seryhumano.com\/web\/index.php?rest_route=\/wp\/v2\/posts\/19048\/revisions"}],"wp:featuredmedia":[{"embeddable":true,"href":"https:\/\/seryhumano.com\/web\/index.php?rest_route=\/wp\/v2\/media\/19052"}],"wp:attachment":[{"href":"https:\/\/seryhumano.com\/web\/index.php?rest_route=%2Fwp%2Fv2%2Fmedia&parent=19048"}],"wp:term":[{"taxonomy":"category","embeddable":true,"href":"https:\/\/seryhumano.com\/web\/index.php?rest_route=%2Fwp%2Fv2%2Fcategories&post=19048"},{"taxonomy":"post_tag","embeddable":true,"href":"https:\/\/seryhumano.com\/web\/index.php?rest_route=%2Fwp%2Fv2%2Ftags&post=19048"}],"curies":[{"name":"wp","href":"https:\/\/api.w.org\/{rel}","templated":true}]}}