{"id":19054,"date":"2015-03-30T12:41:12","date_gmt":"2015-03-30T17:11:12","guid":{"rendered":"https:\/\/seryhumano.com\/web\/?p=19054"},"modified":"2015-03-31T13:58:34","modified_gmt":"2015-03-31T18:28:34","slug":"aquiles-torres-tal-vez-el-oficio-tambien-me-encontro-a-mi","status":"publish","type":"post","link":"https:\/\/seryhumano.com\/web\/?p=19054","title":{"rendered":"Aquiles Torres: \u201c&#8230;tal vez el oficio tambi\u00e9n me encontr\u00f3 a m\u00ed\u201d"},"content":{"rendered":"<p>Una de las cosas que disfruto much\u00edsimo del periodismo es hacer entrevistas, me da la oportunidad de intercambiar y compartir con otros seres humanos, percat\u00e1ndome siempre de su individualidad y de sus muy particulares caracter\u00edsticas, en una amable y sincera pl\u00e1tica. Es ese \u201ccalor humano\u201d que me embelesa hasta el punto de sentir, que es un momento realmente m\u00e1gico, en d\u00f3nde el entrevistado me permite conocer a trav\u00e9s de sus respuestas, lo que le apasiona en la vida, en su trabajo u oficio, y lo que lo hace simplemente especial, permitiendo que el p\u00fablico se entere de ello.<\/p>\n<p>Por mi trabajo tengo la fortuna de conversar con m\u00fasicos y artistas en general; en esta ocasi\u00f3n ha sido el Luthier venezolano Aquiles Torres, quien me ha obsequiado un poco de su valioso tiempo al abrir las \u201cpuertas de su taller\u201d, y, con la sencillez que lo caracteriza, ha accedido a una entrevista, a trav\u00e9s de una popular red social, herramienta imprescindible en el trabajo period\u00edstico en los \u00faltimos a\u00f1os, con la que hemos podido comunicarnos a pesar de la distancia, entre entrevistado y entrevistador.<\/p>\n<div id=\"attachment_19057\" style=\"width: 368px\" class=\"wp-caption alignright\"><a href=\"https:\/\/seryhumano.com\/web\/?attachment_id=19057\" rel=\"attachment wp-att-19057\"><img loading=\"lazy\" decoding=\"async\" aria-describedby=\"caption-attachment-19057\" class=\"wp-image-19057 size-full\" src=\"https:\/\/seryhumano.com\/web\/wp-content\/uploads\/2015\/03\/1914736_101048663247491_4220602_n.jpg\" alt=\"Maestro Aquiles Torres\" width=\"358\" height=\"307\" srcset=\"https:\/\/seryhumano.com\/web\/wp-content\/uploads\/2015\/03\/1914736_101048663247491_4220602_n.jpg 358w, https:\/\/seryhumano.com\/web\/wp-content\/uploads\/2015\/03\/1914736_101048663247491_4220602_n-300x257.jpg 300w\" sizes=\"auto, (max-width: 358px) 100vw, 358px\" \/><\/a><p id=\"caption-attachment-19057\" class=\"wp-caption-text\">Maestro Aquiles Torres (Imagen cortes\u00eda de Jame Roxo)<\/p><\/div>\n<p>Lo primero que me llega a la mente es preguntarme qu\u00e9 es exactamente un \u201clutier\u201d y comienzo la investigaci\u00f3n como parte de la preparaci\u00f3n de la entrevista, pero ha sido el propio Maestro Aquiles Torres, quien me ha dado la mejor explicaci\u00f3n haciendo gala de su experticia en el \u00e1rea.<\/p>\n<p><strong>Al consultar en el diccionario la palabra luthier encuentro que es una persona\u00a0 que se dedica profesionalmente a fabricar y reparar instrumentos musicales de cuerda<\/strong><\/p>\n<p><em>Ese t\u00e9rmino va m\u00e1s all\u00e1, no s\u00f3lo en el tiempo, sino en sus or\u00edgenes,<\/em> <strong>comenta Torres<\/strong>, <em>as\u00ed que la amplitud que se le ha dado, es decir, el abarcar todo instrumento, aun no de cuerdas, es algo m\u00e1s reciente y menos centrado en la realidad. La palabra o sonido \u00abOut\u00bb o \u00abUt\u00bb tiene sus or\u00edgenes en el Medio Oriente y es la voz que se usaba para definir la madera. Curiosamente, ese sonido \u00abUt\u00bb es muy parecido al vocablo \u00abWood\u00bb del idioma ingl\u00e9s, pero tambi\u00e9n se le llamaba \u00abUt\u00bb al instrumento musical m\u00e1s antiguo en su g\u00e9nero, obviamente en raz\u00f3n de estar construido con madera, as\u00ed se defini\u00f3 el \u201cOut\u201d o \u00abUt\u00bb como instrumento musical&#8230; <\/em><\/p>\n<p><em>El Laud, como se le conoce en el idioma castellano, es un instrumento musical de la familia de loscord\u00f3fonos, el cual, con el tiempo,<\/em> <em>obtuvo mucha importancia en Europa; much\u00edsima m\u00fasica se tocaba con el instrumento y muchas composiciones quedaron sobre el papel para confirmarlo.<\/em><\/p>\n<p><em>En el idioma franc\u00e9s, se le llama \u201cLuth\u201d, de all\u00ed, la palabra \u201cLuthier\u201d define al artesano que construye la\u00fades, cosa que despu\u00e9s se ampli\u00f3 a toda la familia de los cord\u00f3fonos.<\/em><\/p>\n<p><strong>Entonces, \u00bfqu\u00e9 es un luthier? <\/strong><\/p>\n<p><em>Es un artesano que construye instrumentos musicales de cuerdas, pero, \u00bfqu\u00e9 lo define o caracteriza?, pues su compromiso constante con el sonido, su desaf\u00edo diario con las leyes f\u00edsicas ac\u00fasticas y la t\u00e9cnica que lo lleva a salir exitoso de esos desaf\u00edos, para que luego, en las manos del artista, se convierta en sonidos limpios, proyectados.<\/em><\/p>\n<p><strong>Ahora bien, en el principio cuando me dijo que el t\u00e9rmino inclu\u00eda \u00abtodo instrumento\u00bb, significa que, \u00bfel fabricante de piano tambi\u00e9n es considerado un luthier?<\/strong><\/p>\n<p><em>Muy bien, regresando a la amplitud de la palabra \u00abluthier\u00bb, el tiempo se encarg\u00f3 de que el abanico abarcara otros artesanos, primero dentro de la familia de los cord\u00f3fonos, es decir, violines y toda la escala de instrumentos de arco&#8230;pero luego se da el caso de que artistas que fabriquen artesanalmente una flauta pudieran ser llamados luthier, lo cual no es muy frecuente y tampoco discuto, s\u00f3lo que bas\u00e1ndonos en el aspecto hist\u00f3rico y sin pretender ser purista, se orientar\u00eda s\u00f3lo a la familia de cord\u00f3fonos de cuerdas pulsadas, los herederos del laud mesopot\u00e1mico. As\u00ed que un constructor de pianos podr\u00eda estar dentro de ese abanico, dado que el instrumento que construye est\u00e1 hecho de madera y cuerdas; no es muy ortodoxo, pero tampoco est\u00e1 fuera de contexto.<\/em><\/p>\n<div id=\"attachment_19058\" style=\"width: 310px\" class=\"wp-caption alignleft\"><a href=\"https:\/\/seryhumano.com\/web\/?attachment_id=19058\" rel=\"attachment wp-att-19058\"><img loading=\"lazy\" decoding=\"async\" aria-describedby=\"caption-attachment-19058\" class=\"wp-image-19058 size-medium\" src=\"https:\/\/seryhumano.com\/web\/wp-content\/uploads\/2015\/03\/A.Torres-Rosette001-1-300x300.jpg\" alt=\"Estudio de roseta artesanal\" width=\"300\" height=\"300\" srcset=\"https:\/\/seryhumano.com\/web\/wp-content\/uploads\/2015\/03\/A.Torres-Rosette001-1-300x300.jpg 300w, https:\/\/seryhumano.com\/web\/wp-content\/uploads\/2015\/03\/A.Torres-Rosette001-1-150x150.jpg 150w, https:\/\/seryhumano.com\/web\/wp-content\/uploads\/2015\/03\/A.Torres-Rosette001-1-50x50.jpg 50w, https:\/\/seryhumano.com\/web\/wp-content\/uploads\/2015\/03\/A.Torres-Rosette001-1.jpg 617w\" sizes=\"auto, (max-width: 300px) 100vw, 300px\" \/><\/a><p id=\"caption-attachment-19058\" class=\"wp-caption-text\">Estudio de roseta artesanal<\/p><\/div>\n<p><strong>S\u00e9 que para construir un instrumento\u00a0 musical, necesariamente hay que tener cierta sensibilidad. \u00bfQu\u00e9 significado tiene la m\u00fasica para el luthier?<\/strong><\/p>\n<p><em>Por lo general y no casualmente, los luthiers est\u00e1n ligados a la m\u00fasica de forma directa, es decir, no s\u00f3lo la aprecian como espectadores, sino que tambi\u00e9n la han ejecutado; m\u00e1s a\u00fan, suelen ser ejecutantes al menos de cierto nivel de los instrumentos que construyen. Ese v\u00ednculo le da el conocimiento necesario para entender claramente lo que se busca en un instrumento, qu\u00e9 corregir, qu\u00e9 mejorar; por supuesto, esto no es una regla estricta, particularmente mi nivel de ejecuci\u00f3n de los instrumentos que construyo dista un poco de lo que es un real ejecutante, pero me sirve y lo uso para conocer y apreciar cada uno de los puntos claves de un buen instrumento.<\/em><\/p>\n<p><strong>Maestro, \u00bfQu\u00e9 instrumentos construye dentro de su taller?<\/strong><\/p>\n<p><em>Mi trabajo en Venezuela se desarrollaba con los instrumentos tradicionales empleados en la m\u00fasica popular y folkl\u00f3rica de nuestro pa\u00eds; cuatros, bandolas llaneras, centrales y orientales, mandolinas y guitarras; aqu\u00ed, por la caracter\u00edstica del mercado, mi trabajo se centra casi en su totalidad en la guitarra cl\u00e1sica, pero afortunadamente, este cambio no me ha desligado de los otros instrumentos, as\u00ed que amigos y clientes en Venezuela, con quienes he conservado el contacto me han puesto a trabajar en nuevos instrumentos, as\u00ed como tambi\u00e9n los venezolanos que en este y otros estados estado, me han encargado instrumentos.<\/em><\/p>\n<p><strong>En el \u00e1rea profesional no es com\u00fan dedicarse a la artesan\u00eda, \u00bfpor qu\u00e9 apostar por construir instrumentos y no por una \u00abcarrera\u00bb convencional?<\/strong><\/p>\n<p><em>Convergen y suceden muchas cosas antes de que eso suceda, incluyendo lo inesperado; mi oficio reuni\u00f3 en un momento especial lo casual con las b\u00fasquedas, la identificaci\u00f3n con la fascinaci\u00f3n, la curiosidad con la sorpresa&#8230; tal vez el oficio tambi\u00e9n me encontr\u00f3 a m\u00ed, en una etapa en la que no habr\u00eda siquiera pensado en hacerlo, pero estos engranajes se mueven sin parar y uno debe moverse con ellos, sin pasividad, pero s\u00ed con mucha aceptaci\u00f3n. En la luther\u00eda encontr\u00e9 la conjunci\u00f3n, en un oficio, de las cosas que m\u00e1s me interesan, m\u00fasica, t\u00e9cnica, arte y trabajo manual, sin dejar de mencionar el contacto directo con la materia prima insustituible, la voz, el car\u00e1cter, la magia del instrumento, la madera. Convergen y suceden muchas cosas antes de que eso se materialice.<\/em><\/p>\n<p><strong>Por esa misma conjunci\u00f3n, dir\u00eda que, \u00bfla lutheria es arte o ciencia?<\/strong><\/p>\n<div id=\"attachment_19059\" style=\"width: 480px\" class=\"wp-caption aligncenter\"><a href=\"https:\/\/seryhumano.com\/web\/?attachment_id=19059\" rel=\"attachment wp-att-19059\"><img loading=\"lazy\" decoding=\"async\" aria-describedby=\"caption-attachment-19059\" class=\"wp-image-19059 size-large\" src=\"https:\/\/seryhumano.com\/web\/wp-content\/uploads\/2015\/03\/1941a-1024x577.jpg\" alt=\"Aplicando pulitura manualmente (Imagen cortes\u00eda de Juan Claudio Torres)\" width=\"470\" height=\"265\" srcset=\"https:\/\/seryhumano.com\/web\/wp-content\/uploads\/2015\/03\/1941a-1024x577.jpg 1024w, https:\/\/seryhumano.com\/web\/wp-content\/uploads\/2015\/03\/1941a-300x169.jpg 300w, https:\/\/seryhumano.com\/web\/wp-content\/uploads\/2015\/03\/1941a-265x150.jpg 265w, https:\/\/seryhumano.com\/web\/wp-content\/uploads\/2015\/03\/1941a.jpg 1426w\" sizes=\"auto, (max-width: 470px) 100vw, 470px\" \/><\/a><p id=\"caption-attachment-19059\" class=\"wp-caption-text\">Aplicando pulitura manualmente (Imagen cortes\u00eda de Juan Claudio Torres)<\/p><\/div>\n<p><em>Es t\u00e9cnica, una t\u00e9cnica de construcci\u00f3n muy especial usando materiales muy especiales con las cuales se persigue el mejor sonido, el arte es uno de los eslabones, porque adem\u00e1s de t\u00e9cnicamente resuelto, un instrumento ha de mostrar elementos art\u00edsticos y est\u00e9ticos; ha de existir equilibrio en todo; lo que no es muy sabido es que much\u00edsimos elementos aparentemente est\u00e9ticos en un instrumento, son el resultado de un c\u00e1lculo matem\u00e1tico no casual, tal vez all\u00ed est\u00e1 la magia.<\/em><\/p>\n<p><strong>Habr\u00eda pensado que quiz\u00e1s estar\u00eda la magia en la inspiraci\u00f3n<\/strong><\/p>\n<p><em>Me refer\u00eda a la magia de la est\u00e9tica, la que observamos.<\/em><\/p>\n<p><strong>Ahora, se encuentra en su taller, con todos los implementos de trabajo, su delantal y el pedido de un cliente&#8230;. \u00bfqu\u00e9 le inspira para comenzar una de sus creaciones? \u00bfCu\u00e1l es ese proceso creativo para que se materialice la magia?<\/strong><\/p>\n<p><em>Cuando un instrumento ha de ser construido a partir de un encargo, el m\u00fasico ejecutante y yo sostenemos una serie de entrevistas en las que se dejan en claro los requerimientos especiales del instrumento, es algo parecido a lo que se llama en ingl\u00e9s \u00abbrainstorm\u00bb, lo cual sirve para ir delineando las figura, probablemente \u00fanica, de ese instrumento. Se expone todo, el timbre, el color (del sonido), las medidas especiales, si fuese necesario. De all\u00ed se pasa a la selecci\u00f3n de las maderas que por sus caracter\u00edsticas ac\u00fasticas pueden ofrecernos resultados acordes con lo solicitado y luego se pasa al proceso de construcci\u00f3n en s\u00ed. Comenzar un nuevo instrumento sigue siendo para m\u00ed un evento especial con la misma carga emocional del primero y no lo digo para parecer un tanto rom\u00e1ntico, sino porque parto de la idea de que siempre, invariablemente, el nuevo instrumento debe superar al anterior; no debe haber espacio ni chance para la chapuza, el descuido ni la improvisaci\u00f3n.<\/em><\/p>\n<div id=\"attachment_19061\" style=\"width: 227px\" class=\"wp-caption alignright\"><a href=\"https:\/\/seryhumano.com\/web\/?attachment_id=19061\" rel=\"attachment wp-att-19061\"><img loading=\"lazy\" decoding=\"async\" aria-describedby=\"caption-attachment-19061\" class=\"wp-image-19061 size-medium\" src=\"https:\/\/seryhumano.com\/web\/wp-content\/uploads\/2015\/03\/TapaTorres002-1-217x300.jpg\" alt=\"Dibujo del dise\u00f1o del sistema de barras &quot;en abanico&quot;, creado por el padre la guitarra moderna, Antonio de Torres Jurado, a\u00fan vigente y exitoso entre los luthiers de todo el mundo\" width=\"217\" height=\"300\" srcset=\"https:\/\/seryhumano.com\/web\/wp-content\/uploads\/2015\/03\/TapaTorres002-1-217x300.jpg 217w, https:\/\/seryhumano.com\/web\/wp-content\/uploads\/2015\/03\/TapaTorres002-1-740x1024.jpg 740w, https:\/\/seryhumano.com\/web\/wp-content\/uploads\/2015\/03\/TapaTorres002-1.jpg 1027w\" sizes=\"auto, (max-width: 217px) 100vw, 217px\" \/><\/a><p id=\"caption-attachment-19061\" class=\"wp-caption-text\">Dibujo del dise\u00f1o del sistema de barras \u00aben abanico\u00bb, creado por el padre la guitarra moderna, Antonio de Torres Jurado, a\u00fan vigente y exitoso entre los luthiers de todo el mundo<\/p><\/div>\n<p><em>En cuanto a la inspiraci\u00f3n, lo que yo experimento es una conexi\u00f3n con el proyecto, una especie de meditaci\u00f3n centrada en el proceso, entonces, ya ves que no es un proceso mec\u00e1nico estricto, ni inspiracional, es algo m\u00e1s de enfoque de la idea, compaginando todo, materiales, objetivos, t\u00e9cnica, proceso, etc.<\/em><\/p>\n<p><strong>H\u00e1bleme un poco acerca de los materiales, \u00bfqu\u00e9 tipo de madera usualmente se utiliza para la construcci\u00f3n de los instrumentos musicales que salen de su taller?<\/strong><\/p>\n<p><em>Si tomamos una guitarra cl\u00e1sica, veremos que en su construcci\u00f3n se han empleado al menos cinco maderas diferentes, todas trabajando en conjunto, pero cada una con tareas\u00a0 espec\u00edficas, tan espec\u00edficas y especiales que no pueden ser intercambiadas entre ellas. As\u00ed que vamos desde las maderas m\u00e1s duras y r\u00edgidas, hasta las m\u00e1s suaves, livianas y maleables. Esto se debe o se hace en funci\u00f3n de la ac\u00fastica, la proyecci\u00f3n y el volumen del instrumento.<\/em><\/p>\n<p><em>La madera m\u00e1s dura, por ejemplo, el \u00e9bano, se utiliza para el diapas\u00f3n, la superficie en la que se encuentran insertados los trastes y donde los dedos presionan las cuerdas para generar los diferentes tonos y acordes, lo cual produce un constante desgaste que se har\u00eda mucho m\u00e1s notorio y r\u00e1pido si utilizamos una madera semidura o suave.<\/em><\/p>\n<blockquote><p><span style=\"color: #000080;\"><em>\u00abMe preocupa que bosques enteros de todo tipo de madera sean devastados para construir muebles y palacios donde el aspecto utilitario es microsc\u00f3pico&#8230;\u00bb<\/em><\/span><\/p><\/blockquote>\n<p><em>La caja o cuerpo del instrumento se construye con una madera de menor dureza para que la onda sonora rebote en sus paredes y sea capaz tanto de refractar como de vibrar debido a esas ondas, y la tapa, el alma del instrumento, se hace con maderas m\u00e1s suaves y maleables que reaccionen r\u00e1pidamente al est\u00edmulo sonoro (pulsar la cuerda) y vibren mucho m\u00e1s en todas las frecuencias.<\/em><\/p>\n<p><strong>Imagino que ninguna de esas maderas es de reciclaje<\/strong><\/p>\n<p><em>En ning\u00fan caso, lo m\u00e1s parecido al reciclaje se hace con esas mismas maderas dentro del taller, por ejemplo, piezas sobrantes que por su tama\u00f1o no sirven para un trabajo, se utilizan para otro. <\/em><\/p>\n<p><strong>\u00bfNo le preocupa que grupos ambientalistas, en alg\u00fan momento, se quejen por el uso de la madera en la construcci\u00f3n de instrumentos?<\/strong><\/p>\n<p><em>Me preocupa que bosques enteros de todo tipo de madera sean devastados para construir muebles y palacios donde el aspecto utilitario es microsc\u00f3pico, como esas camas con columnas talladas en sus cuatro esquinas, copete, frente, cenefas&#8230; los luthiers utilizamos casi el cien por ciento de la madera que adquirimos y procesamos, y, ninguna parte o elemento de un instrumento es innecesario o sobrecargado. Mi aporte al conservacionismo lo hago en parte, no adquiriendo maderas declaradas en peligro de extinci\u00f3n, protegidas o que no est\u00e9n certificadas como parte de programas sustentables de conservaci\u00f3n, reforestaci\u00f3n y tala controlada.<\/em><\/p>\n<div id=\"attachment_19056\" style=\"width: 480px\" class=\"wp-caption aligncenter\"><a href=\"https:\/\/seryhumano.com\/web\/?attachment_id=19056\" rel=\"attachment wp-att-19056\"><img loading=\"lazy\" decoding=\"async\" aria-describedby=\"caption-attachment-19056\" class=\"wp-image-19056 size-large\" src=\"https:\/\/seryhumano.com\/web\/wp-content\/uploads\/2015\/03\/SAM_2110a-1024x577.jpg\" alt=\"El Maestro Aquiles Torres probando una guitarra reci\u00e9n terminada.\" width=\"470\" height=\"265\" srcset=\"https:\/\/seryhumano.com\/web\/wp-content\/uploads\/2015\/03\/SAM_2110a-1024x577.jpg 1024w, https:\/\/seryhumano.com\/web\/wp-content\/uploads\/2015\/03\/SAM_2110a-300x169.jpg 300w, https:\/\/seryhumano.com\/web\/wp-content\/uploads\/2015\/03\/SAM_2110a-265x150.jpg 265w, https:\/\/seryhumano.com\/web\/wp-content\/uploads\/2015\/03\/SAM_2110a.jpg 1426w\" sizes=\"auto, (max-width: 470px) 100vw, 470px\" \/><\/a><p id=\"caption-attachment-19056\" class=\"wp-caption-text\">El Maestro Aquiles Torres probando una guitarra reci\u00e9n terminada. (Imagen cortes\u00eda de Juan Claudio Torres)<\/p><\/div>\n<p><strong>Entiendo que as\u00ed como construye los instrumentos, tambi\u00e9n los repara. \u00bfEn la reparaci\u00f3n el proceso se torna m\u00e1s f\u00e1cil?<\/strong><\/p>\n<p><em>Tengo una especie de pol\u00edtica que, como todo, tiene sus excepciones; no suelo reparar instrumentos que no hayan sido construidos por m\u00ed, por varias razones. Muchas veces, las reparaciones se toman m\u00e1s tiempo y cuidado que la construcci\u00f3n porque se deben redoblar ciertos cuidados; el instrumento ya est\u00e1 construido y hay que cuidar y proteger todo el resto para enfocarse en la reparaci\u00f3n. <\/em><\/p>\n<p><em>Un instrumento se construye en etapas y pasos que no pueden ser adelantados sin que se haya completado el anterior; en una reparaci\u00f3n, todos esos pasos est\u00e1n culminados y he de trabajar sin modificar ese orden, lo cual aumenta la dificultad. Generalmente los clientes no est\u00e1n conscientes de esto, y no s\u00f3lo piensan que es algo que no ha de costar mucho dinero, sino que, adem\u00e1s, me debe tomar muy poco tiempo en culminar, pretendiendo que deje de lado mi trabajo para atender la reparaci\u00f3n. <\/em><\/p>\n<p><em>Me he encontrado con casos como que el precio que le doy por la reparaci\u00f3n es tres veces lo que pag\u00f3 por el instrumento hace veinte a\u00f1os y por eso no lo justifican; realmente, han de ser casos muy especiales para proceder. Existen especialistas en reparaciones y reacondicionamiento de instrumentos; a ellos los remito sin dudar.<\/em><\/p>\n<p><strong>Volviendo al tema de la profesionalizaci\u00f3n, \u00bfExiste escuela de luthiers? \u00bfEn d\u00f3nde aprendi\u00f3 este oficio? <\/strong><\/p>\n<p><em>Me form\u00e9 a trav\u00e9s de clases particulares con dos grandes luthiers en Venezuela, por lo que siempre me he sentido afortunado; el maestro luthier Claudio Lazcano y el maestro luthier Oscar Garc\u00eda (ya fallecido). Bajo su gu\u00eda y tutela constru\u00ed los primeros instrumentos.<\/em><\/p>\n<p><em>Lamentablemente, en nuestro pa\u00eds no tenemos una tradici\u00f3n ni historia de escuelas de luther\u00eda a la escala deseada, pero s\u00ed existen centros de formaci\u00f3n muy interesantes y desarrollando una labor important\u00edsima, la formaci\u00f3n del luthier como oficio en las \u00e1reas de instrumentos de arco y de cuerdas pulsadas; as\u00ed que espero que m\u00e1s pronto que tarde, se convierta en una carrera universitaria larga, como lo es en pa\u00edses de antigua tradici\u00f3n. Sin embargo, debo agregar que, pese a esos vac\u00edos, nuestros luthiers son de alta factura y sus instrumentos son apreciados dentro y fuera del pa\u00eds.<\/em><\/p>\n<blockquote><p><span style=\"color: #333399;\"><em>\u00abCreo que el verdadero triunfador en la vida es aquel que encuentra en su oficio, profesi\u00f3n o actividad, la raz\u00f3n de su existencia, el punto de encuentro de sus dones y talentos, el sentido del tiempo, la armon\u00eda tanto interna como con el mundo&#8230;\u00bb<\/em><\/span><\/p><\/blockquote>\n<p><strong>Entonces, \u00bfSe aprecian o no los instrumentos \u00abhechos en casa\u00bb,\u00a0 \u00abMade in Venezuela\u00bb?<\/strong><\/p>\n<p><em>En lo referente a \u00ablos vac\u00edos\u00bb estoy hablando de la falta de una escuela tradicional de luther\u00eda, por eso digo que pese a eso, nuestro luthiers son excelentes y se sabe que no solo son apreciados en el pa\u00eds sino tambi\u00e9n en el exterior.<\/em><\/p>\n<p><strong>Su taller lo tiene en Houston, \u00bfpor qu\u00e9 no tenerlo en Caracas?<\/strong><\/p>\n<p><em>Todo sucede a ra\u00edz de una invitaci\u00f3n hecha a mi esposa por parte de su hermano, quien ya ten\u00eda un a\u00f1o viviendo aqu\u00ed, para mostrar sus credenciales a un renombrado cirujano local. Por supuesto, uno en este tipo de cosas no muestra mucho inter\u00e9s porque como nos sucede a todos, los viajes son muy ricos en vivencias y placeres, pero regresar a casa es m\u00e1s reconfortante a\u00fan. A pesar de eso, los dos \u00faltimos a\u00f1os antes de venir a probar suerte aqu\u00ed estuvieron signados por una ca\u00edda paulatina de la econom\u00eda familiar, y, esa <\/em>invitaci\u00f3n<em> lleg\u00f3 en el momento justo en el que est\u00e1bamos dispuestos a hacer algo para mejorarla. Todo sucedi\u00f3 de forma vertiginosa y muy pronto est\u00e1bamos tratando de entender esa nueva realidad, pa\u00eds, idioma, cultura, vida; luego de doce a\u00f1os, mi oficio, mi trabajo volvi\u00f3 a ser mi d\u00eda a d\u00eda.<\/em><\/p>\n<p><strong>En el aspecto pecuniario de su trabajo,\u00a0 \u00bfCu\u00e1ntos instrumentos se tienen que construir para que sea productivo el oficio ( no quiero utilizar la palabra \u00ablucrativo\u00bb) pero usted d\u00edgame si es pertinente o no.<\/strong><\/p>\n<p><em>\u00a0&#8230;bueno, la palabra te la dejo a ti, pero es interesante que entiendas que no se dedica la vida a esto con el s\u00f3lo norte de hacer dinero, realmente no es as\u00ed de f\u00e1cil. Es muy cambiante en sus etapas, al principio es muy poco o nada lo que se recibe, el precio m\u00e1s bien lo est\u00e1 pagando uno, pero en la medida que se evoluciona, se crece en el oficio, se optimiza el resultado y, muy importante, es reconocido y divulgado, es cuando se puede pensar en darle precio. Realmente no se mide entonces por el n\u00famero de instrumentos para que sea lucrativo o rentable, se mide por la calidad de cada instrumento aunque la producci\u00f3n sea muy baja.<\/em><\/p>\n<p><strong>No todos los padres apoyan a sus hijos cuando estos decide por un oficio y no por una carrera universitaria, \u00bfQu\u00e9 opina al respecto?<\/strong><\/p>\n<p><em>Creo que el verdadero triunfador en la vida es aquel que encuentra en su oficio, profesi\u00f3n o actividad, la raz\u00f3n de su existencia, el punto de encuentro de sus dones y talentos, el sentido del tiempo, la armon\u00eda tanto interna como con el mundo&#8230; si los padres, adem\u00e1s de esa condici\u00f3n biol\u00f3gica, son gu\u00edas, maestros, amigos y tutores, entender\u00e1n que la imposici\u00f3n de una carrera universitaria, por ejemplo, podr\u00eda significar a futuro un adulto frustrado, resentido, incompleto, infeliz. Existen talentos que, canalizados a trav\u00e9s de una carrera universitaria resultan completamente exitosos; otros, canalizados a trav\u00e9s de las actividades comerciales tambi\u00e9n lo son; artistas, escritores; as\u00ed que, \u00bfpor qu\u00e9 no un oficio?<\/em><\/p>\n<div id=\"attachment_19064\" style=\"width: 480px\" class=\"wp-caption aligncenter\"><a href=\"https:\/\/seryhumano.com\/web\/?attachment_id=19064\" rel=\"attachment wp-att-19064\"><img loading=\"lazy\" decoding=\"async\" aria-describedby=\"caption-attachment-19064\" class=\"wp-image-19064 size-large\" src=\"https:\/\/seryhumano.com\/web\/wp-content\/uploads\/2015\/03\/1839a-1024x577.jpg\" alt=\"El Maestro Aquiles Torres con una guitarra en proceso de construcci\u00f3n\" width=\"470\" height=\"265\" srcset=\"https:\/\/seryhumano.com\/web\/wp-content\/uploads\/2015\/03\/1839a-1024x577.jpg 1024w, https:\/\/seryhumano.com\/web\/wp-content\/uploads\/2015\/03\/1839a-300x169.jpg 300w, https:\/\/seryhumano.com\/web\/wp-content\/uploads\/2015\/03\/1839a-265x150.jpg 265w, https:\/\/seryhumano.com\/web\/wp-content\/uploads\/2015\/03\/1839a.jpg 1426w\" sizes=\"auto, (max-width: 470px) 100vw, 470px\" \/><\/a><p id=\"caption-attachment-19064\" class=\"wp-caption-text\">El Maestro Aquiles Torres con una guitarra en proceso de construcci\u00f3n (Imagen cortes\u00eda de Juan Claudio Torres)<\/p><\/div>\n<p>Y con esa profunda reflexi\u00f3n culmina mi conversaci\u00f3n con el Maestro Aquiles Torres; quedo con \u00e9l profundamente agradecida por su tiempo, el cual se alarg\u00f3 m\u00e1s de lo previsto por moment\u00e1neas interrupciones del servicio de internet\u00a0 durante la entrevista.<\/p>\n<p><span style=\"text-decoration: underline;\"><strong>En un click<\/strong><\/span><\/p>\n<p>Si desea saber un poco m\u00e1s del trabajo o contactar con el Maestro Aquiles Torres, pueden hacerlo a trav\u00e9s de su\u00a0 p\u00e1gina web <a title=\"www.atorresluthier.com\" href=\"http:\/\/www.atorresluthier.com\" target=\"_blank\">www.atorresluthier.com<\/a> que para m\u00e1s comodidad se encuentra tanto en\u00a0 ingl\u00e9s como en castellano. Tambi\u00e9n utiliza la red social, Facebook bajo el nombre de ATorres Luthier, d\u00f3nde intercambia ideas e informaciones con sus colegas luthiers de todo el mundo, as\u00ed como tambi\u00e9n con ejecutantes de la guitarra cl\u00e1sica y otros instrumentos.<\/p>\n<p>seryhumano.com \/ Yosmar Herrera<\/p>\n","protected":false},"excerpt":{"rendered":"<p>Una de las cosas que disfruto much\u00edsimo del periodismo es hacer entrevistas, me da la oportunidad de intercambiar y compartir con otros seres humanos, percat\u00e1ndome siempre de su individualidad y de sus muy particulares caracter\u00edsticas, en una amable y sincera pl\u00e1tica. Es ese \u201ccalor humano\u201d que me embelesa hasta el punto de sentir, que es&hellip;<\/p>\n","protected":false},"author":2,"featured_media":19076,"comment_status":"closed","ping_status":"closed","sticky":false,"template":"","format":"standard","meta":{"footnotes":""},"categories":[148],"tags":[],"class_list":["post-19054","post","type-post","status-publish","format-standard","has-post-thumbnail","hentry","category-conociendo-a-un-humano","category-148","description-off"],"yoast_head":"<!-- This site is optimized with the Yoast SEO plugin v25.4 - https:\/\/yoast.com\/wordpress\/plugins\/seo\/ -->\n<title>Aquiles Torres: \u201c...tal vez el oficio tambi\u00e9n me encontr\u00f3 a m\u00ed\u201d<\/title>\n<meta name=\"description\" content=\"Una de las cosas que disfruto much\u00edsimo del periodismo es hacer entrevistas, me da la oportunidad de intercambiar y compartir con otros seres humanos, percat\u00e1ndome siempre de su individualidad y de sus muy particulares caracter\u00edsticas, en una amable y sincera pl\u00e1tica.\" \/>\n<meta name=\"robots\" content=\"index, follow, max-snippet:-1, max-image-preview:large, max-video-preview:-1\" \/>\n<link rel=\"canonical\" href=\"https:\/\/seryhumano.com\/web\/?p=19054\" \/>\n<meta property=\"og:locale\" content=\"es_ES\" \/>\n<meta property=\"og:type\" content=\"article\" \/>\n<meta property=\"og:title\" content=\"Aquiles Torres: \u201c...tal vez el oficio tambi\u00e9n me encontr\u00f3 a m\u00ed\u201d\" \/>\n<meta property=\"og:description\" content=\"Una de las cosas que disfruto much\u00edsimo del periodismo es hacer entrevistas, me da la oportunidad de intercambiar y compartir con otros seres humanos, percat\u00e1ndome siempre de su individualidad y de sus muy particulares caracter\u00edsticas, en una amable y sincera pl\u00e1tica.\" \/>\n<meta property=\"og:url\" content=\"https:\/\/seryhumano.com\/web\/?p=19054\" \/>\n<meta property=\"og:site_name\" content=\"SeryHumano.com\" \/>\n<meta property=\"article:publisher\" content=\"https:\/\/www.facebook.com\/seryhumano\/\" \/>\n<meta property=\"article:published_time\" content=\"2015-03-30T17:11:12+00:00\" \/>\n<meta property=\"article:modified_time\" content=\"2015-03-31T18:28:34+00:00\" \/>\n<meta property=\"og:image\" content=\"https:\/\/seryhumano.com\/web\/wp-content\/uploads\/2015\/03\/featureslider15.jpg\" \/>\n\t<meta property=\"og:image:width\" content=\"910\" \/>\n\t<meta property=\"og:image:height\" content=\"227\" \/>\n\t<meta property=\"og:image:type\" content=\"image\/jpeg\" \/>\n<meta name=\"author\" content=\"@herrera_yosmar\" \/>\n<meta name=\"twitter:card\" content=\"summary_large_image\" \/>\n<meta name=\"twitter:creator\" content=\"@SeryHumano\" \/>\n<meta name=\"twitter:site\" content=\"@SeryHumano\" \/>\n<meta name=\"twitter:label1\" content=\"Escrito por\" \/>\n\t<meta name=\"twitter:data1\" content=\"@herrera_yosmar\" \/>\n\t<meta name=\"twitter:label2\" content=\"Tiempo de lectura\" \/>\n\t<meta name=\"twitter:data2\" content=\"16 minutos\" \/>\n<script type=\"application\/ld+json\" class=\"yoast-schema-graph\">{\"@context\":\"https:\/\/schema.org\",\"@graph\":[{\"@type\":\"Article\",\"@id\":\"https:\/\/seryhumano.com\/web\/?p=19054#article\",\"isPartOf\":{\"@id\":\"https:\/\/seryhumano.com\/web\/?p=19054\"},\"author\":{\"name\":\"@herrera_yosmar\",\"@id\":\"https:\/\/seryhumano.com\/web\/#\/schema\/person\/fd30e8e0b394a62344b44d9b0fe75795\"},\"headline\":\"Aquiles Torres: \u201c&#8230;tal vez el oficio tambi\u00e9n me encontr\u00f3 a m\u00ed\u201d\",\"datePublished\":\"2015-03-30T17:11:12+00:00\",\"dateModified\":\"2015-03-31T18:28:34+00:00\",\"mainEntityOfPage\":{\"@id\":\"https:\/\/seryhumano.com\/web\/?p=19054\"},\"wordCount\":3254,\"publisher\":{\"@id\":\"https:\/\/seryhumano.com\/web\/#organization\"},\"image\":{\"@id\":\"https:\/\/seryhumano.com\/web\/?p=19054#primaryimage\"},\"thumbnailUrl\":\"https:\/\/seryhumano.com\/web\/wp-content\/uploads\/2015\/03\/featureslider15.jpg\",\"articleSection\":[\"Conociendo a un Humano\"],\"inLanguage\":\"es\"},{\"@type\":\"WebPage\",\"@id\":\"https:\/\/seryhumano.com\/web\/?p=19054\",\"url\":\"https:\/\/seryhumano.com\/web\/?p=19054\",\"name\":\"Aquiles Torres: \u201c...tal vez el oficio tambi\u00e9n me encontr\u00f3 a m\u00ed\u201d\",\"isPartOf\":{\"@id\":\"https:\/\/seryhumano.com\/web\/#website\"},\"primaryImageOfPage\":{\"@id\":\"https:\/\/seryhumano.com\/web\/?p=19054#primaryimage\"},\"image\":{\"@id\":\"https:\/\/seryhumano.com\/web\/?p=19054#primaryimage\"},\"thumbnailUrl\":\"https:\/\/seryhumano.com\/web\/wp-content\/uploads\/2015\/03\/featureslider15.jpg\",\"datePublished\":\"2015-03-30T17:11:12+00:00\",\"dateModified\":\"2015-03-31T18:28:34+00:00\",\"description\":\"Una de las cosas que disfruto much\u00edsimo del periodismo es hacer entrevistas, me da la oportunidad de intercambiar y compartir con otros seres humanos, percat\u00e1ndome siempre de su individualidad y de sus muy particulares caracter\u00edsticas, en una amable y sincera pl\u00e1tica.\",\"breadcrumb\":{\"@id\":\"https:\/\/seryhumano.com\/web\/?p=19054#breadcrumb\"},\"inLanguage\":\"es\",\"potentialAction\":[{\"@type\":\"ReadAction\",\"target\":[\"https:\/\/seryhumano.com\/web\/?p=19054\"]}]},{\"@type\":\"ImageObject\",\"inLanguage\":\"es\",\"@id\":\"https:\/\/seryhumano.com\/web\/?p=19054#primaryimage\",\"url\":\"https:\/\/seryhumano.com\/web\/wp-content\/uploads\/2015\/03\/featureslider15.jpg\",\"contentUrl\":\"https:\/\/seryhumano.com\/web\/wp-content\/uploads\/2015\/03\/featureslider15.jpg\",\"width\":910,\"height\":227},{\"@type\":\"BreadcrumbList\",\"@id\":\"https:\/\/seryhumano.com\/web\/?p=19054#breadcrumb\",\"itemListElement\":[{\"@type\":\"ListItem\",\"position\":1,\"name\":\"Portada\",\"item\":\"https:\/\/seryhumano.com\/web\/\"},{\"@type\":\"ListItem\",\"position\":2,\"name\":\"Aquiles Torres: \u201c&#8230;tal vez el oficio tambi\u00e9n me encontr\u00f3 a m\u00ed\u201d\"}]},{\"@type\":\"WebSite\",\"@id\":\"https:\/\/seryhumano.com\/web\/#website\",\"url\":\"https:\/\/seryhumano.com\/web\/\",\"name\":\"SeryHumano.com\",\"description\":\"Revista digital muy humana, donde lo mas importante es el Ser...\",\"publisher\":{\"@id\":\"https:\/\/seryhumano.com\/web\/#organization\"},\"potentialAction\":[{\"@type\":\"SearchAction\",\"target\":{\"@type\":\"EntryPoint\",\"urlTemplate\":\"https:\/\/seryhumano.com\/web\/?s={search_term_string}\"},\"query-input\":{\"@type\":\"PropertyValueSpecification\",\"valueRequired\":true,\"valueName\":\"search_term_string\"}}],\"inLanguage\":\"es\"},{\"@type\":\"Organization\",\"@id\":\"https:\/\/seryhumano.com\/web\/#organization\",\"name\":\"SeryHumano.com\",\"url\":\"https:\/\/seryhumano.com\/web\/\",\"logo\":{\"@type\":\"ImageObject\",\"inLanguage\":\"es\",\"@id\":\"https:\/\/seryhumano.com\/web\/#\/schema\/logo\/image\/\",\"url\":\"https:\/\/seryhumano.com\/web\/wp-content\/uploads\/2020\/02\/JNe5VRwH_400x400-2.jpg\",\"contentUrl\":\"https:\/\/seryhumano.com\/web\/wp-content\/uploads\/2020\/02\/JNe5VRwH_400x400-2.jpg\",\"width\":400,\"height\":400,\"caption\":\"SeryHumano.com\"},\"image\":{\"@id\":\"https:\/\/seryhumano.com\/web\/#\/schema\/logo\/image\/\"},\"sameAs\":[\"https:\/\/www.facebook.com\/seryhumano\/\",\"https:\/\/x.com\/SeryHumano\",\"https:\/\/www.instagram.com\/seryhumano\/\",\"https:\/\/www.linkedin.com\/company\/seryhumano-com\/\",\"https:\/\/www.youtube.com\/channel\/UCYfgIGSxygVnJAW0e9ZBZWg\"]},{\"@type\":\"Person\",\"@id\":\"https:\/\/seryhumano.com\/web\/#\/schema\/person\/fd30e8e0b394a62344b44d9b0fe75795\",\"name\":\"@herrera_yosmar\",\"description\":\"Eterna enamorada de la vida, comunicadora, mam\u00e1 de tres\",\"sameAs\":[\"http:\/\/seryhumano.com\"],\"url\":\"https:\/\/seryhumano.com\/web\/?author=2\"}]}<\/script>\n<!-- \/ Yoast SEO plugin. -->","yoast_head_json":{"title":"Aquiles Torres: \u201c...tal vez el oficio tambi\u00e9n me encontr\u00f3 a m\u00ed\u201d","description":"Una de las cosas que disfruto much\u00edsimo del periodismo es hacer entrevistas, me da la oportunidad de intercambiar y compartir con otros seres humanos, percat\u00e1ndome siempre de su individualidad y de sus muy particulares caracter\u00edsticas, en una amable y sincera pl\u00e1tica.","robots":{"index":"index","follow":"follow","max-snippet":"max-snippet:-1","max-image-preview":"max-image-preview:large","max-video-preview":"max-video-preview:-1"},"canonical":"https:\/\/seryhumano.com\/web\/?p=19054","og_locale":"es_ES","og_type":"article","og_title":"Aquiles Torres: \u201c...tal vez el oficio tambi\u00e9n me encontr\u00f3 a m\u00ed\u201d","og_description":"Una de las cosas que disfruto much\u00edsimo del periodismo es hacer entrevistas, me da la oportunidad de intercambiar y compartir con otros seres humanos, percat\u00e1ndome siempre de su individualidad y de sus muy particulares caracter\u00edsticas, en una amable y sincera pl\u00e1tica.","og_url":"https:\/\/seryhumano.com\/web\/?p=19054","og_site_name":"SeryHumano.com","article_publisher":"https:\/\/www.facebook.com\/seryhumano\/","article_published_time":"2015-03-30T17:11:12+00:00","article_modified_time":"2015-03-31T18:28:34+00:00","og_image":[{"width":910,"height":227,"url":"https:\/\/seryhumano.com\/web\/wp-content\/uploads\/2015\/03\/featureslider15.jpg","type":"image\/jpeg"}],"author":"@herrera_yosmar","twitter_card":"summary_large_image","twitter_creator":"@SeryHumano","twitter_site":"@SeryHumano","twitter_misc":{"Escrito por":"@herrera_yosmar","Tiempo de lectura":"16 minutos"},"schema":{"@context":"https:\/\/schema.org","@graph":[{"@type":"Article","@id":"https:\/\/seryhumano.com\/web\/?p=19054#article","isPartOf":{"@id":"https:\/\/seryhumano.com\/web\/?p=19054"},"author":{"name":"@herrera_yosmar","@id":"https:\/\/seryhumano.com\/web\/#\/schema\/person\/fd30e8e0b394a62344b44d9b0fe75795"},"headline":"Aquiles Torres: \u201c&#8230;tal vez el oficio tambi\u00e9n me encontr\u00f3 a m\u00ed\u201d","datePublished":"2015-03-30T17:11:12+00:00","dateModified":"2015-03-31T18:28:34+00:00","mainEntityOfPage":{"@id":"https:\/\/seryhumano.com\/web\/?p=19054"},"wordCount":3254,"publisher":{"@id":"https:\/\/seryhumano.com\/web\/#organization"},"image":{"@id":"https:\/\/seryhumano.com\/web\/?p=19054#primaryimage"},"thumbnailUrl":"https:\/\/seryhumano.com\/web\/wp-content\/uploads\/2015\/03\/featureslider15.jpg","articleSection":["Conociendo a un Humano"],"inLanguage":"es"},{"@type":"WebPage","@id":"https:\/\/seryhumano.com\/web\/?p=19054","url":"https:\/\/seryhumano.com\/web\/?p=19054","name":"Aquiles Torres: \u201c...tal vez el oficio tambi\u00e9n me encontr\u00f3 a m\u00ed\u201d","isPartOf":{"@id":"https:\/\/seryhumano.com\/web\/#website"},"primaryImageOfPage":{"@id":"https:\/\/seryhumano.com\/web\/?p=19054#primaryimage"},"image":{"@id":"https:\/\/seryhumano.com\/web\/?p=19054#primaryimage"},"thumbnailUrl":"https:\/\/seryhumano.com\/web\/wp-content\/uploads\/2015\/03\/featureslider15.jpg","datePublished":"2015-03-30T17:11:12+00:00","dateModified":"2015-03-31T18:28:34+00:00","description":"Una de las cosas que disfruto much\u00edsimo del periodismo es hacer entrevistas, me da la oportunidad de intercambiar y compartir con otros seres humanos, percat\u00e1ndome siempre de su individualidad y de sus muy particulares caracter\u00edsticas, en una amable y sincera pl\u00e1tica.","breadcrumb":{"@id":"https:\/\/seryhumano.com\/web\/?p=19054#breadcrumb"},"inLanguage":"es","potentialAction":[{"@type":"ReadAction","target":["https:\/\/seryhumano.com\/web\/?p=19054"]}]},{"@type":"ImageObject","inLanguage":"es","@id":"https:\/\/seryhumano.com\/web\/?p=19054#primaryimage","url":"https:\/\/seryhumano.com\/web\/wp-content\/uploads\/2015\/03\/featureslider15.jpg","contentUrl":"https:\/\/seryhumano.com\/web\/wp-content\/uploads\/2015\/03\/featureslider15.jpg","width":910,"height":227},{"@type":"BreadcrumbList","@id":"https:\/\/seryhumano.com\/web\/?p=19054#breadcrumb","itemListElement":[{"@type":"ListItem","position":1,"name":"Portada","item":"https:\/\/seryhumano.com\/web\/"},{"@type":"ListItem","position":2,"name":"Aquiles Torres: \u201c&#8230;tal vez el oficio tambi\u00e9n me encontr\u00f3 a m\u00ed\u201d"}]},{"@type":"WebSite","@id":"https:\/\/seryhumano.com\/web\/#website","url":"https:\/\/seryhumano.com\/web\/","name":"SeryHumano.com","description":"Revista digital muy humana, donde lo mas importante es el Ser...","publisher":{"@id":"https:\/\/seryhumano.com\/web\/#organization"},"potentialAction":[{"@type":"SearchAction","target":{"@type":"EntryPoint","urlTemplate":"https:\/\/seryhumano.com\/web\/?s={search_term_string}"},"query-input":{"@type":"PropertyValueSpecification","valueRequired":true,"valueName":"search_term_string"}}],"inLanguage":"es"},{"@type":"Organization","@id":"https:\/\/seryhumano.com\/web\/#organization","name":"SeryHumano.com","url":"https:\/\/seryhumano.com\/web\/","logo":{"@type":"ImageObject","inLanguage":"es","@id":"https:\/\/seryhumano.com\/web\/#\/schema\/logo\/image\/","url":"https:\/\/seryhumano.com\/web\/wp-content\/uploads\/2020\/02\/JNe5VRwH_400x400-2.jpg","contentUrl":"https:\/\/seryhumano.com\/web\/wp-content\/uploads\/2020\/02\/JNe5VRwH_400x400-2.jpg","width":400,"height":400,"caption":"SeryHumano.com"},"image":{"@id":"https:\/\/seryhumano.com\/web\/#\/schema\/logo\/image\/"},"sameAs":["https:\/\/www.facebook.com\/seryhumano\/","https:\/\/x.com\/SeryHumano","https:\/\/www.instagram.com\/seryhumano\/","https:\/\/www.linkedin.com\/company\/seryhumano-com\/","https:\/\/www.youtube.com\/channel\/UCYfgIGSxygVnJAW0e9ZBZWg"]},{"@type":"Person","@id":"https:\/\/seryhumano.com\/web\/#\/schema\/person\/fd30e8e0b394a62344b44d9b0fe75795","name":"@herrera_yosmar","description":"Eterna enamorada de la vida, comunicadora, mam\u00e1 de tres","sameAs":["http:\/\/seryhumano.com"],"url":"https:\/\/seryhumano.com\/web\/?author=2"}]}},"_links":{"self":[{"href":"https:\/\/seryhumano.com\/web\/index.php?rest_route=\/wp\/v2\/posts\/19054","targetHints":{"allow":["GET"]}}],"collection":[{"href":"https:\/\/seryhumano.com\/web\/index.php?rest_route=\/wp\/v2\/posts"}],"about":[{"href":"https:\/\/seryhumano.com\/web\/index.php?rest_route=\/wp\/v2\/types\/post"}],"author":[{"embeddable":true,"href":"https:\/\/seryhumano.com\/web\/index.php?rest_route=\/wp\/v2\/users\/2"}],"replies":[{"embeddable":true,"href":"https:\/\/seryhumano.com\/web\/index.php?rest_route=%2Fwp%2Fv2%2Fcomments&post=19054"}],"version-history":[{"count":0,"href":"https:\/\/seryhumano.com\/web\/index.php?rest_route=\/wp\/v2\/posts\/19054\/revisions"}],"wp:featuredmedia":[{"embeddable":true,"href":"https:\/\/seryhumano.com\/web\/index.php?rest_route=\/wp\/v2\/media\/19076"}],"wp:attachment":[{"href":"https:\/\/seryhumano.com\/web\/index.php?rest_route=%2Fwp%2Fv2%2Fmedia&parent=19054"}],"wp:term":[{"taxonomy":"category","embeddable":true,"href":"https:\/\/seryhumano.com\/web\/index.php?rest_route=%2Fwp%2Fv2%2Fcategories&post=19054"},{"taxonomy":"post_tag","embeddable":true,"href":"https:\/\/seryhumano.com\/web\/index.php?rest_route=%2Fwp%2Fv2%2Ftags&post=19054"}],"curies":[{"name":"wp","href":"https:\/\/api.w.org\/{rel}","templated":true}]}}