{"id":19178,"date":"2015-04-10T10:26:15","date_gmt":"2015-04-10T14:56:15","guid":{"rendered":"https:\/\/seryhumano.com\/web\/?p=19178"},"modified":"2015-04-10T14:14:32","modified_gmt":"2015-04-10T18:44:32","slug":"comienza-la-super-feria-2015","status":"publish","type":"post","link":"https:\/\/seryhumano.com\/web\/?p=19178","title":{"rendered":"Comienza la Super-Feria 2015"},"content":{"rendered":"<p style=\"text-align: center;\"><strong>De los productores de la \u201cCaracas Comic Con\u201d viene un nuevo concepto en entretenimiento: \u00a1La Super-Feria! Este ser\u00e1 un centro de diversi\u00f3n que tendr\u00e1 lugar desde el 10 de Abril hasta el 21 de Junio 2015 en el sal\u00f3n Espacio M\u00faltiple, Nivel C1, CCCT<\/strong><\/p>\n<div id=\"attachment_19183\" style=\"width: 310px\" class=\"wp-caption alignleft\"><a href=\"https:\/\/seryhumano.com\/web\/?attachment_id=19183\" rel=\"attachment wp-att-19183\"><img loading=\"lazy\" decoding=\"async\" aria-describedby=\"caption-attachment-19183\" class=\"wp-image-19183 size-medium\" src=\"https:\/\/seryhumano.com\/web\/wp-content\/uploads\/2015\/04\/Un-espacio-para-que-los-fan\u00e1ticos-disfruten-300x200.jpg\" alt=\"Un espacio para que los fan\u00e1ticos disfruten\" width=\"300\" height=\"200\" srcset=\"https:\/\/seryhumano.com\/web\/wp-content\/uploads\/2015\/04\/Un-espacio-para-que-los-fan\u00e1ticos-disfruten-300x200.jpg 300w, https:\/\/seryhumano.com\/web\/wp-content\/uploads\/2015\/04\/Un-espacio-para-que-los-fan\u00e1ticos-disfruten-1024x683.jpg 1024w\" sizes=\"auto, (max-width: 300px) 100vw, 300px\" \/><\/a><p id=\"caption-attachment-19183\" class=\"wp-caption-text\">Un espacio para que los fan\u00e1ticos disfruten<\/p><\/div>\n<p>\u201cCaracas Comic Con\u201d ha estado presentando lo m\u00e1s destacado en hobbies y entretenimiento desde el 2010, y ahora nos ofrecen un evento de formato largo. Ser\u00e1 una opci\u00f3n para toda la familia, para salir de la rutina y disfrutar de manera diferente.<\/p>\n<p>Las atracciones incluir\u00e1n videojuegos y torneos. Los asistentes se podr\u00e1n lucir bailando Pump-It-Up o Dance Dance Revolution, mostrar sus movimientos en Just Dance o destacarse en Super Smash Bros para WiiU, entre otros. Tambi\u00e9n podr\u00e1n enfrentarse en Paintball 1 vs 1, conocer juegos de mesa de colecci\u00f3n o relajarse viendo series o pel\u00edculas en el cafet\u00edn SciFi\/Fantas\u00eda.<\/p>\n<div id=\"attachment_19186\" style=\"width: 210px\" class=\"wp-caption alignleft\"><a href=\"https:\/\/seryhumano.com\/web\/?attachment_id=19186\" rel=\"attachment wp-att-19186\"><img loading=\"lazy\" decoding=\"async\" aria-describedby=\"caption-attachment-19186\" class=\"wp-image-19186 size-medium\" src=\"https:\/\/seryhumano.com\/web\/wp-content\/uploads\/2015\/04\/Convi\u00e9rtete-en-zombie-o-sobreviviente-en-el-Escape-Zombie-200x300.jpg\" alt=\"Convi\u00e9rtete en zombie o sobreviviente en el Escape Zombie.\" width=\"200\" height=\"300\" srcset=\"https:\/\/seryhumano.com\/web\/wp-content\/uploads\/2015\/04\/Convi\u00e9rtete-en-zombie-o-sobreviviente-en-el-Escape-Zombie-200x300.jpg 200w, https:\/\/seryhumano.com\/web\/wp-content\/uploads\/2015\/04\/Convi\u00e9rtete-en-zombie-o-sobreviviente-en-el-Escape-Zombie-683x1024.jpg 683w, https:\/\/seryhumano.com\/web\/wp-content\/uploads\/2015\/04\/Convi\u00e9rtete-en-zombie-o-sobreviviente-en-el-Escape-Zombie.jpg 1920w\" sizes=\"auto, (max-width: 200px) 100vw, 200px\" \/><\/a><p id=\"caption-attachment-19186\" class=\"wp-caption-text\">Convi\u00e9rtete en zombie o sobreviviente en el Escape Zombie.<\/p><\/div>\n<p>Podr\u00e1n hacerse una caricatura con los talentosos artistas nacionales. Probar\u00e1n sus habilidades como \u201czombie\u201d o como sobreviviente en el laberinto del juego grupal \u00abEscape Zombie\u00bb, o simplemente podr\u00e1n adquirir un maquillaje de muerto viviente para tomarse fotos espeluznantes.<\/p>\n<p>La diversi\u00f3n se acompa\u00f1ar\u00e1 con las tiendas de mercanc\u00eda especializada de los personajes m\u00e1s populares de las historietas, libros, animaci\u00f3n, series de televisi\u00f3n, video juegos y el cine.<\/p>\n<p>La Super-Feria tambi\u00e9n los invita a conocer y adquirir los #1 de los c\u00f3mics venezolanos \u201cMicauro\u201d y \u201cCamioneticas de Combate Go!\u201d de la Editorial GM C\u00f3mics del Grupo Macpecri.<\/p>\n<div id=\"attachment_19184\" style=\"width: 310px\" class=\"wp-caption alignright\"><a href=\"https:\/\/seryhumano.com\/web\/?attachment_id=19184\" rel=\"attachment wp-att-19184\"><img loading=\"lazy\" decoding=\"async\" aria-describedby=\"caption-attachment-19184\" class=\"wp-image-19184 size-medium\" src=\"https:\/\/seryhumano.com\/web\/wp-content\/uploads\/2015\/04\/Stand-de-venta-de-historietas-300x200.jpg\" alt=\"Stand de venta de historietas\" width=\"300\" height=\"200\" srcset=\"https:\/\/seryhumano.com\/web\/wp-content\/uploads\/2015\/04\/Stand-de-venta-de-historietas-300x200.jpg 300w, https:\/\/seryhumano.com\/web\/wp-content\/uploads\/2015\/04\/Stand-de-venta-de-historietas-1024x683.jpg 1024w\" sizes=\"auto, (max-width: 300px) 100vw, 300px\" \/><\/a><p id=\"caption-attachment-19184\" class=\"wp-caption-text\">Stand de venta de historietas<\/p><\/div>\n<p>No dejes de pasar por la \u201cSuper-Feria\u201d, Centro de Diversi\u00f3n Comic+Games de los productores de \u201cCaracas Comic Con\u201d.<\/p>\n<p>Fecha y Duraci\u00f3n: 10 de Abril al 21 de Junio 2015.<\/p>\n<div id=\"attachment_19185\" style=\"width: 210px\" class=\"wp-caption alignright\"><a href=\"https:\/\/seryhumano.com\/web\/?attachment_id=19185\" rel=\"attachment wp-att-19185\"><img loading=\"lazy\" decoding=\"async\" aria-describedby=\"caption-attachment-19185\" class=\"wp-image-19185 size-medium\" src=\"https:\/\/seryhumano.com\/web\/wp-content\/uploads\/2015\/04\/Mappy-S\u00e1nchez-en-Cosplay-de-Asuka-del-anime-de-Evangelion-200x300.jpg\" alt=\"Mappy S\u00e1nchez en Cosplay de Asuka del anime de Evangelion\" width=\"200\" height=\"300\" srcset=\"https:\/\/seryhumano.com\/web\/wp-content\/uploads\/2015\/04\/Mappy-S\u00e1nchez-en-Cosplay-de-Asuka-del-anime-de-Evangelion-200x300.jpg 200w, https:\/\/seryhumano.com\/web\/wp-content\/uploads\/2015\/04\/Mappy-S\u00e1nchez-en-Cosplay-de-Asuka-del-anime-de-Evangelion-683x1024.jpg 683w, https:\/\/seryhumano.com\/web\/wp-content\/uploads\/2015\/04\/Mappy-S\u00e1nchez-en-Cosplay-de-Asuka-del-anime-de-Evangelion.jpg 1920w\" sizes=\"auto, (max-width: 200px) 100vw, 200px\" \/><\/a><p id=\"caption-attachment-19185\" class=\"wp-caption-text\">Mappy S\u00e1nchez en Cosplay de Asuka del anime de Evangelion<\/p><\/div>\n<p>Lugar: Espacio M\u00faltiple, Nivel C1, CCCT.<\/p>\n<p>Horario: Martes-Domingo 12:00pm-7:00pm. Cerrado los Lunes.<\/p>\n<p>Concepto: Centro de diversi\u00f3n. Comics+Games. Este ser\u00e1 el \u00abaperitivo\u00bb para nuestro evento fuerte, Caracas Comic Con Julio.<\/p>\n<p>Entrada: BsF 200 por d\u00eda (incluye dos tickets para juegos).<\/p>\n<p>Tickets para juegos: BsF 50.<\/p>\n<p>Facebook: \/superferiacomics<\/p>\n<p>Twitter: @super_feria<\/p>\n<p>P\u00e1gina Web: <a href=\"http:\/\/www.super-feria.com\">www.super-feria.com<\/a><\/p>\n<p>&nbsp;<\/p>\n<p>seryhumano.com<br \/>\nNota de Prensa<\/p>\n","protected":false},"excerpt":{"rendered":"<p>De los productores de la \u201cCaracas Comic Con\u201d viene un nuevo concepto en entretenimiento: \u00a1La Super-Feria! Este ser\u00e1 un centro de diversi\u00f3n que tendr\u00e1 lugar desde el 10 de Abril hasta el 21 de Junio 2015 en el sal\u00f3n Espacio M\u00faltiple, Nivel C1, CCCT \u201cCaracas Comic Con\u201d ha estado presentando lo m\u00e1s destacado en hobbies&hellip;<\/p>\n","protected":false},"author":2,"featured_media":19201,"comment_status":"closed","ping_status":"closed","sticky":false,"template":"","format":"standard","meta":{"footnotes":""},"categories":[110],"tags":[],"class_list":["post-19178","post","type-post","status-publish","format-standard","has-post-thumbnail","hentry","category-noticias","category-110","description-off"],"yoast_head":"<!-- This site is optimized with the Yoast SEO plugin v25.4 - https:\/\/yoast.com\/wordpress\/plugins\/seo\/ -->\n<title>Comienza la Super-Feria 2015<\/title>\n<meta name=\"description\" content=\"De los productores de la \u201cCaracas Comic Con\u201d viene un nuevo concepto en entretenimiento: \u00a1La Super-Feria! Este ser\u00e1 un centro de diversi\u00f3n que tendr\u00e1 lugar desde el 10 de Abril hasta el 21 de Junio 2015 en el sal\u00f3n Espacio M\u00faltiple, Nivel C1, CCCT\" \/>\n<meta name=\"robots\" content=\"index, follow, max-snippet:-1, max-image-preview:large, max-video-preview:-1\" \/>\n<link rel=\"canonical\" href=\"https:\/\/seryhumano.com\/web\/?p=19178\" \/>\n<meta property=\"og:locale\" content=\"es_ES\" \/>\n<meta property=\"og:type\" content=\"article\" \/>\n<meta property=\"og:title\" content=\"Comienza la Super-Feria 2015\" \/>\n<meta property=\"og:description\" content=\"De los productores de la \u201cCaracas Comic Con\u201d viene un nuevo concepto en entretenimiento: \u00a1La Super-Feria! Este ser\u00e1 un centro de diversi\u00f3n que tendr\u00e1 lugar desde el 10 de Abril hasta el 21 de Junio 2015 en el sal\u00f3n Espacio M\u00faltiple, Nivel C1, CCCT\" \/>\n<meta property=\"og:url\" content=\"https:\/\/seryhumano.com\/web\/?p=19178\" \/>\n<meta property=\"og:site_name\" content=\"SeryHumano.com\" \/>\n<meta property=\"article:publisher\" content=\"https:\/\/www.facebook.com\/seryhumano\/\" \/>\n<meta property=\"article:published_time\" content=\"2015-04-10T14:56:15+00:00\" \/>\n<meta property=\"article:modified_time\" content=\"2015-04-10T18:44:32+00:00\" \/>\n<meta property=\"og:image\" content=\"https:\/\/seryhumano.com\/web\/wp-content\/uploads\/2015\/04\/featureslider10.jpg\" \/>\n\t<meta property=\"og:image:width\" content=\"910\" \/>\n\t<meta property=\"og:image:height\" content=\"227\" \/>\n\t<meta property=\"og:image:type\" content=\"image\/jpeg\" \/>\n<meta name=\"author\" content=\"@herrera_yosmar\" \/>\n<meta name=\"twitter:card\" content=\"summary_large_image\" \/>\n<meta name=\"twitter:creator\" content=\"@SeryHumano\" \/>\n<meta name=\"twitter:site\" content=\"@SeryHumano\" \/>\n<meta name=\"twitter:label1\" content=\"Escrito por\" \/>\n\t<meta name=\"twitter:data1\" content=\"@herrera_yosmar\" \/>\n\t<meta name=\"twitter:label2\" content=\"Tiempo de lectura\" \/>\n\t<meta name=\"twitter:data2\" content=\"2 minutos\" \/>\n<script type=\"application\/ld+json\" class=\"yoast-schema-graph\">{\"@context\":\"https:\/\/schema.org\",\"@graph\":[{\"@type\":\"Article\",\"@id\":\"https:\/\/seryhumano.com\/web\/?p=19178#article\",\"isPartOf\":{\"@id\":\"https:\/\/seryhumano.com\/web\/?p=19178\"},\"author\":{\"name\":\"@herrera_yosmar\",\"@id\":\"https:\/\/seryhumano.com\/web\/#\/schema\/person\/fd30e8e0b394a62344b44d9b0fe75795\"},\"headline\":\"Comienza la Super-Feria 2015\",\"datePublished\":\"2015-04-10T14:56:15+00:00\",\"dateModified\":\"2015-04-10T18:44:32+00:00\",\"mainEntityOfPage\":{\"@id\":\"https:\/\/seryhumano.com\/web\/?p=19178\"},\"wordCount\":415,\"publisher\":{\"@id\":\"https:\/\/seryhumano.com\/web\/#organization\"},\"image\":{\"@id\":\"https:\/\/seryhumano.com\/web\/?p=19178#primaryimage\"},\"thumbnailUrl\":\"https:\/\/seryhumano.com\/web\/wp-content\/uploads\/2015\/04\/featureslider10.jpg\",\"articleSection\":[\"Noticias\"],\"inLanguage\":\"es\"},{\"@type\":\"WebPage\",\"@id\":\"https:\/\/seryhumano.com\/web\/?p=19178\",\"url\":\"https:\/\/seryhumano.com\/web\/?p=19178\",\"name\":\"Comienza la Super-Feria 2015\",\"isPartOf\":{\"@id\":\"https:\/\/seryhumano.com\/web\/#website\"},\"primaryImageOfPage\":{\"@id\":\"https:\/\/seryhumano.com\/web\/?p=19178#primaryimage\"},\"image\":{\"@id\":\"https:\/\/seryhumano.com\/web\/?p=19178#primaryimage\"},\"thumbnailUrl\":\"https:\/\/seryhumano.com\/web\/wp-content\/uploads\/2015\/04\/featureslider10.jpg\",\"datePublished\":\"2015-04-10T14:56:15+00:00\",\"dateModified\":\"2015-04-10T18:44:32+00:00\",\"description\":\"De los productores de la \u201cCaracas Comic Con\u201d viene un nuevo concepto en entretenimiento: \u00a1La Super-Feria! Este ser\u00e1 un centro de diversi\u00f3n que tendr\u00e1 lugar desde el 10 de Abril hasta el 21 de Junio 2015 en el sal\u00f3n Espacio M\u00faltiple, Nivel C1, CCCT\",\"breadcrumb\":{\"@id\":\"https:\/\/seryhumano.com\/web\/?p=19178#breadcrumb\"},\"inLanguage\":\"es\",\"potentialAction\":[{\"@type\":\"ReadAction\",\"target\":[\"https:\/\/seryhumano.com\/web\/?p=19178\"]}]},{\"@type\":\"ImageObject\",\"inLanguage\":\"es\",\"@id\":\"https:\/\/seryhumano.com\/web\/?p=19178#primaryimage\",\"url\":\"https:\/\/seryhumano.com\/web\/wp-content\/uploads\/2015\/04\/featureslider10.jpg\",\"contentUrl\":\"https:\/\/seryhumano.com\/web\/wp-content\/uploads\/2015\/04\/featureslider10.jpg\",\"width\":910,\"height\":227},{\"@type\":\"BreadcrumbList\",\"@id\":\"https:\/\/seryhumano.com\/web\/?p=19178#breadcrumb\",\"itemListElement\":[{\"@type\":\"ListItem\",\"position\":1,\"name\":\"Portada\",\"item\":\"https:\/\/seryhumano.com\/web\/\"},{\"@type\":\"ListItem\",\"position\":2,\"name\":\"Comienza la Super-Feria 2015\"}]},{\"@type\":\"WebSite\",\"@id\":\"https:\/\/seryhumano.com\/web\/#website\",\"url\":\"https:\/\/seryhumano.com\/web\/\",\"name\":\"SeryHumano.com\",\"description\":\"Revista digital muy humana, donde lo mas importante es el Ser...\",\"publisher\":{\"@id\":\"https:\/\/seryhumano.com\/web\/#organization\"},\"potentialAction\":[{\"@type\":\"SearchAction\",\"target\":{\"@type\":\"EntryPoint\",\"urlTemplate\":\"https:\/\/seryhumano.com\/web\/?s={search_term_string}\"},\"query-input\":{\"@type\":\"PropertyValueSpecification\",\"valueRequired\":true,\"valueName\":\"search_term_string\"}}],\"inLanguage\":\"es\"},{\"@type\":\"Organization\",\"@id\":\"https:\/\/seryhumano.com\/web\/#organization\",\"name\":\"SeryHumano.com\",\"url\":\"https:\/\/seryhumano.com\/web\/\",\"logo\":{\"@type\":\"ImageObject\",\"inLanguage\":\"es\",\"@id\":\"https:\/\/seryhumano.com\/web\/#\/schema\/logo\/image\/\",\"url\":\"https:\/\/seryhumano.com\/web\/wp-content\/uploads\/2020\/02\/JNe5VRwH_400x400-2.jpg\",\"contentUrl\":\"https:\/\/seryhumano.com\/web\/wp-content\/uploads\/2020\/02\/JNe5VRwH_400x400-2.jpg\",\"width\":400,\"height\":400,\"caption\":\"SeryHumano.com\"},\"image\":{\"@id\":\"https:\/\/seryhumano.com\/web\/#\/schema\/logo\/image\/\"},\"sameAs\":[\"https:\/\/www.facebook.com\/seryhumano\/\",\"https:\/\/x.com\/SeryHumano\",\"https:\/\/www.instagram.com\/seryhumano\/\",\"https:\/\/www.linkedin.com\/company\/seryhumano-com\/\",\"https:\/\/www.youtube.com\/channel\/UCYfgIGSxygVnJAW0e9ZBZWg\"]},{\"@type\":\"Person\",\"@id\":\"https:\/\/seryhumano.com\/web\/#\/schema\/person\/fd30e8e0b394a62344b44d9b0fe75795\",\"name\":\"@herrera_yosmar\",\"description\":\"Eterna enamorada de la vida, comunicadora, mam\u00e1 de tres\",\"sameAs\":[\"http:\/\/seryhumano.com\"],\"url\":\"https:\/\/seryhumano.com\/web\/?author=2\"}]}<\/script>\n<!-- \/ Yoast SEO plugin. -->","yoast_head_json":{"title":"Comienza la Super-Feria 2015","description":"De los productores de la \u201cCaracas Comic Con\u201d viene un nuevo concepto en entretenimiento: \u00a1La Super-Feria! Este ser\u00e1 un centro de diversi\u00f3n que tendr\u00e1 lugar desde el 10 de Abril hasta el 21 de Junio 2015 en el sal\u00f3n Espacio M\u00faltiple, Nivel C1, CCCT","robots":{"index":"index","follow":"follow","max-snippet":"max-snippet:-1","max-image-preview":"max-image-preview:large","max-video-preview":"max-video-preview:-1"},"canonical":"https:\/\/seryhumano.com\/web\/?p=19178","og_locale":"es_ES","og_type":"article","og_title":"Comienza la Super-Feria 2015","og_description":"De los productores de la \u201cCaracas Comic Con\u201d viene un nuevo concepto en entretenimiento: \u00a1La Super-Feria! Este ser\u00e1 un centro de diversi\u00f3n que tendr\u00e1 lugar desde el 10 de Abril hasta el 21 de Junio 2015 en el sal\u00f3n Espacio M\u00faltiple, Nivel C1, CCCT","og_url":"https:\/\/seryhumano.com\/web\/?p=19178","og_site_name":"SeryHumano.com","article_publisher":"https:\/\/www.facebook.com\/seryhumano\/","article_published_time":"2015-04-10T14:56:15+00:00","article_modified_time":"2015-04-10T18:44:32+00:00","og_image":[{"width":910,"height":227,"url":"https:\/\/seryhumano.com\/web\/wp-content\/uploads\/2015\/04\/featureslider10.jpg","type":"image\/jpeg"}],"author":"@herrera_yosmar","twitter_card":"summary_large_image","twitter_creator":"@SeryHumano","twitter_site":"@SeryHumano","twitter_misc":{"Escrito por":"@herrera_yosmar","Tiempo de lectura":"2 minutos"},"schema":{"@context":"https:\/\/schema.org","@graph":[{"@type":"Article","@id":"https:\/\/seryhumano.com\/web\/?p=19178#article","isPartOf":{"@id":"https:\/\/seryhumano.com\/web\/?p=19178"},"author":{"name":"@herrera_yosmar","@id":"https:\/\/seryhumano.com\/web\/#\/schema\/person\/fd30e8e0b394a62344b44d9b0fe75795"},"headline":"Comienza la Super-Feria 2015","datePublished":"2015-04-10T14:56:15+00:00","dateModified":"2015-04-10T18:44:32+00:00","mainEntityOfPage":{"@id":"https:\/\/seryhumano.com\/web\/?p=19178"},"wordCount":415,"publisher":{"@id":"https:\/\/seryhumano.com\/web\/#organization"},"image":{"@id":"https:\/\/seryhumano.com\/web\/?p=19178#primaryimage"},"thumbnailUrl":"https:\/\/seryhumano.com\/web\/wp-content\/uploads\/2015\/04\/featureslider10.jpg","articleSection":["Noticias"],"inLanguage":"es"},{"@type":"WebPage","@id":"https:\/\/seryhumano.com\/web\/?p=19178","url":"https:\/\/seryhumano.com\/web\/?p=19178","name":"Comienza la Super-Feria 2015","isPartOf":{"@id":"https:\/\/seryhumano.com\/web\/#website"},"primaryImageOfPage":{"@id":"https:\/\/seryhumano.com\/web\/?p=19178#primaryimage"},"image":{"@id":"https:\/\/seryhumano.com\/web\/?p=19178#primaryimage"},"thumbnailUrl":"https:\/\/seryhumano.com\/web\/wp-content\/uploads\/2015\/04\/featureslider10.jpg","datePublished":"2015-04-10T14:56:15+00:00","dateModified":"2015-04-10T18:44:32+00:00","description":"De los productores de la \u201cCaracas Comic Con\u201d viene un nuevo concepto en entretenimiento: \u00a1La Super-Feria! Este ser\u00e1 un centro de diversi\u00f3n que tendr\u00e1 lugar desde el 10 de Abril hasta el 21 de Junio 2015 en el sal\u00f3n Espacio M\u00faltiple, Nivel C1, CCCT","breadcrumb":{"@id":"https:\/\/seryhumano.com\/web\/?p=19178#breadcrumb"},"inLanguage":"es","potentialAction":[{"@type":"ReadAction","target":["https:\/\/seryhumano.com\/web\/?p=19178"]}]},{"@type":"ImageObject","inLanguage":"es","@id":"https:\/\/seryhumano.com\/web\/?p=19178#primaryimage","url":"https:\/\/seryhumano.com\/web\/wp-content\/uploads\/2015\/04\/featureslider10.jpg","contentUrl":"https:\/\/seryhumano.com\/web\/wp-content\/uploads\/2015\/04\/featureslider10.jpg","width":910,"height":227},{"@type":"BreadcrumbList","@id":"https:\/\/seryhumano.com\/web\/?p=19178#breadcrumb","itemListElement":[{"@type":"ListItem","position":1,"name":"Portada","item":"https:\/\/seryhumano.com\/web\/"},{"@type":"ListItem","position":2,"name":"Comienza la Super-Feria 2015"}]},{"@type":"WebSite","@id":"https:\/\/seryhumano.com\/web\/#website","url":"https:\/\/seryhumano.com\/web\/","name":"SeryHumano.com","description":"Revista digital muy humana, donde lo mas importante es el Ser...","publisher":{"@id":"https:\/\/seryhumano.com\/web\/#organization"},"potentialAction":[{"@type":"SearchAction","target":{"@type":"EntryPoint","urlTemplate":"https:\/\/seryhumano.com\/web\/?s={search_term_string}"},"query-input":{"@type":"PropertyValueSpecification","valueRequired":true,"valueName":"search_term_string"}}],"inLanguage":"es"},{"@type":"Organization","@id":"https:\/\/seryhumano.com\/web\/#organization","name":"SeryHumano.com","url":"https:\/\/seryhumano.com\/web\/","logo":{"@type":"ImageObject","inLanguage":"es","@id":"https:\/\/seryhumano.com\/web\/#\/schema\/logo\/image\/","url":"https:\/\/seryhumano.com\/web\/wp-content\/uploads\/2020\/02\/JNe5VRwH_400x400-2.jpg","contentUrl":"https:\/\/seryhumano.com\/web\/wp-content\/uploads\/2020\/02\/JNe5VRwH_400x400-2.jpg","width":400,"height":400,"caption":"SeryHumano.com"},"image":{"@id":"https:\/\/seryhumano.com\/web\/#\/schema\/logo\/image\/"},"sameAs":["https:\/\/www.facebook.com\/seryhumano\/","https:\/\/x.com\/SeryHumano","https:\/\/www.instagram.com\/seryhumano\/","https:\/\/www.linkedin.com\/company\/seryhumano-com\/","https:\/\/www.youtube.com\/channel\/UCYfgIGSxygVnJAW0e9ZBZWg"]},{"@type":"Person","@id":"https:\/\/seryhumano.com\/web\/#\/schema\/person\/fd30e8e0b394a62344b44d9b0fe75795","name":"@herrera_yosmar","description":"Eterna enamorada de la vida, comunicadora, mam\u00e1 de tres","sameAs":["http:\/\/seryhumano.com"],"url":"https:\/\/seryhumano.com\/web\/?author=2"}]}},"_links":{"self":[{"href":"https:\/\/seryhumano.com\/web\/index.php?rest_route=\/wp\/v2\/posts\/19178","targetHints":{"allow":["GET"]}}],"collection":[{"href":"https:\/\/seryhumano.com\/web\/index.php?rest_route=\/wp\/v2\/posts"}],"about":[{"href":"https:\/\/seryhumano.com\/web\/index.php?rest_route=\/wp\/v2\/types\/post"}],"author":[{"embeddable":true,"href":"https:\/\/seryhumano.com\/web\/index.php?rest_route=\/wp\/v2\/users\/2"}],"replies":[{"embeddable":true,"href":"https:\/\/seryhumano.com\/web\/index.php?rest_route=%2Fwp%2Fv2%2Fcomments&post=19178"}],"version-history":[{"count":0,"href":"https:\/\/seryhumano.com\/web\/index.php?rest_route=\/wp\/v2\/posts\/19178\/revisions"}],"wp:featuredmedia":[{"embeddable":true,"href":"https:\/\/seryhumano.com\/web\/index.php?rest_route=\/wp\/v2\/media\/19201"}],"wp:attachment":[{"href":"https:\/\/seryhumano.com\/web\/index.php?rest_route=%2Fwp%2Fv2%2Fmedia&parent=19178"}],"wp:term":[{"taxonomy":"category","embeddable":true,"href":"https:\/\/seryhumano.com\/web\/index.php?rest_route=%2Fwp%2Fv2%2Fcategories&post=19178"},{"taxonomy":"post_tag","embeddable":true,"href":"https:\/\/seryhumano.com\/web\/index.php?rest_route=%2Fwp%2Fv2%2Ftags&post=19178"}],"curies":[{"name":"wp","href":"https:\/\/api.w.org\/{rel}","templated":true}]}}