{"id":192,"date":"2012-08-14T12:32:45","date_gmt":"2012-08-14T17:02:45","guid":{"rendered":"https:\/\/seryhumano.com\/web\/?p=192"},"modified":"2012-08-14T12:51:11","modified_gmt":"2012-08-14T17:21:11","slug":"la-suiza-de-mis-recuerdos","status":"publish","type":"post","link":"https:\/\/seryhumano.com\/web\/?p=192","title":{"rendered":"La Suiza de mis recuerdos"},"content":{"rendered":"<p><em>\u201cEl recuerdo es el invernadero de las alegr\u00edas pasadas\u201d<\/em><\/p>\n<p>Lucian Blaga<\/p>\n<p>&nbsp;<\/p>\n<p>Un amigo con quien comparto impresiones del d\u00eda a d\u00eda, siempre dice que \u201cen cada esquina existe una historia\u201d, y agregar\u00eda que en cada sonido un recuerdo.<\/p>\n<p>La memoria es algo que ni los cient\u00edficos han logrado estudiar del todo; \u00a0lo que saben es que los recuerdos se encuentran entre el hipocampo y la corteza prefrontal, t\u00e9rminos con los que no me familiarizo.<\/p>\n<p><a href=\"https:\/\/seryhumano.com\/web\/wp-content\/uploads\/2012\/08\/memoria.jpg\"><img loading=\"lazy\" decoding=\"async\" class=\"alignleft size-full wp-image-193\" title=\"memoria\" src=\"https:\/\/seryhumano.com\/web\/wp-content\/uploads\/2012\/08\/memoria.jpg\" alt=\"\" width=\"260\" height=\"194\" \/><\/a><\/p>\n<p>A\u00fan as\u00ed, s\u00e9 que en donde sea que se encuentren dichos recuerdos, afloran en momentos menos esperados, que en m\u00ed, \u00a0causan tal efecto, que me hacen volar hacia sensaciones antes experimentadas, en donde los sue\u00f1os se conjugaban entre risas \u00a0y en la agradable compa\u00f1\u00eda de mis hermanas.<\/p>\n<p><a href=\"https:\/\/seryhumano.com\/web\/wp-content\/uploads\/2012\/08\/DSC_00491.jpg\"><img loading=\"lazy\" decoding=\"async\" class=\"alignright size-medium wp-image-195\" title=\"DSC_0049\" src=\"https:\/\/seryhumano.com\/web\/wp-content\/uploads\/2012\/08\/DSC_00491-199x300.jpg\" alt=\"\" width=\"199\" height=\"300\" srcset=\"https:\/\/seryhumano.com\/web\/wp-content\/uploads\/2012\/08\/DSC_00491-199x300.jpg 199w, https:\/\/seryhumano.com\/web\/wp-content\/uploads\/2012\/08\/DSC_00491-680x1024.jpg 680w\" sizes=\"auto, (max-width: 199px) 100vw, 199px\" \/><\/a><\/p>\n<p>As\u00ed pues, cuando el amigo en cuesti\u00f3n me invit\u00f3 a escuchar a <strong>Eliana Burki<\/strong>, que se presentar\u00eda en el Teatro Chacao, nunca imagin\u00e9 que me traer\u00eda recuerdos de mi ni\u00f1ez; y no porque haya vivido en Suiza, nada m\u00e1s lejos de la realidad, sino porque me hizo recordar un comic de mi infancia: Heidi, \u00bfla recuerdan?<\/p>\n<p>&nbsp;<\/p>\n<p>Heidi es el nombre del personaje protagonista del libro infantil que le dio fama mundial a la escritora suiza Johanna Spyri, \u00a0con pasajes que resaltan los valores humanos y el amor hacia la naturaleza, a la vez\u00a0 que constituye\u00a0 parte fundamental de la literatura del pa\u00eds europeo.<\/p>\n<p><a href=\"https:\/\/seryhumano.com\/web\/wp-content\/uploads\/2012\/08\/Heidi.jpg\"><img loading=\"lazy\" decoding=\"async\" class=\"alignleft size-full wp-image-196\" title=\"Heidi\" src=\"https:\/\/seryhumano.com\/web\/wp-content\/uploads\/2012\/08\/Heidi.jpg\" alt=\"\" width=\"189\" height=\"267\" \/><\/a><\/p>\n<p>En la canci\u00f3n \u201cAbuelito dime t\u00fa\u201d, que caracteriz\u00f3 la comiquita, se escucha los sonidos del corno alpino tambi\u00e9n conocido como Trompa de los Alpes, instrumento largo de madera, con boquilla de copa y tubo de secci\u00f3n cr\u00f3nica con final acampanado hacia arriba, que con\u00a0 maestr\u00eda la joven Burki interpreta piezas tanto de la m\u00fasica tradicional suiza como de tendencias musicales actuales.<\/p>\n<p>En la antig\u00fcedad este instrumento cumpl\u00eda funciones de comunicaci\u00f3n entre los habitantes de las monta\u00f1as. Los ganaderos suizos lo usaban en conjunto de tres o cuatro instrumentos para sus canciones.<a href=\"https:\/\/seryhumano.com\/web\/wp-content\/uploads\/2012\/08\/DSC_0123.jpg\"><img loading=\"lazy\" decoding=\"async\" class=\"alignright size-medium wp-image-197\" title=\"DSC_0123\" src=\"https:\/\/seryhumano.com\/web\/wp-content\/uploads\/2012\/08\/DSC_0123-300x199.jpg\" alt=\"\" width=\"300\" height=\"199\" srcset=\"https:\/\/seryhumano.com\/web\/wp-content\/uploads\/2012\/08\/DSC_0123-300x199.jpg 300w, https:\/\/seryhumano.com\/web\/wp-content\/uploads\/2012\/08\/DSC_0123-1024x680.jpg 1024w\" sizes=\"auto, (max-width: 300px) 100vw, 300px\" \/><\/a><\/p>\n<p>Pero en la actualidad esta joven nacida en septiembre de 1983 en Solothurn, Suiza, ha logrado de un instrumento generalmente dominado por hombres, una novedosa fusi\u00f3n de ritmos y sonidos como el jazz, punk, pop, blues y rock junto al grupo instrumental \u00a1Alpinis!<\/p>\n<p>&nbsp;<\/p>\n<p><a href=\"https:\/\/seryhumano.com\/web\/wp-content\/uploads\/2012\/08\/DSC_0154.jpg\"><img loading=\"lazy\" decoding=\"async\" class=\"alignleft size-medium wp-image-198\" title=\"DSC_0154\" src=\"https:\/\/seryhumano.com\/web\/wp-content\/uploads\/2012\/08\/DSC_0154-300x199.jpg\" alt=\"\" width=\"300\" height=\"199\" srcset=\"https:\/\/seryhumano.com\/web\/wp-content\/uploads\/2012\/08\/DSC_0154-300x199.jpg 300w, https:\/\/seryhumano.com\/web\/wp-content\/uploads\/2012\/08\/DSC_0154-1024x680.jpg 1024w\" sizes=\"auto, (max-width: 300px) 100vw, 300px\" \/><\/a><\/p>\n<p>Fue divertido y hasta mariposas sent\u00ed al escuchar en ese instrumento tan extra\u00f1o para nuestras tierras, las notas del \u00a0\u201cAlma Llanera\u201d, lo que hizo volar mi imaginaci\u00f3n y trasladarme de nuevo a las monta\u00f1as donde una vez m\u00e1s record\u00e9 aquella tierna huerfanita haci\u00e9ndole preguntas a su ermita\u00f1o abuelito, en la Suiza de mis recuerdos.<\/p>\n<p>\u00a1Sin duda alguna un concierto por todo lo alto!<\/p>\n<p>Yosmar Herrera\/ Fotos: Yosmar Herrera<\/p>\n","protected":false},"excerpt":{"rendered":"<p>\u201cEl recuerdo es el invernadero de las alegr\u00edas pasadas\u201d Lucian Blaga &nbsp; Un amigo con quien comparto impresiones del d\u00eda a d\u00eda, siempre dice que \u201cen cada esquina existe una historia\u201d, y agregar\u00eda que en cada sonido un recuerdo. La memoria es algo que ni los cient\u00edficos han logrado estudiar del todo; \u00a0lo que saben&hellip;<\/p>\n","protected":false},"author":2,"featured_media":201,"comment_status":"closed","ping_status":"closed","sticky":false,"template":"","format":"standard","meta":{"footnotes":""},"categories":[122,114],"tags":[111],"class_list":["post-192","post","type-post","status-publish","format-standard","has-post-thumbnail","hentry","category-cultura","category-sonidos","tag-slider","category-122","category-114","description-off"],"yoast_head":"<!-- This site is optimized with the Yoast SEO plugin v25.4 - https:\/\/yoast.com\/wordpress\/plugins\/seo\/ -->\n<title>La Suiza de mis recuerdos &#187; SeryHumano.com<\/title>\n<meta name=\"robots\" content=\"index, follow, max-snippet:-1, max-image-preview:large, max-video-preview:-1\" \/>\n<link rel=\"canonical\" href=\"https:\/\/seryhumano.com\/web\/?p=192\" \/>\n<meta property=\"og:locale\" content=\"es_ES\" \/>\n<meta property=\"og:type\" content=\"article\" \/>\n<meta property=\"og:title\" content=\"La Suiza de mis recuerdos &#187; SeryHumano.com\" \/>\n<meta property=\"og:description\" content=\"\u201cEl recuerdo es el invernadero de las alegr\u00edas pasadas\u201d Lucian Blaga &nbsp; Un amigo con quien comparto impresiones del d\u00eda a d\u00eda, siempre dice que \u201cen cada esquina existe una historia\u201d, y agregar\u00eda que en cada sonido un recuerdo. La memoria es algo que ni los cient\u00edficos han logrado estudiar del todo; \u00a0lo que saben&hellip;\" \/>\n<meta property=\"og:url\" content=\"https:\/\/seryhumano.com\/web\/?p=192\" \/>\n<meta property=\"og:site_name\" content=\"SeryHumano.com\" \/>\n<meta property=\"article:publisher\" content=\"https:\/\/www.facebook.com\/seryhumano\/\" \/>\n<meta property=\"article:published_time\" content=\"2012-08-14T17:02:45+00:00\" \/>\n<meta property=\"article:modified_time\" content=\"2012-08-14T17:21:11+00:00\" \/>\n<meta property=\"og:image\" content=\"https:\/\/seryhumano.com\/web\/wp-content\/uploads\/2012\/08\/DSC_00521.jpg\" \/>\n\t<meta property=\"og:image:width\" content=\"3210\" \/>\n\t<meta property=\"og:image:height\" content=\"1254\" \/>\n\t<meta property=\"og:image:type\" content=\"image\/jpeg\" \/>\n<meta name=\"author\" content=\"@herrera_yosmar\" \/>\n<meta name=\"twitter:card\" content=\"summary_large_image\" \/>\n<meta name=\"twitter:creator\" content=\"@SeryHumano\" \/>\n<meta name=\"twitter:site\" content=\"@SeryHumano\" \/>\n<meta name=\"twitter:label1\" content=\"Escrito por\" \/>\n\t<meta name=\"twitter:data1\" content=\"@herrera_yosmar\" \/>\n\t<meta name=\"twitter:label2\" content=\"Tiempo de lectura\" \/>\n\t<meta name=\"twitter:data2\" content=\"2 minutos\" \/>\n<script type=\"application\/ld+json\" class=\"yoast-schema-graph\">{\"@context\":\"https:\/\/schema.org\",\"@graph\":[{\"@type\":\"Article\",\"@id\":\"https:\/\/seryhumano.com\/web\/?p=192#article\",\"isPartOf\":{\"@id\":\"https:\/\/seryhumano.com\/web\/?p=192\"},\"author\":{\"name\":\"@herrera_yosmar\",\"@id\":\"https:\/\/seryhumano.com\/web\/#\/schema\/person\/fd30e8e0b394a62344b44d9b0fe75795\"},\"headline\":\"La Suiza de mis recuerdos\",\"datePublished\":\"2012-08-14T17:02:45+00:00\",\"dateModified\":\"2012-08-14T17:21:11+00:00\",\"mainEntityOfPage\":{\"@id\":\"https:\/\/seryhumano.com\/web\/?p=192\"},\"wordCount\":465,\"publisher\":{\"@id\":\"https:\/\/seryhumano.com\/web\/#organization\"},\"image\":{\"@id\":\"https:\/\/seryhumano.com\/web\/?p=192#primaryimage\"},\"thumbnailUrl\":\"https:\/\/seryhumano.com\/web\/wp-content\/uploads\/2012\/08\/DSC_00521.jpg\",\"keywords\":[\"Slider\"],\"articleSection\":[\"Cultura del Ser\",\"Sonidos del Ser\"],\"inLanguage\":\"es\"},{\"@type\":\"WebPage\",\"@id\":\"https:\/\/seryhumano.com\/web\/?p=192\",\"url\":\"https:\/\/seryhumano.com\/web\/?p=192\",\"name\":\"La Suiza de mis recuerdos &#187; SeryHumano.com\",\"isPartOf\":{\"@id\":\"https:\/\/seryhumano.com\/web\/#website\"},\"primaryImageOfPage\":{\"@id\":\"https:\/\/seryhumano.com\/web\/?p=192#primaryimage\"},\"image\":{\"@id\":\"https:\/\/seryhumano.com\/web\/?p=192#primaryimage\"},\"thumbnailUrl\":\"https:\/\/seryhumano.com\/web\/wp-content\/uploads\/2012\/08\/DSC_00521.jpg\",\"datePublished\":\"2012-08-14T17:02:45+00:00\",\"dateModified\":\"2012-08-14T17:21:11+00:00\",\"breadcrumb\":{\"@id\":\"https:\/\/seryhumano.com\/web\/?p=192#breadcrumb\"},\"inLanguage\":\"es\",\"potentialAction\":[{\"@type\":\"ReadAction\",\"target\":[\"https:\/\/seryhumano.com\/web\/?p=192\"]}]},{\"@type\":\"ImageObject\",\"inLanguage\":\"es\",\"@id\":\"https:\/\/seryhumano.com\/web\/?p=192#primaryimage\",\"url\":\"https:\/\/seryhumano.com\/web\/wp-content\/uploads\/2012\/08\/DSC_00521.jpg\",\"contentUrl\":\"https:\/\/seryhumano.com\/web\/wp-content\/uploads\/2012\/08\/DSC_00521.jpg\",\"width\":\"3210\",\"height\":\"1254\"},{\"@type\":\"BreadcrumbList\",\"@id\":\"https:\/\/seryhumano.com\/web\/?p=192#breadcrumb\",\"itemListElement\":[{\"@type\":\"ListItem\",\"position\":1,\"name\":\"Portada\",\"item\":\"https:\/\/seryhumano.com\/web\/\"},{\"@type\":\"ListItem\",\"position\":2,\"name\":\"La Suiza de mis recuerdos\"}]},{\"@type\":\"WebSite\",\"@id\":\"https:\/\/seryhumano.com\/web\/#website\",\"url\":\"https:\/\/seryhumano.com\/web\/\",\"name\":\"SeryHumano.com\",\"description\":\"Revista digital muy humana, donde lo mas importante es el Ser...\",\"publisher\":{\"@id\":\"https:\/\/seryhumano.com\/web\/#organization\"},\"potentialAction\":[{\"@type\":\"SearchAction\",\"target\":{\"@type\":\"EntryPoint\",\"urlTemplate\":\"https:\/\/seryhumano.com\/web\/?s={search_term_string}\"},\"query-input\":{\"@type\":\"PropertyValueSpecification\",\"valueRequired\":true,\"valueName\":\"search_term_string\"}}],\"inLanguage\":\"es\"},{\"@type\":\"Organization\",\"@id\":\"https:\/\/seryhumano.com\/web\/#organization\",\"name\":\"SeryHumano.com\",\"url\":\"https:\/\/seryhumano.com\/web\/\",\"logo\":{\"@type\":\"ImageObject\",\"inLanguage\":\"es\",\"@id\":\"https:\/\/seryhumano.com\/web\/#\/schema\/logo\/image\/\",\"url\":\"https:\/\/seryhumano.com\/web\/wp-content\/uploads\/2020\/02\/JNe5VRwH_400x400-2.jpg\",\"contentUrl\":\"https:\/\/seryhumano.com\/web\/wp-content\/uploads\/2020\/02\/JNe5VRwH_400x400-2.jpg\",\"width\":400,\"height\":400,\"caption\":\"SeryHumano.com\"},\"image\":{\"@id\":\"https:\/\/seryhumano.com\/web\/#\/schema\/logo\/image\/\"},\"sameAs\":[\"https:\/\/www.facebook.com\/seryhumano\/\",\"https:\/\/x.com\/SeryHumano\",\"https:\/\/www.instagram.com\/seryhumano\/\",\"https:\/\/www.linkedin.com\/company\/seryhumano-com\/\",\"https:\/\/www.youtube.com\/channel\/UCYfgIGSxygVnJAW0e9ZBZWg\"]},{\"@type\":\"Person\",\"@id\":\"https:\/\/seryhumano.com\/web\/#\/schema\/person\/fd30e8e0b394a62344b44d9b0fe75795\",\"name\":\"@herrera_yosmar\",\"description\":\"Eterna enamorada de la vida, comunicadora, mam\u00e1 de tres\",\"sameAs\":[\"http:\/\/seryhumano.com\"],\"url\":\"https:\/\/seryhumano.com\/web\/?author=2\"}]}<\/script>\n<!-- \/ Yoast SEO plugin. -->","yoast_head_json":{"title":"La Suiza de mis recuerdos &#187; SeryHumano.com","robots":{"index":"index","follow":"follow","max-snippet":"max-snippet:-1","max-image-preview":"max-image-preview:large","max-video-preview":"max-video-preview:-1"},"canonical":"https:\/\/seryhumano.com\/web\/?p=192","og_locale":"es_ES","og_type":"article","og_title":"La Suiza de mis recuerdos &#187; SeryHumano.com","og_description":"\u201cEl recuerdo es el invernadero de las alegr\u00edas pasadas\u201d Lucian Blaga &nbsp; Un amigo con quien comparto impresiones del d\u00eda a d\u00eda, siempre dice que \u201cen cada esquina existe una historia\u201d, y agregar\u00eda que en cada sonido un recuerdo. La memoria es algo que ni los cient\u00edficos han logrado estudiar del todo; \u00a0lo que saben&hellip;","og_url":"https:\/\/seryhumano.com\/web\/?p=192","og_site_name":"SeryHumano.com","article_publisher":"https:\/\/www.facebook.com\/seryhumano\/","article_published_time":"2012-08-14T17:02:45+00:00","article_modified_time":"2012-08-14T17:21:11+00:00","og_image":[{"width":3210,"height":1254,"url":"https:\/\/seryhumano.com\/web\/wp-content\/uploads\/2012\/08\/DSC_00521.jpg","type":"image\/jpeg"}],"author":"@herrera_yosmar","twitter_card":"summary_large_image","twitter_creator":"@SeryHumano","twitter_site":"@SeryHumano","twitter_misc":{"Escrito por":"@herrera_yosmar","Tiempo de lectura":"2 minutos"},"schema":{"@context":"https:\/\/schema.org","@graph":[{"@type":"Article","@id":"https:\/\/seryhumano.com\/web\/?p=192#article","isPartOf":{"@id":"https:\/\/seryhumano.com\/web\/?p=192"},"author":{"name":"@herrera_yosmar","@id":"https:\/\/seryhumano.com\/web\/#\/schema\/person\/fd30e8e0b394a62344b44d9b0fe75795"},"headline":"La Suiza de mis recuerdos","datePublished":"2012-08-14T17:02:45+00:00","dateModified":"2012-08-14T17:21:11+00:00","mainEntityOfPage":{"@id":"https:\/\/seryhumano.com\/web\/?p=192"},"wordCount":465,"publisher":{"@id":"https:\/\/seryhumano.com\/web\/#organization"},"image":{"@id":"https:\/\/seryhumano.com\/web\/?p=192#primaryimage"},"thumbnailUrl":"https:\/\/seryhumano.com\/web\/wp-content\/uploads\/2012\/08\/DSC_00521.jpg","keywords":["Slider"],"articleSection":["Cultura del Ser","Sonidos del Ser"],"inLanguage":"es"},{"@type":"WebPage","@id":"https:\/\/seryhumano.com\/web\/?p=192","url":"https:\/\/seryhumano.com\/web\/?p=192","name":"La Suiza de mis recuerdos &#187; SeryHumano.com","isPartOf":{"@id":"https:\/\/seryhumano.com\/web\/#website"},"primaryImageOfPage":{"@id":"https:\/\/seryhumano.com\/web\/?p=192#primaryimage"},"image":{"@id":"https:\/\/seryhumano.com\/web\/?p=192#primaryimage"},"thumbnailUrl":"https:\/\/seryhumano.com\/web\/wp-content\/uploads\/2012\/08\/DSC_00521.jpg","datePublished":"2012-08-14T17:02:45+00:00","dateModified":"2012-08-14T17:21:11+00:00","breadcrumb":{"@id":"https:\/\/seryhumano.com\/web\/?p=192#breadcrumb"},"inLanguage":"es","potentialAction":[{"@type":"ReadAction","target":["https:\/\/seryhumano.com\/web\/?p=192"]}]},{"@type":"ImageObject","inLanguage":"es","@id":"https:\/\/seryhumano.com\/web\/?p=192#primaryimage","url":"https:\/\/seryhumano.com\/web\/wp-content\/uploads\/2012\/08\/DSC_00521.jpg","contentUrl":"https:\/\/seryhumano.com\/web\/wp-content\/uploads\/2012\/08\/DSC_00521.jpg","width":"3210","height":"1254"},{"@type":"BreadcrumbList","@id":"https:\/\/seryhumano.com\/web\/?p=192#breadcrumb","itemListElement":[{"@type":"ListItem","position":1,"name":"Portada","item":"https:\/\/seryhumano.com\/web\/"},{"@type":"ListItem","position":2,"name":"La Suiza de mis recuerdos"}]},{"@type":"WebSite","@id":"https:\/\/seryhumano.com\/web\/#website","url":"https:\/\/seryhumano.com\/web\/","name":"SeryHumano.com","description":"Revista digital muy humana, donde lo mas importante es el Ser...","publisher":{"@id":"https:\/\/seryhumano.com\/web\/#organization"},"potentialAction":[{"@type":"SearchAction","target":{"@type":"EntryPoint","urlTemplate":"https:\/\/seryhumano.com\/web\/?s={search_term_string}"},"query-input":{"@type":"PropertyValueSpecification","valueRequired":true,"valueName":"search_term_string"}}],"inLanguage":"es"},{"@type":"Organization","@id":"https:\/\/seryhumano.com\/web\/#organization","name":"SeryHumano.com","url":"https:\/\/seryhumano.com\/web\/","logo":{"@type":"ImageObject","inLanguage":"es","@id":"https:\/\/seryhumano.com\/web\/#\/schema\/logo\/image\/","url":"https:\/\/seryhumano.com\/web\/wp-content\/uploads\/2020\/02\/JNe5VRwH_400x400-2.jpg","contentUrl":"https:\/\/seryhumano.com\/web\/wp-content\/uploads\/2020\/02\/JNe5VRwH_400x400-2.jpg","width":400,"height":400,"caption":"SeryHumano.com"},"image":{"@id":"https:\/\/seryhumano.com\/web\/#\/schema\/logo\/image\/"},"sameAs":["https:\/\/www.facebook.com\/seryhumano\/","https:\/\/x.com\/SeryHumano","https:\/\/www.instagram.com\/seryhumano\/","https:\/\/www.linkedin.com\/company\/seryhumano-com\/","https:\/\/www.youtube.com\/channel\/UCYfgIGSxygVnJAW0e9ZBZWg"]},{"@type":"Person","@id":"https:\/\/seryhumano.com\/web\/#\/schema\/person\/fd30e8e0b394a62344b44d9b0fe75795","name":"@herrera_yosmar","description":"Eterna enamorada de la vida, comunicadora, mam\u00e1 de tres","sameAs":["http:\/\/seryhumano.com"],"url":"https:\/\/seryhumano.com\/web\/?author=2"}]}},"_links":{"self":[{"href":"https:\/\/seryhumano.com\/web\/index.php?rest_route=\/wp\/v2\/posts\/192","targetHints":{"allow":["GET"]}}],"collection":[{"href":"https:\/\/seryhumano.com\/web\/index.php?rest_route=\/wp\/v2\/posts"}],"about":[{"href":"https:\/\/seryhumano.com\/web\/index.php?rest_route=\/wp\/v2\/types\/post"}],"author":[{"embeddable":true,"href":"https:\/\/seryhumano.com\/web\/index.php?rest_route=\/wp\/v2\/users\/2"}],"replies":[{"embeddable":true,"href":"https:\/\/seryhumano.com\/web\/index.php?rest_route=%2Fwp%2Fv2%2Fcomments&post=192"}],"version-history":[{"count":0,"href":"https:\/\/seryhumano.com\/web\/index.php?rest_route=\/wp\/v2\/posts\/192\/revisions"}],"wp:featuredmedia":[{"embeddable":true,"href":"https:\/\/seryhumano.com\/web\/index.php?rest_route=\/wp\/v2\/media\/201"}],"wp:attachment":[{"href":"https:\/\/seryhumano.com\/web\/index.php?rest_route=%2Fwp%2Fv2%2Fmedia&parent=192"}],"wp:term":[{"taxonomy":"category","embeddable":true,"href":"https:\/\/seryhumano.com\/web\/index.php?rest_route=%2Fwp%2Fv2%2Fcategories&post=192"},{"taxonomy":"post_tag","embeddable":true,"href":"https:\/\/seryhumano.com\/web\/index.php?rest_route=%2Fwp%2Fv2%2Ftags&post=192"}],"curies":[{"name":"wp","href":"https:\/\/api.w.org\/{rel}","templated":true}]}}