{"id":19279,"date":"2015-04-15T08:33:41","date_gmt":"2015-04-15T13:03:41","guid":{"rendered":"https:\/\/seryhumano.com\/web\/?p=19279"},"modified":"2015-05-14T09:18:36","modified_gmt":"2015-05-14T13:48:36","slug":"consejos-para-fortalecer-la-autoestima","status":"publish","type":"post","link":"https:\/\/seryhumano.com\/web\/?p=19279","title":{"rendered":"Consejos para fortalecer la autoestima"},"content":{"rendered":"<div id=\"attachment_19281\" style=\"width: 310px\" class=\"wp-caption alignright\"><a href=\"https:\/\/seryhumano.com\/web\/?attachment_id=19281\" rel=\"attachment wp-att-19281\"><img loading=\"lazy\" decoding=\"async\" aria-describedby=\"caption-attachment-19281\" class=\"wp-image-19281 size-medium\" src=\"https:\/\/seryhumano.com\/web\/wp-content\/uploads\/2015\/04\/@seryhumano-300x225.jpg\" alt=\"@seryhumano\" width=\"300\" height=\"225\" srcset=\"https:\/\/seryhumano.com\/web\/wp-content\/uploads\/2015\/04\/@seryhumano-300x225.jpg 300w, https:\/\/seryhumano.com\/web\/wp-content\/uploads\/2015\/04\/@seryhumano.jpg 604w\" sizes=\"auto, (max-width: 300px) 100vw, 300px\" \/><\/a><p id=\"caption-attachment-19281\" class=\"wp-caption-text\">Autoestima: se trata de aceptarnos como somos<\/p><\/div>\n<p>Detr\u00e1s de muchos problemas psicol\u00f3gicos, como pueden ser la inseguridad, el estr\u00e9s o la depresi\u00f3n, hay una \u00fanica culpable: <strong>la autoestima<\/strong>. El Diccionario de la Real Academia la define como la \u201c<em>valoraci\u00f3n generalmente positiva de s\u00ed mismo<\/em>\u201d, pero en muchos casos, la visi\u00f3n que se tiene de uno tiende a ser negativa. Una baja autoestima enturbia todas las facetas de la vida, desde la laboral hasta la amorosa y hace que la persona se guste menos a s\u00ed misma y sienta m\u00e1s miedo y soledad.<\/p>\n<p>\u201c<em>Una buena autoestima significa creer que tenemos las habilidades y recursos que necesitamos para superar los retos que nos va planteando la vida<\/em>\u201d, explica la psic\u00f3loga cl\u00ednica Silvia Congost para un art\u00edculo en El Huffington Post. En su \u00faltimo libro, <strong><em>Autoestima autom\u00e1tica<\/em><\/strong>, explica c\u00f3mo mejorarla y c\u00f3mo conseguir que sea duradera.<\/p>\n<p>\u201c<em>La autoestima no es algo est\u00e1tico, sino que un 30 por ciento depende de la gen\u00e9tica y el 70 por ciento se construye en funci\u00f3n del entorno, las experiencias, lo que aprendemos\u2026 esas circunstancias pueden hacer que en determinados momentos la autoestima fluct\u00fae y baje; de lo que se trata es de tener las herramientas que nos funcionan a todos para restablecerla<\/em>\u201d, afirma Congost.<\/p>\n<p>\u201c<em>No es cuesti\u00f3n de sentirse m\u00e1s que nadie, sino de sentirnos importantes y valiosos en igual medida que los dem\u00e1s<\/em>\u201d, puntualiza esta experta.<\/p>\n<p>\u00bfCu\u00e1les son esas se\u00f1ales que indican que la autoestima va en picado? \u201c<em>Nos sentimos m\u00e1s inseguros, nos volvemos m\u00e1s negativos e incluso agresivos<\/em>\u201d, detalla. Esto puede implicar multitud de consecuencias negativas: celos, p\u00e9rdida de oportunidades, dependencia emocional, aislamiento y tratarse mal a uno mismo.<\/p>\n<p>La psic\u00f3loga Silvia Congost propone este dec\u00e1logo para fortalecer la autoestima y evitar llegar a estos extremos.<\/p>\n<p><strong>Reconocer nuestro potencial y capacidades<a href=\"https:\/\/seryhumano.com\/web\/?attachment_id=19283\" rel=\"attachment wp-att-19283\"><img loading=\"lazy\" decoding=\"async\" class=\"alignright size-full wp-image-19283\" src=\"https:\/\/seryhumano.com\/web\/wp-content\/uploads\/2015\/04\/autoestima.jpg\" alt=\"autoestima\" width=\"242\" height=\"208\" \/><\/a><\/strong><\/p>\n<p>Para conseguir un buen nivel de autoestima, \u201c<em>es necesario no quitar valor a nuestras virtudes, ser conscientes de nuestros logros y de todo de lo que hemos sido capaces<\/em>\u201d, recomienda Congost.<\/p>\n<p><strong>Poner l\u00edmites y saber decir que no<\/strong><\/p>\n<p>Es lo que se conoce como \u201c<em>conducta asertiva<\/em>\u201d: saber manifestar las convicciones de uno respetando las de los dem\u00e1s.<\/p>\n<p><strong>Tener objetivos claros<\/strong><\/p>\n<p>Tener unos prop\u00f3sitos y metas definidos permite valorar si se est\u00e1n tomando las decisiones adecuadas para alcanzarlos o no y, por tanto, tener la oportunidad de enderezar el rumbo. \u201cSentirnos a la <em>deriva o vac\u00edos no nos permite sentirnos felices<\/em>\u201d, apunta esta experta.<\/p>\n<p><strong>Responsabilizarnos<\/strong><\/p>\n<p>Hay que tener presente que \u201c<em>las cosas no son siempre culpa de los dem\u00e1s<\/em>\u201d, recuerda esta psic\u00f3loga. \u201c<em>Tenemos que responsabilizarnos de lo que nos ocurre y de qu\u00e9 podemos hacer para cambiar lo que no nos gusta<\/em>\u201d.<\/p>\n<p><strong>Aceptarnos como somos<\/strong><\/p>\n<p>\u201c<em>Esto incluye tanto nuestros puntos fuertes como las vulnerabilidades<\/em>\u201d, recalca Congost. Seg\u00fan explica en el libro, hay que hacerlo \u201c<em>sin esperar nada distinto, sin rechazo, sin juicios y sin cr\u00edtica<\/em>\u201d.<\/p>\n<p><strong>Cultivar los pensamientos positivos<a href=\"https:\/\/seryhumano.com\/web\/?attachment_id=19285\" rel=\"attachment wp-att-19285\"><img loading=\"lazy\" decoding=\"async\" class=\"alignright wp-image-19285 size-medium\" src=\"https:\/\/seryhumano.com\/web\/wp-content\/uploads\/2015\/04\/autoestima1-300x160.jpg\" alt=\"autoestima1\" width=\"300\" height=\"160\" srcset=\"https:\/\/seryhumano.com\/web\/wp-content\/uploads\/2015\/04\/autoestima1-300x160.jpg 300w, https:\/\/seryhumano.com\/web\/wp-content\/uploads\/2015\/04\/autoestima1-170x90.jpg 170w, https:\/\/seryhumano.com\/web\/wp-content\/uploads\/2015\/04\/autoestima1.jpg 750w\" sizes=\"auto, (max-width: 300px) 100vw, 300px\" \/><\/a><\/strong><\/p>\n<p>\u201c<em>Si nos focalizamos en lo que no funciona nos sentiremos mal; lo que deber\u00edamos hacer es centrarnos en los pensamientos positivos y potenciarlos<\/em>\u201d, aconseja.<\/p>\n<p><strong>Rodearnos de personas sanas<\/strong><\/p>\n<p>\u201c<em>Evitar a las personas t\u00f3xicas, que no nos hacen sentir bien o no nos tratan como merecemos es fundamental. Es mejor rodearse de quienes hagan que seamos nuestra mejor versi\u00f3n<\/em>\u201d, afirma Congost.<\/p>\n<p><strong>Practicar el agradecimiento<\/strong><\/p>\n<p>\u201c<em>Esto activa ciertas emociones y nos abre a recibir<\/em>\u201d, dice esta psic\u00f3loga, que en el libro define la gratitud como \u201c<em>una caracter\u00edstica de las personas positivas<\/em>\u201d. Los agradecidos se sienten m\u00e1s felices y son m\u00e1s exitosos, se encuentran mejor f\u00edsica y psicol\u00f3gicamente y viven con mayor ilusi\u00f3n y plenitud.<\/p>\n<p><strong>Tener conciencia de \u00e9xito<\/strong><\/p>\n<p>Significa centrarse en los \u00e9xitos y todo lo bueno, en lugar de en el fracaso. \u201c<em>Por ejemplo, hay quien al pensar en el dinero que tiene en la cuenta se focaliza en lo que sale, en lugar de valorar lo que entra. Son dos formas de mirar la vida<\/em>\u201d, aclara la psic\u00f3loga.<\/p>\n<p><strong>Saber perdonarnos<a href=\"https:\/\/seryhumano.com\/web\/?attachment_id=19286\" rel=\"attachment wp-att-19286\"><img loading=\"lazy\" decoding=\"async\" class=\"alignright size-full wp-image-19286\" src=\"https:\/\/seryhumano.com\/web\/wp-content\/uploads\/2015\/04\/autoestima2.jpg\" alt=\"autoestima2\" width=\"366\" height=\"370\" srcset=\"https:\/\/seryhumano.com\/web\/wp-content\/uploads\/2015\/04\/autoestima2.jpg 366w, https:\/\/seryhumano.com\/web\/wp-content\/uploads\/2015\/04\/autoestima2-297x300.jpg 297w, https:\/\/seryhumano.com\/web\/wp-content\/uploads\/2015\/04\/autoestima2-50x50.jpg 50w\" sizes=\"auto, (max-width: 366px) 100vw, 366px\" \/><\/a><\/strong><\/p>\n<p>\u201c<em>No se debe vivir con peso encima; hay que saber soltarlo y seguir adelante<\/em>\u201d, dice Congost, \u201c<em>perdonarnos ante aquello que, si hubi\u00e9ramos tenido la experiencia que tenemos ahora, habr\u00edamos gestionado de otra manera<\/em>\u201d.<\/p>\n<p>&nbsp;<\/p>\n<p>seryhumano.com<\/p>\n","protected":false},"excerpt":{"rendered":"<p>Detr\u00e1s de muchos problemas psicol\u00f3gicos, como pueden ser la inseguridad, el estr\u00e9s o la depresi\u00f3n, hay una \u00fanica culpable: la autoestima. El Diccionario de la Real Academia la define como la \u201cvaloraci\u00f3n generalmente positiva de s\u00ed mismo\u201d, pero en muchos casos, la visi\u00f3n que se tiene de uno tiende a ser negativa. Una baja autoestima&hellip;<\/p>\n","protected":false},"author":2,"featured_media":19305,"comment_status":"closed","ping_status":"closed","sticky":false,"template":"","format":"standard","meta":{"footnotes":""},"categories":[119],"tags":[143],"class_list":["post-19279","post","type-post","status-publish","format-standard","has-post-thumbnail","hentry","category-el-ser-y-yo","tag-concepto-del-proyecto","category-119","description-off"],"yoast_head":"<!-- This site is optimized with the Yoast SEO plugin v25.4 - https:\/\/yoast.com\/wordpress\/plugins\/seo\/ -->\n<title>Consejos para fortalecer la autoestima<\/title>\n<meta name=\"description\" content=\"Detr\u00e1s de muchos problemas psicol\u00f3gicos, como pueden ser la inseguridad, el estr\u00e9s o la depresi\u00f3n, hay una \u00fanica culpable: la autoestima.\" \/>\n<meta name=\"robots\" content=\"index, follow, max-snippet:-1, max-image-preview:large, max-video-preview:-1\" \/>\n<link rel=\"canonical\" href=\"https:\/\/seryhumano.com\/web\/?p=19279\" \/>\n<meta property=\"og:locale\" content=\"es_ES\" \/>\n<meta property=\"og:type\" content=\"article\" \/>\n<meta property=\"og:title\" content=\"Consejos para fortalecer la autoestima\" \/>\n<meta property=\"og:description\" content=\"Detr\u00e1s de muchos problemas psicol\u00f3gicos, como pueden ser la inseguridad, el estr\u00e9s o la depresi\u00f3n, hay una \u00fanica culpable: la autoestima.\" \/>\n<meta property=\"og:url\" content=\"https:\/\/seryhumano.com\/web\/?p=19279\" \/>\n<meta property=\"og:site_name\" content=\"SeryHumano.com\" \/>\n<meta property=\"article:publisher\" content=\"https:\/\/www.facebook.com\/seryhumano\/\" \/>\n<meta property=\"article:published_time\" content=\"2015-04-15T13:03:41+00:00\" \/>\n<meta property=\"article:modified_time\" content=\"2015-05-14T13:48:36+00:00\" \/>\n<meta property=\"og:image\" content=\"https:\/\/seryhumano.com\/web\/wp-content\/uploads\/2015\/04\/featureslider-Recovered5.jpg\" \/>\n\t<meta property=\"og:image:width\" content=\"910\" \/>\n\t<meta property=\"og:image:height\" content=\"227\" \/>\n\t<meta property=\"og:image:type\" content=\"image\/jpeg\" \/>\n<meta name=\"author\" content=\"@herrera_yosmar\" \/>\n<meta name=\"twitter:card\" content=\"summary_large_image\" \/>\n<meta name=\"twitter:creator\" content=\"@SeryHumano\" \/>\n<meta name=\"twitter:site\" content=\"@SeryHumano\" \/>\n<meta name=\"twitter:label1\" content=\"Escrito por\" \/>\n\t<meta name=\"twitter:data1\" content=\"@herrera_yosmar\" \/>\n\t<meta name=\"twitter:label2\" content=\"Tiempo de lectura\" \/>\n\t<meta name=\"twitter:data2\" content=\"4 minutos\" \/>\n<script type=\"application\/ld+json\" class=\"yoast-schema-graph\">{\"@context\":\"https:\/\/schema.org\",\"@graph\":[{\"@type\":\"Article\",\"@id\":\"https:\/\/seryhumano.com\/web\/?p=19279#article\",\"isPartOf\":{\"@id\":\"https:\/\/seryhumano.com\/web\/?p=19279\"},\"author\":{\"name\":\"@herrera_yosmar\",\"@id\":\"https:\/\/seryhumano.com\/web\/#\/schema\/person\/fd30e8e0b394a62344b44d9b0fe75795\"},\"headline\":\"Consejos para fortalecer la autoestima\",\"datePublished\":\"2015-04-15T13:03:41+00:00\",\"dateModified\":\"2015-05-14T13:48:36+00:00\",\"mainEntityOfPage\":{\"@id\":\"https:\/\/seryhumano.com\/web\/?p=19279\"},\"wordCount\":739,\"publisher\":{\"@id\":\"https:\/\/seryhumano.com\/web\/#organization\"},\"image\":{\"@id\":\"https:\/\/seryhumano.com\/web\/?p=19279#primaryimage\"},\"thumbnailUrl\":\"https:\/\/seryhumano.com\/web\/wp-content\/uploads\/2015\/04\/featureslider-Recovered5.jpg\",\"keywords\":[\"Concepto del Proyecto\"],\"articleSection\":[\"El Ser y YO\"],\"inLanguage\":\"es\"},{\"@type\":\"WebPage\",\"@id\":\"https:\/\/seryhumano.com\/web\/?p=19279\",\"url\":\"https:\/\/seryhumano.com\/web\/?p=19279\",\"name\":\"Consejos para fortalecer la autoestima\",\"isPartOf\":{\"@id\":\"https:\/\/seryhumano.com\/web\/#website\"},\"primaryImageOfPage\":{\"@id\":\"https:\/\/seryhumano.com\/web\/?p=19279#primaryimage\"},\"image\":{\"@id\":\"https:\/\/seryhumano.com\/web\/?p=19279#primaryimage\"},\"thumbnailUrl\":\"https:\/\/seryhumano.com\/web\/wp-content\/uploads\/2015\/04\/featureslider-Recovered5.jpg\",\"datePublished\":\"2015-04-15T13:03:41+00:00\",\"dateModified\":\"2015-05-14T13:48:36+00:00\",\"description\":\"Detr\u00e1s de muchos problemas psicol\u00f3gicos, como pueden ser la inseguridad, el estr\u00e9s o la depresi\u00f3n, hay una \u00fanica culpable: la autoestima.\",\"breadcrumb\":{\"@id\":\"https:\/\/seryhumano.com\/web\/?p=19279#breadcrumb\"},\"inLanguage\":\"es\",\"potentialAction\":[{\"@type\":\"ReadAction\",\"target\":[\"https:\/\/seryhumano.com\/web\/?p=19279\"]}]},{\"@type\":\"ImageObject\",\"inLanguage\":\"es\",\"@id\":\"https:\/\/seryhumano.com\/web\/?p=19279#primaryimage\",\"url\":\"https:\/\/seryhumano.com\/web\/wp-content\/uploads\/2015\/04\/featureslider-Recovered5.jpg\",\"contentUrl\":\"https:\/\/seryhumano.com\/web\/wp-content\/uploads\/2015\/04\/featureslider-Recovered5.jpg\",\"width\":910,\"height\":227},{\"@type\":\"BreadcrumbList\",\"@id\":\"https:\/\/seryhumano.com\/web\/?p=19279#breadcrumb\",\"itemListElement\":[{\"@type\":\"ListItem\",\"position\":1,\"name\":\"Portada\",\"item\":\"https:\/\/seryhumano.com\/web\/\"},{\"@type\":\"ListItem\",\"position\":2,\"name\":\"Consejos para fortalecer la autoestima\"}]},{\"@type\":\"WebSite\",\"@id\":\"https:\/\/seryhumano.com\/web\/#website\",\"url\":\"https:\/\/seryhumano.com\/web\/\",\"name\":\"SeryHumano.com\",\"description\":\"Revista digital muy humana, donde lo mas importante es el Ser...\",\"publisher\":{\"@id\":\"https:\/\/seryhumano.com\/web\/#organization\"},\"potentialAction\":[{\"@type\":\"SearchAction\",\"target\":{\"@type\":\"EntryPoint\",\"urlTemplate\":\"https:\/\/seryhumano.com\/web\/?s={search_term_string}\"},\"query-input\":{\"@type\":\"PropertyValueSpecification\",\"valueRequired\":true,\"valueName\":\"search_term_string\"}}],\"inLanguage\":\"es\"},{\"@type\":\"Organization\",\"@id\":\"https:\/\/seryhumano.com\/web\/#organization\",\"name\":\"SeryHumano.com\",\"url\":\"https:\/\/seryhumano.com\/web\/\",\"logo\":{\"@type\":\"ImageObject\",\"inLanguage\":\"es\",\"@id\":\"https:\/\/seryhumano.com\/web\/#\/schema\/logo\/image\/\",\"url\":\"https:\/\/seryhumano.com\/web\/wp-content\/uploads\/2020\/02\/JNe5VRwH_400x400-2.jpg\",\"contentUrl\":\"https:\/\/seryhumano.com\/web\/wp-content\/uploads\/2020\/02\/JNe5VRwH_400x400-2.jpg\",\"width\":400,\"height\":400,\"caption\":\"SeryHumano.com\"},\"image\":{\"@id\":\"https:\/\/seryhumano.com\/web\/#\/schema\/logo\/image\/\"},\"sameAs\":[\"https:\/\/www.facebook.com\/seryhumano\/\",\"https:\/\/x.com\/SeryHumano\",\"https:\/\/www.instagram.com\/seryhumano\/\",\"https:\/\/www.linkedin.com\/company\/seryhumano-com\/\",\"https:\/\/www.youtube.com\/channel\/UCYfgIGSxygVnJAW0e9ZBZWg\"]},{\"@type\":\"Person\",\"@id\":\"https:\/\/seryhumano.com\/web\/#\/schema\/person\/fd30e8e0b394a62344b44d9b0fe75795\",\"name\":\"@herrera_yosmar\",\"description\":\"Eterna enamorada de la vida, comunicadora, mam\u00e1 de tres\",\"sameAs\":[\"http:\/\/seryhumano.com\"],\"url\":\"https:\/\/seryhumano.com\/web\/?author=2\"}]}<\/script>\n<!-- \/ Yoast SEO plugin. -->","yoast_head_json":{"title":"Consejos para fortalecer la autoestima","description":"Detr\u00e1s de muchos problemas psicol\u00f3gicos, como pueden ser la inseguridad, el estr\u00e9s o la depresi\u00f3n, hay una \u00fanica culpable: la autoestima.","robots":{"index":"index","follow":"follow","max-snippet":"max-snippet:-1","max-image-preview":"max-image-preview:large","max-video-preview":"max-video-preview:-1"},"canonical":"https:\/\/seryhumano.com\/web\/?p=19279","og_locale":"es_ES","og_type":"article","og_title":"Consejos para fortalecer la autoestima","og_description":"Detr\u00e1s de muchos problemas psicol\u00f3gicos, como pueden ser la inseguridad, el estr\u00e9s o la depresi\u00f3n, hay una \u00fanica culpable: la autoestima.","og_url":"https:\/\/seryhumano.com\/web\/?p=19279","og_site_name":"SeryHumano.com","article_publisher":"https:\/\/www.facebook.com\/seryhumano\/","article_published_time":"2015-04-15T13:03:41+00:00","article_modified_time":"2015-05-14T13:48:36+00:00","og_image":[{"width":910,"height":227,"url":"https:\/\/seryhumano.com\/web\/wp-content\/uploads\/2015\/04\/featureslider-Recovered5.jpg","type":"image\/jpeg"}],"author":"@herrera_yosmar","twitter_card":"summary_large_image","twitter_creator":"@SeryHumano","twitter_site":"@SeryHumano","twitter_misc":{"Escrito por":"@herrera_yosmar","Tiempo de lectura":"4 minutos"},"schema":{"@context":"https:\/\/schema.org","@graph":[{"@type":"Article","@id":"https:\/\/seryhumano.com\/web\/?p=19279#article","isPartOf":{"@id":"https:\/\/seryhumano.com\/web\/?p=19279"},"author":{"name":"@herrera_yosmar","@id":"https:\/\/seryhumano.com\/web\/#\/schema\/person\/fd30e8e0b394a62344b44d9b0fe75795"},"headline":"Consejos para fortalecer la autoestima","datePublished":"2015-04-15T13:03:41+00:00","dateModified":"2015-05-14T13:48:36+00:00","mainEntityOfPage":{"@id":"https:\/\/seryhumano.com\/web\/?p=19279"},"wordCount":739,"publisher":{"@id":"https:\/\/seryhumano.com\/web\/#organization"},"image":{"@id":"https:\/\/seryhumano.com\/web\/?p=19279#primaryimage"},"thumbnailUrl":"https:\/\/seryhumano.com\/web\/wp-content\/uploads\/2015\/04\/featureslider-Recovered5.jpg","keywords":["Concepto del Proyecto"],"articleSection":["El Ser y YO"],"inLanguage":"es"},{"@type":"WebPage","@id":"https:\/\/seryhumano.com\/web\/?p=19279","url":"https:\/\/seryhumano.com\/web\/?p=19279","name":"Consejos para fortalecer la autoestima","isPartOf":{"@id":"https:\/\/seryhumano.com\/web\/#website"},"primaryImageOfPage":{"@id":"https:\/\/seryhumano.com\/web\/?p=19279#primaryimage"},"image":{"@id":"https:\/\/seryhumano.com\/web\/?p=19279#primaryimage"},"thumbnailUrl":"https:\/\/seryhumano.com\/web\/wp-content\/uploads\/2015\/04\/featureslider-Recovered5.jpg","datePublished":"2015-04-15T13:03:41+00:00","dateModified":"2015-05-14T13:48:36+00:00","description":"Detr\u00e1s de muchos problemas psicol\u00f3gicos, como pueden ser la inseguridad, el estr\u00e9s o la depresi\u00f3n, hay una \u00fanica culpable: la autoestima.","breadcrumb":{"@id":"https:\/\/seryhumano.com\/web\/?p=19279#breadcrumb"},"inLanguage":"es","potentialAction":[{"@type":"ReadAction","target":["https:\/\/seryhumano.com\/web\/?p=19279"]}]},{"@type":"ImageObject","inLanguage":"es","@id":"https:\/\/seryhumano.com\/web\/?p=19279#primaryimage","url":"https:\/\/seryhumano.com\/web\/wp-content\/uploads\/2015\/04\/featureslider-Recovered5.jpg","contentUrl":"https:\/\/seryhumano.com\/web\/wp-content\/uploads\/2015\/04\/featureslider-Recovered5.jpg","width":910,"height":227},{"@type":"BreadcrumbList","@id":"https:\/\/seryhumano.com\/web\/?p=19279#breadcrumb","itemListElement":[{"@type":"ListItem","position":1,"name":"Portada","item":"https:\/\/seryhumano.com\/web\/"},{"@type":"ListItem","position":2,"name":"Consejos para fortalecer la autoestima"}]},{"@type":"WebSite","@id":"https:\/\/seryhumano.com\/web\/#website","url":"https:\/\/seryhumano.com\/web\/","name":"SeryHumano.com","description":"Revista digital muy humana, donde lo mas importante es el Ser...","publisher":{"@id":"https:\/\/seryhumano.com\/web\/#organization"},"potentialAction":[{"@type":"SearchAction","target":{"@type":"EntryPoint","urlTemplate":"https:\/\/seryhumano.com\/web\/?s={search_term_string}"},"query-input":{"@type":"PropertyValueSpecification","valueRequired":true,"valueName":"search_term_string"}}],"inLanguage":"es"},{"@type":"Organization","@id":"https:\/\/seryhumano.com\/web\/#organization","name":"SeryHumano.com","url":"https:\/\/seryhumano.com\/web\/","logo":{"@type":"ImageObject","inLanguage":"es","@id":"https:\/\/seryhumano.com\/web\/#\/schema\/logo\/image\/","url":"https:\/\/seryhumano.com\/web\/wp-content\/uploads\/2020\/02\/JNe5VRwH_400x400-2.jpg","contentUrl":"https:\/\/seryhumano.com\/web\/wp-content\/uploads\/2020\/02\/JNe5VRwH_400x400-2.jpg","width":400,"height":400,"caption":"SeryHumano.com"},"image":{"@id":"https:\/\/seryhumano.com\/web\/#\/schema\/logo\/image\/"},"sameAs":["https:\/\/www.facebook.com\/seryhumano\/","https:\/\/x.com\/SeryHumano","https:\/\/www.instagram.com\/seryhumano\/","https:\/\/www.linkedin.com\/company\/seryhumano-com\/","https:\/\/www.youtube.com\/channel\/UCYfgIGSxygVnJAW0e9ZBZWg"]},{"@type":"Person","@id":"https:\/\/seryhumano.com\/web\/#\/schema\/person\/fd30e8e0b394a62344b44d9b0fe75795","name":"@herrera_yosmar","description":"Eterna enamorada de la vida, comunicadora, mam\u00e1 de tres","sameAs":["http:\/\/seryhumano.com"],"url":"https:\/\/seryhumano.com\/web\/?author=2"}]}},"_links":{"self":[{"href":"https:\/\/seryhumano.com\/web\/index.php?rest_route=\/wp\/v2\/posts\/19279","targetHints":{"allow":["GET"]}}],"collection":[{"href":"https:\/\/seryhumano.com\/web\/index.php?rest_route=\/wp\/v2\/posts"}],"about":[{"href":"https:\/\/seryhumano.com\/web\/index.php?rest_route=\/wp\/v2\/types\/post"}],"author":[{"embeddable":true,"href":"https:\/\/seryhumano.com\/web\/index.php?rest_route=\/wp\/v2\/users\/2"}],"replies":[{"embeddable":true,"href":"https:\/\/seryhumano.com\/web\/index.php?rest_route=%2Fwp%2Fv2%2Fcomments&post=19279"}],"version-history":[{"count":0,"href":"https:\/\/seryhumano.com\/web\/index.php?rest_route=\/wp\/v2\/posts\/19279\/revisions"}],"wp:featuredmedia":[{"embeddable":true,"href":"https:\/\/seryhumano.com\/web\/index.php?rest_route=\/wp\/v2\/media\/19305"}],"wp:attachment":[{"href":"https:\/\/seryhumano.com\/web\/index.php?rest_route=%2Fwp%2Fv2%2Fmedia&parent=19279"}],"wp:term":[{"taxonomy":"category","embeddable":true,"href":"https:\/\/seryhumano.com\/web\/index.php?rest_route=%2Fwp%2Fv2%2Fcategories&post=19279"},{"taxonomy":"post_tag","embeddable":true,"href":"https:\/\/seryhumano.com\/web\/index.php?rest_route=%2Fwp%2Fv2%2Ftags&post=19279"}],"curies":[{"name":"wp","href":"https:\/\/api.w.org\/{rel}","templated":true}]}}