{"id":19376,"date":"2015-04-20T14:53:37","date_gmt":"2015-04-20T19:23:37","guid":{"rendered":"https:\/\/seryhumano.com\/web\/?p=19376"},"modified":"2015-04-20T14:55:26","modified_gmt":"2015-04-20T19:25:26","slug":"homenaje-a-la-musica-latinoamericana","status":"publish","type":"post","link":"https:\/\/seryhumano.com\/web\/?p=19376","title":{"rendered":"\u00abHomenaje a la m\u00fasica latinoamericana\u00bb"},"content":{"rendered":"<p><a href=\"https:\/\/seryhumano.com\/web\/wp-content\/uploads\/2015\/04\/SBBBJ-21.jpg\"><img loading=\"lazy\" decoding=\"async\" class=\"aligncenter wp-image-19377\" src=\"https:\/\/seryhumano.com\/web\/wp-content\/uploads\/2015\/04\/SBBBJ-21.jpg\" alt=\"SBBBJ 2\" width=\"653\" height=\"436\" srcset=\"https:\/\/seryhumano.com\/web\/wp-content\/uploads\/2015\/04\/SBBBJ-21.jpg 753w, https:\/\/seryhumano.com\/web\/wp-content\/uploads\/2015\/04\/SBBBJ-21-300x200.jpg 300w\" sizes=\"auto, (max-width: 653px) 100vw, 653px\" \/><\/a><\/p>\n<p>En la sala de conciertos del Centro Cultural B.O.D\u00a0Sim\u00f3n Bol\u00edvar Big Band Jazz presenta: \u00abHomenaje a la m\u00fasica latinoamericana\u00bb<\/p>\n<p>M\u00e1s de 40 m\u00fasicos en escena, dirigidos por el maestro Andr\u00e9s Brice\u00f1o, rendir\u00e1n un espectacular homenaje a compositores Latinoamericanos, interpretando sus m\u00e1s grandes \u00e9xitos, en un concierto sin precedentes que busca realzar la amplia riqueza arm\u00f3nica de la m\u00fasica latinoamericana, traslad\u00e1ndola en esta oportunidad al formato Jazz. La cita es el viernes 15 de mayo a las 8:00pm en la sala de conciertos del Centro Cultural B.O.D.<\/p>\n<p>La Sim\u00f3n Bol\u00edvar Big Band Jazz llevar\u00e1 a los asistentes por un viaje musical a trav\u00e9s de la cultura y las melod\u00edas de varios pa\u00edses de Latinoam\u00e9rica, con un nutrido repertorio conformado por temas de reconocidos compositores como: Sim\u00f3n D\u00edaz (Venezuela), Jos\u00e9 Barrios (Colombia), Violeta Parra (Chile), Mercedes Sosa (Argentina), Antonio Carlos Jobin (Brasil) Oswaldo Fatoruso (Uruguay)., entre muchos otros. Toda esta valiosa selecci\u00f3n de temas, ser\u00e1 interpretada por las grandes voces que integran la Big Band venezolana.<\/p>\n<p><img loading=\"lazy\" decoding=\"async\" class=\"alignright wp-image-19378\" src=\"https:\/\/seryhumano.com\/web\/wp-content\/uploads\/2015\/04\/SBBBJ-11.jpg\" alt=\"SBBBJ 1\" width=\"400\" height=\"267\" srcset=\"https:\/\/seryhumano.com\/web\/wp-content\/uploads\/2015\/04\/SBBBJ-11.jpg 753w, https:\/\/seryhumano.com\/web\/wp-content\/uploads\/2015\/04\/SBBBJ-11-300x200.jpg 300w\" sizes=\"auto, (max-width: 400px) 100vw, 400px\" \/>Las entradas para este \u00abHomenaje a la m\u00fasica latinoamericana\u00bb est\u00e1n a la venta en las taquillas del Centro Cultural B.O.D y a trav\u00e9s de <a title=\"http:\/\/www.ticketmundo.com\" href=\"http:\/\/www.ticketmundo.com\" target=\"_blank\">www.ticketmundo.com<\/a>.<\/p>\n<p>&nbsp;<\/p>\n<p>seryhumano.com<br \/>\nNota de Prensa<\/p>\n","protected":false},"excerpt":{"rendered":"<p>En la sala de conciertos del Centro Cultural B.O.D\u00a0Sim\u00f3n Bol\u00edvar Big Band Jazz presenta: \u00abHomenaje a la m\u00fasica latinoamericana\u00bb M\u00e1s de 40 m\u00fasicos en escena, dirigidos por el maestro Andr\u00e9s Brice\u00f1o, rendir\u00e1n un espectacular homenaje a compositores Latinoamericanos, interpretando sus m\u00e1s grandes \u00e9xitos, en un concierto sin precedentes que busca realzar la amplia riqueza arm\u00f3nica&hellip;<\/p>\n","protected":false},"author":248,"featured_media":19380,"comment_status":"closed","ping_status":"closed","sticky":false,"template":"","format":"standard","meta":{"footnotes":""},"categories":[122],"tags":[],"class_list":["post-19376","post","type-post","status-publish","format-standard","has-post-thumbnail","hentry","category-cultura","category-122","description-off"],"yoast_head":"<!-- This site is optimized with the Yoast SEO plugin v25.4 - https:\/\/yoast.com\/wordpress\/plugins\/seo\/ -->\n<title>&quot;Homenaje a la m\u00fasica latinoamericana&quot; &#187; SeryHumano.com<\/title>\n<meta name=\"robots\" content=\"index, follow, max-snippet:-1, max-image-preview:large, max-video-preview:-1\" \/>\n<link rel=\"canonical\" href=\"https:\/\/seryhumano.com\/web\/?p=19376\" \/>\n<meta property=\"og:locale\" content=\"es_ES\" \/>\n<meta property=\"og:type\" content=\"article\" \/>\n<meta property=\"og:title\" content=\"&quot;Homenaje a la m\u00fasica latinoamericana&quot; &#187; SeryHumano.com\" \/>\n<meta property=\"og:description\" content=\"En la sala de conciertos del Centro Cultural B.O.D\u00a0Sim\u00f3n Bol\u00edvar Big Band Jazz presenta: \u00abHomenaje a la m\u00fasica latinoamericana\u00bb M\u00e1s de 40 m\u00fasicos en escena, dirigidos por el maestro Andr\u00e9s Brice\u00f1o, rendir\u00e1n un espectacular homenaje a compositores Latinoamericanos, interpretando sus m\u00e1s grandes \u00e9xitos, en un concierto sin precedentes que busca realzar la amplia riqueza arm\u00f3nica&hellip;\" \/>\n<meta property=\"og:url\" content=\"https:\/\/seryhumano.com\/web\/?p=19376\" \/>\n<meta property=\"og:site_name\" content=\"SeryHumano.com\" \/>\n<meta property=\"article:publisher\" content=\"https:\/\/www.facebook.com\/seryhumano\/\" \/>\n<meta property=\"article:published_time\" content=\"2015-04-20T19:23:37+00:00\" \/>\n<meta property=\"article:modified_time\" content=\"2015-04-20T19:25:26+00:00\" \/>\n<meta property=\"og:image\" content=\"https:\/\/seryhumano.com\/web\/wp-content\/uploads\/2015\/04\/featureslider22.jpg\" \/>\n\t<meta property=\"og:image:width\" content=\"910\" \/>\n\t<meta property=\"og:image:height\" content=\"227\" \/>\n\t<meta property=\"og:image:type\" content=\"image\/jpeg\" \/>\n<meta name=\"author\" content=\"Nancy Pi\u00f1ero\" \/>\n<meta name=\"twitter:card\" content=\"summary_large_image\" \/>\n<meta name=\"twitter:creator\" content=\"@SeryHumano\" \/>\n<meta name=\"twitter:site\" content=\"@SeryHumano\" \/>\n<meta name=\"twitter:label1\" content=\"Escrito por\" \/>\n\t<meta name=\"twitter:data1\" content=\"Nancy Pi\u00f1ero\" \/>\n\t<meta name=\"twitter:label2\" content=\"Tiempo de lectura\" \/>\n\t<meta name=\"twitter:data2\" content=\"1 minuto\" \/>\n<script type=\"application\/ld+json\" class=\"yoast-schema-graph\">{\"@context\":\"https:\/\/schema.org\",\"@graph\":[{\"@type\":\"Article\",\"@id\":\"https:\/\/seryhumano.com\/web\/?p=19376#article\",\"isPartOf\":{\"@id\":\"https:\/\/seryhumano.com\/web\/?p=19376\"},\"author\":{\"name\":\"Nancy Pi\u00f1ero\",\"@id\":\"https:\/\/seryhumano.com\/web\/#\/schema\/person\/9433ad4560200eba32878567584d7aa0\"},\"headline\":\"\u00abHomenaje a la m\u00fasica latinoamericana\u00bb\",\"datePublished\":\"2015-04-20T19:23:37+00:00\",\"dateModified\":\"2015-04-20T19:25:26+00:00\",\"mainEntityOfPage\":{\"@id\":\"https:\/\/seryhumano.com\/web\/?p=19376\"},\"wordCount\":232,\"publisher\":{\"@id\":\"https:\/\/seryhumano.com\/web\/#organization\"},\"image\":{\"@id\":\"https:\/\/seryhumano.com\/web\/?p=19376#primaryimage\"},\"thumbnailUrl\":\"https:\/\/seryhumano.com\/web\/wp-content\/uploads\/2015\/04\/featureslider22.jpg\",\"articleSection\":[\"Cultura del Ser\"],\"inLanguage\":\"es\"},{\"@type\":\"WebPage\",\"@id\":\"https:\/\/seryhumano.com\/web\/?p=19376\",\"url\":\"https:\/\/seryhumano.com\/web\/?p=19376\",\"name\":\"\\\"Homenaje a la m\u00fasica latinoamericana\\\" &#187; SeryHumano.com\",\"isPartOf\":{\"@id\":\"https:\/\/seryhumano.com\/web\/#website\"},\"primaryImageOfPage\":{\"@id\":\"https:\/\/seryhumano.com\/web\/?p=19376#primaryimage\"},\"image\":{\"@id\":\"https:\/\/seryhumano.com\/web\/?p=19376#primaryimage\"},\"thumbnailUrl\":\"https:\/\/seryhumano.com\/web\/wp-content\/uploads\/2015\/04\/featureslider22.jpg\",\"datePublished\":\"2015-04-20T19:23:37+00:00\",\"dateModified\":\"2015-04-20T19:25:26+00:00\",\"breadcrumb\":{\"@id\":\"https:\/\/seryhumano.com\/web\/?p=19376#breadcrumb\"},\"inLanguage\":\"es\",\"potentialAction\":[{\"@type\":\"ReadAction\",\"target\":[\"https:\/\/seryhumano.com\/web\/?p=19376\"]}]},{\"@type\":\"ImageObject\",\"inLanguage\":\"es\",\"@id\":\"https:\/\/seryhumano.com\/web\/?p=19376#primaryimage\",\"url\":\"https:\/\/seryhumano.com\/web\/wp-content\/uploads\/2015\/04\/featureslider22.jpg\",\"contentUrl\":\"https:\/\/seryhumano.com\/web\/wp-content\/uploads\/2015\/04\/featureslider22.jpg\",\"width\":910,\"height\":227},{\"@type\":\"BreadcrumbList\",\"@id\":\"https:\/\/seryhumano.com\/web\/?p=19376#breadcrumb\",\"itemListElement\":[{\"@type\":\"ListItem\",\"position\":1,\"name\":\"Portada\",\"item\":\"https:\/\/seryhumano.com\/web\/\"},{\"@type\":\"ListItem\",\"position\":2,\"name\":\"\u00abHomenaje a la m\u00fasica latinoamericana\u00bb\"}]},{\"@type\":\"WebSite\",\"@id\":\"https:\/\/seryhumano.com\/web\/#website\",\"url\":\"https:\/\/seryhumano.com\/web\/\",\"name\":\"SeryHumano.com\",\"description\":\"Revista digital muy humana, donde lo mas importante es el Ser...\",\"publisher\":{\"@id\":\"https:\/\/seryhumano.com\/web\/#organization\"},\"potentialAction\":[{\"@type\":\"SearchAction\",\"target\":{\"@type\":\"EntryPoint\",\"urlTemplate\":\"https:\/\/seryhumano.com\/web\/?s={search_term_string}\"},\"query-input\":{\"@type\":\"PropertyValueSpecification\",\"valueRequired\":true,\"valueName\":\"search_term_string\"}}],\"inLanguage\":\"es\"},{\"@type\":\"Organization\",\"@id\":\"https:\/\/seryhumano.com\/web\/#organization\",\"name\":\"SeryHumano.com\",\"url\":\"https:\/\/seryhumano.com\/web\/\",\"logo\":{\"@type\":\"ImageObject\",\"inLanguage\":\"es\",\"@id\":\"https:\/\/seryhumano.com\/web\/#\/schema\/logo\/image\/\",\"url\":\"https:\/\/seryhumano.com\/web\/wp-content\/uploads\/2020\/02\/JNe5VRwH_400x400-2.jpg\",\"contentUrl\":\"https:\/\/seryhumano.com\/web\/wp-content\/uploads\/2020\/02\/JNe5VRwH_400x400-2.jpg\",\"width\":400,\"height\":400,\"caption\":\"SeryHumano.com\"},\"image\":{\"@id\":\"https:\/\/seryhumano.com\/web\/#\/schema\/logo\/image\/\"},\"sameAs\":[\"https:\/\/www.facebook.com\/seryhumano\/\",\"https:\/\/x.com\/SeryHumano\",\"https:\/\/www.instagram.com\/seryhumano\/\",\"https:\/\/www.linkedin.com\/company\/seryhumano-com\/\",\"https:\/\/www.youtube.com\/channel\/UCYfgIGSxygVnJAW0e9ZBZWg\"]},{\"@type\":\"Person\",\"@id\":\"https:\/\/seryhumano.com\/web\/#\/schema\/person\/9433ad4560200eba32878567584d7aa0\",\"name\":\"Nancy Pi\u00f1ero\",\"sameAs\":[\"http:\/\/perfectocodex.com\"],\"url\":\"https:\/\/seryhumano.com\/web\/?author=248\"}]}<\/script>\n<!-- \/ Yoast SEO plugin. -->","yoast_head_json":{"title":"\"Homenaje a la m\u00fasica latinoamericana\" &#187; SeryHumano.com","robots":{"index":"index","follow":"follow","max-snippet":"max-snippet:-1","max-image-preview":"max-image-preview:large","max-video-preview":"max-video-preview:-1"},"canonical":"https:\/\/seryhumano.com\/web\/?p=19376","og_locale":"es_ES","og_type":"article","og_title":"\"Homenaje a la m\u00fasica latinoamericana\" &#187; SeryHumano.com","og_description":"En la sala de conciertos del Centro Cultural B.O.D\u00a0Sim\u00f3n Bol\u00edvar Big Band Jazz presenta: \u00abHomenaje a la m\u00fasica latinoamericana\u00bb M\u00e1s de 40 m\u00fasicos en escena, dirigidos por el maestro Andr\u00e9s Brice\u00f1o, rendir\u00e1n un espectacular homenaje a compositores Latinoamericanos, interpretando sus m\u00e1s grandes \u00e9xitos, en un concierto sin precedentes que busca realzar la amplia riqueza arm\u00f3nica&hellip;","og_url":"https:\/\/seryhumano.com\/web\/?p=19376","og_site_name":"SeryHumano.com","article_publisher":"https:\/\/www.facebook.com\/seryhumano\/","article_published_time":"2015-04-20T19:23:37+00:00","article_modified_time":"2015-04-20T19:25:26+00:00","og_image":[{"width":910,"height":227,"url":"https:\/\/seryhumano.com\/web\/wp-content\/uploads\/2015\/04\/featureslider22.jpg","type":"image\/jpeg"}],"author":"Nancy Pi\u00f1ero","twitter_card":"summary_large_image","twitter_creator":"@SeryHumano","twitter_site":"@SeryHumano","twitter_misc":{"Escrito por":"Nancy Pi\u00f1ero","Tiempo de lectura":"1 minuto"},"schema":{"@context":"https:\/\/schema.org","@graph":[{"@type":"Article","@id":"https:\/\/seryhumano.com\/web\/?p=19376#article","isPartOf":{"@id":"https:\/\/seryhumano.com\/web\/?p=19376"},"author":{"name":"Nancy Pi\u00f1ero","@id":"https:\/\/seryhumano.com\/web\/#\/schema\/person\/9433ad4560200eba32878567584d7aa0"},"headline":"\u00abHomenaje a la m\u00fasica latinoamericana\u00bb","datePublished":"2015-04-20T19:23:37+00:00","dateModified":"2015-04-20T19:25:26+00:00","mainEntityOfPage":{"@id":"https:\/\/seryhumano.com\/web\/?p=19376"},"wordCount":232,"publisher":{"@id":"https:\/\/seryhumano.com\/web\/#organization"},"image":{"@id":"https:\/\/seryhumano.com\/web\/?p=19376#primaryimage"},"thumbnailUrl":"https:\/\/seryhumano.com\/web\/wp-content\/uploads\/2015\/04\/featureslider22.jpg","articleSection":["Cultura del Ser"],"inLanguage":"es"},{"@type":"WebPage","@id":"https:\/\/seryhumano.com\/web\/?p=19376","url":"https:\/\/seryhumano.com\/web\/?p=19376","name":"\"Homenaje a la m\u00fasica latinoamericana\" &#187; SeryHumano.com","isPartOf":{"@id":"https:\/\/seryhumano.com\/web\/#website"},"primaryImageOfPage":{"@id":"https:\/\/seryhumano.com\/web\/?p=19376#primaryimage"},"image":{"@id":"https:\/\/seryhumano.com\/web\/?p=19376#primaryimage"},"thumbnailUrl":"https:\/\/seryhumano.com\/web\/wp-content\/uploads\/2015\/04\/featureslider22.jpg","datePublished":"2015-04-20T19:23:37+00:00","dateModified":"2015-04-20T19:25:26+00:00","breadcrumb":{"@id":"https:\/\/seryhumano.com\/web\/?p=19376#breadcrumb"},"inLanguage":"es","potentialAction":[{"@type":"ReadAction","target":["https:\/\/seryhumano.com\/web\/?p=19376"]}]},{"@type":"ImageObject","inLanguage":"es","@id":"https:\/\/seryhumano.com\/web\/?p=19376#primaryimage","url":"https:\/\/seryhumano.com\/web\/wp-content\/uploads\/2015\/04\/featureslider22.jpg","contentUrl":"https:\/\/seryhumano.com\/web\/wp-content\/uploads\/2015\/04\/featureslider22.jpg","width":910,"height":227},{"@type":"BreadcrumbList","@id":"https:\/\/seryhumano.com\/web\/?p=19376#breadcrumb","itemListElement":[{"@type":"ListItem","position":1,"name":"Portada","item":"https:\/\/seryhumano.com\/web\/"},{"@type":"ListItem","position":2,"name":"\u00abHomenaje a la m\u00fasica latinoamericana\u00bb"}]},{"@type":"WebSite","@id":"https:\/\/seryhumano.com\/web\/#website","url":"https:\/\/seryhumano.com\/web\/","name":"SeryHumano.com","description":"Revista digital muy humana, donde lo mas importante es el Ser...","publisher":{"@id":"https:\/\/seryhumano.com\/web\/#organization"},"potentialAction":[{"@type":"SearchAction","target":{"@type":"EntryPoint","urlTemplate":"https:\/\/seryhumano.com\/web\/?s={search_term_string}"},"query-input":{"@type":"PropertyValueSpecification","valueRequired":true,"valueName":"search_term_string"}}],"inLanguage":"es"},{"@type":"Organization","@id":"https:\/\/seryhumano.com\/web\/#organization","name":"SeryHumano.com","url":"https:\/\/seryhumano.com\/web\/","logo":{"@type":"ImageObject","inLanguage":"es","@id":"https:\/\/seryhumano.com\/web\/#\/schema\/logo\/image\/","url":"https:\/\/seryhumano.com\/web\/wp-content\/uploads\/2020\/02\/JNe5VRwH_400x400-2.jpg","contentUrl":"https:\/\/seryhumano.com\/web\/wp-content\/uploads\/2020\/02\/JNe5VRwH_400x400-2.jpg","width":400,"height":400,"caption":"SeryHumano.com"},"image":{"@id":"https:\/\/seryhumano.com\/web\/#\/schema\/logo\/image\/"},"sameAs":["https:\/\/www.facebook.com\/seryhumano\/","https:\/\/x.com\/SeryHumano","https:\/\/www.instagram.com\/seryhumano\/","https:\/\/www.linkedin.com\/company\/seryhumano-com\/","https:\/\/www.youtube.com\/channel\/UCYfgIGSxygVnJAW0e9ZBZWg"]},{"@type":"Person","@id":"https:\/\/seryhumano.com\/web\/#\/schema\/person\/9433ad4560200eba32878567584d7aa0","name":"Nancy Pi\u00f1ero","sameAs":["http:\/\/perfectocodex.com"],"url":"https:\/\/seryhumano.com\/web\/?author=248"}]}},"_links":{"self":[{"href":"https:\/\/seryhumano.com\/web\/index.php?rest_route=\/wp\/v2\/posts\/19376","targetHints":{"allow":["GET"]}}],"collection":[{"href":"https:\/\/seryhumano.com\/web\/index.php?rest_route=\/wp\/v2\/posts"}],"about":[{"href":"https:\/\/seryhumano.com\/web\/index.php?rest_route=\/wp\/v2\/types\/post"}],"author":[{"embeddable":true,"href":"https:\/\/seryhumano.com\/web\/index.php?rest_route=\/wp\/v2\/users\/248"}],"replies":[{"embeddable":true,"href":"https:\/\/seryhumano.com\/web\/index.php?rest_route=%2Fwp%2Fv2%2Fcomments&post=19376"}],"version-history":[{"count":0,"href":"https:\/\/seryhumano.com\/web\/index.php?rest_route=\/wp\/v2\/posts\/19376\/revisions"}],"wp:featuredmedia":[{"embeddable":true,"href":"https:\/\/seryhumano.com\/web\/index.php?rest_route=\/wp\/v2\/media\/19380"}],"wp:attachment":[{"href":"https:\/\/seryhumano.com\/web\/index.php?rest_route=%2Fwp%2Fv2%2Fmedia&parent=19376"}],"wp:term":[{"taxonomy":"category","embeddable":true,"href":"https:\/\/seryhumano.com\/web\/index.php?rest_route=%2Fwp%2Fv2%2Fcategories&post=19376"},{"taxonomy":"post_tag","embeddable":true,"href":"https:\/\/seryhumano.com\/web\/index.php?rest_route=%2Fwp%2Fv2%2Ftags&post=19376"}],"curies":[{"name":"wp","href":"https:\/\/api.w.org\/{rel}","templated":true}]}}