{"id":19408,"date":"2015-04-23T05:27:38","date_gmt":"2015-04-23T09:57:38","guid":{"rendered":"https:\/\/seryhumano.com\/web\/?p=19408"},"modified":"2015-04-23T12:39:13","modified_gmt":"2015-04-23T17:09:13","slug":"nelson-mandela-llega-a-los-ninos-a-traves-de-un-comic","status":"publish","type":"post","link":"https:\/\/seryhumano.com\/web\/?p=19408","title":{"rendered":"NELSON MANDELA LLEGA A LOS NI\u00d1OS A TRAV\u00c9S DE UN C\u00d3MIC"},"content":{"rendered":"<p>El compromiso, el perd\u00f3n, la lucha contra la injusticia y la educaci\u00f3n como sustento de la dignidad afloran en \u201c<strong><em>Nelson Madela: Para la libertad<\/em><\/strong>\u201d, una biograf\u00eda en c\u00f3mic sobre el l\u00edder sudafricano, llena de valores y ense\u00f1anzas dirigidos a los ni\u00f1os \u201c<em>pero tambi\u00e9n a los adultos<\/em>\u201d.<a href=\"https:\/\/seryhumano.com\/web\/?attachment_id=19461\" rel=\"attachment wp-att-19461\"><img loading=\"lazy\" decoding=\"async\" class=\"alignright size-full wp-image-19461\" src=\"https:\/\/seryhumano.com\/web\/wp-content\/uploads\/2015\/04\/descarga-35.jpg\" alt=\"descarga (35)\" width=\"298\" height=\"169\" srcset=\"https:\/\/seryhumano.com\/web\/wp-content\/uploads\/2015\/04\/descarga-35.jpg 298w, https:\/\/seryhumano.com\/web\/wp-content\/uploads\/2015\/04\/descarga-35-265x150.jpg 265w\" sizes=\"auto, (max-width: 298px) 100vw, 298px\" \/><\/a><\/p>\n<p>\u201c<em>Me he fijado en su humanidad, generosidad y entrega, que se le empieza a notar desde cr\u00edo. Fue una persona comprometida siempre en todas las situaciones: antes, durante y despu\u00e9s de la c\u00e1rcel como hombre p\u00fablico<\/em>\u201d, ha explicado hoy a Efe el escritor Germ\u00e1n D\u00edez, autor del gui\u00f3n y de los textos que ha ilustrado Angelines San Jos\u00e9.<\/p>\n<p>El c\u00f3mic, en trece entregas de ocho p\u00e1ginas cada una, aparecer\u00e1 mensualmente en \u201c<strong><em>Aguiluchos<\/em><\/strong>\u201d, la revista infantil y juvenil que desde hace d\u00e9cadas editan en Espa\u00f1a los Misioneros Combonianos, con sede en Madrid y que dirige Jaume Calvera.<\/p>\n<p>Acaba de salir el primer cap\u00edtulo, dedicado a la infancia de Mandela (1918-2013) en la peque\u00f1a aldea tradicional de Mvezo, donde naci\u00f3 y se cri\u00f3 quien m\u00e1s tarde lleg\u00f3 a ser el primer presidente negro de la Rep\u00fablica Sudafricana, entre 1994 y 1999, despu\u00e9s de una vida entregada a la lucha contra la segregaci\u00f3n racial (\u2018Apartheid\u2019), por la que pen\u00f3 veintisiete a\u00f1os en la c\u00e1rcel.<\/p>\n<p>Germ\u00e1n D\u00edez, autor de m\u00e1s de medio centenar de libros infantiles y juveniles, asumi\u00f3 el encargo \u201c<em>con la inquietud y responsabilidad que supone la repercusi\u00f3n en todos los \u00f3rdenes de un personaje como fue y es Nelson Mandela: \u201cEn el plano pol\u00edtico, social e incluso en el literario, musical y cinematogr\u00e1fico<\/em>\u201d.<\/p>\n<p>M\u00e1s de tres meses tard\u00f3 en dar forma al proyecto, situar y procesar el m\u00e9todo de trabajo, y un a\u00f1o en redactar y dise\u00f1arlo, hasta el punto de dejar en la cuneta una novela que llevaba \u201c<em>muy avanzada<\/em>\u201d para centrarse en la figura de Nelson Mandela, galardonado con el Premio Nobel de la Paz en 1993.<\/p>\n<p>\u201c<em>He le\u00eddo biograf\u00edas y libros, me he documentado en revistas y a trav\u00e9s de internet, pero no he querido leer ni un s\u00f3lo c\u00f3mic ni tampoco ver pel\u00edculas como <strong>\u2018Invictus\u2019<\/strong> para no sentirme influenciado, para no dejarme llevar por nada<\/em>\u201d, ha a\u00f1adido este escritor palentino, profesor de Educaci\u00f3n Secundaria durante m\u00e1s de treinta a\u00f1os.<\/p>\n<p>A esa responsabilidad y \u201c<em>concienzuda dedicaci\u00f3n<\/em>\u201d, D\u00edez ha a\u00f1adido la \u201c<em>aventura literaria<\/em>\u201d que ha supuesto su estreno en el c\u00f3mic, un g\u00e9nero que a\u00fan no hab\u00eda tocado y con el que no se encontraba familiarizado \u201c<em>excepto alguna peque\u00f1a incursi\u00f3n de tipo did\u00e1ctico que tuve con los alumnos<\/em>\u201d, ha precisado.<\/p>\n<p>Los dibujos de la pintora, ilustradora y retratista Angelines San Jos\u00e9 llevan el tradicional \u2018bocadillo\u2019 con los di\u00e1logos y pensamientos de los protagonistas de los tebeos, pero tambi\u00e9n reflexiones, frases c\u00e9lebres pronunciadas por Mandela y referidas a algunos aspectos concretos como la libertad, las relaciones humanas y la importancia de la literatura y el arte.<\/p>\n<p>\u201c<em>Fue un luchador constante, incansable. Parece mentira que algo como el \u2018apartheid\u2019 en Sud\u00e1frica haya sucedido en pleno siglo XX y no en los antiguos tiempos de la esclavitud<\/em>\u201d, ha rememorado.<\/p>\n<p>La biograf\u00eda se completar\u00e1 en la revista del mes de enero de 2016 y poco despu\u00e9s se reunir\u00e1 en forma de libro que tambi\u00e9n saldr\u00e1 en lengua italiana.<\/p>\n<p>Los Misioneros Combonianos del Coraz\u00f3n de Jes\u00fas, presente en cuatro continentes y en Espa\u00f1a desde 1954, es una orden instituida por el sacerdote cat\u00f3lico italiano Daniel Comboni (1831-1881), que fue obispo de \u00c1frica. Roberto Jim\u00e9nez.<\/p>\n<p>&nbsp;<\/p>\n<p>seryhumano.com<br \/>\nFuente: larazon.es<\/p>\n","protected":false},"excerpt":{"rendered":"<p>El compromiso, el perd\u00f3n, la lucha contra la injusticia y la educaci\u00f3n como sustento de la dignidad afloran en \u201cNelson Madela: Para la libertad\u201d, una biograf\u00eda en c\u00f3mic sobre el l\u00edder sudafricano, llena de valores y ense\u00f1anzas dirigidos a los ni\u00f1os \u201cpero tambi\u00e9n a los adultos\u201d. \u201cMe he fijado en su humanidad, generosidad y entrega,&hellip;<\/p>\n","protected":false},"author":2,"featured_media":19464,"comment_status":"closed","ping_status":"closed","sticky":false,"template":"","format":"standard","meta":{"footnotes":""},"categories":[122,118],"tags":[143],"class_list":["post-19408","post","type-post","status-publish","format-standard","has-post-thumbnail","hentry","category-cultura","category-un-instante-con-las-letras","tag-concepto-del-proyecto","category-122","category-118","description-off"],"yoast_head":"<!-- This site is optimized with the Yoast SEO plugin v25.4 - https:\/\/yoast.com\/wordpress\/plugins\/seo\/ -->\n<title>NELSON MANDELA LLEGA A LOS NI\u00d1OS A TRAV\u00c9S DE UN C\u00d3MIC &#187; SeryHumano.com<\/title>\n<meta name=\"robots\" content=\"index, follow, max-snippet:-1, max-image-preview:large, max-video-preview:-1\" \/>\n<link rel=\"canonical\" href=\"https:\/\/seryhumano.com\/web\/?p=19408\" \/>\n<meta property=\"og:locale\" content=\"es_ES\" \/>\n<meta property=\"og:type\" content=\"article\" \/>\n<meta property=\"og:title\" content=\"NELSON MANDELA LLEGA A LOS NI\u00d1OS A TRAV\u00c9S DE UN C\u00d3MIC &#187; SeryHumano.com\" \/>\n<meta property=\"og:description\" content=\"El compromiso, el perd\u00f3n, la lucha contra la injusticia y la educaci\u00f3n como sustento de la dignidad afloran en \u201cNelson Madela: Para la libertad\u201d, una biograf\u00eda en c\u00f3mic sobre el l\u00edder sudafricano, llena de valores y ense\u00f1anzas dirigidos a los ni\u00f1os \u201cpero tambi\u00e9n a los adultos\u201d. \u201cMe he fijado en su humanidad, generosidad y entrega,&hellip;\" \/>\n<meta property=\"og:url\" content=\"https:\/\/seryhumano.com\/web\/?p=19408\" \/>\n<meta property=\"og:site_name\" content=\"SeryHumano.com\" \/>\n<meta property=\"article:publisher\" content=\"https:\/\/www.facebook.com\/seryhumano\/\" \/>\n<meta property=\"article:published_time\" content=\"2015-04-23T09:57:38+00:00\" \/>\n<meta property=\"article:modified_time\" content=\"2015-04-23T17:09:13+00:00\" \/>\n<meta property=\"og:image\" content=\"https:\/\/seryhumano.com\/web\/wp-content\/uploads\/2015\/04\/featureslider28.jpg\" \/>\n\t<meta property=\"og:image:width\" content=\"910\" \/>\n\t<meta property=\"og:image:height\" content=\"227\" \/>\n\t<meta property=\"og:image:type\" content=\"image\/jpeg\" \/>\n<meta name=\"author\" content=\"@herrera_yosmar\" \/>\n<meta name=\"twitter:card\" content=\"summary_large_image\" \/>\n<meta name=\"twitter:creator\" content=\"@SeryHumano\" \/>\n<meta name=\"twitter:site\" content=\"@SeryHumano\" \/>\n<meta name=\"twitter:label1\" content=\"Escrito por\" \/>\n\t<meta name=\"twitter:data1\" content=\"@herrera_yosmar\" \/>\n\t<meta name=\"twitter:label2\" content=\"Tiempo de lectura\" \/>\n\t<meta name=\"twitter:data2\" content=\"3 minutos\" \/>\n<script type=\"application\/ld+json\" class=\"yoast-schema-graph\">{\"@context\":\"https:\/\/schema.org\",\"@graph\":[{\"@type\":\"Article\",\"@id\":\"https:\/\/seryhumano.com\/web\/?p=19408#article\",\"isPartOf\":{\"@id\":\"https:\/\/seryhumano.com\/web\/?p=19408\"},\"author\":{\"name\":\"@herrera_yosmar\",\"@id\":\"https:\/\/seryhumano.com\/web\/#\/schema\/person\/fd30e8e0b394a62344b44d9b0fe75795\"},\"headline\":\"NELSON MANDELA LLEGA A LOS NI\u00d1OS A TRAV\u00c9S DE UN C\u00d3MIC\",\"datePublished\":\"2015-04-23T09:57:38+00:00\",\"dateModified\":\"2015-04-23T17:09:13+00:00\",\"mainEntityOfPage\":{\"@id\":\"https:\/\/seryhumano.com\/web\/?p=19408\"},\"wordCount\":650,\"publisher\":{\"@id\":\"https:\/\/seryhumano.com\/web\/#organization\"},\"image\":{\"@id\":\"https:\/\/seryhumano.com\/web\/?p=19408#primaryimage\"},\"thumbnailUrl\":\"https:\/\/seryhumano.com\/web\/wp-content\/uploads\/2015\/04\/featureslider28.jpg\",\"keywords\":[\"Concepto del Proyecto\"],\"articleSection\":[\"Cultura del Ser\",\"Un Instante con las Letras\"],\"inLanguage\":\"es\"},{\"@type\":\"WebPage\",\"@id\":\"https:\/\/seryhumano.com\/web\/?p=19408\",\"url\":\"https:\/\/seryhumano.com\/web\/?p=19408\",\"name\":\"NELSON MANDELA LLEGA A LOS NI\u00d1OS A TRAV\u00c9S DE UN C\u00d3MIC &#187; SeryHumano.com\",\"isPartOf\":{\"@id\":\"https:\/\/seryhumano.com\/web\/#website\"},\"primaryImageOfPage\":{\"@id\":\"https:\/\/seryhumano.com\/web\/?p=19408#primaryimage\"},\"image\":{\"@id\":\"https:\/\/seryhumano.com\/web\/?p=19408#primaryimage\"},\"thumbnailUrl\":\"https:\/\/seryhumano.com\/web\/wp-content\/uploads\/2015\/04\/featureslider28.jpg\",\"datePublished\":\"2015-04-23T09:57:38+00:00\",\"dateModified\":\"2015-04-23T17:09:13+00:00\",\"breadcrumb\":{\"@id\":\"https:\/\/seryhumano.com\/web\/?p=19408#breadcrumb\"},\"inLanguage\":\"es\",\"potentialAction\":[{\"@type\":\"ReadAction\",\"target\":[\"https:\/\/seryhumano.com\/web\/?p=19408\"]}]},{\"@type\":\"ImageObject\",\"inLanguage\":\"es\",\"@id\":\"https:\/\/seryhumano.com\/web\/?p=19408#primaryimage\",\"url\":\"https:\/\/seryhumano.com\/web\/wp-content\/uploads\/2015\/04\/featureslider28.jpg\",\"contentUrl\":\"https:\/\/seryhumano.com\/web\/wp-content\/uploads\/2015\/04\/featureslider28.jpg\",\"width\":910,\"height\":227},{\"@type\":\"BreadcrumbList\",\"@id\":\"https:\/\/seryhumano.com\/web\/?p=19408#breadcrumb\",\"itemListElement\":[{\"@type\":\"ListItem\",\"position\":1,\"name\":\"Portada\",\"item\":\"https:\/\/seryhumano.com\/web\/\"},{\"@type\":\"ListItem\",\"position\":2,\"name\":\"NELSON MANDELA LLEGA A LOS NI\u00d1OS A TRAV\u00c9S DE UN C\u00d3MIC\"}]},{\"@type\":\"WebSite\",\"@id\":\"https:\/\/seryhumano.com\/web\/#website\",\"url\":\"https:\/\/seryhumano.com\/web\/\",\"name\":\"SeryHumano.com\",\"description\":\"Revista digital muy humana, donde lo mas importante es el Ser...\",\"publisher\":{\"@id\":\"https:\/\/seryhumano.com\/web\/#organization\"},\"potentialAction\":[{\"@type\":\"SearchAction\",\"target\":{\"@type\":\"EntryPoint\",\"urlTemplate\":\"https:\/\/seryhumano.com\/web\/?s={search_term_string}\"},\"query-input\":{\"@type\":\"PropertyValueSpecification\",\"valueRequired\":true,\"valueName\":\"search_term_string\"}}],\"inLanguage\":\"es\"},{\"@type\":\"Organization\",\"@id\":\"https:\/\/seryhumano.com\/web\/#organization\",\"name\":\"SeryHumano.com\",\"url\":\"https:\/\/seryhumano.com\/web\/\",\"logo\":{\"@type\":\"ImageObject\",\"inLanguage\":\"es\",\"@id\":\"https:\/\/seryhumano.com\/web\/#\/schema\/logo\/image\/\",\"url\":\"https:\/\/seryhumano.com\/web\/wp-content\/uploads\/2020\/02\/JNe5VRwH_400x400-2.jpg\",\"contentUrl\":\"https:\/\/seryhumano.com\/web\/wp-content\/uploads\/2020\/02\/JNe5VRwH_400x400-2.jpg\",\"width\":400,\"height\":400,\"caption\":\"SeryHumano.com\"},\"image\":{\"@id\":\"https:\/\/seryhumano.com\/web\/#\/schema\/logo\/image\/\"},\"sameAs\":[\"https:\/\/www.facebook.com\/seryhumano\/\",\"https:\/\/x.com\/SeryHumano\",\"https:\/\/www.instagram.com\/seryhumano\/\",\"https:\/\/www.linkedin.com\/company\/seryhumano-com\/\",\"https:\/\/www.youtube.com\/channel\/UCYfgIGSxygVnJAW0e9ZBZWg\"]},{\"@type\":\"Person\",\"@id\":\"https:\/\/seryhumano.com\/web\/#\/schema\/person\/fd30e8e0b394a62344b44d9b0fe75795\",\"name\":\"@herrera_yosmar\",\"description\":\"Eterna enamorada de la vida, comunicadora, mam\u00e1 de tres\",\"sameAs\":[\"http:\/\/seryhumano.com\"],\"url\":\"https:\/\/seryhumano.com\/web\/?author=2\"}]}<\/script>\n<!-- \/ Yoast SEO plugin. -->","yoast_head_json":{"title":"NELSON MANDELA LLEGA A LOS NI\u00d1OS A TRAV\u00c9S DE UN C\u00d3MIC &#187; SeryHumano.com","robots":{"index":"index","follow":"follow","max-snippet":"max-snippet:-1","max-image-preview":"max-image-preview:large","max-video-preview":"max-video-preview:-1"},"canonical":"https:\/\/seryhumano.com\/web\/?p=19408","og_locale":"es_ES","og_type":"article","og_title":"NELSON MANDELA LLEGA A LOS NI\u00d1OS A TRAV\u00c9S DE UN C\u00d3MIC &#187; SeryHumano.com","og_description":"El compromiso, el perd\u00f3n, la lucha contra la injusticia y la educaci\u00f3n como sustento de la dignidad afloran en \u201cNelson Madela: Para la libertad\u201d, una biograf\u00eda en c\u00f3mic sobre el l\u00edder sudafricano, llena de valores y ense\u00f1anzas dirigidos a los ni\u00f1os \u201cpero tambi\u00e9n a los adultos\u201d. \u201cMe he fijado en su humanidad, generosidad y entrega,&hellip;","og_url":"https:\/\/seryhumano.com\/web\/?p=19408","og_site_name":"SeryHumano.com","article_publisher":"https:\/\/www.facebook.com\/seryhumano\/","article_published_time":"2015-04-23T09:57:38+00:00","article_modified_time":"2015-04-23T17:09:13+00:00","og_image":[{"width":910,"height":227,"url":"https:\/\/seryhumano.com\/web\/wp-content\/uploads\/2015\/04\/featureslider28.jpg","type":"image\/jpeg"}],"author":"@herrera_yosmar","twitter_card":"summary_large_image","twitter_creator":"@SeryHumano","twitter_site":"@SeryHumano","twitter_misc":{"Escrito por":"@herrera_yosmar","Tiempo de lectura":"3 minutos"},"schema":{"@context":"https:\/\/schema.org","@graph":[{"@type":"Article","@id":"https:\/\/seryhumano.com\/web\/?p=19408#article","isPartOf":{"@id":"https:\/\/seryhumano.com\/web\/?p=19408"},"author":{"name":"@herrera_yosmar","@id":"https:\/\/seryhumano.com\/web\/#\/schema\/person\/fd30e8e0b394a62344b44d9b0fe75795"},"headline":"NELSON MANDELA LLEGA A LOS NI\u00d1OS A TRAV\u00c9S DE UN C\u00d3MIC","datePublished":"2015-04-23T09:57:38+00:00","dateModified":"2015-04-23T17:09:13+00:00","mainEntityOfPage":{"@id":"https:\/\/seryhumano.com\/web\/?p=19408"},"wordCount":650,"publisher":{"@id":"https:\/\/seryhumano.com\/web\/#organization"},"image":{"@id":"https:\/\/seryhumano.com\/web\/?p=19408#primaryimage"},"thumbnailUrl":"https:\/\/seryhumano.com\/web\/wp-content\/uploads\/2015\/04\/featureslider28.jpg","keywords":["Concepto del Proyecto"],"articleSection":["Cultura del Ser","Un Instante con las Letras"],"inLanguage":"es"},{"@type":"WebPage","@id":"https:\/\/seryhumano.com\/web\/?p=19408","url":"https:\/\/seryhumano.com\/web\/?p=19408","name":"NELSON MANDELA LLEGA A LOS NI\u00d1OS A TRAV\u00c9S DE UN C\u00d3MIC &#187; SeryHumano.com","isPartOf":{"@id":"https:\/\/seryhumano.com\/web\/#website"},"primaryImageOfPage":{"@id":"https:\/\/seryhumano.com\/web\/?p=19408#primaryimage"},"image":{"@id":"https:\/\/seryhumano.com\/web\/?p=19408#primaryimage"},"thumbnailUrl":"https:\/\/seryhumano.com\/web\/wp-content\/uploads\/2015\/04\/featureslider28.jpg","datePublished":"2015-04-23T09:57:38+00:00","dateModified":"2015-04-23T17:09:13+00:00","breadcrumb":{"@id":"https:\/\/seryhumano.com\/web\/?p=19408#breadcrumb"},"inLanguage":"es","potentialAction":[{"@type":"ReadAction","target":["https:\/\/seryhumano.com\/web\/?p=19408"]}]},{"@type":"ImageObject","inLanguage":"es","@id":"https:\/\/seryhumano.com\/web\/?p=19408#primaryimage","url":"https:\/\/seryhumano.com\/web\/wp-content\/uploads\/2015\/04\/featureslider28.jpg","contentUrl":"https:\/\/seryhumano.com\/web\/wp-content\/uploads\/2015\/04\/featureslider28.jpg","width":910,"height":227},{"@type":"BreadcrumbList","@id":"https:\/\/seryhumano.com\/web\/?p=19408#breadcrumb","itemListElement":[{"@type":"ListItem","position":1,"name":"Portada","item":"https:\/\/seryhumano.com\/web\/"},{"@type":"ListItem","position":2,"name":"NELSON MANDELA LLEGA A LOS NI\u00d1OS A TRAV\u00c9S DE UN C\u00d3MIC"}]},{"@type":"WebSite","@id":"https:\/\/seryhumano.com\/web\/#website","url":"https:\/\/seryhumano.com\/web\/","name":"SeryHumano.com","description":"Revista digital muy humana, donde lo mas importante es el Ser...","publisher":{"@id":"https:\/\/seryhumano.com\/web\/#organization"},"potentialAction":[{"@type":"SearchAction","target":{"@type":"EntryPoint","urlTemplate":"https:\/\/seryhumano.com\/web\/?s={search_term_string}"},"query-input":{"@type":"PropertyValueSpecification","valueRequired":true,"valueName":"search_term_string"}}],"inLanguage":"es"},{"@type":"Organization","@id":"https:\/\/seryhumano.com\/web\/#organization","name":"SeryHumano.com","url":"https:\/\/seryhumano.com\/web\/","logo":{"@type":"ImageObject","inLanguage":"es","@id":"https:\/\/seryhumano.com\/web\/#\/schema\/logo\/image\/","url":"https:\/\/seryhumano.com\/web\/wp-content\/uploads\/2020\/02\/JNe5VRwH_400x400-2.jpg","contentUrl":"https:\/\/seryhumano.com\/web\/wp-content\/uploads\/2020\/02\/JNe5VRwH_400x400-2.jpg","width":400,"height":400,"caption":"SeryHumano.com"},"image":{"@id":"https:\/\/seryhumano.com\/web\/#\/schema\/logo\/image\/"},"sameAs":["https:\/\/www.facebook.com\/seryhumano\/","https:\/\/x.com\/SeryHumano","https:\/\/www.instagram.com\/seryhumano\/","https:\/\/www.linkedin.com\/company\/seryhumano-com\/","https:\/\/www.youtube.com\/channel\/UCYfgIGSxygVnJAW0e9ZBZWg"]},{"@type":"Person","@id":"https:\/\/seryhumano.com\/web\/#\/schema\/person\/fd30e8e0b394a62344b44d9b0fe75795","name":"@herrera_yosmar","description":"Eterna enamorada de la vida, comunicadora, mam\u00e1 de tres","sameAs":["http:\/\/seryhumano.com"],"url":"https:\/\/seryhumano.com\/web\/?author=2"}]}},"_links":{"self":[{"href":"https:\/\/seryhumano.com\/web\/index.php?rest_route=\/wp\/v2\/posts\/19408","targetHints":{"allow":["GET"]}}],"collection":[{"href":"https:\/\/seryhumano.com\/web\/index.php?rest_route=\/wp\/v2\/posts"}],"about":[{"href":"https:\/\/seryhumano.com\/web\/index.php?rest_route=\/wp\/v2\/types\/post"}],"author":[{"embeddable":true,"href":"https:\/\/seryhumano.com\/web\/index.php?rest_route=\/wp\/v2\/users\/2"}],"replies":[{"embeddable":true,"href":"https:\/\/seryhumano.com\/web\/index.php?rest_route=%2Fwp%2Fv2%2Fcomments&post=19408"}],"version-history":[{"count":0,"href":"https:\/\/seryhumano.com\/web\/index.php?rest_route=\/wp\/v2\/posts\/19408\/revisions"}],"wp:featuredmedia":[{"embeddable":true,"href":"https:\/\/seryhumano.com\/web\/index.php?rest_route=\/wp\/v2\/media\/19464"}],"wp:attachment":[{"href":"https:\/\/seryhumano.com\/web\/index.php?rest_route=%2Fwp%2Fv2%2Fmedia&parent=19408"}],"wp:term":[{"taxonomy":"category","embeddable":true,"href":"https:\/\/seryhumano.com\/web\/index.php?rest_route=%2Fwp%2Fv2%2Fcategories&post=19408"},{"taxonomy":"post_tag","embeddable":true,"href":"https:\/\/seryhumano.com\/web\/index.php?rest_route=%2Fwp%2Fv2%2Ftags&post=19408"}],"curies":[{"name":"wp","href":"https:\/\/api.w.org\/{rel}","templated":true}]}}