{"id":19644,"date":"2015-05-25T05:32:19","date_gmt":"2015-05-25T10:02:19","guid":{"rendered":"https:\/\/seryhumano.com\/web\/?p=19644"},"modified":"2015-05-25T11:31:50","modified_gmt":"2015-05-25T16:01:50","slug":"deja-vu-lo-inconsciente-antes-que-lo-consciente","status":"publish","type":"post","link":"https:\/\/seryhumano.com\/web\/?p=19644","title":{"rendered":"D\u00e9j\u00e0 vu: lo inconsciente antes que lo consciente"},"content":{"rendered":"<p><a href=\"https:\/\/seryhumano.com\/web\/?attachment_id=19645\" rel=\"attachment wp-att-19645\"><img loading=\"lazy\" decoding=\"async\" class=\" size-full wp-image-19645 aligncenter\" src=\"https:\/\/seryhumano.com\/web\/wp-content\/uploads\/2015\/05\/deja_vu.jpg\" alt=\"deja_vu\" width=\"640\" height=\"427\" srcset=\"https:\/\/seryhumano.com\/web\/wp-content\/uploads\/2015\/05\/deja_vu.jpg 640w, https:\/\/seryhumano.com\/web\/wp-content\/uploads\/2015\/05\/deja_vu-300x200.jpg 300w\" sizes=\"auto, (max-width: 640px) 100vw, 640px\" \/><\/a><\/p>\n<p>Estas dos palabras juntas describen un acontecimiento que la mayor\u00eda de las personas conocen, pues estudios formales aseguran que aproximadamente el 60% de la poblaci\u00f3n lo ha experimentado, sin embargo, existe todo un misterio detr\u00e1s de un d\u00e9j\u00e0 vu, ya que, cuando sucede, autom\u00e1ticamente se sabe que ha ocurrido, y se caracteriza por ser un sentimiento de confusi\u00f3n y extra\u00f1eza tras reconocer un objeto; como si ya se hubiera visto, pero no en esencia real, m\u00e1s bien\u00a0 mental, es una especie de visi\u00f3n fugaz al futuro; adem\u00e1s, la ciencia no ha descubierto del todo qu\u00e9 es lo que ocasiona un d\u00e9j\u00e0 vu (o todos sus similares), debido a la diversidad de opiniones e investigaciones, ni ha podido recrear la experiencia.<\/p>\n<p>Para t\u00e9rminos m\u00e1s generales existe la siguiente definici\u00f3n acu\u00f1ada por el investigador ps\u00edquico franc\u00e9s \u00c9mile Boirac en su libro <strong><em>L&#8217;Avenir des sciences psychiques<\/em><\/strong> (\u2018El futuro de las ciencias ps\u00edquicas\u2019) el cual est\u00e1 basado en un ensayo que escribi\u00f3 mientras estudiaba en la Universidad de Chicago: \u00ab<em>D\u00e9j\u00e0 vu (\/de\u0292a vy\/, en franc\u00e9s \u2018ya visto\u2019) o Paramnesia, es la experiencia de sentir que se ha sido testigo o se ha experimentado previamente una situaci\u00f3n nueva\u00bb<\/em><\/p>\n<p>Para desmenuzar, y definir con mayor exactitud este suceso; Arthur Funkhouser se encarg\u00f3 de clasificar el d\u00e9j\u00e0 vu, en varios tipos:<\/p>\n<p>1.- <strong>D\u00e9j\u00e0 v\u00e9cu<\/strong> (en franc\u00e9s &#8216;ya v\u00edvido&#8217; o &#8216;ya experimentado&#8217;), se caracteriza por una entra\u00f1able sensaci\u00f3n de confusi\u00f3n en el tiempo, puesto que el momento ya se conoce de una forma detallada, o sea, lo que se comenta, los movimientos corporales, los sonidos, m\u00e1s.<\/p>\n<p>Una descripci\u00f3n del d\u00e9j\u00e0 v\u00e9cu en una cita de Charles Dickens:<\/p>\n<p>\u00ab<em>Todos tenemos alguna experiencia de la sensaci\u00f3n, que nos viene ocasionalmente, de que lo que estamos diciendo o haciendo ya lo hemos dicho y hecho antes, en una \u00e9poca remota; de haber estado rodeados, hace tiempo, por las mismas caras, objetos y circunstancias; de que sabemos perfectamente lo que diremos a continuaci\u00f3n, \u00a1Como si de pronto lo record\u00e1semos!<\/em>\u00bb<\/p>\n<p>Esta experiencia se vive con mayor frecuencia en personas de entre 15 a 20 a\u00f1os, pues es cuando la mente est\u00e1 m\u00e1s dispuesta a advertir un cambio en el entorno.<\/p>\n<p>2.- <strong>D\u00e9j\u00e0 senti<\/strong> (en franc\u00e9s &#8216;ya sentido&#8217;), se caracteriza porque la experiencia &#8216;ya sentida&#8217; se recuerda en un lapso de tiempo corto, a diferencia del d\u00e9j\u00e0 v\u00e9cu, que se puede recordar por el resto de la vida; se ajusta bien al decir que es un suceso exclusivamente mental.<\/p>\n<p>Los m\u00e1s propensos a experimentar el d\u00e9j\u00e0 senti son las personas con epilepsia en el l\u00f3bulo temporal, un claro ejemplo es un paciente del Dr. John Hughlings que expres\u00f3 lo siguiente:<\/p>\n<p>\u00ab<em>Lo que ocupa la atenci\u00f3n es lo que la ha ocupado antes, y de hecho ha sido familiar, pero ha estado olvidado durante un tiempo y ahora se recupera con una leve sensaci\u00f3n de satisfacci\u00f3n como si se hubiese estado buscando. &#8230; Al mismo tiempo, o&#8230; m\u00e1s exactamente en una secuencia inmediata, advierto sutilmente que el recuerdo es ficticio y mi estado anormal. El recuerdo siempre empieza gracias a la voz de otra persona o a mi propio pensamiento verbalizado o a lo que estoy leyendo o verbalizando mentalmente, y creo que durante el estado anormal suelo verbalizar alguna frase de simple reconocimiento como \u00abAh, s\u00ed: ya veo\u00bb o \u00abPor supuesto, ya recuerdo\u00bb, pero un minuto o dos despu\u00e9s no puedo recordar ni las palabras ni el pensamiento verbalizado que dio lugar al recuerdo. S\u00f3lo hallo la fuerte sensaci\u00f3n de que se parecen a lo que he sentido antes bajo parecidas condiciones anormales.\u00bb<\/em><\/p>\n<p><a href=\"https:\/\/seryhumano.com\/web\/?attachment_id=19647\" rel=\"attachment wp-att-19647\"><img loading=\"lazy\" decoding=\"async\" class=\" size-full wp-image-19647 alignright\" src=\"https:\/\/seryhumano.com\/web\/wp-content\/uploads\/2015\/05\/deja_vu1.jpg\" alt=\"deja_vu1\" width=\"261\" height=\"193\" \/><\/a><\/p>\n<p>Estas palabras fueron registradas por el Dr Hughlings en un ensayo de 1889.<\/p>\n<p>3.- <strong>Deja visit\u00e9<\/strong> (en franc\u00e9s &#8216;ya visitado&#8217;), es una experiencia que implica el reconocimiento de un lugar que no se hab\u00eda visitado anteriormente; y a diferencia del d\u00e9j\u00e0 v\u00e9cu que est\u00e1 relacionado con lo ocurrido y las experiencias temporales, este se centra principalmente en la geograf\u00eda y las relaciones espaciales, como por ejemplo, cuando inesperadamente se conocen las calles exactas para llegar a un lugar.<\/p>\n<p>Algunas personas invocan esta situaci\u00f3n a la reencarnaci\u00f3n, los sue\u00f1os, el viaje extracorporal, y de forma m\u00e1s realista a una descripci\u00f3n detallada del lugar le\u00edda con anterioridad por un sujeto, donde toda esa informaci\u00f3n qued\u00f3 archivada en la memoria inconsciente; Existen dos ejemplos de este acontecimiento, el primero se encuentra descrito en el libro <strong><em>&#8216;Our Old Home&#8217;<\/em><\/strong> de Nathaniel Hawthorne, donde Hawthorne reconoce las ruinas de un castillo en Inglaterra y m\u00e1s tarde rastrea el origen de la sensaci\u00f3n en una obra escrita doscientos a\u00f1os antes sobre el mismo castillo por Alexander Pope, el segundo est\u00e1 en un ensayo escrito en 1952 <strong><em>&#8216;Sobre sincronicidad<\/em><\/strong>&#8216; de C. G. Jung.<\/p>\n<p><strong>C\u00f3mo lo explica la ciencia<\/strong><\/p>\n<p>El d\u00e9j\u00e0 vu, ha sido parte de investigaciones psicol\u00f3gicas y neurofisiol\u00f3gicas; las conclusiones explican que es una anomal\u00eda de la memoria: \u00ab<em>la impresi\u00f3n de que una experiencia est\u00e1 siendo recordada<\/em>\u00ab, esta explicaci\u00f3n se fundamenta en que, en el momento del d\u00e9j\u00e0 vu, la sensaci\u00f3n del recuerdo es intensa, pero las circunstancias posteriores a la experiencia (c\u00f3mo, d\u00f3nde y c\u00f3mo est\u00e1 ocurriendo) son meramente inciertas.<\/p>\n<p>La explicaci\u00f3n espec\u00edfica que nos otorga una comprensi\u00f3n m\u00e1s tangible.<\/p>\n<p>Nuestra memoria se divide en dos:<\/p>\n<p>1.- Memoria a corto plazo (Consciente): Sucesos que pertenecen a un presente.<\/p>\n<p>2.- Memoria a largo plazo (Inconsciente): Sucesos que pertenecen al pasado.<\/p>\n<p>En el momento de un d\u00e9j\u00e0 vu, ocurre un solapamiento entre los sistemas neurol\u00f3gicos responsables de la memoria, esto es cuando la mente consciente tiene un ligero retraso en la recepci\u00f3n de las entradas perceptivas. En pocas palabras, cuando la mente inconsciente percibe el entorno antes que la mente consciente. Esto, obviamente ocasiona que la memoria (2) encargada de archivar los sucesos que pertenecen al pasado, interprete al momento ya consciente como si fuera un recuerdo, puesto que la informaci\u00f3n ya est\u00e1 detallada en ella, a pesar de que s\u00f3lo se tengan unos pocos segundos de diferencia.<\/p>\n<p><strong>D\u00e9j\u00e0 vu relacionado con patolog\u00edas<a href=\"https:\/\/seryhumano.com\/web\/?attachment_id=19649\" rel=\"attachment wp-att-19649\"><img loading=\"lazy\" decoding=\"async\" class=\"aligncenter wp-image-19649 size-full\" src=\"https:\/\/seryhumano.com\/web\/wp-content\/uploads\/2015\/05\/D\u00e9j\u00e0-vu-Espacio-y-tiempo.jpg\" alt=\"D\u00e9j\u00e0-vu-Espacio-y-tiempo\" width=\"768\" height=\"1024\" srcset=\"https:\/\/seryhumano.com\/web\/wp-content\/uploads\/2015\/05\/D\u00e9j\u00e0-vu-Espacio-y-tiempo.jpg 768w, https:\/\/seryhumano.com\/web\/wp-content\/uploads\/2015\/05\/D\u00e9j\u00e0-vu-Espacio-y-tiempo-225x300.jpg 225w\" sizes=\"auto, (max-width: 768px) 100vw, 768px\" \/><\/a><\/strong><\/p>\n<p>Cl\u00ednicamente, se ha encontrado una correlaci\u00f3n entre el d\u00e9j\u00e0 vu con algunos trastornos mentales como la esquizofrenia y la ansiedad, ya que las personas que se encuentran en estas condiciones son m\u00e1s propensas a tener uno. Sin embargo, la relaci\u00f3n patol\u00f3gica m\u00e1s fuerte es con personas que padecen epilepsia del l\u00f3bulo temporal, esto ha desatado varios pensamientos acerca de que este fen\u00f3meno se debe a una anomal\u00eda neurol\u00f3gica relacionada con descargas el\u00e9ctricas indebidas en el cerebro.<\/p>\n<p><strong>D\u00e9j\u00e0 vu relacionado con los f\u00e1rmacos<\/strong><\/p>\n<p>Existe cierta informaci\u00f3n que especifica que ciertos f\u00e1rmacos como la amandatina y la fenilpropanolamina (antigripales) incrementan las posibilidades de experimentar un d\u00e9j\u00e0 vu, tambi\u00e9n sucede esto si se combinan. Inclusive existe un caso ocurrido en el 2001, dado a conocer por los psic\u00f3logos Taiminen y J\u00e4\u00e4skel\u00e4inen, de un hombre sano que empez\u00f3 a experimentar intensas sensaciones recurrentes de un d\u00e9j\u00e0 vu\u00a0 al tomar ambos antigripales, y que al encontrar la experiencia tan interesante, complet\u00f3 el tratamiento e inform\u00f3 a los psic\u00f3logos. Taiminen y J\u00e4\u00e4skel\u00e4inen especularon que el d\u00e9j\u00e0 vu sucede como resultado a la acci\u00f3n dopamin\u00e9rgica de los f\u00e1rmacos en las zonas mesial y temporal del cerebro, as\u00ed como la estimulaci\u00f3n de los electrodos cerebrales.<\/p>\n<p><strong>C\u00f3mo lo explica la Parapsicolog\u00eda y el mundo de Morfeo<\/strong><\/p>\n<p>Para la primera, el d\u00e9j\u00e0\u00a0 vu se asocia directamente con la precognici\u00f3n, la clarividencia y las percepciones extrasensoriales, o con personas que tienen aptitudes ps\u00edquicas. En el mundo de los sue\u00f1os, donde el rey es Morfeo, se sostiene\u00a0 que el d\u00e9j\u00e0 vu es la memoria de los sue\u00f1os, pues a pesar de que la mayor\u00eda de los sue\u00f1os no se recuerdan, quedan archivados en la memoria a largo plazo, soslayando la de corto plazo.<\/p>\n<p>Esto podr\u00eda interpretarse como si se tuviera una cajita con el t\u00edtulo de \u00ab<em>sue\u00f1os olvidados<\/em>\u00bb en la memoria, y de pronto, en ciertas situaciones de la vida se escapara un sue\u00f1o, revelando con su corta vida en segundos un paisaje on\u00edrico, latiendo en el mundo de humanos.<\/p>\n<p><strong>Datos interesantes sobre el d\u00e9j\u00e0 vu<a href=\"https:\/\/seryhumano.com\/web\/?attachment_id=19650\" rel=\"attachment wp-att-19650\"><img loading=\"lazy\" decoding=\"async\" class=\"aligncenter size-full wp-image-19650\" src=\"https:\/\/seryhumano.com\/web\/wp-content\/uploads\/2015\/05\/dejavu.jpg\" alt=\"dejavu\" width=\"630\" height=\"300\" srcset=\"https:\/\/seryhumano.com\/web\/wp-content\/uploads\/2015\/05\/dejavu.jpg 630w, https:\/\/seryhumano.com\/web\/wp-content\/uploads\/2015\/05\/dejavu-300x143.jpg 300w\" sizes=\"auto, (max-width: 630px) 100vw, 630px\" \/><\/a><\/strong><\/p>\n<p>1.- Existen varios fen\u00f3menos relacionados con el d\u00e9j\u00e0 vu, pero del polo opuesto, o sea, negativos:<\/p>\n<ol>\n<li>a) <strong>Jamais vu<\/strong> (jam\u00e1s visto): no recordar algo que supuestamente se hab\u00eda visto anteriormente, sucede cuando se sabe que ya se ha visto, pero la experiencia resulta desconocida y extra\u00f1a.<\/li>\n<li>b) <strong>Presque vu<\/strong> (casi visto) es recordar algo, pero sin llegar a completar el hecho, esto se asocia completamente con el dicho \u00ab<em>lo tengo en la punta de la lengua<\/em>\u00ab, y en el momento de presentar un examen \u00ab<em>lo hab\u00eda escuchado en la clase anterior, pero no recuerdo la respuesta exacta<\/em>\u00ab.<\/li>\n<li>c) <strong>L&#8217;esprit de l&#8217;escalier<\/strong> (expresi\u00f3n francesa), cuando se viene a la cabeza lo que se debi\u00f3 de hacer, en lugar de lo que se hizo; o cuando la respuesta m\u00e1s precisa nace en la mente minutos despu\u00e9s de haber respondido. Es otra forma de decir \u00ab<em>hubiera<\/em>\u00ab.<\/li>\n<\/ol>\n<p>2.- Algunas teor\u00edas aseguran que es una suerte del tercer ojo m\u00edstico.<\/p>\n<p>3.-\u00a0 Varias personas que no poseen el sentido de la vista, dicen experimentar un d\u00e9j\u00e0 vu por medio de la audici\u00f3n, el tacto y el gusto.<\/p>\n<p>&nbsp;<\/p>\n<p>seryhumano.com<br \/>\nFuente: todaunaamalgama.blogspot.com.es<\/p>\n","protected":false},"excerpt":{"rendered":"<p>Estas dos palabras juntas describen un acontecimiento que la mayor\u00eda de las personas conocen, pues estudios formales aseguran que aproximadamente el 60% de la poblaci\u00f3n lo ha experimentado, sin embargo, existe todo un misterio detr\u00e1s de un d\u00e9j\u00e0 vu, ya que, cuando sucede, autom\u00e1ticamente se sabe que ha ocurrido, y se caracteriza por ser un&hellip;<\/p>\n","protected":false},"author":2,"featured_media":19673,"comment_status":"closed","ping_status":"closed","sticky":false,"template":"","format":"standard","meta":{"footnotes":""},"categories":[119],"tags":[143],"class_list":["post-19644","post","type-post","status-publish","format-standard","has-post-thumbnail","hentry","category-el-ser-y-yo","tag-concepto-del-proyecto","category-119","description-off"],"yoast_head":"<!-- This site is optimized with the Yoast SEO plugin v25.4 - https:\/\/yoast.com\/wordpress\/plugins\/seo\/ -->\n<title>D\u00e9j\u00e0 vu: lo inconsciente antes que lo consciente &#187; SeryHumano.com<\/title>\n<meta name=\"robots\" content=\"index, follow, max-snippet:-1, max-image-preview:large, max-video-preview:-1\" \/>\n<link rel=\"canonical\" href=\"https:\/\/seryhumano.com\/web\/?p=19644\" \/>\n<meta property=\"og:locale\" content=\"es_ES\" \/>\n<meta property=\"og:type\" content=\"article\" \/>\n<meta property=\"og:title\" content=\"D\u00e9j\u00e0 vu: lo inconsciente antes que lo consciente &#187; SeryHumano.com\" \/>\n<meta property=\"og:description\" content=\"Estas dos palabras juntas describen un acontecimiento que la mayor\u00eda de las personas conocen, pues estudios formales aseguran que aproximadamente el 60% de la poblaci\u00f3n lo ha experimentado, sin embargo, existe todo un misterio detr\u00e1s de un d\u00e9j\u00e0 vu, ya que, cuando sucede, autom\u00e1ticamente se sabe que ha ocurrido, y se caracteriza por ser un&hellip;\" \/>\n<meta property=\"og:url\" content=\"https:\/\/seryhumano.com\/web\/?p=19644\" \/>\n<meta property=\"og:site_name\" content=\"SeryHumano.com\" \/>\n<meta property=\"article:publisher\" content=\"https:\/\/www.facebook.com\/seryhumano\/\" \/>\n<meta property=\"article:published_time\" content=\"2015-05-25T10:02:19+00:00\" \/>\n<meta property=\"article:modified_time\" content=\"2015-05-25T16:01:50+00:00\" \/>\n<meta property=\"og:image\" content=\"https:\/\/seryhumano.com\/web\/wp-content\/uploads\/2015\/05\/featureslider11.jpg\" \/>\n\t<meta property=\"og:image:width\" content=\"910\" \/>\n\t<meta property=\"og:image:height\" content=\"227\" \/>\n\t<meta property=\"og:image:type\" content=\"image\/jpeg\" \/>\n<meta name=\"author\" content=\"@herrera_yosmar\" \/>\n<meta name=\"twitter:card\" content=\"summary_large_image\" \/>\n<meta name=\"twitter:creator\" content=\"@SeryHumano\" \/>\n<meta name=\"twitter:site\" content=\"@SeryHumano\" \/>\n<meta name=\"twitter:label1\" content=\"Escrito por\" \/>\n\t<meta name=\"twitter:data1\" content=\"@herrera_yosmar\" \/>\n\t<meta name=\"twitter:label2\" content=\"Tiempo de lectura\" \/>\n\t<meta name=\"twitter:data2\" content=\"8 minutos\" \/>\n<script type=\"application\/ld+json\" class=\"yoast-schema-graph\">{\"@context\":\"https:\/\/schema.org\",\"@graph\":[{\"@type\":\"Article\",\"@id\":\"https:\/\/seryhumano.com\/web\/?p=19644#article\",\"isPartOf\":{\"@id\":\"https:\/\/seryhumano.com\/web\/?p=19644\"},\"author\":{\"name\":\"@herrera_yosmar\",\"@id\":\"https:\/\/seryhumano.com\/web\/#\/schema\/person\/fd30e8e0b394a62344b44d9b0fe75795\"},\"headline\":\"D\u00e9j\u00e0 vu: lo inconsciente antes que lo consciente\",\"datePublished\":\"2015-05-25T10:02:19+00:00\",\"dateModified\":\"2015-05-25T16:01:50+00:00\",\"mainEntityOfPage\":{\"@id\":\"https:\/\/seryhumano.com\/web\/?p=19644\"},\"wordCount\":1662,\"publisher\":{\"@id\":\"https:\/\/seryhumano.com\/web\/#organization\"},\"image\":{\"@id\":\"https:\/\/seryhumano.com\/web\/?p=19644#primaryimage\"},\"thumbnailUrl\":\"https:\/\/seryhumano.com\/web\/wp-content\/uploads\/2015\/05\/featureslider11.jpg\",\"keywords\":[\"Concepto del Proyecto\"],\"articleSection\":[\"El Ser y YO\"],\"inLanguage\":\"es\"},{\"@type\":\"WebPage\",\"@id\":\"https:\/\/seryhumano.com\/web\/?p=19644\",\"url\":\"https:\/\/seryhumano.com\/web\/?p=19644\",\"name\":\"D\u00e9j\u00e0 vu: lo inconsciente antes que lo consciente &#187; SeryHumano.com\",\"isPartOf\":{\"@id\":\"https:\/\/seryhumano.com\/web\/#website\"},\"primaryImageOfPage\":{\"@id\":\"https:\/\/seryhumano.com\/web\/?p=19644#primaryimage\"},\"image\":{\"@id\":\"https:\/\/seryhumano.com\/web\/?p=19644#primaryimage\"},\"thumbnailUrl\":\"https:\/\/seryhumano.com\/web\/wp-content\/uploads\/2015\/05\/featureslider11.jpg\",\"datePublished\":\"2015-05-25T10:02:19+00:00\",\"dateModified\":\"2015-05-25T16:01:50+00:00\",\"breadcrumb\":{\"@id\":\"https:\/\/seryhumano.com\/web\/?p=19644#breadcrumb\"},\"inLanguage\":\"es\",\"potentialAction\":[{\"@type\":\"ReadAction\",\"target\":[\"https:\/\/seryhumano.com\/web\/?p=19644\"]}]},{\"@type\":\"ImageObject\",\"inLanguage\":\"es\",\"@id\":\"https:\/\/seryhumano.com\/web\/?p=19644#primaryimage\",\"url\":\"https:\/\/seryhumano.com\/web\/wp-content\/uploads\/2015\/05\/featureslider11.jpg\",\"contentUrl\":\"https:\/\/seryhumano.com\/web\/wp-content\/uploads\/2015\/05\/featureslider11.jpg\",\"width\":910,\"height\":227},{\"@type\":\"BreadcrumbList\",\"@id\":\"https:\/\/seryhumano.com\/web\/?p=19644#breadcrumb\",\"itemListElement\":[{\"@type\":\"ListItem\",\"position\":1,\"name\":\"Portada\",\"item\":\"https:\/\/seryhumano.com\/web\/\"},{\"@type\":\"ListItem\",\"position\":2,\"name\":\"D\u00e9j\u00e0 vu: lo inconsciente antes que lo consciente\"}]},{\"@type\":\"WebSite\",\"@id\":\"https:\/\/seryhumano.com\/web\/#website\",\"url\":\"https:\/\/seryhumano.com\/web\/\",\"name\":\"SeryHumano.com\",\"description\":\"Revista digital muy humana, donde lo mas importante es el Ser...\",\"publisher\":{\"@id\":\"https:\/\/seryhumano.com\/web\/#organization\"},\"potentialAction\":[{\"@type\":\"SearchAction\",\"target\":{\"@type\":\"EntryPoint\",\"urlTemplate\":\"https:\/\/seryhumano.com\/web\/?s={search_term_string}\"},\"query-input\":{\"@type\":\"PropertyValueSpecification\",\"valueRequired\":true,\"valueName\":\"search_term_string\"}}],\"inLanguage\":\"es\"},{\"@type\":\"Organization\",\"@id\":\"https:\/\/seryhumano.com\/web\/#organization\",\"name\":\"SeryHumano.com\",\"url\":\"https:\/\/seryhumano.com\/web\/\",\"logo\":{\"@type\":\"ImageObject\",\"inLanguage\":\"es\",\"@id\":\"https:\/\/seryhumano.com\/web\/#\/schema\/logo\/image\/\",\"url\":\"https:\/\/seryhumano.com\/web\/wp-content\/uploads\/2020\/02\/JNe5VRwH_400x400-2.jpg\",\"contentUrl\":\"https:\/\/seryhumano.com\/web\/wp-content\/uploads\/2020\/02\/JNe5VRwH_400x400-2.jpg\",\"width\":400,\"height\":400,\"caption\":\"SeryHumano.com\"},\"image\":{\"@id\":\"https:\/\/seryhumano.com\/web\/#\/schema\/logo\/image\/\"},\"sameAs\":[\"https:\/\/www.facebook.com\/seryhumano\/\",\"https:\/\/x.com\/SeryHumano\",\"https:\/\/www.instagram.com\/seryhumano\/\",\"https:\/\/www.linkedin.com\/company\/seryhumano-com\/\",\"https:\/\/www.youtube.com\/channel\/UCYfgIGSxygVnJAW0e9ZBZWg\"]},{\"@type\":\"Person\",\"@id\":\"https:\/\/seryhumano.com\/web\/#\/schema\/person\/fd30e8e0b394a62344b44d9b0fe75795\",\"name\":\"@herrera_yosmar\",\"description\":\"Eterna enamorada de la vida, comunicadora, mam\u00e1 de tres\",\"sameAs\":[\"http:\/\/seryhumano.com\"],\"url\":\"https:\/\/seryhumano.com\/web\/?author=2\"}]}<\/script>\n<!-- \/ Yoast SEO plugin. -->","yoast_head_json":{"title":"D\u00e9j\u00e0 vu: lo inconsciente antes que lo consciente &#187; SeryHumano.com","robots":{"index":"index","follow":"follow","max-snippet":"max-snippet:-1","max-image-preview":"max-image-preview:large","max-video-preview":"max-video-preview:-1"},"canonical":"https:\/\/seryhumano.com\/web\/?p=19644","og_locale":"es_ES","og_type":"article","og_title":"D\u00e9j\u00e0 vu: lo inconsciente antes que lo consciente &#187; SeryHumano.com","og_description":"Estas dos palabras juntas describen un acontecimiento que la mayor\u00eda de las personas conocen, pues estudios formales aseguran que aproximadamente el 60% de la poblaci\u00f3n lo ha experimentado, sin embargo, existe todo un misterio detr\u00e1s de un d\u00e9j\u00e0 vu, ya que, cuando sucede, autom\u00e1ticamente se sabe que ha ocurrido, y se caracteriza por ser un&hellip;","og_url":"https:\/\/seryhumano.com\/web\/?p=19644","og_site_name":"SeryHumano.com","article_publisher":"https:\/\/www.facebook.com\/seryhumano\/","article_published_time":"2015-05-25T10:02:19+00:00","article_modified_time":"2015-05-25T16:01:50+00:00","og_image":[{"width":910,"height":227,"url":"https:\/\/seryhumano.com\/web\/wp-content\/uploads\/2015\/05\/featureslider11.jpg","type":"image\/jpeg"}],"author":"@herrera_yosmar","twitter_card":"summary_large_image","twitter_creator":"@SeryHumano","twitter_site":"@SeryHumano","twitter_misc":{"Escrito por":"@herrera_yosmar","Tiempo de lectura":"8 minutos"},"schema":{"@context":"https:\/\/schema.org","@graph":[{"@type":"Article","@id":"https:\/\/seryhumano.com\/web\/?p=19644#article","isPartOf":{"@id":"https:\/\/seryhumano.com\/web\/?p=19644"},"author":{"name":"@herrera_yosmar","@id":"https:\/\/seryhumano.com\/web\/#\/schema\/person\/fd30e8e0b394a62344b44d9b0fe75795"},"headline":"D\u00e9j\u00e0 vu: lo inconsciente antes que lo consciente","datePublished":"2015-05-25T10:02:19+00:00","dateModified":"2015-05-25T16:01:50+00:00","mainEntityOfPage":{"@id":"https:\/\/seryhumano.com\/web\/?p=19644"},"wordCount":1662,"publisher":{"@id":"https:\/\/seryhumano.com\/web\/#organization"},"image":{"@id":"https:\/\/seryhumano.com\/web\/?p=19644#primaryimage"},"thumbnailUrl":"https:\/\/seryhumano.com\/web\/wp-content\/uploads\/2015\/05\/featureslider11.jpg","keywords":["Concepto del Proyecto"],"articleSection":["El Ser y YO"],"inLanguage":"es"},{"@type":"WebPage","@id":"https:\/\/seryhumano.com\/web\/?p=19644","url":"https:\/\/seryhumano.com\/web\/?p=19644","name":"D\u00e9j\u00e0 vu: lo inconsciente antes que lo consciente &#187; SeryHumano.com","isPartOf":{"@id":"https:\/\/seryhumano.com\/web\/#website"},"primaryImageOfPage":{"@id":"https:\/\/seryhumano.com\/web\/?p=19644#primaryimage"},"image":{"@id":"https:\/\/seryhumano.com\/web\/?p=19644#primaryimage"},"thumbnailUrl":"https:\/\/seryhumano.com\/web\/wp-content\/uploads\/2015\/05\/featureslider11.jpg","datePublished":"2015-05-25T10:02:19+00:00","dateModified":"2015-05-25T16:01:50+00:00","breadcrumb":{"@id":"https:\/\/seryhumano.com\/web\/?p=19644#breadcrumb"},"inLanguage":"es","potentialAction":[{"@type":"ReadAction","target":["https:\/\/seryhumano.com\/web\/?p=19644"]}]},{"@type":"ImageObject","inLanguage":"es","@id":"https:\/\/seryhumano.com\/web\/?p=19644#primaryimage","url":"https:\/\/seryhumano.com\/web\/wp-content\/uploads\/2015\/05\/featureslider11.jpg","contentUrl":"https:\/\/seryhumano.com\/web\/wp-content\/uploads\/2015\/05\/featureslider11.jpg","width":910,"height":227},{"@type":"BreadcrumbList","@id":"https:\/\/seryhumano.com\/web\/?p=19644#breadcrumb","itemListElement":[{"@type":"ListItem","position":1,"name":"Portada","item":"https:\/\/seryhumano.com\/web\/"},{"@type":"ListItem","position":2,"name":"D\u00e9j\u00e0 vu: lo inconsciente antes que lo consciente"}]},{"@type":"WebSite","@id":"https:\/\/seryhumano.com\/web\/#website","url":"https:\/\/seryhumano.com\/web\/","name":"SeryHumano.com","description":"Revista digital muy humana, donde lo mas importante es el Ser...","publisher":{"@id":"https:\/\/seryhumano.com\/web\/#organization"},"potentialAction":[{"@type":"SearchAction","target":{"@type":"EntryPoint","urlTemplate":"https:\/\/seryhumano.com\/web\/?s={search_term_string}"},"query-input":{"@type":"PropertyValueSpecification","valueRequired":true,"valueName":"search_term_string"}}],"inLanguage":"es"},{"@type":"Organization","@id":"https:\/\/seryhumano.com\/web\/#organization","name":"SeryHumano.com","url":"https:\/\/seryhumano.com\/web\/","logo":{"@type":"ImageObject","inLanguage":"es","@id":"https:\/\/seryhumano.com\/web\/#\/schema\/logo\/image\/","url":"https:\/\/seryhumano.com\/web\/wp-content\/uploads\/2020\/02\/JNe5VRwH_400x400-2.jpg","contentUrl":"https:\/\/seryhumano.com\/web\/wp-content\/uploads\/2020\/02\/JNe5VRwH_400x400-2.jpg","width":400,"height":400,"caption":"SeryHumano.com"},"image":{"@id":"https:\/\/seryhumano.com\/web\/#\/schema\/logo\/image\/"},"sameAs":["https:\/\/www.facebook.com\/seryhumano\/","https:\/\/x.com\/SeryHumano","https:\/\/www.instagram.com\/seryhumano\/","https:\/\/www.linkedin.com\/company\/seryhumano-com\/","https:\/\/www.youtube.com\/channel\/UCYfgIGSxygVnJAW0e9ZBZWg"]},{"@type":"Person","@id":"https:\/\/seryhumano.com\/web\/#\/schema\/person\/fd30e8e0b394a62344b44d9b0fe75795","name":"@herrera_yosmar","description":"Eterna enamorada de la vida, comunicadora, mam\u00e1 de tres","sameAs":["http:\/\/seryhumano.com"],"url":"https:\/\/seryhumano.com\/web\/?author=2"}]}},"_links":{"self":[{"href":"https:\/\/seryhumano.com\/web\/index.php?rest_route=\/wp\/v2\/posts\/19644","targetHints":{"allow":["GET"]}}],"collection":[{"href":"https:\/\/seryhumano.com\/web\/index.php?rest_route=\/wp\/v2\/posts"}],"about":[{"href":"https:\/\/seryhumano.com\/web\/index.php?rest_route=\/wp\/v2\/types\/post"}],"author":[{"embeddable":true,"href":"https:\/\/seryhumano.com\/web\/index.php?rest_route=\/wp\/v2\/users\/2"}],"replies":[{"embeddable":true,"href":"https:\/\/seryhumano.com\/web\/index.php?rest_route=%2Fwp%2Fv2%2Fcomments&post=19644"}],"version-history":[{"count":0,"href":"https:\/\/seryhumano.com\/web\/index.php?rest_route=\/wp\/v2\/posts\/19644\/revisions"}],"wp:featuredmedia":[{"embeddable":true,"href":"https:\/\/seryhumano.com\/web\/index.php?rest_route=\/wp\/v2\/media\/19673"}],"wp:attachment":[{"href":"https:\/\/seryhumano.com\/web\/index.php?rest_route=%2Fwp%2Fv2%2Fmedia&parent=19644"}],"wp:term":[{"taxonomy":"category","embeddable":true,"href":"https:\/\/seryhumano.com\/web\/index.php?rest_route=%2Fwp%2Fv2%2Fcategories&post=19644"},{"taxonomy":"post_tag","embeddable":true,"href":"https:\/\/seryhumano.com\/web\/index.php?rest_route=%2Fwp%2Fv2%2Ftags&post=19644"}],"curies":[{"name":"wp","href":"https:\/\/api.w.org\/{rel}","templated":true}]}}