{"id":19704,"date":"2015-05-31T08:20:20","date_gmt":"2015-05-31T12:50:20","guid":{"rendered":"https:\/\/seryhumano.com\/web\/?p=19704"},"modified":"2015-05-31T14:28:26","modified_gmt":"2015-05-31T18:58:26","slug":"andrea-bocelli-la-buena-musica-lleva-consigo-un-fuerte-mensaje-de-paz-y-de-hermandad","status":"publish","type":"post","link":"https:\/\/seryhumano.com\/web\/?p=19704","title":{"rendered":"Andrea Bocelli: \u201cLa buena m\u00fasica lleva consigo un fuerte mensaje de paz y de hermandad\u201d"},"content":{"rendered":"<p>El tenor italiano Andrea Bocelli, que ha vendido m\u00e1s de 75 millones de discos, habl\u00f3 de su fe y cant\u00f3 en la bas\u00edlica de la Sagrada Familia de Barcelona en la primera edici\u00f3n de la gira musical <strong>\u00ab<em>El gran misterio<\/em><\/strong>\u00ab, organizada por el Pontificio Consejo para la Familia, que recorrer\u00e1 diversas ciudades de todo el mundo<em>.<\/em><\/p>\n<p><a href=\"https:\/\/seryhumano.com\/web\/?attachment_id=19705\" rel=\"attachment wp-att-19705\"><img loading=\"lazy\" decoding=\"async\" class=\"aligncenter wp-image-19705\" src=\"https:\/\/seryhumano.com\/web\/wp-content\/uploads\/2015\/05\/22861_andrea_bocelli_canta_en_la_sagrada_familia__junto_a_la_violinista_anastasiaya_petryshak_y_el_director_marcello_rota_foto_de_fabian_hochscheid.jpg\" alt=\"Andrea Bocelli canta en la Sagrada Familia, junto a la violinista Anastasiaya Petryshak y el director Marcello Rota foto de Fabian Hochscheid\" width=\"500\" height=\"156\" srcset=\"https:\/\/seryhumano.com\/web\/wp-content\/uploads\/2015\/05\/22861_andrea_bocelli_canta_en_la_sagrada_familia__junto_a_la_violinista_anastasiaya_petryshak_y_el_director_marcello_rota_foto_de_fabian_hochscheid.jpg 640w, https:\/\/seryhumano.com\/web\/wp-content\/uploads\/2015\/05\/22861_andrea_bocelli_canta_en_la_sagrada_familia__junto_a_la_violinista_anastasiaya_petryshak_y_el_director_marcello_rota_foto_de_fabian_hochscheid-300x94.jpg 300w\" sizes=\"auto, (max-width: 500px) 100vw, 500px\" \/><\/a><\/p>\n<h5 style=\"text-align: center;\"><em>Andrea Bocelli canta en la Sagrada Familia, junto a la violinista Anastasiaya Petryshak y el director Marcello Rota foto de Fabian Hochscheid<\/em><\/h5>\n<p><em>\u201cConsidero que es un gran privilegio, y tambi\u00e9n un deber preciso para cada uno de nosotros, ser testigos, activos y alegres, del mensaje cristiano, y divulgarlo tanto como sea posible mediante el ejemplo y ofreciendo la posibilidad de compartirlo<\/em>\u00ab, explic\u00f3 el famoso tenor que qued\u00f3 ciego en su infancia.<\/p>\n<p>Sobre el arte como camino hacia Dios dijo: \u00ab<em>La buena m\u00fasica lleva consigo un fuerte mensaje de paz y de hermandad: interpretar el repertorio sacro, as\u00ed como escucharlo, puede ser una forma intensa de oraci\u00f3n. Una oportunidad que encuentra plena expresi\u00f3n y \u201cfloritura\u201d cuando los momentos de reflexi\u00f3n acercan y elevan la escucha gracias a la obra de los sacerdotes, ministros de la misericordia divina<\/em>\u00ab.<\/p>\n<p>Tambi\u00e9n habl\u00f3 del gran tema de la gira, la familia cristiana: \u00ab<em>La familia, el principal pilar de la sociedad, es la insustituible palestra de los afectos, es la instituci\u00f3n crucial para la expresi\u00f3n y la transmisi\u00f3n de los valores cristianos. Es el seno de la Iglesia (y mediante las ense\u00f1anzas de Aquel que la ha inspirado), donde podemos profundizar juntos, y comprender mejor, la fuerza extraordinaria del amor entre el hombre y la mujer, y, consecuentemente, de la familia<\/em>\u201d.<\/p>\n<p>Bocelli fue presentado por el padre Andrea Ciucci en sustituci\u00f3n del presidente del Pontificio Consejo de la Familia, Vincenzo Paglia, quien no pudo acudir como estaba previsto. El acto cont\u00f3 tambi\u00e9n con una predicaci\u00f3n sobre la familia a cargo del cardenal Sistach.<\/p>\n<p><a href=\"https:\/\/seryhumano.com\/web\/?attachment_id=19708\" rel=\"attachment wp-att-19708\"><img loading=\"lazy\" decoding=\"async\" class=\"aligncenter wp-image-19708\" src=\"https:\/\/seryhumano.com\/web\/wp-content\/uploads\/2015\/05\/bocelli_sagrada_familia_orquesta.jpg\" alt=\"bocelli_sagrada_familia_orquesta\" width=\"400\" height=\"267\" srcset=\"https:\/\/seryhumano.com\/web\/wp-content\/uploads\/2015\/05\/bocelli_sagrada_familia_orquesta.jpg 960w, https:\/\/seryhumano.com\/web\/wp-content\/uploads\/2015\/05\/bocelli_sagrada_familia_orquesta-300x200.jpg 300w\" sizes=\"auto, (max-width: 400px) 100vw, 400px\" \/><\/a><\/p>\n<p><strong>Recordando el G\u00e9nesis<\/strong><\/p>\n<p>Andrea Ciucci, presb\u00edtero de la di\u00f3cesis de Mil\u00e1n, habl\u00f3 primero en catal\u00e1n y luego en castellano comentando el relato de la Creaci\u00f3n en el G\u00e9nesis. Invit\u00f3 a los presentes a \u201c<em>no dejar pasar el tiempo y las tardes [de esa narraci\u00f3n] tan deprisa. Deleit\u00e9monos. Al final del sexto d\u00eda vio Dios que todo era muy bueno<\/em>\u201d.<\/p>\n<p>Cont\u00f3 tambi\u00e9n como vio Dios \u201c<em>conmovido por la soledad de Ad\u00e1n<\/em>\u201d decidi\u00f3 \u201cofrecerle una ayuda que le confortara. Y fue al final del sexto d\u00eda cuando cre\u00f3 a la mujer. Y Ad\u00e1n se alegr\u00f3\u201d.<\/p>\n<p>Record\u00f3 que \u201c<em>el amor del hombre y la mujer son imagen de su Iglesia, el Gran Misterio<\/em>\u201d, aludiendo al t\u00edtulo de la gira.<\/p>\n<p>El sacerdote invit\u00f3 a \u201c<em>hacer esta tarde memoria agradable de nuestras familias y las de todo el mundo. Sobre todo las desfiguradas por la velocidad de la historia y por el ego\u00edsmo de los hombres\u201d, \u201ca sentarnos en el jard\u00edn reproducido por Gaud\u00ed junto a Dios y gozar de esta tarde<\/em>\u00ab.<\/p>\n<p><strong>La familia, motor del mundo y de la historia<\/strong><\/p>\n<p>El cardenal Mart\u00ednez Sistach predic\u00f3 sobre la hermosura de la instituci\u00f3n familiar. As\u00ed, proclam\u00f3: \u201c<em>La familia surge del matrimonio y es un bien incomparable [para el bienestar de la persona y de la sociedad humana]&#8230; Esta sociedad del bienestar s\u00f3lo podemos conseguirla si las familias gozan de estabilidad y de armon\u00eda. Entre otras razones porque con las familias desestabilizadas la sociedad no dispone de medios econ\u00f3micos suficientes para conseguir aquel bienestar y porque substituir el amor de los padres es casi imposible&#8230; Es el lugar donde se aprende a amar&#8230; La familia es el motor del mundo y de la historia. Cada uno de nosotros construimos la propia personalidad en la familia<\/em>\u00ab.<\/p>\n<p>Tuvo despu\u00e9s unas palabras para los abuelos: \u201c<em>Como dice el Papa Francisco, felices aquellas familias que tienen los abuelos cerca. El abuelo es padre dos veces, y la abuela es madre dos veces<\/em>\u201d. Realizan un servicio muy valioso con la acogida, la suplencia, la ayuda econ\u00f3mica y la catequesis de los nietos\u201d.<\/p>\n<p>El cardenal no olvid\u00f3 el sufrimiento de las familias separadas, y record\u00f3 el deber de acogerlas y ser buenos samaritanos.<\/p>\n<p><a href=\"https:\/\/seryhumano.com\/web\/?attachment_id=19709\" rel=\"attachment wp-att-19709\"><img loading=\"lazy\" decoding=\"async\" class=\"aligncenter wp-image-19709\" src=\"https:\/\/seryhumano.com\/web\/wp-content\/uploads\/2015\/05\/bocelli_sagrada-Familia.jpg\" alt=\"bocelli_sagrada-Familia\" width=\"400\" height=\"298\" srcset=\"https:\/\/seryhumano.com\/web\/wp-content\/uploads\/2015\/05\/bocelli_sagrada-Familia.jpg 774w, https:\/\/seryhumano.com\/web\/wp-content\/uploads\/2015\/05\/bocelli_sagrada-Familia-300x224.jpg 300w\" sizes=\"auto, (max-width: 400px) 100vw, 400px\" \/><\/a><\/p>\n<p><strong>La violinista Petryshak y la direcci\u00f3n de Marcello Rota<\/strong><\/p>\n<p>La violinista Anastasiaya Petryshak, de 21 a\u00f1os de edad, emocion\u00f3 tocando la \u00ab<strong><em>Tha\u00efs<\/em><\/strong>\u00bb de Massenet. La Orquesta Sinf\u00f3nica del Vall\u00e9s y la Polif\u00f3nica de Puigreig, dirigidas por Marcello Rota, interpretaron el \u00ab<strong><em>R\u00e9quiem lacrimosa<\/em><\/strong>\u00bb de Mozart.<\/p>\n<p>Bocelli cant\u00f3 el \u201c<strong><em>Verum Corpus<\/em><\/strong>\u201d, un texto eucar\u00edstico del siglo XIV, musicado por Mozart, que trata de los s\u00edmbolos del Bautismo, que nos acoplan a la muerte y resurrecci\u00f3n de Jesucristo, y de la Eucarist\u00eda, \u201c<em>f\u00e1rmaco de inmortalidad<\/em>\u201d en palabras de san Ignacio de Antioquia.<\/p>\n<p>Sigui\u00f3 \u201c<strong><em>Mille Cherubini in Coro<\/em><\/strong>\u201d de Schubert, que evoca la intimidad que se crea entre madre e hijo a la hora de dormir pero tambi\u00e9n es una met\u00e1fora de la confianza que el disc\u00edpulo pone en Dios. Alude al Salmo 131: \u201c<em>Me mantengo tranquilo en paz, tengo el alma serena. Como un infante en el regazo de su madre, como un ni\u00f1o peque\u00f1o se siente el alma m\u00eda<\/em>\u201d.<\/p>\n<p>Despu\u00e9s de implorar la misericordia del benigno juez celestial con el \u201c<strong><em>Pieta Signore<\/em><\/strong>\u201d de Stradella, lleg\u00f3 la melod\u00eda central de la pel\u00edcula \u201c<strong><em>La Misi\u00f3n<\/em><\/strong>\u201d, de Ennio Morricone, con Anastasya Petryshak en el viol\u00edn.<\/p>\n<p>Marcello Rota dirigi\u00f3 despu\u00e9s a las dos orquestas en el \u201c<strong><em>Nabucco \u2013 Va Pensiero<\/em><\/strong>\u201d, de Verdi, que remite al Salmo 137: \u201c<em>Junto a los r\u00edos de Babilonia nos sentamos y lloramos al recordar Sion. En los sauces que all\u00ed hab\u00eda colgamos nuestras arpas<\/em>\u201d.<\/p>\n<p>Resonaron tambi\u00e9n tres avemar\u00edas cl\u00e1sicas: de Schubert, Gounod y Caccini.<\/p>\n<p><a href=\"https:\/\/seryhumano.com\/web\/?attachment_id=19710\" rel=\"attachment wp-att-19710\"><img loading=\"lazy\" decoding=\"async\" class=\"aligncenter wp-image-19710\" src=\"https:\/\/seryhumano.com\/web\/wp-content\/uploads\/2015\/05\/anastasia_bocelli.jpg\" alt=\"anastasia_bocelli\" width=\"400\" height=\"267\" srcset=\"https:\/\/seryhumano.com\/web\/wp-content\/uploads\/2015\/05\/anastasia_bocelli.jpg 960w, https:\/\/seryhumano.com\/web\/wp-content\/uploads\/2015\/05\/anastasia_bocelli-300x200.jpg 300w\" sizes=\"auto, (max-width: 400px) 100vw, 400px\" \/><\/a><\/p>\n<p>La celebraci\u00f3n se acerc\u00f3 al final con el rezo del Padre Nuestro, para el que todos los concurrentes en la celebraci\u00f3n se levantaron. Bocelli rez\u00f3 con un leve movimiento de sus labios en su lengua materna, se santigu\u00f3 y junt\u00f3 sus manos al acabar la bendici\u00f3n.<\/p>\n<p>Acab\u00f3 el acto con Bocelli y una de las canciones que con m\u00e1s \u00e9xito ha interpretado\u00a8: \u201c<strong><em>The Prayer<\/em><\/strong>\u201d, de D Foster: las palabras finales son las que reflejan con m\u00e1s intensidad el esp\u00edritu de esta gira por la familia que ha promocionado: \u201c<em>Y la fe con la que nos has iluminado, siento que nos salvar\u00e1<\/em>\u00ab.<\/p>\n<p><iframe loading=\"lazy\" width=\"1200\" height=\"675\" src=\"https:\/\/www.youtube.com\/embed\/pwp1CH5R-w4?feature=oembed\" frameborder=\"0\" allowfullscreen><\/iframe><\/p>\n<p>seryhumano.com \/ Jordi Picazo<\/p>\n<p>Fuente: religionenlibertad.com<\/p>\n","protected":false},"excerpt":{"rendered":"<p>El tenor italiano Andrea Bocelli, que ha vendido m\u00e1s de 75 millones de discos, habl\u00f3 de su fe y cant\u00f3 en la bas\u00edlica de la Sagrada Familia de Barcelona en la primera edici\u00f3n de la gira musical \u00abEl gran misterio\u00ab, organizada por el Pontificio Consejo para la Familia, que recorrer\u00e1 diversas ciudades de todo el&hellip;<\/p>\n","protected":false},"author":2,"featured_media":19705,"comment_status":"closed","ping_status":"closed","sticky":false,"template":"","format":"standard","meta":{"footnotes":""},"categories":[122,110],"tags":[143],"class_list":["post-19704","post","type-post","status-publish","format-standard","has-post-thumbnail","hentry","category-cultura","category-noticias","tag-concepto-del-proyecto","category-122","category-110","description-off"],"yoast_head":"<!-- This site is optimized with the Yoast SEO plugin v25.4 - https:\/\/yoast.com\/wordpress\/plugins\/seo\/ -->\n<title>Andrea Bocelli: \u201cLa buena m\u00fasica lleva consigo un fuerte mensaje de paz y de hermandad\u201d &#187; SeryHumano.com<\/title>\n<meta name=\"robots\" content=\"index, follow, max-snippet:-1, max-image-preview:large, max-video-preview:-1\" \/>\n<link rel=\"canonical\" href=\"https:\/\/seryhumano.com\/web\/?p=19704\" \/>\n<meta property=\"og:locale\" content=\"es_ES\" \/>\n<meta property=\"og:type\" content=\"article\" \/>\n<meta property=\"og:title\" content=\"Andrea Bocelli: \u201cLa buena m\u00fasica lleva consigo un fuerte mensaje de paz y de hermandad\u201d &#187; SeryHumano.com\" \/>\n<meta property=\"og:description\" content=\"El tenor italiano Andrea Bocelli, que ha vendido m\u00e1s de 75 millones de discos, habl\u00f3 de su fe y cant\u00f3 en la bas\u00edlica de la Sagrada Familia de Barcelona en la primera edici\u00f3n de la gira musical \u00abEl gran misterio\u00ab, organizada por el Pontificio Consejo para la Familia, que recorrer\u00e1 diversas ciudades de todo el&hellip;\" \/>\n<meta property=\"og:url\" content=\"https:\/\/seryhumano.com\/web\/?p=19704\" \/>\n<meta property=\"og:site_name\" content=\"SeryHumano.com\" \/>\n<meta property=\"article:publisher\" content=\"https:\/\/www.facebook.com\/seryhumano\/\" \/>\n<meta property=\"article:published_time\" content=\"2015-05-31T12:50:20+00:00\" \/>\n<meta property=\"article:modified_time\" content=\"2015-05-31T18:58:26+00:00\" \/>\n<meta property=\"og:image\" content=\"https:\/\/seryhumano.com\/web\/wp-content\/uploads\/2015\/05\/22861_andrea_bocelli_canta_en_la_sagrada_familia__junto_a_la_violinista_anastasiaya_petryshak_y_el_director_marcello_rota_foto_de_fabian_hochscheid.jpg\" \/>\n\t<meta property=\"og:image:width\" content=\"640\" \/>\n\t<meta property=\"og:image:height\" content=\"200\" \/>\n\t<meta property=\"og:image:type\" content=\"image\/jpeg\" \/>\n<meta name=\"author\" content=\"@herrera_yosmar\" \/>\n<meta name=\"twitter:card\" content=\"summary_large_image\" \/>\n<meta name=\"twitter:creator\" content=\"@SeryHumano\" \/>\n<meta name=\"twitter:site\" content=\"@SeryHumano\" \/>\n<meta name=\"twitter:label1\" content=\"Escrito por\" \/>\n\t<meta name=\"twitter:data1\" content=\"@herrera_yosmar\" \/>\n\t<meta name=\"twitter:label2\" content=\"Tiempo de lectura\" \/>\n\t<meta name=\"twitter:data2\" content=\"6 minutos\" \/>\n<script type=\"application\/ld+json\" class=\"yoast-schema-graph\">{\"@context\":\"https:\/\/schema.org\",\"@graph\":[{\"@type\":\"Article\",\"@id\":\"https:\/\/seryhumano.com\/web\/?p=19704#article\",\"isPartOf\":{\"@id\":\"https:\/\/seryhumano.com\/web\/?p=19704\"},\"author\":{\"name\":\"@herrera_yosmar\",\"@id\":\"https:\/\/seryhumano.com\/web\/#\/schema\/person\/fd30e8e0b394a62344b44d9b0fe75795\"},\"headline\":\"Andrea Bocelli: \u201cLa buena m\u00fasica lleva consigo un fuerte mensaje de paz y de hermandad\u201d\",\"datePublished\":\"2015-05-31T12:50:20+00:00\",\"dateModified\":\"2015-05-31T18:58:26+00:00\",\"mainEntityOfPage\":{\"@id\":\"https:\/\/seryhumano.com\/web\/?p=19704\"},\"wordCount\":1119,\"publisher\":{\"@id\":\"https:\/\/seryhumano.com\/web\/#organization\"},\"image\":{\"@id\":\"https:\/\/seryhumano.com\/web\/?p=19704#primaryimage\"},\"thumbnailUrl\":\"https:\/\/seryhumano.com\/web\/wp-content\/uploads\/2015\/05\/22861_andrea_bocelli_canta_en_la_sagrada_familia__junto_a_la_violinista_anastasiaya_petryshak_y_el_director_marcello_rota_foto_de_fabian_hochscheid.jpg\",\"keywords\":[\"Concepto del Proyecto\"],\"articleSection\":[\"Cultura del Ser\",\"Noticias\"],\"inLanguage\":\"es\"},{\"@type\":\"WebPage\",\"@id\":\"https:\/\/seryhumano.com\/web\/?p=19704\",\"url\":\"https:\/\/seryhumano.com\/web\/?p=19704\",\"name\":\"Andrea Bocelli: \u201cLa buena m\u00fasica lleva consigo un fuerte mensaje de paz y de hermandad\u201d &#187; SeryHumano.com\",\"isPartOf\":{\"@id\":\"https:\/\/seryhumano.com\/web\/#website\"},\"primaryImageOfPage\":{\"@id\":\"https:\/\/seryhumano.com\/web\/?p=19704#primaryimage\"},\"image\":{\"@id\":\"https:\/\/seryhumano.com\/web\/?p=19704#primaryimage\"},\"thumbnailUrl\":\"https:\/\/seryhumano.com\/web\/wp-content\/uploads\/2015\/05\/22861_andrea_bocelli_canta_en_la_sagrada_familia__junto_a_la_violinista_anastasiaya_petryshak_y_el_director_marcello_rota_foto_de_fabian_hochscheid.jpg\",\"datePublished\":\"2015-05-31T12:50:20+00:00\",\"dateModified\":\"2015-05-31T18:58:26+00:00\",\"breadcrumb\":{\"@id\":\"https:\/\/seryhumano.com\/web\/?p=19704#breadcrumb\"},\"inLanguage\":\"es\",\"potentialAction\":[{\"@type\":\"ReadAction\",\"target\":[\"https:\/\/seryhumano.com\/web\/?p=19704\"]}]},{\"@type\":\"ImageObject\",\"inLanguage\":\"es\",\"@id\":\"https:\/\/seryhumano.com\/web\/?p=19704#primaryimage\",\"url\":\"https:\/\/seryhumano.com\/web\/wp-content\/uploads\/2015\/05\/22861_andrea_bocelli_canta_en_la_sagrada_familia__junto_a_la_violinista_anastasiaya_petryshak_y_el_director_marcello_rota_foto_de_fabian_hochscheid.jpg\",\"contentUrl\":\"https:\/\/seryhumano.com\/web\/wp-content\/uploads\/2015\/05\/22861_andrea_bocelli_canta_en_la_sagrada_familia__junto_a_la_violinista_anastasiaya_petryshak_y_el_director_marcello_rota_foto_de_fabian_hochscheid.jpg\",\"width\":640,\"height\":200,\"caption\":\"Andrea Bocelli canta en la Sagrada Familia, junto a la violinista Anastasiaya Petryshak y el director Marcello Rota foto de Fabian Hochscheid\"},{\"@type\":\"BreadcrumbList\",\"@id\":\"https:\/\/seryhumano.com\/web\/?p=19704#breadcrumb\",\"itemListElement\":[{\"@type\":\"ListItem\",\"position\":1,\"name\":\"Portada\",\"item\":\"https:\/\/seryhumano.com\/web\/\"},{\"@type\":\"ListItem\",\"position\":2,\"name\":\"Andrea Bocelli: \u201cLa buena m\u00fasica lleva consigo un fuerte mensaje de paz y de hermandad\u201d\"}]},{\"@type\":\"WebSite\",\"@id\":\"https:\/\/seryhumano.com\/web\/#website\",\"url\":\"https:\/\/seryhumano.com\/web\/\",\"name\":\"SeryHumano.com\",\"description\":\"Revista digital muy humana, donde lo mas importante es el Ser...\",\"publisher\":{\"@id\":\"https:\/\/seryhumano.com\/web\/#organization\"},\"potentialAction\":[{\"@type\":\"SearchAction\",\"target\":{\"@type\":\"EntryPoint\",\"urlTemplate\":\"https:\/\/seryhumano.com\/web\/?s={search_term_string}\"},\"query-input\":{\"@type\":\"PropertyValueSpecification\",\"valueRequired\":true,\"valueName\":\"search_term_string\"}}],\"inLanguage\":\"es\"},{\"@type\":\"Organization\",\"@id\":\"https:\/\/seryhumano.com\/web\/#organization\",\"name\":\"SeryHumano.com\",\"url\":\"https:\/\/seryhumano.com\/web\/\",\"logo\":{\"@type\":\"ImageObject\",\"inLanguage\":\"es\",\"@id\":\"https:\/\/seryhumano.com\/web\/#\/schema\/logo\/image\/\",\"url\":\"https:\/\/seryhumano.com\/web\/wp-content\/uploads\/2020\/02\/JNe5VRwH_400x400-2.jpg\",\"contentUrl\":\"https:\/\/seryhumano.com\/web\/wp-content\/uploads\/2020\/02\/JNe5VRwH_400x400-2.jpg\",\"width\":400,\"height\":400,\"caption\":\"SeryHumano.com\"},\"image\":{\"@id\":\"https:\/\/seryhumano.com\/web\/#\/schema\/logo\/image\/\"},\"sameAs\":[\"https:\/\/www.facebook.com\/seryhumano\/\",\"https:\/\/x.com\/SeryHumano\",\"https:\/\/www.instagram.com\/seryhumano\/\",\"https:\/\/www.linkedin.com\/company\/seryhumano-com\/\",\"https:\/\/www.youtube.com\/channel\/UCYfgIGSxygVnJAW0e9ZBZWg\"]},{\"@type\":\"Person\",\"@id\":\"https:\/\/seryhumano.com\/web\/#\/schema\/person\/fd30e8e0b394a62344b44d9b0fe75795\",\"name\":\"@herrera_yosmar\",\"description\":\"Eterna enamorada de la vida, comunicadora, mam\u00e1 de tres\",\"sameAs\":[\"http:\/\/seryhumano.com\"],\"url\":\"https:\/\/seryhumano.com\/web\/?author=2\"}]}<\/script>\n<!-- \/ Yoast SEO plugin. -->","yoast_head_json":{"title":"Andrea Bocelli: \u201cLa buena m\u00fasica lleva consigo un fuerte mensaje de paz y de hermandad\u201d &#187; SeryHumano.com","robots":{"index":"index","follow":"follow","max-snippet":"max-snippet:-1","max-image-preview":"max-image-preview:large","max-video-preview":"max-video-preview:-1"},"canonical":"https:\/\/seryhumano.com\/web\/?p=19704","og_locale":"es_ES","og_type":"article","og_title":"Andrea Bocelli: \u201cLa buena m\u00fasica lleva consigo un fuerte mensaje de paz y de hermandad\u201d &#187; SeryHumano.com","og_description":"El tenor italiano Andrea Bocelli, que ha vendido m\u00e1s de 75 millones de discos, habl\u00f3 de su fe y cant\u00f3 en la bas\u00edlica de la Sagrada Familia de Barcelona en la primera edici\u00f3n de la gira musical \u00abEl gran misterio\u00ab, organizada por el Pontificio Consejo para la Familia, que recorrer\u00e1 diversas ciudades de todo el&hellip;","og_url":"https:\/\/seryhumano.com\/web\/?p=19704","og_site_name":"SeryHumano.com","article_publisher":"https:\/\/www.facebook.com\/seryhumano\/","article_published_time":"2015-05-31T12:50:20+00:00","article_modified_time":"2015-05-31T18:58:26+00:00","og_image":[{"width":640,"height":200,"url":"https:\/\/seryhumano.com\/web\/wp-content\/uploads\/2015\/05\/22861_andrea_bocelli_canta_en_la_sagrada_familia__junto_a_la_violinista_anastasiaya_petryshak_y_el_director_marcello_rota_foto_de_fabian_hochscheid.jpg","type":"image\/jpeg"}],"author":"@herrera_yosmar","twitter_card":"summary_large_image","twitter_creator":"@SeryHumano","twitter_site":"@SeryHumano","twitter_misc":{"Escrito por":"@herrera_yosmar","Tiempo de lectura":"6 minutos"},"schema":{"@context":"https:\/\/schema.org","@graph":[{"@type":"Article","@id":"https:\/\/seryhumano.com\/web\/?p=19704#article","isPartOf":{"@id":"https:\/\/seryhumano.com\/web\/?p=19704"},"author":{"name":"@herrera_yosmar","@id":"https:\/\/seryhumano.com\/web\/#\/schema\/person\/fd30e8e0b394a62344b44d9b0fe75795"},"headline":"Andrea Bocelli: \u201cLa buena m\u00fasica lleva consigo un fuerte mensaje de paz y de hermandad\u201d","datePublished":"2015-05-31T12:50:20+00:00","dateModified":"2015-05-31T18:58:26+00:00","mainEntityOfPage":{"@id":"https:\/\/seryhumano.com\/web\/?p=19704"},"wordCount":1119,"publisher":{"@id":"https:\/\/seryhumano.com\/web\/#organization"},"image":{"@id":"https:\/\/seryhumano.com\/web\/?p=19704#primaryimage"},"thumbnailUrl":"https:\/\/seryhumano.com\/web\/wp-content\/uploads\/2015\/05\/22861_andrea_bocelli_canta_en_la_sagrada_familia__junto_a_la_violinista_anastasiaya_petryshak_y_el_director_marcello_rota_foto_de_fabian_hochscheid.jpg","keywords":["Concepto del Proyecto"],"articleSection":["Cultura del Ser","Noticias"],"inLanguage":"es"},{"@type":"WebPage","@id":"https:\/\/seryhumano.com\/web\/?p=19704","url":"https:\/\/seryhumano.com\/web\/?p=19704","name":"Andrea Bocelli: \u201cLa buena m\u00fasica lleva consigo un fuerte mensaje de paz y de hermandad\u201d &#187; SeryHumano.com","isPartOf":{"@id":"https:\/\/seryhumano.com\/web\/#website"},"primaryImageOfPage":{"@id":"https:\/\/seryhumano.com\/web\/?p=19704#primaryimage"},"image":{"@id":"https:\/\/seryhumano.com\/web\/?p=19704#primaryimage"},"thumbnailUrl":"https:\/\/seryhumano.com\/web\/wp-content\/uploads\/2015\/05\/22861_andrea_bocelli_canta_en_la_sagrada_familia__junto_a_la_violinista_anastasiaya_petryshak_y_el_director_marcello_rota_foto_de_fabian_hochscheid.jpg","datePublished":"2015-05-31T12:50:20+00:00","dateModified":"2015-05-31T18:58:26+00:00","breadcrumb":{"@id":"https:\/\/seryhumano.com\/web\/?p=19704#breadcrumb"},"inLanguage":"es","potentialAction":[{"@type":"ReadAction","target":["https:\/\/seryhumano.com\/web\/?p=19704"]}]},{"@type":"ImageObject","inLanguage":"es","@id":"https:\/\/seryhumano.com\/web\/?p=19704#primaryimage","url":"https:\/\/seryhumano.com\/web\/wp-content\/uploads\/2015\/05\/22861_andrea_bocelli_canta_en_la_sagrada_familia__junto_a_la_violinista_anastasiaya_petryshak_y_el_director_marcello_rota_foto_de_fabian_hochscheid.jpg","contentUrl":"https:\/\/seryhumano.com\/web\/wp-content\/uploads\/2015\/05\/22861_andrea_bocelli_canta_en_la_sagrada_familia__junto_a_la_violinista_anastasiaya_petryshak_y_el_director_marcello_rota_foto_de_fabian_hochscheid.jpg","width":640,"height":200,"caption":"Andrea Bocelli canta en la Sagrada Familia, junto a la violinista Anastasiaya Petryshak y el director Marcello Rota foto de Fabian Hochscheid"},{"@type":"BreadcrumbList","@id":"https:\/\/seryhumano.com\/web\/?p=19704#breadcrumb","itemListElement":[{"@type":"ListItem","position":1,"name":"Portada","item":"https:\/\/seryhumano.com\/web\/"},{"@type":"ListItem","position":2,"name":"Andrea Bocelli: \u201cLa buena m\u00fasica lleva consigo un fuerte mensaje de paz y de hermandad\u201d"}]},{"@type":"WebSite","@id":"https:\/\/seryhumano.com\/web\/#website","url":"https:\/\/seryhumano.com\/web\/","name":"SeryHumano.com","description":"Revista digital muy humana, donde lo mas importante es el Ser...","publisher":{"@id":"https:\/\/seryhumano.com\/web\/#organization"},"potentialAction":[{"@type":"SearchAction","target":{"@type":"EntryPoint","urlTemplate":"https:\/\/seryhumano.com\/web\/?s={search_term_string}"},"query-input":{"@type":"PropertyValueSpecification","valueRequired":true,"valueName":"search_term_string"}}],"inLanguage":"es"},{"@type":"Organization","@id":"https:\/\/seryhumano.com\/web\/#organization","name":"SeryHumano.com","url":"https:\/\/seryhumano.com\/web\/","logo":{"@type":"ImageObject","inLanguage":"es","@id":"https:\/\/seryhumano.com\/web\/#\/schema\/logo\/image\/","url":"https:\/\/seryhumano.com\/web\/wp-content\/uploads\/2020\/02\/JNe5VRwH_400x400-2.jpg","contentUrl":"https:\/\/seryhumano.com\/web\/wp-content\/uploads\/2020\/02\/JNe5VRwH_400x400-2.jpg","width":400,"height":400,"caption":"SeryHumano.com"},"image":{"@id":"https:\/\/seryhumano.com\/web\/#\/schema\/logo\/image\/"},"sameAs":["https:\/\/www.facebook.com\/seryhumano\/","https:\/\/x.com\/SeryHumano","https:\/\/www.instagram.com\/seryhumano\/","https:\/\/www.linkedin.com\/company\/seryhumano-com\/","https:\/\/www.youtube.com\/channel\/UCYfgIGSxygVnJAW0e9ZBZWg"]},{"@type":"Person","@id":"https:\/\/seryhumano.com\/web\/#\/schema\/person\/fd30e8e0b394a62344b44d9b0fe75795","name":"@herrera_yosmar","description":"Eterna enamorada de la vida, comunicadora, mam\u00e1 de tres","sameAs":["http:\/\/seryhumano.com"],"url":"https:\/\/seryhumano.com\/web\/?author=2"}]}},"_links":{"self":[{"href":"https:\/\/seryhumano.com\/web\/index.php?rest_route=\/wp\/v2\/posts\/19704","targetHints":{"allow":["GET"]}}],"collection":[{"href":"https:\/\/seryhumano.com\/web\/index.php?rest_route=\/wp\/v2\/posts"}],"about":[{"href":"https:\/\/seryhumano.com\/web\/index.php?rest_route=\/wp\/v2\/types\/post"}],"author":[{"embeddable":true,"href":"https:\/\/seryhumano.com\/web\/index.php?rest_route=\/wp\/v2\/users\/2"}],"replies":[{"embeddable":true,"href":"https:\/\/seryhumano.com\/web\/index.php?rest_route=%2Fwp%2Fv2%2Fcomments&post=19704"}],"version-history":[{"count":0,"href":"https:\/\/seryhumano.com\/web\/index.php?rest_route=\/wp\/v2\/posts\/19704\/revisions"}],"wp:featuredmedia":[{"embeddable":true,"href":"https:\/\/seryhumano.com\/web\/index.php?rest_route=\/wp\/v2\/media\/19705"}],"wp:attachment":[{"href":"https:\/\/seryhumano.com\/web\/index.php?rest_route=%2Fwp%2Fv2%2Fmedia&parent=19704"}],"wp:term":[{"taxonomy":"category","embeddable":true,"href":"https:\/\/seryhumano.com\/web\/index.php?rest_route=%2Fwp%2Fv2%2Fcategories&post=19704"},{"taxonomy":"post_tag","embeddable":true,"href":"https:\/\/seryhumano.com\/web\/index.php?rest_route=%2Fwp%2Fv2%2Ftags&post=19704"}],"curies":[{"name":"wp","href":"https:\/\/api.w.org\/{rel}","templated":true}]}}