{"id":19853,"date":"2015-07-08T09:26:49","date_gmt":"2015-07-08T13:56:49","guid":{"rendered":"https:\/\/seryhumano.com\/web\/?p=19853"},"modified":"2020-06-15T11:02:36","modified_gmt":"2020-06-15T15:32:36","slug":"carlos-riazuelo-festeja-los-85-anos-de-la-sinfonica","status":"publish","type":"post","link":"https:\/\/seryhumano.com\/web\/?p=19853","title":{"rendered":"CARLOS RIAZUELO FESTEJA LOS 85 A\u00d1OS DE LA SINF\u00d3NICA"},"content":{"rendered":"<p>La Orquesta Sinf\u00f3nica de Venezuela arriba a sus 85 a\u00f1os de actividad ininterrumpida. Precursora en el movimiento sinf\u00f3nico nacional, producto de la ardua labor de m\u00fasicos que trabajan activamente para elevarla al sitial de honor que ocupa hoy como La Pionera. <strong>Generaci\u00f3n Protagonista<\/strong> es un espacio para que todos puedan conocer la vida y obra de quienes accionan con dedicaci\u00f3n, absoluta entrega y mucha pasi\u00f3n en pro de ofrecer la mayor calidad art\u00edstica a nuestra instituci\u00f3n. En esta oportunidad conversamos con el Maestro Carlos Riazuelo, amigo de La Sinf\u00f3nica, quien tendr\u00e1 el honor de elevar una vez m\u00e1s su batuta dorada para dirigirnos en el concierto m\u00e1s significativo de este a\u00f1o, nuestro 85 Aniversario.<\/p>\n<div id=\"attachment_19855\" style=\"width: 506px\" class=\"wp-caption alignright\"><a href=\"https:\/\/seryhumano.com\/web\/carlos-riazuelo-festeja-los-85-anos-de-la-sinfonica\/carlos-riazuelo\/\" rel=\"attachment wp-att-19855\"><img loading=\"lazy\" decoding=\"async\" aria-describedby=\"caption-attachment-19855\" class=\"size-full wp-image-19855\" src=\"https:\/\/seryhumano.com\/web\/wp-content\/uploads\/2015\/07\/Carlos-Riazuelo.jpg\" alt=\"Carlos Riazuelo Director Invitado Orquesta Sinf\u00f3nica de Venezuela\" width=\"496\" height=\"700\" srcset=\"https:\/\/seryhumano.com\/web\/wp-content\/uploads\/2015\/07\/Carlos-Riazuelo.jpg 496w, https:\/\/seryhumano.com\/web\/wp-content\/uploads\/2015\/07\/Carlos-Riazuelo-213x300.jpg 213w\" sizes=\"auto, (max-width: 496px) 100vw, 496px\" \/><\/a><p id=\"caption-attachment-19855\" class=\"wp-caption-text\">Carlos Riazuelo<br \/>Director Invitado<br \/>Orquesta Sinf\u00f3nica de Venezuela<\/p><\/div>\n<p>Recrear nuestra historia desde los pasos iniciales para compartir con el p\u00fablico un momento \u00fanico y especial, eso ser\u00e1 el Concierto 85 A\u00f1os protagonizando la historia musical de un pa\u00eds junto a la Orquesta Sinf\u00f3nica de Venezuela. Esperamos que los caraque\u00f1os respondan a esta convocatoria el pr\u00f3ximo viernes 10 de julio a las 6 p.m. en la Sala R\u00edos Reyna del Teatro Teresa Carre\u00f1o. Como regalo, la entrada es libre.<\/p>\n<p>Como se trata de una fecha tan especial para nuestra instituci\u00f3n y al pensar en un director, no pod\u00eda ser otro que un gran amigo de la OSV, el Maestro Carlos Riazuelo, quien est\u00e1 radicado en Louisiana, Estados Unidos de Am\u00e9rica, donde imparte desde 2009 clases como Profesor de Direcci\u00f3n y Director de Orquestas en la reconocida universidad Louisiana State University en Baton Rouge, mientras su batuta viajera recorre el mundo.<\/p>\n<p>Nativo de Puerto Cabello, Estado Carabobo, siendo hijo de inmigrantes espa\u00f1oles, se inicia en la m\u00fasica de la mano de su padre, \u00c1ngel Riazuelo, y luego estudia m\u00fasica con profesores de la talla de \u00c1ngel Sauce, Juan Bautista Plaza, Emil Friedman, Mario Garc\u00eda, Olaf Ilzins, Alberto Flamini y Jos\u00e9 Francisco del Castillo, entre otros. Nombres que hicieron historia con la Orquesta Sinf\u00f3nica de Venezuela.<\/p>\n<p>As\u00ed que no era de extra\u00f1ar que fuese nombrado Director a los 23 a\u00f1os de edad, al frente de la Orquesta de C\u00e1mara de la Universidad de Carabobo. Despu\u00e9s de asistir a varios cursos de Direcci\u00f3n Orquestal dictados por Franco Ferrara en Siena y Venecia, y George Hurst en Canford, Inglaterra, culmina sus estudios de perfeccionamiento en el Guildhall School of Music and Drama de Londres, recibiendo al graduarse el premio de la editorial Ricordi, otorgado por su destacado desempe\u00f1o, especialmente en el \u00e1rea de la direcci\u00f3n de \u00f3pera.<\/p>\n<p>La trayectoria del Maestro Riazuelo es estelar. Se le recuerda como Director Art\u00edstico de la Orquesta Sinf\u00f3nica Municipal de Caracas. Venezuela cuenta con su presencia siempre, en cada ocasi\u00f3n que puede visitar y subirse al podio de las principales instituciones sinf\u00f3nicas de nuestro pa\u00eds.<\/p>\n<h3><strong>Maestro, \u00bfQu\u00e9 significa la Orquesta Sinf\u00f3nica de Venezuela para el pa\u00eds, para los m\u00fasicos?<\/strong><\/h3>\n<p><em>\u201cSignifica la pionera de la actividad sinf\u00f3nica del pa\u00eds, por donde ha pasado la historia musical venezolana pasada y presente\u201d. <\/em><\/p>\n<h3><strong>\u00bfQu\u00e9 puede esperar el p\u00fablico de este Concierto 85 Aniversario?<\/strong><\/h3>\n<p><em>\u00a0\u201cParticipar del testimonio vivo de un brillante pasado y presente art\u00edstico, y presenciar un bello concierto\u201d. <\/em><\/p>\n<h3><strong>\u00a0\u00bfCu\u00e1ndo fue la primera vez que lo oy\u00f3 o disfrut\u00f3 de la OSV en concierto? \u00bfC\u00f3mo lleg\u00f3 a relacionarse con la orquesta?<\/strong><\/h3>\n<p><em>\u00a0\u201cLa primera vez que escuch\u00e9 la OSV fue hace muchos a\u00f1os, tendr\u00eda yo menos de 15 a\u00f1os. Era un concierto de la Cantata Criolla en el Teatro Municipal. Antonio Est\u00e9vez dirigi\u00f3, y cantaron Teo Capriles y Antonio Lauro. Recuerdo que lo escuch\u00e9 desde \u2018gallinero\u2019, el \u00faltimo balc\u00f3n arriba. Qued\u00e9 maravillado. Me relacion\u00e9 con la orquesta al comienzo a trav\u00e9s de mis profesores de viol\u00edn, Alberto Flamini, Mario Garc\u00eda y Olaf Ilzins. Formar parte de la Sinf\u00f3nica de Venezuela era el sue\u00f1o de todo instrumentista orquestal en aquella \u00e9poca\u201d.<\/em><\/p>\n<div id=\"attachment_19857\" style=\"width: 310px\" class=\"wp-caption alignright\"><a href=\"https:\/\/seryhumano.com\/web\/carlos-riazuelo-festeja-los-85-anos-de-la-sinfonica\/carlos-riazuelo-1\/\" rel=\"attachment wp-att-19857\"><img loading=\"lazy\" decoding=\"async\" aria-describedby=\"caption-attachment-19857\" class=\"wp-image-19857 size-medium\" src=\"https:\/\/seryhumano.com\/web\/wp-content\/uploads\/2015\/07\/Carlos-Riazuelo-1-300x207.jpg\" alt=\"Carlos Riazuelo dirigiendo a la Orquesta Sinf\u00f3nica de Venezuela. Archivo Hist\u00f3rico de OSV\" width=\"300\" height=\"207\" srcset=\"https:\/\/seryhumano.com\/web\/wp-content\/uploads\/2015\/07\/Carlos-Riazuelo-1-300x207.jpg 300w, https:\/\/seryhumano.com\/web\/wp-content\/uploads\/2015\/07\/Carlos-Riazuelo-1.jpg 924w\" sizes=\"auto, (max-width: 300px) 100vw, 300px\" \/><\/a><p id=\"caption-attachment-19857\" class=\"wp-caption-text\">Carlos Riazuelo dirigiendo a la Orquesta Sinf\u00f3nica de Venezuela.<br \/>Archivo Hist\u00f3rico de OSV<\/p><\/div>\n<h3><strong>\u00a0\u00bfQu\u00e9 significa para Usted dirigir a la Orquesta Sinf\u00f3nica de Venezuela y sobre todo con este repertorio, tomando en cuenta que dos de las obras fueron interpretadas en el primer concierto del 24 de junio de 1930?<\/strong><\/h3>\n<p><em>\u00a0\u201cMe sent\u00ed muy emocionado cuando me di cuenta que iba a dirigir la obertura de Weber y la obra de Giuseppe Martucci. Me sent\u00ed horado, como formando parte de una bella historia\u201d. <\/em><\/p>\n<h3><strong>Ha dirigido a la OSV en muchas ocasiones, incluyendo \u00d3pera \u00bfCu\u00e1les son los valores que distinguen a la OSV? \u00bfQu\u00e9 siente por ella?<\/strong><\/h3>\n<p><em>\u00a0\u201cLa OSV fue la primera orquesta profesional donde toqu\u00e9. Conservo memoria de vivencias imborrables: tocar junto a mis maestros, recibiendo ense\u00f1anzas en vivo. Tengo una galer\u00eda mental de fotos y experiencias inolvidables: tocar bajo la direcci\u00f3n de R\u00edos-Reyna, Sauce -uno de mis m\u00e1s importantes maestros-, Calca\u00f1o, Est\u00e9vez, Carre\u00f1o, Evencio y Gonzalo Castellanos, tocar con Lauro su concierto de guitarra y escucharlo en vivo tocar Natalia. Los solistas nuestros Harriet Serr, Judit Jaimes, Eva Zuk, Maurice Hasson, Olaf Ilzins, Del Castillo&#8230; En fin, voy a tener que dejar muchos fuera, no porque no fueron importantes, sino por no hacer esta lista demasiado larga, y no hablo de los maravillosos solistas y directores extranjeros que tambi\u00e9n contribuyeron a formarme art\u00edsticamente al verlos trabajar con la orquesta\u201d. <\/em><\/p>\n<h3><strong>\u00bfQu\u00e9 significan los 85 a\u00f1os de la instituci\u00f3n y qu\u00e9 mensaje le deja a nuestros seguidores en redes sociales?<\/strong><\/h3>\n<p><em>\u00a0\u201cPara m\u00ed personalmente significan la celebraci\u00f3n de la heroica y maravillosa tarea de mantener viva la llamita del arte musical, por encima de vicisitudes de toda \u00edndole para llevarle a nuestro p\u00fablico un mensaje de belleza y espiritualidad importante y trascendente\u201d.<\/em><\/p>\n<p>En el siguiente video ver\u00e1n al Maestro conduciendo magistralmente la Sinfon\u00eda N\u00b0 2 de J. Brahmspara por el Aniversario 83 de de la OSV<\/p>\n<p><iframe loading=\"lazy\" width=\"1200\" height=\"675\" src=\"https:\/\/www.youtube.com\/embed\/MQEqjOqboqQ?feature=oembed\" frameborder=\"0\" allowfullscreen><\/iframe><\/p>\n<p>seryhumano.com \/ <a href=\"https:\/\/twitter.com\/ecnaproasesoria\">Evelyn Navas Abdulkadir<\/a><\/p>\n<p>Si quiere recibir en su celular esta y otras informaciones y art\u00edculos descargue Telegram, ingrese al link <a href=\"https:\/\/t.me\/seryhumano\">htts:\/\/t.ime\/seryhumano<\/a> y dele clic a +Unirme<\/p>\n","protected":false},"excerpt":{"rendered":"<p>La Orquesta Sinf\u00f3nica de Venezuela arriba a sus 85 a\u00f1os de actividad ininterrumpida. Precursora en el movimiento sinf\u00f3nico nacional, producto de la ardua labor de m\u00fasicos que trabajan activamente para elevarla al sitial de honor que ocupa hoy como La Pionera. Generaci\u00f3n Protagonista es un espacio para que todos puedan conocer la vida y obra&hellip;<\/p>\n","protected":false},"author":2,"featured_media":19921,"comment_status":"closed","ping_status":"closed","sticky":false,"template":"","format":"standard","meta":{"footnotes":""},"categories":[110],"tags":[],"class_list":["post-19853","post","type-post","status-publish","format-standard","has-post-thumbnail","hentry","category-noticias","category-110","description-off"],"yoast_head":"<!-- This site is optimized with the Yoast SEO plugin v25.4 - https:\/\/yoast.com\/wordpress\/plugins\/seo\/ -->\n<title>CARLOS RIAZUELO FESTEJA LOS 85 A\u00d1OS DE LA SINF\u00d3NICA &#187;<\/title>\n<meta name=\"description\" content=\"CARLOS RIAZUELO FESTEJA LOS 85 A\u00d1OS DE LA SINF\u00d3NICA. Generaci\u00f3n Protagonista es un espacio para que todos puedan conocer la vida y obra de quienes acciona\" \/>\n<meta name=\"robots\" content=\"index, follow, max-snippet:-1, max-image-preview:large, max-video-preview:-1\" \/>\n<link rel=\"canonical\" href=\"https:\/\/seryhumano.com\/web\/?p=19853\" \/>\n<meta property=\"og:locale\" content=\"es_ES\" \/>\n<meta property=\"og:type\" content=\"article\" \/>\n<meta property=\"og:title\" content=\"CARLOS RIAZUELO FESTEJA LOS 85 A\u00d1OS DE LA SINF\u00d3NICA &#187;\" \/>\n<meta property=\"og:description\" content=\"CARLOS RIAZUELO FESTEJA LOS 85 A\u00d1OS DE LA SINF\u00d3NICA. Generaci\u00f3n Protagonista es un espacio para que todos puedan conocer la vida y obra de quienes acciona\" \/>\n<meta property=\"og:url\" content=\"https:\/\/seryhumano.com\/web\/?p=19853\" \/>\n<meta property=\"og:site_name\" content=\"SeryHumano.com\" \/>\n<meta property=\"article:publisher\" content=\"https:\/\/www.facebook.com\/seryhumano\/\" \/>\n<meta property=\"article:published_time\" content=\"2015-07-08T13:56:49+00:00\" \/>\n<meta property=\"article:modified_time\" content=\"2020-06-15T15:32:36+00:00\" \/>\n<meta property=\"og:image\" content=\"https:\/\/seryhumano.com\/web\/wp-content\/uploads\/2015\/07\/featureslider4.jpg\" \/>\n\t<meta property=\"og:image:width\" content=\"910\" \/>\n\t<meta property=\"og:image:height\" content=\"227\" \/>\n\t<meta property=\"og:image:type\" content=\"image\/jpeg\" \/>\n<meta name=\"author\" content=\"@herrera_yosmar\" \/>\n<meta name=\"twitter:card\" content=\"summary_large_image\" \/>\n<meta name=\"twitter:creator\" content=\"@SeryHumano\" \/>\n<meta name=\"twitter:site\" content=\"@SeryHumano\" \/>\n<meta name=\"twitter:label1\" content=\"Escrito por\" \/>\n\t<meta name=\"twitter:data1\" content=\"@herrera_yosmar\" \/>\n\t<meta name=\"twitter:label2\" content=\"Tiempo de lectura\" \/>\n\t<meta name=\"twitter:data2\" content=\"5 minutos\" \/>\n<script type=\"application\/ld+json\" class=\"yoast-schema-graph\">{\"@context\":\"https:\/\/schema.org\",\"@graph\":[{\"@type\":\"Article\",\"@id\":\"https:\/\/seryhumano.com\/web\/?p=19853#article\",\"isPartOf\":{\"@id\":\"https:\/\/seryhumano.com\/web\/?p=19853\"},\"author\":{\"name\":\"@herrera_yosmar\",\"@id\":\"https:\/\/seryhumano.com\/web\/#\/schema\/person\/fd30e8e0b394a62344b44d9b0fe75795\"},\"headline\":\"CARLOS RIAZUELO FESTEJA LOS 85 A\u00d1OS DE LA SINF\u00d3NICA\",\"datePublished\":\"2015-07-08T13:56:49+00:00\",\"dateModified\":\"2020-06-15T15:32:36+00:00\",\"mainEntityOfPage\":{\"@id\":\"https:\/\/seryhumano.com\/web\/?p=19853\"},\"wordCount\":1073,\"publisher\":{\"@id\":\"https:\/\/seryhumano.com\/web\/#organization\"},\"image\":{\"@id\":\"https:\/\/seryhumano.com\/web\/?p=19853#primaryimage\"},\"thumbnailUrl\":\"https:\/\/seryhumano.com\/web\/wp-content\/uploads\/2015\/07\/featureslider4.jpg\",\"articleSection\":[\"Noticias\"],\"inLanguage\":\"es\"},{\"@type\":\"WebPage\",\"@id\":\"https:\/\/seryhumano.com\/web\/?p=19853\",\"url\":\"https:\/\/seryhumano.com\/web\/?p=19853\",\"name\":\"CARLOS RIAZUELO FESTEJA LOS 85 A\u00d1OS DE LA SINF\u00d3NICA &#187;\",\"isPartOf\":{\"@id\":\"https:\/\/seryhumano.com\/web\/#website\"},\"primaryImageOfPage\":{\"@id\":\"https:\/\/seryhumano.com\/web\/?p=19853#primaryimage\"},\"image\":{\"@id\":\"https:\/\/seryhumano.com\/web\/?p=19853#primaryimage\"},\"thumbnailUrl\":\"https:\/\/seryhumano.com\/web\/wp-content\/uploads\/2015\/07\/featureslider4.jpg\",\"datePublished\":\"2015-07-08T13:56:49+00:00\",\"dateModified\":\"2020-06-15T15:32:36+00:00\",\"description\":\"CARLOS RIAZUELO FESTEJA LOS 85 A\u00d1OS DE LA SINF\u00d3NICA. Generaci\u00f3n Protagonista es un espacio para que todos puedan conocer la vida y obra de quienes acciona\",\"breadcrumb\":{\"@id\":\"https:\/\/seryhumano.com\/web\/?p=19853#breadcrumb\"},\"inLanguage\":\"es\",\"potentialAction\":[{\"@type\":\"ReadAction\",\"target\":[\"https:\/\/seryhumano.com\/web\/?p=19853\"]}]},{\"@type\":\"ImageObject\",\"inLanguage\":\"es\",\"@id\":\"https:\/\/seryhumano.com\/web\/?p=19853#primaryimage\",\"url\":\"https:\/\/seryhumano.com\/web\/wp-content\/uploads\/2015\/07\/featureslider4.jpg\",\"contentUrl\":\"https:\/\/seryhumano.com\/web\/wp-content\/uploads\/2015\/07\/featureslider4.jpg\",\"width\":910,\"height\":227},{\"@type\":\"BreadcrumbList\",\"@id\":\"https:\/\/seryhumano.com\/web\/?p=19853#breadcrumb\",\"itemListElement\":[{\"@type\":\"ListItem\",\"position\":1,\"name\":\"Portada\",\"item\":\"https:\/\/seryhumano.com\/web\/\"},{\"@type\":\"ListItem\",\"position\":2,\"name\":\"CARLOS RIAZUELO FESTEJA LOS 85 A\u00d1OS DE LA SINF\u00d3NICA\"}]},{\"@type\":\"WebSite\",\"@id\":\"https:\/\/seryhumano.com\/web\/#website\",\"url\":\"https:\/\/seryhumano.com\/web\/\",\"name\":\"SeryHumano.com\",\"description\":\"Revista digital muy humana, donde lo mas importante es el Ser...\",\"publisher\":{\"@id\":\"https:\/\/seryhumano.com\/web\/#organization\"},\"potentialAction\":[{\"@type\":\"SearchAction\",\"target\":{\"@type\":\"EntryPoint\",\"urlTemplate\":\"https:\/\/seryhumano.com\/web\/?s={search_term_string}\"},\"query-input\":{\"@type\":\"PropertyValueSpecification\",\"valueRequired\":true,\"valueName\":\"search_term_string\"}}],\"inLanguage\":\"es\"},{\"@type\":\"Organization\",\"@id\":\"https:\/\/seryhumano.com\/web\/#organization\",\"name\":\"SeryHumano.com\",\"url\":\"https:\/\/seryhumano.com\/web\/\",\"logo\":{\"@type\":\"ImageObject\",\"inLanguage\":\"es\",\"@id\":\"https:\/\/seryhumano.com\/web\/#\/schema\/logo\/image\/\",\"url\":\"https:\/\/seryhumano.com\/web\/wp-content\/uploads\/2020\/02\/JNe5VRwH_400x400-2.jpg\",\"contentUrl\":\"https:\/\/seryhumano.com\/web\/wp-content\/uploads\/2020\/02\/JNe5VRwH_400x400-2.jpg\",\"width\":400,\"height\":400,\"caption\":\"SeryHumano.com\"},\"image\":{\"@id\":\"https:\/\/seryhumano.com\/web\/#\/schema\/logo\/image\/\"},\"sameAs\":[\"https:\/\/www.facebook.com\/seryhumano\/\",\"https:\/\/x.com\/SeryHumano\",\"https:\/\/www.instagram.com\/seryhumano\/\",\"https:\/\/www.linkedin.com\/company\/seryhumano-com\/\",\"https:\/\/www.youtube.com\/channel\/UCYfgIGSxygVnJAW0e9ZBZWg\"]},{\"@type\":\"Person\",\"@id\":\"https:\/\/seryhumano.com\/web\/#\/schema\/person\/fd30e8e0b394a62344b44d9b0fe75795\",\"name\":\"@herrera_yosmar\",\"description\":\"Eterna enamorada de la vida, comunicadora, mam\u00e1 de tres\",\"sameAs\":[\"http:\/\/seryhumano.com\"],\"url\":\"https:\/\/seryhumano.com\/web\/?author=2\"}]}<\/script>\n<!-- \/ Yoast SEO plugin. -->","yoast_head_json":{"title":"CARLOS RIAZUELO FESTEJA LOS 85 A\u00d1OS DE LA SINF\u00d3NICA &#187;","description":"CARLOS RIAZUELO FESTEJA LOS 85 A\u00d1OS DE LA SINF\u00d3NICA. Generaci\u00f3n Protagonista es un espacio para que todos puedan conocer la vida y obra de quienes acciona","robots":{"index":"index","follow":"follow","max-snippet":"max-snippet:-1","max-image-preview":"max-image-preview:large","max-video-preview":"max-video-preview:-1"},"canonical":"https:\/\/seryhumano.com\/web\/?p=19853","og_locale":"es_ES","og_type":"article","og_title":"CARLOS RIAZUELO FESTEJA LOS 85 A\u00d1OS DE LA SINF\u00d3NICA &#187;","og_description":"CARLOS RIAZUELO FESTEJA LOS 85 A\u00d1OS DE LA SINF\u00d3NICA. Generaci\u00f3n Protagonista es un espacio para que todos puedan conocer la vida y obra de quienes acciona","og_url":"https:\/\/seryhumano.com\/web\/?p=19853","og_site_name":"SeryHumano.com","article_publisher":"https:\/\/www.facebook.com\/seryhumano\/","article_published_time":"2015-07-08T13:56:49+00:00","article_modified_time":"2020-06-15T15:32:36+00:00","og_image":[{"width":910,"height":227,"url":"https:\/\/seryhumano.com\/web\/wp-content\/uploads\/2015\/07\/featureslider4.jpg","type":"image\/jpeg"}],"author":"@herrera_yosmar","twitter_card":"summary_large_image","twitter_creator":"@SeryHumano","twitter_site":"@SeryHumano","twitter_misc":{"Escrito por":"@herrera_yosmar","Tiempo de lectura":"5 minutos"},"schema":{"@context":"https:\/\/schema.org","@graph":[{"@type":"Article","@id":"https:\/\/seryhumano.com\/web\/?p=19853#article","isPartOf":{"@id":"https:\/\/seryhumano.com\/web\/?p=19853"},"author":{"name":"@herrera_yosmar","@id":"https:\/\/seryhumano.com\/web\/#\/schema\/person\/fd30e8e0b394a62344b44d9b0fe75795"},"headline":"CARLOS RIAZUELO FESTEJA LOS 85 A\u00d1OS DE LA SINF\u00d3NICA","datePublished":"2015-07-08T13:56:49+00:00","dateModified":"2020-06-15T15:32:36+00:00","mainEntityOfPage":{"@id":"https:\/\/seryhumano.com\/web\/?p=19853"},"wordCount":1073,"publisher":{"@id":"https:\/\/seryhumano.com\/web\/#organization"},"image":{"@id":"https:\/\/seryhumano.com\/web\/?p=19853#primaryimage"},"thumbnailUrl":"https:\/\/seryhumano.com\/web\/wp-content\/uploads\/2015\/07\/featureslider4.jpg","articleSection":["Noticias"],"inLanguage":"es"},{"@type":"WebPage","@id":"https:\/\/seryhumano.com\/web\/?p=19853","url":"https:\/\/seryhumano.com\/web\/?p=19853","name":"CARLOS RIAZUELO FESTEJA LOS 85 A\u00d1OS DE LA SINF\u00d3NICA &#187;","isPartOf":{"@id":"https:\/\/seryhumano.com\/web\/#website"},"primaryImageOfPage":{"@id":"https:\/\/seryhumano.com\/web\/?p=19853#primaryimage"},"image":{"@id":"https:\/\/seryhumano.com\/web\/?p=19853#primaryimage"},"thumbnailUrl":"https:\/\/seryhumano.com\/web\/wp-content\/uploads\/2015\/07\/featureslider4.jpg","datePublished":"2015-07-08T13:56:49+00:00","dateModified":"2020-06-15T15:32:36+00:00","description":"CARLOS RIAZUELO FESTEJA LOS 85 A\u00d1OS DE LA SINF\u00d3NICA. Generaci\u00f3n Protagonista es un espacio para que todos puedan conocer la vida y obra de quienes acciona","breadcrumb":{"@id":"https:\/\/seryhumano.com\/web\/?p=19853#breadcrumb"},"inLanguage":"es","potentialAction":[{"@type":"ReadAction","target":["https:\/\/seryhumano.com\/web\/?p=19853"]}]},{"@type":"ImageObject","inLanguage":"es","@id":"https:\/\/seryhumano.com\/web\/?p=19853#primaryimage","url":"https:\/\/seryhumano.com\/web\/wp-content\/uploads\/2015\/07\/featureslider4.jpg","contentUrl":"https:\/\/seryhumano.com\/web\/wp-content\/uploads\/2015\/07\/featureslider4.jpg","width":910,"height":227},{"@type":"BreadcrumbList","@id":"https:\/\/seryhumano.com\/web\/?p=19853#breadcrumb","itemListElement":[{"@type":"ListItem","position":1,"name":"Portada","item":"https:\/\/seryhumano.com\/web\/"},{"@type":"ListItem","position":2,"name":"CARLOS RIAZUELO FESTEJA LOS 85 A\u00d1OS DE LA SINF\u00d3NICA"}]},{"@type":"WebSite","@id":"https:\/\/seryhumano.com\/web\/#website","url":"https:\/\/seryhumano.com\/web\/","name":"SeryHumano.com","description":"Revista digital muy humana, donde lo mas importante es el Ser...","publisher":{"@id":"https:\/\/seryhumano.com\/web\/#organization"},"potentialAction":[{"@type":"SearchAction","target":{"@type":"EntryPoint","urlTemplate":"https:\/\/seryhumano.com\/web\/?s={search_term_string}"},"query-input":{"@type":"PropertyValueSpecification","valueRequired":true,"valueName":"search_term_string"}}],"inLanguage":"es"},{"@type":"Organization","@id":"https:\/\/seryhumano.com\/web\/#organization","name":"SeryHumano.com","url":"https:\/\/seryhumano.com\/web\/","logo":{"@type":"ImageObject","inLanguage":"es","@id":"https:\/\/seryhumano.com\/web\/#\/schema\/logo\/image\/","url":"https:\/\/seryhumano.com\/web\/wp-content\/uploads\/2020\/02\/JNe5VRwH_400x400-2.jpg","contentUrl":"https:\/\/seryhumano.com\/web\/wp-content\/uploads\/2020\/02\/JNe5VRwH_400x400-2.jpg","width":400,"height":400,"caption":"SeryHumano.com"},"image":{"@id":"https:\/\/seryhumano.com\/web\/#\/schema\/logo\/image\/"},"sameAs":["https:\/\/www.facebook.com\/seryhumano\/","https:\/\/x.com\/SeryHumano","https:\/\/www.instagram.com\/seryhumano\/","https:\/\/www.linkedin.com\/company\/seryhumano-com\/","https:\/\/www.youtube.com\/channel\/UCYfgIGSxygVnJAW0e9ZBZWg"]},{"@type":"Person","@id":"https:\/\/seryhumano.com\/web\/#\/schema\/person\/fd30e8e0b394a62344b44d9b0fe75795","name":"@herrera_yosmar","description":"Eterna enamorada de la vida, comunicadora, mam\u00e1 de tres","sameAs":["http:\/\/seryhumano.com"],"url":"https:\/\/seryhumano.com\/web\/?author=2"}]}},"_links":{"self":[{"href":"https:\/\/seryhumano.com\/web\/index.php?rest_route=\/wp\/v2\/posts\/19853","targetHints":{"allow":["GET"]}}],"collection":[{"href":"https:\/\/seryhumano.com\/web\/index.php?rest_route=\/wp\/v2\/posts"}],"about":[{"href":"https:\/\/seryhumano.com\/web\/index.php?rest_route=\/wp\/v2\/types\/post"}],"author":[{"embeddable":true,"href":"https:\/\/seryhumano.com\/web\/index.php?rest_route=\/wp\/v2\/users\/2"}],"replies":[{"embeddable":true,"href":"https:\/\/seryhumano.com\/web\/index.php?rest_route=%2Fwp%2Fv2%2Fcomments&post=19853"}],"version-history":[{"count":0,"href":"https:\/\/seryhumano.com\/web\/index.php?rest_route=\/wp\/v2\/posts\/19853\/revisions"}],"wp:featuredmedia":[{"embeddable":true,"href":"https:\/\/seryhumano.com\/web\/index.php?rest_route=\/wp\/v2\/media\/19921"}],"wp:attachment":[{"href":"https:\/\/seryhumano.com\/web\/index.php?rest_route=%2Fwp%2Fv2%2Fmedia&parent=19853"}],"wp:term":[{"taxonomy":"category","embeddable":true,"href":"https:\/\/seryhumano.com\/web\/index.php?rest_route=%2Fwp%2Fv2%2Fcategories&post=19853"},{"taxonomy":"post_tag","embeddable":true,"href":"https:\/\/seryhumano.com\/web\/index.php?rest_route=%2Fwp%2Fv2%2Ftags&post=19853"}],"curies":[{"name":"wp","href":"https:\/\/api.w.org\/{rel}","templated":true}]}}