{"id":19893,"date":"2015-07-09T10:15:42","date_gmt":"2015-07-09T14:45:42","guid":{"rendered":"https:\/\/seryhumano.com\/web\/?p=19893"},"modified":"2015-07-10T15:27:00","modified_gmt":"2015-07-10T19:57:00","slug":"grecia-mas-alla-de-su-economia","status":"publish","type":"post","link":"https:\/\/seryhumano.com\/web\/?p=19893","title":{"rendered":"Grecia m\u00e1s all\u00e1 de su econom\u00eda"},"content":{"rendered":"<p>Creemos que sabemos mucho de los griegos pero en realidad no sabemos tanto como pensamos. S\u00ed, conocemos el nombre (y mira que son raros) de dos o tres pol\u00edticos, cosa que no podemos decir de, por ejemplo, Bulgaria. Seguimos sus convocatorias pol\u00edticas, casi con la misma intensidad que los propios griegos, nos gusta el tzatziki, el vino de retsina y desde que sali\u00f3 aquel anuncio de la anciana cascarrabias (\u201cJoro\u00f1a que joro\u00f1a\u201d, que luego supimos que significa \u201ca\u00f1os y a\u00f1os\u201d) adoramos su yogur. Pero \u00bfbasta eso para afirmar que conocemos a un pueblo? No, porque no hay mejor manera que impregnarse de la idiosincrasia de un pa\u00eds que a trav\u00e9s de sus iconos populares, de su folclore <em>humano<\/em>.<\/p>\n<p><a href=\"https:\/\/seryhumano.com\/web\/?attachment_id=19894\" rel=\"attachment wp-att-19894\"><img loading=\"lazy\" decoding=\"async\" class=\"aligncenter size-full wp-image-19894\" src=\"https:\/\/seryhumano.com\/web\/wp-content\/uploads\/2015\/07\/G.jpg\" alt=\"G\" width=\"560\" height=\"373\" srcset=\"https:\/\/seryhumano.com\/web\/wp-content\/uploads\/2015\/07\/G.jpg 560w, https:\/\/seryhumano.com\/web\/wp-content\/uploads\/2015\/07\/G-300x200.jpg 300w\" sizes=\"auto, (max-width: 560px) 100vw, 560px\" \/><\/a><\/p>\n<p>El olimpo griego de la cultura y el entretenimiento alberg\u00f3 a grandes figuras el siglo pasado: m\u00fasicos como Mikis Theodorakis, Nana Mouskouri, Demis Roussos, Vangelis; directores como Costa-Gravras y actrices como Melina Merkouri o Irene Papas, obtuvieron reconocimiento internacional. Hoy estos son algunos de sus mitos.<\/p>\n<p><strong>Danae Stratou: la \u201cprimera dama\u201d de la econom\u00eda<\/strong><\/p>\n<div id=\"attachment_19896\" style=\"width: 310px\" class=\"wp-caption alignright\"><a href=\"https:\/\/seryhumano.com\/web\/?attachment_id=19896\" rel=\"attachment wp-att-19896\"><img loading=\"lazy\" decoding=\"async\" aria-describedby=\"caption-attachment-19896\" class=\"size-full wp-image-19896\" src=\"https:\/\/seryhumano.com\/web\/wp-content\/uploads\/2015\/07\/Danae-Stratou.jpg\" alt=\"Danae Stratou, esposa del ministro Yanis Varufakis.\" width=\"300\" height=\"241\" \/><\/a><p id=\"caption-attachment-19896\" class=\"wp-caption-text\">Danae Stratou, esposa del ministro Yanis Varufakis.<\/p><\/div>\n<p>Conocer el nombre de un ministro griego es de nota, pero que nos suene el de su mujer solo puede deberse al magnetismo de la pareja griega m\u00e1s famosa desde Perseo y Andr\u00f3meda. Si su marido, Yanis Varufakis, derrocha carisma, Danae (1964) no le anda a la zaga. Al parecer, y siguiendo la tradici\u00f3n de las mejores musas griegas, inspir\u00f3 uno de los himnos pop de los noventa, el tema Common people, de los brit\u00e1nicos Pulp. Resulta que el l\u00edder de este grupo, Jarvis Cocker, la conoci\u00f3 cuando ambos estudiaban arte en el St. Martin\u2019s College, en Londres, y qued\u00f3 prendado de su saber estar. En su perfil en LindeIn, Danae se define como \u201c<em>una artista visual nacida en Atenas que trabaja en todo el mundo y crea instalaciones en interiores y exteriores a gran escala y entornos audiovisuales<\/em>\u201d. Dirige Vital Space, una plataforma creativa sin \u00e1nimo de lucro.<\/p>\n<p><strong>Petros M\u00e1rkaris, el se\u00f1or audaz de las novela<\/strong><\/p>\n<div id=\"attachment_19898\" style=\"width: 310px\" class=\"wp-caption alignright\"><a href=\"https:\/\/seryhumano.com\/web\/?attachment_id=19898\" rel=\"attachment wp-att-19898\"><img loading=\"lazy\" decoding=\"async\" aria-describedby=\"caption-attachment-19898\" class=\"size-full wp-image-19898\" src=\"https:\/\/seryhumano.com\/web\/wp-content\/uploads\/2015\/07\/Petros-M\u00e1rkaris.jpg\" alt=\"Petros M\u00e1rkaris, el se\u00f1or audaz de las novela\" width=\"300\" height=\"243\" \/><\/a><p id=\"caption-attachment-19898\" class=\"wp-caption-text\">Petros M\u00e1rkaris, el se\u00f1or audaz de las novela<\/p><\/div>\n<p>El escritor griego es muy apreciado internacionalmente gracias a sus novelas polic\u00edacas protagonizadas por el comisario Kostas Jaritos, un polic\u00eda chapado a la antigua, cerca de la edad de jubilaci\u00f3n, que representa (y a la vez parodia) la sociedad griega m\u00e1s casposa. Las peripecias de este agente recorriendo la asfixiante Atenas a bordo de su viejo Mirafiori (que en una de las \u00faltimas entregas cambi\u00f3 por un Seat Ibiza, para solidarizarse con los espa\u00f1oles) hacen que la trama policiaca parezca una excusa para plasmar las costumbres y el car\u00e1cter quejicoso de gran parte de la poblaci\u00f3n. \u201c<em>Jaritos es muy conservador y siempre se est\u00e1 quejando de todo<\/em>\u201d, declar\u00f3 a <strong><em>EL PA\u00cdS<\/em><\/strong> el pasado febrero. M\u00e1rkaris naci\u00f3 en Estambul (1937), y como procede de una familia de denostados armenios se tir\u00f3 unos cuantos a\u00f1os sin nacionalidad. El gobierno griego se la concedi\u00f3 en 1974, como a todos los armenios que viv\u00edan en el pa\u00eds. Tambi\u00e9n escribe guiones para pel\u00edculas y series de televisi\u00f3n y obras de teatro.<\/p>\n<div id=\"attachment_19899\" style=\"width: 310px\" class=\"wp-caption alignright\"><a href=\"https:\/\/seryhumano.com\/web\/?attachment_id=19899\" rel=\"attachment wp-att-19899\"><img loading=\"lazy\" decoding=\"async\" aria-describedby=\"caption-attachment-19899\" class=\"wp-image-19899 size-full\" src=\"https:\/\/seryhumano.com\/web\/wp-content\/uploads\/2015\/07\/Despina-Vandi.jpg\" alt=\"Despina Vandi\" width=\"300\" height=\"246\" \/><\/a><p id=\"caption-attachment-19899\" class=\"wp-caption-text\">La cantante Despina Vandi recogiendo el premio al disco m\u00e1s vendido en 2012.<\/p><\/div>\n<p><strong>Despina Vandi: la diva pop<\/strong><\/p>\n<p>Podr\u00eda decirse que es la Marta S\u00e1nchez griega. Despina Vandi (1969) es una cantante de dance (que a veces mezcla con florituras de m\u00fasica tradicional del Egeo) que vivi\u00f3 sus mejores a\u00f1os la pasada d\u00e9cada, cuando su canci\u00f3n Ypofero (Sufro) se convirti\u00f3 en el single m\u00e1s vendido de la historia de su pa\u00eds. Ella y su marido, el futbolista Demis Nikolaidis, forman una de las parejas de celebrities m\u00e1s seguidas en Grecia. Nikolaidis jug\u00f3 una temporada en el Atl\u00e9tico de Madrid (comparti\u00f3 l\u00ednea de ataque con Fernando Torres) y, tras retirarse, se convirti\u00f3 nada menos que en el presidente del AEK de Atenas. Tal vez en recuerdo de aquel a\u00f1o que tuvo contacto con nuestro pa\u00eds, Vandi grab\u00f3 en 2009 una canci\u00f3n de aires flamencos llamada Spania.<\/p>\n<p><strong>Helena Paparizou: la otra diva pop<\/strong><\/p>\n<div id=\"attachment_19900\" style=\"width: 310px\" class=\"wp-caption alignright\"><a href=\"https:\/\/seryhumano.com\/web\/?attachment_id=19900\" rel=\"attachment wp-att-19900\"><img loading=\"lazy\" decoding=\"async\" aria-describedby=\"caption-attachment-19900\" class=\"size-full wp-image-19900\" src=\"https:\/\/seryhumano.com\/web\/wp-content\/uploads\/2015\/07\/Helena-Paparizou.jpg\" alt=\"Helena Paparizou cantando &quot;Survivor&quot; en la semifinal del certamen sueco de Eurovisi\u00f3n en Lidkoping, Suecia el a\u00f1o pasado (2014)\" width=\"300\" height=\"201\" \/><\/a><p id=\"caption-attachment-19900\" class=\"wp-caption-text\">Helena Paparizou cantando \u00abSurvivor\u00bb en la semifinal del certamen sueco de Eurovisi\u00f3n en Lidkoping, Suecia el a\u00f1o pasado (2014)<\/p><\/div>\n<p>La rival (y sucesora) de Despina Vandi se diferencia de esta porque canta muchas de sus canciones en ingl\u00e9s. Con el tema <em>My number one<\/em> se present\u00f3 en 2005 al festival de Eurovisi\u00f3n y lo gan\u00f3, algo que nunca antes hab\u00eda logrado un representante de aquel pa\u00eds. El pique entre ambas viene de entonces, porque Despina Vandi hab\u00eda sido la primera opci\u00f3n para participar en el festival, pero se puso tan diva, diciendo que aquello pod\u00eda da\u00f1ar su \u201c<em>carrera internacional<\/em>\u201d que al final los responsables de la televisi\u00f3n griega la mandaron a fre\u00edr dolmades (hojas de parra rellenas de carne). Pese a todo, a Helena los griegos no la sienten tan cercana, entre otras cosas porque naci\u00f3 en Suecia (1982) y el griego que habla es de aquella manera.<\/p>\n<p><strong>Yorgos Kauthinos: el cineasta perturbador<\/strong><\/p>\n<div id=\"attachment_19901\" style=\"width: 310px\" class=\"wp-caption alignright\"><a href=\"https:\/\/seryhumano.com\/web\/?attachment_id=19901\" rel=\"attachment wp-att-19901\"><img loading=\"lazy\" decoding=\"async\" aria-describedby=\"caption-attachment-19901\" class=\"size-full wp-image-19901\" src=\"https:\/\/seryhumano.com\/web\/wp-content\/uploads\/2015\/07\/Giorgos-Lanthimos.jpg\" alt=\"Giorgos Lanthimos en el Festival Anual de Cine de Cannes el 24 de mayo 2015, en Cannes, Francia\" width=\"300\" height=\"205\" \/><\/a><p id=\"caption-attachment-19901\" class=\"wp-caption-text\">Giorgos Lanthimos en el Festival Anual de Cine de Cannes el 24 de mayo 2015, en Cannes, Francia<\/p><\/div>\n<p>Por seguir con las odiosas comparaciones: el Amen\u00e1bar del Pireo. Nacido en Atenas (1973), Kauthinos ha dirigido siete pel\u00edculas, una de ellas, <strong><em>Canino,<\/em><\/strong> premiada en Cannes y Sitges: es la historia de una extra\u00f1a familia en la que los hijos tienen prohibido salir de casa. Su \u00faltima pel\u00edcula, <strong><em>The lobster<\/em><\/strong> (2015), ya cuenta con reparto internacional (Colin Farrell, Rachel Weisz) y tambi\u00e9n es un poco rarita: est\u00e1 ambientada en una ciudad donde todo el mundo tiene que tener pareja a la fuerza, y quienes no la tienen son arrestados y enviados a un lugar llamado El Hotel donde entre los dem\u00e1s solteros deber\u00e1n encontrar pareja antes de 45 d\u00edas si no quieren convertirse en animal. Un tipo consigue escapar del Hotel y llega a la ciudad de los Solitarios, donde rige todo lo contrario: est\u00e1 prohibido emparejarse. Y \u00e9l va y se enamora. Se llev\u00f3 el Premio del Jurado en el \u00faltimo festival de Cannes.<\/p>\n<p><strong>Georgios Samaras: el \u00eddolo del bal\u00f3n<\/strong><\/p>\n<div id=\"attachment_19902\" style=\"width: 310px\" class=\"wp-caption alignright\"><a href=\"https:\/\/seryhumano.com\/web\/?attachment_id=19902\" rel=\"attachment wp-att-19902\"><img loading=\"lazy\" decoding=\"async\" aria-describedby=\"caption-attachment-19902\" class=\"size-full wp-image-19902\" src=\"https:\/\/seryhumano.com\/web\/wp-content\/uploads\/2015\/07\/Georgios-Samaras.jpg\" alt=\"Georgios Samaras jugando contra de Qatar Al- Sadd en la Liga de Campeones de la AFC el pasado 4 marzo del 2015\" width=\"300\" height=\"205\" \/><\/a><p id=\"caption-attachment-19902\" class=\"wp-caption-text\">Georgios Samaras jugando contra de Qatar Al- Sadd en la Liga de Campeones de la AFC el pasado 4 marzo del 2015<\/p><\/div>\n<p>El delantero nacido en Heracli\u00f3n (1985), que parece un cruce entre Fernando Morientes y Conan el B\u00e1rbaro, lleva en la actualidad las riendas de la selecci\u00f3n griega de f\u00fatbol. Cl\u00e1sico tanque \u2014mide 1,92 metros\u2014, pr\u00e1cticamente toda su carrera la ha desarrollado fuera de Grecia: ha desfilado por las ligas holandesa, escocesa, inglesa y en enero pas\u00f3 a formar parte de la plantilla del Al-Hilal de Arabia Saud\u00ed, equipo con el que firm\u00f3 un contrato de seis meses. Muchos lo ven como el sucesor del anterior mito del balompi\u00e9 heleno, Giorgios Karagounis, un centrocampista con muy malas pulgas, que despu\u00e9s de llevar el brazalete de la selecci\u00f3n durante a\u00f1os se retir\u00f3 en 2014.<\/p>\n<p><a href=\"https:\/\/www.youtube.com\/watch?v=gkYsLR9CSMQ\" target=\"_blank\">https:\/\/www.youtube.com\/watch?v=gkYsLR9CSMQ\u00a0<\/a><\/p>\n<p>&nbsp;<\/p>\n<p>seryhumano.com \/ Miguel \u00c1ngel Bargue\u00f1o<br \/>\nFuente: elpais.com<\/p>\n","protected":false},"excerpt":{"rendered":"<p>Creemos que sabemos mucho de los griegos pero en realidad no sabemos tanto como pensamos. S\u00ed, conocemos el nombre (y mira que son raros) de dos o tres pol\u00edticos, cosa que no podemos decir de, por ejemplo, Bulgaria. Seguimos sus convocatorias pol\u00edticas, casi con la misma intensidad que los propios griegos, nos gusta el tzatziki,&hellip;<\/p>\n","protected":false},"author":2,"featured_media":19928,"comment_status":"closed","ping_status":"closed","sticky":false,"template":"","format":"standard","meta":{"footnotes":""},"categories":[122],"tags":[143],"class_list":["post-19893","post","type-post","status-publish","format-standard","has-post-thumbnail","hentry","category-cultura","tag-concepto-del-proyecto","category-122","description-off"],"yoast_head":"<!-- This site is optimized with the Yoast SEO plugin v25.4 - https:\/\/yoast.com\/wordpress\/plugins\/seo\/ -->\n<title>Grecia m\u00e1s all\u00e1 de su econom\u00eda &#187; SeryHumano.com<\/title>\n<meta name=\"robots\" content=\"index, follow, max-snippet:-1, max-image-preview:large, max-video-preview:-1\" \/>\n<link rel=\"canonical\" href=\"https:\/\/seryhumano.com\/web\/?p=19893\" \/>\n<meta property=\"og:locale\" content=\"es_ES\" \/>\n<meta property=\"og:type\" content=\"article\" \/>\n<meta property=\"og:title\" content=\"Grecia m\u00e1s all\u00e1 de su econom\u00eda &#187; SeryHumano.com\" \/>\n<meta property=\"og:description\" content=\"Creemos que sabemos mucho de los griegos pero en realidad no sabemos tanto como pensamos. S\u00ed, conocemos el nombre (y mira que son raros) de dos o tres pol\u00edticos, cosa que no podemos decir de, por ejemplo, Bulgaria. Seguimos sus convocatorias pol\u00edticas, casi con la misma intensidad que los propios griegos, nos gusta el tzatziki,&hellip;\" \/>\n<meta property=\"og:url\" content=\"https:\/\/seryhumano.com\/web\/?p=19893\" \/>\n<meta property=\"og:site_name\" content=\"SeryHumano.com\" \/>\n<meta property=\"article:publisher\" content=\"https:\/\/www.facebook.com\/seryhumano\/\" \/>\n<meta property=\"article:published_time\" content=\"2015-07-09T14:45:42+00:00\" \/>\n<meta property=\"article:modified_time\" content=\"2015-07-10T19:57:00+00:00\" \/>\n<meta property=\"og:image\" content=\"https:\/\/seryhumano.com\/web\/wp-content\/uploads\/2015\/07\/featureslider7.jpg\" \/>\n\t<meta property=\"og:image:width\" content=\"910\" \/>\n\t<meta property=\"og:image:height\" content=\"227\" \/>\n\t<meta property=\"og:image:type\" content=\"image\/jpeg\" \/>\n<meta name=\"author\" content=\"@herrera_yosmar\" \/>\n<meta name=\"twitter:card\" content=\"summary_large_image\" \/>\n<meta name=\"twitter:creator\" content=\"@SeryHumano\" \/>\n<meta name=\"twitter:site\" content=\"@SeryHumano\" \/>\n<meta name=\"twitter:label1\" content=\"Escrito por\" \/>\n\t<meta name=\"twitter:data1\" content=\"@herrera_yosmar\" \/>\n\t<meta name=\"twitter:label2\" content=\"Tiempo de lectura\" \/>\n\t<meta name=\"twitter:data2\" content=\"6 minutos\" \/>\n<script type=\"application\/ld+json\" class=\"yoast-schema-graph\">{\"@context\":\"https:\/\/schema.org\",\"@graph\":[{\"@type\":\"Article\",\"@id\":\"https:\/\/seryhumano.com\/web\/?p=19893#article\",\"isPartOf\":{\"@id\":\"https:\/\/seryhumano.com\/web\/?p=19893\"},\"author\":{\"name\":\"@herrera_yosmar\",\"@id\":\"https:\/\/seryhumano.com\/web\/#\/schema\/person\/fd30e8e0b394a62344b44d9b0fe75795\"},\"headline\":\"Grecia m\u00e1s all\u00e1 de su econom\u00eda\",\"datePublished\":\"2015-07-09T14:45:42+00:00\",\"dateModified\":\"2015-07-10T19:57:00+00:00\",\"mainEntityOfPage\":{\"@id\":\"https:\/\/seryhumano.com\/web\/?p=19893\"},\"wordCount\":1256,\"publisher\":{\"@id\":\"https:\/\/seryhumano.com\/web\/#organization\"},\"image\":{\"@id\":\"https:\/\/seryhumano.com\/web\/?p=19893#primaryimage\"},\"thumbnailUrl\":\"https:\/\/seryhumano.com\/web\/wp-content\/uploads\/2015\/07\/featureslider7.jpg\",\"keywords\":[\"Concepto del Proyecto\"],\"articleSection\":[\"Cultura del Ser\"],\"inLanguage\":\"es\"},{\"@type\":\"WebPage\",\"@id\":\"https:\/\/seryhumano.com\/web\/?p=19893\",\"url\":\"https:\/\/seryhumano.com\/web\/?p=19893\",\"name\":\"Grecia m\u00e1s all\u00e1 de su econom\u00eda &#187; SeryHumano.com\",\"isPartOf\":{\"@id\":\"https:\/\/seryhumano.com\/web\/#website\"},\"primaryImageOfPage\":{\"@id\":\"https:\/\/seryhumano.com\/web\/?p=19893#primaryimage\"},\"image\":{\"@id\":\"https:\/\/seryhumano.com\/web\/?p=19893#primaryimage\"},\"thumbnailUrl\":\"https:\/\/seryhumano.com\/web\/wp-content\/uploads\/2015\/07\/featureslider7.jpg\",\"datePublished\":\"2015-07-09T14:45:42+00:00\",\"dateModified\":\"2015-07-10T19:57:00+00:00\",\"breadcrumb\":{\"@id\":\"https:\/\/seryhumano.com\/web\/?p=19893#breadcrumb\"},\"inLanguage\":\"es\",\"potentialAction\":[{\"@type\":\"ReadAction\",\"target\":[\"https:\/\/seryhumano.com\/web\/?p=19893\"]}]},{\"@type\":\"ImageObject\",\"inLanguage\":\"es\",\"@id\":\"https:\/\/seryhumano.com\/web\/?p=19893#primaryimage\",\"url\":\"https:\/\/seryhumano.com\/web\/wp-content\/uploads\/2015\/07\/featureslider7.jpg\",\"contentUrl\":\"https:\/\/seryhumano.com\/web\/wp-content\/uploads\/2015\/07\/featureslider7.jpg\",\"width\":910,\"height\":227},{\"@type\":\"BreadcrumbList\",\"@id\":\"https:\/\/seryhumano.com\/web\/?p=19893#breadcrumb\",\"itemListElement\":[{\"@type\":\"ListItem\",\"position\":1,\"name\":\"Portada\",\"item\":\"https:\/\/seryhumano.com\/web\/\"},{\"@type\":\"ListItem\",\"position\":2,\"name\":\"Grecia m\u00e1s all\u00e1 de su econom\u00eda\"}]},{\"@type\":\"WebSite\",\"@id\":\"https:\/\/seryhumano.com\/web\/#website\",\"url\":\"https:\/\/seryhumano.com\/web\/\",\"name\":\"SeryHumano.com\",\"description\":\"Revista digital muy humana, donde lo mas importante es el Ser...\",\"publisher\":{\"@id\":\"https:\/\/seryhumano.com\/web\/#organization\"},\"potentialAction\":[{\"@type\":\"SearchAction\",\"target\":{\"@type\":\"EntryPoint\",\"urlTemplate\":\"https:\/\/seryhumano.com\/web\/?s={search_term_string}\"},\"query-input\":{\"@type\":\"PropertyValueSpecification\",\"valueRequired\":true,\"valueName\":\"search_term_string\"}}],\"inLanguage\":\"es\"},{\"@type\":\"Organization\",\"@id\":\"https:\/\/seryhumano.com\/web\/#organization\",\"name\":\"SeryHumano.com\",\"url\":\"https:\/\/seryhumano.com\/web\/\",\"logo\":{\"@type\":\"ImageObject\",\"inLanguage\":\"es\",\"@id\":\"https:\/\/seryhumano.com\/web\/#\/schema\/logo\/image\/\",\"url\":\"https:\/\/seryhumano.com\/web\/wp-content\/uploads\/2020\/02\/JNe5VRwH_400x400-2.jpg\",\"contentUrl\":\"https:\/\/seryhumano.com\/web\/wp-content\/uploads\/2020\/02\/JNe5VRwH_400x400-2.jpg\",\"width\":400,\"height\":400,\"caption\":\"SeryHumano.com\"},\"image\":{\"@id\":\"https:\/\/seryhumano.com\/web\/#\/schema\/logo\/image\/\"},\"sameAs\":[\"https:\/\/www.facebook.com\/seryhumano\/\",\"https:\/\/x.com\/SeryHumano\",\"https:\/\/www.instagram.com\/seryhumano\/\",\"https:\/\/www.linkedin.com\/company\/seryhumano-com\/\",\"https:\/\/www.youtube.com\/channel\/UCYfgIGSxygVnJAW0e9ZBZWg\"]},{\"@type\":\"Person\",\"@id\":\"https:\/\/seryhumano.com\/web\/#\/schema\/person\/fd30e8e0b394a62344b44d9b0fe75795\",\"name\":\"@herrera_yosmar\",\"description\":\"Eterna enamorada de la vida, comunicadora, mam\u00e1 de tres\",\"sameAs\":[\"http:\/\/seryhumano.com\"],\"url\":\"https:\/\/seryhumano.com\/web\/?author=2\"}]}<\/script>\n<!-- \/ Yoast SEO plugin. -->","yoast_head_json":{"title":"Grecia m\u00e1s all\u00e1 de su econom\u00eda &#187; SeryHumano.com","robots":{"index":"index","follow":"follow","max-snippet":"max-snippet:-1","max-image-preview":"max-image-preview:large","max-video-preview":"max-video-preview:-1"},"canonical":"https:\/\/seryhumano.com\/web\/?p=19893","og_locale":"es_ES","og_type":"article","og_title":"Grecia m\u00e1s all\u00e1 de su econom\u00eda &#187; SeryHumano.com","og_description":"Creemos que sabemos mucho de los griegos pero en realidad no sabemos tanto como pensamos. S\u00ed, conocemos el nombre (y mira que son raros) de dos o tres pol\u00edticos, cosa que no podemos decir de, por ejemplo, Bulgaria. Seguimos sus convocatorias pol\u00edticas, casi con la misma intensidad que los propios griegos, nos gusta el tzatziki,&hellip;","og_url":"https:\/\/seryhumano.com\/web\/?p=19893","og_site_name":"SeryHumano.com","article_publisher":"https:\/\/www.facebook.com\/seryhumano\/","article_published_time":"2015-07-09T14:45:42+00:00","article_modified_time":"2015-07-10T19:57:00+00:00","og_image":[{"width":910,"height":227,"url":"https:\/\/seryhumano.com\/web\/wp-content\/uploads\/2015\/07\/featureslider7.jpg","type":"image\/jpeg"}],"author":"@herrera_yosmar","twitter_card":"summary_large_image","twitter_creator":"@SeryHumano","twitter_site":"@SeryHumano","twitter_misc":{"Escrito por":"@herrera_yosmar","Tiempo de lectura":"6 minutos"},"schema":{"@context":"https:\/\/schema.org","@graph":[{"@type":"Article","@id":"https:\/\/seryhumano.com\/web\/?p=19893#article","isPartOf":{"@id":"https:\/\/seryhumano.com\/web\/?p=19893"},"author":{"name":"@herrera_yosmar","@id":"https:\/\/seryhumano.com\/web\/#\/schema\/person\/fd30e8e0b394a62344b44d9b0fe75795"},"headline":"Grecia m\u00e1s all\u00e1 de su econom\u00eda","datePublished":"2015-07-09T14:45:42+00:00","dateModified":"2015-07-10T19:57:00+00:00","mainEntityOfPage":{"@id":"https:\/\/seryhumano.com\/web\/?p=19893"},"wordCount":1256,"publisher":{"@id":"https:\/\/seryhumano.com\/web\/#organization"},"image":{"@id":"https:\/\/seryhumano.com\/web\/?p=19893#primaryimage"},"thumbnailUrl":"https:\/\/seryhumano.com\/web\/wp-content\/uploads\/2015\/07\/featureslider7.jpg","keywords":["Concepto del Proyecto"],"articleSection":["Cultura del Ser"],"inLanguage":"es"},{"@type":"WebPage","@id":"https:\/\/seryhumano.com\/web\/?p=19893","url":"https:\/\/seryhumano.com\/web\/?p=19893","name":"Grecia m\u00e1s all\u00e1 de su econom\u00eda &#187; SeryHumano.com","isPartOf":{"@id":"https:\/\/seryhumano.com\/web\/#website"},"primaryImageOfPage":{"@id":"https:\/\/seryhumano.com\/web\/?p=19893#primaryimage"},"image":{"@id":"https:\/\/seryhumano.com\/web\/?p=19893#primaryimage"},"thumbnailUrl":"https:\/\/seryhumano.com\/web\/wp-content\/uploads\/2015\/07\/featureslider7.jpg","datePublished":"2015-07-09T14:45:42+00:00","dateModified":"2015-07-10T19:57:00+00:00","breadcrumb":{"@id":"https:\/\/seryhumano.com\/web\/?p=19893#breadcrumb"},"inLanguage":"es","potentialAction":[{"@type":"ReadAction","target":["https:\/\/seryhumano.com\/web\/?p=19893"]}]},{"@type":"ImageObject","inLanguage":"es","@id":"https:\/\/seryhumano.com\/web\/?p=19893#primaryimage","url":"https:\/\/seryhumano.com\/web\/wp-content\/uploads\/2015\/07\/featureslider7.jpg","contentUrl":"https:\/\/seryhumano.com\/web\/wp-content\/uploads\/2015\/07\/featureslider7.jpg","width":910,"height":227},{"@type":"BreadcrumbList","@id":"https:\/\/seryhumano.com\/web\/?p=19893#breadcrumb","itemListElement":[{"@type":"ListItem","position":1,"name":"Portada","item":"https:\/\/seryhumano.com\/web\/"},{"@type":"ListItem","position":2,"name":"Grecia m\u00e1s all\u00e1 de su econom\u00eda"}]},{"@type":"WebSite","@id":"https:\/\/seryhumano.com\/web\/#website","url":"https:\/\/seryhumano.com\/web\/","name":"SeryHumano.com","description":"Revista digital muy humana, donde lo mas importante es el Ser...","publisher":{"@id":"https:\/\/seryhumano.com\/web\/#organization"},"potentialAction":[{"@type":"SearchAction","target":{"@type":"EntryPoint","urlTemplate":"https:\/\/seryhumano.com\/web\/?s={search_term_string}"},"query-input":{"@type":"PropertyValueSpecification","valueRequired":true,"valueName":"search_term_string"}}],"inLanguage":"es"},{"@type":"Organization","@id":"https:\/\/seryhumano.com\/web\/#organization","name":"SeryHumano.com","url":"https:\/\/seryhumano.com\/web\/","logo":{"@type":"ImageObject","inLanguage":"es","@id":"https:\/\/seryhumano.com\/web\/#\/schema\/logo\/image\/","url":"https:\/\/seryhumano.com\/web\/wp-content\/uploads\/2020\/02\/JNe5VRwH_400x400-2.jpg","contentUrl":"https:\/\/seryhumano.com\/web\/wp-content\/uploads\/2020\/02\/JNe5VRwH_400x400-2.jpg","width":400,"height":400,"caption":"SeryHumano.com"},"image":{"@id":"https:\/\/seryhumano.com\/web\/#\/schema\/logo\/image\/"},"sameAs":["https:\/\/www.facebook.com\/seryhumano\/","https:\/\/x.com\/SeryHumano","https:\/\/www.instagram.com\/seryhumano\/","https:\/\/www.linkedin.com\/company\/seryhumano-com\/","https:\/\/www.youtube.com\/channel\/UCYfgIGSxygVnJAW0e9ZBZWg"]},{"@type":"Person","@id":"https:\/\/seryhumano.com\/web\/#\/schema\/person\/fd30e8e0b394a62344b44d9b0fe75795","name":"@herrera_yosmar","description":"Eterna enamorada de la vida, comunicadora, mam\u00e1 de tres","sameAs":["http:\/\/seryhumano.com"],"url":"https:\/\/seryhumano.com\/web\/?author=2"}]}},"_links":{"self":[{"href":"https:\/\/seryhumano.com\/web\/index.php?rest_route=\/wp\/v2\/posts\/19893","targetHints":{"allow":["GET"]}}],"collection":[{"href":"https:\/\/seryhumano.com\/web\/index.php?rest_route=\/wp\/v2\/posts"}],"about":[{"href":"https:\/\/seryhumano.com\/web\/index.php?rest_route=\/wp\/v2\/types\/post"}],"author":[{"embeddable":true,"href":"https:\/\/seryhumano.com\/web\/index.php?rest_route=\/wp\/v2\/users\/2"}],"replies":[{"embeddable":true,"href":"https:\/\/seryhumano.com\/web\/index.php?rest_route=%2Fwp%2Fv2%2Fcomments&post=19893"}],"version-history":[{"count":0,"href":"https:\/\/seryhumano.com\/web\/index.php?rest_route=\/wp\/v2\/posts\/19893\/revisions"}],"wp:featuredmedia":[{"embeddable":true,"href":"https:\/\/seryhumano.com\/web\/index.php?rest_route=\/wp\/v2\/media\/19928"}],"wp:attachment":[{"href":"https:\/\/seryhumano.com\/web\/index.php?rest_route=%2Fwp%2Fv2%2Fmedia&parent=19893"}],"wp:term":[{"taxonomy":"category","embeddable":true,"href":"https:\/\/seryhumano.com\/web\/index.php?rest_route=%2Fwp%2Fv2%2Fcategories&post=19893"},{"taxonomy":"post_tag","embeddable":true,"href":"https:\/\/seryhumano.com\/web\/index.php?rest_route=%2Fwp%2Fv2%2Ftags&post=19893"}],"curies":[{"name":"wp","href":"https:\/\/api.w.org\/{rel}","templated":true}]}}