{"id":19904,"date":"2015-07-10T11:29:40","date_gmt":"2015-07-10T15:59:40","guid":{"rendered":"https:\/\/seryhumano.com\/web\/?p=19904"},"modified":"2015-07-10T11:54:03","modified_gmt":"2015-07-10T16:24:03","slug":"circo-vulkano-estrenara-video-durante-su-show-en-el-festival-nuevas-bandas","status":"publish","type":"post","link":"https:\/\/seryhumano.com\/web\/?p=19904","title":{"rendered":"Circo Vulkano estrenar\u00e1 video durante su show en el Festival Nuevas Bandas"},"content":{"rendered":"<p style=\"text-align: center;\"><img loading=\"lazy\" decoding=\"async\" class=\"aligncenter wp-image-19905 size-large\" src=\"https:\/\/seryhumano.com\/web\/wp-content\/uploads\/2015\/07\/NP1-circo-vulkano-1024x576.jpg\" alt=\"NP1 circo vulkano\" width=\"470\" height=\"264\" srcset=\"https:\/\/seryhumano.com\/web\/wp-content\/uploads\/2015\/07\/NP1-circo-vulkano-1024x576.jpg 1024w, https:\/\/seryhumano.com\/web\/wp-content\/uploads\/2015\/07\/NP1-circo-vulkano-300x169.jpg 300w, https:\/\/seryhumano.com\/web\/wp-content\/uploads\/2015\/07\/NP1-circo-vulkano-265x150.jpg 265w, https:\/\/seryhumano.com\/web\/wp-content\/uploads\/2015\/07\/NP1-circo-vulkano.jpg 1600w\" sizes=\"auto, (max-width: 470px) 100vw, 470px\" \/><\/p>\n<p dir=\"ltr\">La agrupaci\u00f3n colombo-venezolana de Gipsy Balkan Cumbia Punk, Circo Vulkano aprovechar\u00e1 su presentaci\u00f3n en el Festival Nuevas Bandas 2015, pautada para el pr\u00f3ximo 14 de Julio, para estrenar su m\u00e1s reciente material audiovisual.<\/p>\n<p dir=\"ltr\">Chonto (mel\u00f3dica), Mag\u00fa (guitarra), Kev (bajo), Luisle (bater\u00eda), Rumberto (percusi\u00f3n), Brayler (tromb\u00f3n), LuisDa (trompeta) y Tomasito Garc\u00eda (saxof\u00f3n) presentar\u00e1n el videoclip del tema \u201cEl \u00danico Culpable\u201d, corte promocional extra\u00eddo de su segundo disco El Reto (2013), producido en alianza con Enjoy Producciones bajo la direcci\u00f3n de Pedro Mercado.<\/p>\n<p dir=\"ltr\">El clip fue rodado por algunos de los lugares m\u00e1s ic\u00f3nicos de la ciudad de Caracas, y estar\u00e1 disponible el mismo 14 de Julio en las cuentas de YouTube y Facebook de Circo Vulkano<\/p>\n<p dir=\"ltr\">Las entradas para el evento, que promete un show que no defraudar\u00e1 a sus fan\u00e1ticos, pueden adquirirlas a trav\u00e9s de <a href=\"http:\/\/www.ticketmundo.com\/\" target=\"_blank\">www.ticketmundo.com<\/a> y en las taquillas del teatro Chacao. Junto a ellos, se presentar\u00e1n otras tres agrupaciones participantes del Festival Nuevas Bandas 2015.<\/p>\n<p dir=\"ltr\">Adicional a esta presentaci\u00f3n, Circo Vulkano est\u00e1 afinando los detalles para la celebraci\u00f3n de su octavo aniversario.<\/p>\n<p dir=\"ltr\">Pueden estar pendientes de todos los detalles a trav\u00e9s de sus redes sociales:<\/p>\n<ul>\n<li dir=\"ltr\">P\u00e1gina web: <a href=\"http:\/\/www.circovulkano.com\/\" target=\"_blank\">http:\/\/www.circovulkano.com<\/a><\/li>\n<li dir=\"ltr\">Twitter: <a href=\"https:\/\/www.twitter.com\/circovulkano\" target=\"_blank\">https:\/\/www.twitter.com\/<wbr \/>circovulkano<\/a><\/li>\n<li dir=\"ltr\">Facebook: <a href=\"https:\/\/www.facebook.com\/circovulkano\" target=\"_blank\">https:\/\/www.facebook.com\/<wbr \/>circovulkano<\/a><\/li>\n<li dir=\"ltr\">YouTube: <a href=\"https:\/\/www.youtube.com\/channel\/UC-IDhc1wGzc5HKAj_lhsLRA\" target=\"_blank\">https:\/\/www.youtube.com\/<wbr \/>channel\/UC-IDhc1wGzc5HKAj_<wbr \/>lhsLRA<\/a><\/li>\n<li dir=\"ltr\">Instagram: <a href=\"https:\/\/instagram.com\/circovulkano\/\" target=\"_blank\">https:\/\/instagram.com\/<wbr \/>circovulkano<\/a><\/li>\n<li dir=\"ltr\">Soundcloud: <a href=\"https:\/\/soundcloud.com\/circo-vulkano\" target=\"_blank\">https:\/\/soundcloud.com\/circo-<wbr \/>vulkano<\/a><\/li>\n<\/ul>\n<p><img loading=\"lazy\" decoding=\"async\" class=\"alignnone size-full wp-image-19906 aligncenter\" src=\"https:\/\/seryhumano.com\/web\/wp-content\/uploads\/2015\/07\/Flyer-Vulkano.jpg\" alt=\"Flyer Vulkano\" width=\"520\" height=\"960\" srcset=\"https:\/\/seryhumano.com\/web\/wp-content\/uploads\/2015\/07\/Flyer-Vulkano.jpg 520w, https:\/\/seryhumano.com\/web\/wp-content\/uploads\/2015\/07\/Flyer-Vulkano-163x300.jpg 163w\" sizes=\"auto, (max-width: 520px) 100vw, 520px\" \/><\/p>\n<p>seryhumano.com<br \/>\nNota de Prensa<\/p>\n","protected":false},"excerpt":{"rendered":"<p>La agrupaci\u00f3n colombo-venezolana de Gipsy Balkan Cumbia Punk, Circo Vulkano aprovechar\u00e1 su presentaci\u00f3n en el Festival Nuevas Bandas 2015, pautada para el pr\u00f3ximo 14 de Julio, para estrenar su m\u00e1s reciente material audiovisual. Chonto (mel\u00f3dica), Mag\u00fa (guitarra), Kev (bajo), Luisle (bater\u00eda), Rumberto (percusi\u00f3n), Brayler (tromb\u00f3n), LuisDa (trompeta) y Tomasito Garc\u00eda (saxof\u00f3n) presentar\u00e1n el videoclip del&hellip;<\/p>\n","protected":false},"author":1,"featured_media":19911,"comment_status":"closed","ping_status":"closed","sticky":false,"template":"","format":"standard","meta":{"footnotes":""},"categories":[114],"tags":[],"class_list":["post-19904","post","type-post","status-publish","format-standard","has-post-thumbnail","hentry","category-sonidos","category-114","description-off"],"yoast_head":"<!-- This site is optimized with the Yoast SEO plugin v25.4 - https:\/\/yoast.com\/wordpress\/plugins\/seo\/ -->\n<title>Circo Vulkano estrenar\u00e1 video durante su show en el Festival Nuevas Bandas &#187; SeryHumano.com<\/title>\n<meta name=\"robots\" content=\"index, follow, max-snippet:-1, max-image-preview:large, max-video-preview:-1\" \/>\n<link rel=\"canonical\" href=\"https:\/\/seryhumano.com\/web\/?p=19904\" \/>\n<meta property=\"og:locale\" content=\"es_ES\" \/>\n<meta property=\"og:type\" content=\"article\" \/>\n<meta property=\"og:title\" content=\"Circo Vulkano estrenar\u00e1 video durante su show en el Festival Nuevas Bandas &#187; SeryHumano.com\" \/>\n<meta property=\"og:description\" content=\"La agrupaci\u00f3n colombo-venezolana de Gipsy Balkan Cumbia Punk, Circo Vulkano aprovechar\u00e1 su presentaci\u00f3n en el Festival Nuevas Bandas 2015, pautada para el pr\u00f3ximo 14 de Julio, para estrenar su m\u00e1s reciente material audiovisual. Chonto (mel\u00f3dica), Mag\u00fa (guitarra), Kev (bajo), Luisle (bater\u00eda), Rumberto (percusi\u00f3n), Brayler (tromb\u00f3n), LuisDa (trompeta) y Tomasito Garc\u00eda (saxof\u00f3n) presentar\u00e1n el videoclip del&hellip;\" \/>\n<meta property=\"og:url\" content=\"https:\/\/seryhumano.com\/web\/?p=19904\" \/>\n<meta property=\"og:site_name\" content=\"SeryHumano.com\" \/>\n<meta property=\"article:publisher\" content=\"https:\/\/www.facebook.com\/seryhumano\/\" \/>\n<meta property=\"article:author\" content=\"https:\/\/www.facebook.com\/erlinb\" \/>\n<meta property=\"article:published_time\" content=\"2015-07-10T15:59:40+00:00\" \/>\n<meta property=\"article:modified_time\" content=\"2015-07-10T16:24:03+00:00\" \/>\n<meta property=\"og:image\" content=\"https:\/\/seryhumano.com\/web\/wp-content\/uploads\/2015\/07\/featureslider.jpg\" \/>\n\t<meta property=\"og:image:width\" content=\"910\" \/>\n\t<meta property=\"og:image:height\" content=\"227\" \/>\n\t<meta property=\"og:image:type\" content=\"image\/jpeg\" \/>\n<meta name=\"author\" content=\"@Erlinb\" \/>\n<meta name=\"twitter:card\" content=\"summary_large_image\" \/>\n<meta name=\"twitter:creator\" content=\"@erlinb\" \/>\n<meta name=\"twitter:site\" content=\"@SeryHumano\" \/>\n<meta name=\"twitter:label1\" content=\"Escrito por\" \/>\n\t<meta name=\"twitter:data1\" content=\"@Erlinb\" \/>\n\t<meta name=\"twitter:label2\" content=\"Tiempo de lectura\" \/>\n\t<meta name=\"twitter:data2\" content=\"1 minuto\" \/>\n<script type=\"application\/ld+json\" class=\"yoast-schema-graph\">{\"@context\":\"https:\/\/schema.org\",\"@graph\":[{\"@type\":\"Article\",\"@id\":\"https:\/\/seryhumano.com\/web\/?p=19904#article\",\"isPartOf\":{\"@id\":\"https:\/\/seryhumano.com\/web\/?p=19904\"},\"author\":{\"name\":\"@Erlinb\",\"@id\":\"https:\/\/seryhumano.com\/web\/#\/schema\/person\/8e7d4b3bcd9379207fed0df424027a9c\"},\"headline\":\"Circo Vulkano estrenar\u00e1 video durante su show en el Festival Nuevas Bandas\",\"datePublished\":\"2015-07-10T15:59:40+00:00\",\"dateModified\":\"2015-07-10T16:24:03+00:00\",\"mainEntityOfPage\":{\"@id\":\"https:\/\/seryhumano.com\/web\/?p=19904\"},\"wordCount\":261,\"publisher\":{\"@id\":\"https:\/\/seryhumano.com\/web\/#organization\"},\"image\":{\"@id\":\"https:\/\/seryhumano.com\/web\/?p=19904#primaryimage\"},\"thumbnailUrl\":\"https:\/\/seryhumano.com\/web\/wp-content\/uploads\/2015\/07\/featureslider.jpg\",\"articleSection\":[\"Sonidos del Ser\"],\"inLanguage\":\"es\"},{\"@type\":\"WebPage\",\"@id\":\"https:\/\/seryhumano.com\/web\/?p=19904\",\"url\":\"https:\/\/seryhumano.com\/web\/?p=19904\",\"name\":\"Circo Vulkano estrenar\u00e1 video durante su show en el Festival Nuevas Bandas &#187; SeryHumano.com\",\"isPartOf\":{\"@id\":\"https:\/\/seryhumano.com\/web\/#website\"},\"primaryImageOfPage\":{\"@id\":\"https:\/\/seryhumano.com\/web\/?p=19904#primaryimage\"},\"image\":{\"@id\":\"https:\/\/seryhumano.com\/web\/?p=19904#primaryimage\"},\"thumbnailUrl\":\"https:\/\/seryhumano.com\/web\/wp-content\/uploads\/2015\/07\/featureslider.jpg\",\"datePublished\":\"2015-07-10T15:59:40+00:00\",\"dateModified\":\"2015-07-10T16:24:03+00:00\",\"breadcrumb\":{\"@id\":\"https:\/\/seryhumano.com\/web\/?p=19904#breadcrumb\"},\"inLanguage\":\"es\",\"potentialAction\":[{\"@type\":\"ReadAction\",\"target\":[\"https:\/\/seryhumano.com\/web\/?p=19904\"]}]},{\"@type\":\"ImageObject\",\"inLanguage\":\"es\",\"@id\":\"https:\/\/seryhumano.com\/web\/?p=19904#primaryimage\",\"url\":\"https:\/\/seryhumano.com\/web\/wp-content\/uploads\/2015\/07\/featureslider.jpg\",\"contentUrl\":\"https:\/\/seryhumano.com\/web\/wp-content\/uploads\/2015\/07\/featureslider.jpg\",\"width\":910,\"height\":227},{\"@type\":\"BreadcrumbList\",\"@id\":\"https:\/\/seryhumano.com\/web\/?p=19904#breadcrumb\",\"itemListElement\":[{\"@type\":\"ListItem\",\"position\":1,\"name\":\"Portada\",\"item\":\"https:\/\/seryhumano.com\/web\/\"},{\"@type\":\"ListItem\",\"position\":2,\"name\":\"Circo Vulkano estrenar\u00e1 video durante su show en el Festival Nuevas Bandas\"}]},{\"@type\":\"WebSite\",\"@id\":\"https:\/\/seryhumano.com\/web\/#website\",\"url\":\"https:\/\/seryhumano.com\/web\/\",\"name\":\"SeryHumano.com\",\"description\":\"Revista digital muy humana, donde lo mas importante es el Ser...\",\"publisher\":{\"@id\":\"https:\/\/seryhumano.com\/web\/#organization\"},\"potentialAction\":[{\"@type\":\"SearchAction\",\"target\":{\"@type\":\"EntryPoint\",\"urlTemplate\":\"https:\/\/seryhumano.com\/web\/?s={search_term_string}\"},\"query-input\":{\"@type\":\"PropertyValueSpecification\",\"valueRequired\":true,\"valueName\":\"search_term_string\"}}],\"inLanguage\":\"es\"},{\"@type\":\"Organization\",\"@id\":\"https:\/\/seryhumano.com\/web\/#organization\",\"name\":\"SeryHumano.com\",\"url\":\"https:\/\/seryhumano.com\/web\/\",\"logo\":{\"@type\":\"ImageObject\",\"inLanguage\":\"es\",\"@id\":\"https:\/\/seryhumano.com\/web\/#\/schema\/logo\/image\/\",\"url\":\"https:\/\/seryhumano.com\/web\/wp-content\/uploads\/2020\/02\/JNe5VRwH_400x400-2.jpg\",\"contentUrl\":\"https:\/\/seryhumano.com\/web\/wp-content\/uploads\/2020\/02\/JNe5VRwH_400x400-2.jpg\",\"width\":400,\"height\":400,\"caption\":\"SeryHumano.com\"},\"image\":{\"@id\":\"https:\/\/seryhumano.com\/web\/#\/schema\/logo\/image\/\"},\"sameAs\":[\"https:\/\/www.facebook.com\/seryhumano\/\",\"https:\/\/x.com\/SeryHumano\",\"https:\/\/www.instagram.com\/seryhumano\/\",\"https:\/\/www.linkedin.com\/company\/seryhumano-com\/\",\"https:\/\/www.youtube.com\/channel\/UCYfgIGSxygVnJAW0e9ZBZWg\"]},{\"@type\":\"Person\",\"@id\":\"https:\/\/seryhumano.com\/web\/#\/schema\/person\/8e7d4b3bcd9379207fed0df424027a9c\",\"name\":\"@Erlinb\",\"description\":\"Estoy en Seryhumano.com desde el primer d\u00eda, soy desarrollador web, escritor, m\u00fasico y enamorado de la vida, lo que escribo en esta web es porque de verdad me importa, me sali\u00f3 del alma o simplemente me pareci\u00f3 muy importante para compartirlo. | Mi m\u00fasica, mis experiencias, mi vida... | Si necesitas de un sitio web o alg\u00fan tipo de aplicaci\u00f3n o sistema web te dejo la web de mi empresa perfectcodex.com | por ac\u00e1 te dejo un enlace muy \u00fatil, la gente de 123depositos.com es s\u00faper r\u00e1pida segura y confiable -&gt; Env\u00eda dinero a Venezuela &lt;- |\",\"sameAs\":[\"http:\/\/perfectcodex.com\",\"https:\/\/www.facebook.com\/erlinb\",\"https:\/\/www.instagram.com\/erlinbrice\/\",\"https:\/\/www.linkedin.com\/in\/erlinb\/\",\"https:\/\/x.com\/erlinb\",\"https:\/\/erlinbrice.tumblr.com\/\"],\"url\":\"https:\/\/seryhumano.com\/web\/?author=1\"}]}<\/script>\n<!-- \/ Yoast SEO plugin. -->","yoast_head_json":{"title":"Circo Vulkano estrenar\u00e1 video durante su show en el Festival Nuevas Bandas &#187; SeryHumano.com","robots":{"index":"index","follow":"follow","max-snippet":"max-snippet:-1","max-image-preview":"max-image-preview:large","max-video-preview":"max-video-preview:-1"},"canonical":"https:\/\/seryhumano.com\/web\/?p=19904","og_locale":"es_ES","og_type":"article","og_title":"Circo Vulkano estrenar\u00e1 video durante su show en el Festival Nuevas Bandas &#187; SeryHumano.com","og_description":"La agrupaci\u00f3n colombo-venezolana de Gipsy Balkan Cumbia Punk, Circo Vulkano aprovechar\u00e1 su presentaci\u00f3n en el Festival Nuevas Bandas 2015, pautada para el pr\u00f3ximo 14 de Julio, para estrenar su m\u00e1s reciente material audiovisual. Chonto (mel\u00f3dica), Mag\u00fa (guitarra), Kev (bajo), Luisle (bater\u00eda), Rumberto (percusi\u00f3n), Brayler (tromb\u00f3n), LuisDa (trompeta) y Tomasito Garc\u00eda (saxof\u00f3n) presentar\u00e1n el videoclip del&hellip;","og_url":"https:\/\/seryhumano.com\/web\/?p=19904","og_site_name":"SeryHumano.com","article_publisher":"https:\/\/www.facebook.com\/seryhumano\/","article_author":"https:\/\/www.facebook.com\/erlinb","article_published_time":"2015-07-10T15:59:40+00:00","article_modified_time":"2015-07-10T16:24:03+00:00","og_image":[{"width":910,"height":227,"url":"https:\/\/seryhumano.com\/web\/wp-content\/uploads\/2015\/07\/featureslider.jpg","type":"image\/jpeg"}],"author":"@Erlinb","twitter_card":"summary_large_image","twitter_creator":"@erlinb","twitter_site":"@SeryHumano","twitter_misc":{"Escrito por":"@Erlinb","Tiempo de lectura":"1 minuto"},"schema":{"@context":"https:\/\/schema.org","@graph":[{"@type":"Article","@id":"https:\/\/seryhumano.com\/web\/?p=19904#article","isPartOf":{"@id":"https:\/\/seryhumano.com\/web\/?p=19904"},"author":{"name":"@Erlinb","@id":"https:\/\/seryhumano.com\/web\/#\/schema\/person\/8e7d4b3bcd9379207fed0df424027a9c"},"headline":"Circo Vulkano estrenar\u00e1 video durante su show en el Festival Nuevas Bandas","datePublished":"2015-07-10T15:59:40+00:00","dateModified":"2015-07-10T16:24:03+00:00","mainEntityOfPage":{"@id":"https:\/\/seryhumano.com\/web\/?p=19904"},"wordCount":261,"publisher":{"@id":"https:\/\/seryhumano.com\/web\/#organization"},"image":{"@id":"https:\/\/seryhumano.com\/web\/?p=19904#primaryimage"},"thumbnailUrl":"https:\/\/seryhumano.com\/web\/wp-content\/uploads\/2015\/07\/featureslider.jpg","articleSection":["Sonidos del Ser"],"inLanguage":"es"},{"@type":"WebPage","@id":"https:\/\/seryhumano.com\/web\/?p=19904","url":"https:\/\/seryhumano.com\/web\/?p=19904","name":"Circo Vulkano estrenar\u00e1 video durante su show en el Festival Nuevas Bandas &#187; SeryHumano.com","isPartOf":{"@id":"https:\/\/seryhumano.com\/web\/#website"},"primaryImageOfPage":{"@id":"https:\/\/seryhumano.com\/web\/?p=19904#primaryimage"},"image":{"@id":"https:\/\/seryhumano.com\/web\/?p=19904#primaryimage"},"thumbnailUrl":"https:\/\/seryhumano.com\/web\/wp-content\/uploads\/2015\/07\/featureslider.jpg","datePublished":"2015-07-10T15:59:40+00:00","dateModified":"2015-07-10T16:24:03+00:00","breadcrumb":{"@id":"https:\/\/seryhumano.com\/web\/?p=19904#breadcrumb"},"inLanguage":"es","potentialAction":[{"@type":"ReadAction","target":["https:\/\/seryhumano.com\/web\/?p=19904"]}]},{"@type":"ImageObject","inLanguage":"es","@id":"https:\/\/seryhumano.com\/web\/?p=19904#primaryimage","url":"https:\/\/seryhumano.com\/web\/wp-content\/uploads\/2015\/07\/featureslider.jpg","contentUrl":"https:\/\/seryhumano.com\/web\/wp-content\/uploads\/2015\/07\/featureslider.jpg","width":910,"height":227},{"@type":"BreadcrumbList","@id":"https:\/\/seryhumano.com\/web\/?p=19904#breadcrumb","itemListElement":[{"@type":"ListItem","position":1,"name":"Portada","item":"https:\/\/seryhumano.com\/web\/"},{"@type":"ListItem","position":2,"name":"Circo Vulkano estrenar\u00e1 video durante su show en el Festival Nuevas Bandas"}]},{"@type":"WebSite","@id":"https:\/\/seryhumano.com\/web\/#website","url":"https:\/\/seryhumano.com\/web\/","name":"SeryHumano.com","description":"Revista digital muy humana, donde lo mas importante es el Ser...","publisher":{"@id":"https:\/\/seryhumano.com\/web\/#organization"},"potentialAction":[{"@type":"SearchAction","target":{"@type":"EntryPoint","urlTemplate":"https:\/\/seryhumano.com\/web\/?s={search_term_string}"},"query-input":{"@type":"PropertyValueSpecification","valueRequired":true,"valueName":"search_term_string"}}],"inLanguage":"es"},{"@type":"Organization","@id":"https:\/\/seryhumano.com\/web\/#organization","name":"SeryHumano.com","url":"https:\/\/seryhumano.com\/web\/","logo":{"@type":"ImageObject","inLanguage":"es","@id":"https:\/\/seryhumano.com\/web\/#\/schema\/logo\/image\/","url":"https:\/\/seryhumano.com\/web\/wp-content\/uploads\/2020\/02\/JNe5VRwH_400x400-2.jpg","contentUrl":"https:\/\/seryhumano.com\/web\/wp-content\/uploads\/2020\/02\/JNe5VRwH_400x400-2.jpg","width":400,"height":400,"caption":"SeryHumano.com"},"image":{"@id":"https:\/\/seryhumano.com\/web\/#\/schema\/logo\/image\/"},"sameAs":["https:\/\/www.facebook.com\/seryhumano\/","https:\/\/x.com\/SeryHumano","https:\/\/www.instagram.com\/seryhumano\/","https:\/\/www.linkedin.com\/company\/seryhumano-com\/","https:\/\/www.youtube.com\/channel\/UCYfgIGSxygVnJAW0e9ZBZWg"]},{"@type":"Person","@id":"https:\/\/seryhumano.com\/web\/#\/schema\/person\/8e7d4b3bcd9379207fed0df424027a9c","name":"@Erlinb","description":"Estoy en Seryhumano.com desde el primer d\u00eda, soy desarrollador web, escritor, m\u00fasico y enamorado de la vida, lo que escribo en esta web es porque de verdad me importa, me sali\u00f3 del alma o simplemente me pareci\u00f3 muy importante para compartirlo. | Mi m\u00fasica, mis experiencias, mi vida... | Si necesitas de un sitio web o alg\u00fan tipo de aplicaci\u00f3n o sistema web te dejo la web de mi empresa perfectcodex.com | por ac\u00e1 te dejo un enlace muy \u00fatil, la gente de 123depositos.com es s\u00faper r\u00e1pida segura y confiable -&gt; Env\u00eda dinero a Venezuela &lt;- |","sameAs":["http:\/\/perfectcodex.com","https:\/\/www.facebook.com\/erlinb","https:\/\/www.instagram.com\/erlinbrice\/","https:\/\/www.linkedin.com\/in\/erlinb\/","https:\/\/x.com\/erlinb","https:\/\/erlinbrice.tumblr.com\/"],"url":"https:\/\/seryhumano.com\/web\/?author=1"}]}},"_links":{"self":[{"href":"https:\/\/seryhumano.com\/web\/index.php?rest_route=\/wp\/v2\/posts\/19904","targetHints":{"allow":["GET"]}}],"collection":[{"href":"https:\/\/seryhumano.com\/web\/index.php?rest_route=\/wp\/v2\/posts"}],"about":[{"href":"https:\/\/seryhumano.com\/web\/index.php?rest_route=\/wp\/v2\/types\/post"}],"author":[{"embeddable":true,"href":"https:\/\/seryhumano.com\/web\/index.php?rest_route=\/wp\/v2\/users\/1"}],"replies":[{"embeddable":true,"href":"https:\/\/seryhumano.com\/web\/index.php?rest_route=%2Fwp%2Fv2%2Fcomments&post=19904"}],"version-history":[{"count":0,"href":"https:\/\/seryhumano.com\/web\/index.php?rest_route=\/wp\/v2\/posts\/19904\/revisions"}],"wp:featuredmedia":[{"embeddable":true,"href":"https:\/\/seryhumano.com\/web\/index.php?rest_route=\/wp\/v2\/media\/19911"}],"wp:attachment":[{"href":"https:\/\/seryhumano.com\/web\/index.php?rest_route=%2Fwp%2Fv2%2Fmedia&parent=19904"}],"wp:term":[{"taxonomy":"category","embeddable":true,"href":"https:\/\/seryhumano.com\/web\/index.php?rest_route=%2Fwp%2Fv2%2Fcategories&post=19904"},{"taxonomy":"post_tag","embeddable":true,"href":"https:\/\/seryhumano.com\/web\/index.php?rest_route=%2Fwp%2Fv2%2Ftags&post=19904"}],"curies":[{"name":"wp","href":"https:\/\/api.w.org\/{rel}","templated":true}]}}