{"id":19935,"date":"2015-07-13T21:40:20","date_gmt":"2015-07-14T02:10:20","guid":{"rendered":"https:\/\/seryhumano.com\/web\/?p=19935"},"modified":"2015-07-29T19:00:41","modified_gmt":"2015-07-29T23:30:41","slug":"orquesta-de-rock-sinfonico-simon-bolivar-estrena-la-obra-los-elementos","status":"publish","type":"post","link":"https:\/\/seryhumano.com\/web\/?p=19935","title":{"rendered":"Orquesta de Rock Sinf\u00f3nico Sim\u00f3n Bol\u00edvar estrena la obra \u201cLos Elementos\u201d"},"content":{"rendered":"<p style=\"text-align: center;\"><img loading=\"lazy\" decoding=\"async\" class=\"aligncenter wp-image-19942 size-large\" src=\"https:\/\/seryhumano.com\/web\/wp-content\/uploads\/2015\/07\/ORSSBH2-1024x680.jpg\" alt=\"ORSSBH2\" width=\"470\" height=\"312\" srcset=\"https:\/\/seryhumano.com\/web\/wp-content\/uploads\/2015\/07\/ORSSBH2.jpg 1024w, https:\/\/seryhumano.com\/web\/wp-content\/uploads\/2015\/07\/ORSSBH2-300x199.jpg 300w\" sizes=\"auto, (max-width: 470px) 100vw, 470px\" \/><\/p>\n<p style=\"text-align: center;\">Junto a la Orquesta Sinf\u00f3nica Juvenil y al Coro Juvenil del Conservatorio de M\u00fasica Sim\u00f3n Bol\u00edvar<!--more--><\/p>\n<p><strong>Prensa FundaMusical Bol\u00edvar\/Mppdpsgg<\/strong><\/p>\n<p>La Orquesta de Rock Sinf\u00f3nico Sim\u00f3n Bol\u00edvar junto a la Orquesta Sinf\u00f3nica Juvenil del Conservatorio Sim\u00f3n Bol\u00edvar y al Coro Juvenil del Conservatorio Sim\u00f3n Bol\u00edvar, bajo la direcci\u00f3n del maestro Daniel Hurtado, ofrecer\u00e1 un concierto estelar este domingo 19 de julio a las 5:00 pm en la Sala Sim\u00f3n Bol\u00edvar del Centro Nacional de Acci\u00f3n Social por la M\u00fasica, en el que se realizar\u00e1 el estreno mundial de la<em>Suite Los Elementos<\/em>, del compositor venezolano Luis Vila. La entrada es libre.<\/p>\n<p>El programa del concierto tambi\u00e9n incluye a <em>Finlandia<\/em> de Jean Sibelius y el <em>Dies Irae<\/em> de Wolfang Amadeus Mozart, ambas obras adaptadas y especialmente arregladas al formato de banda de rock m\u00e1s orquesta sinf\u00f3nica, ofreciendo versiones \u00fanicas en su estilo. El concierto cerrar\u00e1 con el tema <em>Metropolis<\/em>, un cl\u00e1sico del rock progresivo que populariz\u00f3 la agrupaci\u00f3n Dream Theater.<\/p>\n<p>\u201cCon el estreno mundial de la Suite Los Elementos me atrevo a decir que es primera vez que en El Sistema y aqu\u00ed en Venezuela se va a hacer una obra original, escrita y concebida bajo el concepto de esa fusi\u00f3n de una orquesta sinf\u00f3nica m\u00e1s la orquesta de rock. Esto ha sido un reto para todos nosotros. Luis Vila escribe con un leguaje bastante progresivo, pero manejando toda la parte acad\u00e9mica\u201d, expres\u00f3 Daniel Hurtado.<\/p>\n<p style=\"text-align: center;\"><img loading=\"lazy\" decoding=\"async\" class=\"aligncenter wp-image-19943 size-medium\" src=\"https:\/\/seryhumano.com\/web\/wp-content\/uploads\/2015\/07\/ORSSBH13-300x243.jpg\" alt=\"ORSSBH13\" width=\"300\" height=\"243\" srcset=\"https:\/\/seryhumano.com\/web\/wp-content\/uploads\/2015\/07\/ORSSBH13-300x243.jpg 300w, https:\/\/seryhumano.com\/web\/wp-content\/uploads\/2015\/07\/ORSSBH13.jpg 949w\" sizes=\"auto, (max-width: 300px) 100vw, 300px\" \/><\/p>\n<p>La <em>Suite Los Elementos<\/em> contiene una obertura m\u00e1s cuatro movimientos, cada uno dedicado a un elemento de la naturaleza: Tierra, Agua, Aire y Fuego, separados a su vez por interludios. Posee las caracter\u00edsticas musicales del rock progresivo y del rock sinf\u00f3nico, conjugando influencias de otras tendencias como el jazz fusi\u00f3n. Su autor, la escribi\u00f3 pensando exclusivamente en el formato de la Orquesta de Rock Sinf\u00f3nico Sim\u00f3n Bol\u00edvar en compa\u00f1\u00eda de una orquesta sinf\u00f3nica.<\/p>\n<p>\u201cTenemos adem\u00e1s obras como Finlandia de Sibelius, a la que le estamos agregando el rock, pero la orquesta va a tocar la versi\u00f3n original, entonces es una fusi\u00f3n muy original. Luego vamos a hacer una de las obras del Requiem de Mozart que es el Dies Irae, donde sucede lo mismo, es una adaptaci\u00f3n de lo que escribi\u00f3 Mozart pero adapt\u00e1ndole la parte rockera, entonces se crea una nueva obra\u201d, explic\u00f3 Hurtado.<\/p>\n<p style=\"text-align: center;\"><img loading=\"lazy\" decoding=\"async\" class=\"aligncenter wp-image-19941 size-medium\" src=\"https:\/\/seryhumano.com\/web\/wp-content\/uploads\/2015\/07\/BRSSB-3302-300x200.jpg\" alt=\"BRSSB-3302\" width=\"300\" height=\"200\" srcset=\"https:\/\/seryhumano.com\/web\/wp-content\/uploads\/2015\/07\/BRSSB-3302-300x200.jpg 300w, https:\/\/seryhumano.com\/web\/wp-content\/uploads\/2015\/07\/BRSSB-3302.jpg 755w\" sizes=\"auto, (max-width: 300px) 100vw, 300px\" \/><\/p>\n<p>El tema Metr\u00f3polis de la agrupaci\u00f3n Dream Theater cerrar\u00e1 la velada. Se trata de una composici\u00f3n progresiva de alto nivel musical, que seg\u00fan el director Daniel Hurtado \u201cnada tiene que envidiarle al neoclasicismo de Stravinsky\u201d, en cuanto a la complejidad y lo cambiante de la estructura, donde el concepto de la composici\u00f3n pasa por distintos escenarios con una secci\u00f3n r\u00edtmica altamente compleja.<\/p>\n<p>Las Orquesta de Rock Sinf\u00f3nico Sim\u00f3n Bol\u00edvar, la Orquesta Sinf\u00f3nica Juvenil y el Coro Juvenil pertenecen al Conservatorio de M\u00fasica Sim\u00f3n Bol\u00edvar, instituci\u00f3n a cargo de la formaci\u00f3n profesional de los j\u00f3venes del Sistema Nacional de Orquestas y Coros Juveniles e Infantiles de Venezuela, cuyo \u00f3rgano rector es la Fundaci\u00f3n Musical Sim\u00f3n Bol\u00edvar, adscrita al Ministerio del Poder Popular del Despacho de la Presidencia y Seguimiento de la Gesti\u00f3n de Gobierno de la Rep\u00fablica Bolivariana de Venezuela.<\/p>\n<p><img decoding=\"async\" class=\"aligncenter wp-image-19940\" src=\"https:\/\/seryhumano.com\/web\/wp-content\/uploads\/2015\/07\/BRSSB-2700.jpg\" alt=\"BRSSB-2700\" width=\"819\" srcset=\"https:\/\/seryhumano.com\/web\/wp-content\/uploads\/2015\/07\/BRSSB-2700.jpg 819w, https:\/\/seryhumano.com\/web\/wp-content\/uploads\/2015\/07\/BRSSB-2700-300x200.jpg 300w\" sizes=\"(max-width: 819px) 100vw, 819px\" \/><\/p>\n","protected":false},"excerpt":{"rendered":"<p>Junto a la Orquesta Sinf\u00f3nica Juvenil y al Coro Juvenil del Conservatorio de M\u00fasica Sim\u00f3n Bol\u00edvar<\/p>\n","protected":false},"author":1,"featured_media":20020,"comment_status":"closed","ping_status":"closed","sticky":false,"template":"","format":"standard","meta":{"footnotes":""},"categories":[114],"tags":[],"class_list":["post-19935","post","type-post","status-publish","format-standard","has-post-thumbnail","hentry","category-sonidos","category-114","description-off"],"yoast_head":"<!-- This site is optimized with the Yoast SEO plugin v25.4 - https:\/\/yoast.com\/wordpress\/plugins\/seo\/ -->\n<title>Orquesta de Rock Sinf\u00f3nico Sim\u00f3n Bol\u00edvar estrena la obra \u201cLos Elementos\u201d &#187; SeryHumano.com<\/title>\n<meta name=\"robots\" content=\"index, follow, max-snippet:-1, max-image-preview:large, max-video-preview:-1\" \/>\n<link rel=\"canonical\" href=\"https:\/\/seryhumano.com\/web\/?p=19935\" \/>\n<meta property=\"og:locale\" content=\"es_ES\" \/>\n<meta property=\"og:type\" content=\"article\" \/>\n<meta property=\"og:title\" content=\"Orquesta de Rock Sinf\u00f3nico Sim\u00f3n Bol\u00edvar estrena la obra \u201cLos Elementos\u201d &#187; SeryHumano.com\" \/>\n<meta property=\"og:description\" content=\"Junto a la Orquesta Sinf\u00f3nica Juvenil y al Coro Juvenil del Conservatorio de M\u00fasica Sim\u00f3n Bol\u00edvar\" \/>\n<meta property=\"og:url\" content=\"https:\/\/seryhumano.com\/web\/?p=19935\" \/>\n<meta property=\"og:site_name\" content=\"SeryHumano.com\" \/>\n<meta property=\"article:publisher\" content=\"https:\/\/www.facebook.com\/seryhumano\/\" \/>\n<meta property=\"article:author\" content=\"https:\/\/www.facebook.com\/erlinb\" \/>\n<meta property=\"article:published_time\" content=\"2015-07-14T02:10:20+00:00\" \/>\n<meta property=\"article:modified_time\" content=\"2015-07-29T23:30:41+00:00\" \/>\n<meta property=\"og:image\" content=\"https:\/\/seryhumano.com\/web\/wp-content\/uploads\/2015\/07\/featureslider10.jpg\" \/>\n\t<meta property=\"og:image:width\" content=\"910\" \/>\n\t<meta property=\"og:image:height\" content=\"227\" \/>\n\t<meta property=\"og:image:type\" content=\"image\/jpeg\" \/>\n<meta name=\"author\" content=\"@Erlinb\" \/>\n<meta name=\"twitter:card\" content=\"summary_large_image\" \/>\n<meta name=\"twitter:creator\" content=\"@erlinb\" \/>\n<meta name=\"twitter:site\" content=\"@SeryHumano\" \/>\n<meta name=\"twitter:label1\" content=\"Escrito por\" \/>\n\t<meta name=\"twitter:data1\" content=\"@Erlinb\" \/>\n\t<meta name=\"twitter:label2\" content=\"Tiempo de lectura\" \/>\n\t<meta name=\"twitter:data2\" content=\"3 minutos\" \/>\n<script type=\"application\/ld+json\" class=\"yoast-schema-graph\">{\"@context\":\"https:\/\/schema.org\",\"@graph\":[{\"@type\":\"Article\",\"@id\":\"https:\/\/seryhumano.com\/web\/?p=19935#article\",\"isPartOf\":{\"@id\":\"https:\/\/seryhumano.com\/web\/?p=19935\"},\"author\":{\"name\":\"@Erlinb\",\"@id\":\"https:\/\/seryhumano.com\/web\/#\/schema\/person\/8e7d4b3bcd9379207fed0df424027a9c\"},\"headline\":\"Orquesta de Rock Sinf\u00f3nico Sim\u00f3n Bol\u00edvar estrena la obra \u201cLos Elementos\u201d\",\"datePublished\":\"2015-07-14T02:10:20+00:00\",\"dateModified\":\"2015-07-29T23:30:41+00:00\",\"mainEntityOfPage\":{\"@id\":\"https:\/\/seryhumano.com\/web\/?p=19935\"},\"wordCount\":592,\"publisher\":{\"@id\":\"https:\/\/seryhumano.com\/web\/#organization\"},\"image\":{\"@id\":\"https:\/\/seryhumano.com\/web\/?p=19935#primaryimage\"},\"thumbnailUrl\":\"https:\/\/seryhumano.com\/web\/wp-content\/uploads\/2015\/07\/featureslider10.jpg\",\"articleSection\":[\"Sonidos del Ser\"],\"inLanguage\":\"es\"},{\"@type\":\"WebPage\",\"@id\":\"https:\/\/seryhumano.com\/web\/?p=19935\",\"url\":\"https:\/\/seryhumano.com\/web\/?p=19935\",\"name\":\"Orquesta de Rock Sinf\u00f3nico Sim\u00f3n Bol\u00edvar estrena la obra \u201cLos Elementos\u201d &#187; SeryHumano.com\",\"isPartOf\":{\"@id\":\"https:\/\/seryhumano.com\/web\/#website\"},\"primaryImageOfPage\":{\"@id\":\"https:\/\/seryhumano.com\/web\/?p=19935#primaryimage\"},\"image\":{\"@id\":\"https:\/\/seryhumano.com\/web\/?p=19935#primaryimage\"},\"thumbnailUrl\":\"https:\/\/seryhumano.com\/web\/wp-content\/uploads\/2015\/07\/featureslider10.jpg\",\"datePublished\":\"2015-07-14T02:10:20+00:00\",\"dateModified\":\"2015-07-29T23:30:41+00:00\",\"breadcrumb\":{\"@id\":\"https:\/\/seryhumano.com\/web\/?p=19935#breadcrumb\"},\"inLanguage\":\"es\",\"potentialAction\":[{\"@type\":\"ReadAction\",\"target\":[\"https:\/\/seryhumano.com\/web\/?p=19935\"]}]},{\"@type\":\"ImageObject\",\"inLanguage\":\"es\",\"@id\":\"https:\/\/seryhumano.com\/web\/?p=19935#primaryimage\",\"url\":\"https:\/\/seryhumano.com\/web\/wp-content\/uploads\/2015\/07\/featureslider10.jpg\",\"contentUrl\":\"https:\/\/seryhumano.com\/web\/wp-content\/uploads\/2015\/07\/featureslider10.jpg\",\"width\":910,\"height\":227},{\"@type\":\"BreadcrumbList\",\"@id\":\"https:\/\/seryhumano.com\/web\/?p=19935#breadcrumb\",\"itemListElement\":[{\"@type\":\"ListItem\",\"position\":1,\"name\":\"Portada\",\"item\":\"https:\/\/seryhumano.com\/web\/\"},{\"@type\":\"ListItem\",\"position\":2,\"name\":\"Orquesta de Rock Sinf\u00f3nico Sim\u00f3n Bol\u00edvar estrena la obra \u201cLos Elementos\u201d\"}]},{\"@type\":\"WebSite\",\"@id\":\"https:\/\/seryhumano.com\/web\/#website\",\"url\":\"https:\/\/seryhumano.com\/web\/\",\"name\":\"SeryHumano.com\",\"description\":\"Revista digital muy humana, donde lo mas importante es el Ser...\",\"publisher\":{\"@id\":\"https:\/\/seryhumano.com\/web\/#organization\"},\"potentialAction\":[{\"@type\":\"SearchAction\",\"target\":{\"@type\":\"EntryPoint\",\"urlTemplate\":\"https:\/\/seryhumano.com\/web\/?s={search_term_string}\"},\"query-input\":{\"@type\":\"PropertyValueSpecification\",\"valueRequired\":true,\"valueName\":\"search_term_string\"}}],\"inLanguage\":\"es\"},{\"@type\":\"Organization\",\"@id\":\"https:\/\/seryhumano.com\/web\/#organization\",\"name\":\"SeryHumano.com\",\"url\":\"https:\/\/seryhumano.com\/web\/\",\"logo\":{\"@type\":\"ImageObject\",\"inLanguage\":\"es\",\"@id\":\"https:\/\/seryhumano.com\/web\/#\/schema\/logo\/image\/\",\"url\":\"https:\/\/seryhumano.com\/web\/wp-content\/uploads\/2020\/02\/JNe5VRwH_400x400-2.jpg\",\"contentUrl\":\"https:\/\/seryhumano.com\/web\/wp-content\/uploads\/2020\/02\/JNe5VRwH_400x400-2.jpg\",\"width\":400,\"height\":400,\"caption\":\"SeryHumano.com\"},\"image\":{\"@id\":\"https:\/\/seryhumano.com\/web\/#\/schema\/logo\/image\/\"},\"sameAs\":[\"https:\/\/www.facebook.com\/seryhumano\/\",\"https:\/\/x.com\/SeryHumano\",\"https:\/\/www.instagram.com\/seryhumano\/\",\"https:\/\/www.linkedin.com\/company\/seryhumano-com\/\",\"https:\/\/www.youtube.com\/channel\/UCYfgIGSxygVnJAW0e9ZBZWg\"]},{\"@type\":\"Person\",\"@id\":\"https:\/\/seryhumano.com\/web\/#\/schema\/person\/8e7d4b3bcd9379207fed0df424027a9c\",\"name\":\"@Erlinb\",\"description\":\"Estoy en Seryhumano.com desde el primer d\u00eda, soy desarrollador web, escritor, m\u00fasico y enamorado de la vida, lo que escribo en esta web es porque de verdad me importa, me sali\u00f3 del alma o simplemente me pareci\u00f3 muy importante para compartirlo. | Mi m\u00fasica, mis experiencias, mi vida... | Si necesitas de un sitio web o alg\u00fan tipo de aplicaci\u00f3n o sistema web te dejo la web de mi empresa perfectcodex.com | por ac\u00e1 te dejo un enlace muy \u00fatil, la gente de 123depositos.com es s\u00faper r\u00e1pida segura y confiable -&gt; Env\u00eda dinero a Venezuela &lt;- |\",\"sameAs\":[\"http:\/\/perfectcodex.com\",\"https:\/\/www.facebook.com\/erlinb\",\"https:\/\/www.instagram.com\/erlinbrice\/\",\"https:\/\/www.linkedin.com\/in\/erlinb\/\",\"https:\/\/x.com\/erlinb\",\"https:\/\/erlinbrice.tumblr.com\/\"],\"url\":\"https:\/\/seryhumano.com\/web\/?author=1\"}]}<\/script>\n<!-- \/ Yoast SEO plugin. -->","yoast_head_json":{"title":"Orquesta de Rock Sinf\u00f3nico Sim\u00f3n Bol\u00edvar estrena la obra \u201cLos Elementos\u201d &#187; SeryHumano.com","robots":{"index":"index","follow":"follow","max-snippet":"max-snippet:-1","max-image-preview":"max-image-preview:large","max-video-preview":"max-video-preview:-1"},"canonical":"https:\/\/seryhumano.com\/web\/?p=19935","og_locale":"es_ES","og_type":"article","og_title":"Orquesta de Rock Sinf\u00f3nico Sim\u00f3n Bol\u00edvar estrena la obra \u201cLos Elementos\u201d &#187; SeryHumano.com","og_description":"Junto a la Orquesta Sinf\u00f3nica Juvenil y al Coro Juvenil del Conservatorio de M\u00fasica Sim\u00f3n Bol\u00edvar","og_url":"https:\/\/seryhumano.com\/web\/?p=19935","og_site_name":"SeryHumano.com","article_publisher":"https:\/\/www.facebook.com\/seryhumano\/","article_author":"https:\/\/www.facebook.com\/erlinb","article_published_time":"2015-07-14T02:10:20+00:00","article_modified_time":"2015-07-29T23:30:41+00:00","og_image":[{"width":910,"height":227,"url":"https:\/\/seryhumano.com\/web\/wp-content\/uploads\/2015\/07\/featureslider10.jpg","type":"image\/jpeg"}],"author":"@Erlinb","twitter_card":"summary_large_image","twitter_creator":"@erlinb","twitter_site":"@SeryHumano","twitter_misc":{"Escrito por":"@Erlinb","Tiempo de lectura":"3 minutos"},"schema":{"@context":"https:\/\/schema.org","@graph":[{"@type":"Article","@id":"https:\/\/seryhumano.com\/web\/?p=19935#article","isPartOf":{"@id":"https:\/\/seryhumano.com\/web\/?p=19935"},"author":{"name":"@Erlinb","@id":"https:\/\/seryhumano.com\/web\/#\/schema\/person\/8e7d4b3bcd9379207fed0df424027a9c"},"headline":"Orquesta de Rock Sinf\u00f3nico Sim\u00f3n Bol\u00edvar estrena la obra \u201cLos Elementos\u201d","datePublished":"2015-07-14T02:10:20+00:00","dateModified":"2015-07-29T23:30:41+00:00","mainEntityOfPage":{"@id":"https:\/\/seryhumano.com\/web\/?p=19935"},"wordCount":592,"publisher":{"@id":"https:\/\/seryhumano.com\/web\/#organization"},"image":{"@id":"https:\/\/seryhumano.com\/web\/?p=19935#primaryimage"},"thumbnailUrl":"https:\/\/seryhumano.com\/web\/wp-content\/uploads\/2015\/07\/featureslider10.jpg","articleSection":["Sonidos del Ser"],"inLanguage":"es"},{"@type":"WebPage","@id":"https:\/\/seryhumano.com\/web\/?p=19935","url":"https:\/\/seryhumano.com\/web\/?p=19935","name":"Orquesta de Rock Sinf\u00f3nico Sim\u00f3n Bol\u00edvar estrena la obra \u201cLos Elementos\u201d &#187; SeryHumano.com","isPartOf":{"@id":"https:\/\/seryhumano.com\/web\/#website"},"primaryImageOfPage":{"@id":"https:\/\/seryhumano.com\/web\/?p=19935#primaryimage"},"image":{"@id":"https:\/\/seryhumano.com\/web\/?p=19935#primaryimage"},"thumbnailUrl":"https:\/\/seryhumano.com\/web\/wp-content\/uploads\/2015\/07\/featureslider10.jpg","datePublished":"2015-07-14T02:10:20+00:00","dateModified":"2015-07-29T23:30:41+00:00","breadcrumb":{"@id":"https:\/\/seryhumano.com\/web\/?p=19935#breadcrumb"},"inLanguage":"es","potentialAction":[{"@type":"ReadAction","target":["https:\/\/seryhumano.com\/web\/?p=19935"]}]},{"@type":"ImageObject","inLanguage":"es","@id":"https:\/\/seryhumano.com\/web\/?p=19935#primaryimage","url":"https:\/\/seryhumano.com\/web\/wp-content\/uploads\/2015\/07\/featureslider10.jpg","contentUrl":"https:\/\/seryhumano.com\/web\/wp-content\/uploads\/2015\/07\/featureslider10.jpg","width":910,"height":227},{"@type":"BreadcrumbList","@id":"https:\/\/seryhumano.com\/web\/?p=19935#breadcrumb","itemListElement":[{"@type":"ListItem","position":1,"name":"Portada","item":"https:\/\/seryhumano.com\/web\/"},{"@type":"ListItem","position":2,"name":"Orquesta de Rock Sinf\u00f3nico Sim\u00f3n Bol\u00edvar estrena la obra \u201cLos Elementos\u201d"}]},{"@type":"WebSite","@id":"https:\/\/seryhumano.com\/web\/#website","url":"https:\/\/seryhumano.com\/web\/","name":"SeryHumano.com","description":"Revista digital muy humana, donde lo mas importante es el Ser...","publisher":{"@id":"https:\/\/seryhumano.com\/web\/#organization"},"potentialAction":[{"@type":"SearchAction","target":{"@type":"EntryPoint","urlTemplate":"https:\/\/seryhumano.com\/web\/?s={search_term_string}"},"query-input":{"@type":"PropertyValueSpecification","valueRequired":true,"valueName":"search_term_string"}}],"inLanguage":"es"},{"@type":"Organization","@id":"https:\/\/seryhumano.com\/web\/#organization","name":"SeryHumano.com","url":"https:\/\/seryhumano.com\/web\/","logo":{"@type":"ImageObject","inLanguage":"es","@id":"https:\/\/seryhumano.com\/web\/#\/schema\/logo\/image\/","url":"https:\/\/seryhumano.com\/web\/wp-content\/uploads\/2020\/02\/JNe5VRwH_400x400-2.jpg","contentUrl":"https:\/\/seryhumano.com\/web\/wp-content\/uploads\/2020\/02\/JNe5VRwH_400x400-2.jpg","width":400,"height":400,"caption":"SeryHumano.com"},"image":{"@id":"https:\/\/seryhumano.com\/web\/#\/schema\/logo\/image\/"},"sameAs":["https:\/\/www.facebook.com\/seryhumano\/","https:\/\/x.com\/SeryHumano","https:\/\/www.instagram.com\/seryhumano\/","https:\/\/www.linkedin.com\/company\/seryhumano-com\/","https:\/\/www.youtube.com\/channel\/UCYfgIGSxygVnJAW0e9ZBZWg"]},{"@type":"Person","@id":"https:\/\/seryhumano.com\/web\/#\/schema\/person\/8e7d4b3bcd9379207fed0df424027a9c","name":"@Erlinb","description":"Estoy en Seryhumano.com desde el primer d\u00eda, soy desarrollador web, escritor, m\u00fasico y enamorado de la vida, lo que escribo en esta web es porque de verdad me importa, me sali\u00f3 del alma o simplemente me pareci\u00f3 muy importante para compartirlo. | Mi m\u00fasica, mis experiencias, mi vida... | Si necesitas de un sitio web o alg\u00fan tipo de aplicaci\u00f3n o sistema web te dejo la web de mi empresa perfectcodex.com | por ac\u00e1 te dejo un enlace muy \u00fatil, la gente de 123depositos.com es s\u00faper r\u00e1pida segura y confiable -&gt; Env\u00eda dinero a Venezuela &lt;- |","sameAs":["http:\/\/perfectcodex.com","https:\/\/www.facebook.com\/erlinb","https:\/\/www.instagram.com\/erlinbrice\/","https:\/\/www.linkedin.com\/in\/erlinb\/","https:\/\/x.com\/erlinb","https:\/\/erlinbrice.tumblr.com\/"],"url":"https:\/\/seryhumano.com\/web\/?author=1"}]}},"_links":{"self":[{"href":"https:\/\/seryhumano.com\/web\/index.php?rest_route=\/wp\/v2\/posts\/19935","targetHints":{"allow":["GET"]}}],"collection":[{"href":"https:\/\/seryhumano.com\/web\/index.php?rest_route=\/wp\/v2\/posts"}],"about":[{"href":"https:\/\/seryhumano.com\/web\/index.php?rest_route=\/wp\/v2\/types\/post"}],"author":[{"embeddable":true,"href":"https:\/\/seryhumano.com\/web\/index.php?rest_route=\/wp\/v2\/users\/1"}],"replies":[{"embeddable":true,"href":"https:\/\/seryhumano.com\/web\/index.php?rest_route=%2Fwp%2Fv2%2Fcomments&post=19935"}],"version-history":[{"count":0,"href":"https:\/\/seryhumano.com\/web\/index.php?rest_route=\/wp\/v2\/posts\/19935\/revisions"}],"wp:featuredmedia":[{"embeddable":true,"href":"https:\/\/seryhumano.com\/web\/index.php?rest_route=\/wp\/v2\/media\/20020"}],"wp:attachment":[{"href":"https:\/\/seryhumano.com\/web\/index.php?rest_route=%2Fwp%2Fv2%2Fmedia&parent=19935"}],"wp:term":[{"taxonomy":"category","embeddable":true,"href":"https:\/\/seryhumano.com\/web\/index.php?rest_route=%2Fwp%2Fv2%2Fcategories&post=19935"},{"taxonomy":"post_tag","embeddable":true,"href":"https:\/\/seryhumano.com\/web\/index.php?rest_route=%2Fwp%2Fv2%2Ftags&post=19935"}],"curies":[{"name":"wp","href":"https:\/\/api.w.org\/{rel}","templated":true}]}}