{"id":20642,"date":"2015-10-17T09:00:30","date_gmt":"2015-10-17T13:30:30","guid":{"rendered":"https:\/\/seryhumano.com\/web\/?p=20642"},"modified":"2015-10-17T08:19:58","modified_gmt":"2015-10-17T12:49:58","slug":"te-alegra-la-desgracia-ajena-eso-no-es-de-malas-personas","status":"publish","type":"post","link":"https:\/\/seryhumano.com\/web\/?p=20642","title":{"rendered":"\u00bfTe alegra la desgracia ajena? \u00a1Eso no es de malas personas!"},"content":{"rendered":"<p style=\"text-align: center;\"><strong>Quiz\u00e1s sea usted un inmaduro. O se sienta algo inferior. Pero este sentimiento, distinto al de la envidia, es una cosa com\u00fan<\/strong><\/p>\n<p style=\"text-align: center;\"><a href=\"https:\/\/seryhumano.com\/web\/?attachment_id=20646\" rel=\"attachment wp-att-20646\"><img loading=\"lazy\" decoding=\"async\" class=\"aligncenter size-full wp-image-20646\" src=\"https:\/\/seryhumano.com\/web\/wp-content\/uploads\/2015\/10\/risas1-e1445085545310.jpg\" alt=\"risas1\" width=\"500\" height=\"375\" \/><\/a><\/p>\n<p>No son necesariamente grandes males, sino m\u00e1s bien peque\u00f1as desgracias que le suceden a otro, pero lo cierto es que en ocasiones sentimos ciertas punzadas de satisfacci\u00f3n cuando los reveses de la vida le caen al amigo en vez de a nosotros mismos. \u00bfPor qu\u00e9 nos sucede? \u00bfAcaso somos unos viles traidores o unos hip\u00f3critas?<\/p>\n<p>Vaya por delante que son sentimientos inc\u00f3modos y que, pase lo que pase, no parece lo m\u00e1s conveniente reconocerlos en p\u00fablico. Pero en cualquier caso, existen razones ps\u00edquicas para ello, y las personas que experimentan este sentimiento tal vez merezcan el beneficio de la duda: no es tan malo aquel que se alegra porque a un compa\u00f1ero no le han dado ese ascenso o porque un amigo ha engordado varios kilos.<\/p>\n<blockquote><p><span style=\"color: #333399;\">\u201cSentirse as\u00ed obedece a los mecanismos inconscientes de la proyecci\u00f3n, que nos permiten depositar en el otro nuestros miedos al mal o al fracaso\u201d M\u00f3nica Sieber Quijano, psic\u00f3loga cl\u00ednica<\/span><\/p><\/blockquote>\n<p>\u00bfC\u00f3mo no podr\u00e1 serlo?, se preguntar\u00e1 usted. \u00bfEs normal deleitarse con el mal ajeno? El conocido dicho popular \u201c<em>el muerto al hoyo, el vivo al bollo<\/em>\u201d alude a ese viejo sentimiento de alivio que experimentamos por no ser nosotros mismos los aquejados por un mal. De esta manera lo explica la psic\u00f3loga cl\u00ednica M\u00f3nica Sieber Quijano, con cl\u00ednica propia en Madrid: \u201c<em>El mal ajeno nos confirma que nosotros no estamos afectados por \u00e9l, que lo padece el de al lado<\/em>\u201d La psicoanalista aclara, no obstante, que sentirse as\u00ed obedece a los mecanismos inconscientes de la proyecci\u00f3n, \u201c<em>que nos permiten depositar en el otro nuestros miedos al mal o al fracaso<\/em>\u201d. Si es habitual o no es m\u00e1s dif\u00edcil de responder, porque esos sentimientos tienen que ver con la propia personalidad y seguridad en uno mismo. \u201c<em>En una suficiente salud mental, el mal ajeno no reporta demasiados beneficios propios. Ser\u00eda eso de mal de muchos, consuelo de tontos\u2026 O de inmaduros<\/em>\u201d, explica.<\/p>\n<p>Llama la atenci\u00f3n c\u00f3mo este sentimiento, muy parecido a la envidia pero no exactamente igual, no encuentra una definici\u00f3n en otro lenguaje que no sea el alem\u00e1n. En la lengua de Goethe y en contextos cultos se usa el t\u00e9rmino <em>Schadenfreude<\/em> para describir ese regodeo o pizquita de gusto que sucede con las desgracias del vecino. Pero ojo, porque no se refiere solo al placer originado por el amigo que ha perdido su trabajo o por la compa\u00f1era guapa de la oficina a la que su marido ha dejado por otra. El t\u00e9rmino tambi\u00e9n se usa para definir lo que sentimos cuando, por ejemplo, pierde nuestro rival o contrincante de toda la vida jugando contra otro equipo, aunque sea una batalla que ni siquiera nos incumbe (como alegrarse por que pierda el Bar\u00e7a jugando contra cualquier equipo si somos del Madrid, o al rev\u00e9s). Y, por supuesto, tambi\u00e9n sucede en el \u00e1mbito de la competitividad empresarial y profesional, como cuando echan a ese jefe d\u00e9spota que se sent\u00eda superior.<\/p>\n<p><a href=\"https:\/\/seryhumano.com\/web\/?attachment_id=20649\" rel=\"attachment wp-att-20649\"><img loading=\"lazy\" decoding=\"async\" class=\"aligncenter size-full wp-image-20649\" src=\"https:\/\/seryhumano.com\/web\/wp-content\/uploads\/2015\/10\/caerse-e1445085925959.jpg\" alt=\"caerse\" width=\"500\" height=\"279\" \/><\/a><\/p>\n<p>La envidia tiene algo diferente desde el punto de vista psicoanal\u00edtico. Para empezar, es un sentimiento tan negativo y vergonzante que nos hace sufrir mucho, tal y como apunta el doctor y profesor de Psiquiatr\u00eda F\u00e9lix Larocca. Seg\u00fan el experto, es todo una cuesti\u00f3n de autoestima: \u201c<em>Aunque los atributos destacables y los logros excepcionales son los que atraen la envidia, la calidad y cantidad de esta reflejan los or\u00edgenes y el estado actual de la autoestima del envidioso<\/em>\u201d. As\u00ed, la envidia podr\u00eda definirse como el deseo por lo que tiene el otro, pero nosotros no. \u201c<em>Nos pone demasiado en contacto con nuestras sensaciones de inferioridad y por eso nos causa tanto malestar<\/em>\u201d, explica Larocca. En cambio, el placer por el infortunio ajeno viene a resolver una suerte de \u201c<em>situaci\u00f3n de indignidad o de peque\u00f1a venganza<\/em>\u201d por algo que, a nuestro entender, el otro en el fondo merita, explica este mismo autor.<\/p>\n<blockquote><p><span style=\"color: #333399;\">Cuando nos alegramos por el mal ajeno no necesariamente presentamos unos mecanismos de odio inconsciente tan claros como los hallados en la envidia<\/span><\/p><\/blockquote>\n<p>Se tratar\u00eda, pues, de una especie de sensaci\u00f3n de \u201c<em>se lo merece<\/em>\u201d, que nos llena por un lado, de satisfacci\u00f3n, pero por otro de culpa. El profesor de religi\u00f3n John Portmann, de la Universidad de Virginia, autor de <strong><em>When Bad Things Happen to Other People<\/em><\/strong> (Cuando las cosas malas les suceden a otros), indica a prop\u00f3sito de su obra que a los americanos \u00ab<em>les encanta subir a los dem\u00e1s a un pedestal para bajarlos despu\u00e9s<\/em>\u201d. Y parece que no son los \u00fanicos. Cuando nos alegramos por el mal ajeno no necesariamente presentamos unos mecanismos de \u201c<em>odio inconsciente<\/em>\u201d tan claros como los hallados en la envidia, pero s\u00ed que tiene en com\u00fan con esta el que exista una \u201c<em>proximidad afectiva, necesaria para que se desplieguen los mecanismo identificatorios con esa persona<\/em>\u201d, tal y como aclara la psic\u00f3loga madrile\u00f1a.<\/p>\n<p>Es precisamente la proyecci\u00f3n en el otro la que lleva a contemplar algunas diferencias entre sexos en este campo. As\u00ed, las mujeres celebran las desgracias o ausencia de suerte en otras mujeres, y los hombres en otros hombres. Ellas se resienten en una \u201c<em>dimensi\u00f3n de completud<\/em>\u201d, como indica Sieber Quijano. Es decir, viven esta pseudoenvidia en aspectos como la belleza, el \u00e9xito amoroso, la familia y los bienes materiales: en general, \u00ab<em>aquello que contribuye a dar a una mujer la apariencia de que lo tiene todo<\/em>\u00ab. Los hombres, por su parte, no llevar\u00e1n bien, explica, \u201c<em>temas como el \u00e9xito sexual con las mujeres, como primer eslab\u00f3n de la envidia, y en segundo lugar, los logros profesionales vinculados al dinero, al reconocimiento y al estatus social<\/em>\u201d.<\/p>\n<p><a href=\"https:\/\/seryhumano.com\/web\/?attachment_id=20651\" rel=\"attachment wp-att-20651\"><img loading=\"lazy\" decoding=\"async\" class=\"aligncenter size-full wp-image-20651\" src=\"https:\/\/seryhumano.com\/web\/wp-content\/uploads\/2015\/10\/re\u00edr-e1445086161491.jpeg\" alt=\"re\u00edr\" width=\"500\" height=\"500\" \/><\/a><\/p>\n<p>Para tranquilidad de todos se sabe que estos sentimientos dispares y contradictorios respecto a nuestros semejantes m\u00e1s queridos se forjan desde la infancia, y desde que somos beb\u00e9s. Ya con la propia madre generamos una postura \u201c<em>esquizo-paranoide<\/em>\u201d, que dec\u00eda la c\u00e9lebre psicoanalista Melanie Klein: la observamos como un objeto bueno que, por un lado nos abriga y alimenta, pero por otro lado, se desarrolla tambi\u00e9n una percepci\u00f3n m\u00e1s oscura sobre una falta de atenci\u00f3n que nos llena de frustraci\u00f3n. Y esa posici\u00f3n, a la espera de que \u201c<em>nos la jueguen<\/em>\u201d incluso nuestros seres queridos, al m\u00e1s puro estilo schadenfreude, la mantendremos a lo largo de toda la vida.<\/p>\n<p><strong>La culpa es del grupo\u00a0<\/strong><\/p>\n<blockquote><p><span style=\"color: #333399;\">La Teor\u00eda de la Identidad Social dice que, como integrantes de un grupo social, nos comparamos entre nosotros y tambi\u00e9n con otros grupos<\/span><\/p><\/blockquote>\n<p>Al igual que en los dem\u00e1s comportamientos humanos, tambi\u00e9n detr\u00e1s de la alegr\u00eda por el mal ajeno parecen existir razones de adaptaci\u00f3n social y, por tanto, de supervivencia. Algunos cient\u00edficos han relacionado el curioso fen\u00f3meno de la schadenfreude con las teor\u00edas de la comparaci\u00f3n social propuestas inicialmente por el psic\u00f3logo social Leon Festinger en los a\u00f1os 50, por las que supuestamente los individuos nos sentimos bajo presi\u00f3n respecto al grupo, y para medir nuestra val\u00eda y adecuaci\u00f3n tendemos a compararnos con la colectividad y hacemos lo que dicta la mayor\u00eda. Su colega Henri Tajfel fue un paso m\u00e1s all\u00e1 en la investigaci\u00f3n creando la <strong>Teor\u00eda de la Identidad Social<\/strong>, seg\u00fan la cual, como integrantes de un grupo social, nos comparamos entre nosotros y tambi\u00e9n con otros grupos. El soci\u00f3logo teoriz\u00f3 el modo en que compararnos con \u201c<em>estatus inferiores<\/em>\u201d nos hace sentir mejor en la medida en que nos crecemos en nuestra autoimagen positiva, al salir ganando en la comparaci\u00f3n. Por eso, cuando el otro pierde, se nos dibuja una peque\u00f1a sonrisa interior: al menos, usted no ha salido derrotado.<\/p>\n<p>seryhumano.com \/ Patricia Peyr\u00f3 Jim\u00e9nez<\/p>\n<p>Fuente: elpais.com<\/p>\n","protected":false},"excerpt":{"rendered":"<p>Quiz\u00e1s sea usted un inmaduro. O se sienta algo inferior. Pero este sentimiento, distinto al de la envidia, es una cosa com\u00fan No son necesariamente grandes males, sino m\u00e1s bien peque\u00f1as desgracias que le suceden a otro, pero lo cierto es que en ocasiones sentimos ciertas punzadas de satisfacci\u00f3n cuando los reveses de la vida&hellip;<\/p>\n","protected":false},"author":2,"featured_media":20644,"comment_status":"closed","ping_status":"closed","sticky":false,"template":"","format":"standard","meta":{"footnotes":""},"categories":[120],"tags":[143,199,198,172,170],"class_list":["post-20642","post","type-post","status-publish","format-standard","has-post-thumbnail","hentry","category-ser-saludable","tag-concepto-del-proyecto","tag-inteligencia-emocional","tag-psicologia","tag-salud","tag-sersaludable","category-120","description-off"],"yoast_head":"<!-- This site is optimized with the Yoast SEO plugin v25.4 - https:\/\/yoast.com\/wordpress\/plugins\/seo\/ -->\n<title>\u00bfTe alegra la desgracia ajena? \u00a1Eso no es de malas personas! &#187; SeryHumano.com<\/title>\n<meta name=\"robots\" content=\"index, follow, max-snippet:-1, max-image-preview:large, max-video-preview:-1\" \/>\n<link rel=\"canonical\" href=\"https:\/\/seryhumano.com\/web\/?p=20642\" \/>\n<meta property=\"og:locale\" content=\"es_ES\" \/>\n<meta property=\"og:type\" content=\"article\" \/>\n<meta property=\"og:title\" content=\"\u00bfTe alegra la desgracia ajena? \u00a1Eso no es de malas personas! &#187; SeryHumano.com\" \/>\n<meta property=\"og:description\" content=\"Quiz\u00e1s sea usted un inmaduro. O se sienta algo inferior. Pero este sentimiento, distinto al de la envidia, es una cosa com\u00fan No son necesariamente grandes males, sino m\u00e1s bien peque\u00f1as desgracias que le suceden a otro, pero lo cierto es que en ocasiones sentimos ciertas punzadas de satisfacci\u00f3n cuando los reveses de la vida&hellip;\" \/>\n<meta property=\"og:url\" content=\"https:\/\/seryhumano.com\/web\/?p=20642\" \/>\n<meta property=\"og:site_name\" content=\"SeryHumano.com\" \/>\n<meta property=\"article:publisher\" content=\"https:\/\/www.facebook.com\/seryhumano\/\" \/>\n<meta property=\"article:published_time\" content=\"2015-10-17T13:30:30+00:00\" \/>\n<meta property=\"og:image\" content=\"https:\/\/seryhumano.com\/web\/wp-content\/uploads\/2015\/10\/risas-e1445085074265.jpg\" \/>\n\t<meta property=\"og:image:width\" content=\"500\" \/>\n\t<meta property=\"og:image:height\" content=\"380\" \/>\n\t<meta property=\"og:image:type\" content=\"image\/jpeg\" \/>\n<meta name=\"author\" content=\"@herrera_yosmar\" \/>\n<meta name=\"twitter:card\" content=\"summary_large_image\" \/>\n<meta name=\"twitter:creator\" content=\"@SeryHumano\" \/>\n<meta name=\"twitter:site\" content=\"@SeryHumano\" \/>\n<meta name=\"twitter:label1\" content=\"Escrito por\" \/>\n\t<meta name=\"twitter:data1\" content=\"@herrera_yosmar\" \/>\n\t<meta name=\"twitter:label2\" content=\"Tiempo de lectura\" \/>\n\t<meta name=\"twitter:data2\" content=\"7 minutos\" \/>\n<script type=\"application\/ld+json\" class=\"yoast-schema-graph\">{\"@context\":\"https:\/\/schema.org\",\"@graph\":[{\"@type\":\"Article\",\"@id\":\"https:\/\/seryhumano.com\/web\/?p=20642#article\",\"isPartOf\":{\"@id\":\"https:\/\/seryhumano.com\/web\/?p=20642\"},\"author\":{\"name\":\"@herrera_yosmar\",\"@id\":\"https:\/\/seryhumano.com\/web\/#\/schema\/person\/fd30e8e0b394a62344b44d9b0fe75795\"},\"headline\":\"\u00bfTe alegra la desgracia ajena? \u00a1Eso no es de malas personas!\",\"datePublished\":\"2015-10-17T13:30:30+00:00\",\"mainEntityOfPage\":{\"@id\":\"https:\/\/seryhumano.com\/web\/?p=20642\"},\"wordCount\":1373,\"publisher\":{\"@id\":\"https:\/\/seryhumano.com\/web\/#organization\"},\"image\":{\"@id\":\"https:\/\/seryhumano.com\/web\/?p=20642#primaryimage\"},\"thumbnailUrl\":\"https:\/\/seryhumano.com\/web\/wp-content\/uploads\/2015\/10\/risas-e1445085074265.jpg\",\"keywords\":[\"Concepto del Proyecto\",\"inteligencia emocional\",\"Psicolog\u00eda\",\"salud\",\"SerSaludable\"],\"articleSection\":[\"Ser Saludable\"],\"inLanguage\":\"es\"},{\"@type\":\"WebPage\",\"@id\":\"https:\/\/seryhumano.com\/web\/?p=20642\",\"url\":\"https:\/\/seryhumano.com\/web\/?p=20642\",\"name\":\"\u00bfTe alegra la desgracia ajena? \u00a1Eso no es de malas personas! &#187; SeryHumano.com\",\"isPartOf\":{\"@id\":\"https:\/\/seryhumano.com\/web\/#website\"},\"primaryImageOfPage\":{\"@id\":\"https:\/\/seryhumano.com\/web\/?p=20642#primaryimage\"},\"image\":{\"@id\":\"https:\/\/seryhumano.com\/web\/?p=20642#primaryimage\"},\"thumbnailUrl\":\"https:\/\/seryhumano.com\/web\/wp-content\/uploads\/2015\/10\/risas-e1445085074265.jpg\",\"datePublished\":\"2015-10-17T13:30:30+00:00\",\"breadcrumb\":{\"@id\":\"https:\/\/seryhumano.com\/web\/?p=20642#breadcrumb\"},\"inLanguage\":\"es\",\"potentialAction\":[{\"@type\":\"ReadAction\",\"target\":[\"https:\/\/seryhumano.com\/web\/?p=20642\"]}]},{\"@type\":\"ImageObject\",\"inLanguage\":\"es\",\"@id\":\"https:\/\/seryhumano.com\/web\/?p=20642#primaryimage\",\"url\":\"https:\/\/seryhumano.com\/web\/wp-content\/uploads\/2015\/10\/risas-e1445085074265.jpg\",\"contentUrl\":\"https:\/\/seryhumano.com\/web\/wp-content\/uploads\/2015\/10\/risas-e1445085074265.jpg\",\"width\":500,\"height\":380},{\"@type\":\"BreadcrumbList\",\"@id\":\"https:\/\/seryhumano.com\/web\/?p=20642#breadcrumb\",\"itemListElement\":[{\"@type\":\"ListItem\",\"position\":1,\"name\":\"Portada\",\"item\":\"https:\/\/seryhumano.com\/web\/\"},{\"@type\":\"ListItem\",\"position\":2,\"name\":\"\u00bfTe alegra la desgracia ajena? \u00a1Eso no es de malas personas!\"}]},{\"@type\":\"WebSite\",\"@id\":\"https:\/\/seryhumano.com\/web\/#website\",\"url\":\"https:\/\/seryhumano.com\/web\/\",\"name\":\"SeryHumano.com\",\"description\":\"Revista digital muy humana, donde lo mas importante es el Ser...\",\"publisher\":{\"@id\":\"https:\/\/seryhumano.com\/web\/#organization\"},\"potentialAction\":[{\"@type\":\"SearchAction\",\"target\":{\"@type\":\"EntryPoint\",\"urlTemplate\":\"https:\/\/seryhumano.com\/web\/?s={search_term_string}\"},\"query-input\":{\"@type\":\"PropertyValueSpecification\",\"valueRequired\":true,\"valueName\":\"search_term_string\"}}],\"inLanguage\":\"es\"},{\"@type\":\"Organization\",\"@id\":\"https:\/\/seryhumano.com\/web\/#organization\",\"name\":\"SeryHumano.com\",\"url\":\"https:\/\/seryhumano.com\/web\/\",\"logo\":{\"@type\":\"ImageObject\",\"inLanguage\":\"es\",\"@id\":\"https:\/\/seryhumano.com\/web\/#\/schema\/logo\/image\/\",\"url\":\"https:\/\/seryhumano.com\/web\/wp-content\/uploads\/2020\/02\/JNe5VRwH_400x400-2.jpg\",\"contentUrl\":\"https:\/\/seryhumano.com\/web\/wp-content\/uploads\/2020\/02\/JNe5VRwH_400x400-2.jpg\",\"width\":400,\"height\":400,\"caption\":\"SeryHumano.com\"},\"image\":{\"@id\":\"https:\/\/seryhumano.com\/web\/#\/schema\/logo\/image\/\"},\"sameAs\":[\"https:\/\/www.facebook.com\/seryhumano\/\",\"https:\/\/x.com\/SeryHumano\",\"https:\/\/www.instagram.com\/seryhumano\/\",\"https:\/\/www.linkedin.com\/company\/seryhumano-com\/\",\"https:\/\/www.youtube.com\/channel\/UCYfgIGSxygVnJAW0e9ZBZWg\"]},{\"@type\":\"Person\",\"@id\":\"https:\/\/seryhumano.com\/web\/#\/schema\/person\/fd30e8e0b394a62344b44d9b0fe75795\",\"name\":\"@herrera_yosmar\",\"description\":\"Eterna enamorada de la vida, comunicadora, mam\u00e1 de tres\",\"sameAs\":[\"http:\/\/seryhumano.com\"],\"url\":\"https:\/\/seryhumano.com\/web\/?author=2\"}]}<\/script>\n<!-- \/ Yoast SEO plugin. -->","yoast_head_json":{"title":"\u00bfTe alegra la desgracia ajena? \u00a1Eso no es de malas personas! &#187; SeryHumano.com","robots":{"index":"index","follow":"follow","max-snippet":"max-snippet:-1","max-image-preview":"max-image-preview:large","max-video-preview":"max-video-preview:-1"},"canonical":"https:\/\/seryhumano.com\/web\/?p=20642","og_locale":"es_ES","og_type":"article","og_title":"\u00bfTe alegra la desgracia ajena? \u00a1Eso no es de malas personas! &#187; SeryHumano.com","og_description":"Quiz\u00e1s sea usted un inmaduro. O se sienta algo inferior. Pero este sentimiento, distinto al de la envidia, es una cosa com\u00fan No son necesariamente grandes males, sino m\u00e1s bien peque\u00f1as desgracias que le suceden a otro, pero lo cierto es que en ocasiones sentimos ciertas punzadas de satisfacci\u00f3n cuando los reveses de la vida&hellip;","og_url":"https:\/\/seryhumano.com\/web\/?p=20642","og_site_name":"SeryHumano.com","article_publisher":"https:\/\/www.facebook.com\/seryhumano\/","article_published_time":"2015-10-17T13:30:30+00:00","og_image":[{"width":500,"height":380,"url":"https:\/\/seryhumano.com\/web\/wp-content\/uploads\/2015\/10\/risas-e1445085074265.jpg","type":"image\/jpeg"}],"author":"@herrera_yosmar","twitter_card":"summary_large_image","twitter_creator":"@SeryHumano","twitter_site":"@SeryHumano","twitter_misc":{"Escrito por":"@herrera_yosmar","Tiempo de lectura":"7 minutos"},"schema":{"@context":"https:\/\/schema.org","@graph":[{"@type":"Article","@id":"https:\/\/seryhumano.com\/web\/?p=20642#article","isPartOf":{"@id":"https:\/\/seryhumano.com\/web\/?p=20642"},"author":{"name":"@herrera_yosmar","@id":"https:\/\/seryhumano.com\/web\/#\/schema\/person\/fd30e8e0b394a62344b44d9b0fe75795"},"headline":"\u00bfTe alegra la desgracia ajena? \u00a1Eso no es de malas personas!","datePublished":"2015-10-17T13:30:30+00:00","mainEntityOfPage":{"@id":"https:\/\/seryhumano.com\/web\/?p=20642"},"wordCount":1373,"publisher":{"@id":"https:\/\/seryhumano.com\/web\/#organization"},"image":{"@id":"https:\/\/seryhumano.com\/web\/?p=20642#primaryimage"},"thumbnailUrl":"https:\/\/seryhumano.com\/web\/wp-content\/uploads\/2015\/10\/risas-e1445085074265.jpg","keywords":["Concepto del Proyecto","inteligencia emocional","Psicolog\u00eda","salud","SerSaludable"],"articleSection":["Ser Saludable"],"inLanguage":"es"},{"@type":"WebPage","@id":"https:\/\/seryhumano.com\/web\/?p=20642","url":"https:\/\/seryhumano.com\/web\/?p=20642","name":"\u00bfTe alegra la desgracia ajena? \u00a1Eso no es de malas personas! &#187; SeryHumano.com","isPartOf":{"@id":"https:\/\/seryhumano.com\/web\/#website"},"primaryImageOfPage":{"@id":"https:\/\/seryhumano.com\/web\/?p=20642#primaryimage"},"image":{"@id":"https:\/\/seryhumano.com\/web\/?p=20642#primaryimage"},"thumbnailUrl":"https:\/\/seryhumano.com\/web\/wp-content\/uploads\/2015\/10\/risas-e1445085074265.jpg","datePublished":"2015-10-17T13:30:30+00:00","breadcrumb":{"@id":"https:\/\/seryhumano.com\/web\/?p=20642#breadcrumb"},"inLanguage":"es","potentialAction":[{"@type":"ReadAction","target":["https:\/\/seryhumano.com\/web\/?p=20642"]}]},{"@type":"ImageObject","inLanguage":"es","@id":"https:\/\/seryhumano.com\/web\/?p=20642#primaryimage","url":"https:\/\/seryhumano.com\/web\/wp-content\/uploads\/2015\/10\/risas-e1445085074265.jpg","contentUrl":"https:\/\/seryhumano.com\/web\/wp-content\/uploads\/2015\/10\/risas-e1445085074265.jpg","width":500,"height":380},{"@type":"BreadcrumbList","@id":"https:\/\/seryhumano.com\/web\/?p=20642#breadcrumb","itemListElement":[{"@type":"ListItem","position":1,"name":"Portada","item":"https:\/\/seryhumano.com\/web\/"},{"@type":"ListItem","position":2,"name":"\u00bfTe alegra la desgracia ajena? \u00a1Eso no es de malas personas!"}]},{"@type":"WebSite","@id":"https:\/\/seryhumano.com\/web\/#website","url":"https:\/\/seryhumano.com\/web\/","name":"SeryHumano.com","description":"Revista digital muy humana, donde lo mas importante es el Ser...","publisher":{"@id":"https:\/\/seryhumano.com\/web\/#organization"},"potentialAction":[{"@type":"SearchAction","target":{"@type":"EntryPoint","urlTemplate":"https:\/\/seryhumano.com\/web\/?s={search_term_string}"},"query-input":{"@type":"PropertyValueSpecification","valueRequired":true,"valueName":"search_term_string"}}],"inLanguage":"es"},{"@type":"Organization","@id":"https:\/\/seryhumano.com\/web\/#organization","name":"SeryHumano.com","url":"https:\/\/seryhumano.com\/web\/","logo":{"@type":"ImageObject","inLanguage":"es","@id":"https:\/\/seryhumano.com\/web\/#\/schema\/logo\/image\/","url":"https:\/\/seryhumano.com\/web\/wp-content\/uploads\/2020\/02\/JNe5VRwH_400x400-2.jpg","contentUrl":"https:\/\/seryhumano.com\/web\/wp-content\/uploads\/2020\/02\/JNe5VRwH_400x400-2.jpg","width":400,"height":400,"caption":"SeryHumano.com"},"image":{"@id":"https:\/\/seryhumano.com\/web\/#\/schema\/logo\/image\/"},"sameAs":["https:\/\/www.facebook.com\/seryhumano\/","https:\/\/x.com\/SeryHumano","https:\/\/www.instagram.com\/seryhumano\/","https:\/\/www.linkedin.com\/company\/seryhumano-com\/","https:\/\/www.youtube.com\/channel\/UCYfgIGSxygVnJAW0e9ZBZWg"]},{"@type":"Person","@id":"https:\/\/seryhumano.com\/web\/#\/schema\/person\/fd30e8e0b394a62344b44d9b0fe75795","name":"@herrera_yosmar","description":"Eterna enamorada de la vida, comunicadora, mam\u00e1 de tres","sameAs":["http:\/\/seryhumano.com"],"url":"https:\/\/seryhumano.com\/web\/?author=2"}]}},"_links":{"self":[{"href":"https:\/\/seryhumano.com\/web\/index.php?rest_route=\/wp\/v2\/posts\/20642","targetHints":{"allow":["GET"]}}],"collection":[{"href":"https:\/\/seryhumano.com\/web\/index.php?rest_route=\/wp\/v2\/posts"}],"about":[{"href":"https:\/\/seryhumano.com\/web\/index.php?rest_route=\/wp\/v2\/types\/post"}],"author":[{"embeddable":true,"href":"https:\/\/seryhumano.com\/web\/index.php?rest_route=\/wp\/v2\/users\/2"}],"replies":[{"embeddable":true,"href":"https:\/\/seryhumano.com\/web\/index.php?rest_route=%2Fwp%2Fv2%2Fcomments&post=20642"}],"version-history":[{"count":0,"href":"https:\/\/seryhumano.com\/web\/index.php?rest_route=\/wp\/v2\/posts\/20642\/revisions"}],"wp:featuredmedia":[{"embeddable":true,"href":"https:\/\/seryhumano.com\/web\/index.php?rest_route=\/wp\/v2\/media\/20644"}],"wp:attachment":[{"href":"https:\/\/seryhumano.com\/web\/index.php?rest_route=%2Fwp%2Fv2%2Fmedia&parent=20642"}],"wp:term":[{"taxonomy":"category","embeddable":true,"href":"https:\/\/seryhumano.com\/web\/index.php?rest_route=%2Fwp%2Fv2%2Fcategories&post=20642"},{"taxonomy":"post_tag","embeddable":true,"href":"https:\/\/seryhumano.com\/web\/index.php?rest_route=%2Fwp%2Fv2%2Ftags&post=20642"}],"curies":[{"name":"wp","href":"https:\/\/api.w.org\/{rel}","templated":true}]}}