{"id":2089,"date":"2012-12-22T22:59:13","date_gmt":"2012-12-23T03:29:13","guid":{"rendered":"https:\/\/seryhumano.com\/web\/?p=2089"},"modified":"2012-12-23T10:14:55","modified_gmt":"2012-12-23T14:44:55","slug":"los-mares-del-sur-manuel-vazquez-montalban","status":"publish","type":"post","link":"https:\/\/seryhumano.com\/web\/?p=2089","title":{"rendered":"Los mares del sur: Manuel V\u00e1zquez Montalb\u00e1n"},"content":{"rendered":"<p><a href=\"https:\/\/seryhumano.com\/web\/?attachment_id=2090\" rel=\"attachment wp-att-2090\"><img loading=\"lazy\" decoding=\"async\" class=\"alignleft size-thumbnail wp-image-2090\" alt=\"Tiempos de Franco\" src=\"https:\/\/seryhumano.com\/web\/wp-content\/uploads\/2012\/12\/Tiempos-de-Franco-150x150.jpg\" width=\"150\" height=\"150\" srcset=\"https:\/\/seryhumano.com\/web\/wp-content\/uploads\/2012\/12\/Tiempos-de-Franco-150x150.jpg 150w, https:\/\/seryhumano.com\/web\/wp-content\/uploads\/2012\/12\/Tiempos-de-Franco-50x50.jpg 50w\" sizes=\"auto, (max-width: 150px) 100vw, 150px\" \/><\/a>Barcelona, en v\u00edspera de las primeras elecciones municipales democr\u00e1ticas. La alta burgues\u00eda recupera su orgullo, en &lt;&lt;tiempos\u00a0 estos en que ser empresario parece una verg\u00fcenza&gt;&gt;, como dice uno de sus representantes.<\/p>\n<p>El investigador\u00a0 Pepe Carvalho, izquierdista sentimental, hedonista consumado, gastr\u00f3nomo compulsivo, lector insaciable y lleno de mala conciencia (quema los libros que ha le\u00eddo), sentencia a su vez: &lt;&lt;Los detectives privados somos los term\u00f3metros de la moral establecida&gt;&gt;. Y a\u00f1ade que &lt;&lt;esta sociedad est\u00e1 podrida. No cree en nada&gt;&gt;.<\/p>\n<p>Pero el empresario cuya muerte investiga, Carlos Stuart Pedrell, s\u00ed parec\u00eda creer en algo: quer\u00eda perderse en los mares del sur, como hab\u00eda hecho antes el pintor Gauguin.<a href=\"https:\/\/seryhumano.com\/web\/?attachment_id=2091\" rel=\"attachment wp-att-2091\"><img loading=\"lazy\" decoding=\"async\" class=\"alignright size-thumbnail wp-image-2091\" alt=\"los mares del sur 1\" src=\"https:\/\/seryhumano.com\/web\/wp-content\/uploads\/2012\/12\/los-mares-del-sur-1-150x150.jpg\" width=\"150\" height=\"150\" srcset=\"https:\/\/seryhumano.com\/web\/wp-content\/uploads\/2012\/12\/los-mares-del-sur-1-150x150.jpg 150w, https:\/\/seryhumano.com\/web\/wp-content\/uploads\/2012\/12\/los-mares-del-sur-1-50x50.jpg 50w\" sizes=\"auto, (max-width: 150px) 100vw, 150px\" \/><\/a><\/p>\n<p>La pesquisa de Carvalho, en busca de las razones de su muerte, le conducen al sofisticado mundo altoburgu\u00e9s, pero tambi\u00e9n al universo de los proletariados inmigrantes, porque el secreto de su muerte est\u00e1 en una de aquellas ciudades-dormitorio, San Mag\u00edn, que _ por paradoja del destino_ construy\u00f3 una empresa del asesinado:<\/p>\n<p><a href=\"https:\/\/seryhumano.com\/web\/?attachment_id=2092\" rel=\"attachment wp-att-2092\"><img loading=\"lazy\" decoding=\"async\" class=\"alignleft size-thumbnail wp-image-2092\" alt=\"Los mares del sur 2\" src=\"https:\/\/seryhumano.com\/web\/wp-content\/uploads\/2012\/12\/Los-mares-del-sur-2-150x150.jpg\" width=\"150\" height=\"150\" srcset=\"https:\/\/seryhumano.com\/web\/wp-content\/uploads\/2012\/12\/Los-mares-del-sur-2-150x150.jpg 150w, https:\/\/seryhumano.com\/web\/wp-content\/uploads\/2012\/12\/Los-mares-del-sur-2-50x50.jpg 50w\" sizes=\"auto, (max-width: 150px) 100vw, 150px\" \/><\/a>La novela es una de las mejores (si no la mejor) del ciclo de Carvalho, con numerosos gui\u00f1os a la mejor tradici\u00f3n del cine negro norteamericano y supone adem\u00e1s un retrato dif\u00edcilmente mejorable de la Barcelona del momento.<\/p>\n<p>seryhumano.com \/ Jos\u00e9 Carlos Mainer<\/p>\n","protected":false},"excerpt":{"rendered":"<p>Barcelona, en v\u00edspera de las primeras elecciones municipales democr\u00e1ticas. La alta burgues\u00eda recupera su orgullo, en &lt;&lt;tiempos\u00a0 estos en que ser empresario parece una verg\u00fcenza&gt;&gt;, como dice uno de sus representantes. El investigador\u00a0 Pepe Carvalho, izquierdista sentimental, hedonista consumado, gastr\u00f3nomo compulsivo, lector insaciable y lleno de mala conciencia (quema los libros que ha le\u00eddo), sentencia&hellip;<\/p>\n","protected":false},"author":2,"featured_media":2096,"comment_status":"closed","ping_status":"closed","sticky":false,"template":"","format":"standard","meta":{"footnotes":""},"categories":[118],"tags":[111],"class_list":["post-2089","post","type-post","status-publish","format-standard","has-post-thumbnail","hentry","category-un-instante-con-las-letras","tag-slider","category-118","description-off"],"yoast_head":"<!-- This site is optimized with the Yoast SEO plugin v25.4 - https:\/\/yoast.com\/wordpress\/plugins\/seo\/ -->\n<title>Los mares del sur: Manuel V\u00e1zquez Montalb\u00e1n &#187; SeryHumano.com<\/title>\n<meta name=\"robots\" content=\"index, follow, max-snippet:-1, max-image-preview:large, max-video-preview:-1\" \/>\n<link rel=\"canonical\" href=\"https:\/\/seryhumano.com\/web\/?p=2089\" \/>\n<meta property=\"og:locale\" content=\"es_ES\" \/>\n<meta property=\"og:type\" content=\"article\" \/>\n<meta property=\"og:title\" content=\"Los mares del sur: Manuel V\u00e1zquez Montalb\u00e1n &#187; SeryHumano.com\" \/>\n<meta property=\"og:description\" content=\"Barcelona, en v\u00edspera de las primeras elecciones municipales democr\u00e1ticas. La alta burgues\u00eda recupera su orgullo, en &lt;&lt;tiempos\u00a0 estos en que ser empresario parece una verg\u00fcenza&gt;&gt;, como dice uno de sus representantes. El investigador\u00a0 Pepe Carvalho, izquierdista sentimental, hedonista consumado, gastr\u00f3nomo compulsivo, lector insaciable y lleno de mala conciencia (quema los libros que ha le\u00eddo), sentencia&hellip;\" \/>\n<meta property=\"og:url\" content=\"https:\/\/seryhumano.com\/web\/?p=2089\" \/>\n<meta property=\"og:site_name\" content=\"SeryHumano.com\" \/>\n<meta property=\"article:publisher\" content=\"https:\/\/www.facebook.com\/seryhumano\/\" \/>\n<meta property=\"article:published_time\" content=\"2012-12-23T03:29:13+00:00\" \/>\n<meta property=\"article:modified_time\" content=\"2012-12-23T14:44:55+00:00\" \/>\n<meta property=\"og:image\" content=\"https:\/\/seryhumano.com\/web\/wp-content\/uploads\/2012\/12\/featureslider_playa.jpg\" \/>\n\t<meta property=\"og:image:width\" content=\"910\" \/>\n\t<meta property=\"og:image:height\" content=\"227\" \/>\n\t<meta property=\"og:image:type\" content=\"image\/jpeg\" \/>\n<meta name=\"author\" content=\"@herrera_yosmar\" \/>\n<meta name=\"twitter:card\" content=\"summary_large_image\" \/>\n<meta name=\"twitter:creator\" content=\"@SeryHumano\" \/>\n<meta name=\"twitter:site\" content=\"@SeryHumano\" \/>\n<meta name=\"twitter:label1\" content=\"Escrito por\" \/>\n\t<meta name=\"twitter:data1\" content=\"@herrera_yosmar\" \/>\n\t<meta name=\"twitter:label2\" content=\"Tiempo de lectura\" \/>\n\t<meta name=\"twitter:data2\" content=\"1 minuto\" \/>\n<script type=\"application\/ld+json\" class=\"yoast-schema-graph\">{\"@context\":\"https:\/\/schema.org\",\"@graph\":[{\"@type\":\"Article\",\"@id\":\"https:\/\/seryhumano.com\/web\/?p=2089#article\",\"isPartOf\":{\"@id\":\"https:\/\/seryhumano.com\/web\/?p=2089\"},\"author\":{\"name\":\"@herrera_yosmar\",\"@id\":\"https:\/\/seryhumano.com\/web\/#\/schema\/person\/fd30e8e0b394a62344b44d9b0fe75795\"},\"headline\":\"Los mares del sur: Manuel V\u00e1zquez Montalb\u00e1n\",\"datePublished\":\"2012-12-23T03:29:13+00:00\",\"dateModified\":\"2012-12-23T14:44:55+00:00\",\"mainEntityOfPage\":{\"@id\":\"https:\/\/seryhumano.com\/web\/?p=2089\"},\"wordCount\":239,\"publisher\":{\"@id\":\"https:\/\/seryhumano.com\/web\/#organization\"},\"image\":{\"@id\":\"https:\/\/seryhumano.com\/web\/?p=2089#primaryimage\"},\"thumbnailUrl\":\"https:\/\/seryhumano.com\/web\/wp-content\/uploads\/2012\/12\/featureslider_playa.jpg\",\"keywords\":[\"Slider\"],\"articleSection\":[\"Un Instante con las Letras\"],\"inLanguage\":\"es\"},{\"@type\":\"WebPage\",\"@id\":\"https:\/\/seryhumano.com\/web\/?p=2089\",\"url\":\"https:\/\/seryhumano.com\/web\/?p=2089\",\"name\":\"Los mares del sur: Manuel V\u00e1zquez Montalb\u00e1n &#187; SeryHumano.com\",\"isPartOf\":{\"@id\":\"https:\/\/seryhumano.com\/web\/#website\"},\"primaryImageOfPage\":{\"@id\":\"https:\/\/seryhumano.com\/web\/?p=2089#primaryimage\"},\"image\":{\"@id\":\"https:\/\/seryhumano.com\/web\/?p=2089#primaryimage\"},\"thumbnailUrl\":\"https:\/\/seryhumano.com\/web\/wp-content\/uploads\/2012\/12\/featureslider_playa.jpg\",\"datePublished\":\"2012-12-23T03:29:13+00:00\",\"dateModified\":\"2012-12-23T14:44:55+00:00\",\"breadcrumb\":{\"@id\":\"https:\/\/seryhumano.com\/web\/?p=2089#breadcrumb\"},\"inLanguage\":\"es\",\"potentialAction\":[{\"@type\":\"ReadAction\",\"target\":[\"https:\/\/seryhumano.com\/web\/?p=2089\"]}]},{\"@type\":\"ImageObject\",\"inLanguage\":\"es\",\"@id\":\"https:\/\/seryhumano.com\/web\/?p=2089#primaryimage\",\"url\":\"https:\/\/seryhumano.com\/web\/wp-content\/uploads\/2012\/12\/featureslider_playa.jpg\",\"contentUrl\":\"https:\/\/seryhumano.com\/web\/wp-content\/uploads\/2012\/12\/featureslider_playa.jpg\",\"width\":910,\"height\":227},{\"@type\":\"BreadcrumbList\",\"@id\":\"https:\/\/seryhumano.com\/web\/?p=2089#breadcrumb\",\"itemListElement\":[{\"@type\":\"ListItem\",\"position\":1,\"name\":\"Portada\",\"item\":\"https:\/\/seryhumano.com\/web\/\"},{\"@type\":\"ListItem\",\"position\":2,\"name\":\"Los mares del sur: Manuel V\u00e1zquez Montalb\u00e1n\"}]},{\"@type\":\"WebSite\",\"@id\":\"https:\/\/seryhumano.com\/web\/#website\",\"url\":\"https:\/\/seryhumano.com\/web\/\",\"name\":\"SeryHumano.com\",\"description\":\"Revista digital muy humana, donde lo mas importante es el Ser...\",\"publisher\":{\"@id\":\"https:\/\/seryhumano.com\/web\/#organization\"},\"potentialAction\":[{\"@type\":\"SearchAction\",\"target\":{\"@type\":\"EntryPoint\",\"urlTemplate\":\"https:\/\/seryhumano.com\/web\/?s={search_term_string}\"},\"query-input\":{\"@type\":\"PropertyValueSpecification\",\"valueRequired\":true,\"valueName\":\"search_term_string\"}}],\"inLanguage\":\"es\"},{\"@type\":\"Organization\",\"@id\":\"https:\/\/seryhumano.com\/web\/#organization\",\"name\":\"SeryHumano.com\",\"url\":\"https:\/\/seryhumano.com\/web\/\",\"logo\":{\"@type\":\"ImageObject\",\"inLanguage\":\"es\",\"@id\":\"https:\/\/seryhumano.com\/web\/#\/schema\/logo\/image\/\",\"url\":\"https:\/\/seryhumano.com\/web\/wp-content\/uploads\/2020\/02\/JNe5VRwH_400x400-2.jpg\",\"contentUrl\":\"https:\/\/seryhumano.com\/web\/wp-content\/uploads\/2020\/02\/JNe5VRwH_400x400-2.jpg\",\"width\":400,\"height\":400,\"caption\":\"SeryHumano.com\"},\"image\":{\"@id\":\"https:\/\/seryhumano.com\/web\/#\/schema\/logo\/image\/\"},\"sameAs\":[\"https:\/\/www.facebook.com\/seryhumano\/\",\"https:\/\/x.com\/SeryHumano\",\"https:\/\/www.instagram.com\/seryhumano\/\",\"https:\/\/www.linkedin.com\/company\/seryhumano-com\/\",\"https:\/\/www.youtube.com\/channel\/UCYfgIGSxygVnJAW0e9ZBZWg\"]},{\"@type\":\"Person\",\"@id\":\"https:\/\/seryhumano.com\/web\/#\/schema\/person\/fd30e8e0b394a62344b44d9b0fe75795\",\"name\":\"@herrera_yosmar\",\"description\":\"Eterna enamorada de la vida, comunicadora, mam\u00e1 de tres\",\"sameAs\":[\"http:\/\/seryhumano.com\"],\"url\":\"https:\/\/seryhumano.com\/web\/?author=2\"}]}<\/script>\n<!-- \/ Yoast SEO plugin. -->","yoast_head_json":{"title":"Los mares del sur: Manuel V\u00e1zquez Montalb\u00e1n &#187; SeryHumano.com","robots":{"index":"index","follow":"follow","max-snippet":"max-snippet:-1","max-image-preview":"max-image-preview:large","max-video-preview":"max-video-preview:-1"},"canonical":"https:\/\/seryhumano.com\/web\/?p=2089","og_locale":"es_ES","og_type":"article","og_title":"Los mares del sur: Manuel V\u00e1zquez Montalb\u00e1n &#187; SeryHumano.com","og_description":"Barcelona, en v\u00edspera de las primeras elecciones municipales democr\u00e1ticas. La alta burgues\u00eda recupera su orgullo, en &lt;&lt;tiempos\u00a0 estos en que ser empresario parece una verg\u00fcenza&gt;&gt;, como dice uno de sus representantes. El investigador\u00a0 Pepe Carvalho, izquierdista sentimental, hedonista consumado, gastr\u00f3nomo compulsivo, lector insaciable y lleno de mala conciencia (quema los libros que ha le\u00eddo), sentencia&hellip;","og_url":"https:\/\/seryhumano.com\/web\/?p=2089","og_site_name":"SeryHumano.com","article_publisher":"https:\/\/www.facebook.com\/seryhumano\/","article_published_time":"2012-12-23T03:29:13+00:00","article_modified_time":"2012-12-23T14:44:55+00:00","og_image":[{"width":910,"height":227,"url":"https:\/\/seryhumano.com\/web\/wp-content\/uploads\/2012\/12\/featureslider_playa.jpg","type":"image\/jpeg"}],"author":"@herrera_yosmar","twitter_card":"summary_large_image","twitter_creator":"@SeryHumano","twitter_site":"@SeryHumano","twitter_misc":{"Escrito por":"@herrera_yosmar","Tiempo de lectura":"1 minuto"},"schema":{"@context":"https:\/\/schema.org","@graph":[{"@type":"Article","@id":"https:\/\/seryhumano.com\/web\/?p=2089#article","isPartOf":{"@id":"https:\/\/seryhumano.com\/web\/?p=2089"},"author":{"name":"@herrera_yosmar","@id":"https:\/\/seryhumano.com\/web\/#\/schema\/person\/fd30e8e0b394a62344b44d9b0fe75795"},"headline":"Los mares del sur: Manuel V\u00e1zquez Montalb\u00e1n","datePublished":"2012-12-23T03:29:13+00:00","dateModified":"2012-12-23T14:44:55+00:00","mainEntityOfPage":{"@id":"https:\/\/seryhumano.com\/web\/?p=2089"},"wordCount":239,"publisher":{"@id":"https:\/\/seryhumano.com\/web\/#organization"},"image":{"@id":"https:\/\/seryhumano.com\/web\/?p=2089#primaryimage"},"thumbnailUrl":"https:\/\/seryhumano.com\/web\/wp-content\/uploads\/2012\/12\/featureslider_playa.jpg","keywords":["Slider"],"articleSection":["Un Instante con las Letras"],"inLanguage":"es"},{"@type":"WebPage","@id":"https:\/\/seryhumano.com\/web\/?p=2089","url":"https:\/\/seryhumano.com\/web\/?p=2089","name":"Los mares del sur: Manuel V\u00e1zquez Montalb\u00e1n &#187; SeryHumano.com","isPartOf":{"@id":"https:\/\/seryhumano.com\/web\/#website"},"primaryImageOfPage":{"@id":"https:\/\/seryhumano.com\/web\/?p=2089#primaryimage"},"image":{"@id":"https:\/\/seryhumano.com\/web\/?p=2089#primaryimage"},"thumbnailUrl":"https:\/\/seryhumano.com\/web\/wp-content\/uploads\/2012\/12\/featureslider_playa.jpg","datePublished":"2012-12-23T03:29:13+00:00","dateModified":"2012-12-23T14:44:55+00:00","breadcrumb":{"@id":"https:\/\/seryhumano.com\/web\/?p=2089#breadcrumb"},"inLanguage":"es","potentialAction":[{"@type":"ReadAction","target":["https:\/\/seryhumano.com\/web\/?p=2089"]}]},{"@type":"ImageObject","inLanguage":"es","@id":"https:\/\/seryhumano.com\/web\/?p=2089#primaryimage","url":"https:\/\/seryhumano.com\/web\/wp-content\/uploads\/2012\/12\/featureslider_playa.jpg","contentUrl":"https:\/\/seryhumano.com\/web\/wp-content\/uploads\/2012\/12\/featureslider_playa.jpg","width":910,"height":227},{"@type":"BreadcrumbList","@id":"https:\/\/seryhumano.com\/web\/?p=2089#breadcrumb","itemListElement":[{"@type":"ListItem","position":1,"name":"Portada","item":"https:\/\/seryhumano.com\/web\/"},{"@type":"ListItem","position":2,"name":"Los mares del sur: Manuel V\u00e1zquez Montalb\u00e1n"}]},{"@type":"WebSite","@id":"https:\/\/seryhumano.com\/web\/#website","url":"https:\/\/seryhumano.com\/web\/","name":"SeryHumano.com","description":"Revista digital muy humana, donde lo mas importante es el Ser...","publisher":{"@id":"https:\/\/seryhumano.com\/web\/#organization"},"potentialAction":[{"@type":"SearchAction","target":{"@type":"EntryPoint","urlTemplate":"https:\/\/seryhumano.com\/web\/?s={search_term_string}"},"query-input":{"@type":"PropertyValueSpecification","valueRequired":true,"valueName":"search_term_string"}}],"inLanguage":"es"},{"@type":"Organization","@id":"https:\/\/seryhumano.com\/web\/#organization","name":"SeryHumano.com","url":"https:\/\/seryhumano.com\/web\/","logo":{"@type":"ImageObject","inLanguage":"es","@id":"https:\/\/seryhumano.com\/web\/#\/schema\/logo\/image\/","url":"https:\/\/seryhumano.com\/web\/wp-content\/uploads\/2020\/02\/JNe5VRwH_400x400-2.jpg","contentUrl":"https:\/\/seryhumano.com\/web\/wp-content\/uploads\/2020\/02\/JNe5VRwH_400x400-2.jpg","width":400,"height":400,"caption":"SeryHumano.com"},"image":{"@id":"https:\/\/seryhumano.com\/web\/#\/schema\/logo\/image\/"},"sameAs":["https:\/\/www.facebook.com\/seryhumano\/","https:\/\/x.com\/SeryHumano","https:\/\/www.instagram.com\/seryhumano\/","https:\/\/www.linkedin.com\/company\/seryhumano-com\/","https:\/\/www.youtube.com\/channel\/UCYfgIGSxygVnJAW0e9ZBZWg"]},{"@type":"Person","@id":"https:\/\/seryhumano.com\/web\/#\/schema\/person\/fd30e8e0b394a62344b44d9b0fe75795","name":"@herrera_yosmar","description":"Eterna enamorada de la vida, comunicadora, mam\u00e1 de tres","sameAs":["http:\/\/seryhumano.com"],"url":"https:\/\/seryhumano.com\/web\/?author=2"}]}},"_links":{"self":[{"href":"https:\/\/seryhumano.com\/web\/index.php?rest_route=\/wp\/v2\/posts\/2089","targetHints":{"allow":["GET"]}}],"collection":[{"href":"https:\/\/seryhumano.com\/web\/index.php?rest_route=\/wp\/v2\/posts"}],"about":[{"href":"https:\/\/seryhumano.com\/web\/index.php?rest_route=\/wp\/v2\/types\/post"}],"author":[{"embeddable":true,"href":"https:\/\/seryhumano.com\/web\/index.php?rest_route=\/wp\/v2\/users\/2"}],"replies":[{"embeddable":true,"href":"https:\/\/seryhumano.com\/web\/index.php?rest_route=%2Fwp%2Fv2%2Fcomments&post=2089"}],"version-history":[{"count":0,"href":"https:\/\/seryhumano.com\/web\/index.php?rest_route=\/wp\/v2\/posts\/2089\/revisions"}],"wp:featuredmedia":[{"embeddable":true,"href":"https:\/\/seryhumano.com\/web\/index.php?rest_route=\/wp\/v2\/media\/2096"}],"wp:attachment":[{"href":"https:\/\/seryhumano.com\/web\/index.php?rest_route=%2Fwp%2Fv2%2Fmedia&parent=2089"}],"wp:term":[{"taxonomy":"category","embeddable":true,"href":"https:\/\/seryhumano.com\/web\/index.php?rest_route=%2Fwp%2Fv2%2Fcategories&post=2089"},{"taxonomy":"post_tag","embeddable":true,"href":"https:\/\/seryhumano.com\/web\/index.php?rest_route=%2Fwp%2Fv2%2Ftags&post=2089"}],"curies":[{"name":"wp","href":"https:\/\/api.w.org\/{rel}","templated":true}]}}